{"id":3010,"date":"2024-03-09T13:49:39","date_gmt":"2024-03-09T12:49:39","guid":{"rendered":"https:\/\/www.smedemokrati.sk\/?p=3010"},"modified":"2024-03-13T15:12:53","modified_gmt":"2024-03-13T14:12:53","slug":"eurokandidatka-demokratov-v-zapase-o-spravodlivost-bezpecnost-a-ochranu-demokracie-neustupime","status":"publish","type":"post","link":"https:\/\/www.smedemokrati.sk\/hu\/eurokandidatka-demokratov-v-zapase-o-spravodlivost-bezpecnost-a-ochranu-demokracie-neustupime\/","title":{"rendered":"Eurokandid\u00e1tka Demokratov: V z\u00e1pase o spravodlivos\u0165, bezpe\u010dnos\u0165 a ochranu demokracie neust\u00fapime."},"content":{"rendered":"<div id=\"fb-root\"><\/div>\n\n<p><em><strong>Demokrati id\u00fa do eurovolieb s jasn\u00fdmi posolstvami a siln\u00fdmi menami. Kandid\u00e1tka je postaven\u00e1 na troch z\u00e1kladn\u00fdch pilieroch: spravodlivos\u0165, bezpe\u010dnos\u0165 a ochrana demokracie. Tieto t\u00e9my zastupuj\u00fa nielen uzn\u00e1van\u00ed odborn\u00edci, ale aj osobnosti, ktor\u00fdch verejnos\u0165 pozn\u00e1 z prvej l\u00ednie boja za tieto k\u013e\u00fa\u010dov\u00e9 hodnoty. Demokrati z\u00e1rove\u0148 posielaj\u00fa do eurovolieb tak\u00fdch kandid\u00e1tov, ktor\u00ed poznaj\u00fa eur\u00f3pske \u0161trukt\u00fary, maj\u00fa vybudovan\u00e9 dobr\u00e9 kontakty a Slovensku vedia prinies\u0165 re\u00e1lne v\u00fdsledky.<\/strong><\/em><\/p>\n\n\n\n<p>Kandid\u00e1tku do eurovolieb povedie predseda strany a exminister obrany <strong>Jaroslav Na\u010f<\/strong>, ktor\u00fd hovor\u00ed, \u017ee Slovensko potrebuje v Eur\u00f3pskom parlamente zodpovedn\u00fa reprezent\u00e1ciu\u00a0a mor\u00e1lne a hodnotov\u00e9 l\u00edderstvo: <em>\u201eV zahrani\u010dnej politike sme boli v\u017edy nespochybnite\u013en\u00fd. Slovensko potrebuje na eur\u00f3pskej \u00farovni d\u00f4stojn\u00fa reprezent\u00e1ciu, odbornos\u0165 a sk\u00fasenos\u0165. To s\u00fa atrib\u00faty, ktor\u00e9 dnes ch\u00fdbaj\u00fa v n\u00e1rodnom parlamente a vid\u00edme, ak\u00e9 probl\u00e9my to sp\u00f4sobuje. Do Eur\u00f3pskeho parlamentu mus\u00ed \u00eds\u0165 Slovensko na istotu. Preto sme zostavili kandid\u00e1tku z mien, ktor\u00e9 s\u00fa z\u00e1rukou profesionality, maj\u00fa vynikaj\u00face kontakty v eur\u00f3pskych \u0161trukt\u00farach a verejnos\u0165 ich pozn\u00e1 ako odv\u00e1\u017enych ochrancov spravodlivosti, demokracie a na\u0161ej bezpe\u010dnosti.\u201d<\/em> Demokrati pova\u017euj\u00fa t\u00e9mu spravodlivosti za k\u013e\u00fa\u010dov\u00fa, na kandid\u00e1tke ju zastre\u0161uje b\u00fdval\u00fd policajn\u00fd prezident <strong>\u0160tefan Hamran<\/strong> a expert na pr\u00e1vo a spravodlivos\u0165 <strong>Juraj \u0160eliga<\/strong>. Siln\u00fdm mementom s\u00fa aj man\u017eelky dnes \u0161ikanovan\u00fdch slu\u0161n\u00fdch policajtov, krajsk\u00e1 predsedn\u00ed\u010dka strany v Tren\u010d\u00edne <strong>Nat\u00e1lia Svitkov\u00e1<\/strong> a odborn\u00ed\u010dka na eurofondy <strong>Jarmila Kotekov\u00e1<\/strong>, ktor\u00e9 s\u00fa navy\u0161e, ob\u010diansky mimoriadne akt\u00edvne.<\/p>\n\n\n\n<p>Pod\u013ea Demokratov je pre potreby dne\u0161nej Eur\u00f3py z\u00e1sadn\u00e9, aby sa v europarlamente stretla tak\u00e1 reprezent\u00e1cia, ktor\u00e1 vie jasne pomenova\u0165 hrozby a v\u00fdzvy, ktor\u00fdm spolu \u010delia. \u201cPozn\u00e1te n\u00e1s a viete, \u017ee my jednoducho neust\u00fapime. Neboj\u00edme sa jasne pomenova\u0165 nepriate\u013ea a na druhej strane pevne st\u00e1\u0165 za t\u00fdmi, ktor\u00ed to potrebuj\u00fa. Na\u0161a kandid\u00e1tka bola zostaven\u00e1 poctivo z \u013eud\u00ed, ktor\u00ed neurobia Slovensku hanbu a poviem to narovinu, nebud\u00fa Slovensko \u0165aha\u0165 od demokracie smerom k agres\u00edvnemu Rusku tak, ako to dnes rob\u00ed vl\u00e1dna klika.\u201d Povedal Na\u010f a dodal, \u017ee ho te\u0161\u00ed kandidat\u00fara Eduarda Hegera, ktor\u00fd m\u00e1 nespochybnite\u013en\u00fd kredit v zahrani\u010d\u00ed a bl\u00edzke kontakty medzi vysok\u00fdmi eur\u00f3pskymi predstavite\u013emi, ktor\u00e9 vedia by\u0165 v dobr\u00fdch ruk\u00e1ch u\u017eito\u010dn\u00fdm n\u00e1strojom pre dom\u00e1ce z\u00e1ujmy. Dod\u00e1va, \u017ee tento aspekt re\u00e1lne poc\u00edtili Slov\u00e1ci u\u017e za vl\u00e1dy pr\u00e1ve Hegera, a to v podobe pr\u00edchodu nov\u00fdch investorov \u010di nad\u0161tandardn\u00fdch vz\u0165ahov s partnermi, okolit\u00fdmi \u0161t\u00e1tmi a spojencami.<\/p>\n\n\n\n<p>Demokrati pon\u00fakaj\u00fa na zastupovanie Slovenska v najvy\u0161\u0161ej eur\u00f3pskej in\u0161tit\u00facii aj prim\u00e1rku ARO <strong>Andreu Letanovsk\u00fa<\/strong> a uzn\u00e1van\u00e9ho experta na \u017eivotn\u00e9 prostredie <strong>Michala Ki\u010du<\/strong>. Pozvanie na kandid\u00e1tku prijal aj expert na dane a odvody, europoslanec <strong>Jozef Mih\u00e1l<\/strong> a ekon\u00f3m <strong>Tom\u00e1\u0161 Merav\u00fd<\/strong>. Ot\u00e1zky zdravotne znev\u00fdhodnen\u00fdch a soci\u00e1lne t\u00e9my chce reprezentova\u0165 u\u017e sk\u00fasen\u00e1 europoslanky\u0148a <strong>Jana \u017dit\u0148ansk\u00e1<\/strong>. Kult\u00farne ot\u00e1zky a oblas\u0165 m\u00e9di\u00ed zastupuje <strong>Dorota Nvotov\u00e1<\/strong> a <strong>Kristi\u00e1n \u010cekovsk\u00fd<\/strong> a t\u00e9my slovenskej komun\u00e1lnej politiky chce do Eur\u00f3pskeho parlamentu prinies\u0165 <strong>Michal Drotov\u00e1n<\/strong>, starosta mestskej \u010dasti Bratislava-Ra\u010da. Spolu s Jaroslavom Na\u010fom sa t\u00e9mam bezpe\u010dnosti, obrane a zahrani\u010dn\u00e9mu dianiu venuje analyti\u010dka <strong>Monika Podhor\u00e1ny Masarikov\u00e1<\/strong>.\u00a0<\/p>\n\n\n\n<p><a href=\"https:\/\/www.smedemokrati.sk\/kandidati-do-europskeho-parlamentu\/\">Kandid\u00e1tka do Eurovolieb<\/a>, Demokrati:<\/p>\n\n\n\n<ol class=\"wp-block-list\">\n<li>Jaroslav Na\u010f<\/li>\n\n\n\n<li>\u0160tefan Hamran<\/li>\n\n\n\n<li>Jana \u017dit\u0148ansk\u00e1<\/li>\n\n\n\n<li>Juraj \u0160eliga<\/li>\n\n\n\n<li>Monika Podhor\u00e1ny Masarikov\u00e1<\/li>\n\n\n\n<li>Michal Ki\u010da<\/li>\n\n\n\n<li>Andrea Letanovsk\u00e1<\/li>\n\n\n\n<li>Dorota Nvotov\u00e1<\/li>\n\n\n\n<li>Tom\u00e1\u0161 Merav\u00fd<\/li>\n\n\n\n<li>Nat\u00e1lia Svitkov\u00e1<\/li>\n\n\n\n<li>Jarmila Kotekov\u00e1<\/li>\n\n\n\n<li>Michal Drotov\u00e1n<\/li>\n\n\n\n<li>Kristi\u00e1n \u010cekovsk\u00fd<\/li>\n\n\n\n<li>Jozef Mih\u00e1l<\/li>\n\n\n\n<li>Eduard Heger<\/li>\n<\/ol>\n\n\n\n<figure class=\"wp-block-image size-large is-resized\"><img decoding=\"async\" width=\"1024\" height=\"503\" src=\"https:\/\/www.smedemokrati.sk\/wp-content\/uploads\/2024\/03\/kandidati-eurovolby-2024-e1709982631461-1024x503.jpg\" alt=\"\" class=\"wp-image-3007\" style=\"width:833px;height:auto\" srcset=\"https:\/\/www.smedemokrati.sk\/wp-content\/uploads\/2024\/03\/kandidati-eurovolby-2024-e1709982631461-1024x503.jpg 1024w, https:\/\/www.smedemokrati.sk\/wp-content\/uploads\/2024\/03\/kandidati-eurovolby-2024-e1709982631461-300x148.jpg 300w, https:\/\/www.smedemokrati.sk\/wp-content\/uploads\/2024\/03\/kandidati-eurovolby-2024-e1709982631461-768x378.jpg 768w, https:\/\/www.smedemokrati.sk\/wp-content\/uploads\/2024\/03\/kandidati-eurovolby-2024-e1709982631461.jpg 1200w\" sizes=\"(max-width: 1024px) 100vw, 1024px\" \/><\/figure>\n","protected":false},"excerpt":{"rendered":"<p>Demokrati id\u00fa do eurovolieb s jasn\u00fdmi posolstvami a siln\u00fdmi menami. Kandid\u00e1tka je postaven\u00e1 na troch z\u00e1kladn\u00fdch pilieroch: spravodlivos\u0165, bezpe\u010dnos\u0165 a ochrana demokracie. Tieto t\u00e9my zastupuj\u00fa nielen uzn\u00e1van\u00ed odborn\u00edci, ale aj osobnosti, ktor\u00fdch verejnos\u0165 pozn\u00e1 z prvej l\u00ednie boja za tieto k\u013e\u00fa\u010dov\u00e9 hodnoty. Demokrati z\u00e1rove\u0148 posielaj\u00fa do eurovolieb tak\u00fdch kandid\u00e1tov, ktor\u00ed poznaj\u00fa eur\u00f3pske \u0161trukt\u00fary, maj\u00fa vybudovan\u00e9 [&hellip;]<\/p>\n","protected":false},"author":13,"featured_media":3007,"comment_status":"closed","ping_status":"closed","sticky":false,"template":"","format":"standard","meta":{"_acf_changed":false,"ngg_post_thumbnail":0,"footnotes":""},"categories":[4],"tags":[],"class_list":["post-3010","post","type-post","status-publish","format-standard","has-post-thumbnail","hentry","category-tlacove-spravy"],"acf":[],"yoast_head":"<!-- This site is optimized with the Yoast SEO plugin v27.2 - https:\/\/yoast.com\/product\/yoast-seo-wordpress\/ -->\n<title>Eurokandid\u00e1tka Demokratov: V z\u00e1pase o spravodlivos\u0165, bezpe\u010dnos\u0165 a ochranu demokracie neust\u00fapime. - Smedemokrati.sk<\/title>\n<meta name=\"robots\" content=\"index, follow, max-snippet:-1, max-image-preview:large, max-video-preview:-1\" \/>\n<link rel=\"canonical\" href=\"https:\/\/www.smedemokrati.sk\/hu\/eurokandidatka-demokratov-v-zapase-o-spravodlivost-bezpecnost-a-ochranu-demokracie-neustupime\/\" \/>\n<meta property=\"og:locale\" content=\"hu_HU\" \/>\n<meta property=\"og:locale:alternate\" content=\"en_US\" \/>\n<meta property=\"og:locale:alternate\" content=\"cs_CZ\" \/>\n<meta property=\"og:locale:alternate\" content=\"sk_SK\" \/>\n<meta property=\"og:locale:alternate\" content=\"sv_SE\" \/>\n<meta property=\"og:type\" content=\"article\" \/>\n<meta property=\"og:title\" content=\"Eurokandid\u00e1tka Demokratov: V z\u00e1pase o spravodlivos\u0165, bezpe\u010dnos\u0165 a ochranu demokracie neust\u00fapime. - Smedemokrati.sk\" \/>\n<meta property=\"og:description\" content=\"Demokrati id\u00fa do eurovolieb s jasn\u00fdmi posolstvami a siln\u00fdmi menami. Kandid\u00e1tka je postaven\u00e1 na troch z\u00e1kladn\u00fdch pilieroch: spravodlivos\u0165, bezpe\u010dnos\u0165 a ochrana demokracie. Tieto t\u00e9my zastupuj\u00fa nielen uzn\u00e1van\u00ed odborn\u00edci, ale aj osobnosti, ktor\u00fdch verejnos\u0165 pozn\u00e1 z prvej l\u00ednie boja za tieto k\u013e\u00fa\u010dov\u00e9 hodnoty. Demokrati z\u00e1rove\u0148 posielaj\u00fa do eurovolieb tak\u00fdch kandid\u00e1tov, ktor\u00ed poznaj\u00fa eur\u00f3pske \u0161trukt\u00fary, maj\u00fa vybudovan\u00e9 [&hellip;]\" \/>\n<meta property=\"og:url\" content=\"https:\/\/www.smedemokrati.sk\/hu\/eurokandidatka-demokratov-v-zapase-o-spravodlivost-bezpecnost-a-ochranu-demokracie-neustupime\/\" \/>\n<meta property=\"og:site_name\" content=\"Smedemokrati.sk\" \/>\n<meta property=\"article:publisher\" content=\"https:\/\/www.facebook.com\/smedemokrati2023\" \/>\n<meta property=\"article:published_time\" content=\"2024-03-09T12:49:39+00:00\" \/>\n<meta property=\"article:modified_time\" content=\"2024-03-13T14:12:53+00:00\" \/>\n<meta property=\"og:image\" content=\"https:\/\/www.smedemokrati.sk\/wp-content\/uploads\/2024\/03\/kandidati-eurovolby-2024-e1709982631461.jpg\" \/>\n\t<meta property=\"og:image:width\" content=\"1200\" \/>\n\t<meta property=\"og:image:height\" content=\"590\" \/>\n\t<meta property=\"og:image:type\" content=\"image\/jpeg\" \/>\n<meta name=\"author\" content=\"miro.sopko\" \/>\n<meta name=\"twitter:card\" content=\"summary_large_image\" \/>\n<meta name=\"twitter:label1\" content=\"Szerz\u0151:\" \/>\n\t<meta name=\"twitter:data1\" content=\"miro.sopko\" \/>\n\t<meta name=\"twitter:label2\" content=\"Becs\u00fclt olvas\u00e1si id\u0151\" \/>\n\t<meta name=\"twitter:data2\" content=\"3 perc\" \/>\n<script type=\"application\/ld+json\" class=\"yoast-schema-graph\">{\"@context\":\"https:\/\/schema.org\",\"@graph\":[{\"@type\":\"Article\",\"@id\":\"https:\/\/www.smedemokrati.sk\/eurokandidatka-demokratov-v-zapase-o-spravodlivost-bezpecnost-a-ochranu-demokracie-neustupime\/#article\",\"isPartOf\":{\"@id\":\"https:\/\/www.smedemokrati.sk\/eurokandidatka-demokratov-v-zapase-o-spravodlivost-bezpecnost-a-ochranu-demokracie-neustupime\/\"},\"author\":{\"name\":\"miro.sopko\",\"@id\":\"https:\/\/www.smedemokrati.sk\/#\/schema\/person\/21f147c88d605aa7ded900e1e7c344ba\"},\"headline\":\"Eurokandid\u00e1tka Demokratov: V z\u00e1pase o spravodlivos\u0165, bezpe\u010dnos\u0165 a ochranu demokracie neust\u00fapime.\",\"datePublished\":\"2024-03-09T12:49:39+00:00\",\"dateModified\":\"2024-03-13T14:12:53+00:00\",\"mainEntityOfPage\":{\"@id\":\"https:\/\/www.smedemokrati.sk\/eurokandidatka-demokratov-v-zapase-o-spravodlivost-bezpecnost-a-ochranu-demokracie-neustupime\/\"},\"wordCount\":648,\"publisher\":{\"@id\":\"https:\/\/www.smedemokrati.sk\/#organization\"},\"image\":{\"@id\":\"https:\/\/www.smedemokrati.sk\/eurokandidatka-demokratov-v-zapase-o-spravodlivost-bezpecnost-a-ochranu-demokracie-neustupime\/#primaryimage\"},\"thumbnailUrl\":\"https:\/\/www.smedemokrati.sk\/wp-content\/uploads\/2024\/03\/kandidati-eurovolby-2024-e1709982631461.jpg\",\"articleSection\":[\"Tla\u010dov\u00e9 spr\u00e1vy\"],\"inLanguage\":\"hu-HU\"},{\"@type\":\"WebPage\",\"@id\":\"https:\/\/www.smedemokrati.sk\/eurokandidatka-demokratov-v-zapase-o-spravodlivost-bezpecnost-a-ochranu-demokracie-neustupime\/\",\"url\":\"https:\/\/www.smedemokrati.sk\/eurokandidatka-demokratov-v-zapase-o-spravodlivost-bezpecnost-a-ochranu-demokracie-neustupime\/\",\"name\":\"Eurokandid\u00e1tka Demokratov: V z\u00e1pase o spravodlivos\u0165, bezpe\u010dnos\u0165 a ochranu demokracie neust\u00fapime. - Smedemokrati.sk\",\"isPartOf\":{\"@id\":\"https:\/\/www.smedemokrati.sk\/#website\"},\"primaryImageOfPage\":{\"@id\":\"https:\/\/www.smedemokrati.sk\/eurokandidatka-demokratov-v-zapase-o-spravodlivost-bezpecnost-a-ochranu-demokracie-neustupime\/#primaryimage\"},\"image\":{\"@id\":\"https:\/\/www.smedemokrati.sk\/eurokandidatka-demokratov-v-zapase-o-spravodlivost-bezpecnost-a-ochranu-demokracie-neustupime\/#primaryimage\"},\"thumbnailUrl\":\"https:\/\/www.smedemokrati.sk\/wp-content\/uploads\/2024\/03\/kandidati-eurovolby-2024-e1709982631461.jpg\",\"datePublished\":\"2024-03-09T12:49:39+00:00\",\"dateModified\":\"2024-03-13T14:12:53+00:00\",\"breadcrumb\":{\"@id\":\"https:\/\/www.smedemokrati.sk\/eurokandidatka-demokratov-v-zapase-o-spravodlivost-bezpecnost-a-ochranu-demokracie-neustupime\/#breadcrumb\"},\"inLanguage\":\"hu-HU\",\"potentialAction\":[{\"@type\":\"ReadAction\",\"target\":[\"https:\/\/www.smedemokrati.sk\/eurokandidatka-demokratov-v-zapase-o-spravodlivost-bezpecnost-a-ochranu-demokracie-neustupime\/\"]}]},{\"@type\":\"ImageObject\",\"inLanguage\":\"hu-HU\",\"@id\":\"https:\/\/www.smedemokrati.sk\/eurokandidatka-demokratov-v-zapase-o-spravodlivost-bezpecnost-a-ochranu-demokracie-neustupime\/#primaryimage\",\"url\":\"https:\/\/www.smedemokrati.sk\/wp-content\/uploads\/2024\/03\/kandidati-eurovolby-2024-e1709982631461.jpg\",\"contentUrl\":\"https:\/\/www.smedemokrati.sk\/wp-content\/uploads\/2024\/03\/kandidati-eurovolby-2024-e1709982631461.jpg\",\"width\":1200,\"height\":590},{\"@type\":\"BreadcrumbList\",\"@id\":\"https:\/\/www.smedemokrati.sk\/eurokandidatka-demokratov-v-zapase-o-spravodlivost-bezpecnost-a-ochranu-demokracie-neustupime\/#breadcrumb\",\"itemListElement\":[{\"@type\":\"ListItem\",\"position\":1,\"name\":\"Domovsk\u00e1 str\u00e1nka\",\"item\":\"https:\/\/www.smedemokrati.sk\/\"},{\"@type\":\"ListItem\",\"position\":2,\"name\":\"Eurokandid\u00e1tka Demokratov: V z\u00e1pase o spravodlivos\u0165, bezpe\u010dnos\u0165 a ochranu demokracie neust\u00fapime.\"}]},{\"@type\":\"WebSite\",\"@id\":\"https:\/\/www.smedemokrati.sk\/#website\",\"url\":\"https:\/\/www.smedemokrati.sk\/\",\"name\":\"Smedemokrati.sk\",\"description\":\"Demokracia a slu\u0161nos\u0165 zv\u00ed\u0165az\u00ed\",\"publisher\":{\"@id\":\"https:\/\/www.smedemokrati.sk\/#organization\"},\"potentialAction\":[{\"@type\":\"SearchAction\",\"target\":{\"@type\":\"EntryPoint\",\"urlTemplate\":\"https:\/\/www.smedemokrati.sk\/?s={search_term_string}\"},\"query-input\":{\"@type\":\"PropertyValueSpecification\",\"valueRequired\":true,\"valueName\":\"search_term_string\"}}],\"inLanguage\":\"hu-HU\"},{\"@type\":\"Organization\",\"@id\":\"https:\/\/www.smedemokrati.sk\/#organization\",\"name\":\"Smedemokrati.sk\",\"url\":\"https:\/\/www.smedemokrati.sk\/\",\"logo\":{\"@type\":\"ImageObject\",\"inLanguage\":\"hu-HU\",\"@id\":\"https:\/\/www.smedemokrati.sk\/#\/schema\/logo\/image\/\",\"url\":\"https:\/\/www.smedemokrati.sk\/wp-content\/uploads\/2023\/04\/ff.002.jpeg\",\"contentUrl\":\"https:\/\/www.smedemokrati.sk\/wp-content\/uploads\/2023\/04\/ff.002.jpeg\",\"width\":640,\"height\":480,\"caption\":\"Smedemokrati.sk\"},\"image\":{\"@id\":\"https:\/\/www.smedemokrati.sk\/#\/schema\/logo\/image\/\"},\"sameAs\":[\"https:\/\/www.facebook.com\/smedemokrati2023\"]},{\"@type\":\"Person\",\"@id\":\"https:\/\/www.smedemokrati.sk\/#\/schema\/person\/21f147c88d605aa7ded900e1e7c344ba\",\"name\":\"miro.sopko\",\"image\":{\"@type\":\"ImageObject\",\"inLanguage\":\"hu-HU\",\"@id\":\"https:\/\/secure.gravatar.com\/avatar\/267e4a36f704376c109afe3a78740c1f5dd8675a2180a908699e7863c9247606?s=96&d=mm&r=g\",\"url\":\"https:\/\/secure.gravatar.com\/avatar\/267e4a36f704376c109afe3a78740c1f5dd8675a2180a908699e7863c9247606?s=96&d=mm&r=g\",\"contentUrl\":\"https:\/\/secure.gravatar.com\/avatar\/267e4a36f704376c109afe3a78740c1f5dd8675a2180a908699e7863c9247606?s=96&d=mm&r=g\",\"caption\":\"miro.sopko\"},\"url\":\"https:\/\/www.smedemokrati.sk\/hu\/author\/miro-sopko\/\"}]}<\/script>\n<!-- \/ Yoast SEO plugin. -->","yoast_head_json":{"title":"Eurokandid\u00e1tka Demokratov: V z\u00e1pase o spravodlivos\u0165, bezpe\u010dnos\u0165 a ochranu demokracie neust\u00fapime. - Smedemokrati.sk","robots":{"index":"index","follow":"follow","max-snippet":"max-snippet:-1","max-image-preview":"max-image-preview:large","max-video-preview":"max-video-preview:-1"},"canonical":"https:\/\/www.smedemokrati.sk\/hu\/eurokandidatka-demokratov-v-zapase-o-spravodlivost-bezpecnost-a-ochranu-demokracie-neustupime\/","og_locale":"hu_HU","og_type":"article","og_title":"Eurokandid\u00e1tka Demokratov: V z\u00e1pase o spravodlivos\u0165, bezpe\u010dnos\u0165 a ochranu demokracie neust\u00fapime. - Smedemokrati.sk","og_description":"Demokrati id\u00fa do eurovolieb s jasn\u00fdmi posolstvami a siln\u00fdmi menami. Kandid\u00e1tka je postaven\u00e1 na troch z\u00e1kladn\u00fdch pilieroch: spravodlivos\u0165, bezpe\u010dnos\u0165 a ochrana demokracie. Tieto t\u00e9my zastupuj\u00fa nielen uzn\u00e1van\u00ed odborn\u00edci, ale aj osobnosti, ktor\u00fdch verejnos\u0165 pozn\u00e1 z prvej l\u00ednie boja za tieto k\u013e\u00fa\u010dov\u00e9 hodnoty. Demokrati z\u00e1rove\u0148 posielaj\u00fa do eurovolieb tak\u00fdch kandid\u00e1tov, ktor\u00ed poznaj\u00fa eur\u00f3pske \u0161trukt\u00fary, maj\u00fa vybudovan\u00e9 [&hellip;]","og_url":"https:\/\/www.smedemokrati.sk\/hu\/eurokandidatka-demokratov-v-zapase-o-spravodlivost-bezpecnost-a-ochranu-demokracie-neustupime\/","og_site_name":"Smedemokrati.sk","article_publisher":"https:\/\/www.facebook.com\/smedemokrati2023","article_published_time":"2024-03-09T12:49:39+00:00","article_modified_time":"2024-03-13T14:12:53+00:00","og_image":[{"width":1200,"height":590,"url":"https:\/\/www.smedemokrati.sk\/wp-content\/uploads\/2024\/03\/kandidati-eurovolby-2024-e1709982631461.jpg","type":"image\/jpeg"}],"author":"miro.sopko","twitter_card":"summary_large_image","twitter_misc":{"Szerz\u0151:":"miro.sopko","Becs\u00fclt olvas\u00e1si id\u0151":"3 perc"},"schema":{"@context":"https:\/\/schema.org","@graph":[{"@type":"Article","@id":"https:\/\/www.smedemokrati.sk\/eurokandidatka-demokratov-v-zapase-o-spravodlivost-bezpecnost-a-ochranu-demokracie-neustupime\/#article","isPartOf":{"@id":"https:\/\/www.smedemokrati.sk\/eurokandidatka-demokratov-v-zapase-o-spravodlivost-bezpecnost-a-ochranu-demokracie-neustupime\/"},"author":{"name":"miro.sopko","@id":"https:\/\/www.smedemokrati.sk\/#\/schema\/person\/21f147c88d605aa7ded900e1e7c344ba"},"headline":"Eurokandid\u00e1tka Demokratov: V z\u00e1pase o spravodlivos\u0165, bezpe\u010dnos\u0165 a ochranu demokracie neust\u00fapime.","datePublished":"2024-03-09T12:49:39+00:00","dateModified":"2024-03-13T14:12:53+00:00","mainEntityOfPage":{"@id":"https:\/\/www.smedemokrati.sk\/eurokandidatka-demokratov-v-zapase-o-spravodlivost-bezpecnost-a-ochranu-demokracie-neustupime\/"},"wordCount":648,"publisher":{"@id":"https:\/\/www.smedemokrati.sk\/#organization"},"image":{"@id":"https:\/\/www.smedemokrati.sk\/eurokandidatka-demokratov-v-zapase-o-spravodlivost-bezpecnost-a-ochranu-demokracie-neustupime\/#primaryimage"},"thumbnailUrl":"https:\/\/www.smedemokrati.sk\/wp-content\/uploads\/2024\/03\/kandidati-eurovolby-2024-e1709982631461.jpg","articleSection":["Tla\u010dov\u00e9 spr\u00e1vy"],"inLanguage":"hu-HU"},{"@type":"WebPage","@id":"https:\/\/www.smedemokrati.sk\/eurokandidatka-demokratov-v-zapase-o-spravodlivost-bezpecnost-a-ochranu-demokracie-neustupime\/","url":"https:\/\/www.smedemokrati.sk\/eurokandidatka-demokratov-v-zapase-o-spravodlivost-bezpecnost-a-ochranu-demokracie-neustupime\/","name":"Eurokandid\u00e1tka Demokratov: V z\u00e1pase o spravodlivos\u0165, bezpe\u010dnos\u0165 a ochranu demokracie neust\u00fapime. - Smedemokrati.sk","isPartOf":{"@id":"https:\/\/www.smedemokrati.sk\/#website"},"primaryImageOfPage":{"@id":"https:\/\/www.smedemokrati.sk\/eurokandidatka-demokratov-v-zapase-o-spravodlivost-bezpecnost-a-ochranu-demokracie-neustupime\/#primaryimage"},"image":{"@id":"https:\/\/www.smedemokrati.sk\/eurokandidatka-demokratov-v-zapase-o-spravodlivost-bezpecnost-a-ochranu-demokracie-neustupime\/#primaryimage"},"thumbnailUrl":"https:\/\/www.smedemokrati.sk\/wp-content\/uploads\/2024\/03\/kandidati-eurovolby-2024-e1709982631461.jpg","datePublished":"2024-03-09T12:49:39+00:00","dateModified":"2024-03-13T14:12:53+00:00","breadcrumb":{"@id":"https:\/\/www.smedemokrati.sk\/eurokandidatka-demokratov-v-zapase-o-spravodlivost-bezpecnost-a-ochranu-demokracie-neustupime\/#breadcrumb"},"inLanguage":"hu-HU","potentialAction":[{"@type":"ReadAction","target":["https:\/\/www.smedemokrati.sk\/eurokandidatka-demokratov-v-zapase-o-spravodlivost-bezpecnost-a-ochranu-demokracie-neustupime\/"]}]},{"@type":"ImageObject","inLanguage":"hu-HU","@id":"https:\/\/www.smedemokrati.sk\/eurokandidatka-demokratov-v-zapase-o-spravodlivost-bezpecnost-a-ochranu-demokracie-neustupime\/#primaryimage","url":"https:\/\/www.smedemokrati.sk\/wp-content\/uploads\/2024\/03\/kandidati-eurovolby-2024-e1709982631461.jpg","contentUrl":"https:\/\/www.smedemokrati.sk\/wp-content\/uploads\/2024\/03\/kandidati-eurovolby-2024-e1709982631461.jpg","width":1200,"height":590},{"@type":"BreadcrumbList","@id":"https:\/\/www.smedemokrati.sk\/eurokandidatka-demokratov-v-zapase-o-spravodlivost-bezpecnost-a-ochranu-demokracie-neustupime\/#breadcrumb","itemListElement":[{"@type":"ListItem","position":1,"name":"Domovsk\u00e1 str\u00e1nka","item":"https:\/\/www.smedemokrati.sk\/"},{"@type":"ListItem","position":2,"name":"Eurokandid\u00e1tka Demokratov: V z\u00e1pase o spravodlivos\u0165, bezpe\u010dnos\u0165 a ochranu demokracie neust\u00fapime."}]},{"@type":"WebSite","@id":"https:\/\/www.smedemokrati.sk\/#website","url":"https:\/\/www.smedemokrati.sk\/","name":"Smedemokrati.sk","description":"Demokracia a slu\u0161nos\u0165 zv\u00ed\u0165az\u00ed","publisher":{"@id":"https:\/\/www.smedemokrati.sk\/#organization"},"potentialAction":[{"@type":"SearchAction","target":{"@type":"EntryPoint","urlTemplate":"https:\/\/www.smedemokrati.sk\/?s={search_term_string}"},"query-input":{"@type":"PropertyValueSpecification","valueRequired":true,"valueName":"search_term_string"}}],"inLanguage":"hu-HU"},{"@type":"Organization","@id":"https:\/\/www.smedemokrati.sk\/#organization","name":"Smedemokrati.sk","url":"https:\/\/www.smedemokrati.sk\/","logo":{"@type":"ImageObject","inLanguage":"hu-HU","@id":"https:\/\/www.smedemokrati.sk\/#\/schema\/logo\/image\/","url":"https:\/\/www.smedemokrati.sk\/wp-content\/uploads\/2023\/04\/ff.002.jpeg","contentUrl":"https:\/\/www.smedemokrati.sk\/wp-content\/uploads\/2023\/04\/ff.002.jpeg","width":640,"height":480,"caption":"Smedemokrati.sk"},"image":{"@id":"https:\/\/www.smedemokrati.sk\/#\/schema\/logo\/image\/"},"sameAs":["https:\/\/www.facebook.com\/smedemokrati2023"]},{"@type":"Person","@id":"https:\/\/www.smedemokrati.sk\/#\/schema\/person\/21f147c88d605aa7ded900e1e7c344ba","name":"miro.sopko","image":{"@type":"ImageObject","inLanguage":"hu-HU","@id":"https:\/\/secure.gravatar.com\/avatar\/267e4a36f704376c109afe3a78740c1f5dd8675a2180a908699e7863c9247606?s=96&d=mm&r=g","url":"https:\/\/secure.gravatar.com\/avatar\/267e4a36f704376c109afe3a78740c1f5dd8675a2180a908699e7863c9247606?s=96&d=mm&r=g","contentUrl":"https:\/\/secure.gravatar.com\/avatar\/267e4a36f704376c109afe3a78740c1f5dd8675a2180a908699e7863c9247606?s=96&d=mm&r=g","caption":"miro.sopko"},"url":"https:\/\/www.smedemokrati.sk\/hu\/author\/miro-sopko\/"}]}},"_links":{"self":[{"href":"https:\/\/www.smedemokrati.sk\/hu\/wp-json\/wp\/v2\/posts\/3010","targetHints":{"allow":["GET"]}}],"collection":[{"href":"https:\/\/www.smedemokrati.sk\/hu\/wp-json\/wp\/v2\/posts"}],"about":[{"href":"https:\/\/www.smedemokrati.sk\/hu\/wp-json\/wp\/v2\/types\/post"}],"author":[{"embeddable":true,"href":"https:\/\/www.smedemokrati.sk\/hu\/wp-json\/wp\/v2\/users\/13"}],"replies":[{"embeddable":true,"href":"https:\/\/www.smedemokrati.sk\/hu\/wp-json\/wp\/v2\/comments?post=3010"}],"version-history":[{"count":2,"href":"https:\/\/www.smedemokrati.sk\/hu\/wp-json\/wp\/v2\/posts\/3010\/revisions"}],"predecessor-version":[{"id":3021,"href":"https:\/\/www.smedemokrati.sk\/hu\/wp-json\/wp\/v2\/posts\/3010\/revisions\/3021"}],"wp:featuredmedia":[{"embeddable":true,"href":"https:\/\/www.smedemokrati.sk\/hu\/wp-json\/wp\/v2\/media\/3007"}],"wp:attachment":[{"href":"https:\/\/www.smedemokrati.sk\/hu\/wp-json\/wp\/v2\/media?parent=3010"}],"wp:term":[{"taxonomy":"category","embeddable":true,"href":"https:\/\/www.smedemokrati.sk\/hu\/wp-json\/wp\/v2\/categories?post=3010"},{"taxonomy":"post_tag","embeddable":true,"href":"https:\/\/www.smedemokrati.sk\/hu\/wp-json\/wp\/v2\/tags?post=3010"}],"curies":[{"name":"wp","href":"https:\/\/api.w.org\/{rel}","templated":true}]}}