{"id":2940,"date":"2024-03-06T14:55:00","date_gmt":"2024-03-06T12:55:00","guid":{"rendered":"https:\/\/www.smedemokrati.sk\/?p=2940"},"modified":"2024-03-11T13:44:17","modified_gmt":"2024-03-11T12:44:17","slug":"demokrati-oslavuju-svoj-prvy-rok-v-rumunsku-s-najvyssimi-predstavitelmi-europskych-struktur","status":"publish","type":"post","link":"https:\/\/www.smedemokrati.sk\/hu\/demokrati-oslavuju-svoj-prvy-rok-v-rumunsku-s-najvyssimi-predstavitelmi-europskych-struktur\/","title":{"rendered":"Demokrati oslavuj\u00fa svoj prv\u00fd rok v Rumunsku, s najvy\u0161\u0161\u00edmi predstavite\u013emi eur\u00f3pskych \u0161trukt\u00far"},"content":{"rendered":"<div id=\"fb-root\"><\/div>\n\n<p><strong>Demokrati vo \u0161tvrtok (7. marec 2024) oslavuj\u00fa prv\u00e9 v\u00fdro\u010die vzniku. Svoje p\u00f4sobenie na politickej sc\u00e9ne si pripom\u00ednaj\u00fa spolo\u010dne s najvy\u0161\u0161\u00edmi predstavite\u013emi eur\u00f3pskych \u0161trukt\u00far, s ktor\u00fdmi sa stret\u00e1vaj\u00fa na Kongrese EPP (stredo-prav\u00e9 zoskupenie politick\u00fdch str\u00e1n E\u00da) v Rumunsku. V strane je 500 \u010dlenov a aktu\u00e1lne fini\u0161uj\u00fa s pr\u00edpravou kandid\u00e1tky do eurovolieb.<\/strong><\/p>\n\n\n\n<p>Demokratov v s\u00fa\u010dasnosti vedie\u00a0<strong>exminister obrany Jaroslav Na\u010f<\/strong>:\u00a0<em>\u00a0<em>\u201e<\/em>Som typ \u010dloveka, ktor\u00fd sa nezvykne riadi\u0165 ne\u00faspechom. Aj v strane sa preto s\u00fastred\u00edm na v\u00fdzvy, z\u00e1v\u00e4zky a najm\u00e4 s\u013euby, ktor\u00e9 sme dali na\u0161im voli\u010dom. Povedali sme, \u017ee budeme pon\u00faka\u0165 odborn\u00fa, sk\u00fasen\u00fa, slu\u0161n\u00fa politiku a \u017ee zlu neuhneme. V\u010faka skvel\u00fdm \u013eu\u010fom, ktor\u00ed s\u00fa z\u00e1rove\u0148 expertmi vo svojej oblasti sa n\u00e1m to dar\u00ed nap\u013a\u0148a\u0165. Chod\u00edme do regi\u00f3nov, organizujeme diskusie a po\u010d\u00favame, ako ve\u013emi ch\u00fdbame v n\u00e1rodnom parlamente. Vyz\u00fdvam preto v\u0161etk\u00fdch priaznivcov, aby v eur\u00f3pskych vo\u013eb\u00e1ch nenechali ni\u010d na n\u00e1hodu resp. na ak\u00fdsi fenom\u00e9n uva\u017eovania o prepadnut\u00ed hlasov\u201d<\/em>, povedal Na\u010f, ktor\u00fd je z\u00e1rove\u0148 l\u00eddrom kandid\u00e1tky do Eur\u00f3pskeho parlamentu a tieto dni absolvuje spolu s \u010fal\u0161\u00edmi \u010dlenmi predsedn\u00edctva viacer\u00e9 rokovania s najvy\u0161\u0161\u00edmi predstavite\u013emi eur\u00f3pskych \u0161trukt\u00far, napr\u00edklad s predsedn\u00ed\u010dkou Eur\u00f3pskej komisie Ursulou von der Leyen \u010di predsedn\u00ed\u010dkou Eur\u00f3pskeho parlamentu Robertou Metsolovou.\u00a0<\/p>\n\n\n\n<p>Z poh\u013eadu\u00a0<strong>b\u00fdval\u00e9ho premi\u00e9ra Eduarda Hegera<\/strong>\u00a0je d\u00f4le\u017eit\u00e9, \u017ee strana aj po roku m\u00f4\u017ee hovori\u0165 o person\u00e1lnej ale aj finan\u010dnej stabiliz\u00e1cii:\u00a0<em>\u00a0<em>\u201e<\/em>V\u010faka priaznivcom, \u010dlenom a odhodlan\u00ed predov\u0161etk\u00fdm Jara Na\u010fa sa n\u00e1m podarilo vyrovna\u0165 sa dlhmi a v\u00fdrazne sa rozr\u00e1s\u0165. Postupne pod sebe priber\u00e1me \u010fal\u0161ie strany, ostatne to bola \u0160anca, ktor\u00e1 je dnes na\u010dou plnohodnotnou s\u00fa\u010das\u0165ou. Sme absol\u00fatne zastabilizovan\u00ed a do \u010fal\u0161ieho obdobia ideme s \u010dist\u00fdm stolom.\u201d<\/em><\/p>\n\n\n\n<p>Demokrati maj\u00fa na najbli\u017e\u0161ie obdobie ujasnen\u00e9 \u010fal\u0161ie aktivity a t\u00e9my, ktor\u00fdm sa bud\u00fa venova\u0165:\u00a0<em>\u00a0<em>\u201e<\/em>Spravodlivos\u0165, ochrana demokracie a bezpe\u010dnos\u0165 s\u00fa absol\u00fatnou prioritou. To s\u00fa tri piliere, ktor\u00e9 s\u00fa dnes atakovan\u00e9 vl\u00e1dnymi predstavite\u013emi a ktor\u00e9 potrebujeme vr\u00e1ti\u0165 sp\u00e4\u0165 do r\u00fak slu\u0161n\u00fdm \u013eu\u010fom. Posledn\u00fd rok bol pre Slovensko mimoriadne n\u00e1ro\u010dn\u00fd, Demokrati odhalili mno\u017estvo k\u00e1uz a nebezpe\u010dn\u00fdch prepojen\u00ed na tie najvy\u0161\u0161ie miesta. V pr\u00e1ci budeme pokra\u010dova\u0165\u201d<\/em>, hovor\u00ed podpredseda a\u00a0<strong>expert na spravodlivos\u0165 Juraj \u0160eliga.<\/strong><\/p>\n\n\n\n<p><strong>Gener\u00e1lny sekret\u00e1r strany Peter Markovi\u010d<\/strong>\u00a0na z\u00e1ver komentuje v\u00fdvoj \u010dlenskej z\u00e1kladne:\u00a0<em>\u00a0<em>\u201e<\/em>Aktu\u00e1lne m\u00e1me zhruba 500 \u010dlenov, ktor\u00ed s\u00fa zast\u00fapen\u00ed v 74 okresoch a v najbli\u017e\u0161\u00edch t\u00fd\u017ed\u0148och sa n\u00e1m, pevne ver\u00edm, podar\u00ed obsadi\u0165 aj zvy\u0161n\u00fdch p\u00e4\u0165 tak, aby sme pokryli cel\u00e9 Slovensko. Najv\u00e4\u010d\u0161ie zast\u00fapenia m\u00e1me v Bratislave a Leviciach, no z\u00e1ujem c\u00edti\u0165 z ka\u017ed\u00e9ho kraja. Stranu budujeme zdola tak, ako sme to v\u017edy hovorili v na\u0161ej v\u00edzii o dobre funguj\u00facej strane.\u201d<\/em><\/p>\n\n\n\n<div class=\"wp-block-columns is-layout-flex wp-container-core-columns-is-layout-9d6595d7 wp-block-columns-is-layout-flex\">\n<div class=\"wp-block-column is-layout-flow wp-block-column-is-layout-flow\"><div class=\"wp-block-image\">\n<figure data-wp-context=\"{&quot;imageId&quot;:&quot;69f376d0ae3f1&quot;}\" data-wp-interactive=\"core\/image\" data-wp-key=\"69f376d0ae3f1\" class=\"alignleft size-large wp-lightbox-container\"><img decoding=\"async\" width=\"1024\" height=\"768\" data-wp-class--hide=\"state.isContentHidden\" data-wp-class--show=\"state.isContentVisible\" data-wp-init=\"callbacks.setButtonStyles\" data-wp-on--click=\"actions.showLightbox\" data-wp-on--load=\"callbacks.setButtonStyles\" data-wp-on-window--resize=\"callbacks.setButtonStyles\" src=\"https:\/\/www.smedemokrati.sk\/wp-content\/uploads\/2024\/03\/IMG_1074-2856x2142-1-1024x768.jpg\" alt=\"\" class=\"wp-image-2943\" srcset=\"https:\/\/www.smedemokrati.sk\/wp-content\/uploads\/2024\/03\/IMG_1074-2856x2142-1-1024x768.jpg 1024w, https:\/\/www.smedemokrati.sk\/wp-content\/uploads\/2024\/03\/IMG_1074-2856x2142-1-300x225.jpg 300w, https:\/\/www.smedemokrati.sk\/wp-content\/uploads\/2024\/03\/IMG_1074-2856x2142-1-768x576.jpg 768w, https:\/\/www.smedemokrati.sk\/wp-content\/uploads\/2024\/03\/IMG_1074-2856x2142-1-1536x1152.jpg 1536w, https:\/\/www.smedemokrati.sk\/wp-content\/uploads\/2024\/03\/IMG_1074-2856x2142-1-2048x1536.jpg 2048w\" sizes=\"(max-width: 1024px) 100vw, 1024px\" \/><button\n\t\t\tclass=\"lightbox-trigger\"\n\t\t\ttype=\"button\"\n\t\t\taria-haspopup=\"dialog\"\n\t\t\taria-label=\"Nagy\u00edt\u00e1s\"\n\t\t\tdata-wp-init=\"callbacks.initTriggerButton\"\n\t\t\tdata-wp-on--click=\"actions.showLightbox\"\n\t\t\tdata-wp-style--right=\"state.imageButtonRight\"\n\t\t\tdata-wp-style--top=\"state.imageButtonTop\"\n\t\t>\n\t\t\t<svg xmlns=\"http:\/\/www.w3.org\/2000\/svg\" width=\"12\" height=\"12\" fill=\"none\" viewBox=\"0 0 12 12\">\n\t\t\t\t<path fill=\"#fff\" d=\"M2 0a2 2 0 0 0-2 2v2h1.5V2a.5.5 0 0 1 .5-.5h2V0H2Zm2 10.5H2a.5.5 0 0 1-.5-.5V8H0v2a2 2 0 0 0 2 2h2v-1.5ZM8 12v-1.5h2a.5.5 0 0 0 .5-.5V8H12v2a2 2 0 0 1-2 2H8Zm2-12a2 2 0 0 1 2 2v2h-1.5V2a.5.5 0 0 0-.5-.5H8V0h2Z\" \/>\n\t\t\t<\/svg>\n\t\t<\/button><\/figure>\n<\/div><\/div>\n\n\n\n<div class=\"wp-block-column is-layout-flow wp-block-column-is-layout-flow\"><div class=\"wp-block-image\">\n<figure data-wp-context=\"{&quot;imageId&quot;:&quot;69f376d0aee3a&quot;}\" data-wp-interactive=\"core\/image\" data-wp-key=\"69f376d0aee3a\" class=\"alignright size-large wp-lightbox-container\"><img decoding=\"async\" width=\"1024\" height=\"768\" data-wp-class--hide=\"state.isContentHidden\" data-wp-class--show=\"state.isContentVisible\" data-wp-init=\"callbacks.setButtonStyles\" data-wp-on--click=\"actions.showLightbox\" data-wp-on--load=\"callbacks.setButtonStyles\" data-wp-on-window--resize=\"callbacks.setButtonStyles\" src=\"https:\/\/www.smedemokrati.sk\/wp-content\/uploads\/2024\/03\/IMG_1038-2856x2142-1-1024x768.jpg\" alt=\"\" class=\"wp-image-2942\" srcset=\"https:\/\/www.smedemokrati.sk\/wp-content\/uploads\/2024\/03\/IMG_1038-2856x2142-1-1024x768.jpg 1024w, https:\/\/www.smedemokrati.sk\/wp-content\/uploads\/2024\/03\/IMG_1038-2856x2142-1-300x225.jpg 300w, https:\/\/www.smedemokrati.sk\/wp-content\/uploads\/2024\/03\/IMG_1038-2856x2142-1-768x576.jpg 768w, https:\/\/www.smedemokrati.sk\/wp-content\/uploads\/2024\/03\/IMG_1038-2856x2142-1-1536x1152.jpg 1536w, https:\/\/www.smedemokrati.sk\/wp-content\/uploads\/2024\/03\/IMG_1038-2856x2142-1-2048x1536.jpg 2048w\" sizes=\"(max-width: 1024px) 100vw, 1024px\" \/><button\n\t\t\tclass=\"lightbox-trigger\"\n\t\t\ttype=\"button\"\n\t\t\taria-haspopup=\"dialog\"\n\t\t\taria-label=\"Nagy\u00edt\u00e1s\"\n\t\t\tdata-wp-init=\"callbacks.initTriggerButton\"\n\t\t\tdata-wp-on--click=\"actions.showLightbox\"\n\t\t\tdata-wp-style--right=\"state.imageButtonRight\"\n\t\t\tdata-wp-style--top=\"state.imageButtonTop\"\n\t\t>\n\t\t\t<svg xmlns=\"http:\/\/www.w3.org\/2000\/svg\" width=\"12\" height=\"12\" fill=\"none\" viewBox=\"0 0 12 12\">\n\t\t\t\t<path fill=\"#fff\" d=\"M2 0a2 2 0 0 0-2 2v2h1.5V2a.5.5 0 0 1 .5-.5h2V0H2Zm2 10.5H2a.5.5 0 0 1-.5-.5V8H0v2a2 2 0 0 0 2 2h2v-1.5ZM8 12v-1.5h2a.5.5 0 0 0 .5-.5V8H12v2a2 2 0 0 1-2 2H8Zm2-12a2 2 0 0 1 2 2v2h-1.5V2a.5.5 0 0 0-.5-.5H8V0h2Z\" \/>\n\t\t\t<\/svg>\n\t\t<\/button><\/figure>\n<\/div><\/div>\n<\/div>\n\n\n\n<div class=\"wp-block-columns is-layout-flex wp-container-core-columns-is-layout-9d6595d7 wp-block-columns-is-layout-flex\">\n<div class=\"wp-block-column is-layout-flow wp-block-column-is-layout-flow\"><div class=\"wp-block-image\">\n<figure data-wp-context=\"{&quot;imageId&quot;:&quot;69f376d0af30b&quot;}\" data-wp-interactive=\"core\/image\" data-wp-key=\"69f376d0af30b\" class=\"alignleft size-large is-resized wp-lightbox-container\"><img decoding=\"async\" width=\"768\" height=\"1024\" data-wp-class--hide=\"state.isContentHidden\" data-wp-class--show=\"state.isContentVisible\" data-wp-init=\"callbacks.setButtonStyles\" data-wp-on--click=\"actions.showLightbox\" data-wp-on--load=\"callbacks.setButtonStyles\" data-wp-on-window--resize=\"callbacks.setButtonStyles\" src=\"https:\/\/www.smedemokrati.sk\/wp-content\/uploads\/2024\/03\/IMG_1086-1512x2016-1-768x1024.jpg\" alt=\"\" class=\"wp-image-2944\" style=\"width:398px;height:auto\" srcset=\"https:\/\/www.smedemokrati.sk\/wp-content\/uploads\/2024\/03\/IMG_1086-1512x2016-1-768x1024.jpg 768w, https:\/\/www.smedemokrati.sk\/wp-content\/uploads\/2024\/03\/IMG_1086-1512x2016-1-225x300.jpg 225w, https:\/\/www.smedemokrati.sk\/wp-content\/uploads\/2024\/03\/IMG_1086-1512x2016-1-1152x1536.jpg 1152w, https:\/\/www.smedemokrati.sk\/wp-content\/uploads\/2024\/03\/IMG_1086-1512x2016-1.jpg 1512w\" sizes=\"(max-width: 768px) 100vw, 768px\" \/><button\n\t\t\tclass=\"lightbox-trigger\"\n\t\t\ttype=\"button\"\n\t\t\taria-haspopup=\"dialog\"\n\t\t\taria-label=\"Nagy\u00edt\u00e1s\"\n\t\t\tdata-wp-init=\"callbacks.initTriggerButton\"\n\t\t\tdata-wp-on--click=\"actions.showLightbox\"\n\t\t\tdata-wp-style--right=\"state.imageButtonRight\"\n\t\t\tdata-wp-style--top=\"state.imageButtonTop\"\n\t\t>\n\t\t\t<svg xmlns=\"http:\/\/www.w3.org\/2000\/svg\" width=\"12\" height=\"12\" fill=\"none\" viewBox=\"0 0 12 12\">\n\t\t\t\t<path fill=\"#fff\" d=\"M2 0a2 2 0 0 0-2 2v2h1.5V2a.5.5 0 0 1 .5-.5h2V0H2Zm2 10.5H2a.5.5 0 0 1-.5-.5V8H0v2a2 2 0 0 0 2 2h2v-1.5ZM8 12v-1.5h2a.5.5 0 0 0 .5-.5V8H12v2a2 2 0 0 1-2 2H8Zm2-12a2 2 0 0 1 2 2v2h-1.5V2a.5.5 0 0 0-.5-.5H8V0h2Z\" \/>\n\t\t\t<\/svg>\n\t\t<\/button><\/figure>\n<\/div><\/div>\n\n\n\n<div class=\"wp-block-column is-layout-flow wp-block-column-is-layout-flow\"><div class=\"wp-block-image\">\n<figure data-wp-context=\"{&quot;imageId&quot;:&quot;69f376d0af714&quot;}\" data-wp-interactive=\"core\/image\" data-wp-key=\"69f376d0af714\" class=\"alignright size-large is-resized wp-lightbox-container\"><img decoding=\"async\" width=\"768\" height=\"1024\" data-wp-class--hide=\"state.isContentHidden\" data-wp-class--show=\"state.isContentVisible\" data-wp-init=\"callbacks.setButtonStyles\" data-wp-on--click=\"actions.showLightbox\" data-wp-on--load=\"callbacks.setButtonStyles\" data-wp-on-window--resize=\"callbacks.setButtonStyles\" src=\"https:\/\/www.smedemokrati.sk\/wp-content\/uploads\/2024\/03\/IMG_1022-2142x2856-2-768x1024.jpg\" alt=\"\" class=\"wp-image-2948\" style=\"width:394px;height:auto\" srcset=\"https:\/\/www.smedemokrati.sk\/wp-content\/uploads\/2024\/03\/IMG_1022-2142x2856-2-768x1024.jpg 768w, https:\/\/www.smedemokrati.sk\/wp-content\/uploads\/2024\/03\/IMG_1022-2142x2856-2-225x300.jpg 225w, https:\/\/www.smedemokrati.sk\/wp-content\/uploads\/2024\/03\/IMG_1022-2142x2856-2-1152x1536.jpg 1152w, https:\/\/www.smedemokrati.sk\/wp-content\/uploads\/2024\/03\/IMG_1022-2142x2856-2-1536x2048.jpg 1536w, https:\/\/www.smedemokrati.sk\/wp-content\/uploads\/2024\/03\/IMG_1022-2142x2856-2-scaled.jpg 1920w\" sizes=\"(max-width: 768px) 100vw, 768px\" \/><button\n\t\t\tclass=\"lightbox-trigger\"\n\t\t\ttype=\"button\"\n\t\t\taria-haspopup=\"dialog\"\n\t\t\taria-label=\"Nagy\u00edt\u00e1s\"\n\t\t\tdata-wp-init=\"callbacks.initTriggerButton\"\n\t\t\tdata-wp-on--click=\"actions.showLightbox\"\n\t\t\tdata-wp-style--right=\"state.imageButtonRight\"\n\t\t\tdata-wp-style--top=\"state.imageButtonTop\"\n\t\t>\n\t\t\t<svg xmlns=\"http:\/\/www.w3.org\/2000\/svg\" width=\"12\" height=\"12\" fill=\"none\" viewBox=\"0 0 12 12\">\n\t\t\t\t<path fill=\"#fff\" d=\"M2 0a2 2 0 0 0-2 2v2h1.5V2a.5.5 0 0 1 .5-.5h2V0H2Zm2 10.5H2a.5.5 0 0 1-.5-.5V8H0v2a2 2 0 0 0 2 2h2v-1.5ZM8 12v-1.5h2a.5.5 0 0 0 .5-.5V8H12v2a2 2 0 0 1-2 2H8Zm2-12a2 2 0 0 1 2 2v2h-1.5V2a.5.5 0 0 0-.5-.5H8V0h2Z\" \/>\n\t\t\t<\/svg>\n\t\t<\/button><\/figure>\n<\/div><\/div>\n<\/div>\n","protected":false},"excerpt":{"rendered":"<p>Demokrati vo \u0161tvrtok (7. marec 2024) oslavuj\u00fa prv\u00e9 v\u00fdro\u010die vzniku. Svoje p\u00f4sobenie na politickej sc\u00e9ne si pripom\u00ednaj\u00fa spolo\u010dne s najvy\u0161\u0161\u00edmi predstavite\u013emi eur\u00f3pskych \u0161trukt\u00far, s ktor\u00fdmi sa stret\u00e1vaj\u00fa na Kongrese EPP (stredo-prav\u00e9 zoskupenie politick\u00fdch str\u00e1n E\u00da) v Rumunsku. V strane je 500 \u010dlenov a aktu\u00e1lne fini\u0161uj\u00fa s pr\u00edpravou kandid\u00e1tky do eurovolieb. Demokratov v s\u00fa\u010dasnosti vedie\u00a0exminister obrany [&hellip;]<\/p>\n","protected":false},"author":13,"featured_media":2943,"comment_status":"closed","ping_status":"closed","sticky":false,"template":"","format":"standard","meta":{"_acf_changed":false,"ngg_post_thumbnail":0,"footnotes":""},"categories":[4],"tags":[],"class_list":["post-2940","post","type-post","status-publish","format-standard","has-post-thumbnail","hentry","category-tlacove-spravy"],"acf":[],"yoast_head":"<!-- This site is optimized with the Yoast SEO plugin v27.2 - https:\/\/yoast.com\/product\/yoast-seo-wordpress\/ -->\n<title>Demokrati oslavuj\u00fa svoj prv\u00fd rok v Rumunsku, s najvy\u0161\u0161\u00edmi predstavite\u013emi eur\u00f3pskych \u0161trukt\u00far - Smedemokrati.sk<\/title>\n<meta name=\"robots\" content=\"index, follow, max-snippet:-1, max-image-preview:large, max-video-preview:-1\" \/>\n<link rel=\"canonical\" href=\"https:\/\/www.smedemokrati.sk\/hu\/demokrati-oslavuju-svoj-prvy-rok-v-rumunsku-s-najvyssimi-predstavitelmi-europskych-struktur\/\" \/>\n<meta property=\"og:locale\" content=\"hu_HU\" \/>\n<meta property=\"og:locale:alternate\" content=\"en_US\" \/>\n<meta property=\"og:locale:alternate\" content=\"cs_CZ\" \/>\n<meta property=\"og:locale:alternate\" content=\"sk_SK\" \/>\n<meta property=\"og:locale:alternate\" content=\"sv_SE\" \/>\n<meta property=\"og:type\" content=\"article\" \/>\n<meta property=\"og:title\" content=\"Demokrati oslavuj\u00fa svoj prv\u00fd rok v Rumunsku, s najvy\u0161\u0161\u00edmi predstavite\u013emi eur\u00f3pskych \u0161trukt\u00far - Smedemokrati.sk\" \/>\n<meta property=\"og:description\" content=\"Demokrati vo \u0161tvrtok (7. marec 2024) oslavuj\u00fa prv\u00e9 v\u00fdro\u010die vzniku. Svoje p\u00f4sobenie na politickej sc\u00e9ne si pripom\u00ednaj\u00fa spolo\u010dne s najvy\u0161\u0161\u00edmi predstavite\u013emi eur\u00f3pskych \u0161trukt\u00far, s ktor\u00fdmi sa stret\u00e1vaj\u00fa na Kongrese EPP (stredo-prav\u00e9 zoskupenie politick\u00fdch str\u00e1n E\u00da) v Rumunsku. V strane je 500 \u010dlenov a aktu\u00e1lne fini\u0161uj\u00fa s pr\u00edpravou kandid\u00e1tky do eurovolieb. Demokratov v s\u00fa\u010dasnosti vedie\u00a0exminister obrany [&hellip;]\" \/>\n<meta property=\"og:url\" content=\"https:\/\/www.smedemokrati.sk\/hu\/demokrati-oslavuju-svoj-prvy-rok-v-rumunsku-s-najvyssimi-predstavitelmi-europskych-struktur\/\" \/>\n<meta property=\"og:site_name\" content=\"Smedemokrati.sk\" \/>\n<meta property=\"article:publisher\" content=\"https:\/\/www.facebook.com\/smedemokrati2023\" \/>\n<meta property=\"article:published_time\" content=\"2024-03-06T12:55:00+00:00\" \/>\n<meta property=\"article:modified_time\" content=\"2024-03-11T12:44:17+00:00\" \/>\n<meta property=\"og:image\" content=\"https:\/\/www.smedemokrati.sk\/wp-content\/uploads\/2024\/03\/IMG_1074-2856x2142-1-scaled.jpg\" \/>\n\t<meta property=\"og:image:width\" content=\"2560\" \/>\n\t<meta property=\"og:image:height\" content=\"1920\" \/>\n\t<meta property=\"og:image:type\" content=\"image\/jpeg\" \/>\n<meta name=\"author\" content=\"miro.sopko\" \/>\n<meta name=\"twitter:card\" content=\"summary_large_image\" \/>\n<meta name=\"twitter:label1\" content=\"Szerz\u0151:\" \/>\n\t<meta name=\"twitter:data1\" content=\"miro.sopko\" \/>\n\t<meta name=\"twitter:label2\" content=\"Becs\u00fclt olvas\u00e1si id\u0151\" \/>\n\t<meta name=\"twitter:data2\" content=\"3 perc\" \/>\n<script type=\"application\/ld+json\" class=\"yoast-schema-graph\">{\"@context\":\"https:\/\/schema.org\",\"@graph\":[{\"@type\":\"Article\",\"@id\":\"https:\/\/www.smedemokrati.sk\/demokrati-oslavuju-svoj-prvy-rok-v-rumunsku-s-najvyssimi-predstavitelmi-europskych-struktur\/#article\",\"isPartOf\":{\"@id\":\"https:\/\/www.smedemokrati.sk\/demokrati-oslavuju-svoj-prvy-rok-v-rumunsku-s-najvyssimi-predstavitelmi-europskych-struktur\/\"},\"author\":{\"name\":\"miro.sopko\",\"@id\":\"https:\/\/www.smedemokrati.sk\/#\/schema\/person\/21f147c88d605aa7ded900e1e7c344ba\"},\"headline\":\"Demokrati oslavuj\u00fa svoj prv\u00fd rok v Rumunsku, s najvy\u0161\u0161\u00edmi predstavite\u013emi eur\u00f3pskych \u0161trukt\u00far\",\"datePublished\":\"2024-03-06T12:55:00+00:00\",\"dateModified\":\"2024-03-11T12:44:17+00:00\",\"mainEntityOfPage\":{\"@id\":\"https:\/\/www.smedemokrati.sk\/demokrati-oslavuju-svoj-prvy-rok-v-rumunsku-s-najvyssimi-predstavitelmi-europskych-struktur\/\"},\"wordCount\":544,\"publisher\":{\"@id\":\"https:\/\/www.smedemokrati.sk\/#organization\"},\"image\":{\"@id\":\"https:\/\/www.smedemokrati.sk\/demokrati-oslavuju-svoj-prvy-rok-v-rumunsku-s-najvyssimi-predstavitelmi-europskych-struktur\/#primaryimage\"},\"thumbnailUrl\":\"https:\/\/www.smedemokrati.sk\/wp-content\/uploads\/2024\/03\/IMG_1074-2856x2142-1-scaled.jpg\",\"articleSection\":[\"Tla\u010dov\u00e9 spr\u00e1vy\"],\"inLanguage\":\"hu-HU\"},{\"@type\":\"WebPage\",\"@id\":\"https:\/\/www.smedemokrati.sk\/demokrati-oslavuju-svoj-prvy-rok-v-rumunsku-s-najvyssimi-predstavitelmi-europskych-struktur\/\",\"url\":\"https:\/\/www.smedemokrati.sk\/demokrati-oslavuju-svoj-prvy-rok-v-rumunsku-s-najvyssimi-predstavitelmi-europskych-struktur\/\",\"name\":\"Demokrati oslavuj\u00fa svoj prv\u00fd rok v Rumunsku, s najvy\u0161\u0161\u00edmi predstavite\u013emi eur\u00f3pskych \u0161trukt\u00far - Smedemokrati.sk\",\"isPartOf\":{\"@id\":\"https:\/\/www.smedemokrati.sk\/#website\"},\"primaryImageOfPage\":{\"@id\":\"https:\/\/www.smedemokrati.sk\/demokrati-oslavuju-svoj-prvy-rok-v-rumunsku-s-najvyssimi-predstavitelmi-europskych-struktur\/#primaryimage\"},\"image\":{\"@id\":\"https:\/\/www.smedemokrati.sk\/demokrati-oslavuju-svoj-prvy-rok-v-rumunsku-s-najvyssimi-predstavitelmi-europskych-struktur\/#primaryimage\"},\"thumbnailUrl\":\"https:\/\/www.smedemokrati.sk\/wp-content\/uploads\/2024\/03\/IMG_1074-2856x2142-1-scaled.jpg\",\"datePublished\":\"2024-03-06T12:55:00+00:00\",\"dateModified\":\"2024-03-11T12:44:17+00:00\",\"breadcrumb\":{\"@id\":\"https:\/\/www.smedemokrati.sk\/demokrati-oslavuju-svoj-prvy-rok-v-rumunsku-s-najvyssimi-predstavitelmi-europskych-struktur\/#breadcrumb\"},\"inLanguage\":\"hu-HU\",\"potentialAction\":[{\"@type\":\"ReadAction\",\"target\":[\"https:\/\/www.smedemokrati.sk\/demokrati-oslavuju-svoj-prvy-rok-v-rumunsku-s-najvyssimi-predstavitelmi-europskych-struktur\/\"]}]},{\"@type\":\"ImageObject\",\"inLanguage\":\"hu-HU\",\"@id\":\"https:\/\/www.smedemokrati.sk\/demokrati-oslavuju-svoj-prvy-rok-v-rumunsku-s-najvyssimi-predstavitelmi-europskych-struktur\/#primaryimage\",\"url\":\"https:\/\/www.smedemokrati.sk\/wp-content\/uploads\/2024\/03\/IMG_1074-2856x2142-1-scaled.jpg\",\"contentUrl\":\"https:\/\/www.smedemokrati.sk\/wp-content\/uploads\/2024\/03\/IMG_1074-2856x2142-1-scaled.jpg\",\"width\":2560,\"height\":1920},{\"@type\":\"BreadcrumbList\",\"@id\":\"https:\/\/www.smedemokrati.sk\/demokrati-oslavuju-svoj-prvy-rok-v-rumunsku-s-najvyssimi-predstavitelmi-europskych-struktur\/#breadcrumb\",\"itemListElement\":[{\"@type\":\"ListItem\",\"position\":1,\"name\":\"Domovsk\u00e1 str\u00e1nka\",\"item\":\"https:\/\/www.smedemokrati.sk\/\"},{\"@type\":\"ListItem\",\"position\":2,\"name\":\"Demokrati oslavuj\u00fa svoj prv\u00fd rok v Rumunsku, s najvy\u0161\u0161\u00edmi predstavite\u013emi eur\u00f3pskych \u0161trukt\u00far\"}]},{\"@type\":\"WebSite\",\"@id\":\"https:\/\/www.smedemokrati.sk\/#website\",\"url\":\"https:\/\/www.smedemokrati.sk\/\",\"name\":\"Smedemokrati.sk\",\"description\":\"Demokracia a slu\u0161nos\u0165 zv\u00ed\u0165az\u00ed\",\"publisher\":{\"@id\":\"https:\/\/www.smedemokrati.sk\/#organization\"},\"potentialAction\":[{\"@type\":\"SearchAction\",\"target\":{\"@type\":\"EntryPoint\",\"urlTemplate\":\"https:\/\/www.smedemokrati.sk\/?s={search_term_string}\"},\"query-input\":{\"@type\":\"PropertyValueSpecification\",\"valueRequired\":true,\"valueName\":\"search_term_string\"}}],\"inLanguage\":\"hu-HU\"},{\"@type\":\"Organization\",\"@id\":\"https:\/\/www.smedemokrati.sk\/#organization\",\"name\":\"Smedemokrati.sk\",\"url\":\"https:\/\/www.smedemokrati.sk\/\",\"logo\":{\"@type\":\"ImageObject\",\"inLanguage\":\"hu-HU\",\"@id\":\"https:\/\/www.smedemokrati.sk\/#\/schema\/logo\/image\/\",\"url\":\"https:\/\/www.smedemokrati.sk\/wp-content\/uploads\/2023\/04\/ff.002.jpeg\",\"contentUrl\":\"https:\/\/www.smedemokrati.sk\/wp-content\/uploads\/2023\/04\/ff.002.jpeg\",\"width\":640,\"height\":480,\"caption\":\"Smedemokrati.sk\"},\"image\":{\"@id\":\"https:\/\/www.smedemokrati.sk\/#\/schema\/logo\/image\/\"},\"sameAs\":[\"https:\/\/www.facebook.com\/smedemokrati2023\"]},{\"@type\":\"Person\",\"@id\":\"https:\/\/www.smedemokrati.sk\/#\/schema\/person\/21f147c88d605aa7ded900e1e7c344ba\",\"name\":\"miro.sopko\",\"image\":{\"@type\":\"ImageObject\",\"inLanguage\":\"hu-HU\",\"@id\":\"https:\/\/secure.gravatar.com\/avatar\/267e4a36f704376c109afe3a78740c1f5dd8675a2180a908699e7863c9247606?s=96&d=mm&r=g\",\"url\":\"https:\/\/secure.gravatar.com\/avatar\/267e4a36f704376c109afe3a78740c1f5dd8675a2180a908699e7863c9247606?s=96&d=mm&r=g\",\"contentUrl\":\"https:\/\/secure.gravatar.com\/avatar\/267e4a36f704376c109afe3a78740c1f5dd8675a2180a908699e7863c9247606?s=96&d=mm&r=g\",\"caption\":\"miro.sopko\"},\"url\":\"https:\/\/www.smedemokrati.sk\/hu\/author\/miro-sopko\/\"}]}<\/script>\n<!-- \/ Yoast SEO plugin. -->","yoast_head_json":{"title":"Demokrati oslavuj\u00fa svoj prv\u00fd rok v Rumunsku, s najvy\u0161\u0161\u00edmi predstavite\u013emi eur\u00f3pskych \u0161trukt\u00far - Smedemokrati.sk","robots":{"index":"index","follow":"follow","max-snippet":"max-snippet:-1","max-image-preview":"max-image-preview:large","max-video-preview":"max-video-preview:-1"},"canonical":"https:\/\/www.smedemokrati.sk\/hu\/demokrati-oslavuju-svoj-prvy-rok-v-rumunsku-s-najvyssimi-predstavitelmi-europskych-struktur\/","og_locale":"hu_HU","og_type":"article","og_title":"Demokrati oslavuj\u00fa svoj prv\u00fd rok v Rumunsku, s najvy\u0161\u0161\u00edmi predstavite\u013emi eur\u00f3pskych \u0161trukt\u00far - Smedemokrati.sk","og_description":"Demokrati vo \u0161tvrtok (7. marec 2024) oslavuj\u00fa prv\u00e9 v\u00fdro\u010die vzniku. Svoje p\u00f4sobenie na politickej sc\u00e9ne si pripom\u00ednaj\u00fa spolo\u010dne s najvy\u0161\u0161\u00edmi predstavite\u013emi eur\u00f3pskych \u0161trukt\u00far, s ktor\u00fdmi sa stret\u00e1vaj\u00fa na Kongrese EPP (stredo-prav\u00e9 zoskupenie politick\u00fdch str\u00e1n E\u00da) v Rumunsku. V strane je 500 \u010dlenov a aktu\u00e1lne fini\u0161uj\u00fa s pr\u00edpravou kandid\u00e1tky do eurovolieb. Demokratov v s\u00fa\u010dasnosti vedie\u00a0exminister obrany [&hellip;]","og_url":"https:\/\/www.smedemokrati.sk\/hu\/demokrati-oslavuju-svoj-prvy-rok-v-rumunsku-s-najvyssimi-predstavitelmi-europskych-struktur\/","og_site_name":"Smedemokrati.sk","article_publisher":"https:\/\/www.facebook.com\/smedemokrati2023","article_published_time":"2024-03-06T12:55:00+00:00","article_modified_time":"2024-03-11T12:44:17+00:00","og_image":[{"width":2560,"height":1920,"url":"https:\/\/www.smedemokrati.sk\/wp-content\/uploads\/2024\/03\/IMG_1074-2856x2142-1-scaled.jpg","type":"image\/jpeg"}],"author":"miro.sopko","twitter_card":"summary_large_image","twitter_misc":{"Szerz\u0151:":"miro.sopko","Becs\u00fclt olvas\u00e1si id\u0151":"3 perc"},"schema":{"@context":"https:\/\/schema.org","@graph":[{"@type":"Article","@id":"https:\/\/www.smedemokrati.sk\/demokrati-oslavuju-svoj-prvy-rok-v-rumunsku-s-najvyssimi-predstavitelmi-europskych-struktur\/#article","isPartOf":{"@id":"https:\/\/www.smedemokrati.sk\/demokrati-oslavuju-svoj-prvy-rok-v-rumunsku-s-najvyssimi-predstavitelmi-europskych-struktur\/"},"author":{"name":"miro.sopko","@id":"https:\/\/www.smedemokrati.sk\/#\/schema\/person\/21f147c88d605aa7ded900e1e7c344ba"},"headline":"Demokrati oslavuj\u00fa svoj prv\u00fd rok v Rumunsku, s najvy\u0161\u0161\u00edmi predstavite\u013emi eur\u00f3pskych \u0161trukt\u00far","datePublished":"2024-03-06T12:55:00+00:00","dateModified":"2024-03-11T12:44:17+00:00","mainEntityOfPage":{"@id":"https:\/\/www.smedemokrati.sk\/demokrati-oslavuju-svoj-prvy-rok-v-rumunsku-s-najvyssimi-predstavitelmi-europskych-struktur\/"},"wordCount":544,"publisher":{"@id":"https:\/\/www.smedemokrati.sk\/#organization"},"image":{"@id":"https:\/\/www.smedemokrati.sk\/demokrati-oslavuju-svoj-prvy-rok-v-rumunsku-s-najvyssimi-predstavitelmi-europskych-struktur\/#primaryimage"},"thumbnailUrl":"https:\/\/www.smedemokrati.sk\/wp-content\/uploads\/2024\/03\/IMG_1074-2856x2142-1-scaled.jpg","articleSection":["Tla\u010dov\u00e9 spr\u00e1vy"],"inLanguage":"hu-HU"},{"@type":"WebPage","@id":"https:\/\/www.smedemokrati.sk\/demokrati-oslavuju-svoj-prvy-rok-v-rumunsku-s-najvyssimi-predstavitelmi-europskych-struktur\/","url":"https:\/\/www.smedemokrati.sk\/demokrati-oslavuju-svoj-prvy-rok-v-rumunsku-s-najvyssimi-predstavitelmi-europskych-struktur\/","name":"Demokrati oslavuj\u00fa svoj prv\u00fd rok v Rumunsku, s najvy\u0161\u0161\u00edmi predstavite\u013emi eur\u00f3pskych \u0161trukt\u00far - Smedemokrati.sk","isPartOf":{"@id":"https:\/\/www.smedemokrati.sk\/#website"},"primaryImageOfPage":{"@id":"https:\/\/www.smedemokrati.sk\/demokrati-oslavuju-svoj-prvy-rok-v-rumunsku-s-najvyssimi-predstavitelmi-europskych-struktur\/#primaryimage"},"image":{"@id":"https:\/\/www.smedemokrati.sk\/demokrati-oslavuju-svoj-prvy-rok-v-rumunsku-s-najvyssimi-predstavitelmi-europskych-struktur\/#primaryimage"},"thumbnailUrl":"https:\/\/www.smedemokrati.sk\/wp-content\/uploads\/2024\/03\/IMG_1074-2856x2142-1-scaled.jpg","datePublished":"2024-03-06T12:55:00+00:00","dateModified":"2024-03-11T12:44:17+00:00","breadcrumb":{"@id":"https:\/\/www.smedemokrati.sk\/demokrati-oslavuju-svoj-prvy-rok-v-rumunsku-s-najvyssimi-predstavitelmi-europskych-struktur\/#breadcrumb"},"inLanguage":"hu-HU","potentialAction":[{"@type":"ReadAction","target":["https:\/\/www.smedemokrati.sk\/demokrati-oslavuju-svoj-prvy-rok-v-rumunsku-s-najvyssimi-predstavitelmi-europskych-struktur\/"]}]},{"@type":"ImageObject","inLanguage":"hu-HU","@id":"https:\/\/www.smedemokrati.sk\/demokrati-oslavuju-svoj-prvy-rok-v-rumunsku-s-najvyssimi-predstavitelmi-europskych-struktur\/#primaryimage","url":"https:\/\/www.smedemokrati.sk\/wp-content\/uploads\/2024\/03\/IMG_1074-2856x2142-1-scaled.jpg","contentUrl":"https:\/\/www.smedemokrati.sk\/wp-content\/uploads\/2024\/03\/IMG_1074-2856x2142-1-scaled.jpg","width":2560,"height":1920},{"@type":"BreadcrumbList","@id":"https:\/\/www.smedemokrati.sk\/demokrati-oslavuju-svoj-prvy-rok-v-rumunsku-s-najvyssimi-predstavitelmi-europskych-struktur\/#breadcrumb","itemListElement":[{"@type":"ListItem","position":1,"name":"Domovsk\u00e1 str\u00e1nka","item":"https:\/\/www.smedemokrati.sk\/"},{"@type":"ListItem","position":2,"name":"Demokrati oslavuj\u00fa svoj prv\u00fd rok v Rumunsku, s najvy\u0161\u0161\u00edmi predstavite\u013emi eur\u00f3pskych \u0161trukt\u00far"}]},{"@type":"WebSite","@id":"https:\/\/www.smedemokrati.sk\/#website","url":"https:\/\/www.smedemokrati.sk\/","name":"Smedemokrati.sk","description":"Demokracia a slu\u0161nos\u0165 zv\u00ed\u0165az\u00ed","publisher":{"@id":"https:\/\/www.smedemokrati.sk\/#organization"},"potentialAction":[{"@type":"SearchAction","target":{"@type":"EntryPoint","urlTemplate":"https:\/\/www.smedemokrati.sk\/?s={search_term_string}"},"query-input":{"@type":"PropertyValueSpecification","valueRequired":true,"valueName":"search_term_string"}}],"inLanguage":"hu-HU"},{"@type":"Organization","@id":"https:\/\/www.smedemokrati.sk\/#organization","name":"Smedemokrati.sk","url":"https:\/\/www.smedemokrati.sk\/","logo":{"@type":"ImageObject","inLanguage":"hu-HU","@id":"https:\/\/www.smedemokrati.sk\/#\/schema\/logo\/image\/","url":"https:\/\/www.smedemokrati.sk\/wp-content\/uploads\/2023\/04\/ff.002.jpeg","contentUrl":"https:\/\/www.smedemokrati.sk\/wp-content\/uploads\/2023\/04\/ff.002.jpeg","width":640,"height":480,"caption":"Smedemokrati.sk"},"image":{"@id":"https:\/\/www.smedemokrati.sk\/#\/schema\/logo\/image\/"},"sameAs":["https:\/\/www.facebook.com\/smedemokrati2023"]},{"@type":"Person","@id":"https:\/\/www.smedemokrati.sk\/#\/schema\/person\/21f147c88d605aa7ded900e1e7c344ba","name":"miro.sopko","image":{"@type":"ImageObject","inLanguage":"hu-HU","@id":"https:\/\/secure.gravatar.com\/avatar\/267e4a36f704376c109afe3a78740c1f5dd8675a2180a908699e7863c9247606?s=96&d=mm&r=g","url":"https:\/\/secure.gravatar.com\/avatar\/267e4a36f704376c109afe3a78740c1f5dd8675a2180a908699e7863c9247606?s=96&d=mm&r=g","contentUrl":"https:\/\/secure.gravatar.com\/avatar\/267e4a36f704376c109afe3a78740c1f5dd8675a2180a908699e7863c9247606?s=96&d=mm&r=g","caption":"miro.sopko"},"url":"https:\/\/www.smedemokrati.sk\/hu\/author\/miro-sopko\/"}]}},"_links":{"self":[{"href":"https:\/\/www.smedemokrati.sk\/hu\/wp-json\/wp\/v2\/posts\/2940","targetHints":{"allow":["GET"]}}],"collection":[{"href":"https:\/\/www.smedemokrati.sk\/hu\/wp-json\/wp\/v2\/posts"}],"about":[{"href":"https:\/\/www.smedemokrati.sk\/hu\/wp-json\/wp\/v2\/types\/post"}],"author":[{"embeddable":true,"href":"https:\/\/www.smedemokrati.sk\/hu\/wp-json\/wp\/v2\/users\/13"}],"replies":[{"embeddable":true,"href":"https:\/\/www.smedemokrati.sk\/hu\/wp-json\/wp\/v2\/comments?post=2940"}],"version-history":[{"count":8,"href":"https:\/\/www.smedemokrati.sk\/hu\/wp-json\/wp\/v2\/posts\/2940\/revisions"}],"predecessor-version":[{"id":2957,"href":"https:\/\/www.smedemokrati.sk\/hu\/wp-json\/wp\/v2\/posts\/2940\/revisions\/2957"}],"wp:featuredmedia":[{"embeddable":true,"href":"https:\/\/www.smedemokrati.sk\/hu\/wp-json\/wp\/v2\/media\/2943"}],"wp:attachment":[{"href":"https:\/\/www.smedemokrati.sk\/hu\/wp-json\/wp\/v2\/media?parent=2940"}],"wp:term":[{"taxonomy":"category","embeddable":true,"href":"https:\/\/www.smedemokrati.sk\/hu\/wp-json\/wp\/v2\/categories?post=2940"},{"taxonomy":"post_tag","embeddable":true,"href":"https:\/\/www.smedemokrati.sk\/hu\/wp-json\/wp\/v2\/tags?post=2940"}],"curies":[{"name":"wp","href":"https:\/\/api.w.org\/{rel}","templated":true}]}}