{"id":280,"date":"2023-04-06T11:39:46","date_gmt":"2023-04-06T11:39:46","guid":{"rendered":"https:\/\/www.smedemokrati.sk\/?p=280"},"modified":"2023-04-12T10:17:53","modified_gmt":"2023-04-12T10:17:53","slug":"kristian-cekovsky-pocas-mojho-posobenia-vo-vedeni-medialneho-vyboru-si-slovensko-vyrazne-zlepsilo-poziciu-v-rebricku-slobody-tlace","status":"publish","type":"post","link":"https:\/\/www.smedemokrati.sk\/hu\/kristian-cekovsky-pocas-mojho-posobenia-vo-vedeni-medialneho-vyboru-si-slovensko-vyrazne-zlepsilo-poziciu-v-rebricku-slobody-tlace\/","title":{"rendered":"Kristi\u00e1n \u010cekovsk\u00fd: Po\u010das m\u00f4jho p\u00f4sobenia vo veden\u00ed medi\u00e1lneho v\u00fdboru si Slovensko v\u00fdrazne zlep\u0161ilo poz\u00edciu v rebr\u00ed\u010dku slobody tla\u010de"},"content":{"rendered":"<div id=\"fb-root\"><\/div>\n\n<p>B\u00fdval\u00fd predseda V\u00fdboru NR SR pre kult\u00faru a m\u00e9di\u00e1 Kristi\u00e1n \u010cekovsk\u00fd (Demokrati) za d\u00f4vod svojho odvolania pova\u017euje snahu o zlep\u0161ovanie medi\u00e1lneho prostredia na Slovensku a v\u00e4\u010d\u0161iu ochranu novin\u00e1rov. D\u00f4vody na odvolanie neobsahovali \u017eiadne argumenty, ale napriek tomu sa k Smeru, Hlasu a fa\u0161istom pridali niektor\u00ed poslanci hnutia Sme rodina a O\u013dANO.<\/p>\n\n\n\n<p>\u201eNapriek tomu, \u017ee hlasovanie bolo tajn\u00e9, tak opoz\u00edcia by dos\u0165 hlasov na moje odvolanie nemala. Je trochu prekvapuj\u00face, \u017ee bojovn\u00edci proti mafii sa pri tejto pr\u00edle\u017eitosti spojili s korup\u010dn\u00edkmi zo Smeru,\u201c zhodnotil Kristi\u00e1n \u010cekovsk\u00fd s t\u00fdm, \u017ee pri tejto pr\u00edle\u017eitosti nechce nikoho obvi\u0148ova\u0165, ale rad\u0161ej vymenuje v\u00fdsledky v\u00fdboru za posledn\u00e9 tri roky.<\/p>\n\n\n\n<p>Slovensko si po\u010das \u010cekovsk\u00e9ho p\u00f4sobenia v\u00fdrazne zlep\u0161ilo poz\u00edciu v rebr\u00ed\u010dku slobody tla\u010de. \u201eZ 35. miesta za rok 2020 sme sa posunuli na s\u00fa\u010dasn\u00fa 27. prie\u010dku a predpoklad\u00e1m \u017ee vy\u0161\u0161ie p\u00f4jdeme aj tento rok,\u201c hovor\u00ed poslanec. \u201eZlep\u0161enie prinieslo nielen prijatie nov\u00e9ho medi\u00e1lneho z\u00e1kona, ale aj moje novely infoz\u00e1kona a z\u00e1kona o RTVS, ktor\u00fdmi sme skvalitnili vo\u013ebu gener\u00e1lneho riadite\u013ea RTVS. Dlhodobo presadzujem legislat\u00edvu na ochranu novin\u00e1rov a odsudzujem verb\u00e1lne \u00fatoky politikov na novin\u00e1rov. Minul\u00fd rok som inicioval vznik pam\u00e4tn\u00edka pre J\u00e1na a Martinu na N\u00e1mest\u00ed SNP v Bratislave, aby sme nezabudli ich odkaz. Pozna\u0165 pravdu nie je samozrejmos\u0165 a za jej h\u013eadanie zaplatil J\u00e1n a Martina najvy\u0161\u0161iu cenu. Podmienky pre v\u00fdkon novin\u00e1rskej profesie preto mus\u00edme neust\u00e1le zlep\u0161ova\u0165,\u201c dodal Kristi\u00e1n \u010cekovsk\u00fd.<\/p>\n\n\n\n<p>Do konca volebn\u00e9ho obdobia pl\u00e1nuje poslanec aktivitu vo vz\u0165ahu k novele trestn\u00e9ho z\u00e1kona, v ktorej sa mus\u00ed posilni\u0165 bezpe\u010dnos\u0165 novin\u00e1rov a venova\u0165 sa bude aj nov\u00e9mu modelu financovania RTVS.<\/p>\n","protected":false},"excerpt":{"rendered":"<p>B\u00fdval\u00fd predseda V\u00fdboru NR SR pre kult\u00faru a m\u00e9di\u00e1 Kristi\u00e1n \u010cekovsk\u00fd (Demokrati) za d\u00f4vod svojho odvolania pova\u017euje snahu o zlep\u0161ovanie medi\u00e1lneho prostredia na Slovensku a v\u00e4\u010d\u0161iu ochranu novin\u00e1rov. D\u00f4vody na odvolanie neobsahovali \u017eiadne argumenty, ale napriek tomu sa k Smeru, Hlasu a fa\u0161istom pridali niektor\u00ed poslanci hnutia Sme rodina a O\u013dANO. \u201eNapriek tomu, \u017ee hlasovanie [&hellip;]<\/p>\n","protected":false},"author":1,"featured_media":411,"comment_status":"closed","ping_status":"closed","sticky":false,"template":"","format":"standard","meta":{"_acf_changed":false,"ngg_post_thumbnail":0,"footnotes":""},"categories":[4],"tags":[],"class_list":["post-280","post","type-post","status-publish","format-standard","has-post-thumbnail","hentry","category-tlacove-spravy"],"acf":[],"yoast_head":"<!-- This site is optimized with the Yoast SEO plugin v27.2 - https:\/\/yoast.com\/product\/yoast-seo-wordpress\/ -->\n<title>Kristi\u00e1n \u010cekovsk\u00fd: Po\u010das m\u00f4jho p\u00f4sobenia vo veden\u00ed medi\u00e1lneho v\u00fdboru si Slovensko v\u00fdrazne zlep\u0161ilo poz\u00edciu v rebr\u00ed\u010dku slobody tla\u010de - Smedemokrati.sk<\/title>\n<meta name=\"robots\" content=\"index, follow, max-snippet:-1, max-image-preview:large, max-video-preview:-1\" \/>\n<link rel=\"canonical\" href=\"https:\/\/www.smedemokrati.sk\/hu\/kristian-cekovsky-pocas-mojho-posobenia-vo-vedeni-medialneho-vyboru-si-slovensko-vyrazne-zlepsilo-poziciu-v-rebricku-slobody-tlace\/\" \/>\n<meta property=\"og:locale\" content=\"hu_HU\" \/>\n<meta property=\"og:locale:alternate\" content=\"en_US\" \/>\n<meta property=\"og:locale:alternate\" content=\"cs_CZ\" \/>\n<meta property=\"og:locale:alternate\" content=\"sk_SK\" \/>\n<meta property=\"og:locale:alternate\" content=\"sv_SE\" \/>\n<meta property=\"og:type\" content=\"article\" \/>\n<meta property=\"og:title\" content=\"Kristi\u00e1n \u010cekovsk\u00fd: Po\u010das m\u00f4jho p\u00f4sobenia vo veden\u00ed medi\u00e1lneho v\u00fdboru si Slovensko v\u00fdrazne zlep\u0161ilo poz\u00edciu v rebr\u00ed\u010dku slobody tla\u010de - Smedemokrati.sk\" \/>\n<meta property=\"og:description\" content=\"B\u00fdval\u00fd predseda V\u00fdboru NR SR pre kult\u00faru a m\u00e9di\u00e1 Kristi\u00e1n \u010cekovsk\u00fd (Demokrati) za d\u00f4vod svojho odvolania pova\u017euje snahu o zlep\u0161ovanie medi\u00e1lneho prostredia na Slovensku a v\u00e4\u010d\u0161iu ochranu novin\u00e1rov. D\u00f4vody na odvolanie neobsahovali \u017eiadne argumenty, ale napriek tomu sa k Smeru, Hlasu a fa\u0161istom pridali niektor\u00ed poslanci hnutia Sme rodina a O\u013dANO. \u201eNapriek tomu, \u017ee hlasovanie [&hellip;]\" \/>\n<meta property=\"og:url\" content=\"https:\/\/www.smedemokrati.sk\/hu\/kristian-cekovsky-pocas-mojho-posobenia-vo-vedeni-medialneho-vyboru-si-slovensko-vyrazne-zlepsilo-poziciu-v-rebricku-slobody-tlace\/\" \/>\n<meta property=\"og:site_name\" content=\"Smedemokrati.sk\" \/>\n<meta property=\"article:publisher\" content=\"https:\/\/www.facebook.com\/smedemokrati2023\" \/>\n<meta property=\"article:published_time\" content=\"2023-04-06T11:39:46+00:00\" \/>\n<meta property=\"article:modified_time\" content=\"2023-04-12T10:17:53+00:00\" \/>\n<meta property=\"og:image\" content=\"https:\/\/www.smedemokrati.sk\/wp-content\/uploads\/2023\/04\/KC_1-2.jpg\" \/>\n\t<meta property=\"og:image:width\" content=\"2048\" \/>\n\t<meta property=\"og:image:height\" content=\"1365\" \/>\n\t<meta property=\"og:image:type\" content=\"image\/jpeg\" \/>\n<meta name=\"author\" content=\"admin\" \/>\n<meta name=\"twitter:card\" content=\"summary_large_image\" \/>\n<meta name=\"twitter:label1\" content=\"Szerz\u0151:\" \/>\n\t<meta name=\"twitter:data1\" content=\"admin\" \/>\n\t<meta name=\"twitter:label2\" content=\"Becs\u00fclt olvas\u00e1si id\u0151\" \/>\n\t<meta name=\"twitter:data2\" content=\"2 perc\" \/>\n<script type=\"application\/ld+json\" class=\"yoast-schema-graph\">{\"@context\":\"https:\/\/schema.org\",\"@graph\":[{\"@type\":\"Article\",\"@id\":\"https:\/\/www.smedemokrati.sk\/kristian-cekovsky-pocas-mojho-posobenia-vo-vedeni-medialneho-vyboru-si-slovensko-vyrazne-zlepsilo-poziciu-v-rebricku-slobody-tlace\/#article\",\"isPartOf\":{\"@id\":\"https:\/\/www.smedemokrati.sk\/kristian-cekovsky-pocas-mojho-posobenia-vo-vedeni-medialneho-vyboru-si-slovensko-vyrazne-zlepsilo-poziciu-v-rebricku-slobody-tlace\/\"},\"author\":{\"name\":\"admin\",\"@id\":\"https:\/\/www.smedemokrati.sk\/#\/schema\/person\/dee9d51e8f3108fd58bc46fcc124934d\"},\"headline\":\"Kristi\u00e1n \u010cekovsk\u00fd: Po\u010das m\u00f4jho p\u00f4sobenia vo veden\u00ed medi\u00e1lneho v\u00fdboru si Slovensko v\u00fdrazne zlep\u0161ilo poz\u00edciu v rebr\u00ed\u010dku slobody tla\u010de\",\"datePublished\":\"2023-04-06T11:39:46+00:00\",\"dateModified\":\"2023-04-12T10:17:53+00:00\",\"mainEntityOfPage\":{\"@id\":\"https:\/\/www.smedemokrati.sk\/kristian-cekovsky-pocas-mojho-posobenia-vo-vedeni-medialneho-vyboru-si-slovensko-vyrazne-zlepsilo-poziciu-v-rebricku-slobody-tlace\/\"},\"wordCount\":353,\"publisher\":{\"@id\":\"https:\/\/www.smedemokrati.sk\/#organization\"},\"image\":{\"@id\":\"https:\/\/www.smedemokrati.sk\/kristian-cekovsky-pocas-mojho-posobenia-vo-vedeni-medialneho-vyboru-si-slovensko-vyrazne-zlepsilo-poziciu-v-rebricku-slobody-tlace\/#primaryimage\"},\"thumbnailUrl\":\"https:\/\/www.smedemokrati.sk\/wp-content\/uploads\/2023\/04\/KC_1-2.jpg\",\"articleSection\":[\"Tla\u010dov\u00e9 spr\u00e1vy\"],\"inLanguage\":\"hu-HU\"},{\"@type\":\"WebPage\",\"@id\":\"https:\/\/www.smedemokrati.sk\/kristian-cekovsky-pocas-mojho-posobenia-vo-vedeni-medialneho-vyboru-si-slovensko-vyrazne-zlepsilo-poziciu-v-rebricku-slobody-tlace\/\",\"url\":\"https:\/\/www.smedemokrati.sk\/kristian-cekovsky-pocas-mojho-posobenia-vo-vedeni-medialneho-vyboru-si-slovensko-vyrazne-zlepsilo-poziciu-v-rebricku-slobody-tlace\/\",\"name\":\"Kristi\u00e1n \u010cekovsk\u00fd: Po\u010das m\u00f4jho p\u00f4sobenia vo veden\u00ed medi\u00e1lneho v\u00fdboru si Slovensko v\u00fdrazne zlep\u0161ilo poz\u00edciu v rebr\u00ed\u010dku slobody tla\u010de - Smedemokrati.sk\",\"isPartOf\":{\"@id\":\"https:\/\/www.smedemokrati.sk\/#website\"},\"primaryImageOfPage\":{\"@id\":\"https:\/\/www.smedemokrati.sk\/kristian-cekovsky-pocas-mojho-posobenia-vo-vedeni-medialneho-vyboru-si-slovensko-vyrazne-zlepsilo-poziciu-v-rebricku-slobody-tlace\/#primaryimage\"},\"image\":{\"@id\":\"https:\/\/www.smedemokrati.sk\/kristian-cekovsky-pocas-mojho-posobenia-vo-vedeni-medialneho-vyboru-si-slovensko-vyrazne-zlepsilo-poziciu-v-rebricku-slobody-tlace\/#primaryimage\"},\"thumbnailUrl\":\"https:\/\/www.smedemokrati.sk\/wp-content\/uploads\/2023\/04\/KC_1-2.jpg\",\"datePublished\":\"2023-04-06T11:39:46+00:00\",\"dateModified\":\"2023-04-12T10:17:53+00:00\",\"breadcrumb\":{\"@id\":\"https:\/\/www.smedemokrati.sk\/kristian-cekovsky-pocas-mojho-posobenia-vo-vedeni-medialneho-vyboru-si-slovensko-vyrazne-zlepsilo-poziciu-v-rebricku-slobody-tlace\/#breadcrumb\"},\"inLanguage\":\"hu-HU\",\"potentialAction\":[{\"@type\":\"ReadAction\",\"target\":[\"https:\/\/www.smedemokrati.sk\/kristian-cekovsky-pocas-mojho-posobenia-vo-vedeni-medialneho-vyboru-si-slovensko-vyrazne-zlepsilo-poziciu-v-rebricku-slobody-tlace\/\"]}]},{\"@type\":\"ImageObject\",\"inLanguage\":\"hu-HU\",\"@id\":\"https:\/\/www.smedemokrati.sk\/kristian-cekovsky-pocas-mojho-posobenia-vo-vedeni-medialneho-vyboru-si-slovensko-vyrazne-zlepsilo-poziciu-v-rebricku-slobody-tlace\/#primaryimage\",\"url\":\"https:\/\/www.smedemokrati.sk\/wp-content\/uploads\/2023\/04\/KC_1-2.jpg\",\"contentUrl\":\"https:\/\/www.smedemokrati.sk\/wp-content\/uploads\/2023\/04\/KC_1-2.jpg\",\"width\":2048,\"height\":1365},{\"@type\":\"BreadcrumbList\",\"@id\":\"https:\/\/www.smedemokrati.sk\/kristian-cekovsky-pocas-mojho-posobenia-vo-vedeni-medialneho-vyboru-si-slovensko-vyrazne-zlepsilo-poziciu-v-rebricku-slobody-tlace\/#breadcrumb\",\"itemListElement\":[{\"@type\":\"ListItem\",\"position\":1,\"name\":\"Domovsk\u00e1 str\u00e1nka\",\"item\":\"https:\/\/www.smedemokrati.sk\/\"},{\"@type\":\"ListItem\",\"position\":2,\"name\":\"Kristi\u00e1n \u010cekovsk\u00fd: Po\u010das m\u00f4jho p\u00f4sobenia vo veden\u00ed medi\u00e1lneho v\u00fdboru si Slovensko v\u00fdrazne zlep\u0161ilo poz\u00edciu v rebr\u00ed\u010dku slobody tla\u010de\"}]},{\"@type\":\"WebSite\",\"@id\":\"https:\/\/www.smedemokrati.sk\/#website\",\"url\":\"https:\/\/www.smedemokrati.sk\/\",\"name\":\"Smedemokrati.sk\",\"description\":\"Demokracia a slu\u0161nos\u0165 zv\u00ed\u0165az\u00ed\",\"publisher\":{\"@id\":\"https:\/\/www.smedemokrati.sk\/#organization\"},\"potentialAction\":[{\"@type\":\"SearchAction\",\"target\":{\"@type\":\"EntryPoint\",\"urlTemplate\":\"https:\/\/www.smedemokrati.sk\/?s={search_term_string}\"},\"query-input\":{\"@type\":\"PropertyValueSpecification\",\"valueRequired\":true,\"valueName\":\"search_term_string\"}}],\"inLanguage\":\"hu-HU\"},{\"@type\":\"Organization\",\"@id\":\"https:\/\/www.smedemokrati.sk\/#organization\",\"name\":\"Smedemokrati.sk\",\"url\":\"https:\/\/www.smedemokrati.sk\/\",\"logo\":{\"@type\":\"ImageObject\",\"inLanguage\":\"hu-HU\",\"@id\":\"https:\/\/www.smedemokrati.sk\/#\/schema\/logo\/image\/\",\"url\":\"https:\/\/www.smedemokrati.sk\/wp-content\/uploads\/2023\/04\/ff.002.jpeg\",\"contentUrl\":\"https:\/\/www.smedemokrati.sk\/wp-content\/uploads\/2023\/04\/ff.002.jpeg\",\"width\":640,\"height\":480,\"caption\":\"Smedemokrati.sk\"},\"image\":{\"@id\":\"https:\/\/www.smedemokrati.sk\/#\/schema\/logo\/image\/\"},\"sameAs\":[\"https:\/\/www.facebook.com\/smedemokrati2023\"]},{\"@type\":\"Person\",\"@id\":\"https:\/\/www.smedemokrati.sk\/#\/schema\/person\/dee9d51e8f3108fd58bc46fcc124934d\",\"name\":\"admin\",\"image\":{\"@type\":\"ImageObject\",\"inLanguage\":\"hu-HU\",\"@id\":\"https:\/\/secure.gravatar.com\/avatar\/d6862d2a795ca0130d2a9b58ff4226e06bc79aa7240e35cbed810a10d01485d3?s=96&d=mm&r=g\",\"url\":\"https:\/\/secure.gravatar.com\/avatar\/d6862d2a795ca0130d2a9b58ff4226e06bc79aa7240e35cbed810a10d01485d3?s=96&d=mm&r=g\",\"contentUrl\":\"https:\/\/secure.gravatar.com\/avatar\/d6862d2a795ca0130d2a9b58ff4226e06bc79aa7240e35cbed810a10d01485d3?s=96&d=mm&r=g\",\"caption\":\"admin\"},\"sameAs\":[\"https:\/\/www.smedemokrati.sk\"],\"url\":\"https:\/\/www.smedemokrati.sk\/hu\/author\/admin\/\"}]}<\/script>\n<!-- \/ Yoast SEO plugin. -->","yoast_head_json":{"title":"Kristi\u00e1n \u010cekovsk\u00fd: Po\u010das m\u00f4jho p\u00f4sobenia vo veden\u00ed medi\u00e1lneho v\u00fdboru si Slovensko v\u00fdrazne zlep\u0161ilo poz\u00edciu v rebr\u00ed\u010dku slobody tla\u010de - Smedemokrati.sk","robots":{"index":"index","follow":"follow","max-snippet":"max-snippet:-1","max-image-preview":"max-image-preview:large","max-video-preview":"max-video-preview:-1"},"canonical":"https:\/\/www.smedemokrati.sk\/hu\/kristian-cekovsky-pocas-mojho-posobenia-vo-vedeni-medialneho-vyboru-si-slovensko-vyrazne-zlepsilo-poziciu-v-rebricku-slobody-tlace\/","og_locale":"hu_HU","og_type":"article","og_title":"Kristi\u00e1n \u010cekovsk\u00fd: Po\u010das m\u00f4jho p\u00f4sobenia vo veden\u00ed medi\u00e1lneho v\u00fdboru si Slovensko v\u00fdrazne zlep\u0161ilo poz\u00edciu v rebr\u00ed\u010dku slobody tla\u010de - Smedemokrati.sk","og_description":"B\u00fdval\u00fd predseda V\u00fdboru NR SR pre kult\u00faru a m\u00e9di\u00e1 Kristi\u00e1n \u010cekovsk\u00fd (Demokrati) za d\u00f4vod svojho odvolania pova\u017euje snahu o zlep\u0161ovanie medi\u00e1lneho prostredia na Slovensku a v\u00e4\u010d\u0161iu ochranu novin\u00e1rov. D\u00f4vody na odvolanie neobsahovali \u017eiadne argumenty, ale napriek tomu sa k Smeru, Hlasu a fa\u0161istom pridali niektor\u00ed poslanci hnutia Sme rodina a O\u013dANO. \u201eNapriek tomu, \u017ee hlasovanie [&hellip;]","og_url":"https:\/\/www.smedemokrati.sk\/hu\/kristian-cekovsky-pocas-mojho-posobenia-vo-vedeni-medialneho-vyboru-si-slovensko-vyrazne-zlepsilo-poziciu-v-rebricku-slobody-tlace\/","og_site_name":"Smedemokrati.sk","article_publisher":"https:\/\/www.facebook.com\/smedemokrati2023","article_published_time":"2023-04-06T11:39:46+00:00","article_modified_time":"2023-04-12T10:17:53+00:00","og_image":[{"width":2048,"height":1365,"url":"https:\/\/www.smedemokrati.sk\/wp-content\/uploads\/2023\/04\/KC_1-2.jpg","type":"image\/jpeg"}],"author":"admin","twitter_card":"summary_large_image","twitter_misc":{"Szerz\u0151:":"admin","Becs\u00fclt olvas\u00e1si id\u0151":"2 perc"},"schema":{"@context":"https:\/\/schema.org","@graph":[{"@type":"Article","@id":"https:\/\/www.smedemokrati.sk\/kristian-cekovsky-pocas-mojho-posobenia-vo-vedeni-medialneho-vyboru-si-slovensko-vyrazne-zlepsilo-poziciu-v-rebricku-slobody-tlace\/#article","isPartOf":{"@id":"https:\/\/www.smedemokrati.sk\/kristian-cekovsky-pocas-mojho-posobenia-vo-vedeni-medialneho-vyboru-si-slovensko-vyrazne-zlepsilo-poziciu-v-rebricku-slobody-tlace\/"},"author":{"name":"admin","@id":"https:\/\/www.smedemokrati.sk\/#\/schema\/person\/dee9d51e8f3108fd58bc46fcc124934d"},"headline":"Kristi\u00e1n \u010cekovsk\u00fd: Po\u010das m\u00f4jho p\u00f4sobenia vo veden\u00ed medi\u00e1lneho v\u00fdboru si Slovensko v\u00fdrazne zlep\u0161ilo poz\u00edciu v rebr\u00ed\u010dku slobody tla\u010de","datePublished":"2023-04-06T11:39:46+00:00","dateModified":"2023-04-12T10:17:53+00:00","mainEntityOfPage":{"@id":"https:\/\/www.smedemokrati.sk\/kristian-cekovsky-pocas-mojho-posobenia-vo-vedeni-medialneho-vyboru-si-slovensko-vyrazne-zlepsilo-poziciu-v-rebricku-slobody-tlace\/"},"wordCount":353,"publisher":{"@id":"https:\/\/www.smedemokrati.sk\/#organization"},"image":{"@id":"https:\/\/www.smedemokrati.sk\/kristian-cekovsky-pocas-mojho-posobenia-vo-vedeni-medialneho-vyboru-si-slovensko-vyrazne-zlepsilo-poziciu-v-rebricku-slobody-tlace\/#primaryimage"},"thumbnailUrl":"https:\/\/www.smedemokrati.sk\/wp-content\/uploads\/2023\/04\/KC_1-2.jpg","articleSection":["Tla\u010dov\u00e9 spr\u00e1vy"],"inLanguage":"hu-HU"},{"@type":"WebPage","@id":"https:\/\/www.smedemokrati.sk\/kristian-cekovsky-pocas-mojho-posobenia-vo-vedeni-medialneho-vyboru-si-slovensko-vyrazne-zlepsilo-poziciu-v-rebricku-slobody-tlace\/","url":"https:\/\/www.smedemokrati.sk\/kristian-cekovsky-pocas-mojho-posobenia-vo-vedeni-medialneho-vyboru-si-slovensko-vyrazne-zlepsilo-poziciu-v-rebricku-slobody-tlace\/","name":"Kristi\u00e1n \u010cekovsk\u00fd: Po\u010das m\u00f4jho p\u00f4sobenia vo veden\u00ed medi\u00e1lneho v\u00fdboru si Slovensko v\u00fdrazne zlep\u0161ilo poz\u00edciu v rebr\u00ed\u010dku slobody tla\u010de - Smedemokrati.sk","isPartOf":{"@id":"https:\/\/www.smedemokrati.sk\/#website"},"primaryImageOfPage":{"@id":"https:\/\/www.smedemokrati.sk\/kristian-cekovsky-pocas-mojho-posobenia-vo-vedeni-medialneho-vyboru-si-slovensko-vyrazne-zlepsilo-poziciu-v-rebricku-slobody-tlace\/#primaryimage"},"image":{"@id":"https:\/\/www.smedemokrati.sk\/kristian-cekovsky-pocas-mojho-posobenia-vo-vedeni-medialneho-vyboru-si-slovensko-vyrazne-zlepsilo-poziciu-v-rebricku-slobody-tlace\/#primaryimage"},"thumbnailUrl":"https:\/\/www.smedemokrati.sk\/wp-content\/uploads\/2023\/04\/KC_1-2.jpg","datePublished":"2023-04-06T11:39:46+00:00","dateModified":"2023-04-12T10:17:53+00:00","breadcrumb":{"@id":"https:\/\/www.smedemokrati.sk\/kristian-cekovsky-pocas-mojho-posobenia-vo-vedeni-medialneho-vyboru-si-slovensko-vyrazne-zlepsilo-poziciu-v-rebricku-slobody-tlace\/#breadcrumb"},"inLanguage":"hu-HU","potentialAction":[{"@type":"ReadAction","target":["https:\/\/www.smedemokrati.sk\/kristian-cekovsky-pocas-mojho-posobenia-vo-vedeni-medialneho-vyboru-si-slovensko-vyrazne-zlepsilo-poziciu-v-rebricku-slobody-tlace\/"]}]},{"@type":"ImageObject","inLanguage":"hu-HU","@id":"https:\/\/www.smedemokrati.sk\/kristian-cekovsky-pocas-mojho-posobenia-vo-vedeni-medialneho-vyboru-si-slovensko-vyrazne-zlepsilo-poziciu-v-rebricku-slobody-tlace\/#primaryimage","url":"https:\/\/www.smedemokrati.sk\/wp-content\/uploads\/2023\/04\/KC_1-2.jpg","contentUrl":"https:\/\/www.smedemokrati.sk\/wp-content\/uploads\/2023\/04\/KC_1-2.jpg","width":2048,"height":1365},{"@type":"BreadcrumbList","@id":"https:\/\/www.smedemokrati.sk\/kristian-cekovsky-pocas-mojho-posobenia-vo-vedeni-medialneho-vyboru-si-slovensko-vyrazne-zlepsilo-poziciu-v-rebricku-slobody-tlace\/#breadcrumb","itemListElement":[{"@type":"ListItem","position":1,"name":"Domovsk\u00e1 str\u00e1nka","item":"https:\/\/www.smedemokrati.sk\/"},{"@type":"ListItem","position":2,"name":"Kristi\u00e1n \u010cekovsk\u00fd: Po\u010das m\u00f4jho p\u00f4sobenia vo veden\u00ed medi\u00e1lneho v\u00fdboru si Slovensko v\u00fdrazne zlep\u0161ilo poz\u00edciu v rebr\u00ed\u010dku slobody tla\u010de"}]},{"@type":"WebSite","@id":"https:\/\/www.smedemokrati.sk\/#website","url":"https:\/\/www.smedemokrati.sk\/","name":"Smedemokrati.sk","description":"Demokracia a slu\u0161nos\u0165 zv\u00ed\u0165az\u00ed","publisher":{"@id":"https:\/\/www.smedemokrati.sk\/#organization"},"potentialAction":[{"@type":"SearchAction","target":{"@type":"EntryPoint","urlTemplate":"https:\/\/www.smedemokrati.sk\/?s={search_term_string}"},"query-input":{"@type":"PropertyValueSpecification","valueRequired":true,"valueName":"search_term_string"}}],"inLanguage":"hu-HU"},{"@type":"Organization","@id":"https:\/\/www.smedemokrati.sk\/#organization","name":"Smedemokrati.sk","url":"https:\/\/www.smedemokrati.sk\/","logo":{"@type":"ImageObject","inLanguage":"hu-HU","@id":"https:\/\/www.smedemokrati.sk\/#\/schema\/logo\/image\/","url":"https:\/\/www.smedemokrati.sk\/wp-content\/uploads\/2023\/04\/ff.002.jpeg","contentUrl":"https:\/\/www.smedemokrati.sk\/wp-content\/uploads\/2023\/04\/ff.002.jpeg","width":640,"height":480,"caption":"Smedemokrati.sk"},"image":{"@id":"https:\/\/www.smedemokrati.sk\/#\/schema\/logo\/image\/"},"sameAs":["https:\/\/www.facebook.com\/smedemokrati2023"]},{"@type":"Person","@id":"https:\/\/www.smedemokrati.sk\/#\/schema\/person\/dee9d51e8f3108fd58bc46fcc124934d","name":"admin","image":{"@type":"ImageObject","inLanguage":"hu-HU","@id":"https:\/\/secure.gravatar.com\/avatar\/d6862d2a795ca0130d2a9b58ff4226e06bc79aa7240e35cbed810a10d01485d3?s=96&d=mm&r=g","url":"https:\/\/secure.gravatar.com\/avatar\/d6862d2a795ca0130d2a9b58ff4226e06bc79aa7240e35cbed810a10d01485d3?s=96&d=mm&r=g","contentUrl":"https:\/\/secure.gravatar.com\/avatar\/d6862d2a795ca0130d2a9b58ff4226e06bc79aa7240e35cbed810a10d01485d3?s=96&d=mm&r=g","caption":"admin"},"sameAs":["https:\/\/www.smedemokrati.sk"],"url":"https:\/\/www.smedemokrati.sk\/hu\/author\/admin\/"}]}},"_links":{"self":[{"href":"https:\/\/www.smedemokrati.sk\/hu\/wp-json\/wp\/v2\/posts\/280","targetHints":{"allow":["GET"]}}],"collection":[{"href":"https:\/\/www.smedemokrati.sk\/hu\/wp-json\/wp\/v2\/posts"}],"about":[{"href":"https:\/\/www.smedemokrati.sk\/hu\/wp-json\/wp\/v2\/types\/post"}],"author":[{"embeddable":true,"href":"https:\/\/www.smedemokrati.sk\/hu\/wp-json\/wp\/v2\/users\/1"}],"replies":[{"embeddable":true,"href":"https:\/\/www.smedemokrati.sk\/hu\/wp-json\/wp\/v2\/comments?post=280"}],"version-history":[{"count":0,"href":"https:\/\/www.smedemokrati.sk\/hu\/wp-json\/wp\/v2\/posts\/280\/revisions"}],"wp:featuredmedia":[{"embeddable":true,"href":"https:\/\/www.smedemokrati.sk\/hu\/wp-json\/wp\/v2\/media\/411"}],"wp:attachment":[{"href":"https:\/\/www.smedemokrati.sk\/hu\/wp-json\/wp\/v2\/media?parent=280"}],"wp:term":[{"taxonomy":"category","embeddable":true,"href":"https:\/\/www.smedemokrati.sk\/hu\/wp-json\/wp\/v2\/categories?post=280"},{"taxonomy":"post_tag","embeddable":true,"href":"https:\/\/www.smedemokrati.sk\/hu\/wp-json\/wp\/v2\/tags?post=280"}],"curies":[{"name":"wp","href":"https:\/\/api.w.org\/{rel}","templated":true}]}}