{"id":276,"date":"2023-04-06T11:37:22","date_gmt":"2023-04-06T11:37:22","guid":{"rendered":"https:\/\/www.smedemokrati.sk\/?p=276"},"modified":"2023-04-12T10:14:22","modified_gmt":"2023-04-12T10:14:22","slug":"stanovisko-strany-demokrati-k-poskytnutiu-stihaciek-mig-29-ukrajine","status":"publish","type":"post","link":"https:\/\/www.smedemokrati.sk\/hu\/stanovisko-strany-demokrati-k-poskytnutiu-stihaciek-mig-29-ukrajine\/","title":{"rendered":"Stanovisko strany Demokrati k poskytnutiu st\u00edha\u010diek MiG-29 Ukrajine"},"content":{"rendered":"<div id=\"fb-root\"><\/div>\n\n<p>Strana Demokrati v\u00edta rozhodnutie vl\u00e1dy SR o poskytnut\u00ed st\u00edha\u010diek MiG-29, dvoch odpa\u013eovac\u00edch zariaden\u00ed a pr\u00edslu\u0161enstva syst\u00e9mu protivzdu\u0161nej obrany KUB Ukrajine. Schv\u00e1len\u00e1 medzivl\u00e1dna dohoda je pod\u013ea Demokratov hodnotovo spr\u00e1vna a \u00fastavne \u010dist\u00e1. Z\u00e1rove\u0148 je v s\u00falade s medzin\u00e1rodn\u00fdm pr\u00e1vom a s Chartou OSN, definuj\u00facou pr\u00e1vo na individu\u00e1lnu alebo kolekt\u00edvnu sebaobranu v pr\u00edpade ozbrojen\u00e9ho \u00fatoku proti \u010dlenovi OSN. Dne\u0161n\u00e9 rozhodnutie vl\u00e1dy je spr\u00e1vne a opodstatnen\u00e9 nielen v zmysle platnej legislat\u00edvy, ale tie\u017e mor\u00e1lnych hodn\u00f4t, ktor\u00e9 s\u00fa z\u00e1kladom v\u0161etk\u00fdch demokratick\u00fdch kraj\u00edn.<\/p>\n\n\n\n<p>\u201ePredo\u0161l\u00e9 vl\u00e1dy rozhodli o osude sovietskych st\u00edha\u010diek, a to v momente obstarania americk\u00fd st\u00edha\u010diek F-16. Lietadl\u00e1 MiG-29 s\u00fa uzemnen\u00e9, nevieme ich narozdiel od Ukrajiny servisova\u0165 a nem\u00e1me na nich dostatok pilotov. Pre Slovensko s\u00fa nepou\u017eite\u013en\u00e9. Navy\u0161e, aj t\u00e1to pomoc bude preplaten\u00e1 vo forme financi\u00ed z Eur\u00f3pskeho mierov\u00e9ho n\u00e1stroja a tie\u017e \u010fal\u0161ieho vojensk\u00e9ho materi\u00e1lu od spojencov. V prvom rade by sme ale mali by\u0165 \u013eudia a urobi\u0165 v\u0161etko pre to, aby sa krajina, ktor\u00e1 bola napadnut\u00e1 Ruskom mohla br\u00e1ni\u0165,\u201d uviedol minister obrany SR a podpredseda strany Demokrati Jaroslav Na\u010f. Ako dodal, darovan\u00edm st\u00edha\u010diek Slovensko nie je bli\u017e\u0161ie k vojnov\u00e9mu konfliktu, ako sa to sna\u017eia prezentova\u0165 opozi\u010dn\u00ed politici opakuj\u00faci stanovisk\u00e1 Moskvy a t\u00fdmto krokom nie je nijak\u00fdm sp\u00f4sobom zn\u00ed\u017een\u00e1 obranyschopnos\u0165 Slovenska.<\/p>\n\n\n\n<p>\u201eAko Demokrati stoj\u00edme pevne na strane n\u00e1\u0161ho napadnut\u00e9ho suseda a pova\u017eujeme za d\u00f4le\u017eit\u00e9 pokra\u010dova\u0165 v pomoci Ukrajine humanit\u00e1rne, ale aj prostredn\u00edctvom darovania vojensk\u00e9ho materi\u00e1lu. Presne tak, ako to rob\u00ed vy\u0161e 60 kraj\u00edn sveta. A to a\u017e do momentu, k\u00fdm Rusk\u00e1 feder\u00e1cia neprestane s \u00fato\u010dn\u00fdmi aktivitami a agresiou na suver\u00e9nnom \u00fazem\u00ed n\u00e1\u0161ho suseda,\u201c povedal podpredseda Demokratov Miroslav Koll\u00e1r.<\/p>\n\n\n\n<p>Sovietske lietadl\u00e1 s\u00fa pre obranu Slovenska u\u017e nepou\u017eite\u013en\u00e9. V\u00fdznamne v\u0161ak prispej\u00fa k obrane Ukrajiny pred nevyprovokovanou vojenskou agresiou Ruskej feder\u00e1cie. Rozhodnutie bolo prijat\u00e9 v koordin\u00e1cii s Po\u013eskom a \u010fal\u0161\u00edmi spojencami. Navy\u0161e, darovanie lietadiel bude finan\u010dne kompenzovan\u00e9, \u010das\u0165 z tzv. Eur\u00f3pskeho mierov\u00e9ho n\u00e1stroja a tie\u017e konkr\u00e9tnej ponuky od spojencov vo forme vojenskej techniky pre slovensk\u00e9 ozbrojen\u00e9 sily. V\u010faka tomu z\u00edskaj\u00fa OSSR sp\u00f4sobilos\u0165, ktorou doposia\u013e nedisponovali.<\/p>\n","protected":false},"excerpt":{"rendered":"<p>Strana Demokrati v\u00edta rozhodnutie vl\u00e1dy SR o poskytnut\u00ed st\u00edha\u010diek MiG-29, dvoch odpa\u013eovac\u00edch zariaden\u00ed a pr\u00edslu\u0161enstva syst\u00e9mu protivzdu\u0161nej obrany KUB Ukrajine. Schv\u00e1len\u00e1 medzivl\u00e1dna dohoda je pod\u013ea Demokratov hodnotovo spr\u00e1vna a \u00fastavne \u010dist\u00e1. Z\u00e1rove\u0148 je v s\u00falade s medzin\u00e1rodn\u00fdm pr\u00e1vom a s Chartou OSN, definuj\u00facou pr\u00e1vo na individu\u00e1lnu alebo kolekt\u00edvnu sebaobranu v pr\u00edpade ozbrojen\u00e9ho \u00fatoku proti \u010dlenovi [&hellip;]<\/p>\n","protected":false},"author":1,"featured_media":407,"comment_status":"closed","ping_status":"closed","sticky":false,"template":"","format":"standard","meta":{"_acf_changed":false,"ngg_post_thumbnail":0,"footnotes":""},"categories":[4],"tags":[],"class_list":["post-276","post","type-post","status-publish","format-standard","has-post-thumbnail","hentry","category-tlacove-spravy"],"acf":[],"yoast_head":"<!-- This site is optimized with the Yoast SEO plugin v27.2 - https:\/\/yoast.com\/product\/yoast-seo-wordpress\/ -->\n<title>Stanovisko strany Demokrati k poskytnutiu st\u00edha\u010diek MiG-29 Ukrajine - Smedemokrati.sk<\/title>\n<meta name=\"robots\" content=\"index, follow, max-snippet:-1, max-image-preview:large, max-video-preview:-1\" \/>\n<link rel=\"canonical\" href=\"https:\/\/www.smedemokrati.sk\/hu\/stanovisko-strany-demokrati-k-poskytnutiu-stihaciek-mig-29-ukrajine\/\" \/>\n<meta property=\"og:locale\" content=\"hu_HU\" \/>\n<meta property=\"og:locale:alternate\" content=\"en_US\" \/>\n<meta property=\"og:locale:alternate\" content=\"cs_CZ\" \/>\n<meta property=\"og:locale:alternate\" content=\"sk_SK\" \/>\n<meta property=\"og:locale:alternate\" content=\"sv_SE\" \/>\n<meta property=\"og:type\" content=\"article\" \/>\n<meta property=\"og:title\" content=\"Stanovisko strany Demokrati k poskytnutiu st\u00edha\u010diek MiG-29 Ukrajine - Smedemokrati.sk\" \/>\n<meta property=\"og:description\" content=\"Strana Demokrati v\u00edta rozhodnutie vl\u00e1dy SR o poskytnut\u00ed st\u00edha\u010diek MiG-29, dvoch odpa\u013eovac\u00edch zariaden\u00ed a pr\u00edslu\u0161enstva syst\u00e9mu protivzdu\u0161nej obrany KUB Ukrajine. Schv\u00e1len\u00e1 medzivl\u00e1dna dohoda je pod\u013ea Demokratov hodnotovo spr\u00e1vna a \u00fastavne \u010dist\u00e1. Z\u00e1rove\u0148 je v s\u00falade s medzin\u00e1rodn\u00fdm pr\u00e1vom a s Chartou OSN, definuj\u00facou pr\u00e1vo na individu\u00e1lnu alebo kolekt\u00edvnu sebaobranu v pr\u00edpade ozbrojen\u00e9ho \u00fatoku proti \u010dlenovi [&hellip;]\" \/>\n<meta property=\"og:url\" content=\"https:\/\/www.smedemokrati.sk\/hu\/stanovisko-strany-demokrati-k-poskytnutiu-stihaciek-mig-29-ukrajine\/\" \/>\n<meta property=\"og:site_name\" content=\"Smedemokrati.sk\" \/>\n<meta property=\"article:publisher\" content=\"https:\/\/www.facebook.com\/smedemokrati2023\" \/>\n<meta property=\"article:published_time\" content=\"2023-04-06T11:37:22+00:00\" \/>\n<meta property=\"article:modified_time\" content=\"2023-04-12T10:14:22+00:00\" \/>\n<meta property=\"og:image\" content=\"https:\/\/www.smedemokrati.sk\/wp-content\/uploads\/2023\/04\/ff.001.jpeg\" \/>\n\t<meta property=\"og:image:width\" content=\"640\" \/>\n\t<meta property=\"og:image:height\" content=\"480\" \/>\n\t<meta property=\"og:image:type\" content=\"image\/jpeg\" \/>\n<meta name=\"author\" content=\"admin\" \/>\n<meta name=\"twitter:card\" content=\"summary_large_image\" \/>\n<meta name=\"twitter:label1\" content=\"Szerz\u0151:\" \/>\n\t<meta name=\"twitter:data1\" content=\"admin\" \/>\n\t<meta name=\"twitter:label2\" content=\"Becs\u00fclt olvas\u00e1si id\u0151\" \/>\n\t<meta name=\"twitter:data2\" content=\"2 perc\" \/>\n<script type=\"application\/ld+json\" class=\"yoast-schema-graph\">{\"@context\":\"https:\/\/schema.org\",\"@graph\":[{\"@type\":\"Article\",\"@id\":\"https:\/\/www.smedemokrati.sk\/stanovisko-strany-demokrati-k-poskytnutiu-stihaciek-mig-29-ukrajine\/#article\",\"isPartOf\":{\"@id\":\"https:\/\/www.smedemokrati.sk\/stanovisko-strany-demokrati-k-poskytnutiu-stihaciek-mig-29-ukrajine\/\"},\"author\":{\"name\":\"admin\",\"@id\":\"https:\/\/www.smedemokrati.sk\/#\/schema\/person\/dee9d51e8f3108fd58bc46fcc124934d\"},\"headline\":\"Stanovisko strany Demokrati k poskytnutiu st\u00edha\u010diek MiG-29 Ukrajine\",\"datePublished\":\"2023-04-06T11:37:22+00:00\",\"dateModified\":\"2023-04-12T10:14:22+00:00\",\"mainEntityOfPage\":{\"@id\":\"https:\/\/www.smedemokrati.sk\/stanovisko-strany-demokrati-k-poskytnutiu-stihaciek-mig-29-ukrajine\/\"},\"wordCount\":431,\"publisher\":{\"@id\":\"https:\/\/www.smedemokrati.sk\/#organization\"},\"image\":{\"@id\":\"https:\/\/www.smedemokrati.sk\/stanovisko-strany-demokrati-k-poskytnutiu-stihaciek-mig-29-ukrajine\/#primaryimage\"},\"thumbnailUrl\":\"https:\/\/www.smedemokrati.sk\/wp-content\/uploads\/2023\/04\/ff.001.jpeg\",\"articleSection\":[\"Tla\u010dov\u00e9 spr\u00e1vy\"],\"inLanguage\":\"hu-HU\"},{\"@type\":\"WebPage\",\"@id\":\"https:\/\/www.smedemokrati.sk\/stanovisko-strany-demokrati-k-poskytnutiu-stihaciek-mig-29-ukrajine\/\",\"url\":\"https:\/\/www.smedemokrati.sk\/stanovisko-strany-demokrati-k-poskytnutiu-stihaciek-mig-29-ukrajine\/\",\"name\":\"Stanovisko strany Demokrati k poskytnutiu st\u00edha\u010diek MiG-29 Ukrajine - Smedemokrati.sk\",\"isPartOf\":{\"@id\":\"https:\/\/www.smedemokrati.sk\/#website\"},\"primaryImageOfPage\":{\"@id\":\"https:\/\/www.smedemokrati.sk\/stanovisko-strany-demokrati-k-poskytnutiu-stihaciek-mig-29-ukrajine\/#primaryimage\"},\"image\":{\"@id\":\"https:\/\/www.smedemokrati.sk\/stanovisko-strany-demokrati-k-poskytnutiu-stihaciek-mig-29-ukrajine\/#primaryimage\"},\"thumbnailUrl\":\"https:\/\/www.smedemokrati.sk\/wp-content\/uploads\/2023\/04\/ff.001.jpeg\",\"datePublished\":\"2023-04-06T11:37:22+00:00\",\"dateModified\":\"2023-04-12T10:14:22+00:00\",\"breadcrumb\":{\"@id\":\"https:\/\/www.smedemokrati.sk\/stanovisko-strany-demokrati-k-poskytnutiu-stihaciek-mig-29-ukrajine\/#breadcrumb\"},\"inLanguage\":\"hu-HU\",\"potentialAction\":[{\"@type\":\"ReadAction\",\"target\":[\"https:\/\/www.smedemokrati.sk\/stanovisko-strany-demokrati-k-poskytnutiu-stihaciek-mig-29-ukrajine\/\"]}]},{\"@type\":\"ImageObject\",\"inLanguage\":\"hu-HU\",\"@id\":\"https:\/\/www.smedemokrati.sk\/stanovisko-strany-demokrati-k-poskytnutiu-stihaciek-mig-29-ukrajine\/#primaryimage\",\"url\":\"https:\/\/www.smedemokrati.sk\/wp-content\/uploads\/2023\/04\/ff.001.jpeg\",\"contentUrl\":\"https:\/\/www.smedemokrati.sk\/wp-content\/uploads\/2023\/04\/ff.001.jpeg\",\"width\":640,\"height\":480},{\"@type\":\"BreadcrumbList\",\"@id\":\"https:\/\/www.smedemokrati.sk\/stanovisko-strany-demokrati-k-poskytnutiu-stihaciek-mig-29-ukrajine\/#breadcrumb\",\"itemListElement\":[{\"@type\":\"ListItem\",\"position\":1,\"name\":\"Domovsk\u00e1 str\u00e1nka\",\"item\":\"https:\/\/www.smedemokrati.sk\/\"},{\"@type\":\"ListItem\",\"position\":2,\"name\":\"Stanovisko strany Demokrati k poskytnutiu st\u00edha\u010diek MiG-29 Ukrajine\"}]},{\"@type\":\"WebSite\",\"@id\":\"https:\/\/www.smedemokrati.sk\/#website\",\"url\":\"https:\/\/www.smedemokrati.sk\/\",\"name\":\"Smedemokrati.sk\",\"description\":\"Demokracia a slu\u0161nos\u0165 zv\u00ed\u0165az\u00ed\",\"publisher\":{\"@id\":\"https:\/\/www.smedemokrati.sk\/#organization\"},\"potentialAction\":[{\"@type\":\"SearchAction\",\"target\":{\"@type\":\"EntryPoint\",\"urlTemplate\":\"https:\/\/www.smedemokrati.sk\/?s={search_term_string}\"},\"query-input\":{\"@type\":\"PropertyValueSpecification\",\"valueRequired\":true,\"valueName\":\"search_term_string\"}}],\"inLanguage\":\"hu-HU\"},{\"@type\":\"Organization\",\"@id\":\"https:\/\/www.smedemokrati.sk\/#organization\",\"name\":\"Smedemokrati.sk\",\"url\":\"https:\/\/www.smedemokrati.sk\/\",\"logo\":{\"@type\":\"ImageObject\",\"inLanguage\":\"hu-HU\",\"@id\":\"https:\/\/www.smedemokrati.sk\/#\/schema\/logo\/image\/\",\"url\":\"https:\/\/www.smedemokrati.sk\/wp-content\/uploads\/2023\/04\/ff.002.jpeg\",\"contentUrl\":\"https:\/\/www.smedemokrati.sk\/wp-content\/uploads\/2023\/04\/ff.002.jpeg\",\"width\":640,\"height\":480,\"caption\":\"Smedemokrati.sk\"},\"image\":{\"@id\":\"https:\/\/www.smedemokrati.sk\/#\/schema\/logo\/image\/\"},\"sameAs\":[\"https:\/\/www.facebook.com\/smedemokrati2023\"]},{\"@type\":\"Person\",\"@id\":\"https:\/\/www.smedemokrati.sk\/#\/schema\/person\/dee9d51e8f3108fd58bc46fcc124934d\",\"name\":\"admin\",\"image\":{\"@type\":\"ImageObject\",\"inLanguage\":\"hu-HU\",\"@id\":\"https:\/\/secure.gravatar.com\/avatar\/d6862d2a795ca0130d2a9b58ff4226e06bc79aa7240e35cbed810a10d01485d3?s=96&d=mm&r=g\",\"url\":\"https:\/\/secure.gravatar.com\/avatar\/d6862d2a795ca0130d2a9b58ff4226e06bc79aa7240e35cbed810a10d01485d3?s=96&d=mm&r=g\",\"contentUrl\":\"https:\/\/secure.gravatar.com\/avatar\/d6862d2a795ca0130d2a9b58ff4226e06bc79aa7240e35cbed810a10d01485d3?s=96&d=mm&r=g\",\"caption\":\"admin\"},\"sameAs\":[\"https:\/\/www.smedemokrati.sk\"],\"url\":\"https:\/\/www.smedemokrati.sk\/hu\/author\/admin\/\"}]}<\/script>\n<!-- \/ Yoast SEO plugin. -->","yoast_head_json":{"title":"Stanovisko strany Demokrati k poskytnutiu st\u00edha\u010diek MiG-29 Ukrajine - Smedemokrati.sk","robots":{"index":"index","follow":"follow","max-snippet":"max-snippet:-1","max-image-preview":"max-image-preview:large","max-video-preview":"max-video-preview:-1"},"canonical":"https:\/\/www.smedemokrati.sk\/hu\/stanovisko-strany-demokrati-k-poskytnutiu-stihaciek-mig-29-ukrajine\/","og_locale":"hu_HU","og_type":"article","og_title":"Stanovisko strany Demokrati k poskytnutiu st\u00edha\u010diek MiG-29 Ukrajine - Smedemokrati.sk","og_description":"Strana Demokrati v\u00edta rozhodnutie vl\u00e1dy SR o poskytnut\u00ed st\u00edha\u010diek MiG-29, dvoch odpa\u013eovac\u00edch zariaden\u00ed a pr\u00edslu\u0161enstva syst\u00e9mu protivzdu\u0161nej obrany KUB Ukrajine. Schv\u00e1len\u00e1 medzivl\u00e1dna dohoda je pod\u013ea Demokratov hodnotovo spr\u00e1vna a \u00fastavne \u010dist\u00e1. Z\u00e1rove\u0148 je v s\u00falade s medzin\u00e1rodn\u00fdm pr\u00e1vom a s Chartou OSN, definuj\u00facou pr\u00e1vo na individu\u00e1lnu alebo kolekt\u00edvnu sebaobranu v pr\u00edpade ozbrojen\u00e9ho \u00fatoku proti \u010dlenovi [&hellip;]","og_url":"https:\/\/www.smedemokrati.sk\/hu\/stanovisko-strany-demokrati-k-poskytnutiu-stihaciek-mig-29-ukrajine\/","og_site_name":"Smedemokrati.sk","article_publisher":"https:\/\/www.facebook.com\/smedemokrati2023","article_published_time":"2023-04-06T11:37:22+00:00","article_modified_time":"2023-04-12T10:14:22+00:00","og_image":[{"width":640,"height":480,"url":"https:\/\/www.smedemokrati.sk\/wp-content\/uploads\/2023\/04\/ff.001.jpeg","type":"image\/jpeg"}],"author":"admin","twitter_card":"summary_large_image","twitter_misc":{"Szerz\u0151:":"admin","Becs\u00fclt olvas\u00e1si id\u0151":"2 perc"},"schema":{"@context":"https:\/\/schema.org","@graph":[{"@type":"Article","@id":"https:\/\/www.smedemokrati.sk\/stanovisko-strany-demokrati-k-poskytnutiu-stihaciek-mig-29-ukrajine\/#article","isPartOf":{"@id":"https:\/\/www.smedemokrati.sk\/stanovisko-strany-demokrati-k-poskytnutiu-stihaciek-mig-29-ukrajine\/"},"author":{"name":"admin","@id":"https:\/\/www.smedemokrati.sk\/#\/schema\/person\/dee9d51e8f3108fd58bc46fcc124934d"},"headline":"Stanovisko strany Demokrati k poskytnutiu st\u00edha\u010diek MiG-29 Ukrajine","datePublished":"2023-04-06T11:37:22+00:00","dateModified":"2023-04-12T10:14:22+00:00","mainEntityOfPage":{"@id":"https:\/\/www.smedemokrati.sk\/stanovisko-strany-demokrati-k-poskytnutiu-stihaciek-mig-29-ukrajine\/"},"wordCount":431,"publisher":{"@id":"https:\/\/www.smedemokrati.sk\/#organization"},"image":{"@id":"https:\/\/www.smedemokrati.sk\/stanovisko-strany-demokrati-k-poskytnutiu-stihaciek-mig-29-ukrajine\/#primaryimage"},"thumbnailUrl":"https:\/\/www.smedemokrati.sk\/wp-content\/uploads\/2023\/04\/ff.001.jpeg","articleSection":["Tla\u010dov\u00e9 spr\u00e1vy"],"inLanguage":"hu-HU"},{"@type":"WebPage","@id":"https:\/\/www.smedemokrati.sk\/stanovisko-strany-demokrati-k-poskytnutiu-stihaciek-mig-29-ukrajine\/","url":"https:\/\/www.smedemokrati.sk\/stanovisko-strany-demokrati-k-poskytnutiu-stihaciek-mig-29-ukrajine\/","name":"Stanovisko strany Demokrati k poskytnutiu st\u00edha\u010diek MiG-29 Ukrajine - Smedemokrati.sk","isPartOf":{"@id":"https:\/\/www.smedemokrati.sk\/#website"},"primaryImageOfPage":{"@id":"https:\/\/www.smedemokrati.sk\/stanovisko-strany-demokrati-k-poskytnutiu-stihaciek-mig-29-ukrajine\/#primaryimage"},"image":{"@id":"https:\/\/www.smedemokrati.sk\/stanovisko-strany-demokrati-k-poskytnutiu-stihaciek-mig-29-ukrajine\/#primaryimage"},"thumbnailUrl":"https:\/\/www.smedemokrati.sk\/wp-content\/uploads\/2023\/04\/ff.001.jpeg","datePublished":"2023-04-06T11:37:22+00:00","dateModified":"2023-04-12T10:14:22+00:00","breadcrumb":{"@id":"https:\/\/www.smedemokrati.sk\/stanovisko-strany-demokrati-k-poskytnutiu-stihaciek-mig-29-ukrajine\/#breadcrumb"},"inLanguage":"hu-HU","potentialAction":[{"@type":"ReadAction","target":["https:\/\/www.smedemokrati.sk\/stanovisko-strany-demokrati-k-poskytnutiu-stihaciek-mig-29-ukrajine\/"]}]},{"@type":"ImageObject","inLanguage":"hu-HU","@id":"https:\/\/www.smedemokrati.sk\/stanovisko-strany-demokrati-k-poskytnutiu-stihaciek-mig-29-ukrajine\/#primaryimage","url":"https:\/\/www.smedemokrati.sk\/wp-content\/uploads\/2023\/04\/ff.001.jpeg","contentUrl":"https:\/\/www.smedemokrati.sk\/wp-content\/uploads\/2023\/04\/ff.001.jpeg","width":640,"height":480},{"@type":"BreadcrumbList","@id":"https:\/\/www.smedemokrati.sk\/stanovisko-strany-demokrati-k-poskytnutiu-stihaciek-mig-29-ukrajine\/#breadcrumb","itemListElement":[{"@type":"ListItem","position":1,"name":"Domovsk\u00e1 str\u00e1nka","item":"https:\/\/www.smedemokrati.sk\/"},{"@type":"ListItem","position":2,"name":"Stanovisko strany Demokrati k poskytnutiu st\u00edha\u010diek MiG-29 Ukrajine"}]},{"@type":"WebSite","@id":"https:\/\/www.smedemokrati.sk\/#website","url":"https:\/\/www.smedemokrati.sk\/","name":"Smedemokrati.sk","description":"Demokracia a slu\u0161nos\u0165 zv\u00ed\u0165az\u00ed","publisher":{"@id":"https:\/\/www.smedemokrati.sk\/#organization"},"potentialAction":[{"@type":"SearchAction","target":{"@type":"EntryPoint","urlTemplate":"https:\/\/www.smedemokrati.sk\/?s={search_term_string}"},"query-input":{"@type":"PropertyValueSpecification","valueRequired":true,"valueName":"search_term_string"}}],"inLanguage":"hu-HU"},{"@type":"Organization","@id":"https:\/\/www.smedemokrati.sk\/#organization","name":"Smedemokrati.sk","url":"https:\/\/www.smedemokrati.sk\/","logo":{"@type":"ImageObject","inLanguage":"hu-HU","@id":"https:\/\/www.smedemokrati.sk\/#\/schema\/logo\/image\/","url":"https:\/\/www.smedemokrati.sk\/wp-content\/uploads\/2023\/04\/ff.002.jpeg","contentUrl":"https:\/\/www.smedemokrati.sk\/wp-content\/uploads\/2023\/04\/ff.002.jpeg","width":640,"height":480,"caption":"Smedemokrati.sk"},"image":{"@id":"https:\/\/www.smedemokrati.sk\/#\/schema\/logo\/image\/"},"sameAs":["https:\/\/www.facebook.com\/smedemokrati2023"]},{"@type":"Person","@id":"https:\/\/www.smedemokrati.sk\/#\/schema\/person\/dee9d51e8f3108fd58bc46fcc124934d","name":"admin","image":{"@type":"ImageObject","inLanguage":"hu-HU","@id":"https:\/\/secure.gravatar.com\/avatar\/d6862d2a795ca0130d2a9b58ff4226e06bc79aa7240e35cbed810a10d01485d3?s=96&d=mm&r=g","url":"https:\/\/secure.gravatar.com\/avatar\/d6862d2a795ca0130d2a9b58ff4226e06bc79aa7240e35cbed810a10d01485d3?s=96&d=mm&r=g","contentUrl":"https:\/\/secure.gravatar.com\/avatar\/d6862d2a795ca0130d2a9b58ff4226e06bc79aa7240e35cbed810a10d01485d3?s=96&d=mm&r=g","caption":"admin"},"sameAs":["https:\/\/www.smedemokrati.sk"],"url":"https:\/\/www.smedemokrati.sk\/hu\/author\/admin\/"}]}},"_links":{"self":[{"href":"https:\/\/www.smedemokrati.sk\/hu\/wp-json\/wp\/v2\/posts\/276","targetHints":{"allow":["GET"]}}],"collection":[{"href":"https:\/\/www.smedemokrati.sk\/hu\/wp-json\/wp\/v2\/posts"}],"about":[{"href":"https:\/\/www.smedemokrati.sk\/hu\/wp-json\/wp\/v2\/types\/post"}],"author":[{"embeddable":true,"href":"https:\/\/www.smedemokrati.sk\/hu\/wp-json\/wp\/v2\/users\/1"}],"replies":[{"embeddable":true,"href":"https:\/\/www.smedemokrati.sk\/hu\/wp-json\/wp\/v2\/comments?post=276"}],"version-history":[{"count":0,"href":"https:\/\/www.smedemokrati.sk\/hu\/wp-json\/wp\/v2\/posts\/276\/revisions"}],"wp:featuredmedia":[{"embeddable":true,"href":"https:\/\/www.smedemokrati.sk\/hu\/wp-json\/wp\/v2\/media\/407"}],"wp:attachment":[{"href":"https:\/\/www.smedemokrati.sk\/hu\/wp-json\/wp\/v2\/media?parent=276"}],"wp:term":[{"taxonomy":"category","embeddable":true,"href":"https:\/\/www.smedemokrati.sk\/hu\/wp-json\/wp\/v2\/categories?post=276"},{"taxonomy":"post_tag","embeddable":true,"href":"https:\/\/www.smedemokrati.sk\/hu\/wp-json\/wp\/v2\/tags?post=276"}],"curies":[{"name":"wp","href":"https:\/\/api.w.org\/{rel}","templated":true}]}}