{"id":2737,"date":"2024-02-22T12:12:52","date_gmt":"2024-02-22T10:12:52","guid":{"rendered":"https:\/\/www.smedemokrati.sk\/?p=2737"},"modified":"2024-03-01T12:08:48","modified_gmt":"2024-03-01T10:08:48","slug":"vladna-moc-sa-vysmieva-obcanom-aj-odbornikom-a-sposobuje-chaos","status":"publish","type":"post","link":"https:\/\/www.smedemokrati.sk\/hu\/vladna-moc-sa-vysmieva-obcanom-aj-odbornikom-a-sposobuje-chaos\/","title":{"rendered":"Vl\u00e1dna moc sa vysmieva ob\u010danom aj odborn\u00edkom a sp\u00f4sobuje chaos"},"content":{"rendered":"<div id=\"fb-root\"><\/div>\n\n<p><em><strong>Vl\u00e1da schv\u00e1lila novelu novely trestn\u00e9ho z\u00e1kona, ktorou sa maj\u00fa op\u00e4tovne zmeni\u0165 preml\u010dacie doby za trestn\u00e9 \u010diny, \u010di u\u017e n\u00e1siln\u00e9 alebo zasahuj\u00face do integrity \u013eudskej osoby a d\u00f4stojnosti.<\/strong><\/em><\/p>\n\n\n\n<p>\u201cVl\u00e1da n\u00e1m ukazuje ako sa to robi\u0165 nem\u00e1. Najprv chceli expresne r\u00fdchlo schv\u00e1li\u0165 novelu trestn\u00e9ho z\u00e1kona, ktor\u00e1 pom\u00e1ha zlo\u010dincom a vl\u00e1dni predstavitelia si \u0148ou fakticky udelili samoamnestiu. Tvrdili n\u00e1m, \u017ee to je novela, ktor\u00e1 je dobre a odborne pripraven\u00e1. Teraz ju v\u0161ak musia meni\u0165, preto\u017ee si schv\u00e1lili aj skr\u00e1tenie preml\u010dac\u00edch leh\u00f4t za zn\u00e1silnenie alebo vra\u017edu. Aj tento pr\u00edklad ukazuje, \u017ee poslanci ani len nevedeli o \u010dom hlasuj\u00fa a \u017ee novela bola pripraven\u00e1 tak babr\u00e1cky, \u017ee ju musia okam\u017eite opravova\u0165.\u201d Komentuje kroky vl\u00e1dy Juraj \u0160eliga, expert na pr\u00e1vo a spravodlivos\u0165 hnutia.&nbsp;<\/p>\n\n\n\n<p>Pod\u013ea Michala Ki\u010du n\u00e1s vl\u00e1dna koal\u00edcia n\u00e1s uvrhla do bezprecedentn\u00e9ho legislat\u00edvneho chaosu v extr\u00e9mne d\u00f4le\u017eitej oblasti &#8211; trestnom pr\u00e1ve. Aj k pretla\u010deniu beztrestnosti svojich \u013eud\u00ed prist\u00fapila absol\u00fatne amat\u00e9rsky a v priamom prenose popiera svoje vlastn\u00e9 tvrdenia. &#8222;Podobne ako kr\u00e1\u013e z rozpr\u00e1vky, ktor\u00fd odvol\u00e1val, \u010do odvolal a s\u013euboval, \u010do s\u013e\u00fabil. Av\u0161ak aj tu ukazuj\u00fa, \u017ee im ide len o beztrestnos\u0165 svojich \u013eud\u00ed, preto\u017ee ekonomick\u00e9 a korup\u010dn\u00e9 kauzy ich nominantov bud\u00fa preml\u010dan\u00e9 tak ako pl\u00e1novali.&#8221; Hovor\u00ed Michal Ki\u010da, b\u00fdval\u00fd \u0161t\u00e1tny tajomn\u00edk rezortu \u017eivotn\u00e9ho prostredia.<\/p>\n\n\n\n<p>\u201cToto je presne uk\u00e1\u017eka toho, \u017ee ke\u010f novela, ktor\u00e1 je navy\u0161e tak rozsiahla, neprejde riadnym medzirezortn\u00fdm pripomienkov\u00fdm konan\u00edm tak s\u00fa v nej chyby a chaos. Predstavitelia vl\u00e1dnej koal\u00edcie v\u017edy tvrdili, \u017ee oni s\u00fa rie\u0161en\u00edm pre \u00fadajn\u00fd chaos v spolo\u010dnosti. No to, \u010do dnes predv\u00e1dzaj\u00fa, nie je ni\u010d in\u00e9 ako jeho vytv\u00e1ranie a legislat\u00edvna smr\u0161\u0165 v priamom prenose. Je to v\u00fdsmech odborn\u00edkom, ktor\u00ed sa legislat\u00edve venuj\u00fa a rovnako aj ob\u010danom, ktor\u00ed sa st\u00e1vaj\u00fa n\u00e1strojom v ruk\u00e1ch koal\u00edcie, ktor\u00e1 men\u00ed z\u00e1kony hore dole a tak zasahuje do ich \u017eivotov.\u201d Uzatv\u00e1ra \u0160eliga.&nbsp;<\/p>\n","protected":false},"excerpt":{"rendered":"<p>Vl\u00e1da schv\u00e1lila novelu novely trestn\u00e9ho z\u00e1kona, ktorou sa maj\u00fa op\u00e4tovne zmeni\u0165 preml\u010dacie doby za trestn\u00e9 \u010diny, \u010di u\u017e n\u00e1siln\u00e9 alebo zasahuj\u00face do integrity \u013eudskej osoby a d\u00f4stojnosti. \u201cVl\u00e1da n\u00e1m ukazuje ako sa to robi\u0165 nem\u00e1. Najprv chceli expresne r\u00fdchlo schv\u00e1li\u0165 novelu trestn\u00e9ho z\u00e1kona, ktor\u00e1 pom\u00e1ha zlo\u010dincom a vl\u00e1dni predstavitelia si \u0148ou fakticky udelili samoamnestiu. Tvrdili [&hellip;]<\/p>\n","protected":false},"author":13,"featured_media":2738,"comment_status":"closed","ping_status":"closed","sticky":false,"template":"","format":"standard","meta":{"_acf_changed":false,"ngg_post_thumbnail":0,"footnotes":""},"categories":[4],"tags":[],"class_list":["post-2737","post","type-post","status-publish","format-standard","has-post-thumbnail","hentry","category-tlacove-spravy"],"acf":[],"yoast_head":"<!-- This site is optimized with the Yoast SEO plugin v27.2 - https:\/\/yoast.com\/product\/yoast-seo-wordpress\/ -->\n<title>Vl\u00e1dna moc sa vysmieva ob\u010danom aj odborn\u00edkom a sp\u00f4sobuje chaos - Smedemokrati.sk<\/title>\n<meta name=\"robots\" content=\"index, follow, max-snippet:-1, max-image-preview:large, max-video-preview:-1\" \/>\n<link rel=\"canonical\" href=\"https:\/\/www.smedemokrati.sk\/hu\/vladna-moc-sa-vysmieva-obcanom-aj-odbornikom-a-sposobuje-chaos\/\" \/>\n<meta property=\"og:locale\" content=\"hu_HU\" \/>\n<meta property=\"og:locale:alternate\" content=\"en_US\" \/>\n<meta property=\"og:locale:alternate\" content=\"cs_CZ\" \/>\n<meta property=\"og:locale:alternate\" content=\"sk_SK\" \/>\n<meta property=\"og:locale:alternate\" content=\"sv_SE\" \/>\n<meta property=\"og:type\" content=\"article\" \/>\n<meta property=\"og:title\" content=\"Vl\u00e1dna moc sa vysmieva ob\u010danom aj odborn\u00edkom a sp\u00f4sobuje chaos - Smedemokrati.sk\" \/>\n<meta property=\"og:description\" content=\"Vl\u00e1da schv\u00e1lila novelu novely trestn\u00e9ho z\u00e1kona, ktorou sa maj\u00fa op\u00e4tovne zmeni\u0165 preml\u010dacie doby za trestn\u00e9 \u010diny, \u010di u\u017e n\u00e1siln\u00e9 alebo zasahuj\u00face do integrity \u013eudskej osoby a d\u00f4stojnosti. \u201cVl\u00e1da n\u00e1m ukazuje ako sa to robi\u0165 nem\u00e1. Najprv chceli expresne r\u00fdchlo schv\u00e1li\u0165 novelu trestn\u00e9ho z\u00e1kona, ktor\u00e1 pom\u00e1ha zlo\u010dincom a vl\u00e1dni predstavitelia si \u0148ou fakticky udelili samoamnestiu. Tvrdili [&hellip;]\" \/>\n<meta property=\"og:url\" content=\"https:\/\/www.smedemokrati.sk\/hu\/vladna-moc-sa-vysmieva-obcanom-aj-odbornikom-a-sposobuje-chaos\/\" \/>\n<meta property=\"og:site_name\" content=\"Smedemokrati.sk\" \/>\n<meta property=\"article:publisher\" content=\"https:\/\/www.facebook.com\/smedemokrati2023\" \/>\n<meta property=\"article:published_time\" content=\"2024-02-22T10:12:52+00:00\" \/>\n<meta property=\"article:modified_time\" content=\"2024-03-01T10:08:48+00:00\" \/>\n<meta property=\"og:image\" content=\"https:\/\/www.smedemokrati.sk\/wp-content\/uploads\/2024\/02\/urad-vlady.jpg\" \/>\n\t<meta property=\"og:image:width\" content=\"676\" \/>\n\t<meta property=\"og:image:height\" content=\"451\" \/>\n\t<meta property=\"og:image:type\" content=\"image\/jpeg\" \/>\n<meta name=\"author\" content=\"miro.sopko\" \/>\n<meta name=\"twitter:card\" content=\"summary_large_image\" \/>\n<meta name=\"twitter:label1\" content=\"Szerz\u0151:\" \/>\n\t<meta name=\"twitter:data1\" content=\"miro.sopko\" \/>\n\t<meta name=\"twitter:label2\" content=\"Becs\u00fclt olvas\u00e1si id\u0151\" \/>\n\t<meta name=\"twitter:data2\" content=\"2 perc\" \/>\n<script type=\"application\/ld+json\" class=\"yoast-schema-graph\">{\"@context\":\"https:\/\/schema.org\",\"@graph\":[{\"@type\":\"Article\",\"@id\":\"https:\/\/www.smedemokrati.sk\/vladna-moc-sa-vysmieva-obcanom-aj-odbornikom-a-sposobuje-chaos\/#article\",\"isPartOf\":{\"@id\":\"https:\/\/www.smedemokrati.sk\/vladna-moc-sa-vysmieva-obcanom-aj-odbornikom-a-sposobuje-chaos\/\"},\"author\":{\"name\":\"miro.sopko\",\"@id\":\"https:\/\/www.smedemokrati.sk\/#\/schema\/person\/21f147c88d605aa7ded900e1e7c344ba\"},\"headline\":\"Vl\u00e1dna moc sa vysmieva ob\u010danom aj odborn\u00edkom a sp\u00f4sobuje chaos\",\"datePublished\":\"2024-02-22T10:12:52+00:00\",\"dateModified\":\"2024-03-01T10:08:48+00:00\",\"mainEntityOfPage\":{\"@id\":\"https:\/\/www.smedemokrati.sk\/vladna-moc-sa-vysmieva-obcanom-aj-odbornikom-a-sposobuje-chaos\/\"},\"wordCount\":391,\"publisher\":{\"@id\":\"https:\/\/www.smedemokrati.sk\/#organization\"},\"image\":{\"@id\":\"https:\/\/www.smedemokrati.sk\/vladna-moc-sa-vysmieva-obcanom-aj-odbornikom-a-sposobuje-chaos\/#primaryimage\"},\"thumbnailUrl\":\"https:\/\/www.smedemokrati.sk\/wp-content\/uploads\/2024\/02\/urad-vlady.jpg\",\"articleSection\":[\"Tla\u010dov\u00e9 spr\u00e1vy\"],\"inLanguage\":\"hu-HU\"},{\"@type\":\"WebPage\",\"@id\":\"https:\/\/www.smedemokrati.sk\/vladna-moc-sa-vysmieva-obcanom-aj-odbornikom-a-sposobuje-chaos\/\",\"url\":\"https:\/\/www.smedemokrati.sk\/vladna-moc-sa-vysmieva-obcanom-aj-odbornikom-a-sposobuje-chaos\/\",\"name\":\"Vl\u00e1dna moc sa vysmieva ob\u010danom aj odborn\u00edkom a sp\u00f4sobuje chaos - Smedemokrati.sk\",\"isPartOf\":{\"@id\":\"https:\/\/www.smedemokrati.sk\/#website\"},\"primaryImageOfPage\":{\"@id\":\"https:\/\/www.smedemokrati.sk\/vladna-moc-sa-vysmieva-obcanom-aj-odbornikom-a-sposobuje-chaos\/#primaryimage\"},\"image\":{\"@id\":\"https:\/\/www.smedemokrati.sk\/vladna-moc-sa-vysmieva-obcanom-aj-odbornikom-a-sposobuje-chaos\/#primaryimage\"},\"thumbnailUrl\":\"https:\/\/www.smedemokrati.sk\/wp-content\/uploads\/2024\/02\/urad-vlady.jpg\",\"datePublished\":\"2024-02-22T10:12:52+00:00\",\"dateModified\":\"2024-03-01T10:08:48+00:00\",\"breadcrumb\":{\"@id\":\"https:\/\/www.smedemokrati.sk\/vladna-moc-sa-vysmieva-obcanom-aj-odbornikom-a-sposobuje-chaos\/#breadcrumb\"},\"inLanguage\":\"hu-HU\",\"potentialAction\":[{\"@type\":\"ReadAction\",\"target\":[\"https:\/\/www.smedemokrati.sk\/vladna-moc-sa-vysmieva-obcanom-aj-odbornikom-a-sposobuje-chaos\/\"]}]},{\"@type\":\"ImageObject\",\"inLanguage\":\"hu-HU\",\"@id\":\"https:\/\/www.smedemokrati.sk\/vladna-moc-sa-vysmieva-obcanom-aj-odbornikom-a-sposobuje-chaos\/#primaryimage\",\"url\":\"https:\/\/www.smedemokrati.sk\/wp-content\/uploads\/2024\/02\/urad-vlady.jpg\",\"contentUrl\":\"https:\/\/www.smedemokrati.sk\/wp-content\/uploads\/2024\/02\/urad-vlady.jpg\",\"width\":676,\"height\":451},{\"@type\":\"BreadcrumbList\",\"@id\":\"https:\/\/www.smedemokrati.sk\/vladna-moc-sa-vysmieva-obcanom-aj-odbornikom-a-sposobuje-chaos\/#breadcrumb\",\"itemListElement\":[{\"@type\":\"ListItem\",\"position\":1,\"name\":\"Domovsk\u00e1 str\u00e1nka\",\"item\":\"https:\/\/www.smedemokrati.sk\/\"},{\"@type\":\"ListItem\",\"position\":2,\"name\":\"Vl\u00e1dna moc sa vysmieva ob\u010danom aj odborn\u00edkom a sp\u00f4sobuje chaos\"}]},{\"@type\":\"WebSite\",\"@id\":\"https:\/\/www.smedemokrati.sk\/#website\",\"url\":\"https:\/\/www.smedemokrati.sk\/\",\"name\":\"Smedemokrati.sk\",\"description\":\"Demokracia a slu\u0161nos\u0165 zv\u00ed\u0165az\u00ed\",\"publisher\":{\"@id\":\"https:\/\/www.smedemokrati.sk\/#organization\"},\"potentialAction\":[{\"@type\":\"SearchAction\",\"target\":{\"@type\":\"EntryPoint\",\"urlTemplate\":\"https:\/\/www.smedemokrati.sk\/?s={search_term_string}\"},\"query-input\":{\"@type\":\"PropertyValueSpecification\",\"valueRequired\":true,\"valueName\":\"search_term_string\"}}],\"inLanguage\":\"hu-HU\"},{\"@type\":\"Organization\",\"@id\":\"https:\/\/www.smedemokrati.sk\/#organization\",\"name\":\"Smedemokrati.sk\",\"url\":\"https:\/\/www.smedemokrati.sk\/\",\"logo\":{\"@type\":\"ImageObject\",\"inLanguage\":\"hu-HU\",\"@id\":\"https:\/\/www.smedemokrati.sk\/#\/schema\/logo\/image\/\",\"url\":\"https:\/\/www.smedemokrati.sk\/wp-content\/uploads\/2023\/04\/ff.002.jpeg\",\"contentUrl\":\"https:\/\/www.smedemokrati.sk\/wp-content\/uploads\/2023\/04\/ff.002.jpeg\",\"width\":640,\"height\":480,\"caption\":\"Smedemokrati.sk\"},\"image\":{\"@id\":\"https:\/\/www.smedemokrati.sk\/#\/schema\/logo\/image\/\"},\"sameAs\":[\"https:\/\/www.facebook.com\/smedemokrati2023\"]},{\"@type\":\"Person\",\"@id\":\"https:\/\/www.smedemokrati.sk\/#\/schema\/person\/21f147c88d605aa7ded900e1e7c344ba\",\"name\":\"miro.sopko\",\"image\":{\"@type\":\"ImageObject\",\"inLanguage\":\"hu-HU\",\"@id\":\"https:\/\/secure.gravatar.com\/avatar\/267e4a36f704376c109afe3a78740c1f5dd8675a2180a908699e7863c9247606?s=96&d=mm&r=g\",\"url\":\"https:\/\/secure.gravatar.com\/avatar\/267e4a36f704376c109afe3a78740c1f5dd8675a2180a908699e7863c9247606?s=96&d=mm&r=g\",\"contentUrl\":\"https:\/\/secure.gravatar.com\/avatar\/267e4a36f704376c109afe3a78740c1f5dd8675a2180a908699e7863c9247606?s=96&d=mm&r=g\",\"caption\":\"miro.sopko\"},\"url\":\"https:\/\/www.smedemokrati.sk\/hu\/author\/miro-sopko\/\"}]}<\/script>\n<!-- \/ Yoast SEO plugin. -->","yoast_head_json":{"title":"Vl\u00e1dna moc sa vysmieva ob\u010danom aj odborn\u00edkom a sp\u00f4sobuje chaos - Smedemokrati.sk","robots":{"index":"index","follow":"follow","max-snippet":"max-snippet:-1","max-image-preview":"max-image-preview:large","max-video-preview":"max-video-preview:-1"},"canonical":"https:\/\/www.smedemokrati.sk\/hu\/vladna-moc-sa-vysmieva-obcanom-aj-odbornikom-a-sposobuje-chaos\/","og_locale":"hu_HU","og_type":"article","og_title":"Vl\u00e1dna moc sa vysmieva ob\u010danom aj odborn\u00edkom a sp\u00f4sobuje chaos - Smedemokrati.sk","og_description":"Vl\u00e1da schv\u00e1lila novelu novely trestn\u00e9ho z\u00e1kona, ktorou sa maj\u00fa op\u00e4tovne zmeni\u0165 preml\u010dacie doby za trestn\u00e9 \u010diny, \u010di u\u017e n\u00e1siln\u00e9 alebo zasahuj\u00face do integrity \u013eudskej osoby a d\u00f4stojnosti. \u201cVl\u00e1da n\u00e1m ukazuje ako sa to robi\u0165 nem\u00e1. Najprv chceli expresne r\u00fdchlo schv\u00e1li\u0165 novelu trestn\u00e9ho z\u00e1kona, ktor\u00e1 pom\u00e1ha zlo\u010dincom a vl\u00e1dni predstavitelia si \u0148ou fakticky udelili samoamnestiu. Tvrdili [&hellip;]","og_url":"https:\/\/www.smedemokrati.sk\/hu\/vladna-moc-sa-vysmieva-obcanom-aj-odbornikom-a-sposobuje-chaos\/","og_site_name":"Smedemokrati.sk","article_publisher":"https:\/\/www.facebook.com\/smedemokrati2023","article_published_time":"2024-02-22T10:12:52+00:00","article_modified_time":"2024-03-01T10:08:48+00:00","og_image":[{"width":676,"height":451,"url":"https:\/\/www.smedemokrati.sk\/wp-content\/uploads\/2024\/02\/urad-vlady.jpg","type":"image\/jpeg"}],"author":"miro.sopko","twitter_card":"summary_large_image","twitter_misc":{"Szerz\u0151:":"miro.sopko","Becs\u00fclt olvas\u00e1si id\u0151":"2 perc"},"schema":{"@context":"https:\/\/schema.org","@graph":[{"@type":"Article","@id":"https:\/\/www.smedemokrati.sk\/vladna-moc-sa-vysmieva-obcanom-aj-odbornikom-a-sposobuje-chaos\/#article","isPartOf":{"@id":"https:\/\/www.smedemokrati.sk\/vladna-moc-sa-vysmieva-obcanom-aj-odbornikom-a-sposobuje-chaos\/"},"author":{"name":"miro.sopko","@id":"https:\/\/www.smedemokrati.sk\/#\/schema\/person\/21f147c88d605aa7ded900e1e7c344ba"},"headline":"Vl\u00e1dna moc sa vysmieva ob\u010danom aj odborn\u00edkom a sp\u00f4sobuje chaos","datePublished":"2024-02-22T10:12:52+00:00","dateModified":"2024-03-01T10:08:48+00:00","mainEntityOfPage":{"@id":"https:\/\/www.smedemokrati.sk\/vladna-moc-sa-vysmieva-obcanom-aj-odbornikom-a-sposobuje-chaos\/"},"wordCount":391,"publisher":{"@id":"https:\/\/www.smedemokrati.sk\/#organization"},"image":{"@id":"https:\/\/www.smedemokrati.sk\/vladna-moc-sa-vysmieva-obcanom-aj-odbornikom-a-sposobuje-chaos\/#primaryimage"},"thumbnailUrl":"https:\/\/www.smedemokrati.sk\/wp-content\/uploads\/2024\/02\/urad-vlady.jpg","articleSection":["Tla\u010dov\u00e9 spr\u00e1vy"],"inLanguage":"hu-HU"},{"@type":"WebPage","@id":"https:\/\/www.smedemokrati.sk\/vladna-moc-sa-vysmieva-obcanom-aj-odbornikom-a-sposobuje-chaos\/","url":"https:\/\/www.smedemokrati.sk\/vladna-moc-sa-vysmieva-obcanom-aj-odbornikom-a-sposobuje-chaos\/","name":"Vl\u00e1dna moc sa vysmieva ob\u010danom aj odborn\u00edkom a sp\u00f4sobuje chaos - Smedemokrati.sk","isPartOf":{"@id":"https:\/\/www.smedemokrati.sk\/#website"},"primaryImageOfPage":{"@id":"https:\/\/www.smedemokrati.sk\/vladna-moc-sa-vysmieva-obcanom-aj-odbornikom-a-sposobuje-chaos\/#primaryimage"},"image":{"@id":"https:\/\/www.smedemokrati.sk\/vladna-moc-sa-vysmieva-obcanom-aj-odbornikom-a-sposobuje-chaos\/#primaryimage"},"thumbnailUrl":"https:\/\/www.smedemokrati.sk\/wp-content\/uploads\/2024\/02\/urad-vlady.jpg","datePublished":"2024-02-22T10:12:52+00:00","dateModified":"2024-03-01T10:08:48+00:00","breadcrumb":{"@id":"https:\/\/www.smedemokrati.sk\/vladna-moc-sa-vysmieva-obcanom-aj-odbornikom-a-sposobuje-chaos\/#breadcrumb"},"inLanguage":"hu-HU","potentialAction":[{"@type":"ReadAction","target":["https:\/\/www.smedemokrati.sk\/vladna-moc-sa-vysmieva-obcanom-aj-odbornikom-a-sposobuje-chaos\/"]}]},{"@type":"ImageObject","inLanguage":"hu-HU","@id":"https:\/\/www.smedemokrati.sk\/vladna-moc-sa-vysmieva-obcanom-aj-odbornikom-a-sposobuje-chaos\/#primaryimage","url":"https:\/\/www.smedemokrati.sk\/wp-content\/uploads\/2024\/02\/urad-vlady.jpg","contentUrl":"https:\/\/www.smedemokrati.sk\/wp-content\/uploads\/2024\/02\/urad-vlady.jpg","width":676,"height":451},{"@type":"BreadcrumbList","@id":"https:\/\/www.smedemokrati.sk\/vladna-moc-sa-vysmieva-obcanom-aj-odbornikom-a-sposobuje-chaos\/#breadcrumb","itemListElement":[{"@type":"ListItem","position":1,"name":"Domovsk\u00e1 str\u00e1nka","item":"https:\/\/www.smedemokrati.sk\/"},{"@type":"ListItem","position":2,"name":"Vl\u00e1dna moc sa vysmieva ob\u010danom aj odborn\u00edkom a sp\u00f4sobuje chaos"}]},{"@type":"WebSite","@id":"https:\/\/www.smedemokrati.sk\/#website","url":"https:\/\/www.smedemokrati.sk\/","name":"Smedemokrati.sk","description":"Demokracia a slu\u0161nos\u0165 zv\u00ed\u0165az\u00ed","publisher":{"@id":"https:\/\/www.smedemokrati.sk\/#organization"},"potentialAction":[{"@type":"SearchAction","target":{"@type":"EntryPoint","urlTemplate":"https:\/\/www.smedemokrati.sk\/?s={search_term_string}"},"query-input":{"@type":"PropertyValueSpecification","valueRequired":true,"valueName":"search_term_string"}}],"inLanguage":"hu-HU"},{"@type":"Organization","@id":"https:\/\/www.smedemokrati.sk\/#organization","name":"Smedemokrati.sk","url":"https:\/\/www.smedemokrati.sk\/","logo":{"@type":"ImageObject","inLanguage":"hu-HU","@id":"https:\/\/www.smedemokrati.sk\/#\/schema\/logo\/image\/","url":"https:\/\/www.smedemokrati.sk\/wp-content\/uploads\/2023\/04\/ff.002.jpeg","contentUrl":"https:\/\/www.smedemokrati.sk\/wp-content\/uploads\/2023\/04\/ff.002.jpeg","width":640,"height":480,"caption":"Smedemokrati.sk"},"image":{"@id":"https:\/\/www.smedemokrati.sk\/#\/schema\/logo\/image\/"},"sameAs":["https:\/\/www.facebook.com\/smedemokrati2023"]},{"@type":"Person","@id":"https:\/\/www.smedemokrati.sk\/#\/schema\/person\/21f147c88d605aa7ded900e1e7c344ba","name":"miro.sopko","image":{"@type":"ImageObject","inLanguage":"hu-HU","@id":"https:\/\/secure.gravatar.com\/avatar\/267e4a36f704376c109afe3a78740c1f5dd8675a2180a908699e7863c9247606?s=96&d=mm&r=g","url":"https:\/\/secure.gravatar.com\/avatar\/267e4a36f704376c109afe3a78740c1f5dd8675a2180a908699e7863c9247606?s=96&d=mm&r=g","contentUrl":"https:\/\/secure.gravatar.com\/avatar\/267e4a36f704376c109afe3a78740c1f5dd8675a2180a908699e7863c9247606?s=96&d=mm&r=g","caption":"miro.sopko"},"url":"https:\/\/www.smedemokrati.sk\/hu\/author\/miro-sopko\/"}]}},"_links":{"self":[{"href":"https:\/\/www.smedemokrati.sk\/hu\/wp-json\/wp\/v2\/posts\/2737","targetHints":{"allow":["GET"]}}],"collection":[{"href":"https:\/\/www.smedemokrati.sk\/hu\/wp-json\/wp\/v2\/posts"}],"about":[{"href":"https:\/\/www.smedemokrati.sk\/hu\/wp-json\/wp\/v2\/types\/post"}],"author":[{"embeddable":true,"href":"https:\/\/www.smedemokrati.sk\/hu\/wp-json\/wp\/v2\/users\/13"}],"replies":[{"embeddable":true,"href":"https:\/\/www.smedemokrati.sk\/hu\/wp-json\/wp\/v2\/comments?post=2737"}],"version-history":[{"count":1,"href":"https:\/\/www.smedemokrati.sk\/hu\/wp-json\/wp\/v2\/posts\/2737\/revisions"}],"predecessor-version":[{"id":2739,"href":"https:\/\/www.smedemokrati.sk\/hu\/wp-json\/wp\/v2\/posts\/2737\/revisions\/2739"}],"wp:featuredmedia":[{"embeddable":true,"href":"https:\/\/www.smedemokrati.sk\/hu\/wp-json\/wp\/v2\/media\/2738"}],"wp:attachment":[{"href":"https:\/\/www.smedemokrati.sk\/hu\/wp-json\/wp\/v2\/media?parent=2737"}],"wp:term":[{"taxonomy":"category","embeddable":true,"href":"https:\/\/www.smedemokrati.sk\/hu\/wp-json\/wp\/v2\/categories?post=2737"},{"taxonomy":"post_tag","embeddable":true,"href":"https:\/\/www.smedemokrati.sk\/hu\/wp-json\/wp\/v2\/tags?post=2737"}],"curies":[{"name":"wp","href":"https:\/\/api.w.org\/{rel}","templated":true}]}}