{"id":2686,"date":"2024-02-14T09:52:31","date_gmt":"2024-02-14T07:52:31","guid":{"rendered":"https:\/\/www.smedemokrati.sk\/?p=2686"},"modified":"2024-02-14T16:38:27","modified_gmt":"2024-02-14T14:38:27","slug":"lidrom-kandidatky-demokratov-do-europskeho-parlamentu-je-jaroslav-nad","status":"publish","type":"post","link":"https:\/\/www.smedemokrati.sk\/hu\/lidrom-kandidatky-demokratov-do-europskeho-parlamentu-je-jaroslav-nad\/","title":{"rendered":"L\u00eddrom kandid\u00e1tky Demokratov do Eur\u00f3pskeho parlamentu je Jaroslav Na\u010f"},"content":{"rendered":"<div id=\"fb-root\"><\/div>\n\n<p><strong>Kandid\u00e1tnu listinu do eurovolieb povedie predseda Demokratov Jaroslav Na\u010f. Jednohlasne o tom rozhodlo predsedn\u00edctvo strany a pln\u00fa podporu vyjadrila aj \u010dlensk\u00e1 z\u00e1klad\u0148a. Strana pova\u017euje j\u00fanov\u00e9 vo\u013eby za mimoriadne d\u00f4le\u017eit\u00e9 v glob\u00e1lnom, ale aj n\u00e1rodnom kontexte a tie\u017e za skvel\u00fa pr\u00edle\u017eitos\u0165 pre v\u0161etk\u00fdch, ktor\u00ed dnes hovoria, \u017ee Demokrati ch\u00fdbaj\u00fa v slovenskom parlamente.\u00a0<\/strong><\/p>\n\n\n\n<p><strong>Pod\u013ea Demokratov je Jaroslav Na\u010f<\/strong>\u00a0nespochybnite\u013en\u00fd v hodnotov\u00fdch ot\u00e1zkach a v zahrani\u010dnej politike, s presahom na obranu, bezpe\u010dnos\u0165 a \u010fal\u0161ie t\u00e9my, v ktor\u00fdch potrebuje Slovensko \u010ditate\u013en\u00fdch a re\u0161pektovan\u00fdch z\u00e1stupcov.\u00a0<em>\u201ePozn\u00e1te ma, kandid\u00e1tku povediem s jasn\u00fdmi posolstvami a racion\u00e1lnymi n\u00e1zormi. V zahrani\u010dnej a obrannej politike sme za na\u0161ej vl\u00e1dy v rozhoduj\u00facich momentoch neuhli ani milimeter. Vieme, ktor\u00e1 je spr\u00e1vna strana brehu a na nej sme v\u017edy pevne st\u00e1li. \u010clenstvo v Eur\u00f3pskej \u00fanii je pre Slovensko nenahradite\u013en\u00e9. Okrem priamej a z\u00e1sadnej finan\u010dnej pomoci n\u00e1m v obdob\u00ed \u0165a\u017ek\u00e9ho zneu\u017e\u00edvania moci Ficovou vl\u00e1dou pom\u00f4\u017ee dr\u017ea\u0165 z\u00e1kladn\u00e9 mantinely pr\u00e1vneho \u0161t\u00e1tu. M\u00e1m sk\u00fasenosti z exekut\u00edvy aj z diplomacie. Viem ako funguj\u00fa \u0161trukt\u00fary E\u00da a pok\u00fasim sa urobi\u0165 v\u0161etko preto, aby som svoje sk\u00fasenosti a kontakty vyu\u017eil na pomoc Slovensku a na\u0161im ob\u010danom. U\u017e teraz poz\u00fdvam v\u0161etk\u00fdch k volebn\u00fdm urn\u00e1m, som presved\u010den\u00fd, \u017ee pr\u00e1ve eurovo\u013eby s\u00fa pr\u00edle\u017eitos\u0165ou pre t\u00fdch, ktor\u00ed n\u00e1m hovoria, \u017ee ch\u00fdbame v slovenskom parlamente. Som odhodlan\u00fd na seba prevzia\u0165 zodpovednos\u0165 a by\u0165 vidite\u013en\u00fdm a r\u00e1znym ambas\u00e1dorom posolstiev Demokratov v j\u00fanov\u00fdch vo\u013eb\u00e1ch,\u201c<\/em>\u00a0povedal Jaroslav Na\u010f a po\u010fakoval stran\u00edckym kolegom za d\u00f4veru.\u00a0<\/p>\n\n\n\n<p><strong>Expremi\u00e9r Eduard Heger<\/strong>\u00a0si mysl\u00ed, \u017ee Jaroslav Na\u010f bude pr\u00ednosom v eur\u00f3pskej politike, z ktorej m\u00f4\u017ee ma\u0165 benefity cel\u00e9 Slovensko:\u00a0<em>\u201eJaro m\u00e1 vysok\u00fd kredit v zahrani\u010d\u00ed, p\u00f4sobil v Bruseli v unijn\u00fdch i alian\u010dn\u00fdch \u0161trukt\u00farach, osobne pozn\u00e1 mnoh\u00fdch premi\u00e9rov, ministrov, diplomatov, poslancov Eur\u00f3pskeho parlamentu \u010di d\u00f4le\u017eit\u00fdch euro\u00faradn\u00edkov. V Bruseli dobre poznaj\u00fa jeho hodnoty a postoje a v\u00e1\u017eia si ho. Slovensko je pr\u00e1ve v\u010faka nad\u0161tandardn\u00fdm vz\u0165ahom, ktor\u00e9 si Jaro vybudoval, bezpe\u010dnej\u0161ou krajinou. Od spojencov vyrokoval prepo\u017ei\u010danie vojenskej techniky v hodnote mil\u00e1rd, na na\u0161om \u00fazem\u00ed s\u00fa v\u010faka nemu spojeneck\u00ed vojaci, \u010do oce\u0148uje dnes u\u017e aj aktu\u00e1lna vl\u00e1da, modernizoval ozbrojen\u00e9 sily, ako nikto pred n\u00edm a z E\u00da dok\u00e1zal pre obranu z\u00edska\u0165 z\u00e1sadn\u00e9 zdroje. Navy\u0161e, vo svojich postojoch je z\u00e1sadov\u00fd, konzistentn\u00fd a proeur\u00f3psky, tak\u00fdch \u013eud\u00ed potrebujeme v Eur\u00f3pskom parlamente, aby jasne a tvrdo presadzovali slovensk\u00e9 z\u00e1ujmy\u201d<\/em>, komentoval rozhodnutie predsedn\u00edctva Eduard Heger a doplnil, \u017ee u\u017e po\u010das jeho vl\u00e1dy bola zahrani\u010dn\u00e1 politika a s t\u00fdm \u00fazko s\u00favisiaca obrana a bezpe\u010dnos\u0165 Slovenska vysoko hodnoten\u00e1 partnermi, spojencami, expertmi, zahrani\u010dn\u00fdmi m\u00e9diami, ale aj dom\u00e1cimi relevantn\u00fdmi in\u0161tit\u00faciami.\u00a0<\/p>\n\n\n\n<p>Oblas\u0165 spravodlivosti potrebuje pod\u013ea experta na pr\u00e1vo a podpredsedu strany\u00a0<strong>Juraja \u0160eligu\u00a0<\/strong>svojich z\u00e1stupcov aj na eur\u00f3pskej \u00farovni:\u00a0<em>\u201eSk\u00fasenos\u0165, rozhodnos\u0165 v \u0165a\u017ek\u00fdch \u010dasoch a zdrav\u00fd sedliacky rozum, to je to \u010do Eur\u00f3pska \u00fania potrebuje. Jaro Na\u010f dok\u00e1zal, \u017ee sa vie rozhodova\u0165 priamo vo vojnov\u00fdch \u010dasoch, \u017ee sa vie postavi\u0165 za hodnoty demokracie, spravodlivosti a rovnosti. To s\u00fa hodnoty, na ktor\u00fdch stoj\u00ed Eur\u00f3pska \u00fania, to s\u00fa hodnoty, ktor\u00e9 mus\u00edme br\u00e1ni\u0165. V \u010dase, ke\u010f pri hraniciach Schengenu z\u00fari vojna, v \u010dase ke\u010f Putin bl\u00fazni o revizionistickej hist\u00f3rii, v \u010dase ke\u010f Fico un\u00e1\u0161a pr\u00e1vny \u0161t\u00e1t a Blaha chce repreznetova\u0165 Slovensko v Bruseli potrebujeme jasn\u00fd a zrozumite\u013en\u00fd hlas, ktor\u00fd demaskuje a pomenuje tieto hrozby. Jaro to bezpochyby vie a preto som r\u00e1d, \u017ee potiahne kandid\u00e1tku Demokratov,\u201d<\/em>\u00a0hovor\u00ed Juraj \u0160eliga.<\/p>\n\n\n\n<p>Demokrati intenz\u00edvne rokuj\u00fa so z\u00e1ujemcami o miesto na kandid\u00e1tke a v priebehu nasleduj\u00facich dn\u00ed predstavia kompletn\u00fa siln\u00fa a pre verejnos\u0165 mimoriadne zauj\u00edmav\u00fa zostavu, ktorou sa bud\u00fa uch\u00e1dza\u0165 o priaze\u0148 voli\u010dov. Nateraz m\u00f4\u017eeme potvrdi\u0165, \u017ee strana bude kandida\u010dn\u00fa listinu odovzd\u00e1va\u0165 ako samostatn\u00fd subjekt, pod hlavi\u010dkou Demokrati.<\/p>\n","protected":false},"excerpt":{"rendered":"<p>Kandid\u00e1tnu listinu do eurovolieb povedie predseda Demokratov Jaroslav Na\u010f. Jednohlasne o tom rozhodlo predsedn\u00edctvo strany a pln\u00fa podporu vyjadrila aj \u010dlensk\u00e1 z\u00e1klad\u0148a. Strana pova\u017euje j\u00fanov\u00e9 vo\u013eby za mimoriadne d\u00f4le\u017eit\u00e9 v glob\u00e1lnom, ale aj n\u00e1rodnom kontexte a tie\u017e za skvel\u00fa pr\u00edle\u017eitos\u0165 pre v\u0161etk\u00fdch, ktor\u00ed dnes hovoria, \u017ee Demokrati ch\u00fdbaj\u00fa v slovenskom parlamente.\u00a0 Pod\u013ea Demokratov je Jaroslav [&hellip;]<\/p>\n","protected":false},"author":7,"featured_media":413,"comment_status":"closed","ping_status":"closed","sticky":false,"template":"","format":"standard","meta":{"_acf_changed":false,"ngg_post_thumbnail":0,"footnotes":""},"categories":[4],"tags":[],"class_list":["post-2686","post","type-post","status-publish","format-standard","has-post-thumbnail","hentry","category-tlacove-spravy"],"acf":[],"yoast_head":"<!-- This site is optimized with the Yoast SEO plugin v27.2 - https:\/\/yoast.com\/product\/yoast-seo-wordpress\/ -->\n<title>L\u00eddrom kandid\u00e1tky Demokratov do Eur\u00f3pskeho parlamentu je Jaroslav Na\u010f - Smedemokrati.sk<\/title>\n<meta name=\"robots\" content=\"index, follow, max-snippet:-1, max-image-preview:large, max-video-preview:-1\" \/>\n<link rel=\"canonical\" href=\"https:\/\/www.smedemokrati.sk\/hu\/lidrom-kandidatky-demokratov-do-europskeho-parlamentu-je-jaroslav-nad\/\" \/>\n<meta property=\"og:locale\" content=\"hu_HU\" \/>\n<meta property=\"og:locale:alternate\" content=\"en_US\" \/>\n<meta property=\"og:locale:alternate\" content=\"cs_CZ\" \/>\n<meta property=\"og:locale:alternate\" content=\"sk_SK\" \/>\n<meta property=\"og:locale:alternate\" content=\"sv_SE\" \/>\n<meta property=\"og:type\" content=\"article\" \/>\n<meta property=\"og:title\" content=\"L\u00eddrom kandid\u00e1tky Demokratov do Eur\u00f3pskeho parlamentu je Jaroslav Na\u010f - Smedemokrati.sk\" \/>\n<meta property=\"og:description\" content=\"Kandid\u00e1tnu listinu do eurovolieb povedie predseda Demokratov Jaroslav Na\u010f. Jednohlasne o tom rozhodlo predsedn\u00edctvo strany a pln\u00fa podporu vyjadrila aj \u010dlensk\u00e1 z\u00e1klad\u0148a. Strana pova\u017euje j\u00fanov\u00e9 vo\u013eby za mimoriadne d\u00f4le\u017eit\u00e9 v glob\u00e1lnom, ale aj n\u00e1rodnom kontexte a tie\u017e za skvel\u00fa pr\u00edle\u017eitos\u0165 pre v\u0161etk\u00fdch, ktor\u00ed dnes hovoria, \u017ee Demokrati ch\u00fdbaj\u00fa v slovenskom parlamente.\u00a0 Pod\u013ea Demokratov je Jaroslav [&hellip;]\" \/>\n<meta property=\"og:url\" content=\"https:\/\/www.smedemokrati.sk\/hu\/lidrom-kandidatky-demokratov-do-europskeho-parlamentu-je-jaroslav-nad\/\" \/>\n<meta property=\"og:site_name\" content=\"Smedemokrati.sk\" \/>\n<meta property=\"article:publisher\" content=\"https:\/\/www.facebook.com\/smedemokrati2023\" \/>\n<meta property=\"article:published_time\" content=\"2024-02-14T07:52:31+00:00\" \/>\n<meta property=\"article:modified_time\" content=\"2024-02-14T14:38:27+00:00\" \/>\n<meta property=\"og:image\" content=\"https:\/\/www.smedemokrati.sk\/wp-content\/uploads\/2023\/04\/JN_1-3.jpg\" \/>\n\t<meta property=\"og:image:width\" content=\"2048\" \/>\n\t<meta property=\"og:image:height\" content=\"1365\" \/>\n\t<meta property=\"og:image:type\" content=\"image\/jpeg\" \/>\n<meta name=\"author\" content=\"Tom\u00e1\u0161 Koppl\" \/>\n<meta name=\"twitter:card\" content=\"summary_large_image\" \/>\n<meta name=\"twitter:label1\" content=\"Szerz\u0151:\" \/>\n\t<meta name=\"twitter:data1\" content=\"Tom\u00e1\u0161 Koppl\" \/>\n\t<meta name=\"twitter:label2\" content=\"Becs\u00fclt olvas\u00e1si id\u0151\" \/>\n\t<meta name=\"twitter:data2\" content=\"4 perc\" \/>\n<script type=\"application\/ld+json\" class=\"yoast-schema-graph\">{\"@context\":\"https:\/\/schema.org\",\"@graph\":[{\"@type\":\"Article\",\"@id\":\"https:\/\/www.smedemokrati.sk\/lidrom-kandidatky-demokratov-do-europskeho-parlamentu-je-jaroslav-nad\/#article\",\"isPartOf\":{\"@id\":\"https:\/\/www.smedemokrati.sk\/lidrom-kandidatky-demokratov-do-europskeho-parlamentu-je-jaroslav-nad\/\"},\"author\":{\"name\":\"Tom\u00e1\u0161 Koppl\",\"@id\":\"https:\/\/www.smedemokrati.sk\/#\/schema\/person\/c60720f4b9955b3c1ed222ebd1fbbc7c\"},\"headline\":\"L\u00eddrom kandid\u00e1tky Demokratov do Eur\u00f3pskeho parlamentu je Jaroslav Na\u010f\",\"datePublished\":\"2024-02-14T07:52:31+00:00\",\"dateModified\":\"2024-02-14T14:38:27+00:00\",\"mainEntityOfPage\":{\"@id\":\"https:\/\/www.smedemokrati.sk\/lidrom-kandidatky-demokratov-do-europskeho-parlamentu-je-jaroslav-nad\/\"},\"wordCount\":759,\"publisher\":{\"@id\":\"https:\/\/www.smedemokrati.sk\/#organization\"},\"image\":{\"@id\":\"https:\/\/www.smedemokrati.sk\/lidrom-kandidatky-demokratov-do-europskeho-parlamentu-je-jaroslav-nad\/#primaryimage\"},\"thumbnailUrl\":\"https:\/\/www.smedemokrati.sk\/wp-content\/uploads\/2023\/04\/JN_1-3.jpg\",\"articleSection\":[\"Tla\u010dov\u00e9 spr\u00e1vy\"],\"inLanguage\":\"hu-HU\"},{\"@type\":\"WebPage\",\"@id\":\"https:\/\/www.smedemokrati.sk\/lidrom-kandidatky-demokratov-do-europskeho-parlamentu-je-jaroslav-nad\/\",\"url\":\"https:\/\/www.smedemokrati.sk\/lidrom-kandidatky-demokratov-do-europskeho-parlamentu-je-jaroslav-nad\/\",\"name\":\"L\u00eddrom kandid\u00e1tky Demokratov do Eur\u00f3pskeho parlamentu je Jaroslav Na\u010f - Smedemokrati.sk\",\"isPartOf\":{\"@id\":\"https:\/\/www.smedemokrati.sk\/#website\"},\"primaryImageOfPage\":{\"@id\":\"https:\/\/www.smedemokrati.sk\/lidrom-kandidatky-demokratov-do-europskeho-parlamentu-je-jaroslav-nad\/#primaryimage\"},\"image\":{\"@id\":\"https:\/\/www.smedemokrati.sk\/lidrom-kandidatky-demokratov-do-europskeho-parlamentu-je-jaroslav-nad\/#primaryimage\"},\"thumbnailUrl\":\"https:\/\/www.smedemokrati.sk\/wp-content\/uploads\/2023\/04\/JN_1-3.jpg\",\"datePublished\":\"2024-02-14T07:52:31+00:00\",\"dateModified\":\"2024-02-14T14:38:27+00:00\",\"breadcrumb\":{\"@id\":\"https:\/\/www.smedemokrati.sk\/lidrom-kandidatky-demokratov-do-europskeho-parlamentu-je-jaroslav-nad\/#breadcrumb\"},\"inLanguage\":\"hu-HU\",\"potentialAction\":[{\"@type\":\"ReadAction\",\"target\":[\"https:\/\/www.smedemokrati.sk\/lidrom-kandidatky-demokratov-do-europskeho-parlamentu-je-jaroslav-nad\/\"]}]},{\"@type\":\"ImageObject\",\"inLanguage\":\"hu-HU\",\"@id\":\"https:\/\/www.smedemokrati.sk\/lidrom-kandidatky-demokratov-do-europskeho-parlamentu-je-jaroslav-nad\/#primaryimage\",\"url\":\"https:\/\/www.smedemokrati.sk\/wp-content\/uploads\/2023\/04\/JN_1-3.jpg\",\"contentUrl\":\"https:\/\/www.smedemokrati.sk\/wp-content\/uploads\/2023\/04\/JN_1-3.jpg\",\"width\":2048,\"height\":1365},{\"@type\":\"BreadcrumbList\",\"@id\":\"https:\/\/www.smedemokrati.sk\/lidrom-kandidatky-demokratov-do-europskeho-parlamentu-je-jaroslav-nad\/#breadcrumb\",\"itemListElement\":[{\"@type\":\"ListItem\",\"position\":1,\"name\":\"Domovsk\u00e1 str\u00e1nka\",\"item\":\"https:\/\/www.smedemokrati.sk\/\"},{\"@type\":\"ListItem\",\"position\":2,\"name\":\"L\u00eddrom kandid\u00e1tky Demokratov do Eur\u00f3pskeho parlamentu je Jaroslav Na\u010f\"}]},{\"@type\":\"WebSite\",\"@id\":\"https:\/\/www.smedemokrati.sk\/#website\",\"url\":\"https:\/\/www.smedemokrati.sk\/\",\"name\":\"Smedemokrati.sk\",\"description\":\"Demokracia a slu\u0161nos\u0165 zv\u00ed\u0165az\u00ed\",\"publisher\":{\"@id\":\"https:\/\/www.smedemokrati.sk\/#organization\"},\"potentialAction\":[{\"@type\":\"SearchAction\",\"target\":{\"@type\":\"EntryPoint\",\"urlTemplate\":\"https:\/\/www.smedemokrati.sk\/?s={search_term_string}\"},\"query-input\":{\"@type\":\"PropertyValueSpecification\",\"valueRequired\":true,\"valueName\":\"search_term_string\"}}],\"inLanguage\":\"hu-HU\"},{\"@type\":\"Organization\",\"@id\":\"https:\/\/www.smedemokrati.sk\/#organization\",\"name\":\"Smedemokrati.sk\",\"url\":\"https:\/\/www.smedemokrati.sk\/\",\"logo\":{\"@type\":\"ImageObject\",\"inLanguage\":\"hu-HU\",\"@id\":\"https:\/\/www.smedemokrati.sk\/#\/schema\/logo\/image\/\",\"url\":\"https:\/\/www.smedemokrati.sk\/wp-content\/uploads\/2023\/04\/ff.002.jpeg\",\"contentUrl\":\"https:\/\/www.smedemokrati.sk\/wp-content\/uploads\/2023\/04\/ff.002.jpeg\",\"width\":640,\"height\":480,\"caption\":\"Smedemokrati.sk\"},\"image\":{\"@id\":\"https:\/\/www.smedemokrati.sk\/#\/schema\/logo\/image\/\"},\"sameAs\":[\"https:\/\/www.facebook.com\/smedemokrati2023\"]},{\"@type\":\"Person\",\"@id\":\"https:\/\/www.smedemokrati.sk\/#\/schema\/person\/c60720f4b9955b3c1ed222ebd1fbbc7c\",\"name\":\"Tom\u00e1\u0161 Koppl\",\"image\":{\"@type\":\"ImageObject\",\"inLanguage\":\"hu-HU\",\"@id\":\"https:\/\/secure.gravatar.com\/avatar\/8dfa38373c5e39821baf74c8e867a6f12e12c6dab6559aa999d10703b0b1c4ce?s=96&d=mm&r=g\",\"url\":\"https:\/\/secure.gravatar.com\/avatar\/8dfa38373c5e39821baf74c8e867a6f12e12c6dab6559aa999d10703b0b1c4ce?s=96&d=mm&r=g\",\"contentUrl\":\"https:\/\/secure.gravatar.com\/avatar\/8dfa38373c5e39821baf74c8e867a6f12e12c6dab6559aa999d10703b0b1c4ce?s=96&d=mm&r=g\",\"caption\":\"Tom\u00e1\u0161 Koppl\"},\"url\":\"https:\/\/www.smedemokrati.sk\/hu\/author\/tomaskoppl\/\"}]}<\/script>\n<!-- \/ Yoast SEO plugin. -->","yoast_head_json":{"title":"L\u00eddrom kandid\u00e1tky Demokratov do Eur\u00f3pskeho parlamentu je Jaroslav Na\u010f - Smedemokrati.sk","robots":{"index":"index","follow":"follow","max-snippet":"max-snippet:-1","max-image-preview":"max-image-preview:large","max-video-preview":"max-video-preview:-1"},"canonical":"https:\/\/www.smedemokrati.sk\/hu\/lidrom-kandidatky-demokratov-do-europskeho-parlamentu-je-jaroslav-nad\/","og_locale":"hu_HU","og_type":"article","og_title":"L\u00eddrom kandid\u00e1tky Demokratov do Eur\u00f3pskeho parlamentu je Jaroslav Na\u010f - Smedemokrati.sk","og_description":"Kandid\u00e1tnu listinu do eurovolieb povedie predseda Demokratov Jaroslav Na\u010f. Jednohlasne o tom rozhodlo predsedn\u00edctvo strany a pln\u00fa podporu vyjadrila aj \u010dlensk\u00e1 z\u00e1klad\u0148a. Strana pova\u017euje j\u00fanov\u00e9 vo\u013eby za mimoriadne d\u00f4le\u017eit\u00e9 v glob\u00e1lnom, ale aj n\u00e1rodnom kontexte a tie\u017e za skvel\u00fa pr\u00edle\u017eitos\u0165 pre v\u0161etk\u00fdch, ktor\u00ed dnes hovoria, \u017ee Demokrati ch\u00fdbaj\u00fa v slovenskom parlamente.\u00a0 Pod\u013ea Demokratov je Jaroslav [&hellip;]","og_url":"https:\/\/www.smedemokrati.sk\/hu\/lidrom-kandidatky-demokratov-do-europskeho-parlamentu-je-jaroslav-nad\/","og_site_name":"Smedemokrati.sk","article_publisher":"https:\/\/www.facebook.com\/smedemokrati2023","article_published_time":"2024-02-14T07:52:31+00:00","article_modified_time":"2024-02-14T14:38:27+00:00","og_image":[{"width":2048,"height":1365,"url":"https:\/\/www.smedemokrati.sk\/wp-content\/uploads\/2023\/04\/JN_1-3.jpg","type":"image\/jpeg"}],"author":"Tom\u00e1\u0161 Koppl","twitter_card":"summary_large_image","twitter_misc":{"Szerz\u0151:":"Tom\u00e1\u0161 Koppl","Becs\u00fclt olvas\u00e1si id\u0151":"4 perc"},"schema":{"@context":"https:\/\/schema.org","@graph":[{"@type":"Article","@id":"https:\/\/www.smedemokrati.sk\/lidrom-kandidatky-demokratov-do-europskeho-parlamentu-je-jaroslav-nad\/#article","isPartOf":{"@id":"https:\/\/www.smedemokrati.sk\/lidrom-kandidatky-demokratov-do-europskeho-parlamentu-je-jaroslav-nad\/"},"author":{"name":"Tom\u00e1\u0161 Koppl","@id":"https:\/\/www.smedemokrati.sk\/#\/schema\/person\/c60720f4b9955b3c1ed222ebd1fbbc7c"},"headline":"L\u00eddrom kandid\u00e1tky Demokratov do Eur\u00f3pskeho parlamentu je Jaroslav Na\u010f","datePublished":"2024-02-14T07:52:31+00:00","dateModified":"2024-02-14T14:38:27+00:00","mainEntityOfPage":{"@id":"https:\/\/www.smedemokrati.sk\/lidrom-kandidatky-demokratov-do-europskeho-parlamentu-je-jaroslav-nad\/"},"wordCount":759,"publisher":{"@id":"https:\/\/www.smedemokrati.sk\/#organization"},"image":{"@id":"https:\/\/www.smedemokrati.sk\/lidrom-kandidatky-demokratov-do-europskeho-parlamentu-je-jaroslav-nad\/#primaryimage"},"thumbnailUrl":"https:\/\/www.smedemokrati.sk\/wp-content\/uploads\/2023\/04\/JN_1-3.jpg","articleSection":["Tla\u010dov\u00e9 spr\u00e1vy"],"inLanguage":"hu-HU"},{"@type":"WebPage","@id":"https:\/\/www.smedemokrati.sk\/lidrom-kandidatky-demokratov-do-europskeho-parlamentu-je-jaroslav-nad\/","url":"https:\/\/www.smedemokrati.sk\/lidrom-kandidatky-demokratov-do-europskeho-parlamentu-je-jaroslav-nad\/","name":"L\u00eddrom kandid\u00e1tky Demokratov do Eur\u00f3pskeho parlamentu je Jaroslav Na\u010f - Smedemokrati.sk","isPartOf":{"@id":"https:\/\/www.smedemokrati.sk\/#website"},"primaryImageOfPage":{"@id":"https:\/\/www.smedemokrati.sk\/lidrom-kandidatky-demokratov-do-europskeho-parlamentu-je-jaroslav-nad\/#primaryimage"},"image":{"@id":"https:\/\/www.smedemokrati.sk\/lidrom-kandidatky-demokratov-do-europskeho-parlamentu-je-jaroslav-nad\/#primaryimage"},"thumbnailUrl":"https:\/\/www.smedemokrati.sk\/wp-content\/uploads\/2023\/04\/JN_1-3.jpg","datePublished":"2024-02-14T07:52:31+00:00","dateModified":"2024-02-14T14:38:27+00:00","breadcrumb":{"@id":"https:\/\/www.smedemokrati.sk\/lidrom-kandidatky-demokratov-do-europskeho-parlamentu-je-jaroslav-nad\/#breadcrumb"},"inLanguage":"hu-HU","potentialAction":[{"@type":"ReadAction","target":["https:\/\/www.smedemokrati.sk\/lidrom-kandidatky-demokratov-do-europskeho-parlamentu-je-jaroslav-nad\/"]}]},{"@type":"ImageObject","inLanguage":"hu-HU","@id":"https:\/\/www.smedemokrati.sk\/lidrom-kandidatky-demokratov-do-europskeho-parlamentu-je-jaroslav-nad\/#primaryimage","url":"https:\/\/www.smedemokrati.sk\/wp-content\/uploads\/2023\/04\/JN_1-3.jpg","contentUrl":"https:\/\/www.smedemokrati.sk\/wp-content\/uploads\/2023\/04\/JN_1-3.jpg","width":2048,"height":1365},{"@type":"BreadcrumbList","@id":"https:\/\/www.smedemokrati.sk\/lidrom-kandidatky-demokratov-do-europskeho-parlamentu-je-jaroslav-nad\/#breadcrumb","itemListElement":[{"@type":"ListItem","position":1,"name":"Domovsk\u00e1 str\u00e1nka","item":"https:\/\/www.smedemokrati.sk\/"},{"@type":"ListItem","position":2,"name":"L\u00eddrom kandid\u00e1tky Demokratov do Eur\u00f3pskeho parlamentu je Jaroslav Na\u010f"}]},{"@type":"WebSite","@id":"https:\/\/www.smedemokrati.sk\/#website","url":"https:\/\/www.smedemokrati.sk\/","name":"Smedemokrati.sk","description":"Demokracia a slu\u0161nos\u0165 zv\u00ed\u0165az\u00ed","publisher":{"@id":"https:\/\/www.smedemokrati.sk\/#organization"},"potentialAction":[{"@type":"SearchAction","target":{"@type":"EntryPoint","urlTemplate":"https:\/\/www.smedemokrati.sk\/?s={search_term_string}"},"query-input":{"@type":"PropertyValueSpecification","valueRequired":true,"valueName":"search_term_string"}}],"inLanguage":"hu-HU"},{"@type":"Organization","@id":"https:\/\/www.smedemokrati.sk\/#organization","name":"Smedemokrati.sk","url":"https:\/\/www.smedemokrati.sk\/","logo":{"@type":"ImageObject","inLanguage":"hu-HU","@id":"https:\/\/www.smedemokrati.sk\/#\/schema\/logo\/image\/","url":"https:\/\/www.smedemokrati.sk\/wp-content\/uploads\/2023\/04\/ff.002.jpeg","contentUrl":"https:\/\/www.smedemokrati.sk\/wp-content\/uploads\/2023\/04\/ff.002.jpeg","width":640,"height":480,"caption":"Smedemokrati.sk"},"image":{"@id":"https:\/\/www.smedemokrati.sk\/#\/schema\/logo\/image\/"},"sameAs":["https:\/\/www.facebook.com\/smedemokrati2023"]},{"@type":"Person","@id":"https:\/\/www.smedemokrati.sk\/#\/schema\/person\/c60720f4b9955b3c1ed222ebd1fbbc7c","name":"Tom\u00e1\u0161 Koppl","image":{"@type":"ImageObject","inLanguage":"hu-HU","@id":"https:\/\/secure.gravatar.com\/avatar\/8dfa38373c5e39821baf74c8e867a6f12e12c6dab6559aa999d10703b0b1c4ce?s=96&d=mm&r=g","url":"https:\/\/secure.gravatar.com\/avatar\/8dfa38373c5e39821baf74c8e867a6f12e12c6dab6559aa999d10703b0b1c4ce?s=96&d=mm&r=g","contentUrl":"https:\/\/secure.gravatar.com\/avatar\/8dfa38373c5e39821baf74c8e867a6f12e12c6dab6559aa999d10703b0b1c4ce?s=96&d=mm&r=g","caption":"Tom\u00e1\u0161 Koppl"},"url":"https:\/\/www.smedemokrati.sk\/hu\/author\/tomaskoppl\/"}]}},"_links":{"self":[{"href":"https:\/\/www.smedemokrati.sk\/hu\/wp-json\/wp\/v2\/posts\/2686","targetHints":{"allow":["GET"]}}],"collection":[{"href":"https:\/\/www.smedemokrati.sk\/hu\/wp-json\/wp\/v2\/posts"}],"about":[{"href":"https:\/\/www.smedemokrati.sk\/hu\/wp-json\/wp\/v2\/types\/post"}],"author":[{"embeddable":true,"href":"https:\/\/www.smedemokrati.sk\/hu\/wp-json\/wp\/v2\/users\/7"}],"replies":[{"embeddable":true,"href":"https:\/\/www.smedemokrati.sk\/hu\/wp-json\/wp\/v2\/comments?post=2686"}],"version-history":[{"count":1,"href":"https:\/\/www.smedemokrati.sk\/hu\/wp-json\/wp\/v2\/posts\/2686\/revisions"}],"predecessor-version":[{"id":2687,"href":"https:\/\/www.smedemokrati.sk\/hu\/wp-json\/wp\/v2\/posts\/2686\/revisions\/2687"}],"wp:featuredmedia":[{"embeddable":true,"href":"https:\/\/www.smedemokrati.sk\/hu\/wp-json\/wp\/v2\/media\/413"}],"wp:attachment":[{"href":"https:\/\/www.smedemokrati.sk\/hu\/wp-json\/wp\/v2\/media?parent=2686"}],"wp:term":[{"taxonomy":"category","embeddable":true,"href":"https:\/\/www.smedemokrati.sk\/hu\/wp-json\/wp\/v2\/categories?post=2686"},{"taxonomy":"post_tag","embeddable":true,"href":"https:\/\/www.smedemokrati.sk\/hu\/wp-json\/wp\/v2\/tags?post=2686"}],"curies":[{"name":"wp","href":"https:\/\/api.w.org\/{rel}","templated":true}]}}