{"id":2671,"date":"2024-02-13T10:50:52","date_gmt":"2024-02-13T08:50:52","guid":{"rendered":"https:\/\/www.smedemokrati.sk\/?p=2671"},"modified":"2024-02-13T11:58:18","modified_gmt":"2024-02-13T09:58:18","slug":"normalizacia-rtvs-zacala-sns-uz-viac-nemoze-riadit-rezort-kultury","status":"publish","type":"post","link":"https:\/\/www.smedemokrati.sk\/hu\/normalizacia-rtvs-zacala-sns-uz-viac-nemoze-riadit-rezort-kultury\/","title":{"rendered":"Normaliz\u00e1cia RTVS za\u010dala, SNS u\u017e viac nem\u00f4\u017ee riadi\u0165 rezort kult\u00fary"},"content":{"rendered":"<div id=\"fb-root\"><\/div>\n\n<p><strong>Odvol\u00e1va\u0165 ministerku kult\u00fary Martinu \u0160imkovi\u010dov\u00fa nesta\u010d\u00ed. Hovor\u00ed b\u00fdval\u00fd \u0161\u00e9f V\u00fdboru NR SR pre kult\u00faru a m\u00e9di\u00e1 Kristi\u00e1n \u010cekovsk\u00fd. Od\u00f4vod\u0148uje to v\u00fdrokmi Andreja Danka, ktor\u00fd sa verejne priznal k ne\u0161tandardn\u00fdm vplyvom vo verejnopr\u00e1vnej telev\u00edzii.\u00a0<\/strong><\/p>\n\n\n\n<p>\u201eDanko sa v \u017eivom vysielan\u00ed priznal, \u017ee b\u00fdval\u00e9ho gener\u00e1lneho riadite\u013ea Rezn\u00edka priamo \u00fakoloval. Priznal sa, \u017ee rozhodoval o tom, kto bude pracova\u0165 v telev\u00edzii, kto bude moder\u00e1torom politickej diskusie a tie\u017e ur\u010doval host\u00ed t\u00fdchto rel\u00e1ci\u00ed. Je to neprijate\u013en\u00e9 a dnes u\u017e m\u00f4\u017eeme definit\u00edvne hovori\u0165 o tom, \u017ee s\u00fa\u010dasn\u00e1 vl\u00e1da \u0165ah\u00e1 Slovensko do obdobia normaliz\u00e1cie,\u201c povedal\u00a0<strong>\u010dlen Demokratov Kristi\u00e1n \u010cekovsk\u00fd<\/strong>\u00a0a dodal, \u017ee premi\u00e9r Robert Fico mus\u00ed okam\u017eite reagova\u0165 na tieto mocensk\u00e9 maniere SNS, inak sa m\u00f4\u017ee verejnos\u0165 domnieva\u0165, \u017ee o t\u00fdchto vplyvov vedel.\u00a0<\/p>\n\n\n\n<p><strong>Expremi\u00e9r Eduard Heger<\/strong>: \u201eVyz\u00fdvame Fica aby od\u0148al rezort kult\u00fary SNS. Verejnopr\u00e1vna telev\u00edzia patr\u00ed v\u0161etk\u00fdm ob\u010danom, nie je to Dankova esero\u010dka. RTVS nem\u00e1 by\u0165 \u0161t\u00e1tnou hlasnou tr\u00fabou propagandy Slovenskej n\u00e1rodnej strany. My nie sme Ma\u010farsko, p\u00e1n Fico.\u201c Ostro kritizoval podpredseda Demokratov Eduard Heger.\u00a0<\/p>\n\n\n\n<p>K v\u00fdzve sa prid\u00e1va aj<strong>\u00a0\u010dlenka predsedn\u00edctva Dorota Nvotov\u00e1<\/strong>, ktor\u00e1 pripomenula neakceptovate\u013en\u00e9 \u00fatoky na novin\u00e1rov: \u201eSpome\u0148te si na v\u00fdroky dnes premi\u00e9ra, \u017ee novin\u00e1ri s\u00fa protislovensk\u00e9 prostit\u00fatky, spome\u0148te si na vra\u017edu novin\u00e1ra J\u00e1na a jeho sn\u00fabenice Martiny a pozrite sa kde sme dnes. V\u010dera mlad\u00fd Kali\u0148\u00e1k doslova nah\u00e1\u0148al jedn\u00e9ho z koment\u00e1torov, aby si urobil svoje propagandistick\u00e9 video. Chc\u00fa n\u00e1m zabr\u00e1ni\u0165 slobodn\u00e9mu pr\u00edstupu k inform\u00e1ci\u00e1m, a to v\u0161etko preto, aby zakryli svoje hriechy.\u201d<\/p>\n","protected":false},"excerpt":{"rendered":"<p>Odvol\u00e1va\u0165 ministerku kult\u00fary Martinu \u0160imkovi\u010dov\u00fa nesta\u010d\u00ed. Hovor\u00ed b\u00fdval\u00fd \u0161\u00e9f V\u00fdboru NR SR pre kult\u00faru a m\u00e9di\u00e1 Kristi\u00e1n \u010cekovsk\u00fd. Od\u00f4vod\u0148uje to v\u00fdrokmi Andreja Danka, ktor\u00fd sa verejne priznal k ne\u0161tandardn\u00fdm vplyvom vo verejnopr\u00e1vnej telev\u00edzii.\u00a0 \u201eDanko sa v \u017eivom vysielan\u00ed priznal, \u017ee b\u00fdval\u00e9ho gener\u00e1lneho riadite\u013ea Rezn\u00edka priamo \u00fakoloval. Priznal sa, \u017ee rozhodoval o tom, kto bude pracova\u0165 [&hellip;]<\/p>\n","protected":false},"author":7,"featured_media":2672,"comment_status":"closed","ping_status":"closed","sticky":false,"template":"","format":"standard","meta":{"_acf_changed":false,"ngg_post_thumbnail":0,"footnotes":""},"categories":[4],"tags":[],"class_list":["post-2671","post","type-post","status-publish","format-standard","has-post-thumbnail","hentry","category-tlacove-spravy"],"acf":[],"yoast_head":"<!-- This site is optimized with the Yoast SEO plugin v27.2 - https:\/\/yoast.com\/product\/yoast-seo-wordpress\/ -->\n<title>Normaliz\u00e1cia RTVS za\u010dala, SNS u\u017e viac nem\u00f4\u017ee riadi\u0165 rezort kult\u00fary - Smedemokrati.sk<\/title>\n<meta name=\"robots\" content=\"index, follow, max-snippet:-1, max-image-preview:large, max-video-preview:-1\" \/>\n<link rel=\"canonical\" href=\"https:\/\/www.smedemokrati.sk\/hu\/normalizacia-rtvs-zacala-sns-uz-viac-nemoze-riadit-rezort-kultury\/\" \/>\n<meta property=\"og:locale\" content=\"hu_HU\" \/>\n<meta property=\"og:locale:alternate\" content=\"en_US\" \/>\n<meta property=\"og:locale:alternate\" content=\"cs_CZ\" \/>\n<meta property=\"og:locale:alternate\" content=\"sk_SK\" \/>\n<meta property=\"og:locale:alternate\" content=\"sv_SE\" \/>\n<meta property=\"og:type\" content=\"article\" \/>\n<meta property=\"og:title\" content=\"Normaliz\u00e1cia RTVS za\u010dala, SNS u\u017e viac nem\u00f4\u017ee riadi\u0165 rezort kult\u00fary - Smedemokrati.sk\" \/>\n<meta property=\"og:description\" content=\"Odvol\u00e1va\u0165 ministerku kult\u00fary Martinu \u0160imkovi\u010dov\u00fa nesta\u010d\u00ed. Hovor\u00ed b\u00fdval\u00fd \u0161\u00e9f V\u00fdboru NR SR pre kult\u00faru a m\u00e9di\u00e1 Kristi\u00e1n \u010cekovsk\u00fd. Od\u00f4vod\u0148uje to v\u00fdrokmi Andreja Danka, ktor\u00fd sa verejne priznal k ne\u0161tandardn\u00fdm vplyvom vo verejnopr\u00e1vnej telev\u00edzii.\u00a0 \u201eDanko sa v \u017eivom vysielan\u00ed priznal, \u017ee b\u00fdval\u00e9ho gener\u00e1lneho riadite\u013ea Rezn\u00edka priamo \u00fakoloval. Priznal sa, \u017ee rozhodoval o tom, kto bude pracova\u0165 [&hellip;]\" \/>\n<meta property=\"og:url\" content=\"https:\/\/www.smedemokrati.sk\/hu\/normalizacia-rtvs-zacala-sns-uz-viac-nemoze-riadit-rezort-kultury\/\" \/>\n<meta property=\"og:site_name\" content=\"Smedemokrati.sk\" \/>\n<meta property=\"article:publisher\" content=\"https:\/\/www.facebook.com\/smedemokrati2023\" \/>\n<meta property=\"article:published_time\" content=\"2024-02-13T08:50:52+00:00\" \/>\n<meta property=\"article:modified_time\" content=\"2024-02-13T09:58:18+00:00\" \/>\n<meta property=\"og:image\" content=\"https:\/\/www.smedemokrati.sk\/wp-content\/uploads\/2024\/02\/Screenshot-2024-02-13-at-09.48.11.jpg\" \/>\n\t<meta property=\"og:image:width\" content=\"2036\" \/>\n\t<meta property=\"og:image:height\" content=\"1271\" \/>\n\t<meta property=\"og:image:type\" content=\"image\/jpeg\" \/>\n<meta name=\"author\" content=\"Tom\u00e1\u0161 Koppl\" \/>\n<meta name=\"twitter:card\" content=\"summary_large_image\" \/>\n<meta name=\"twitter:label1\" content=\"Szerz\u0151:\" \/>\n\t<meta name=\"twitter:data1\" content=\"Tom\u00e1\u0161 Koppl\" \/>\n\t<meta name=\"twitter:label2\" content=\"Becs\u00fclt olvas\u00e1si id\u0151\" \/>\n\t<meta name=\"twitter:data2\" content=\"2 perc\" \/>\n<script type=\"application\/ld+json\" class=\"yoast-schema-graph\">{\"@context\":\"https:\/\/schema.org\",\"@graph\":[{\"@type\":\"Article\",\"@id\":\"https:\/\/www.smedemokrati.sk\/normalizacia-rtvs-zacala-sns-uz-viac-nemoze-riadit-rezort-kultury\/#article\",\"isPartOf\":{\"@id\":\"https:\/\/www.smedemokrati.sk\/normalizacia-rtvs-zacala-sns-uz-viac-nemoze-riadit-rezort-kultury\/\"},\"author\":{\"name\":\"Tom\u00e1\u0161 Koppl\",\"@id\":\"https:\/\/www.smedemokrati.sk\/#\/schema\/person\/c60720f4b9955b3c1ed222ebd1fbbc7c\"},\"headline\":\"Normaliz\u00e1cia RTVS za\u010dala, SNS u\u017e viac nem\u00f4\u017ee riadi\u0165 rezort kult\u00fary\",\"datePublished\":\"2024-02-13T08:50:52+00:00\",\"dateModified\":\"2024-02-13T09:58:18+00:00\",\"mainEntityOfPage\":{\"@id\":\"https:\/\/www.smedemokrati.sk\/normalizacia-rtvs-zacala-sns-uz-viac-nemoze-riadit-rezort-kultury\/\"},\"wordCount\":321,\"publisher\":{\"@id\":\"https:\/\/www.smedemokrati.sk\/#organization\"},\"image\":{\"@id\":\"https:\/\/www.smedemokrati.sk\/normalizacia-rtvs-zacala-sns-uz-viac-nemoze-riadit-rezort-kultury\/#primaryimage\"},\"thumbnailUrl\":\"https:\/\/www.smedemokrati.sk\/wp-content\/uploads\/2024\/02\/Screenshot-2024-02-13-at-09.48.11.jpg\",\"articleSection\":[\"Tla\u010dov\u00e9 spr\u00e1vy\"],\"inLanguage\":\"hu-HU\"},{\"@type\":\"WebPage\",\"@id\":\"https:\/\/www.smedemokrati.sk\/normalizacia-rtvs-zacala-sns-uz-viac-nemoze-riadit-rezort-kultury\/\",\"url\":\"https:\/\/www.smedemokrati.sk\/normalizacia-rtvs-zacala-sns-uz-viac-nemoze-riadit-rezort-kultury\/\",\"name\":\"Normaliz\u00e1cia RTVS za\u010dala, SNS u\u017e viac nem\u00f4\u017ee riadi\u0165 rezort kult\u00fary - Smedemokrati.sk\",\"isPartOf\":{\"@id\":\"https:\/\/www.smedemokrati.sk\/#website\"},\"primaryImageOfPage\":{\"@id\":\"https:\/\/www.smedemokrati.sk\/normalizacia-rtvs-zacala-sns-uz-viac-nemoze-riadit-rezort-kultury\/#primaryimage\"},\"image\":{\"@id\":\"https:\/\/www.smedemokrati.sk\/normalizacia-rtvs-zacala-sns-uz-viac-nemoze-riadit-rezort-kultury\/#primaryimage\"},\"thumbnailUrl\":\"https:\/\/www.smedemokrati.sk\/wp-content\/uploads\/2024\/02\/Screenshot-2024-02-13-at-09.48.11.jpg\",\"datePublished\":\"2024-02-13T08:50:52+00:00\",\"dateModified\":\"2024-02-13T09:58:18+00:00\",\"breadcrumb\":{\"@id\":\"https:\/\/www.smedemokrati.sk\/normalizacia-rtvs-zacala-sns-uz-viac-nemoze-riadit-rezort-kultury\/#breadcrumb\"},\"inLanguage\":\"hu-HU\",\"potentialAction\":[{\"@type\":\"ReadAction\",\"target\":[\"https:\/\/www.smedemokrati.sk\/normalizacia-rtvs-zacala-sns-uz-viac-nemoze-riadit-rezort-kultury\/\"]}]},{\"@type\":\"ImageObject\",\"inLanguage\":\"hu-HU\",\"@id\":\"https:\/\/www.smedemokrati.sk\/normalizacia-rtvs-zacala-sns-uz-viac-nemoze-riadit-rezort-kultury\/#primaryimage\",\"url\":\"https:\/\/www.smedemokrati.sk\/wp-content\/uploads\/2024\/02\/Screenshot-2024-02-13-at-09.48.11.jpg\",\"contentUrl\":\"https:\/\/www.smedemokrati.sk\/wp-content\/uploads\/2024\/02\/Screenshot-2024-02-13-at-09.48.11.jpg\",\"width\":2036,\"height\":1271},{\"@type\":\"BreadcrumbList\",\"@id\":\"https:\/\/www.smedemokrati.sk\/normalizacia-rtvs-zacala-sns-uz-viac-nemoze-riadit-rezort-kultury\/#breadcrumb\",\"itemListElement\":[{\"@type\":\"ListItem\",\"position\":1,\"name\":\"Domovsk\u00e1 str\u00e1nka\",\"item\":\"https:\/\/www.smedemokrati.sk\/\"},{\"@type\":\"ListItem\",\"position\":2,\"name\":\"Normaliz\u00e1cia RTVS za\u010dala, SNS u\u017e viac nem\u00f4\u017ee riadi\u0165 rezort kult\u00fary\"}]},{\"@type\":\"WebSite\",\"@id\":\"https:\/\/www.smedemokrati.sk\/#website\",\"url\":\"https:\/\/www.smedemokrati.sk\/\",\"name\":\"Smedemokrati.sk\",\"description\":\"Demokracia a slu\u0161nos\u0165 zv\u00ed\u0165az\u00ed\",\"publisher\":{\"@id\":\"https:\/\/www.smedemokrati.sk\/#organization\"},\"potentialAction\":[{\"@type\":\"SearchAction\",\"target\":{\"@type\":\"EntryPoint\",\"urlTemplate\":\"https:\/\/www.smedemokrati.sk\/?s={search_term_string}\"},\"query-input\":{\"@type\":\"PropertyValueSpecification\",\"valueRequired\":true,\"valueName\":\"search_term_string\"}}],\"inLanguage\":\"hu-HU\"},{\"@type\":\"Organization\",\"@id\":\"https:\/\/www.smedemokrati.sk\/#organization\",\"name\":\"Smedemokrati.sk\",\"url\":\"https:\/\/www.smedemokrati.sk\/\",\"logo\":{\"@type\":\"ImageObject\",\"inLanguage\":\"hu-HU\",\"@id\":\"https:\/\/www.smedemokrati.sk\/#\/schema\/logo\/image\/\",\"url\":\"https:\/\/www.smedemokrati.sk\/wp-content\/uploads\/2023\/04\/ff.002.jpeg\",\"contentUrl\":\"https:\/\/www.smedemokrati.sk\/wp-content\/uploads\/2023\/04\/ff.002.jpeg\",\"width\":640,\"height\":480,\"caption\":\"Smedemokrati.sk\"},\"image\":{\"@id\":\"https:\/\/www.smedemokrati.sk\/#\/schema\/logo\/image\/\"},\"sameAs\":[\"https:\/\/www.facebook.com\/smedemokrati2023\"]},{\"@type\":\"Person\",\"@id\":\"https:\/\/www.smedemokrati.sk\/#\/schema\/person\/c60720f4b9955b3c1ed222ebd1fbbc7c\",\"name\":\"Tom\u00e1\u0161 Koppl\",\"image\":{\"@type\":\"ImageObject\",\"inLanguage\":\"hu-HU\",\"@id\":\"https:\/\/secure.gravatar.com\/avatar\/8dfa38373c5e39821baf74c8e867a6f12e12c6dab6559aa999d10703b0b1c4ce?s=96&d=mm&r=g\",\"url\":\"https:\/\/secure.gravatar.com\/avatar\/8dfa38373c5e39821baf74c8e867a6f12e12c6dab6559aa999d10703b0b1c4ce?s=96&d=mm&r=g\",\"contentUrl\":\"https:\/\/secure.gravatar.com\/avatar\/8dfa38373c5e39821baf74c8e867a6f12e12c6dab6559aa999d10703b0b1c4ce?s=96&d=mm&r=g\",\"caption\":\"Tom\u00e1\u0161 Koppl\"},\"url\":\"https:\/\/www.smedemokrati.sk\/hu\/author\/tomaskoppl\/\"}]}<\/script>\n<!-- \/ Yoast SEO plugin. -->","yoast_head_json":{"title":"Normaliz\u00e1cia RTVS za\u010dala, SNS u\u017e viac nem\u00f4\u017ee riadi\u0165 rezort kult\u00fary - Smedemokrati.sk","robots":{"index":"index","follow":"follow","max-snippet":"max-snippet:-1","max-image-preview":"max-image-preview:large","max-video-preview":"max-video-preview:-1"},"canonical":"https:\/\/www.smedemokrati.sk\/hu\/normalizacia-rtvs-zacala-sns-uz-viac-nemoze-riadit-rezort-kultury\/","og_locale":"hu_HU","og_type":"article","og_title":"Normaliz\u00e1cia RTVS za\u010dala, SNS u\u017e viac nem\u00f4\u017ee riadi\u0165 rezort kult\u00fary - Smedemokrati.sk","og_description":"Odvol\u00e1va\u0165 ministerku kult\u00fary Martinu \u0160imkovi\u010dov\u00fa nesta\u010d\u00ed. Hovor\u00ed b\u00fdval\u00fd \u0161\u00e9f V\u00fdboru NR SR pre kult\u00faru a m\u00e9di\u00e1 Kristi\u00e1n \u010cekovsk\u00fd. Od\u00f4vod\u0148uje to v\u00fdrokmi Andreja Danka, ktor\u00fd sa verejne priznal k ne\u0161tandardn\u00fdm vplyvom vo verejnopr\u00e1vnej telev\u00edzii.\u00a0 \u201eDanko sa v \u017eivom vysielan\u00ed priznal, \u017ee b\u00fdval\u00e9ho gener\u00e1lneho riadite\u013ea Rezn\u00edka priamo \u00fakoloval. Priznal sa, \u017ee rozhodoval o tom, kto bude pracova\u0165 [&hellip;]","og_url":"https:\/\/www.smedemokrati.sk\/hu\/normalizacia-rtvs-zacala-sns-uz-viac-nemoze-riadit-rezort-kultury\/","og_site_name":"Smedemokrati.sk","article_publisher":"https:\/\/www.facebook.com\/smedemokrati2023","article_published_time":"2024-02-13T08:50:52+00:00","article_modified_time":"2024-02-13T09:58:18+00:00","og_image":[{"width":2036,"height":1271,"url":"https:\/\/www.smedemokrati.sk\/wp-content\/uploads\/2024\/02\/Screenshot-2024-02-13-at-09.48.11.jpg","type":"image\/jpeg"}],"author":"Tom\u00e1\u0161 Koppl","twitter_card":"summary_large_image","twitter_misc":{"Szerz\u0151:":"Tom\u00e1\u0161 Koppl","Becs\u00fclt olvas\u00e1si id\u0151":"2 perc"},"schema":{"@context":"https:\/\/schema.org","@graph":[{"@type":"Article","@id":"https:\/\/www.smedemokrati.sk\/normalizacia-rtvs-zacala-sns-uz-viac-nemoze-riadit-rezort-kultury\/#article","isPartOf":{"@id":"https:\/\/www.smedemokrati.sk\/normalizacia-rtvs-zacala-sns-uz-viac-nemoze-riadit-rezort-kultury\/"},"author":{"name":"Tom\u00e1\u0161 Koppl","@id":"https:\/\/www.smedemokrati.sk\/#\/schema\/person\/c60720f4b9955b3c1ed222ebd1fbbc7c"},"headline":"Normaliz\u00e1cia RTVS za\u010dala, SNS u\u017e viac nem\u00f4\u017ee riadi\u0165 rezort kult\u00fary","datePublished":"2024-02-13T08:50:52+00:00","dateModified":"2024-02-13T09:58:18+00:00","mainEntityOfPage":{"@id":"https:\/\/www.smedemokrati.sk\/normalizacia-rtvs-zacala-sns-uz-viac-nemoze-riadit-rezort-kultury\/"},"wordCount":321,"publisher":{"@id":"https:\/\/www.smedemokrati.sk\/#organization"},"image":{"@id":"https:\/\/www.smedemokrati.sk\/normalizacia-rtvs-zacala-sns-uz-viac-nemoze-riadit-rezort-kultury\/#primaryimage"},"thumbnailUrl":"https:\/\/www.smedemokrati.sk\/wp-content\/uploads\/2024\/02\/Screenshot-2024-02-13-at-09.48.11.jpg","articleSection":["Tla\u010dov\u00e9 spr\u00e1vy"],"inLanguage":"hu-HU"},{"@type":"WebPage","@id":"https:\/\/www.smedemokrati.sk\/normalizacia-rtvs-zacala-sns-uz-viac-nemoze-riadit-rezort-kultury\/","url":"https:\/\/www.smedemokrati.sk\/normalizacia-rtvs-zacala-sns-uz-viac-nemoze-riadit-rezort-kultury\/","name":"Normaliz\u00e1cia RTVS za\u010dala, SNS u\u017e viac nem\u00f4\u017ee riadi\u0165 rezort kult\u00fary - Smedemokrati.sk","isPartOf":{"@id":"https:\/\/www.smedemokrati.sk\/#website"},"primaryImageOfPage":{"@id":"https:\/\/www.smedemokrati.sk\/normalizacia-rtvs-zacala-sns-uz-viac-nemoze-riadit-rezort-kultury\/#primaryimage"},"image":{"@id":"https:\/\/www.smedemokrati.sk\/normalizacia-rtvs-zacala-sns-uz-viac-nemoze-riadit-rezort-kultury\/#primaryimage"},"thumbnailUrl":"https:\/\/www.smedemokrati.sk\/wp-content\/uploads\/2024\/02\/Screenshot-2024-02-13-at-09.48.11.jpg","datePublished":"2024-02-13T08:50:52+00:00","dateModified":"2024-02-13T09:58:18+00:00","breadcrumb":{"@id":"https:\/\/www.smedemokrati.sk\/normalizacia-rtvs-zacala-sns-uz-viac-nemoze-riadit-rezort-kultury\/#breadcrumb"},"inLanguage":"hu-HU","potentialAction":[{"@type":"ReadAction","target":["https:\/\/www.smedemokrati.sk\/normalizacia-rtvs-zacala-sns-uz-viac-nemoze-riadit-rezort-kultury\/"]}]},{"@type":"ImageObject","inLanguage":"hu-HU","@id":"https:\/\/www.smedemokrati.sk\/normalizacia-rtvs-zacala-sns-uz-viac-nemoze-riadit-rezort-kultury\/#primaryimage","url":"https:\/\/www.smedemokrati.sk\/wp-content\/uploads\/2024\/02\/Screenshot-2024-02-13-at-09.48.11.jpg","contentUrl":"https:\/\/www.smedemokrati.sk\/wp-content\/uploads\/2024\/02\/Screenshot-2024-02-13-at-09.48.11.jpg","width":2036,"height":1271},{"@type":"BreadcrumbList","@id":"https:\/\/www.smedemokrati.sk\/normalizacia-rtvs-zacala-sns-uz-viac-nemoze-riadit-rezort-kultury\/#breadcrumb","itemListElement":[{"@type":"ListItem","position":1,"name":"Domovsk\u00e1 str\u00e1nka","item":"https:\/\/www.smedemokrati.sk\/"},{"@type":"ListItem","position":2,"name":"Normaliz\u00e1cia RTVS za\u010dala, SNS u\u017e viac nem\u00f4\u017ee riadi\u0165 rezort kult\u00fary"}]},{"@type":"WebSite","@id":"https:\/\/www.smedemokrati.sk\/#website","url":"https:\/\/www.smedemokrati.sk\/","name":"Smedemokrati.sk","description":"Demokracia a slu\u0161nos\u0165 zv\u00ed\u0165az\u00ed","publisher":{"@id":"https:\/\/www.smedemokrati.sk\/#organization"},"potentialAction":[{"@type":"SearchAction","target":{"@type":"EntryPoint","urlTemplate":"https:\/\/www.smedemokrati.sk\/?s={search_term_string}"},"query-input":{"@type":"PropertyValueSpecification","valueRequired":true,"valueName":"search_term_string"}}],"inLanguage":"hu-HU"},{"@type":"Organization","@id":"https:\/\/www.smedemokrati.sk\/#organization","name":"Smedemokrati.sk","url":"https:\/\/www.smedemokrati.sk\/","logo":{"@type":"ImageObject","inLanguage":"hu-HU","@id":"https:\/\/www.smedemokrati.sk\/#\/schema\/logo\/image\/","url":"https:\/\/www.smedemokrati.sk\/wp-content\/uploads\/2023\/04\/ff.002.jpeg","contentUrl":"https:\/\/www.smedemokrati.sk\/wp-content\/uploads\/2023\/04\/ff.002.jpeg","width":640,"height":480,"caption":"Smedemokrati.sk"},"image":{"@id":"https:\/\/www.smedemokrati.sk\/#\/schema\/logo\/image\/"},"sameAs":["https:\/\/www.facebook.com\/smedemokrati2023"]},{"@type":"Person","@id":"https:\/\/www.smedemokrati.sk\/#\/schema\/person\/c60720f4b9955b3c1ed222ebd1fbbc7c","name":"Tom\u00e1\u0161 Koppl","image":{"@type":"ImageObject","inLanguage":"hu-HU","@id":"https:\/\/secure.gravatar.com\/avatar\/8dfa38373c5e39821baf74c8e867a6f12e12c6dab6559aa999d10703b0b1c4ce?s=96&d=mm&r=g","url":"https:\/\/secure.gravatar.com\/avatar\/8dfa38373c5e39821baf74c8e867a6f12e12c6dab6559aa999d10703b0b1c4ce?s=96&d=mm&r=g","contentUrl":"https:\/\/secure.gravatar.com\/avatar\/8dfa38373c5e39821baf74c8e867a6f12e12c6dab6559aa999d10703b0b1c4ce?s=96&d=mm&r=g","caption":"Tom\u00e1\u0161 Koppl"},"url":"https:\/\/www.smedemokrati.sk\/hu\/author\/tomaskoppl\/"}]}},"_links":{"self":[{"href":"https:\/\/www.smedemokrati.sk\/hu\/wp-json\/wp\/v2\/posts\/2671","targetHints":{"allow":["GET"]}}],"collection":[{"href":"https:\/\/www.smedemokrati.sk\/hu\/wp-json\/wp\/v2\/posts"}],"about":[{"href":"https:\/\/www.smedemokrati.sk\/hu\/wp-json\/wp\/v2\/types\/post"}],"author":[{"embeddable":true,"href":"https:\/\/www.smedemokrati.sk\/hu\/wp-json\/wp\/v2\/users\/7"}],"replies":[{"embeddable":true,"href":"https:\/\/www.smedemokrati.sk\/hu\/wp-json\/wp\/v2\/comments?post=2671"}],"version-history":[{"count":1,"href":"https:\/\/www.smedemokrati.sk\/hu\/wp-json\/wp\/v2\/posts\/2671\/revisions"}],"predecessor-version":[{"id":2673,"href":"https:\/\/www.smedemokrati.sk\/hu\/wp-json\/wp\/v2\/posts\/2671\/revisions\/2673"}],"wp:featuredmedia":[{"embeddable":true,"href":"https:\/\/www.smedemokrati.sk\/hu\/wp-json\/wp\/v2\/media\/2672"}],"wp:attachment":[{"href":"https:\/\/www.smedemokrati.sk\/hu\/wp-json\/wp\/v2\/media?parent=2671"}],"wp:term":[{"taxonomy":"category","embeddable":true,"href":"https:\/\/www.smedemokrati.sk\/hu\/wp-json\/wp\/v2\/categories?post=2671"},{"taxonomy":"post_tag","embeddable":true,"href":"https:\/\/www.smedemokrati.sk\/hu\/wp-json\/wp\/v2\/tags?post=2671"}],"curies":[{"name":"wp","href":"https:\/\/api.w.org\/{rel}","templated":true}]}}