{"id":2656,"date":"2024-02-09T15:13:40","date_gmt":"2024-02-09T13:13:40","guid":{"rendered":"https:\/\/www.smedemokrati.sk\/?p=2656"},"modified":"2024-02-13T10:48:46","modified_gmt":"2024-02-13T08:48:46","slug":"prezidentka-by-mala-novelu-podpisat-ustavny-sud-tak-ziska-viac-casu","status":"publish","type":"post","link":"https:\/\/www.smedemokrati.sk\/hu\/prezidentka-by-mala-novelu-podpisat-ustavny-sud-tak-ziska-viac-casu\/","title":{"rendered":"Prezidentka by mala novelu podp\u00edsa\u0165, \u00dastavn\u00fd s\u00fad tak z\u00edska viac \u010dasu"},"content":{"rendered":"<div id=\"fb-root\"><\/div>\n\n<p><strong>Pod\u013ea Demokratov by prezidentka SR nemala \u0161kandal\u00f3znu novelu trestn\u00e9ho novela vetova\u0165, ale mala by ju pod\u00edsa\u0165. Strana argumentuje t\u00fdm, \u017ee ide krok, ktor\u00fdm \u00dastavn\u00fd s\u00fad SR z\u00edska viac \u010dasu na to, aby sa mohol zaobera\u0165 proti\u00fastavnos\u0165ou novely a prid\u00e1va sa tak k n\u00e1zoru viacer\u00fdch odborn\u00edkov na \u00fastavn\u00e9 pr\u00e1vo a rokovac\u00ed poriadok.\u00a0<\/strong><\/p>\n\n\n\n<p>Pod\u013ea experta strany na spravodlivos\u0165 Juraja \u0160eligu plynie prezidentke prijat\u00edm novely 15 d\u0148ov\u00e1 lehota, po\u010das ktorej sa m\u00f4\u017ee rozhodn\u00fa\u0165 \u010di z\u00e1kon podp\u00ed\u0161e, alebo ho bude vetova\u0165. <strong><em>\u201ePrelomenie veta je s\u00edce siln\u00fdm symbolom odmietnutia z\u00e1kona, no dnes mus\u00edme pozera\u0165 na to, ako naozaj \u00fa\u010dinne t\u00fato hanebn\u00fa novelu zastavi\u0165. Ak ju pani prezidentka vr\u00e1ti do parlamentu, strat\u00ed nad \u0148ou kontrolu, a to, kedy sa prerokuje, bude len v ruk\u00e1ch predsedu parlamentu Pellegriniho. Ak sa tak stane, predpoklad\u00e1m, \u017ee 12. alebo 13. marca bude veto prezidentky definit\u00edvne prelomen\u00e9. Potom v\u0161ak \u00dastavn\u00e9mu s\u00fadu ostane iba de\u0148 na to, aby zaujal stanovisko, \u010di pozastav\u00ed \u00fa\u010dinnos\u0165 novely. Ak bude novela \u00fa\u010dinn\u00e1, \u010do i len jeden de\u0148, niektor\u00e9 trestn\u00e9 \u010diny s\u00fa preml\u010dan\u00e9 nav\u017edy,\u201d<\/em>\u00a0<\/strong>hovor\u00ed \u0160eliga a dod\u00e1va, \u017ee ak z\u00e1kon bude plati\u0165 \u010do i len sekundu, bud\u00fa najv\u00e4\u010d\u0161ie kauzy Slovenska zastaven\u00e9 a u\u017e by sa nikdy nemohli znova otvori\u0165.<\/p>\n\n\n\n<p><em>\u201eRozumieme, \u017ee ide o ne\u0161tandardn\u00e9 rie\u0161enie, ktor\u00e9 sa nepou\u017e\u00edva \u010dasto v praxi. Ukazuje sa v\u0161ak, \u017ee vl\u00e1dna koal\u00edcia nem\u00e1 \u017eiadne brdzy, dokonca ani tak ohavn\u00fd \u010din ako zn\u00e1silnenie ich nezastav\u00ed. So strategick\u00e9ho h\u013eadiska a vzh\u013eadom na mo\u017enosti, ktor\u00e9 n\u00e1m pon\u00faka pr\u00e1vny poriadok je preto toto rie\u0161enie dnes t\u00fdm, ktor\u00e9 zvy\u0161uje \u0161ancu na pozastavenie \u00fa\u010dinnosti tejto zlej a promafi\u00e1nskej novely. O to viac, ke\u010f rokovac\u00ed poriadok N\u00e1rodnej rady Slovenskej republiky v pr\u00edpade vr\u00e1ten\u00e9ho z\u00e1kona ponech\u00e1va na predsedovi parlamentu, aby ur\u010dil lehoty, do kedy sa m\u00e1 prezidentkou vetovan\u00fd z\u00e1kon prerokova\u0165. V praxi \u017eia\u013e nevieme veri\u0165 Petrovi Pellegrinimu, ktor\u00fd sa uk\u00e1zal ako kolaborant s Ficom, \u017ee on nebude ob\u0161truova\u0165 a sna\u017ei\u0165 sa tak natiahnu\u0165 prerokovanie (prelomenie) veta \u010do najbli\u017e\u0161ie k \u00fa\u010dinnosti z\u00e1kona, aby tak znemo\u017enil \u00dastavn\u00e9mu s\u00fadu rozhodova\u0165 o pozastaven\u00ed \u00fa\u010dinnosti novely. Nevieme, ako rozhodne \u00dastavn\u00fd s\u00fad, ale podpisom pani prezidentky mu d\u00e1vame viac \u010dasu. V tejto situ\u00e1cii je to najpragmatickej\u0161ie rie\u0161enie a preto na toto rie\u0161enie apelujeme,\u201d<\/em> uzatv\u00e1ra Juraj \u0160eliga.<\/p>\n\n\n\n<p>Pod\u013ea predsedu Demokratov sa v\u010deraj\u0161ok zaradil k naj\u010dernej\u0161\u00edm d\u0148om v hist\u00f3rii Slovenska. <em>\u201eDoteraz sme hovorili, \u017ee Me\u010diarova vl\u00e1da a Noc dlh\u00fdch no\u017eov, alebo Slovenskou informa\u010dnou slu\u017ebou organizovan\u00fd \u00fanos prezidentovho syna, \u010di vra\u017eda Janka a Martiny boli najtemnej\u0161ie momenty. V\u010deraj\u0161ok sa plne kvalifikoval do tejto kateg\u00f3rie,\u201d<\/em> komentuje Jaroslav Na\u010f a dod\u00e1va, \u017ee premi\u00e9r Slovenska dal slobodu mafi\u00e1nom, ktor\u00fd by pravdepodobne onedlho za\u010dali hovori\u0165 o prepojeniach pr\u00e1ve na s\u00fa\u010dasn\u00fa vl\u00e1dnu garnit\u00faru.<\/p>\n\n\n\n<figure class=\"wp-block-embed is-type-video is-provider-youtube wp-block-embed-youtube wp-embed-aspect-16-9 wp-has-aspect-ratio\"><div class=\"wp-block-embed__wrapper\">\n<iframe title=\"\ud83d\udd34Live, Bratislava: Kolaps prokurat\u00fary!\" width=\"500\" height=\"281\" src=\"https:\/\/www.youtube.com\/embed\/xTp9ZA5HXCQ?feature=oembed\" frameborder=\"0\" allow=\"accelerometer; autoplay; clipboard-write; encrypted-media; gyroscope; picture-in-picture; web-share\" referrerpolicy=\"strict-origin-when-cross-origin\" allowfullscreen><\/iframe>\n<\/div><\/figure>\n","protected":false},"excerpt":{"rendered":"<p>Pod\u013ea Demokratov by prezidentka SR nemala \u0161kandal\u00f3znu novelu trestn\u00e9ho novela vetova\u0165, ale mala by ju pod\u00edsa\u0165. Strana argumentuje t\u00fdm, \u017ee ide krok, ktor\u00fdm \u00dastavn\u00fd s\u00fad SR z\u00edska viac \u010dasu na to, aby sa mohol zaobera\u0165 proti\u00fastavnos\u0165ou novely a prid\u00e1va sa tak k n\u00e1zoru viacer\u00fdch odborn\u00edkov na \u00fastavn\u00e9 pr\u00e1vo a rokovac\u00ed poriadok.\u00a0 Pod\u013ea experta strany na [&hellip;]<\/p>\n","protected":false},"author":7,"featured_media":2657,"comment_status":"closed","ping_status":"closed","sticky":false,"template":"","format":"standard","meta":{"_acf_changed":false,"ngg_post_thumbnail":0,"footnotes":""},"categories":[4],"tags":[],"class_list":["post-2656","post","type-post","status-publish","format-standard","has-post-thumbnail","hentry","category-tlacove-spravy"],"acf":[],"yoast_head":"<!-- This site is optimized with the Yoast SEO plugin v27.2 - https:\/\/yoast.com\/product\/yoast-seo-wordpress\/ -->\n<title>Prezidentka by mala novelu podp\u00edsa\u0165, \u00dastavn\u00fd s\u00fad tak z\u00edska viac \u010dasu - Smedemokrati.sk<\/title>\n<meta name=\"robots\" content=\"index, follow, max-snippet:-1, max-image-preview:large, max-video-preview:-1\" \/>\n<link rel=\"canonical\" href=\"https:\/\/www.smedemokrati.sk\/hu\/prezidentka-by-mala-novelu-podpisat-ustavny-sud-tak-ziska-viac-casu\/\" \/>\n<meta property=\"og:locale\" content=\"hu_HU\" \/>\n<meta property=\"og:locale:alternate\" content=\"en_US\" \/>\n<meta property=\"og:locale:alternate\" content=\"cs_CZ\" \/>\n<meta property=\"og:locale:alternate\" content=\"sk_SK\" \/>\n<meta property=\"og:locale:alternate\" content=\"sv_SE\" \/>\n<meta property=\"og:type\" content=\"article\" \/>\n<meta property=\"og:title\" content=\"Prezidentka by mala novelu podp\u00edsa\u0165, \u00dastavn\u00fd s\u00fad tak z\u00edska viac \u010dasu - Smedemokrati.sk\" \/>\n<meta property=\"og:description\" content=\"Pod\u013ea Demokratov by prezidentka SR nemala \u0161kandal\u00f3znu novelu trestn\u00e9ho novela vetova\u0165, ale mala by ju pod\u00edsa\u0165. Strana argumentuje t\u00fdm, \u017ee ide krok, ktor\u00fdm \u00dastavn\u00fd s\u00fad SR z\u00edska viac \u010dasu na to, aby sa mohol zaobera\u0165 proti\u00fastavnos\u0165ou novely a prid\u00e1va sa tak k n\u00e1zoru viacer\u00fdch odborn\u00edkov na \u00fastavn\u00e9 pr\u00e1vo a rokovac\u00ed poriadok.\u00a0 Pod\u013ea experta strany na [&hellip;]\" \/>\n<meta property=\"og:url\" content=\"https:\/\/www.smedemokrati.sk\/hu\/prezidentka-by-mala-novelu-podpisat-ustavny-sud-tak-ziska-viac-casu\/\" \/>\n<meta property=\"og:site_name\" content=\"Smedemokrati.sk\" \/>\n<meta property=\"article:publisher\" content=\"https:\/\/www.facebook.com\/smedemokrati2023\" \/>\n<meta property=\"article:published_time\" content=\"2024-02-09T13:13:40+00:00\" \/>\n<meta property=\"article:modified_time\" content=\"2024-02-13T08:48:46+00:00\" \/>\n<meta property=\"og:image\" content=\"https:\/\/www.smedemokrati.sk\/wp-content\/uploads\/2024\/02\/aaa.jpg\" \/>\n\t<meta property=\"og:image:width\" content=\"953\" \/>\n\t<meta property=\"og:image:height\" content=\"646\" \/>\n\t<meta property=\"og:image:type\" content=\"image\/jpeg\" \/>\n<meta name=\"author\" content=\"Tom\u00e1\u0161 Koppl\" \/>\n<meta name=\"twitter:card\" content=\"summary_large_image\" \/>\n<meta name=\"twitter:label1\" content=\"Szerz\u0151:\" \/>\n\t<meta name=\"twitter:data1\" content=\"Tom\u00e1\u0161 Koppl\" \/>\n<script type=\"application\/ld+json\" class=\"yoast-schema-graph\">{\"@context\":\"https:\/\/schema.org\",\"@graph\":[{\"@type\":\"Article\",\"@id\":\"https:\/\/www.smedemokrati.sk\/prezidentka-by-mala-novelu-podpisat-ustavny-sud-tak-ziska-viac-casu\/#article\",\"isPartOf\":{\"@id\":\"https:\/\/www.smedemokrati.sk\/prezidentka-by-mala-novelu-podpisat-ustavny-sud-tak-ziska-viac-casu\/\"},\"author\":{\"name\":\"Tom\u00e1\u0161 Koppl\",\"@id\":\"https:\/\/www.smedemokrati.sk\/#\/schema\/person\/c60720f4b9955b3c1ed222ebd1fbbc7c\"},\"headline\":\"Prezidentka by mala novelu podp\u00edsa\u0165, \u00dastavn\u00fd s\u00fad tak z\u00edska viac \u010dasu\",\"datePublished\":\"2024-02-09T13:13:40+00:00\",\"dateModified\":\"2024-02-13T08:48:46+00:00\",\"mainEntityOfPage\":{\"@id\":\"https:\/\/www.smedemokrati.sk\/prezidentka-by-mala-novelu-podpisat-ustavny-sud-tak-ziska-viac-casu\/\"},\"wordCount\":550,\"publisher\":{\"@id\":\"https:\/\/www.smedemokrati.sk\/#organization\"},\"image\":{\"@id\":\"https:\/\/www.smedemokrati.sk\/prezidentka-by-mala-novelu-podpisat-ustavny-sud-tak-ziska-viac-casu\/#primaryimage\"},\"thumbnailUrl\":\"https:\/\/www.smedemokrati.sk\/wp-content\/uploads\/2024\/02\/aaa.jpg\",\"articleSection\":[\"Tla\u010dov\u00e9 spr\u00e1vy\"],\"inLanguage\":\"hu-HU\"},{\"@type\":\"WebPage\",\"@id\":\"https:\/\/www.smedemokrati.sk\/prezidentka-by-mala-novelu-podpisat-ustavny-sud-tak-ziska-viac-casu\/\",\"url\":\"https:\/\/www.smedemokrati.sk\/prezidentka-by-mala-novelu-podpisat-ustavny-sud-tak-ziska-viac-casu\/\",\"name\":\"Prezidentka by mala novelu podp\u00edsa\u0165, \u00dastavn\u00fd s\u00fad tak z\u00edska viac \u010dasu - Smedemokrati.sk\",\"isPartOf\":{\"@id\":\"https:\/\/www.smedemokrati.sk\/#website\"},\"primaryImageOfPage\":{\"@id\":\"https:\/\/www.smedemokrati.sk\/prezidentka-by-mala-novelu-podpisat-ustavny-sud-tak-ziska-viac-casu\/#primaryimage\"},\"image\":{\"@id\":\"https:\/\/www.smedemokrati.sk\/prezidentka-by-mala-novelu-podpisat-ustavny-sud-tak-ziska-viac-casu\/#primaryimage\"},\"thumbnailUrl\":\"https:\/\/www.smedemokrati.sk\/wp-content\/uploads\/2024\/02\/aaa.jpg\",\"datePublished\":\"2024-02-09T13:13:40+00:00\",\"dateModified\":\"2024-02-13T08:48:46+00:00\",\"breadcrumb\":{\"@id\":\"https:\/\/www.smedemokrati.sk\/prezidentka-by-mala-novelu-podpisat-ustavny-sud-tak-ziska-viac-casu\/#breadcrumb\"},\"inLanguage\":\"hu-HU\",\"potentialAction\":[{\"@type\":\"ReadAction\",\"target\":[\"https:\/\/www.smedemokrati.sk\/prezidentka-by-mala-novelu-podpisat-ustavny-sud-tak-ziska-viac-casu\/\"]}]},{\"@type\":\"ImageObject\",\"inLanguage\":\"hu-HU\",\"@id\":\"https:\/\/www.smedemokrati.sk\/prezidentka-by-mala-novelu-podpisat-ustavny-sud-tak-ziska-viac-casu\/#primaryimage\",\"url\":\"https:\/\/www.smedemokrati.sk\/wp-content\/uploads\/2024\/02\/aaa.jpg\",\"contentUrl\":\"https:\/\/www.smedemokrati.sk\/wp-content\/uploads\/2024\/02\/aaa.jpg\",\"width\":953,\"height\":646},{\"@type\":\"BreadcrumbList\",\"@id\":\"https:\/\/www.smedemokrati.sk\/prezidentka-by-mala-novelu-podpisat-ustavny-sud-tak-ziska-viac-casu\/#breadcrumb\",\"itemListElement\":[{\"@type\":\"ListItem\",\"position\":1,\"name\":\"Domovsk\u00e1 str\u00e1nka\",\"item\":\"https:\/\/www.smedemokrati.sk\/\"},{\"@type\":\"ListItem\",\"position\":2,\"name\":\"Prezidentka by mala novelu podp\u00edsa\u0165, \u00dastavn\u00fd s\u00fad tak z\u00edska viac \u010dasu\"}]},{\"@type\":\"WebSite\",\"@id\":\"https:\/\/www.smedemokrati.sk\/#website\",\"url\":\"https:\/\/www.smedemokrati.sk\/\",\"name\":\"Smedemokrati.sk\",\"description\":\"Demokracia a slu\u0161nos\u0165 zv\u00ed\u0165az\u00ed\",\"publisher\":{\"@id\":\"https:\/\/www.smedemokrati.sk\/#organization\"},\"potentialAction\":[{\"@type\":\"SearchAction\",\"target\":{\"@type\":\"EntryPoint\",\"urlTemplate\":\"https:\/\/www.smedemokrati.sk\/?s={search_term_string}\"},\"query-input\":{\"@type\":\"PropertyValueSpecification\",\"valueRequired\":true,\"valueName\":\"search_term_string\"}}],\"inLanguage\":\"hu-HU\"},{\"@type\":\"Organization\",\"@id\":\"https:\/\/www.smedemokrati.sk\/#organization\",\"name\":\"Smedemokrati.sk\",\"url\":\"https:\/\/www.smedemokrati.sk\/\",\"logo\":{\"@type\":\"ImageObject\",\"inLanguage\":\"hu-HU\",\"@id\":\"https:\/\/www.smedemokrati.sk\/#\/schema\/logo\/image\/\",\"url\":\"https:\/\/www.smedemokrati.sk\/wp-content\/uploads\/2023\/04\/ff.002.jpeg\",\"contentUrl\":\"https:\/\/www.smedemokrati.sk\/wp-content\/uploads\/2023\/04\/ff.002.jpeg\",\"width\":640,\"height\":480,\"caption\":\"Smedemokrati.sk\"},\"image\":{\"@id\":\"https:\/\/www.smedemokrati.sk\/#\/schema\/logo\/image\/\"},\"sameAs\":[\"https:\/\/www.facebook.com\/smedemokrati2023\"]},{\"@type\":\"Person\",\"@id\":\"https:\/\/www.smedemokrati.sk\/#\/schema\/person\/c60720f4b9955b3c1ed222ebd1fbbc7c\",\"name\":\"Tom\u00e1\u0161 Koppl\",\"image\":{\"@type\":\"ImageObject\",\"inLanguage\":\"hu-HU\",\"@id\":\"https:\/\/secure.gravatar.com\/avatar\/8dfa38373c5e39821baf74c8e867a6f12e12c6dab6559aa999d10703b0b1c4ce?s=96&d=mm&r=g\",\"url\":\"https:\/\/secure.gravatar.com\/avatar\/8dfa38373c5e39821baf74c8e867a6f12e12c6dab6559aa999d10703b0b1c4ce?s=96&d=mm&r=g\",\"contentUrl\":\"https:\/\/secure.gravatar.com\/avatar\/8dfa38373c5e39821baf74c8e867a6f12e12c6dab6559aa999d10703b0b1c4ce?s=96&d=mm&r=g\",\"caption\":\"Tom\u00e1\u0161 Koppl\"},\"url\":\"https:\/\/www.smedemokrati.sk\/hu\/author\/tomaskoppl\/\"}]}<\/script>\n<!-- \/ Yoast SEO plugin. -->","yoast_head_json":{"title":"Prezidentka by mala novelu podp\u00edsa\u0165, \u00dastavn\u00fd s\u00fad tak z\u00edska viac \u010dasu - Smedemokrati.sk","robots":{"index":"index","follow":"follow","max-snippet":"max-snippet:-1","max-image-preview":"max-image-preview:large","max-video-preview":"max-video-preview:-1"},"canonical":"https:\/\/www.smedemokrati.sk\/hu\/prezidentka-by-mala-novelu-podpisat-ustavny-sud-tak-ziska-viac-casu\/","og_locale":"hu_HU","og_type":"article","og_title":"Prezidentka by mala novelu podp\u00edsa\u0165, \u00dastavn\u00fd s\u00fad tak z\u00edska viac \u010dasu - Smedemokrati.sk","og_description":"Pod\u013ea Demokratov by prezidentka SR nemala \u0161kandal\u00f3znu novelu trestn\u00e9ho novela vetova\u0165, ale mala by ju pod\u00edsa\u0165. Strana argumentuje t\u00fdm, \u017ee ide krok, ktor\u00fdm \u00dastavn\u00fd s\u00fad SR z\u00edska viac \u010dasu na to, aby sa mohol zaobera\u0165 proti\u00fastavnos\u0165ou novely a prid\u00e1va sa tak k n\u00e1zoru viacer\u00fdch odborn\u00edkov na \u00fastavn\u00e9 pr\u00e1vo a rokovac\u00ed poriadok.\u00a0 Pod\u013ea experta strany na [&hellip;]","og_url":"https:\/\/www.smedemokrati.sk\/hu\/prezidentka-by-mala-novelu-podpisat-ustavny-sud-tak-ziska-viac-casu\/","og_site_name":"Smedemokrati.sk","article_publisher":"https:\/\/www.facebook.com\/smedemokrati2023","article_published_time":"2024-02-09T13:13:40+00:00","article_modified_time":"2024-02-13T08:48:46+00:00","og_image":[{"width":953,"height":646,"url":"https:\/\/www.smedemokrati.sk\/wp-content\/uploads\/2024\/02\/aaa.jpg","type":"image\/jpeg"}],"author":"Tom\u00e1\u0161 Koppl","twitter_card":"summary_large_image","twitter_misc":{"Szerz\u0151:":"Tom\u00e1\u0161 Koppl"},"schema":{"@context":"https:\/\/schema.org","@graph":[{"@type":"Article","@id":"https:\/\/www.smedemokrati.sk\/prezidentka-by-mala-novelu-podpisat-ustavny-sud-tak-ziska-viac-casu\/#article","isPartOf":{"@id":"https:\/\/www.smedemokrati.sk\/prezidentka-by-mala-novelu-podpisat-ustavny-sud-tak-ziska-viac-casu\/"},"author":{"name":"Tom\u00e1\u0161 Koppl","@id":"https:\/\/www.smedemokrati.sk\/#\/schema\/person\/c60720f4b9955b3c1ed222ebd1fbbc7c"},"headline":"Prezidentka by mala novelu podp\u00edsa\u0165, \u00dastavn\u00fd s\u00fad tak z\u00edska viac \u010dasu","datePublished":"2024-02-09T13:13:40+00:00","dateModified":"2024-02-13T08:48:46+00:00","mainEntityOfPage":{"@id":"https:\/\/www.smedemokrati.sk\/prezidentka-by-mala-novelu-podpisat-ustavny-sud-tak-ziska-viac-casu\/"},"wordCount":550,"publisher":{"@id":"https:\/\/www.smedemokrati.sk\/#organization"},"image":{"@id":"https:\/\/www.smedemokrati.sk\/prezidentka-by-mala-novelu-podpisat-ustavny-sud-tak-ziska-viac-casu\/#primaryimage"},"thumbnailUrl":"https:\/\/www.smedemokrati.sk\/wp-content\/uploads\/2024\/02\/aaa.jpg","articleSection":["Tla\u010dov\u00e9 spr\u00e1vy"],"inLanguage":"hu-HU"},{"@type":"WebPage","@id":"https:\/\/www.smedemokrati.sk\/prezidentka-by-mala-novelu-podpisat-ustavny-sud-tak-ziska-viac-casu\/","url":"https:\/\/www.smedemokrati.sk\/prezidentka-by-mala-novelu-podpisat-ustavny-sud-tak-ziska-viac-casu\/","name":"Prezidentka by mala novelu podp\u00edsa\u0165, \u00dastavn\u00fd s\u00fad tak z\u00edska viac \u010dasu - Smedemokrati.sk","isPartOf":{"@id":"https:\/\/www.smedemokrati.sk\/#website"},"primaryImageOfPage":{"@id":"https:\/\/www.smedemokrati.sk\/prezidentka-by-mala-novelu-podpisat-ustavny-sud-tak-ziska-viac-casu\/#primaryimage"},"image":{"@id":"https:\/\/www.smedemokrati.sk\/prezidentka-by-mala-novelu-podpisat-ustavny-sud-tak-ziska-viac-casu\/#primaryimage"},"thumbnailUrl":"https:\/\/www.smedemokrati.sk\/wp-content\/uploads\/2024\/02\/aaa.jpg","datePublished":"2024-02-09T13:13:40+00:00","dateModified":"2024-02-13T08:48:46+00:00","breadcrumb":{"@id":"https:\/\/www.smedemokrati.sk\/prezidentka-by-mala-novelu-podpisat-ustavny-sud-tak-ziska-viac-casu\/#breadcrumb"},"inLanguage":"hu-HU","potentialAction":[{"@type":"ReadAction","target":["https:\/\/www.smedemokrati.sk\/prezidentka-by-mala-novelu-podpisat-ustavny-sud-tak-ziska-viac-casu\/"]}]},{"@type":"ImageObject","inLanguage":"hu-HU","@id":"https:\/\/www.smedemokrati.sk\/prezidentka-by-mala-novelu-podpisat-ustavny-sud-tak-ziska-viac-casu\/#primaryimage","url":"https:\/\/www.smedemokrati.sk\/wp-content\/uploads\/2024\/02\/aaa.jpg","contentUrl":"https:\/\/www.smedemokrati.sk\/wp-content\/uploads\/2024\/02\/aaa.jpg","width":953,"height":646},{"@type":"BreadcrumbList","@id":"https:\/\/www.smedemokrati.sk\/prezidentka-by-mala-novelu-podpisat-ustavny-sud-tak-ziska-viac-casu\/#breadcrumb","itemListElement":[{"@type":"ListItem","position":1,"name":"Domovsk\u00e1 str\u00e1nka","item":"https:\/\/www.smedemokrati.sk\/"},{"@type":"ListItem","position":2,"name":"Prezidentka by mala novelu podp\u00edsa\u0165, \u00dastavn\u00fd s\u00fad tak z\u00edska viac \u010dasu"}]},{"@type":"WebSite","@id":"https:\/\/www.smedemokrati.sk\/#website","url":"https:\/\/www.smedemokrati.sk\/","name":"Smedemokrati.sk","description":"Demokracia a slu\u0161nos\u0165 zv\u00ed\u0165az\u00ed","publisher":{"@id":"https:\/\/www.smedemokrati.sk\/#organization"},"potentialAction":[{"@type":"SearchAction","target":{"@type":"EntryPoint","urlTemplate":"https:\/\/www.smedemokrati.sk\/?s={search_term_string}"},"query-input":{"@type":"PropertyValueSpecification","valueRequired":true,"valueName":"search_term_string"}}],"inLanguage":"hu-HU"},{"@type":"Organization","@id":"https:\/\/www.smedemokrati.sk\/#organization","name":"Smedemokrati.sk","url":"https:\/\/www.smedemokrati.sk\/","logo":{"@type":"ImageObject","inLanguage":"hu-HU","@id":"https:\/\/www.smedemokrati.sk\/#\/schema\/logo\/image\/","url":"https:\/\/www.smedemokrati.sk\/wp-content\/uploads\/2023\/04\/ff.002.jpeg","contentUrl":"https:\/\/www.smedemokrati.sk\/wp-content\/uploads\/2023\/04\/ff.002.jpeg","width":640,"height":480,"caption":"Smedemokrati.sk"},"image":{"@id":"https:\/\/www.smedemokrati.sk\/#\/schema\/logo\/image\/"},"sameAs":["https:\/\/www.facebook.com\/smedemokrati2023"]},{"@type":"Person","@id":"https:\/\/www.smedemokrati.sk\/#\/schema\/person\/c60720f4b9955b3c1ed222ebd1fbbc7c","name":"Tom\u00e1\u0161 Koppl","image":{"@type":"ImageObject","inLanguage":"hu-HU","@id":"https:\/\/secure.gravatar.com\/avatar\/8dfa38373c5e39821baf74c8e867a6f12e12c6dab6559aa999d10703b0b1c4ce?s=96&d=mm&r=g","url":"https:\/\/secure.gravatar.com\/avatar\/8dfa38373c5e39821baf74c8e867a6f12e12c6dab6559aa999d10703b0b1c4ce?s=96&d=mm&r=g","contentUrl":"https:\/\/secure.gravatar.com\/avatar\/8dfa38373c5e39821baf74c8e867a6f12e12c6dab6559aa999d10703b0b1c4ce?s=96&d=mm&r=g","caption":"Tom\u00e1\u0161 Koppl"},"url":"https:\/\/www.smedemokrati.sk\/hu\/author\/tomaskoppl\/"}]}},"_links":{"self":[{"href":"https:\/\/www.smedemokrati.sk\/hu\/wp-json\/wp\/v2\/posts\/2656","targetHints":{"allow":["GET"]}}],"collection":[{"href":"https:\/\/www.smedemokrati.sk\/hu\/wp-json\/wp\/v2\/posts"}],"about":[{"href":"https:\/\/www.smedemokrati.sk\/hu\/wp-json\/wp\/v2\/types\/post"}],"author":[{"embeddable":true,"href":"https:\/\/www.smedemokrati.sk\/hu\/wp-json\/wp\/v2\/users\/7"}],"replies":[{"embeddable":true,"href":"https:\/\/www.smedemokrati.sk\/hu\/wp-json\/wp\/v2\/comments?post=2656"}],"version-history":[{"count":2,"href":"https:\/\/www.smedemokrati.sk\/hu\/wp-json\/wp\/v2\/posts\/2656\/revisions"}],"predecessor-version":[{"id":2660,"href":"https:\/\/www.smedemokrati.sk\/hu\/wp-json\/wp\/v2\/posts\/2656\/revisions\/2660"}],"wp:featuredmedia":[{"embeddable":true,"href":"https:\/\/www.smedemokrati.sk\/hu\/wp-json\/wp\/v2\/media\/2657"}],"wp:attachment":[{"href":"https:\/\/www.smedemokrati.sk\/hu\/wp-json\/wp\/v2\/media?parent=2656"}],"wp:term":[{"taxonomy":"category","embeddable":true,"href":"https:\/\/www.smedemokrati.sk\/hu\/wp-json\/wp\/v2\/categories?post=2656"},{"taxonomy":"post_tag","embeddable":true,"href":"https:\/\/www.smedemokrati.sk\/hu\/wp-json\/wp\/v2\/tags?post=2656"}],"curies":[{"name":"wp","href":"https:\/\/api.w.org\/{rel}","templated":true}]}}