{"id":2652,"date":"2024-02-08T23:39:20","date_gmt":"2024-02-08T21:39:20","guid":{"rendered":"https:\/\/www.smedemokrati.sk\/?p=2652"},"modified":"2024-02-09T15:14:51","modified_gmt":"2024-02-09T13:14:51","slug":"78-poslancov-sa-spreneverilo-slubu-ktorym-na-ustavu-prisahali-vernost-slovensku","status":"publish","type":"post","link":"https:\/\/www.smedemokrati.sk\/hu\/78-poslancov-sa-spreneverilo-slubu-ktorym-na-ustavu-prisahali-vernost-slovensku\/","title":{"rendered":"78 poslancov sa spreneverilo s\u013eubu, ktor\u00fdm na \u00fastavu prisahali vernos\u0165 Slovensku"},"content":{"rendered":"<div id=\"fb-root\"><\/div>\n\n<p><strong>Zmeny v trestnom z\u00e1kone a zru\u0161enie \u0160peci\u00e1lnej prokurat\u00fary, ktor\u00e9 odhlasovali poslanci NR SR s\u00fa pod\u013ea Demokratov er\u00f3ziou pr\u00e1vneho \u0161t\u00e1tu. Zmeny pod\u013ea strany negat\u00edvne ovplyvnia be\u017en\u00fdch \u013eud\u00ed, ale aj slu\u0161n\u00fdch policajtov, ktor\u00ed odhalia korupciu a v neposlednom rade znamenaj\u00fa kolaps slovenskej prokurat\u00fary.<\/strong><\/p>\n\n\n\n<p>\u201c\u0160t\u00e1t, ktor\u00fd je benevolentn\u00fd k trestnej \u010dinnosti, korupcii ale aj men\u0161\u00edm priestupkom sa st\u00e1va spolup\u00e1chate\u013eom t\u00fdchto skutkov. Poslanci, ktor\u00ed hlasovali za tieto negat\u00edvne zmeny na seba preberaj\u00fa pln\u00fa zodpovednos\u0165 za zv\u00fd\u0161en\u00fa kriminalitu v uliciach. Trestn\u00fd z\u00e1kon, resp. tresty maj\u00fa ma\u0165 aj odstra\u0161uj\u00facu funkciu, aby si p\u00e1chatelia dvakr\u00e1t rozmysleli, \u010di bud\u00fa kona\u0165 protipr\u00e1vne. Zmeny, ktor\u00e9 dnes odhlasovali poslanci doslova poz\u00fdvaj\u00fa zlo\u010dincov, aby sa neb\u00e1li kona\u0165 protiz\u00e1konne.\u201d Hovor\u00ed expert Demokratov na pr\u00e1vo a spravodlivos\u0165 Juraj \u0160eliga.&nbsp;<\/p>\n\n\n\n<p>\u0160eliga tie\u017e dod\u00e1va, \u017ee odhlasovan\u00e9 zru\u0161enie \u0160peci\u00e1lnej prokurat\u00fary bude ma\u0165 za n\u00e1sledok kolaps vo vy\u0161etrovaniach najv\u00e4\u010d\u0161\u00edch k\u00e1uz hist\u00f3rie Slovenska a umo\u017en\u00ed pln\u00fa kontrolu nad pr\u00edpadmi gener\u00e1lnemu prokur\u00e1torovi Maro\u0161ovi \u017dilinkovi.<\/p>\n\n\n\n<p>\u0160eliga tie\u017e komentuje, \u017ee tento z\u00e1kon, ktor\u00fd pod\u013ea prieskumu nechc\u00fa ani poslanci vl\u00e1dnej koal\u00edcie, prezidentka SR vr\u00e1ti do parlamentu, no predpoklad\u00e1, \u017ee poslanci prelomia jej veto. \u201cJe vrcholom absol\u00fatneho cynizmu a priam svinstva, \u017ee Fico a Pellegrini zn\u00ed\u017eili preml\u010dacie doby aj za trestn\u00fd \u010din zn\u00e1silnenie. Slu\u0161n\u00fdm \u013eu\u010fom sa zastavuje rozum nad touto hanebnos\u0165ou. Nehovoriac o tom, \u017ee na\u0161e medzin\u00e1rodn\u00e9 z\u00e1v\u00e4zky n\u00e1m hovoria, \u017ee preml\u010dacie doby maj\u00fa by\u0165 pri tak\u00fdchto trestn\u00fdch \u010dinoch dlh\u0161ie nie krat\u0161ie,\u201d uzatv\u00e1ra Juraj \u0160eliga.&nbsp;<\/p>\n\n\n\n<p>Predseda Demokratov Jaroslav Na\u010f hovor\u00ed, \u017ee dne\u0161n\u00fdm hlasovan\u00edm sa poslanci, ktor\u00ed boli za zmeny v trestnom z\u00e1kone spreneverili poslaneck\u00e9mu s\u013eubu: \u201cV poslaneckom s\u013eube prisahali vernos\u0165 Slovenskej republike. Po troch mesiacoch p\u00f4sobenia v NR SR v\u0161ak odhlasovali zmeny v trestnom z\u00e1kone, ktor\u00fdmi ofici\u00e1lne spe\u010datili vernos\u0165&nbsp;B\u00f6d\u00f6rovi, Ko\u010dnerovi a Kov\u00e1\u010dikovi.\u201d<\/p>\n","protected":false},"excerpt":{"rendered":"<p>Zmeny v trestnom z\u00e1kone a zru\u0161enie \u0160peci\u00e1lnej prokurat\u00fary, ktor\u00e9 odhlasovali poslanci NR SR s\u00fa pod\u013ea Demokratov er\u00f3ziou pr\u00e1vneho \u0161t\u00e1tu. Zmeny pod\u013ea strany negat\u00edvne ovplyvnia be\u017en\u00fdch \u013eud\u00ed, ale aj slu\u0161n\u00fdch policajtov, ktor\u00ed odhalia korupciu a v neposlednom rade znamenaj\u00fa kolaps slovenskej prokurat\u00fary. \u201c\u0160t\u00e1t, ktor\u00fd je benevolentn\u00fd k trestnej \u010dinnosti, korupcii ale aj men\u0161\u00edm priestupkom sa st\u00e1va [&hellip;]<\/p>\n","protected":false},"author":7,"featured_media":2653,"comment_status":"closed","ping_status":"closed","sticky":false,"template":"","format":"standard","meta":{"_acf_changed":false,"ngg_post_thumbnail":0,"footnotes":""},"categories":[4],"tags":[],"class_list":["post-2652","post","type-post","status-publish","format-standard","has-post-thumbnail","hentry","category-tlacove-spravy"],"acf":[],"yoast_head":"<!-- This site is optimized with the Yoast SEO plugin v27.2 - https:\/\/yoast.com\/product\/yoast-seo-wordpress\/ -->\n<title>78 poslancov sa spreneverilo s\u013eubu, ktor\u00fdm na \u00fastavu prisahali vernos\u0165 Slovensku - Smedemokrati.sk<\/title>\n<meta name=\"robots\" content=\"index, follow, max-snippet:-1, max-image-preview:large, max-video-preview:-1\" \/>\n<link rel=\"canonical\" href=\"https:\/\/www.smedemokrati.sk\/hu\/78-poslancov-sa-spreneverilo-slubu-ktorym-na-ustavu-prisahali-vernost-slovensku\/\" \/>\n<meta property=\"og:locale\" content=\"hu_HU\" \/>\n<meta property=\"og:locale:alternate\" content=\"en_US\" \/>\n<meta property=\"og:locale:alternate\" content=\"cs_CZ\" \/>\n<meta property=\"og:locale:alternate\" content=\"sk_SK\" \/>\n<meta property=\"og:locale:alternate\" content=\"sv_SE\" \/>\n<meta property=\"og:type\" content=\"article\" \/>\n<meta property=\"og:title\" content=\"78 poslancov sa spreneverilo s\u013eubu, ktor\u00fdm na \u00fastavu prisahali vernos\u0165 Slovensku - Smedemokrati.sk\" \/>\n<meta property=\"og:description\" content=\"Zmeny v trestnom z\u00e1kone a zru\u0161enie \u0160peci\u00e1lnej prokurat\u00fary, ktor\u00e9 odhlasovali poslanci NR SR s\u00fa pod\u013ea Demokratov er\u00f3ziou pr\u00e1vneho \u0161t\u00e1tu. Zmeny pod\u013ea strany negat\u00edvne ovplyvnia be\u017en\u00fdch \u013eud\u00ed, ale aj slu\u0161n\u00fdch policajtov, ktor\u00ed odhalia korupciu a v neposlednom rade znamenaj\u00fa kolaps slovenskej prokurat\u00fary. \u201c\u0160t\u00e1t, ktor\u00fd je benevolentn\u00fd k trestnej \u010dinnosti, korupcii ale aj men\u0161\u00edm priestupkom sa st\u00e1va [&hellip;]\" \/>\n<meta property=\"og:url\" content=\"https:\/\/www.smedemokrati.sk\/hu\/78-poslancov-sa-spreneverilo-slubu-ktorym-na-ustavu-prisahali-vernost-slovensku\/\" \/>\n<meta property=\"og:site_name\" content=\"Smedemokrati.sk\" \/>\n<meta property=\"article:publisher\" content=\"https:\/\/www.facebook.com\/smedemokrati2023\" \/>\n<meta property=\"article:published_time\" content=\"2024-02-08T21:39:20+00:00\" \/>\n<meta property=\"article:modified_time\" content=\"2024-02-09T13:14:51+00:00\" \/>\n<meta property=\"og:image\" content=\"https:\/\/www.smedemokrati.sk\/wp-content\/uploads\/2024\/02\/ddd.jpg\" \/>\n\t<meta property=\"og:image:width\" content=\"1024\" \/>\n\t<meta property=\"og:image:height\" content=\"683\" \/>\n\t<meta property=\"og:image:type\" content=\"image\/jpeg\" \/>\n<meta name=\"author\" content=\"Tom\u00e1\u0161 Koppl\" \/>\n<meta name=\"twitter:card\" content=\"summary_large_image\" \/>\n<meta name=\"twitter:label1\" content=\"Szerz\u0151:\" \/>\n\t<meta name=\"twitter:data1\" content=\"Tom\u00e1\u0161 Koppl\" \/>\n\t<meta name=\"twitter:label2\" content=\"Becs\u00fclt olvas\u00e1si id\u0151\" \/>\n\t<meta name=\"twitter:data2\" content=\"2 perc\" \/>\n<script type=\"application\/ld+json\" class=\"yoast-schema-graph\">{\"@context\":\"https:\/\/schema.org\",\"@graph\":[{\"@type\":\"Article\",\"@id\":\"https:\/\/www.smedemokrati.sk\/78-poslancov-sa-spreneverilo-slubu-ktorym-na-ustavu-prisahali-vernost-slovensku\/#article\",\"isPartOf\":{\"@id\":\"https:\/\/www.smedemokrati.sk\/78-poslancov-sa-spreneverilo-slubu-ktorym-na-ustavu-prisahali-vernost-slovensku\/\"},\"author\":{\"name\":\"Tom\u00e1\u0161 Koppl\",\"@id\":\"https:\/\/www.smedemokrati.sk\/#\/schema\/person\/c60720f4b9955b3c1ed222ebd1fbbc7c\"},\"headline\":\"78 poslancov sa spreneverilo s\u013eubu, ktor\u00fdm na \u00fastavu prisahali vernos\u0165 Slovensku\",\"datePublished\":\"2024-02-08T21:39:20+00:00\",\"dateModified\":\"2024-02-09T13:14:51+00:00\",\"mainEntityOfPage\":{\"@id\":\"https:\/\/www.smedemokrati.sk\/78-poslancov-sa-spreneverilo-slubu-ktorym-na-ustavu-prisahali-vernost-slovensku\/\"},\"wordCount\":373,\"publisher\":{\"@id\":\"https:\/\/www.smedemokrati.sk\/#organization\"},\"image\":{\"@id\":\"https:\/\/www.smedemokrati.sk\/78-poslancov-sa-spreneverilo-slubu-ktorym-na-ustavu-prisahali-vernost-slovensku\/#primaryimage\"},\"thumbnailUrl\":\"https:\/\/www.smedemokrati.sk\/wp-content\/uploads\/2024\/02\/ddd.jpg\",\"articleSection\":[\"Tla\u010dov\u00e9 spr\u00e1vy\"],\"inLanguage\":\"hu-HU\"},{\"@type\":\"WebPage\",\"@id\":\"https:\/\/www.smedemokrati.sk\/78-poslancov-sa-spreneverilo-slubu-ktorym-na-ustavu-prisahali-vernost-slovensku\/\",\"url\":\"https:\/\/www.smedemokrati.sk\/78-poslancov-sa-spreneverilo-slubu-ktorym-na-ustavu-prisahali-vernost-slovensku\/\",\"name\":\"78 poslancov sa spreneverilo s\u013eubu, ktor\u00fdm na \u00fastavu prisahali vernos\u0165 Slovensku - Smedemokrati.sk\",\"isPartOf\":{\"@id\":\"https:\/\/www.smedemokrati.sk\/#website\"},\"primaryImageOfPage\":{\"@id\":\"https:\/\/www.smedemokrati.sk\/78-poslancov-sa-spreneverilo-slubu-ktorym-na-ustavu-prisahali-vernost-slovensku\/#primaryimage\"},\"image\":{\"@id\":\"https:\/\/www.smedemokrati.sk\/78-poslancov-sa-spreneverilo-slubu-ktorym-na-ustavu-prisahali-vernost-slovensku\/#primaryimage\"},\"thumbnailUrl\":\"https:\/\/www.smedemokrati.sk\/wp-content\/uploads\/2024\/02\/ddd.jpg\",\"datePublished\":\"2024-02-08T21:39:20+00:00\",\"dateModified\":\"2024-02-09T13:14:51+00:00\",\"breadcrumb\":{\"@id\":\"https:\/\/www.smedemokrati.sk\/78-poslancov-sa-spreneverilo-slubu-ktorym-na-ustavu-prisahali-vernost-slovensku\/#breadcrumb\"},\"inLanguage\":\"hu-HU\",\"potentialAction\":[{\"@type\":\"ReadAction\",\"target\":[\"https:\/\/www.smedemokrati.sk\/78-poslancov-sa-spreneverilo-slubu-ktorym-na-ustavu-prisahali-vernost-slovensku\/\"]}]},{\"@type\":\"ImageObject\",\"inLanguage\":\"hu-HU\",\"@id\":\"https:\/\/www.smedemokrati.sk\/78-poslancov-sa-spreneverilo-slubu-ktorym-na-ustavu-prisahali-vernost-slovensku\/#primaryimage\",\"url\":\"https:\/\/www.smedemokrati.sk\/wp-content\/uploads\/2024\/02\/ddd.jpg\",\"contentUrl\":\"https:\/\/www.smedemokrati.sk\/wp-content\/uploads\/2024\/02\/ddd.jpg\",\"width\":1024,\"height\":683},{\"@type\":\"BreadcrumbList\",\"@id\":\"https:\/\/www.smedemokrati.sk\/78-poslancov-sa-spreneverilo-slubu-ktorym-na-ustavu-prisahali-vernost-slovensku\/#breadcrumb\",\"itemListElement\":[{\"@type\":\"ListItem\",\"position\":1,\"name\":\"Domovsk\u00e1 str\u00e1nka\",\"item\":\"https:\/\/www.smedemokrati.sk\/\"},{\"@type\":\"ListItem\",\"position\":2,\"name\":\"78 poslancov sa spreneverilo s\u013eubu, ktor\u00fdm na \u00fastavu prisahali vernos\u0165 Slovensku\"}]},{\"@type\":\"WebSite\",\"@id\":\"https:\/\/www.smedemokrati.sk\/#website\",\"url\":\"https:\/\/www.smedemokrati.sk\/\",\"name\":\"Smedemokrati.sk\",\"description\":\"Demokracia a slu\u0161nos\u0165 zv\u00ed\u0165az\u00ed\",\"publisher\":{\"@id\":\"https:\/\/www.smedemokrati.sk\/#organization\"},\"potentialAction\":[{\"@type\":\"SearchAction\",\"target\":{\"@type\":\"EntryPoint\",\"urlTemplate\":\"https:\/\/www.smedemokrati.sk\/?s={search_term_string}\"},\"query-input\":{\"@type\":\"PropertyValueSpecification\",\"valueRequired\":true,\"valueName\":\"search_term_string\"}}],\"inLanguage\":\"hu-HU\"},{\"@type\":\"Organization\",\"@id\":\"https:\/\/www.smedemokrati.sk\/#organization\",\"name\":\"Smedemokrati.sk\",\"url\":\"https:\/\/www.smedemokrati.sk\/\",\"logo\":{\"@type\":\"ImageObject\",\"inLanguage\":\"hu-HU\",\"@id\":\"https:\/\/www.smedemokrati.sk\/#\/schema\/logo\/image\/\",\"url\":\"https:\/\/www.smedemokrati.sk\/wp-content\/uploads\/2023\/04\/ff.002.jpeg\",\"contentUrl\":\"https:\/\/www.smedemokrati.sk\/wp-content\/uploads\/2023\/04\/ff.002.jpeg\",\"width\":640,\"height\":480,\"caption\":\"Smedemokrati.sk\"},\"image\":{\"@id\":\"https:\/\/www.smedemokrati.sk\/#\/schema\/logo\/image\/\"},\"sameAs\":[\"https:\/\/www.facebook.com\/smedemokrati2023\"]},{\"@type\":\"Person\",\"@id\":\"https:\/\/www.smedemokrati.sk\/#\/schema\/person\/c60720f4b9955b3c1ed222ebd1fbbc7c\",\"name\":\"Tom\u00e1\u0161 Koppl\",\"image\":{\"@type\":\"ImageObject\",\"inLanguage\":\"hu-HU\",\"@id\":\"https:\/\/secure.gravatar.com\/avatar\/8dfa38373c5e39821baf74c8e867a6f12e12c6dab6559aa999d10703b0b1c4ce?s=96&d=mm&r=g\",\"url\":\"https:\/\/secure.gravatar.com\/avatar\/8dfa38373c5e39821baf74c8e867a6f12e12c6dab6559aa999d10703b0b1c4ce?s=96&d=mm&r=g\",\"contentUrl\":\"https:\/\/secure.gravatar.com\/avatar\/8dfa38373c5e39821baf74c8e867a6f12e12c6dab6559aa999d10703b0b1c4ce?s=96&d=mm&r=g\",\"caption\":\"Tom\u00e1\u0161 Koppl\"},\"url\":\"https:\/\/www.smedemokrati.sk\/hu\/author\/tomaskoppl\/\"}]}<\/script>\n<!-- \/ Yoast SEO plugin. -->","yoast_head_json":{"title":"78 poslancov sa spreneverilo s\u013eubu, ktor\u00fdm na \u00fastavu prisahali vernos\u0165 Slovensku - Smedemokrati.sk","robots":{"index":"index","follow":"follow","max-snippet":"max-snippet:-1","max-image-preview":"max-image-preview:large","max-video-preview":"max-video-preview:-1"},"canonical":"https:\/\/www.smedemokrati.sk\/hu\/78-poslancov-sa-spreneverilo-slubu-ktorym-na-ustavu-prisahali-vernost-slovensku\/","og_locale":"hu_HU","og_type":"article","og_title":"78 poslancov sa spreneverilo s\u013eubu, ktor\u00fdm na \u00fastavu prisahali vernos\u0165 Slovensku - Smedemokrati.sk","og_description":"Zmeny v trestnom z\u00e1kone a zru\u0161enie \u0160peci\u00e1lnej prokurat\u00fary, ktor\u00e9 odhlasovali poslanci NR SR s\u00fa pod\u013ea Demokratov er\u00f3ziou pr\u00e1vneho \u0161t\u00e1tu. Zmeny pod\u013ea strany negat\u00edvne ovplyvnia be\u017en\u00fdch \u013eud\u00ed, ale aj slu\u0161n\u00fdch policajtov, ktor\u00ed odhalia korupciu a v neposlednom rade znamenaj\u00fa kolaps slovenskej prokurat\u00fary. \u201c\u0160t\u00e1t, ktor\u00fd je benevolentn\u00fd k trestnej \u010dinnosti, korupcii ale aj men\u0161\u00edm priestupkom sa st\u00e1va [&hellip;]","og_url":"https:\/\/www.smedemokrati.sk\/hu\/78-poslancov-sa-spreneverilo-slubu-ktorym-na-ustavu-prisahali-vernost-slovensku\/","og_site_name":"Smedemokrati.sk","article_publisher":"https:\/\/www.facebook.com\/smedemokrati2023","article_published_time":"2024-02-08T21:39:20+00:00","article_modified_time":"2024-02-09T13:14:51+00:00","og_image":[{"width":1024,"height":683,"url":"https:\/\/www.smedemokrati.sk\/wp-content\/uploads\/2024\/02\/ddd.jpg","type":"image\/jpeg"}],"author":"Tom\u00e1\u0161 Koppl","twitter_card":"summary_large_image","twitter_misc":{"Szerz\u0151:":"Tom\u00e1\u0161 Koppl","Becs\u00fclt olvas\u00e1si id\u0151":"2 perc"},"schema":{"@context":"https:\/\/schema.org","@graph":[{"@type":"Article","@id":"https:\/\/www.smedemokrati.sk\/78-poslancov-sa-spreneverilo-slubu-ktorym-na-ustavu-prisahali-vernost-slovensku\/#article","isPartOf":{"@id":"https:\/\/www.smedemokrati.sk\/78-poslancov-sa-spreneverilo-slubu-ktorym-na-ustavu-prisahali-vernost-slovensku\/"},"author":{"name":"Tom\u00e1\u0161 Koppl","@id":"https:\/\/www.smedemokrati.sk\/#\/schema\/person\/c60720f4b9955b3c1ed222ebd1fbbc7c"},"headline":"78 poslancov sa spreneverilo s\u013eubu, ktor\u00fdm na \u00fastavu prisahali vernos\u0165 Slovensku","datePublished":"2024-02-08T21:39:20+00:00","dateModified":"2024-02-09T13:14:51+00:00","mainEntityOfPage":{"@id":"https:\/\/www.smedemokrati.sk\/78-poslancov-sa-spreneverilo-slubu-ktorym-na-ustavu-prisahali-vernost-slovensku\/"},"wordCount":373,"publisher":{"@id":"https:\/\/www.smedemokrati.sk\/#organization"},"image":{"@id":"https:\/\/www.smedemokrati.sk\/78-poslancov-sa-spreneverilo-slubu-ktorym-na-ustavu-prisahali-vernost-slovensku\/#primaryimage"},"thumbnailUrl":"https:\/\/www.smedemokrati.sk\/wp-content\/uploads\/2024\/02\/ddd.jpg","articleSection":["Tla\u010dov\u00e9 spr\u00e1vy"],"inLanguage":"hu-HU"},{"@type":"WebPage","@id":"https:\/\/www.smedemokrati.sk\/78-poslancov-sa-spreneverilo-slubu-ktorym-na-ustavu-prisahali-vernost-slovensku\/","url":"https:\/\/www.smedemokrati.sk\/78-poslancov-sa-spreneverilo-slubu-ktorym-na-ustavu-prisahali-vernost-slovensku\/","name":"78 poslancov sa spreneverilo s\u013eubu, ktor\u00fdm na \u00fastavu prisahali vernos\u0165 Slovensku - Smedemokrati.sk","isPartOf":{"@id":"https:\/\/www.smedemokrati.sk\/#website"},"primaryImageOfPage":{"@id":"https:\/\/www.smedemokrati.sk\/78-poslancov-sa-spreneverilo-slubu-ktorym-na-ustavu-prisahali-vernost-slovensku\/#primaryimage"},"image":{"@id":"https:\/\/www.smedemokrati.sk\/78-poslancov-sa-spreneverilo-slubu-ktorym-na-ustavu-prisahali-vernost-slovensku\/#primaryimage"},"thumbnailUrl":"https:\/\/www.smedemokrati.sk\/wp-content\/uploads\/2024\/02\/ddd.jpg","datePublished":"2024-02-08T21:39:20+00:00","dateModified":"2024-02-09T13:14:51+00:00","breadcrumb":{"@id":"https:\/\/www.smedemokrati.sk\/78-poslancov-sa-spreneverilo-slubu-ktorym-na-ustavu-prisahali-vernost-slovensku\/#breadcrumb"},"inLanguage":"hu-HU","potentialAction":[{"@type":"ReadAction","target":["https:\/\/www.smedemokrati.sk\/78-poslancov-sa-spreneverilo-slubu-ktorym-na-ustavu-prisahali-vernost-slovensku\/"]}]},{"@type":"ImageObject","inLanguage":"hu-HU","@id":"https:\/\/www.smedemokrati.sk\/78-poslancov-sa-spreneverilo-slubu-ktorym-na-ustavu-prisahali-vernost-slovensku\/#primaryimage","url":"https:\/\/www.smedemokrati.sk\/wp-content\/uploads\/2024\/02\/ddd.jpg","contentUrl":"https:\/\/www.smedemokrati.sk\/wp-content\/uploads\/2024\/02\/ddd.jpg","width":1024,"height":683},{"@type":"BreadcrumbList","@id":"https:\/\/www.smedemokrati.sk\/78-poslancov-sa-spreneverilo-slubu-ktorym-na-ustavu-prisahali-vernost-slovensku\/#breadcrumb","itemListElement":[{"@type":"ListItem","position":1,"name":"Domovsk\u00e1 str\u00e1nka","item":"https:\/\/www.smedemokrati.sk\/"},{"@type":"ListItem","position":2,"name":"78 poslancov sa spreneverilo s\u013eubu, ktor\u00fdm na \u00fastavu prisahali vernos\u0165 Slovensku"}]},{"@type":"WebSite","@id":"https:\/\/www.smedemokrati.sk\/#website","url":"https:\/\/www.smedemokrati.sk\/","name":"Smedemokrati.sk","description":"Demokracia a slu\u0161nos\u0165 zv\u00ed\u0165az\u00ed","publisher":{"@id":"https:\/\/www.smedemokrati.sk\/#organization"},"potentialAction":[{"@type":"SearchAction","target":{"@type":"EntryPoint","urlTemplate":"https:\/\/www.smedemokrati.sk\/?s={search_term_string}"},"query-input":{"@type":"PropertyValueSpecification","valueRequired":true,"valueName":"search_term_string"}}],"inLanguage":"hu-HU"},{"@type":"Organization","@id":"https:\/\/www.smedemokrati.sk\/#organization","name":"Smedemokrati.sk","url":"https:\/\/www.smedemokrati.sk\/","logo":{"@type":"ImageObject","inLanguage":"hu-HU","@id":"https:\/\/www.smedemokrati.sk\/#\/schema\/logo\/image\/","url":"https:\/\/www.smedemokrati.sk\/wp-content\/uploads\/2023\/04\/ff.002.jpeg","contentUrl":"https:\/\/www.smedemokrati.sk\/wp-content\/uploads\/2023\/04\/ff.002.jpeg","width":640,"height":480,"caption":"Smedemokrati.sk"},"image":{"@id":"https:\/\/www.smedemokrati.sk\/#\/schema\/logo\/image\/"},"sameAs":["https:\/\/www.facebook.com\/smedemokrati2023"]},{"@type":"Person","@id":"https:\/\/www.smedemokrati.sk\/#\/schema\/person\/c60720f4b9955b3c1ed222ebd1fbbc7c","name":"Tom\u00e1\u0161 Koppl","image":{"@type":"ImageObject","inLanguage":"hu-HU","@id":"https:\/\/secure.gravatar.com\/avatar\/8dfa38373c5e39821baf74c8e867a6f12e12c6dab6559aa999d10703b0b1c4ce?s=96&d=mm&r=g","url":"https:\/\/secure.gravatar.com\/avatar\/8dfa38373c5e39821baf74c8e867a6f12e12c6dab6559aa999d10703b0b1c4ce?s=96&d=mm&r=g","contentUrl":"https:\/\/secure.gravatar.com\/avatar\/8dfa38373c5e39821baf74c8e867a6f12e12c6dab6559aa999d10703b0b1c4ce?s=96&d=mm&r=g","caption":"Tom\u00e1\u0161 Koppl"},"url":"https:\/\/www.smedemokrati.sk\/hu\/author\/tomaskoppl\/"}]}},"_links":{"self":[{"href":"https:\/\/www.smedemokrati.sk\/hu\/wp-json\/wp\/v2\/posts\/2652","targetHints":{"allow":["GET"]}}],"collection":[{"href":"https:\/\/www.smedemokrati.sk\/hu\/wp-json\/wp\/v2\/posts"}],"about":[{"href":"https:\/\/www.smedemokrati.sk\/hu\/wp-json\/wp\/v2\/types\/post"}],"author":[{"embeddable":true,"href":"https:\/\/www.smedemokrati.sk\/hu\/wp-json\/wp\/v2\/users\/7"}],"replies":[{"embeddable":true,"href":"https:\/\/www.smedemokrati.sk\/hu\/wp-json\/wp\/v2\/comments?post=2652"}],"version-history":[{"count":1,"href":"https:\/\/www.smedemokrati.sk\/hu\/wp-json\/wp\/v2\/posts\/2652\/revisions"}],"predecessor-version":[{"id":2654,"href":"https:\/\/www.smedemokrati.sk\/hu\/wp-json\/wp\/v2\/posts\/2652\/revisions\/2654"}],"wp:featuredmedia":[{"embeddable":true,"href":"https:\/\/www.smedemokrati.sk\/hu\/wp-json\/wp\/v2\/media\/2653"}],"wp:attachment":[{"href":"https:\/\/www.smedemokrati.sk\/hu\/wp-json\/wp\/v2\/media?parent=2652"}],"wp:term":[{"taxonomy":"category","embeddable":true,"href":"https:\/\/www.smedemokrati.sk\/hu\/wp-json\/wp\/v2\/categories?post=2652"},{"taxonomy":"post_tag","embeddable":true,"href":"https:\/\/www.smedemokrati.sk\/hu\/wp-json\/wp\/v2\/tags?post=2652"}],"curies":[{"name":"wp","href":"https:\/\/api.w.org\/{rel}","templated":true}]}}