{"id":2635,"date":"2024-02-06T14:22:56","date_gmt":"2024-02-06T12:22:56","guid":{"rendered":"https:\/\/www.smedemokrati.sk\/?p=2635"},"modified":"2024-02-07T16:11:59","modified_gmt":"2024-02-07T14:11:59","slug":"nariadenie-policajneho-prezidenta-sikanuje-pracovitych-vysetrovatelov","status":"publish","type":"post","link":"https:\/\/www.smedemokrati.sk\/hu\/nariadenie-policajneho-prezidenta-sikanuje-pracovitych-vysetrovatelov\/","title":{"rendered":"Nariadenie policajn\u00e9ho prezidenta \u0161ikanuje pracovit\u00fdch vy\u0161etrovate\u013eov"},"content":{"rendered":"<div id=\"fb-root\"><\/div>\n\n<p><strong>Pod\u013ea Juraja \u0160eligu je usmernenie, ktor\u00e9 nariadil policajn\u00fd prezident \u00fa\u010delov\u00e9 a m\u00e1 smerova\u0165 k tomu, aby bola cel\u00e1 NAKA Bratislava pod absol\u00fatnou kontrolou a z\u00e1va\u017en\u00e9 inform\u00e1cie o vy\u0161etrovanich sa dost\u00e1vali priamo na najvy\u0161ie miesta. Pod\u013ea dokumentu sa ponovom musia policajti N\u00e1rodnej krimin\u00e1lnej agent\u00fary hl\u00e1si\u0165 konkr\u00e9tnym funkcion\u00e1rom, ak pri\u0161li do pr\u00e1ce nad r\u00e1mec riadneho pracovn\u00e9ho \u010dasu.<\/strong><\/p>\n\n\n\n<p><em>\u201eZnamen\u00e1 to, \u017ee ak vy\u0161etrovate\u013e dostane operat\u00edvne inform\u00e1cie, ktor\u00e9 potrebuje okam\u017eite rie\u0161i\u0165 mimo pracovnej doby, mus\u00ed ihne\u010f hl\u00e1si\u0165 svoj pr\u00edchod a uvies\u0165 \u010fal\u0161ie konkr\u00e9tne detaily vybran\u00fdm funkcion\u00e1rom, napr. rovno riadite\u013eovi NAKA Bratislava. Poviem to inak, ak bude ak\u00fdko\u013evek posun vo vy\u0161etrovaniach najz\u00e1va\u017enej\u0161\u00edch k\u00e1uz ako S\u00famrak alebo \u201c363\u201d, p\u00fdtam sa, \u010di pod\u013ea tohto nariedenia bude do nieko\u013ek\u00fdch min\u00fat informovan\u00e1 cel\u00e1 vl\u00e1da, ktor\u00e1 m\u00e1 s kauzami bl\u00edzke prepojenie?,\u201d<\/em>\u00a0hovor\u00ed expert na spravodlivos\u0165 a podpredseda Demokratov Juraj \u0160eliga a usmernenie ozna\u010duje ako \u00fa\u010delov\u00e9 a nebezpe\u010dn\u00e9 pre priebeh vy\u0161etrovan\u00ed. Pod\u013ea \u0160eligu ho mo\u017eno ch\u00e1pa\u0165 aj ako \u0161ikanu vo\u010di policajtom, ktor\u00fd chc\u00fa riadne vykon\u00e1va\u0165 svoju pr\u00e1cu.<\/p>\n\n\n\n<p><em>\u201eNepozn\u00e1m in\u0161tit\u00faciu v s\u00fakromnom sektore, kde sa podriaden\u00fd nahlasuje priamo gener\u00e1lnemu riadite\u013eovi osobne, ke\u010f chce \u00eds\u0165 do pr\u00e1ce. Nehovoriac o tom, \u017ee na NAKA je st\u00e1la slu\u017eba policajtov, ktor\u00e1 monitoruje v\u0161etky pr\u00edchody a policajti maj\u00fa slu\u017eobn\u00e9 preukazy,\u201d<\/em>\u00a0uzatv\u00e1ra Juraj \u0160eliga<\/p>\n\n\n\n<p>Jaroslav Na\u010f k t\u00e9me dod\u00e1va, \u017ee tieto praktiky pripom\u00ednaj\u00fa obdobie normaliz\u00e1cie:\u00a0<em>\u201e\u013dudia na r\u00f4znych poz\u00edci\u00e1ch, ktor\u00ed si chceli riadne vykon\u00e1va\u0165 svoju pr\u00e1cu s\u00fa bu\u010f vyhoden\u00ed, trestnopr\u00e1vne rie\u0161en\u00ed alebo zastra\u0161ovan\u00ed. To, \u010do sa deje vo v\u0161etk\u00fdch in\u0161tit\u00faci\u00e1ch, na ktor\u00e9 m\u00e1 dosah vl\u00e1dna garnit\u00fara, neviem ozna\u010di\u0165 inak, ako n\u00e1vrat obdobia normaliz\u00e1cie,\u201d<\/em>\u00a0povedal predseda strany a pripomenul, \u017ee \u010fal\u0161\u00edm pr\u00edkladom t\u00fdchto prakt\u00edk je zastra\u0161ovanie Demokratov, ktor\u00fdm po ostatnej tla\u010dovke Juraja \u0160eligu, pravdepodobne na priamy pokyn riadite\u013ea \u00daradu in\u0161pek\u010dnej slu\u017eby B. Zuriana, klopali policajti a p\u00fdtali sa na zdroje inform\u00e1ci\u00ed, ktor\u00fdmi strana odha\u013euje nekal\u00e9 praktiky na gener\u00e1lnej prokurat\u00fare, NAKA, \u00daIS a \u010fal\u0161\u00edch in\u0161tit\u00faci\u00e1ch.\u00a0<\/p>\n\n\n\n<figure class=\"wp-block-image size-large\"><img decoding=\"async\" width=\"621\" height=\"1024\" src=\"https:\/\/www.smedemokrati.sk\/wp-content\/uploads\/2024\/02\/2-621x1024.jpg\" alt=\"\" class=\"wp-image-2636\" srcset=\"https:\/\/www.smedemokrati.sk\/wp-content\/uploads\/2024\/02\/2-621x1024.jpg 621w, https:\/\/www.smedemokrati.sk\/wp-content\/uploads\/2024\/02\/2-182x300.jpg 182w, https:\/\/www.smedemokrati.sk\/wp-content\/uploads\/2024\/02\/2.jpg 739w\" sizes=\"(max-width: 621px) 100vw, 621px\" \/><\/figure>\n","protected":false},"excerpt":{"rendered":"<p>Pod\u013ea Juraja \u0160eligu je usmernenie, ktor\u00e9 nariadil policajn\u00fd prezident \u00fa\u010delov\u00e9 a m\u00e1 smerova\u0165 k tomu, aby bola cel\u00e1 NAKA Bratislava pod absol\u00fatnou kontrolou a z\u00e1va\u017en\u00e9 inform\u00e1cie o vy\u0161etrovanich sa dost\u00e1vali priamo na najvy\u0161ie miesta. Pod\u013ea dokumentu sa ponovom musia policajti N\u00e1rodnej krimin\u00e1lnej agent\u00fary hl\u00e1si\u0165 konkr\u00e9tnym funkcion\u00e1rom, ak pri\u0161li do pr\u00e1ce nad r\u00e1mec riadneho pracovn\u00e9ho \u010dasu. [&hellip;]<\/p>\n","protected":false},"author":7,"featured_media":2637,"comment_status":"closed","ping_status":"closed","sticky":false,"template":"","format":"standard","meta":{"_acf_changed":false,"ngg_post_thumbnail":0,"footnotes":""},"categories":[4],"tags":[],"class_list":["post-2635","post","type-post","status-publish","format-standard","has-post-thumbnail","hentry","category-tlacove-spravy"],"acf":[],"yoast_head":"<!-- This site is optimized with the Yoast SEO plugin v27.2 - https:\/\/yoast.com\/product\/yoast-seo-wordpress\/ -->\n<title>Nariadenie policajn\u00e9ho prezidenta \u0161ikanuje pracovit\u00fdch vy\u0161etrovate\u013eov - Smedemokrati.sk<\/title>\n<meta name=\"robots\" content=\"index, follow, max-snippet:-1, max-image-preview:large, max-video-preview:-1\" \/>\n<link rel=\"canonical\" href=\"https:\/\/www.smedemokrati.sk\/hu\/nariadenie-policajneho-prezidenta-sikanuje-pracovitych-vysetrovatelov\/\" \/>\n<meta property=\"og:locale\" content=\"hu_HU\" \/>\n<meta property=\"og:locale:alternate\" content=\"en_US\" \/>\n<meta property=\"og:locale:alternate\" content=\"cs_CZ\" \/>\n<meta property=\"og:locale:alternate\" content=\"sk_SK\" \/>\n<meta property=\"og:locale:alternate\" content=\"sv_SE\" \/>\n<meta property=\"og:type\" content=\"article\" \/>\n<meta property=\"og:title\" content=\"Nariadenie policajn\u00e9ho prezidenta \u0161ikanuje pracovit\u00fdch vy\u0161etrovate\u013eov - Smedemokrati.sk\" \/>\n<meta property=\"og:description\" content=\"Pod\u013ea Juraja \u0160eligu je usmernenie, ktor\u00e9 nariadil policajn\u00fd prezident \u00fa\u010delov\u00e9 a m\u00e1 smerova\u0165 k tomu, aby bola cel\u00e1 NAKA Bratislava pod absol\u00fatnou kontrolou a z\u00e1va\u017en\u00e9 inform\u00e1cie o vy\u0161etrovanich sa dost\u00e1vali priamo na najvy\u0161ie miesta. Pod\u013ea dokumentu sa ponovom musia policajti N\u00e1rodnej krimin\u00e1lnej agent\u00fary hl\u00e1si\u0165 konkr\u00e9tnym funkcion\u00e1rom, ak pri\u0161li do pr\u00e1ce nad r\u00e1mec riadneho pracovn\u00e9ho \u010dasu. [&hellip;]\" \/>\n<meta property=\"og:url\" content=\"https:\/\/www.smedemokrati.sk\/hu\/nariadenie-policajneho-prezidenta-sikanuje-pracovitych-vysetrovatelov\/\" \/>\n<meta property=\"og:site_name\" content=\"Smedemokrati.sk\" \/>\n<meta property=\"article:publisher\" content=\"https:\/\/www.facebook.com\/smedemokrati2023\" \/>\n<meta property=\"article:published_time\" content=\"2024-02-06T12:22:56+00:00\" \/>\n<meta property=\"article:modified_time\" content=\"2024-02-07T14:11:59+00:00\" \/>\n<meta property=\"og:image\" content=\"https:\/\/www.smedemokrati.sk\/wp-content\/uploads\/2024\/02\/tlacovka.jpg\" \/>\n\t<meta property=\"og:image:width\" content=\"2054\" \/>\n\t<meta property=\"og:image:height\" content=\"1362\" \/>\n\t<meta property=\"og:image:type\" content=\"image\/jpeg\" \/>\n<meta name=\"author\" content=\"Tom\u00e1\u0161 Koppl\" \/>\n<meta name=\"twitter:card\" content=\"summary_large_image\" \/>\n<meta name=\"twitter:label1\" content=\"Szerz\u0151:\" \/>\n\t<meta name=\"twitter:data1\" content=\"Tom\u00e1\u0161 Koppl\" \/>\n\t<meta name=\"twitter:label2\" content=\"Becs\u00fclt olvas\u00e1si id\u0151\" \/>\n\t<meta name=\"twitter:data2\" content=\"2 perc\" \/>\n<script type=\"application\/ld+json\" class=\"yoast-schema-graph\">{\"@context\":\"https:\/\/schema.org\",\"@graph\":[{\"@type\":\"Article\",\"@id\":\"https:\/\/www.smedemokrati.sk\/nariadenie-policajneho-prezidenta-sikanuje-pracovitych-vysetrovatelov\/#article\",\"isPartOf\":{\"@id\":\"https:\/\/www.smedemokrati.sk\/nariadenie-policajneho-prezidenta-sikanuje-pracovitych-vysetrovatelov\/\"},\"author\":{\"name\":\"Tom\u00e1\u0161 Koppl\",\"@id\":\"https:\/\/www.smedemokrati.sk\/#\/schema\/person\/c60720f4b9955b3c1ed222ebd1fbbc7c\"},\"headline\":\"Nariadenie policajn\u00e9ho prezidenta \u0161ikanuje pracovit\u00fdch vy\u0161etrovate\u013eov\",\"datePublished\":\"2024-02-06T12:22:56+00:00\",\"dateModified\":\"2024-02-07T14:11:59+00:00\",\"mainEntityOfPage\":{\"@id\":\"https:\/\/www.smedemokrati.sk\/nariadenie-policajneho-prezidenta-sikanuje-pracovitych-vysetrovatelov\/\"},\"wordCount\":415,\"publisher\":{\"@id\":\"https:\/\/www.smedemokrati.sk\/#organization\"},\"image\":{\"@id\":\"https:\/\/www.smedemokrati.sk\/nariadenie-policajneho-prezidenta-sikanuje-pracovitych-vysetrovatelov\/#primaryimage\"},\"thumbnailUrl\":\"https:\/\/www.smedemokrati.sk\/wp-content\/uploads\/2024\/02\/tlacovka.jpg\",\"articleSection\":[\"Tla\u010dov\u00e9 spr\u00e1vy\"],\"inLanguage\":\"hu-HU\"},{\"@type\":\"WebPage\",\"@id\":\"https:\/\/www.smedemokrati.sk\/nariadenie-policajneho-prezidenta-sikanuje-pracovitych-vysetrovatelov\/\",\"url\":\"https:\/\/www.smedemokrati.sk\/nariadenie-policajneho-prezidenta-sikanuje-pracovitych-vysetrovatelov\/\",\"name\":\"Nariadenie policajn\u00e9ho prezidenta \u0161ikanuje pracovit\u00fdch vy\u0161etrovate\u013eov - Smedemokrati.sk\",\"isPartOf\":{\"@id\":\"https:\/\/www.smedemokrati.sk\/#website\"},\"primaryImageOfPage\":{\"@id\":\"https:\/\/www.smedemokrati.sk\/nariadenie-policajneho-prezidenta-sikanuje-pracovitych-vysetrovatelov\/#primaryimage\"},\"image\":{\"@id\":\"https:\/\/www.smedemokrati.sk\/nariadenie-policajneho-prezidenta-sikanuje-pracovitych-vysetrovatelov\/#primaryimage\"},\"thumbnailUrl\":\"https:\/\/www.smedemokrati.sk\/wp-content\/uploads\/2024\/02\/tlacovka.jpg\",\"datePublished\":\"2024-02-06T12:22:56+00:00\",\"dateModified\":\"2024-02-07T14:11:59+00:00\",\"breadcrumb\":{\"@id\":\"https:\/\/www.smedemokrati.sk\/nariadenie-policajneho-prezidenta-sikanuje-pracovitych-vysetrovatelov\/#breadcrumb\"},\"inLanguage\":\"hu-HU\",\"potentialAction\":[{\"@type\":\"ReadAction\",\"target\":[\"https:\/\/www.smedemokrati.sk\/nariadenie-policajneho-prezidenta-sikanuje-pracovitych-vysetrovatelov\/\"]}]},{\"@type\":\"ImageObject\",\"inLanguage\":\"hu-HU\",\"@id\":\"https:\/\/www.smedemokrati.sk\/nariadenie-policajneho-prezidenta-sikanuje-pracovitych-vysetrovatelov\/#primaryimage\",\"url\":\"https:\/\/www.smedemokrati.sk\/wp-content\/uploads\/2024\/02\/tlacovka.jpg\",\"contentUrl\":\"https:\/\/www.smedemokrati.sk\/wp-content\/uploads\/2024\/02\/tlacovka.jpg\",\"width\":2054,\"height\":1362},{\"@type\":\"BreadcrumbList\",\"@id\":\"https:\/\/www.smedemokrati.sk\/nariadenie-policajneho-prezidenta-sikanuje-pracovitych-vysetrovatelov\/#breadcrumb\",\"itemListElement\":[{\"@type\":\"ListItem\",\"position\":1,\"name\":\"Domovsk\u00e1 str\u00e1nka\",\"item\":\"https:\/\/www.smedemokrati.sk\/\"},{\"@type\":\"ListItem\",\"position\":2,\"name\":\"Nariadenie policajn\u00e9ho prezidenta \u0161ikanuje pracovit\u00fdch vy\u0161etrovate\u013eov\"}]},{\"@type\":\"WebSite\",\"@id\":\"https:\/\/www.smedemokrati.sk\/#website\",\"url\":\"https:\/\/www.smedemokrati.sk\/\",\"name\":\"Smedemokrati.sk\",\"description\":\"Demokracia a slu\u0161nos\u0165 zv\u00ed\u0165az\u00ed\",\"publisher\":{\"@id\":\"https:\/\/www.smedemokrati.sk\/#organization\"},\"potentialAction\":[{\"@type\":\"SearchAction\",\"target\":{\"@type\":\"EntryPoint\",\"urlTemplate\":\"https:\/\/www.smedemokrati.sk\/?s={search_term_string}\"},\"query-input\":{\"@type\":\"PropertyValueSpecification\",\"valueRequired\":true,\"valueName\":\"search_term_string\"}}],\"inLanguage\":\"hu-HU\"},{\"@type\":\"Organization\",\"@id\":\"https:\/\/www.smedemokrati.sk\/#organization\",\"name\":\"Smedemokrati.sk\",\"url\":\"https:\/\/www.smedemokrati.sk\/\",\"logo\":{\"@type\":\"ImageObject\",\"inLanguage\":\"hu-HU\",\"@id\":\"https:\/\/www.smedemokrati.sk\/#\/schema\/logo\/image\/\",\"url\":\"https:\/\/www.smedemokrati.sk\/wp-content\/uploads\/2023\/04\/ff.002.jpeg\",\"contentUrl\":\"https:\/\/www.smedemokrati.sk\/wp-content\/uploads\/2023\/04\/ff.002.jpeg\",\"width\":640,\"height\":480,\"caption\":\"Smedemokrati.sk\"},\"image\":{\"@id\":\"https:\/\/www.smedemokrati.sk\/#\/schema\/logo\/image\/\"},\"sameAs\":[\"https:\/\/www.facebook.com\/smedemokrati2023\"]},{\"@type\":\"Person\",\"@id\":\"https:\/\/www.smedemokrati.sk\/#\/schema\/person\/c60720f4b9955b3c1ed222ebd1fbbc7c\",\"name\":\"Tom\u00e1\u0161 Koppl\",\"image\":{\"@type\":\"ImageObject\",\"inLanguage\":\"hu-HU\",\"@id\":\"https:\/\/secure.gravatar.com\/avatar\/8dfa38373c5e39821baf74c8e867a6f12e12c6dab6559aa999d10703b0b1c4ce?s=96&d=mm&r=g\",\"url\":\"https:\/\/secure.gravatar.com\/avatar\/8dfa38373c5e39821baf74c8e867a6f12e12c6dab6559aa999d10703b0b1c4ce?s=96&d=mm&r=g\",\"contentUrl\":\"https:\/\/secure.gravatar.com\/avatar\/8dfa38373c5e39821baf74c8e867a6f12e12c6dab6559aa999d10703b0b1c4ce?s=96&d=mm&r=g\",\"caption\":\"Tom\u00e1\u0161 Koppl\"},\"url\":\"https:\/\/www.smedemokrati.sk\/hu\/author\/tomaskoppl\/\"}]}<\/script>\n<!-- \/ Yoast SEO plugin. -->","yoast_head_json":{"title":"Nariadenie policajn\u00e9ho prezidenta \u0161ikanuje pracovit\u00fdch vy\u0161etrovate\u013eov - Smedemokrati.sk","robots":{"index":"index","follow":"follow","max-snippet":"max-snippet:-1","max-image-preview":"max-image-preview:large","max-video-preview":"max-video-preview:-1"},"canonical":"https:\/\/www.smedemokrati.sk\/hu\/nariadenie-policajneho-prezidenta-sikanuje-pracovitych-vysetrovatelov\/","og_locale":"hu_HU","og_type":"article","og_title":"Nariadenie policajn\u00e9ho prezidenta \u0161ikanuje pracovit\u00fdch vy\u0161etrovate\u013eov - Smedemokrati.sk","og_description":"Pod\u013ea Juraja \u0160eligu je usmernenie, ktor\u00e9 nariadil policajn\u00fd prezident \u00fa\u010delov\u00e9 a m\u00e1 smerova\u0165 k tomu, aby bola cel\u00e1 NAKA Bratislava pod absol\u00fatnou kontrolou a z\u00e1va\u017en\u00e9 inform\u00e1cie o vy\u0161etrovanich sa dost\u00e1vali priamo na najvy\u0161ie miesta. Pod\u013ea dokumentu sa ponovom musia policajti N\u00e1rodnej krimin\u00e1lnej agent\u00fary hl\u00e1si\u0165 konkr\u00e9tnym funkcion\u00e1rom, ak pri\u0161li do pr\u00e1ce nad r\u00e1mec riadneho pracovn\u00e9ho \u010dasu. [&hellip;]","og_url":"https:\/\/www.smedemokrati.sk\/hu\/nariadenie-policajneho-prezidenta-sikanuje-pracovitych-vysetrovatelov\/","og_site_name":"Smedemokrati.sk","article_publisher":"https:\/\/www.facebook.com\/smedemokrati2023","article_published_time":"2024-02-06T12:22:56+00:00","article_modified_time":"2024-02-07T14:11:59+00:00","og_image":[{"width":2054,"height":1362,"url":"https:\/\/www.smedemokrati.sk\/wp-content\/uploads\/2024\/02\/tlacovka.jpg","type":"image\/jpeg"}],"author":"Tom\u00e1\u0161 Koppl","twitter_card":"summary_large_image","twitter_misc":{"Szerz\u0151:":"Tom\u00e1\u0161 Koppl","Becs\u00fclt olvas\u00e1si id\u0151":"2 perc"},"schema":{"@context":"https:\/\/schema.org","@graph":[{"@type":"Article","@id":"https:\/\/www.smedemokrati.sk\/nariadenie-policajneho-prezidenta-sikanuje-pracovitych-vysetrovatelov\/#article","isPartOf":{"@id":"https:\/\/www.smedemokrati.sk\/nariadenie-policajneho-prezidenta-sikanuje-pracovitych-vysetrovatelov\/"},"author":{"name":"Tom\u00e1\u0161 Koppl","@id":"https:\/\/www.smedemokrati.sk\/#\/schema\/person\/c60720f4b9955b3c1ed222ebd1fbbc7c"},"headline":"Nariadenie policajn\u00e9ho prezidenta \u0161ikanuje pracovit\u00fdch vy\u0161etrovate\u013eov","datePublished":"2024-02-06T12:22:56+00:00","dateModified":"2024-02-07T14:11:59+00:00","mainEntityOfPage":{"@id":"https:\/\/www.smedemokrati.sk\/nariadenie-policajneho-prezidenta-sikanuje-pracovitych-vysetrovatelov\/"},"wordCount":415,"publisher":{"@id":"https:\/\/www.smedemokrati.sk\/#organization"},"image":{"@id":"https:\/\/www.smedemokrati.sk\/nariadenie-policajneho-prezidenta-sikanuje-pracovitych-vysetrovatelov\/#primaryimage"},"thumbnailUrl":"https:\/\/www.smedemokrati.sk\/wp-content\/uploads\/2024\/02\/tlacovka.jpg","articleSection":["Tla\u010dov\u00e9 spr\u00e1vy"],"inLanguage":"hu-HU"},{"@type":"WebPage","@id":"https:\/\/www.smedemokrati.sk\/nariadenie-policajneho-prezidenta-sikanuje-pracovitych-vysetrovatelov\/","url":"https:\/\/www.smedemokrati.sk\/nariadenie-policajneho-prezidenta-sikanuje-pracovitych-vysetrovatelov\/","name":"Nariadenie policajn\u00e9ho prezidenta \u0161ikanuje pracovit\u00fdch vy\u0161etrovate\u013eov - Smedemokrati.sk","isPartOf":{"@id":"https:\/\/www.smedemokrati.sk\/#website"},"primaryImageOfPage":{"@id":"https:\/\/www.smedemokrati.sk\/nariadenie-policajneho-prezidenta-sikanuje-pracovitych-vysetrovatelov\/#primaryimage"},"image":{"@id":"https:\/\/www.smedemokrati.sk\/nariadenie-policajneho-prezidenta-sikanuje-pracovitych-vysetrovatelov\/#primaryimage"},"thumbnailUrl":"https:\/\/www.smedemokrati.sk\/wp-content\/uploads\/2024\/02\/tlacovka.jpg","datePublished":"2024-02-06T12:22:56+00:00","dateModified":"2024-02-07T14:11:59+00:00","breadcrumb":{"@id":"https:\/\/www.smedemokrati.sk\/nariadenie-policajneho-prezidenta-sikanuje-pracovitych-vysetrovatelov\/#breadcrumb"},"inLanguage":"hu-HU","potentialAction":[{"@type":"ReadAction","target":["https:\/\/www.smedemokrati.sk\/nariadenie-policajneho-prezidenta-sikanuje-pracovitych-vysetrovatelov\/"]}]},{"@type":"ImageObject","inLanguage":"hu-HU","@id":"https:\/\/www.smedemokrati.sk\/nariadenie-policajneho-prezidenta-sikanuje-pracovitych-vysetrovatelov\/#primaryimage","url":"https:\/\/www.smedemokrati.sk\/wp-content\/uploads\/2024\/02\/tlacovka.jpg","contentUrl":"https:\/\/www.smedemokrati.sk\/wp-content\/uploads\/2024\/02\/tlacovka.jpg","width":2054,"height":1362},{"@type":"BreadcrumbList","@id":"https:\/\/www.smedemokrati.sk\/nariadenie-policajneho-prezidenta-sikanuje-pracovitych-vysetrovatelov\/#breadcrumb","itemListElement":[{"@type":"ListItem","position":1,"name":"Domovsk\u00e1 str\u00e1nka","item":"https:\/\/www.smedemokrati.sk\/"},{"@type":"ListItem","position":2,"name":"Nariadenie policajn\u00e9ho prezidenta \u0161ikanuje pracovit\u00fdch vy\u0161etrovate\u013eov"}]},{"@type":"WebSite","@id":"https:\/\/www.smedemokrati.sk\/#website","url":"https:\/\/www.smedemokrati.sk\/","name":"Smedemokrati.sk","description":"Demokracia a slu\u0161nos\u0165 zv\u00ed\u0165az\u00ed","publisher":{"@id":"https:\/\/www.smedemokrati.sk\/#organization"},"potentialAction":[{"@type":"SearchAction","target":{"@type":"EntryPoint","urlTemplate":"https:\/\/www.smedemokrati.sk\/?s={search_term_string}"},"query-input":{"@type":"PropertyValueSpecification","valueRequired":true,"valueName":"search_term_string"}}],"inLanguage":"hu-HU"},{"@type":"Organization","@id":"https:\/\/www.smedemokrati.sk\/#organization","name":"Smedemokrati.sk","url":"https:\/\/www.smedemokrati.sk\/","logo":{"@type":"ImageObject","inLanguage":"hu-HU","@id":"https:\/\/www.smedemokrati.sk\/#\/schema\/logo\/image\/","url":"https:\/\/www.smedemokrati.sk\/wp-content\/uploads\/2023\/04\/ff.002.jpeg","contentUrl":"https:\/\/www.smedemokrati.sk\/wp-content\/uploads\/2023\/04\/ff.002.jpeg","width":640,"height":480,"caption":"Smedemokrati.sk"},"image":{"@id":"https:\/\/www.smedemokrati.sk\/#\/schema\/logo\/image\/"},"sameAs":["https:\/\/www.facebook.com\/smedemokrati2023"]},{"@type":"Person","@id":"https:\/\/www.smedemokrati.sk\/#\/schema\/person\/c60720f4b9955b3c1ed222ebd1fbbc7c","name":"Tom\u00e1\u0161 Koppl","image":{"@type":"ImageObject","inLanguage":"hu-HU","@id":"https:\/\/secure.gravatar.com\/avatar\/8dfa38373c5e39821baf74c8e867a6f12e12c6dab6559aa999d10703b0b1c4ce?s=96&d=mm&r=g","url":"https:\/\/secure.gravatar.com\/avatar\/8dfa38373c5e39821baf74c8e867a6f12e12c6dab6559aa999d10703b0b1c4ce?s=96&d=mm&r=g","contentUrl":"https:\/\/secure.gravatar.com\/avatar\/8dfa38373c5e39821baf74c8e867a6f12e12c6dab6559aa999d10703b0b1c4ce?s=96&d=mm&r=g","caption":"Tom\u00e1\u0161 Koppl"},"url":"https:\/\/www.smedemokrati.sk\/hu\/author\/tomaskoppl\/"}]}},"_links":{"self":[{"href":"https:\/\/www.smedemokrati.sk\/hu\/wp-json\/wp\/v2\/posts\/2635","targetHints":{"allow":["GET"]}}],"collection":[{"href":"https:\/\/www.smedemokrati.sk\/hu\/wp-json\/wp\/v2\/posts"}],"about":[{"href":"https:\/\/www.smedemokrati.sk\/hu\/wp-json\/wp\/v2\/types\/post"}],"author":[{"embeddable":true,"href":"https:\/\/www.smedemokrati.sk\/hu\/wp-json\/wp\/v2\/users\/7"}],"replies":[{"embeddable":true,"href":"https:\/\/www.smedemokrati.sk\/hu\/wp-json\/wp\/v2\/comments?post=2635"}],"version-history":[{"count":1,"href":"https:\/\/www.smedemokrati.sk\/hu\/wp-json\/wp\/v2\/posts\/2635\/revisions"}],"predecessor-version":[{"id":2638,"href":"https:\/\/www.smedemokrati.sk\/hu\/wp-json\/wp\/v2\/posts\/2635\/revisions\/2638"}],"wp:featuredmedia":[{"embeddable":true,"href":"https:\/\/www.smedemokrati.sk\/hu\/wp-json\/wp\/v2\/media\/2637"}],"wp:attachment":[{"href":"https:\/\/www.smedemokrati.sk\/hu\/wp-json\/wp\/v2\/media?parent=2635"}],"wp:term":[{"taxonomy":"category","embeddable":true,"href":"https:\/\/www.smedemokrati.sk\/hu\/wp-json\/wp\/v2\/categories?post=2635"},{"taxonomy":"post_tag","embeddable":true,"href":"https:\/\/www.smedemokrati.sk\/hu\/wp-json\/wp\/v2\/tags?post=2635"}],"curies":[{"name":"wp","href":"https:\/\/api.w.org\/{rel}","templated":true}]}}