{"id":2588,"date":"2024-02-01T13:12:48","date_gmt":"2024-02-01T11:12:48","guid":{"rendered":"https:\/\/www.smedemokrati.sk\/?p=2588"},"modified":"2024-02-03T15:49:20","modified_gmt":"2024-02-03T13:49:20","slug":"z-temy-medveda-hnedeho-je-kvoli-tarabovi-a-huliakovi-groteska","status":"publish","type":"post","link":"https:\/\/www.smedemokrati.sk\/hu\/z-temy-medveda-hnedeho-je-kvoli-tarabovi-a-huliakovi-groteska\/","title":{"rendered":"Z t\u00e9my medve\u010fa hned\u00e9ho je kv\u00f4li Tarabovi a Huliakovi groteska"},"content":{"rendered":"<div id=\"fb-root\"><\/div>\n\n<p>Ministerstvo \u017eivotn\u00e9ho prostredia pod veden\u00edm Tom\u00e1\u0161a Tarabu nielen\u017ee nerozumie problematike medve\u010fa hned\u00e9ho, ale aj preuk\u00e1zate\u013ene mana\u017e\u00e9rsky zlyh\u00e1va, \u010do potvrdzuje doslova amat\u00e9rsky materi\u00e1l schv\u00e1len\u00fd vl\u00e1dou SR.&nbsp;<\/p>\n\n\n\n<p><em>\u201eT\u00e9ma medve\u010fa a \u0161\u00edrenie strachu z neho bola k\u013e\u00fa\u010dovou predvolebnou t\u00e9mou pre Rudolfa Huliaka, Filipa Kuffu a aj Tom\u00e1\u0161a Tarabu. Dnes, po 100 d\u0148och od ich ustanovenia do funkci\u00ed, sa zmohli na predlo\u017eenie doslova jednej bezobsa\u017enej A4 vl\u00e1de, a aj to s absol\u00fatne v\u0161eobecn\u00fdmi fr\u00e1zami. Ak by si v\u0161etci traja p\u00e1ni pr\u00edpravu materi\u00e1lu rozdelili, za 100 dn\u00ed \u010do s\u00fa vo funkci\u00e1ch, pripad\u00e1 na ka\u017ed\u00e9ho jedn\u00e9ho z nich 11 riadkov. Toto je ten s\u013eubovan\u00fd manu\u00e1l a z\u00e1sadn\u00fd materi\u00e1l? Huliak, Kuffa aj Taraba si robia z \u013eud\u00ed na vidieku dobr\u00fd de\u0148,\u201c<\/em> uviedol expert na \u017eivotn\u00e9 prostredie a \u010dlen predsedn\u00edctva strany Demokrati Michal Ki\u010da.\u00a0<\/p>\n\n\n\n<p>Vedenie rezortu malo pod\u013ea Ki\u010du u\u017e tri tla\u010dov\u00e9 konferencie, na ktor\u00fdch okrem nad\u00e1vania na novin\u00e1rov a predch\u00e1dzaj\u00face vedenie, zaznievaj\u00fa len protichodn\u00e9, ni\u010d nehovoriace inform\u00e1cie. Raz po\u010dujeme o nasaden\u00ed policajtov, inokedy po\u013eovn\u00edkov, nabud\u00face to bude mo\u017eno aj arm\u00e1da, ktor\u00e1 bude pom\u00e1ha\u0165 pri strete \u010dloveka s medve\u010fom.<\/p>\n\n\n\n<p>Ki\u010da upozor\u0148uje, \u017ee ak by sa naplnili pl\u00e1ny avizovan\u00e9 Tarabom a Huliakom, slu\u017eobn\u00e1 pohotovos\u0165 zamestnancov okresn\u00fdch \u00faradov, ktor\u00ed by rozhodovali o povolen\u00ed z\u00e1sahov po\u013eovn\u00edkov v intravil\u00e1noch obc\u00ed, by st\u00e1la pribli\u017ene 3,5 mil. eur, \u010do je n\u00e1sobne viac ako \u010dinnos\u0165 \u010dlenov z\u00e1sahov\u00fdch t\u00edmov. O tom u\u017e v\u0161ak dne\u0161n\u00fd materi\u00e1l ni\u010d nehovor\u00ed. Tieto n\u00e1vrhy a doteraj\u0161ie p\u00f4sobenie Tarabu sa nedaj\u00fa nazva\u0165 inak ako groteska, a to v priamom prenose.&nbsp;<\/p>\n\n\n\n<p>Pod\u013ea Ki\u010du \u00fasmevne p\u00f4sob\u00ed aj uznesenie schv\u00e1len\u00e9 vl\u00e1dou: <em>\u201eNa \u010do uklada\u0165 povinnos\u0165 s\u00fa\u010dinnosti ministrom vn\u00fatra a p\u00f4dohospod\u00e1rstva, ke\u010f ju na tla\u010dovej konferencii s ministrom Tarabom sami pon\u00fakli a pris\u013e\u00fabili? Azda len na to, aby nejak\u00fd materi\u00e1l bol a ministri sa mohli pochv\u00e1li\u0165 medi\u00e1lnou aktivitou.\u201c<\/em><\/p>\n\n\n\n<p>Hanbou schv\u00e1len\u00e9ho vl\u00e1dneho materi\u00e1lu s\u00fa najm\u00e4 odborn\u00e9 nedostatky. Jedn\u00fdm z nich je napr\u00edklad tvrdenie o zvy\u0161uj\u00facom sa po\u010dte dopravn\u00fdch kol\u00edzi\u00ed s medve\u010fom, ktor\u00e9 m\u00e1 evokova\u0165, \u017ee tento trend je zapr\u00ed\u010dinen\u00fd zvy\u0161ovan\u00edm popul\u00e1cie medve\u010fa. Vl\u00e1dny materi\u00e1l pritom zaml\u010dal, \u017ee n\u00e1rast dopravn\u00fdch kol\u00edzi\u00ed nielen s medve\u010fmi, ale aj s ostatnou divo \u017eij\u00facou zverou preuk\u00e1zate\u013ene s\u00favis\u00ed s rozvojom dopravy a zvy\u0161ovan\u00edm hustoty cestnej siete.&nbsp;<\/p>\n\n\n\n<p>Pod\u013ea Michala Ki\u010du vid\u00edme v priamom prenose neschopnos\u0165 naplni\u0165 predvolebn\u00e9 s\u013euby Tarabu, Kuffu a Huliaka v tak k\u013e\u00fa\u010dovej t\u00e9me: <em>\u201eT\u00ed ohlasovali, \u017ee jedn\u00fdm listom Eur\u00f3pskej komisii dok\u00e1\u017eu zabezpe\u010di\u0165 kv\u00f3tov\u00fd odlov medve\u010fov. Av\u0161ak u\u017e pred vo\u013ebami sme hovorili, \u017ee \u017eiaden tak\u00fdto kv\u00f3tov\u00fd lov nebude. Potvrdzuje to aj fakt, \u017ee na t\u00fato po\u017eiadavku nereflektoval Brusel dokonca ani po tom, \u010do tam Taraba osobne vycestoval. Brusel sa toti\u017e t\u00fdmto Tarabov\u00fdm nezmyslom smeje a p\u00e1ni na rezorte by si to u\u017e mali kone\u010dne uvedomi\u0165 a presta\u0165 bl\u00fazni\u0165,\u201c<\/em> povedal \u010dlen Demokratov Michal Ki\u010da.\u00a0<\/p>\n\n\n\n<p>Pod\u013ea Demokratov sa op\u00e4\u0165 potvrdzuje, \u017ee slov\u00e1 ministra Tarabu u\u017e nemo\u017eno bra\u0165 v\u00e1\u017ene. Ten najsk\u00f4r toti\u017e verejne s\u013e\u00fabil predlo\u017eenie novej koncepcie pr\u00edstupu k problematike medve\u010fa hned\u00e9ho na rokovanie vl\u00e1dy do konca janu\u00e1ra a dnes je z nej u\u017e len inform\u00e1cia o bud\u00facej st\u00e1le neur\u010ditej koncepcii.<\/p>\n","protected":false},"excerpt":{"rendered":"<p>Ministerstvo \u017eivotn\u00e9ho prostredia pod veden\u00edm Tom\u00e1\u0161a Tarabu nielen\u017ee nerozumie problematike medve\u010fa hned\u00e9ho, ale aj preuk\u00e1zate\u013ene mana\u017e\u00e9rsky zlyh\u00e1va, \u010do potvrdzuje doslova amat\u00e9rsky materi\u00e1l schv\u00e1len\u00fd vl\u00e1dou SR.&nbsp; \u201eT\u00e9ma medve\u010fa a \u0161\u00edrenie strachu z neho bola k\u013e\u00fa\u010dovou predvolebnou t\u00e9mou pre Rudolfa Huliaka, Filipa Kuffu a aj Tom\u00e1\u0161a Tarabu. Dnes, po 100 d\u0148och od ich ustanovenia do funkci\u00ed, sa [&hellip;]<\/p>\n","protected":false},"author":7,"featured_media":2589,"comment_status":"closed","ping_status":"closed","sticky":false,"template":"","format":"standard","meta":{"_acf_changed":false,"ngg_post_thumbnail":0,"footnotes":""},"categories":[4],"tags":[],"class_list":["post-2588","post","type-post","status-publish","format-standard","has-post-thumbnail","hentry","category-tlacove-spravy"],"acf":[],"yoast_head":"<!-- This site is optimized with the Yoast SEO plugin v27.2 - https:\/\/yoast.com\/product\/yoast-seo-wordpress\/ -->\n<title>Z t\u00e9my medve\u010fa hned\u00e9ho je kv\u00f4li Tarabovi a Huliakovi groteska - Smedemokrati.sk<\/title>\n<meta name=\"robots\" content=\"index, follow, max-snippet:-1, max-image-preview:large, max-video-preview:-1\" \/>\n<link rel=\"canonical\" href=\"https:\/\/www.smedemokrati.sk\/hu\/z-temy-medveda-hnedeho-je-kvoli-tarabovi-a-huliakovi-groteska\/\" \/>\n<meta property=\"og:locale\" content=\"hu_HU\" \/>\n<meta property=\"og:locale:alternate\" content=\"en_US\" \/>\n<meta property=\"og:locale:alternate\" content=\"cs_CZ\" \/>\n<meta property=\"og:locale:alternate\" content=\"sk_SK\" \/>\n<meta property=\"og:locale:alternate\" content=\"sv_SE\" \/>\n<meta property=\"og:type\" content=\"article\" \/>\n<meta property=\"og:title\" content=\"Z t\u00e9my medve\u010fa hned\u00e9ho je kv\u00f4li Tarabovi a Huliakovi groteska - Smedemokrati.sk\" \/>\n<meta property=\"og:description\" content=\"Ministerstvo \u017eivotn\u00e9ho prostredia pod veden\u00edm Tom\u00e1\u0161a Tarabu nielen\u017ee nerozumie problematike medve\u010fa hned\u00e9ho, ale aj preuk\u00e1zate\u013ene mana\u017e\u00e9rsky zlyh\u00e1va, \u010do potvrdzuje doslova amat\u00e9rsky materi\u00e1l schv\u00e1len\u00fd vl\u00e1dou SR.&nbsp; \u201eT\u00e9ma medve\u010fa a \u0161\u00edrenie strachu z neho bola k\u013e\u00fa\u010dovou predvolebnou t\u00e9mou pre Rudolfa Huliaka, Filipa Kuffu a aj Tom\u00e1\u0161a Tarabu. Dnes, po 100 d\u0148och od ich ustanovenia do funkci\u00ed, sa [&hellip;]\" \/>\n<meta property=\"og:url\" content=\"https:\/\/www.smedemokrati.sk\/hu\/z-temy-medveda-hnedeho-je-kvoli-tarabovi-a-huliakovi-groteska\/\" \/>\n<meta property=\"og:site_name\" content=\"Smedemokrati.sk\" \/>\n<meta property=\"article:publisher\" content=\"https:\/\/www.facebook.com\/smedemokrati2023\" \/>\n<meta property=\"article:published_time\" content=\"2024-02-01T11:12:48+00:00\" \/>\n<meta property=\"article:modified_time\" content=\"2024-02-03T13:49:20+00:00\" \/>\n<meta property=\"og:image\" content=\"https:\/\/www.smedemokrati.sk\/wp-content\/uploads\/2024\/02\/medved.jpg\" \/>\n\t<meta property=\"og:image:width\" content=\"1477\" \/>\n\t<meta property=\"og:image:height\" content=\"984\" \/>\n\t<meta property=\"og:image:type\" content=\"image\/jpeg\" \/>\n<meta name=\"author\" content=\"Tom\u00e1\u0161 Koppl\" \/>\n<meta name=\"twitter:card\" content=\"summary_large_image\" \/>\n<meta name=\"twitter:label1\" content=\"Szerz\u0151:\" \/>\n\t<meta name=\"twitter:data1\" content=\"Tom\u00e1\u0161 Koppl\" \/>\n\t<meta name=\"twitter:label2\" content=\"Becs\u00fclt olvas\u00e1si id\u0151\" \/>\n\t<meta name=\"twitter:data2\" content=\"3 perc\" \/>\n<script type=\"application\/ld+json\" class=\"yoast-schema-graph\">{\"@context\":\"https:\/\/schema.org\",\"@graph\":[{\"@type\":\"Article\",\"@id\":\"https:\/\/www.smedemokrati.sk\/z-temy-medveda-hnedeho-je-kvoli-tarabovi-a-huliakovi-groteska\/#article\",\"isPartOf\":{\"@id\":\"https:\/\/www.smedemokrati.sk\/z-temy-medveda-hnedeho-je-kvoli-tarabovi-a-huliakovi-groteska\/\"},\"author\":{\"name\":\"Tom\u00e1\u0161 Koppl\",\"@id\":\"https:\/\/www.smedemokrati.sk\/#\/schema\/person\/c60720f4b9955b3c1ed222ebd1fbbc7c\"},\"headline\":\"Z t\u00e9my medve\u010fa hned\u00e9ho je kv\u00f4li Tarabovi a Huliakovi groteska\",\"datePublished\":\"2024-02-01T11:12:48+00:00\",\"dateModified\":\"2024-02-03T13:49:20+00:00\",\"mainEntityOfPage\":{\"@id\":\"https:\/\/www.smedemokrati.sk\/z-temy-medveda-hnedeho-je-kvoli-tarabovi-a-huliakovi-groteska\/\"},\"wordCount\":652,\"publisher\":{\"@id\":\"https:\/\/www.smedemokrati.sk\/#organization\"},\"image\":{\"@id\":\"https:\/\/www.smedemokrati.sk\/z-temy-medveda-hnedeho-je-kvoli-tarabovi-a-huliakovi-groteska\/#primaryimage\"},\"thumbnailUrl\":\"https:\/\/www.smedemokrati.sk\/wp-content\/uploads\/2024\/02\/medved.jpg\",\"articleSection\":[\"Tla\u010dov\u00e9 spr\u00e1vy\"],\"inLanguage\":\"hu-HU\"},{\"@type\":\"WebPage\",\"@id\":\"https:\/\/www.smedemokrati.sk\/z-temy-medveda-hnedeho-je-kvoli-tarabovi-a-huliakovi-groteska\/\",\"url\":\"https:\/\/www.smedemokrati.sk\/z-temy-medveda-hnedeho-je-kvoli-tarabovi-a-huliakovi-groteska\/\",\"name\":\"Z t\u00e9my medve\u010fa hned\u00e9ho je kv\u00f4li Tarabovi a Huliakovi groteska - Smedemokrati.sk\",\"isPartOf\":{\"@id\":\"https:\/\/www.smedemokrati.sk\/#website\"},\"primaryImageOfPage\":{\"@id\":\"https:\/\/www.smedemokrati.sk\/z-temy-medveda-hnedeho-je-kvoli-tarabovi-a-huliakovi-groteska\/#primaryimage\"},\"image\":{\"@id\":\"https:\/\/www.smedemokrati.sk\/z-temy-medveda-hnedeho-je-kvoli-tarabovi-a-huliakovi-groteska\/#primaryimage\"},\"thumbnailUrl\":\"https:\/\/www.smedemokrati.sk\/wp-content\/uploads\/2024\/02\/medved.jpg\",\"datePublished\":\"2024-02-01T11:12:48+00:00\",\"dateModified\":\"2024-02-03T13:49:20+00:00\",\"breadcrumb\":{\"@id\":\"https:\/\/www.smedemokrati.sk\/z-temy-medveda-hnedeho-je-kvoli-tarabovi-a-huliakovi-groteska\/#breadcrumb\"},\"inLanguage\":\"hu-HU\",\"potentialAction\":[{\"@type\":\"ReadAction\",\"target\":[\"https:\/\/www.smedemokrati.sk\/z-temy-medveda-hnedeho-je-kvoli-tarabovi-a-huliakovi-groteska\/\"]}]},{\"@type\":\"ImageObject\",\"inLanguage\":\"hu-HU\",\"@id\":\"https:\/\/www.smedemokrati.sk\/z-temy-medveda-hnedeho-je-kvoli-tarabovi-a-huliakovi-groteska\/#primaryimage\",\"url\":\"https:\/\/www.smedemokrati.sk\/wp-content\/uploads\/2024\/02\/medved.jpg\",\"contentUrl\":\"https:\/\/www.smedemokrati.sk\/wp-content\/uploads\/2024\/02\/medved.jpg\",\"width\":1477,\"height\":984},{\"@type\":\"BreadcrumbList\",\"@id\":\"https:\/\/www.smedemokrati.sk\/z-temy-medveda-hnedeho-je-kvoli-tarabovi-a-huliakovi-groteska\/#breadcrumb\",\"itemListElement\":[{\"@type\":\"ListItem\",\"position\":1,\"name\":\"Domovsk\u00e1 str\u00e1nka\",\"item\":\"https:\/\/www.smedemokrati.sk\/\"},{\"@type\":\"ListItem\",\"position\":2,\"name\":\"Z t\u00e9my medve\u010fa hned\u00e9ho je kv\u00f4li Tarabovi a Huliakovi groteska\"}]},{\"@type\":\"WebSite\",\"@id\":\"https:\/\/www.smedemokrati.sk\/#website\",\"url\":\"https:\/\/www.smedemokrati.sk\/\",\"name\":\"Smedemokrati.sk\",\"description\":\"Demokracia a slu\u0161nos\u0165 zv\u00ed\u0165az\u00ed\",\"publisher\":{\"@id\":\"https:\/\/www.smedemokrati.sk\/#organization\"},\"potentialAction\":[{\"@type\":\"SearchAction\",\"target\":{\"@type\":\"EntryPoint\",\"urlTemplate\":\"https:\/\/www.smedemokrati.sk\/?s={search_term_string}\"},\"query-input\":{\"@type\":\"PropertyValueSpecification\",\"valueRequired\":true,\"valueName\":\"search_term_string\"}}],\"inLanguage\":\"hu-HU\"},{\"@type\":\"Organization\",\"@id\":\"https:\/\/www.smedemokrati.sk\/#organization\",\"name\":\"Smedemokrati.sk\",\"url\":\"https:\/\/www.smedemokrati.sk\/\",\"logo\":{\"@type\":\"ImageObject\",\"inLanguage\":\"hu-HU\",\"@id\":\"https:\/\/www.smedemokrati.sk\/#\/schema\/logo\/image\/\",\"url\":\"https:\/\/www.smedemokrati.sk\/wp-content\/uploads\/2023\/04\/ff.002.jpeg\",\"contentUrl\":\"https:\/\/www.smedemokrati.sk\/wp-content\/uploads\/2023\/04\/ff.002.jpeg\",\"width\":640,\"height\":480,\"caption\":\"Smedemokrati.sk\"},\"image\":{\"@id\":\"https:\/\/www.smedemokrati.sk\/#\/schema\/logo\/image\/\"},\"sameAs\":[\"https:\/\/www.facebook.com\/smedemokrati2023\"]},{\"@type\":\"Person\",\"@id\":\"https:\/\/www.smedemokrati.sk\/#\/schema\/person\/c60720f4b9955b3c1ed222ebd1fbbc7c\",\"name\":\"Tom\u00e1\u0161 Koppl\",\"image\":{\"@type\":\"ImageObject\",\"inLanguage\":\"hu-HU\",\"@id\":\"https:\/\/secure.gravatar.com\/avatar\/8dfa38373c5e39821baf74c8e867a6f12e12c6dab6559aa999d10703b0b1c4ce?s=96&d=mm&r=g\",\"url\":\"https:\/\/secure.gravatar.com\/avatar\/8dfa38373c5e39821baf74c8e867a6f12e12c6dab6559aa999d10703b0b1c4ce?s=96&d=mm&r=g\",\"contentUrl\":\"https:\/\/secure.gravatar.com\/avatar\/8dfa38373c5e39821baf74c8e867a6f12e12c6dab6559aa999d10703b0b1c4ce?s=96&d=mm&r=g\",\"caption\":\"Tom\u00e1\u0161 Koppl\"},\"url\":\"https:\/\/www.smedemokrati.sk\/hu\/author\/tomaskoppl\/\"}]}<\/script>\n<!-- \/ Yoast SEO plugin. -->","yoast_head_json":{"title":"Z t\u00e9my medve\u010fa hned\u00e9ho je kv\u00f4li Tarabovi a Huliakovi groteska - Smedemokrati.sk","robots":{"index":"index","follow":"follow","max-snippet":"max-snippet:-1","max-image-preview":"max-image-preview:large","max-video-preview":"max-video-preview:-1"},"canonical":"https:\/\/www.smedemokrati.sk\/hu\/z-temy-medveda-hnedeho-je-kvoli-tarabovi-a-huliakovi-groteska\/","og_locale":"hu_HU","og_type":"article","og_title":"Z t\u00e9my medve\u010fa hned\u00e9ho je kv\u00f4li Tarabovi a Huliakovi groteska - Smedemokrati.sk","og_description":"Ministerstvo \u017eivotn\u00e9ho prostredia pod veden\u00edm Tom\u00e1\u0161a Tarabu nielen\u017ee nerozumie problematike medve\u010fa hned\u00e9ho, ale aj preuk\u00e1zate\u013ene mana\u017e\u00e9rsky zlyh\u00e1va, \u010do potvrdzuje doslova amat\u00e9rsky materi\u00e1l schv\u00e1len\u00fd vl\u00e1dou SR.&nbsp; \u201eT\u00e9ma medve\u010fa a \u0161\u00edrenie strachu z neho bola k\u013e\u00fa\u010dovou predvolebnou t\u00e9mou pre Rudolfa Huliaka, Filipa Kuffu a aj Tom\u00e1\u0161a Tarabu. Dnes, po 100 d\u0148och od ich ustanovenia do funkci\u00ed, sa [&hellip;]","og_url":"https:\/\/www.smedemokrati.sk\/hu\/z-temy-medveda-hnedeho-je-kvoli-tarabovi-a-huliakovi-groteska\/","og_site_name":"Smedemokrati.sk","article_publisher":"https:\/\/www.facebook.com\/smedemokrati2023","article_published_time":"2024-02-01T11:12:48+00:00","article_modified_time":"2024-02-03T13:49:20+00:00","og_image":[{"width":1477,"height":984,"url":"https:\/\/www.smedemokrati.sk\/wp-content\/uploads\/2024\/02\/medved.jpg","type":"image\/jpeg"}],"author":"Tom\u00e1\u0161 Koppl","twitter_card":"summary_large_image","twitter_misc":{"Szerz\u0151:":"Tom\u00e1\u0161 Koppl","Becs\u00fclt olvas\u00e1si id\u0151":"3 perc"},"schema":{"@context":"https:\/\/schema.org","@graph":[{"@type":"Article","@id":"https:\/\/www.smedemokrati.sk\/z-temy-medveda-hnedeho-je-kvoli-tarabovi-a-huliakovi-groteska\/#article","isPartOf":{"@id":"https:\/\/www.smedemokrati.sk\/z-temy-medveda-hnedeho-je-kvoli-tarabovi-a-huliakovi-groteska\/"},"author":{"name":"Tom\u00e1\u0161 Koppl","@id":"https:\/\/www.smedemokrati.sk\/#\/schema\/person\/c60720f4b9955b3c1ed222ebd1fbbc7c"},"headline":"Z t\u00e9my medve\u010fa hned\u00e9ho je kv\u00f4li Tarabovi a Huliakovi groteska","datePublished":"2024-02-01T11:12:48+00:00","dateModified":"2024-02-03T13:49:20+00:00","mainEntityOfPage":{"@id":"https:\/\/www.smedemokrati.sk\/z-temy-medveda-hnedeho-je-kvoli-tarabovi-a-huliakovi-groteska\/"},"wordCount":652,"publisher":{"@id":"https:\/\/www.smedemokrati.sk\/#organization"},"image":{"@id":"https:\/\/www.smedemokrati.sk\/z-temy-medveda-hnedeho-je-kvoli-tarabovi-a-huliakovi-groteska\/#primaryimage"},"thumbnailUrl":"https:\/\/www.smedemokrati.sk\/wp-content\/uploads\/2024\/02\/medved.jpg","articleSection":["Tla\u010dov\u00e9 spr\u00e1vy"],"inLanguage":"hu-HU"},{"@type":"WebPage","@id":"https:\/\/www.smedemokrati.sk\/z-temy-medveda-hnedeho-je-kvoli-tarabovi-a-huliakovi-groteska\/","url":"https:\/\/www.smedemokrati.sk\/z-temy-medveda-hnedeho-je-kvoli-tarabovi-a-huliakovi-groteska\/","name":"Z t\u00e9my medve\u010fa hned\u00e9ho je kv\u00f4li Tarabovi a Huliakovi groteska - Smedemokrati.sk","isPartOf":{"@id":"https:\/\/www.smedemokrati.sk\/#website"},"primaryImageOfPage":{"@id":"https:\/\/www.smedemokrati.sk\/z-temy-medveda-hnedeho-je-kvoli-tarabovi-a-huliakovi-groteska\/#primaryimage"},"image":{"@id":"https:\/\/www.smedemokrati.sk\/z-temy-medveda-hnedeho-je-kvoli-tarabovi-a-huliakovi-groteska\/#primaryimage"},"thumbnailUrl":"https:\/\/www.smedemokrati.sk\/wp-content\/uploads\/2024\/02\/medved.jpg","datePublished":"2024-02-01T11:12:48+00:00","dateModified":"2024-02-03T13:49:20+00:00","breadcrumb":{"@id":"https:\/\/www.smedemokrati.sk\/z-temy-medveda-hnedeho-je-kvoli-tarabovi-a-huliakovi-groteska\/#breadcrumb"},"inLanguage":"hu-HU","potentialAction":[{"@type":"ReadAction","target":["https:\/\/www.smedemokrati.sk\/z-temy-medveda-hnedeho-je-kvoli-tarabovi-a-huliakovi-groteska\/"]}]},{"@type":"ImageObject","inLanguage":"hu-HU","@id":"https:\/\/www.smedemokrati.sk\/z-temy-medveda-hnedeho-je-kvoli-tarabovi-a-huliakovi-groteska\/#primaryimage","url":"https:\/\/www.smedemokrati.sk\/wp-content\/uploads\/2024\/02\/medved.jpg","contentUrl":"https:\/\/www.smedemokrati.sk\/wp-content\/uploads\/2024\/02\/medved.jpg","width":1477,"height":984},{"@type":"BreadcrumbList","@id":"https:\/\/www.smedemokrati.sk\/z-temy-medveda-hnedeho-je-kvoli-tarabovi-a-huliakovi-groteska\/#breadcrumb","itemListElement":[{"@type":"ListItem","position":1,"name":"Domovsk\u00e1 str\u00e1nka","item":"https:\/\/www.smedemokrati.sk\/"},{"@type":"ListItem","position":2,"name":"Z t\u00e9my medve\u010fa hned\u00e9ho je kv\u00f4li Tarabovi a Huliakovi groteska"}]},{"@type":"WebSite","@id":"https:\/\/www.smedemokrati.sk\/#website","url":"https:\/\/www.smedemokrati.sk\/","name":"Smedemokrati.sk","description":"Demokracia a slu\u0161nos\u0165 zv\u00ed\u0165az\u00ed","publisher":{"@id":"https:\/\/www.smedemokrati.sk\/#organization"},"potentialAction":[{"@type":"SearchAction","target":{"@type":"EntryPoint","urlTemplate":"https:\/\/www.smedemokrati.sk\/?s={search_term_string}"},"query-input":{"@type":"PropertyValueSpecification","valueRequired":true,"valueName":"search_term_string"}}],"inLanguage":"hu-HU"},{"@type":"Organization","@id":"https:\/\/www.smedemokrati.sk\/#organization","name":"Smedemokrati.sk","url":"https:\/\/www.smedemokrati.sk\/","logo":{"@type":"ImageObject","inLanguage":"hu-HU","@id":"https:\/\/www.smedemokrati.sk\/#\/schema\/logo\/image\/","url":"https:\/\/www.smedemokrati.sk\/wp-content\/uploads\/2023\/04\/ff.002.jpeg","contentUrl":"https:\/\/www.smedemokrati.sk\/wp-content\/uploads\/2023\/04\/ff.002.jpeg","width":640,"height":480,"caption":"Smedemokrati.sk"},"image":{"@id":"https:\/\/www.smedemokrati.sk\/#\/schema\/logo\/image\/"},"sameAs":["https:\/\/www.facebook.com\/smedemokrati2023"]},{"@type":"Person","@id":"https:\/\/www.smedemokrati.sk\/#\/schema\/person\/c60720f4b9955b3c1ed222ebd1fbbc7c","name":"Tom\u00e1\u0161 Koppl","image":{"@type":"ImageObject","inLanguage":"hu-HU","@id":"https:\/\/secure.gravatar.com\/avatar\/8dfa38373c5e39821baf74c8e867a6f12e12c6dab6559aa999d10703b0b1c4ce?s=96&d=mm&r=g","url":"https:\/\/secure.gravatar.com\/avatar\/8dfa38373c5e39821baf74c8e867a6f12e12c6dab6559aa999d10703b0b1c4ce?s=96&d=mm&r=g","contentUrl":"https:\/\/secure.gravatar.com\/avatar\/8dfa38373c5e39821baf74c8e867a6f12e12c6dab6559aa999d10703b0b1c4ce?s=96&d=mm&r=g","caption":"Tom\u00e1\u0161 Koppl"},"url":"https:\/\/www.smedemokrati.sk\/hu\/author\/tomaskoppl\/"}]}},"_links":{"self":[{"href":"https:\/\/www.smedemokrati.sk\/hu\/wp-json\/wp\/v2\/posts\/2588","targetHints":{"allow":["GET"]}}],"collection":[{"href":"https:\/\/www.smedemokrati.sk\/hu\/wp-json\/wp\/v2\/posts"}],"about":[{"href":"https:\/\/www.smedemokrati.sk\/hu\/wp-json\/wp\/v2\/types\/post"}],"author":[{"embeddable":true,"href":"https:\/\/www.smedemokrati.sk\/hu\/wp-json\/wp\/v2\/users\/7"}],"replies":[{"embeddable":true,"href":"https:\/\/www.smedemokrati.sk\/hu\/wp-json\/wp\/v2\/comments?post=2588"}],"version-history":[{"count":1,"href":"https:\/\/www.smedemokrati.sk\/hu\/wp-json\/wp\/v2\/posts\/2588\/revisions"}],"predecessor-version":[{"id":2590,"href":"https:\/\/www.smedemokrati.sk\/hu\/wp-json\/wp\/v2\/posts\/2588\/revisions\/2590"}],"wp:featuredmedia":[{"embeddable":true,"href":"https:\/\/www.smedemokrati.sk\/hu\/wp-json\/wp\/v2\/media\/2589"}],"wp:attachment":[{"href":"https:\/\/www.smedemokrati.sk\/hu\/wp-json\/wp\/v2\/media?parent=2588"}],"wp:term":[{"taxonomy":"category","embeddable":true,"href":"https:\/\/www.smedemokrati.sk\/hu\/wp-json\/wp\/v2\/categories?post=2588"},{"taxonomy":"post_tag","embeddable":true,"href":"https:\/\/www.smedemokrati.sk\/hu\/wp-json\/wp\/v2\/tags?post=2588"}],"curies":[{"name":"wp","href":"https:\/\/api.w.org\/{rel}","templated":true}]}}