{"id":2534,"date":"2024-01-19T11:18:43","date_gmt":"2024-01-19T09:18:43","guid":{"rendered":"https:\/\/www.smedemokrati.sk\/?p=2534"},"modified":"2024-01-23T20:10:43","modified_gmt":"2024-01-23T18:10:43","slug":"na-naka-a-urade-inspekcnej-sluzby-pokracuje-zastrasovanie","status":"publish","type":"post","link":"https:\/\/www.smedemokrati.sk\/hu\/na-naka-a-urade-inspekcnej-sluzby-pokracuje-zastrasovanie\/","title":{"rendered":"Na NAKA a \u00darade in\u0161pek\u010dnej slu\u017eby pokra\u010duje zastra\u0161ovanie"},"content":{"rendered":"<div id=\"fb-root\"><\/div>\n\n<p><strong>Na NAKA a \u00daIS (\u00darad in\u0161pek\u010dnej slu\u017eby) pokra\u010duje snaha \u010do najviac diskreditova\u0165 vy\u0161etrovate\u013eov \u010eurku, \u010curillu a spol. a zastra\u0161ova\u0165 v\u0161etk\u00fdch, ktor\u00ed \u010do i len pre\u0161li okolo vy\u0161etrovania z\u00e1va\u017en\u00fdch k\u00e1uz s cie\u013eom n\u00e1js\u0165 z\u00e1mienku, ako sa definit\u00edvne zbavi\u0165 elitn\u00fdch vy\u0161etrovate\u013eov.<\/strong><\/p>\n\n\n\n<p><em>\u201eNajnov\u0161ie vedenie NAKA a \u00daIS posiela na \u201edetektor l\u017ei\u201c vy\u0161etrovate\u013eov, ktor\u00ed pri\u0161li do styku s \u010curillom a spol. Ot\u00e1zka je jednoduch\u00e1, tla\u010dil na v\u00e1s napr\u00edklad p\u00e1n \u010curilla alebo p\u00e1n \u010eurka? Sna\u017eil sa V\u00e1s ovplyvni\u0165? Vy\u0161etrovatelia odpovedali jednoducho &#8211; Nie, nesna\u017eili. Ich pravdovravnos\u0165 potvrdil \u201cdetektor\u201d l\u017ei,\u201c<\/em> povedal Juraj \u0160eliga, podpredseda strany Demokrati<\/p>\n\n\n\n<p><strong><em>\u201eK\u00fdm r\u00e1dov\u00ed vy\u0161etrovatelia musia chodi\u0165 na detektor l\u017ei, ako na klav\u00edr, vedenie pol\u00edcie ml\u010d\u00ed o tom, \u010di na detektore u\u017e kone\u010dne bol p\u00e1n Zurian (nov\u00fd riadite\u013e \u00daradu in\u0161pek\u010dnej slu\u017eby, ktor\u00fd sa skr\u00fdval v Bielorusku) alebo p\u00e1ni Tk\u00e1\u010dik a \u0160allai, ktor\u00ed mali pr\u00edstup k n\u00e1vrhu na za\u010datie trestn\u00e9ho st\u00edhania vo veci 363 Kanderu a uniklo to cez \u0160utaja E\u0161toka, resp. Miga\u013ea do m\u00e9di\u00ed pred p\u00e1r d\u0148ami. Oni nemusia by\u0165 preveren\u00ed? Alebo sta\u010d\u00ed, \u017ee E\u0161tok povie netreba, tak netreba?!,\u201d<\/em><\/strong> p\u00fdta sa Juraj \u0160eliga, expert strany na oblas\u0165 pr\u00e1va a spravodlivos\u0165.<\/p>\n\n\n\n<p><em>\u201eZd\u00e1 sa, \u017ee niektor\u00ed nominatni \u0160utaja E\u0161toka nerobia to, \u010do by robi\u0165 mali, ale miesto toho h\u013eadaj\u00fa \u0161pinu na politick\u00fa objedn\u00e1vku.\u00a0<strong>\u0160ikanuj\u00fa, zastra\u0161uj\u00fa s cie\u013eom diskreditova\u0165, demoralizova\u0165 a prin\u00fati\u0165 od\u00eds\u0165 do civilu<\/strong>. Tu je teda verejn\u00e1 ot\u00e1zka pre riadite\u013ea NAKA a policajn\u00e9ho prezidenta,\u00a0pre\u010do\u00a0sa sna\u017e\u00edte h\u013eada\u0165 \u0161pinu na vy\u0161etrovate\u013eov NAKA, ktor\u00ed vy\u0161etrovali z\u00e1va\u017en\u00fa trestn\u00fa \u010dinnos\u0165? Pre\u010do doteraz nebol p\u00e1n Zurian a p\u00e1n Tk\u00e1\u010dik a p\u00e1n \u0160allai na detektore l\u017ei?,\u201c<\/em> opakovane sa p\u00fdta Juraj \u0160eliga, podpredseda strany Demokrati.\u00a0<\/p>\n","protected":false},"excerpt":{"rendered":"<p>Na NAKA a \u00daIS (\u00darad in\u0161pek\u010dnej slu\u017eby) pokra\u010duje snaha \u010do najviac diskreditova\u0165 vy\u0161etrovate\u013eov \u010eurku, \u010curillu a spol. a zastra\u0161ova\u0165 v\u0161etk\u00fdch, ktor\u00ed \u010do i len pre\u0161li okolo vy\u0161etrovania z\u00e1va\u017en\u00fdch k\u00e1uz s cie\u013eom n\u00e1js\u0165 z\u00e1mienku, ako sa definit\u00edvne zbavi\u0165 elitn\u00fdch vy\u0161etrovate\u013eov. \u201eNajnov\u0161ie vedenie NAKA a \u00daIS posiela na \u201edetektor l\u017ei\u201c vy\u0161etrovate\u013eov, ktor\u00ed pri\u0161li do styku s \u010curillom [&hellip;]<\/p>\n","protected":false},"author":7,"featured_media":2535,"comment_status":"closed","ping_status":"closed","sticky":false,"template":"","format":"standard","meta":{"_acf_changed":false,"ngg_post_thumbnail":0,"footnotes":""},"categories":[4],"tags":[],"class_list":["post-2534","post","type-post","status-publish","format-standard","has-post-thumbnail","hentry","category-tlacove-spravy"],"acf":[],"yoast_head":"<!-- This site is optimized with the Yoast SEO plugin v27.2 - https:\/\/yoast.com\/product\/yoast-seo-wordpress\/ -->\n<title>Na NAKA a \u00darade in\u0161pek\u010dnej slu\u017eby pokra\u010duje zastra\u0161ovanie - Smedemokrati.sk<\/title>\n<meta name=\"robots\" content=\"index, follow, max-snippet:-1, max-image-preview:large, max-video-preview:-1\" \/>\n<link rel=\"canonical\" href=\"https:\/\/www.smedemokrati.sk\/hu\/na-naka-a-urade-inspekcnej-sluzby-pokracuje-zastrasovanie\/\" \/>\n<meta property=\"og:locale\" content=\"hu_HU\" \/>\n<meta property=\"og:locale:alternate\" content=\"en_US\" \/>\n<meta property=\"og:locale:alternate\" content=\"cs_CZ\" \/>\n<meta property=\"og:locale:alternate\" content=\"sk_SK\" \/>\n<meta property=\"og:locale:alternate\" content=\"sv_SE\" \/>\n<meta property=\"og:type\" content=\"article\" \/>\n<meta property=\"og:title\" content=\"Na NAKA a \u00darade in\u0161pek\u010dnej slu\u017eby pokra\u010duje zastra\u0161ovanie - Smedemokrati.sk\" \/>\n<meta property=\"og:description\" content=\"Na NAKA a \u00daIS (\u00darad in\u0161pek\u010dnej slu\u017eby) pokra\u010duje snaha \u010do najviac diskreditova\u0165 vy\u0161etrovate\u013eov \u010eurku, \u010curillu a spol. a zastra\u0161ova\u0165 v\u0161etk\u00fdch, ktor\u00ed \u010do i len pre\u0161li okolo vy\u0161etrovania z\u00e1va\u017en\u00fdch k\u00e1uz s cie\u013eom n\u00e1js\u0165 z\u00e1mienku, ako sa definit\u00edvne zbavi\u0165 elitn\u00fdch vy\u0161etrovate\u013eov. \u201eNajnov\u0161ie vedenie NAKA a \u00daIS posiela na \u201edetektor l\u017ei\u201c vy\u0161etrovate\u013eov, ktor\u00ed pri\u0161li do styku s \u010curillom [&hellip;]\" \/>\n<meta property=\"og:url\" content=\"https:\/\/www.smedemokrati.sk\/hu\/na-naka-a-urade-inspekcnej-sluzby-pokracuje-zastrasovanie\/\" \/>\n<meta property=\"og:site_name\" content=\"Smedemokrati.sk\" \/>\n<meta property=\"article:publisher\" content=\"https:\/\/www.facebook.com\/smedemokrati2023\" \/>\n<meta property=\"article:published_time\" content=\"2024-01-19T09:18:43+00:00\" \/>\n<meta property=\"article:modified_time\" content=\"2024-01-23T18:10:43+00:00\" \/>\n<meta property=\"og:image\" content=\"https:\/\/www.smedemokrati.sk\/wp-content\/uploads\/2024\/01\/417380087_866287571960610_7386015243223049987_n.jpg\" \/>\n\t<meta property=\"og:image:width\" content=\"1920\" \/>\n\t<meta property=\"og:image:height\" content=\"1281\" \/>\n\t<meta property=\"og:image:type\" content=\"image\/jpeg\" \/>\n<meta name=\"author\" content=\"Tom\u00e1\u0161 Koppl\" \/>\n<meta name=\"twitter:card\" content=\"summary_large_image\" \/>\n<meta name=\"twitter:label1\" content=\"Szerz\u0151:\" \/>\n\t<meta name=\"twitter:data1\" content=\"Tom\u00e1\u0161 Koppl\" \/>\n\t<meta name=\"twitter:label2\" content=\"Becs\u00fclt olvas\u00e1si id\u0151\" \/>\n\t<meta name=\"twitter:data2\" content=\"2 perc\" \/>\n<script type=\"application\/ld+json\" class=\"yoast-schema-graph\">{\"@context\":\"https:\/\/schema.org\",\"@graph\":[{\"@type\":\"Article\",\"@id\":\"https:\/\/www.smedemokrati.sk\/na-naka-a-urade-inspekcnej-sluzby-pokracuje-zastrasovanie\/#article\",\"isPartOf\":{\"@id\":\"https:\/\/www.smedemokrati.sk\/na-naka-a-urade-inspekcnej-sluzby-pokracuje-zastrasovanie\/\"},\"author\":{\"name\":\"Tom\u00e1\u0161 Koppl\",\"@id\":\"https:\/\/www.smedemokrati.sk\/#\/schema\/person\/c60720f4b9955b3c1ed222ebd1fbbc7c\"},\"headline\":\"Na NAKA a \u00darade in\u0161pek\u010dnej slu\u017eby pokra\u010duje zastra\u0161ovanie\",\"datePublished\":\"2024-01-19T09:18:43+00:00\",\"dateModified\":\"2024-01-23T18:10:43+00:00\",\"mainEntityOfPage\":{\"@id\":\"https:\/\/www.smedemokrati.sk\/na-naka-a-urade-inspekcnej-sluzby-pokracuje-zastrasovanie\/\"},\"wordCount\":358,\"publisher\":{\"@id\":\"https:\/\/www.smedemokrati.sk\/#organization\"},\"image\":{\"@id\":\"https:\/\/www.smedemokrati.sk\/na-naka-a-urade-inspekcnej-sluzby-pokracuje-zastrasovanie\/#primaryimage\"},\"thumbnailUrl\":\"https:\/\/www.smedemokrati.sk\/wp-content\/uploads\/2024\/01\/417380087_866287571960610_7386015243223049987_n.jpg\",\"articleSection\":[\"Tla\u010dov\u00e9 spr\u00e1vy\"],\"inLanguage\":\"hu-HU\"},{\"@type\":\"WebPage\",\"@id\":\"https:\/\/www.smedemokrati.sk\/na-naka-a-urade-inspekcnej-sluzby-pokracuje-zastrasovanie\/\",\"url\":\"https:\/\/www.smedemokrati.sk\/na-naka-a-urade-inspekcnej-sluzby-pokracuje-zastrasovanie\/\",\"name\":\"Na NAKA a \u00darade in\u0161pek\u010dnej slu\u017eby pokra\u010duje zastra\u0161ovanie - Smedemokrati.sk\",\"isPartOf\":{\"@id\":\"https:\/\/www.smedemokrati.sk\/#website\"},\"primaryImageOfPage\":{\"@id\":\"https:\/\/www.smedemokrati.sk\/na-naka-a-urade-inspekcnej-sluzby-pokracuje-zastrasovanie\/#primaryimage\"},\"image\":{\"@id\":\"https:\/\/www.smedemokrati.sk\/na-naka-a-urade-inspekcnej-sluzby-pokracuje-zastrasovanie\/#primaryimage\"},\"thumbnailUrl\":\"https:\/\/www.smedemokrati.sk\/wp-content\/uploads\/2024\/01\/417380087_866287571960610_7386015243223049987_n.jpg\",\"datePublished\":\"2024-01-19T09:18:43+00:00\",\"dateModified\":\"2024-01-23T18:10:43+00:00\",\"breadcrumb\":{\"@id\":\"https:\/\/www.smedemokrati.sk\/na-naka-a-urade-inspekcnej-sluzby-pokracuje-zastrasovanie\/#breadcrumb\"},\"inLanguage\":\"hu-HU\",\"potentialAction\":[{\"@type\":\"ReadAction\",\"target\":[\"https:\/\/www.smedemokrati.sk\/na-naka-a-urade-inspekcnej-sluzby-pokracuje-zastrasovanie\/\"]}]},{\"@type\":\"ImageObject\",\"inLanguage\":\"hu-HU\",\"@id\":\"https:\/\/www.smedemokrati.sk\/na-naka-a-urade-inspekcnej-sluzby-pokracuje-zastrasovanie\/#primaryimage\",\"url\":\"https:\/\/www.smedemokrati.sk\/wp-content\/uploads\/2024\/01\/417380087_866287571960610_7386015243223049987_n.jpg\",\"contentUrl\":\"https:\/\/www.smedemokrati.sk\/wp-content\/uploads\/2024\/01\/417380087_866287571960610_7386015243223049987_n.jpg\",\"width\":1920,\"height\":1281},{\"@type\":\"BreadcrumbList\",\"@id\":\"https:\/\/www.smedemokrati.sk\/na-naka-a-urade-inspekcnej-sluzby-pokracuje-zastrasovanie\/#breadcrumb\",\"itemListElement\":[{\"@type\":\"ListItem\",\"position\":1,\"name\":\"Domovsk\u00e1 str\u00e1nka\",\"item\":\"https:\/\/www.smedemokrati.sk\/\"},{\"@type\":\"ListItem\",\"position\":2,\"name\":\"Na NAKA a \u00darade in\u0161pek\u010dnej slu\u017eby pokra\u010duje zastra\u0161ovanie\"}]},{\"@type\":\"WebSite\",\"@id\":\"https:\/\/www.smedemokrati.sk\/#website\",\"url\":\"https:\/\/www.smedemokrati.sk\/\",\"name\":\"Smedemokrati.sk\",\"description\":\"Demokracia a slu\u0161nos\u0165 zv\u00ed\u0165az\u00ed\",\"publisher\":{\"@id\":\"https:\/\/www.smedemokrati.sk\/#organization\"},\"potentialAction\":[{\"@type\":\"SearchAction\",\"target\":{\"@type\":\"EntryPoint\",\"urlTemplate\":\"https:\/\/www.smedemokrati.sk\/?s={search_term_string}\"},\"query-input\":{\"@type\":\"PropertyValueSpecification\",\"valueRequired\":true,\"valueName\":\"search_term_string\"}}],\"inLanguage\":\"hu-HU\"},{\"@type\":\"Organization\",\"@id\":\"https:\/\/www.smedemokrati.sk\/#organization\",\"name\":\"Smedemokrati.sk\",\"url\":\"https:\/\/www.smedemokrati.sk\/\",\"logo\":{\"@type\":\"ImageObject\",\"inLanguage\":\"hu-HU\",\"@id\":\"https:\/\/www.smedemokrati.sk\/#\/schema\/logo\/image\/\",\"url\":\"https:\/\/www.smedemokrati.sk\/wp-content\/uploads\/2023\/04\/ff.002.jpeg\",\"contentUrl\":\"https:\/\/www.smedemokrati.sk\/wp-content\/uploads\/2023\/04\/ff.002.jpeg\",\"width\":640,\"height\":480,\"caption\":\"Smedemokrati.sk\"},\"image\":{\"@id\":\"https:\/\/www.smedemokrati.sk\/#\/schema\/logo\/image\/\"},\"sameAs\":[\"https:\/\/www.facebook.com\/smedemokrati2023\"]},{\"@type\":\"Person\",\"@id\":\"https:\/\/www.smedemokrati.sk\/#\/schema\/person\/c60720f4b9955b3c1ed222ebd1fbbc7c\",\"name\":\"Tom\u00e1\u0161 Koppl\",\"image\":{\"@type\":\"ImageObject\",\"inLanguage\":\"hu-HU\",\"@id\":\"https:\/\/secure.gravatar.com\/avatar\/8dfa38373c5e39821baf74c8e867a6f12e12c6dab6559aa999d10703b0b1c4ce?s=96&d=mm&r=g\",\"url\":\"https:\/\/secure.gravatar.com\/avatar\/8dfa38373c5e39821baf74c8e867a6f12e12c6dab6559aa999d10703b0b1c4ce?s=96&d=mm&r=g\",\"contentUrl\":\"https:\/\/secure.gravatar.com\/avatar\/8dfa38373c5e39821baf74c8e867a6f12e12c6dab6559aa999d10703b0b1c4ce?s=96&d=mm&r=g\",\"caption\":\"Tom\u00e1\u0161 Koppl\"},\"url\":\"https:\/\/www.smedemokrati.sk\/hu\/author\/tomaskoppl\/\"}]}<\/script>\n<!-- \/ Yoast SEO plugin. -->","yoast_head_json":{"title":"Na NAKA a \u00darade in\u0161pek\u010dnej slu\u017eby pokra\u010duje zastra\u0161ovanie - Smedemokrati.sk","robots":{"index":"index","follow":"follow","max-snippet":"max-snippet:-1","max-image-preview":"max-image-preview:large","max-video-preview":"max-video-preview:-1"},"canonical":"https:\/\/www.smedemokrati.sk\/hu\/na-naka-a-urade-inspekcnej-sluzby-pokracuje-zastrasovanie\/","og_locale":"hu_HU","og_type":"article","og_title":"Na NAKA a \u00darade in\u0161pek\u010dnej slu\u017eby pokra\u010duje zastra\u0161ovanie - Smedemokrati.sk","og_description":"Na NAKA a \u00daIS (\u00darad in\u0161pek\u010dnej slu\u017eby) pokra\u010duje snaha \u010do najviac diskreditova\u0165 vy\u0161etrovate\u013eov \u010eurku, \u010curillu a spol. a zastra\u0161ova\u0165 v\u0161etk\u00fdch, ktor\u00ed \u010do i len pre\u0161li okolo vy\u0161etrovania z\u00e1va\u017en\u00fdch k\u00e1uz s cie\u013eom n\u00e1js\u0165 z\u00e1mienku, ako sa definit\u00edvne zbavi\u0165 elitn\u00fdch vy\u0161etrovate\u013eov. \u201eNajnov\u0161ie vedenie NAKA a \u00daIS posiela na \u201edetektor l\u017ei\u201c vy\u0161etrovate\u013eov, ktor\u00ed pri\u0161li do styku s \u010curillom [&hellip;]","og_url":"https:\/\/www.smedemokrati.sk\/hu\/na-naka-a-urade-inspekcnej-sluzby-pokracuje-zastrasovanie\/","og_site_name":"Smedemokrati.sk","article_publisher":"https:\/\/www.facebook.com\/smedemokrati2023","article_published_time":"2024-01-19T09:18:43+00:00","article_modified_time":"2024-01-23T18:10:43+00:00","og_image":[{"width":1920,"height":1281,"url":"https:\/\/www.smedemokrati.sk\/wp-content\/uploads\/2024\/01\/417380087_866287571960610_7386015243223049987_n.jpg","type":"image\/jpeg"}],"author":"Tom\u00e1\u0161 Koppl","twitter_card":"summary_large_image","twitter_misc":{"Szerz\u0151:":"Tom\u00e1\u0161 Koppl","Becs\u00fclt olvas\u00e1si id\u0151":"2 perc"},"schema":{"@context":"https:\/\/schema.org","@graph":[{"@type":"Article","@id":"https:\/\/www.smedemokrati.sk\/na-naka-a-urade-inspekcnej-sluzby-pokracuje-zastrasovanie\/#article","isPartOf":{"@id":"https:\/\/www.smedemokrati.sk\/na-naka-a-urade-inspekcnej-sluzby-pokracuje-zastrasovanie\/"},"author":{"name":"Tom\u00e1\u0161 Koppl","@id":"https:\/\/www.smedemokrati.sk\/#\/schema\/person\/c60720f4b9955b3c1ed222ebd1fbbc7c"},"headline":"Na NAKA a \u00darade in\u0161pek\u010dnej slu\u017eby pokra\u010duje zastra\u0161ovanie","datePublished":"2024-01-19T09:18:43+00:00","dateModified":"2024-01-23T18:10:43+00:00","mainEntityOfPage":{"@id":"https:\/\/www.smedemokrati.sk\/na-naka-a-urade-inspekcnej-sluzby-pokracuje-zastrasovanie\/"},"wordCount":358,"publisher":{"@id":"https:\/\/www.smedemokrati.sk\/#organization"},"image":{"@id":"https:\/\/www.smedemokrati.sk\/na-naka-a-urade-inspekcnej-sluzby-pokracuje-zastrasovanie\/#primaryimage"},"thumbnailUrl":"https:\/\/www.smedemokrati.sk\/wp-content\/uploads\/2024\/01\/417380087_866287571960610_7386015243223049987_n.jpg","articleSection":["Tla\u010dov\u00e9 spr\u00e1vy"],"inLanguage":"hu-HU"},{"@type":"WebPage","@id":"https:\/\/www.smedemokrati.sk\/na-naka-a-urade-inspekcnej-sluzby-pokracuje-zastrasovanie\/","url":"https:\/\/www.smedemokrati.sk\/na-naka-a-urade-inspekcnej-sluzby-pokracuje-zastrasovanie\/","name":"Na NAKA a \u00darade in\u0161pek\u010dnej slu\u017eby pokra\u010duje zastra\u0161ovanie - Smedemokrati.sk","isPartOf":{"@id":"https:\/\/www.smedemokrati.sk\/#website"},"primaryImageOfPage":{"@id":"https:\/\/www.smedemokrati.sk\/na-naka-a-urade-inspekcnej-sluzby-pokracuje-zastrasovanie\/#primaryimage"},"image":{"@id":"https:\/\/www.smedemokrati.sk\/na-naka-a-urade-inspekcnej-sluzby-pokracuje-zastrasovanie\/#primaryimage"},"thumbnailUrl":"https:\/\/www.smedemokrati.sk\/wp-content\/uploads\/2024\/01\/417380087_866287571960610_7386015243223049987_n.jpg","datePublished":"2024-01-19T09:18:43+00:00","dateModified":"2024-01-23T18:10:43+00:00","breadcrumb":{"@id":"https:\/\/www.smedemokrati.sk\/na-naka-a-urade-inspekcnej-sluzby-pokracuje-zastrasovanie\/#breadcrumb"},"inLanguage":"hu-HU","potentialAction":[{"@type":"ReadAction","target":["https:\/\/www.smedemokrati.sk\/na-naka-a-urade-inspekcnej-sluzby-pokracuje-zastrasovanie\/"]}]},{"@type":"ImageObject","inLanguage":"hu-HU","@id":"https:\/\/www.smedemokrati.sk\/na-naka-a-urade-inspekcnej-sluzby-pokracuje-zastrasovanie\/#primaryimage","url":"https:\/\/www.smedemokrati.sk\/wp-content\/uploads\/2024\/01\/417380087_866287571960610_7386015243223049987_n.jpg","contentUrl":"https:\/\/www.smedemokrati.sk\/wp-content\/uploads\/2024\/01\/417380087_866287571960610_7386015243223049987_n.jpg","width":1920,"height":1281},{"@type":"BreadcrumbList","@id":"https:\/\/www.smedemokrati.sk\/na-naka-a-urade-inspekcnej-sluzby-pokracuje-zastrasovanie\/#breadcrumb","itemListElement":[{"@type":"ListItem","position":1,"name":"Domovsk\u00e1 str\u00e1nka","item":"https:\/\/www.smedemokrati.sk\/"},{"@type":"ListItem","position":2,"name":"Na NAKA a \u00darade in\u0161pek\u010dnej slu\u017eby pokra\u010duje zastra\u0161ovanie"}]},{"@type":"WebSite","@id":"https:\/\/www.smedemokrati.sk\/#website","url":"https:\/\/www.smedemokrati.sk\/","name":"Smedemokrati.sk","description":"Demokracia a slu\u0161nos\u0165 zv\u00ed\u0165az\u00ed","publisher":{"@id":"https:\/\/www.smedemokrati.sk\/#organization"},"potentialAction":[{"@type":"SearchAction","target":{"@type":"EntryPoint","urlTemplate":"https:\/\/www.smedemokrati.sk\/?s={search_term_string}"},"query-input":{"@type":"PropertyValueSpecification","valueRequired":true,"valueName":"search_term_string"}}],"inLanguage":"hu-HU"},{"@type":"Organization","@id":"https:\/\/www.smedemokrati.sk\/#organization","name":"Smedemokrati.sk","url":"https:\/\/www.smedemokrati.sk\/","logo":{"@type":"ImageObject","inLanguage":"hu-HU","@id":"https:\/\/www.smedemokrati.sk\/#\/schema\/logo\/image\/","url":"https:\/\/www.smedemokrati.sk\/wp-content\/uploads\/2023\/04\/ff.002.jpeg","contentUrl":"https:\/\/www.smedemokrati.sk\/wp-content\/uploads\/2023\/04\/ff.002.jpeg","width":640,"height":480,"caption":"Smedemokrati.sk"},"image":{"@id":"https:\/\/www.smedemokrati.sk\/#\/schema\/logo\/image\/"},"sameAs":["https:\/\/www.facebook.com\/smedemokrati2023"]},{"@type":"Person","@id":"https:\/\/www.smedemokrati.sk\/#\/schema\/person\/c60720f4b9955b3c1ed222ebd1fbbc7c","name":"Tom\u00e1\u0161 Koppl","image":{"@type":"ImageObject","inLanguage":"hu-HU","@id":"https:\/\/secure.gravatar.com\/avatar\/8dfa38373c5e39821baf74c8e867a6f12e12c6dab6559aa999d10703b0b1c4ce?s=96&d=mm&r=g","url":"https:\/\/secure.gravatar.com\/avatar\/8dfa38373c5e39821baf74c8e867a6f12e12c6dab6559aa999d10703b0b1c4ce?s=96&d=mm&r=g","contentUrl":"https:\/\/secure.gravatar.com\/avatar\/8dfa38373c5e39821baf74c8e867a6f12e12c6dab6559aa999d10703b0b1c4ce?s=96&d=mm&r=g","caption":"Tom\u00e1\u0161 Koppl"},"url":"https:\/\/www.smedemokrati.sk\/hu\/author\/tomaskoppl\/"}]}},"_links":{"self":[{"href":"https:\/\/www.smedemokrati.sk\/hu\/wp-json\/wp\/v2\/posts\/2534","targetHints":{"allow":["GET"]}}],"collection":[{"href":"https:\/\/www.smedemokrati.sk\/hu\/wp-json\/wp\/v2\/posts"}],"about":[{"href":"https:\/\/www.smedemokrati.sk\/hu\/wp-json\/wp\/v2\/types\/post"}],"author":[{"embeddable":true,"href":"https:\/\/www.smedemokrati.sk\/hu\/wp-json\/wp\/v2\/users\/7"}],"replies":[{"embeddable":true,"href":"https:\/\/www.smedemokrati.sk\/hu\/wp-json\/wp\/v2\/comments?post=2534"}],"version-history":[{"count":1,"href":"https:\/\/www.smedemokrati.sk\/hu\/wp-json\/wp\/v2\/posts\/2534\/revisions"}],"predecessor-version":[{"id":2536,"href":"https:\/\/www.smedemokrati.sk\/hu\/wp-json\/wp\/v2\/posts\/2534\/revisions\/2536"}],"wp:featuredmedia":[{"embeddable":true,"href":"https:\/\/www.smedemokrati.sk\/hu\/wp-json\/wp\/v2\/media\/2535"}],"wp:attachment":[{"href":"https:\/\/www.smedemokrati.sk\/hu\/wp-json\/wp\/v2\/media?parent=2534"}],"wp:term":[{"taxonomy":"category","embeddable":true,"href":"https:\/\/www.smedemokrati.sk\/hu\/wp-json\/wp\/v2\/categories?post=2534"},{"taxonomy":"post_tag","embeddable":true,"href":"https:\/\/www.smedemokrati.sk\/hu\/wp-json\/wp\/v2\/tags?post=2534"}],"curies":[{"name":"wp","href":"https:\/\/api.w.org\/{rel}","templated":true}]}}