{"id":2528,"date":"2024-01-17T17:47:14","date_gmt":"2024-01-17T15:47:14","guid":{"rendered":"https:\/\/www.smedemokrati.sk\/?p=2528"},"modified":"2024-01-17T17:47:14","modified_gmt":"2024-01-17T15:47:14","slug":"unik-zo-spisu-smeruje-k-sutaj-estokovi","status":"publish","type":"post","link":"https:\/\/www.smedemokrati.sk\/hu\/unik-zo-spisu-smeruje-k-sutaj-estokovi\/","title":{"rendered":"\u00danik zo spisu smeruje k \u0160utaj E\u0161tokovi\u00a0"},"content":{"rendered":"<div id=\"fb-root\"><\/div>\n\n<p><strong>Pod\u013ea inform\u00e1ci\u00ed experta na pr\u00e1vo a spravodlivos\u0165 a podpredsedu strany Demokrati Juraja \u0160eligu sa realiza\u010dn\u00fd n\u00e1vrh, ktor\u00fd zverejnil poslanec Samuel Miga\u013e (Hlas) na\u0161iel v\u010dera (16. janu\u00e1r 2024) v trezore riadite\u013ea NAKA Bratislava. Demokrati prizvukuj\u00fa, \u017ee pr\u00edstup do trezoru mali iba dve osoby, a to exriadite\u013e a aktu\u00e1lny riadite\u013e NAKA Bratislava &#8211; \u0160alaj a Tk\u00e1\u010dik. V oboch pr\u00edpadoch ide o nov\u00fdch nominantov ministra \u0160utaja E\u0161toka.\u00a0<\/strong><\/p>\n\n\n\n<p>Z\u00e1stupcovia strany sa preto p\u00fdtaj\u00fa, \u010di fotografia uverejnen\u00e9ho realiza\u010dn\u00e9ho n\u00e1vrhu nevznikla na pokyn ministra \u0160utaja E\u0161toka, za cie\u013eom diskredit\u00e1cie vy\u0161etrovate\u013eov NAKA, ktor\u00fdch nez\u00e1konne postavil mimo slu\u017eby.<em>\u201cEvidentne poslanec Miga\u013e chcel vyvola\u0165 dojem, \u017ee vy\u0161etrovania s\u00fa manipulovan\u00e9, \u017ee Kandera a \u017dilinka nemaj\u00fa by\u0165 vy\u0161etrovan\u00ed a \u017ee toto je \u010fal\u0161\u00ed d\u00f4vod na zru\u0161enie NAKA a \u00daradu \u0161peci\u00e1lnej prokurat\u00fary. Opakovane sa preto p\u00fdtame, \u010do s t\u00fdmto \u00fanikom m\u00e1 \u0160utaj E\u0161tok, ke\u010f\u017ee inform\u00e1cie zverej\u0148oval jeho stran\u00edcky kolega.\u201d<\/em>&nbsp;Povedal \u0160eliga a z\u00e1rove\u0148 vyzval policajn\u00e9ho prezidenta, aby poslal menovan\u00fdch policajtov na detektor l\u017ei za \u00fa\u010delom preverenia \u00faniku zo spisu, ke\u010f\u017ee dokument sa nach\u00e1dzal v trezore, ku ktor\u00e9mu mali pr\u00edstup iba oni dvaja.<\/p>\n\n\n\n<p><em>\u201c\u017dia\u013e prich\u00e1dzame do situ\u00e1cie, \u017ee \u010das\u0165 pol\u00edcie sl\u00fa\u017ei politikom a na politick\u00fa objedn\u00e1vku. V pr\u00edpade vy\u0161etrovania Kanderu a \u017dilinku je to snaha spomali\u0165 vy\u0161etrovanie z podozrenia zo zneu\u017eit\u00ed pr\u00e1vomoci verejn\u00e9ho \u010dinite\u013ea pri aplik\u00e1cii \u00a7 363. V\u0161etci si dobre pam\u00e4t\u00e1me, ako Kandera na \u017dilinkov pokyn zastavil trestn\u00e9 st\u00edhanie cez \u00a7 363 Trestn\u00e9ho poriadku, a to bez toho, aby bolo vznesen\u00e9 obvinenie osobe.\u201d<\/em>&nbsp;Povedal \u0160eliga a na\u010drtol, \u017ee pod\u013ea jeho n\u00e1zoru i\u0161lo o evidentn\u00e9 poru\u0161enie z\u00e1kona, \u010do kon\u0161tatoval aj \u00dastavn\u00fd s\u00fad, pri\u010dom pr\u00e1ve v tejto veci podali Demokrati aj trestn\u00e9 ozn\u00e1menie. Toto poru\u0161enie bolo pod\u013ea Demokratov o to flagrantnej\u0161ie, \u017ee mesiac predt\u00fdm Kandera odmietol vyhovie\u0165 podnetu pod\u013ea \u00a7 363, ke\u010f\u017ee vo veci nebola obvinen\u00e1 osoba.&nbsp;<\/p>\n\n\n\n<p><em>\u201cKroky, ktor\u00e9 rob\u00ed minister vn\u00fatra \u0160utaj E\u0161tok smeruj\u00fa k tomu, aby absol\u00fatne ovl\u00e1dol pol\u00edciu, znechutil a odstavil vy\u0161etrovate\u013eov a prokur\u00e1torov. Je to pokus o mafianiz\u00e1ciu Slovenska. Nesmieme ml\u010da\u0165.\u201d<\/em>\u00a0Povedal k t\u00e9me predseda strany Jaroslav Na\u010f a upozornil, \u017ee nebezpe\u010dn\u00e9 kroky vl\u00e1dy Roberta Fica s cie\u013eom \u00fa\u010delovo zmeni\u0165 trestn\u00fd z\u00e1kon ostro kritizuje a odsudzuje rezol\u00facia Eur\u00f3pskeho parlamentu a \u010fal\u0161ie relevantn\u00e9 in\u0161tit\u00facie na Slovensku a v zahrani\u010d\u00ed.<\/p>\n","protected":false},"excerpt":{"rendered":"<p>Pod\u013ea inform\u00e1ci\u00ed experta na pr\u00e1vo a spravodlivos\u0165 a podpredsedu strany Demokrati Juraja \u0160eligu sa realiza\u010dn\u00fd n\u00e1vrh, ktor\u00fd zverejnil poslanec Samuel Miga\u013e (Hlas) na\u0161iel v\u010dera (16. janu\u00e1r 2024) v trezore riadite\u013ea NAKA Bratislava. Demokrati prizvukuj\u00fa, \u017ee pr\u00edstup do trezoru mali iba dve osoby, a to exriadite\u013e a aktu\u00e1lny riadite\u013e NAKA Bratislava &#8211; \u0160alaj a Tk\u00e1\u010dik. V [&hellip;]<\/p>\n","protected":false},"author":7,"featured_media":2529,"comment_status":"closed","ping_status":"closed","sticky":false,"template":"","format":"standard","meta":{"_acf_changed":false,"ngg_post_thumbnail":0,"footnotes":""},"categories":[4],"tags":[],"class_list":["post-2528","post","type-post","status-publish","format-standard","has-post-thumbnail","hentry","category-tlacove-spravy"],"acf":[],"yoast_head":"<!-- This site is optimized with the Yoast SEO plugin v27.2 - https:\/\/yoast.com\/product\/yoast-seo-wordpress\/ -->\n<title>\u00danik zo spisu smeruje k \u0160utaj E\u0161tokovi\u00a0 - Smedemokrati.sk<\/title>\n<meta name=\"robots\" content=\"index, follow, max-snippet:-1, max-image-preview:large, max-video-preview:-1\" \/>\n<link rel=\"canonical\" href=\"https:\/\/www.smedemokrati.sk\/hu\/unik-zo-spisu-smeruje-k-sutaj-estokovi\/\" \/>\n<meta property=\"og:locale\" content=\"hu_HU\" \/>\n<meta property=\"og:locale:alternate\" content=\"en_US\" \/>\n<meta property=\"og:locale:alternate\" content=\"cs_CZ\" \/>\n<meta property=\"og:locale:alternate\" content=\"sk_SK\" \/>\n<meta property=\"og:locale:alternate\" content=\"sv_SE\" \/>\n<meta property=\"og:type\" content=\"article\" \/>\n<meta property=\"og:title\" content=\"\u00danik zo spisu smeruje k \u0160utaj E\u0161tokovi\u00a0 - Smedemokrati.sk\" \/>\n<meta property=\"og:description\" content=\"Pod\u013ea inform\u00e1ci\u00ed experta na pr\u00e1vo a spravodlivos\u0165 a podpredsedu strany Demokrati Juraja \u0160eligu sa realiza\u010dn\u00fd n\u00e1vrh, ktor\u00fd zverejnil poslanec Samuel Miga\u013e (Hlas) na\u0161iel v\u010dera (16. janu\u00e1r 2024) v trezore riadite\u013ea NAKA Bratislava. Demokrati prizvukuj\u00fa, \u017ee pr\u00edstup do trezoru mali iba dve osoby, a to exriadite\u013e a aktu\u00e1lny riadite\u013e NAKA Bratislava &#8211; \u0160alaj a Tk\u00e1\u010dik. V [&hellip;]\" \/>\n<meta property=\"og:url\" content=\"https:\/\/www.smedemokrati.sk\/hu\/unik-zo-spisu-smeruje-k-sutaj-estokovi\/\" \/>\n<meta property=\"og:site_name\" content=\"Smedemokrati.sk\" \/>\n<meta property=\"article:publisher\" content=\"https:\/\/www.facebook.com\/smedemokrati2023\" \/>\n<meta property=\"article:published_time\" content=\"2024-01-17T15:47:14+00:00\" \/>\n<meta property=\"og:image\" content=\"https:\/\/www.smedemokrati.sk\/wp-content\/uploads\/2024\/01\/juro.jpg\" \/>\n\t<meta property=\"og:image:width\" content=\"2168\" \/>\n\t<meta property=\"og:image:height\" content=\"1302\" \/>\n\t<meta property=\"og:image:type\" content=\"image\/jpeg\" \/>\n<meta name=\"author\" content=\"Tom\u00e1\u0161 Koppl\" \/>\n<meta name=\"twitter:card\" content=\"summary_large_image\" \/>\n<meta name=\"twitter:label1\" content=\"Szerz\u0151:\" \/>\n\t<meta name=\"twitter:data1\" content=\"Tom\u00e1\u0161 Koppl\" \/>\n\t<meta name=\"twitter:label2\" content=\"Becs\u00fclt olvas\u00e1si id\u0151\" \/>\n\t<meta name=\"twitter:data2\" content=\"2 perc\" \/>\n<script type=\"application\/ld+json\" class=\"yoast-schema-graph\">{\"@context\":\"https:\/\/schema.org\",\"@graph\":[{\"@type\":\"Article\",\"@id\":\"https:\/\/www.smedemokrati.sk\/unik-zo-spisu-smeruje-k-sutaj-estokovi\/#article\",\"isPartOf\":{\"@id\":\"https:\/\/www.smedemokrati.sk\/unik-zo-spisu-smeruje-k-sutaj-estokovi\/\"},\"author\":{\"name\":\"Tom\u00e1\u0161 Koppl\",\"@id\":\"https:\/\/www.smedemokrati.sk\/#\/schema\/person\/c60720f4b9955b3c1ed222ebd1fbbc7c\"},\"headline\":\"\u00danik zo spisu smeruje k \u0160utaj E\u0161tokovi\u00a0\",\"datePublished\":\"2024-01-17T15:47:14+00:00\",\"mainEntityOfPage\":{\"@id\":\"https:\/\/www.smedemokrati.sk\/unik-zo-spisu-smeruje-k-sutaj-estokovi\/\"},\"wordCount\":456,\"publisher\":{\"@id\":\"https:\/\/www.smedemokrati.sk\/#organization\"},\"image\":{\"@id\":\"https:\/\/www.smedemokrati.sk\/unik-zo-spisu-smeruje-k-sutaj-estokovi\/#primaryimage\"},\"thumbnailUrl\":\"https:\/\/www.smedemokrati.sk\/wp-content\/uploads\/2024\/01\/juro.jpg\",\"articleSection\":[\"Tla\u010dov\u00e9 spr\u00e1vy\"],\"inLanguage\":\"hu-HU\"},{\"@type\":\"WebPage\",\"@id\":\"https:\/\/www.smedemokrati.sk\/unik-zo-spisu-smeruje-k-sutaj-estokovi\/\",\"url\":\"https:\/\/www.smedemokrati.sk\/unik-zo-spisu-smeruje-k-sutaj-estokovi\/\",\"name\":\"\u00danik zo spisu smeruje k \u0160utaj E\u0161tokovi\u00a0 - Smedemokrati.sk\",\"isPartOf\":{\"@id\":\"https:\/\/www.smedemokrati.sk\/#website\"},\"primaryImageOfPage\":{\"@id\":\"https:\/\/www.smedemokrati.sk\/unik-zo-spisu-smeruje-k-sutaj-estokovi\/#primaryimage\"},\"image\":{\"@id\":\"https:\/\/www.smedemokrati.sk\/unik-zo-spisu-smeruje-k-sutaj-estokovi\/#primaryimage\"},\"thumbnailUrl\":\"https:\/\/www.smedemokrati.sk\/wp-content\/uploads\/2024\/01\/juro.jpg\",\"datePublished\":\"2024-01-17T15:47:14+00:00\",\"breadcrumb\":{\"@id\":\"https:\/\/www.smedemokrati.sk\/unik-zo-spisu-smeruje-k-sutaj-estokovi\/#breadcrumb\"},\"inLanguage\":\"hu-HU\",\"potentialAction\":[{\"@type\":\"ReadAction\",\"target\":[\"https:\/\/www.smedemokrati.sk\/unik-zo-spisu-smeruje-k-sutaj-estokovi\/\"]}]},{\"@type\":\"ImageObject\",\"inLanguage\":\"hu-HU\",\"@id\":\"https:\/\/www.smedemokrati.sk\/unik-zo-spisu-smeruje-k-sutaj-estokovi\/#primaryimage\",\"url\":\"https:\/\/www.smedemokrati.sk\/wp-content\/uploads\/2024\/01\/juro.jpg\",\"contentUrl\":\"https:\/\/www.smedemokrati.sk\/wp-content\/uploads\/2024\/01\/juro.jpg\",\"width\":2168,\"height\":1302},{\"@type\":\"BreadcrumbList\",\"@id\":\"https:\/\/www.smedemokrati.sk\/unik-zo-spisu-smeruje-k-sutaj-estokovi\/#breadcrumb\",\"itemListElement\":[{\"@type\":\"ListItem\",\"position\":1,\"name\":\"Domovsk\u00e1 str\u00e1nka\",\"item\":\"https:\/\/www.smedemokrati.sk\/\"},{\"@type\":\"ListItem\",\"position\":2,\"name\":\"\u00danik zo spisu smeruje k \u0160utaj E\u0161tokovi\u00a0\"}]},{\"@type\":\"WebSite\",\"@id\":\"https:\/\/www.smedemokrati.sk\/#website\",\"url\":\"https:\/\/www.smedemokrati.sk\/\",\"name\":\"Smedemokrati.sk\",\"description\":\"Demokracia a slu\u0161nos\u0165 zv\u00ed\u0165az\u00ed\",\"publisher\":{\"@id\":\"https:\/\/www.smedemokrati.sk\/#organization\"},\"potentialAction\":[{\"@type\":\"SearchAction\",\"target\":{\"@type\":\"EntryPoint\",\"urlTemplate\":\"https:\/\/www.smedemokrati.sk\/?s={search_term_string}\"},\"query-input\":{\"@type\":\"PropertyValueSpecification\",\"valueRequired\":true,\"valueName\":\"search_term_string\"}}],\"inLanguage\":\"hu-HU\"},{\"@type\":\"Organization\",\"@id\":\"https:\/\/www.smedemokrati.sk\/#organization\",\"name\":\"Smedemokrati.sk\",\"url\":\"https:\/\/www.smedemokrati.sk\/\",\"logo\":{\"@type\":\"ImageObject\",\"inLanguage\":\"hu-HU\",\"@id\":\"https:\/\/www.smedemokrati.sk\/#\/schema\/logo\/image\/\",\"url\":\"https:\/\/www.smedemokrati.sk\/wp-content\/uploads\/2023\/04\/ff.002.jpeg\",\"contentUrl\":\"https:\/\/www.smedemokrati.sk\/wp-content\/uploads\/2023\/04\/ff.002.jpeg\",\"width\":640,\"height\":480,\"caption\":\"Smedemokrati.sk\"},\"image\":{\"@id\":\"https:\/\/www.smedemokrati.sk\/#\/schema\/logo\/image\/\"},\"sameAs\":[\"https:\/\/www.facebook.com\/smedemokrati2023\"]},{\"@type\":\"Person\",\"@id\":\"https:\/\/www.smedemokrati.sk\/#\/schema\/person\/c60720f4b9955b3c1ed222ebd1fbbc7c\",\"name\":\"Tom\u00e1\u0161 Koppl\",\"image\":{\"@type\":\"ImageObject\",\"inLanguage\":\"hu-HU\",\"@id\":\"https:\/\/secure.gravatar.com\/avatar\/8dfa38373c5e39821baf74c8e867a6f12e12c6dab6559aa999d10703b0b1c4ce?s=96&d=mm&r=g\",\"url\":\"https:\/\/secure.gravatar.com\/avatar\/8dfa38373c5e39821baf74c8e867a6f12e12c6dab6559aa999d10703b0b1c4ce?s=96&d=mm&r=g\",\"contentUrl\":\"https:\/\/secure.gravatar.com\/avatar\/8dfa38373c5e39821baf74c8e867a6f12e12c6dab6559aa999d10703b0b1c4ce?s=96&d=mm&r=g\",\"caption\":\"Tom\u00e1\u0161 Koppl\"},\"url\":\"https:\/\/www.smedemokrati.sk\/hu\/author\/tomaskoppl\/\"}]}<\/script>\n<!-- \/ Yoast SEO plugin. -->","yoast_head_json":{"title":"\u00danik zo spisu smeruje k \u0160utaj E\u0161tokovi\u00a0 - Smedemokrati.sk","robots":{"index":"index","follow":"follow","max-snippet":"max-snippet:-1","max-image-preview":"max-image-preview:large","max-video-preview":"max-video-preview:-1"},"canonical":"https:\/\/www.smedemokrati.sk\/hu\/unik-zo-spisu-smeruje-k-sutaj-estokovi\/","og_locale":"hu_HU","og_type":"article","og_title":"\u00danik zo spisu smeruje k \u0160utaj E\u0161tokovi\u00a0 - Smedemokrati.sk","og_description":"Pod\u013ea inform\u00e1ci\u00ed experta na pr\u00e1vo a spravodlivos\u0165 a podpredsedu strany Demokrati Juraja \u0160eligu sa realiza\u010dn\u00fd n\u00e1vrh, ktor\u00fd zverejnil poslanec Samuel Miga\u013e (Hlas) na\u0161iel v\u010dera (16. janu\u00e1r 2024) v trezore riadite\u013ea NAKA Bratislava. Demokrati prizvukuj\u00fa, \u017ee pr\u00edstup do trezoru mali iba dve osoby, a to exriadite\u013e a aktu\u00e1lny riadite\u013e NAKA Bratislava &#8211; \u0160alaj a Tk\u00e1\u010dik. V [&hellip;]","og_url":"https:\/\/www.smedemokrati.sk\/hu\/unik-zo-spisu-smeruje-k-sutaj-estokovi\/","og_site_name":"Smedemokrati.sk","article_publisher":"https:\/\/www.facebook.com\/smedemokrati2023","article_published_time":"2024-01-17T15:47:14+00:00","og_image":[{"width":2168,"height":1302,"url":"https:\/\/www.smedemokrati.sk\/wp-content\/uploads\/2024\/01\/juro.jpg","type":"image\/jpeg"}],"author":"Tom\u00e1\u0161 Koppl","twitter_card":"summary_large_image","twitter_misc":{"Szerz\u0151:":"Tom\u00e1\u0161 Koppl","Becs\u00fclt olvas\u00e1si id\u0151":"2 perc"},"schema":{"@context":"https:\/\/schema.org","@graph":[{"@type":"Article","@id":"https:\/\/www.smedemokrati.sk\/unik-zo-spisu-smeruje-k-sutaj-estokovi\/#article","isPartOf":{"@id":"https:\/\/www.smedemokrati.sk\/unik-zo-spisu-smeruje-k-sutaj-estokovi\/"},"author":{"name":"Tom\u00e1\u0161 Koppl","@id":"https:\/\/www.smedemokrati.sk\/#\/schema\/person\/c60720f4b9955b3c1ed222ebd1fbbc7c"},"headline":"\u00danik zo spisu smeruje k \u0160utaj E\u0161tokovi\u00a0","datePublished":"2024-01-17T15:47:14+00:00","mainEntityOfPage":{"@id":"https:\/\/www.smedemokrati.sk\/unik-zo-spisu-smeruje-k-sutaj-estokovi\/"},"wordCount":456,"publisher":{"@id":"https:\/\/www.smedemokrati.sk\/#organization"},"image":{"@id":"https:\/\/www.smedemokrati.sk\/unik-zo-spisu-smeruje-k-sutaj-estokovi\/#primaryimage"},"thumbnailUrl":"https:\/\/www.smedemokrati.sk\/wp-content\/uploads\/2024\/01\/juro.jpg","articleSection":["Tla\u010dov\u00e9 spr\u00e1vy"],"inLanguage":"hu-HU"},{"@type":"WebPage","@id":"https:\/\/www.smedemokrati.sk\/unik-zo-spisu-smeruje-k-sutaj-estokovi\/","url":"https:\/\/www.smedemokrati.sk\/unik-zo-spisu-smeruje-k-sutaj-estokovi\/","name":"\u00danik zo spisu smeruje k \u0160utaj E\u0161tokovi\u00a0 - Smedemokrati.sk","isPartOf":{"@id":"https:\/\/www.smedemokrati.sk\/#website"},"primaryImageOfPage":{"@id":"https:\/\/www.smedemokrati.sk\/unik-zo-spisu-smeruje-k-sutaj-estokovi\/#primaryimage"},"image":{"@id":"https:\/\/www.smedemokrati.sk\/unik-zo-spisu-smeruje-k-sutaj-estokovi\/#primaryimage"},"thumbnailUrl":"https:\/\/www.smedemokrati.sk\/wp-content\/uploads\/2024\/01\/juro.jpg","datePublished":"2024-01-17T15:47:14+00:00","breadcrumb":{"@id":"https:\/\/www.smedemokrati.sk\/unik-zo-spisu-smeruje-k-sutaj-estokovi\/#breadcrumb"},"inLanguage":"hu-HU","potentialAction":[{"@type":"ReadAction","target":["https:\/\/www.smedemokrati.sk\/unik-zo-spisu-smeruje-k-sutaj-estokovi\/"]}]},{"@type":"ImageObject","inLanguage":"hu-HU","@id":"https:\/\/www.smedemokrati.sk\/unik-zo-spisu-smeruje-k-sutaj-estokovi\/#primaryimage","url":"https:\/\/www.smedemokrati.sk\/wp-content\/uploads\/2024\/01\/juro.jpg","contentUrl":"https:\/\/www.smedemokrati.sk\/wp-content\/uploads\/2024\/01\/juro.jpg","width":2168,"height":1302},{"@type":"BreadcrumbList","@id":"https:\/\/www.smedemokrati.sk\/unik-zo-spisu-smeruje-k-sutaj-estokovi\/#breadcrumb","itemListElement":[{"@type":"ListItem","position":1,"name":"Domovsk\u00e1 str\u00e1nka","item":"https:\/\/www.smedemokrati.sk\/"},{"@type":"ListItem","position":2,"name":"\u00danik zo spisu smeruje k \u0160utaj E\u0161tokovi\u00a0"}]},{"@type":"WebSite","@id":"https:\/\/www.smedemokrati.sk\/#website","url":"https:\/\/www.smedemokrati.sk\/","name":"Smedemokrati.sk","description":"Demokracia a slu\u0161nos\u0165 zv\u00ed\u0165az\u00ed","publisher":{"@id":"https:\/\/www.smedemokrati.sk\/#organization"},"potentialAction":[{"@type":"SearchAction","target":{"@type":"EntryPoint","urlTemplate":"https:\/\/www.smedemokrati.sk\/?s={search_term_string}"},"query-input":{"@type":"PropertyValueSpecification","valueRequired":true,"valueName":"search_term_string"}}],"inLanguage":"hu-HU"},{"@type":"Organization","@id":"https:\/\/www.smedemokrati.sk\/#organization","name":"Smedemokrati.sk","url":"https:\/\/www.smedemokrati.sk\/","logo":{"@type":"ImageObject","inLanguage":"hu-HU","@id":"https:\/\/www.smedemokrati.sk\/#\/schema\/logo\/image\/","url":"https:\/\/www.smedemokrati.sk\/wp-content\/uploads\/2023\/04\/ff.002.jpeg","contentUrl":"https:\/\/www.smedemokrati.sk\/wp-content\/uploads\/2023\/04\/ff.002.jpeg","width":640,"height":480,"caption":"Smedemokrati.sk"},"image":{"@id":"https:\/\/www.smedemokrati.sk\/#\/schema\/logo\/image\/"},"sameAs":["https:\/\/www.facebook.com\/smedemokrati2023"]},{"@type":"Person","@id":"https:\/\/www.smedemokrati.sk\/#\/schema\/person\/c60720f4b9955b3c1ed222ebd1fbbc7c","name":"Tom\u00e1\u0161 Koppl","image":{"@type":"ImageObject","inLanguage":"hu-HU","@id":"https:\/\/secure.gravatar.com\/avatar\/8dfa38373c5e39821baf74c8e867a6f12e12c6dab6559aa999d10703b0b1c4ce?s=96&d=mm&r=g","url":"https:\/\/secure.gravatar.com\/avatar\/8dfa38373c5e39821baf74c8e867a6f12e12c6dab6559aa999d10703b0b1c4ce?s=96&d=mm&r=g","contentUrl":"https:\/\/secure.gravatar.com\/avatar\/8dfa38373c5e39821baf74c8e867a6f12e12c6dab6559aa999d10703b0b1c4ce?s=96&d=mm&r=g","caption":"Tom\u00e1\u0161 Koppl"},"url":"https:\/\/www.smedemokrati.sk\/hu\/author\/tomaskoppl\/"}]}},"_links":{"self":[{"href":"https:\/\/www.smedemokrati.sk\/hu\/wp-json\/wp\/v2\/posts\/2528","targetHints":{"allow":["GET"]}}],"collection":[{"href":"https:\/\/www.smedemokrati.sk\/hu\/wp-json\/wp\/v2\/posts"}],"about":[{"href":"https:\/\/www.smedemokrati.sk\/hu\/wp-json\/wp\/v2\/types\/post"}],"author":[{"embeddable":true,"href":"https:\/\/www.smedemokrati.sk\/hu\/wp-json\/wp\/v2\/users\/7"}],"replies":[{"embeddable":true,"href":"https:\/\/www.smedemokrati.sk\/hu\/wp-json\/wp\/v2\/comments?post=2528"}],"version-history":[{"count":1,"href":"https:\/\/www.smedemokrati.sk\/hu\/wp-json\/wp\/v2\/posts\/2528\/revisions"}],"predecessor-version":[{"id":2530,"href":"https:\/\/www.smedemokrati.sk\/hu\/wp-json\/wp\/v2\/posts\/2528\/revisions\/2530"}],"wp:featuredmedia":[{"embeddable":true,"href":"https:\/\/www.smedemokrati.sk\/hu\/wp-json\/wp\/v2\/media\/2529"}],"wp:attachment":[{"href":"https:\/\/www.smedemokrati.sk\/hu\/wp-json\/wp\/v2\/media?parent=2528"}],"wp:term":[{"taxonomy":"category","embeddable":true,"href":"https:\/\/www.smedemokrati.sk\/hu\/wp-json\/wp\/v2\/categories?post=2528"},{"taxonomy":"post_tag","embeddable":true,"href":"https:\/\/www.smedemokrati.sk\/hu\/wp-json\/wp\/v2\/tags?post=2528"}],"curies":[{"name":"wp","href":"https:\/\/api.w.org\/{rel}","templated":true}]}}