{"id":2484,"date":"2024-01-09T17:10:53","date_gmt":"2024-01-09T15:10:53","guid":{"rendered":"https:\/\/www.smedemokrati.sk\/?p=2484"},"modified":"2024-01-09T17:10:55","modified_gmt":"2024-01-09T15:10:55","slug":"taraba-pripravuje-skrytu-privatizaciu-prirody-v-narodnych-parkoch","status":"publish","type":"post","link":"https:\/\/www.smedemokrati.sk\/hu\/taraba-pripravuje-skrytu-privatizaciu-prirody-v-narodnych-parkoch\/","title":{"rendered":"Taraba pripravuje skryt\u00fa privatiz\u00e1ciu pr\u00edrody v n\u00e1rodn\u00fdch parkoch"},"content":{"rendered":"<div id=\"fb-root\"><\/div>\n\n<p><strong>N\u00e1vrhy ministra Tarabu predstaven\u00e9 pri z\u00e1mere zon\u00e1cie Tatransk\u00e9ho n\u00e1rodn\u00e9ho parku predstavuj\u00fa smrtiaci koktejl pre bud\u00facnos\u0165 ochrany pr\u00edrody na Slovensku. Demokrati upozor\u0148uj\u00fa, \u017ee zmeny, ktor\u00e9 \u017eiada \u0161\u00e9f enviro rezortu, bud\u00fa ma\u0165 negat\u00edvny dopad na ochranu pr\u00edrody, preto\u017ee predpokladaj\u00fa enormn\u00e9 zv\u00fd\u0161enie cestovn\u00e9ho ruchu v chr\u00e1nen\u00fdch oblastiach a najm\u00e4 obrovsk\u00e9 zv\u00fd\u0161enie \u0165a\u017eby dreva.\u00a0<\/strong><\/p>\n\n\n\n<p><em>\u201eMinister \u017eivotn\u00e9ho prostredia Taraba navrhuje vy\u0148at n\u00e1rodn\u00e9 parky spod financovania z Environment\u00e1lneho fondu, \u010do im dnes garantuje finan\u010dn\u00fa nez\u00e1vislos\u0165. T\u00fdm ich finan\u010dne vykrv\u00e1ca. Taraba navrhuje, aby boli po novom n\u00e1rodn\u00e9 parky odk\u00e1zan\u00e9 len na vlastn\u00e9 pr\u00edjmy, \u010do bude znamena\u0165 bu\u010f extr\u00e9mne zv\u00fd\u0161enie \u0165a\u017eby dreva alebo nekontrolovan\u00e9 povo\u013eovanie z\u00e1merov developerov v cestovnom ruchu cez vyd\u00e1vanie koncesi\u00ed, ktor\u00e9 navrhuje,\u201c<\/em> hovor\u00ed Michal Ki\u010da a dod\u00e1va, \u017ee ak bud\u00fa n\u00e1rodn\u00e9 parky odrezan\u00e9 od verejn\u00fdch prostriedkov, bud\u00fa st\u00e1\u0165 pred dilemou, \u010di chr\u00e1ni\u0165 pr\u00edrodu alebo povoli\u0165 \u0165a\u017ebu dreva \u010di v\u00fdstavbu novej zjazdovky. To je pod\u013ea experta Demokratov neakceptovate\u013en\u00e9. Z\u00e1mery na vyd\u00e1vanie koncesi\u00ed bud\u00fa v\u00fdhodn\u00e9 len pre najv\u00e4\u010d\u0161\u00edch hr\u00e1\u010dov v cestovnom ruchu. Tak\u00e9to po\u017eiadavky sme minule zaregistrovali pr\u00e1ve od najv\u00fdznamnej\u0161\u00edch podnikate\u013eov v oblasti Vysok\u00fdch Tatier a bud\u00fa chr\u00e1ni\u0165 len ich podnikanie.\u00a0<\/p>\n\n\n\n<p>Pod\u013ea \u010dlena predsedn\u00edctva Demokratov bud\u00fa tieto n\u00e1vrhy uveden\u00e9 do \u017eivota za cenu negat\u00edvneho dopadu na \u017eivotn\u00e9 prostredie. Uvid\u00edme mas\u00edvnu \u0165a\u017ebu a v\u00fdstavbu lunaparkov v n\u00e1rodn\u00fdch parkoch.&nbsp;<\/p>\n\n\n\n<p>Pod\u013ea Ki\u010du neobstoja ani aurgumenty Tarabu o tom, \u017ee Slovensko nem\u00e1 dostatok prostriedkov na podporu slovensk\u00e9ho priemyslu, aby muselo financie zh\u00e1na\u0165 na \u00farovni n\u00e1rodn\u00fdch parkov. Je to falo\u0161n\u00e1 dilema. Ki\u010da hovor\u00ed, \u017ee z Pl\u00e1nu obnovy, pr\u00edjmov z emisn\u00fdch povoleniek, Moderniza\u010dn\u00e9ho fondu \u010di z Opera\u010dn\u00e9ho programu vie Slovensko \u010derpa\u0165 pre rozvoj slovensk\u00e9ho priemyslu v najbli\u017e\u0161\u00edch rokoch viac ako 5 mili\u00e1rd euro. Na 12 mil\u00f3nov pre n\u00e1rodn\u00e9 parky slovensk\u00fd priemysel nestoj\u00ed. Podpredseda Demokratov tie\u017e prizvukuje, \u017ee ochrana pr\u00edrody je verejn\u00fdm z\u00e1ujmom a tak, ako nikto neo\u010dak\u00e1va od \u0161k\u00f4l \u010di s\u00fadov, \u017ee vyrobia do \u0161t\u00e1tneho rozpo\u010dtu pr\u00edjem, nem\u00f4\u017eeme po\u017eadova\u0165 ani od n\u00e1rodn\u00fdch parkov, aby sa z nich stali \u201eesero\u010dky\u201c, ktor\u00e9 bud\u00fa nap\u013a\u0148a\u0165 \u0161t\u00e1tnu kasu.<\/p>\n\n\n\n<figure class=\"wp-block-video\"><video height=\"1080\" style=\"aspect-ratio: 1920 \/ 1080;\" width=\"1920\" controls src=\"https:\/\/www.smedemokrati.sk\/wp-content\/uploads\/2024\/01\/IMG_0106.mov\"><\/video><\/figure>\n","protected":false},"excerpt":{"rendered":"<p>N\u00e1vrhy ministra Tarabu predstaven\u00e9 pri z\u00e1mere zon\u00e1cie Tatransk\u00e9ho n\u00e1rodn\u00e9ho parku predstavuj\u00fa smrtiaci koktejl pre bud\u00facnos\u0165 ochrany pr\u00edrody na Slovensku. Demokrati upozor\u0148uj\u00fa, \u017ee zmeny, ktor\u00e9 \u017eiada \u0161\u00e9f enviro rezortu, bud\u00fa ma\u0165 negat\u00edvny dopad na ochranu pr\u00edrody, preto\u017ee predpokladaj\u00fa enormn\u00e9 zv\u00fd\u0161enie cestovn\u00e9ho ruchu v chr\u00e1nen\u00fdch oblastiach a najm\u00e4 obrovsk\u00e9 zv\u00fd\u0161enie \u0165a\u017eby dreva.\u00a0 \u201eMinister \u017eivotn\u00e9ho prostredia Taraba navrhuje [&hellip;]<\/p>\n","protected":false},"author":7,"featured_media":2486,"comment_status":"closed","ping_status":"closed","sticky":false,"template":"","format":"standard","meta":{"_acf_changed":false,"ngg_post_thumbnail":0,"footnotes":""},"categories":[4],"tags":[],"class_list":["post-2484","post","type-post","status-publish","format-standard","has-post-thumbnail","hentry","category-tlacove-spravy"],"acf":[],"yoast_head":"<!-- This site is optimized with the Yoast SEO plugin v27.2 - https:\/\/yoast.com\/product\/yoast-seo-wordpress\/ -->\n<title>Taraba pripravuje skryt\u00fa privatiz\u00e1ciu pr\u00edrody v n\u00e1rodn\u00fdch parkoch - Smedemokrati.sk<\/title>\n<meta name=\"robots\" content=\"index, follow, max-snippet:-1, max-image-preview:large, max-video-preview:-1\" \/>\n<link rel=\"canonical\" href=\"https:\/\/www.smedemokrati.sk\/hu\/taraba-pripravuje-skrytu-privatizaciu-prirody-v-narodnych-parkoch\/\" \/>\n<meta property=\"og:locale\" content=\"hu_HU\" \/>\n<meta property=\"og:locale:alternate\" content=\"en_US\" \/>\n<meta property=\"og:locale:alternate\" content=\"cs_CZ\" \/>\n<meta property=\"og:locale:alternate\" content=\"sk_SK\" \/>\n<meta property=\"og:locale:alternate\" content=\"sv_SE\" \/>\n<meta property=\"og:type\" content=\"article\" \/>\n<meta property=\"og:title\" content=\"Taraba pripravuje skryt\u00fa privatiz\u00e1ciu pr\u00edrody v n\u00e1rodn\u00fdch parkoch - Smedemokrati.sk\" \/>\n<meta property=\"og:description\" content=\"N\u00e1vrhy ministra Tarabu predstaven\u00e9 pri z\u00e1mere zon\u00e1cie Tatransk\u00e9ho n\u00e1rodn\u00e9ho parku predstavuj\u00fa smrtiaci koktejl pre bud\u00facnos\u0165 ochrany pr\u00edrody na Slovensku. Demokrati upozor\u0148uj\u00fa, \u017ee zmeny, ktor\u00e9 \u017eiada \u0161\u00e9f enviro rezortu, bud\u00fa ma\u0165 negat\u00edvny dopad na ochranu pr\u00edrody, preto\u017ee predpokladaj\u00fa enormn\u00e9 zv\u00fd\u0161enie cestovn\u00e9ho ruchu v chr\u00e1nen\u00fdch oblastiach a najm\u00e4 obrovsk\u00e9 zv\u00fd\u0161enie \u0165a\u017eby dreva.\u00a0 \u201eMinister \u017eivotn\u00e9ho prostredia Taraba navrhuje [&hellip;]\" \/>\n<meta property=\"og:url\" content=\"https:\/\/www.smedemokrati.sk\/hu\/taraba-pripravuje-skrytu-privatizaciu-prirody-v-narodnych-parkoch\/\" \/>\n<meta property=\"og:site_name\" content=\"Smedemokrati.sk\" \/>\n<meta property=\"article:publisher\" content=\"https:\/\/www.facebook.com\/smedemokrati2023\" \/>\n<meta property=\"article:published_time\" content=\"2024-01-09T15:10:53+00:00\" \/>\n<meta property=\"article:modified_time\" content=\"2024-01-09T15:10:55+00:00\" \/>\n<meta property=\"og:image\" content=\"https:\/\/www.smedemokrati.sk\/wp-content\/uploads\/2024\/01\/Kica.jpg\" \/>\n\t<meta property=\"og:image:width\" content=\"1901\" \/>\n\t<meta property=\"og:image:height\" content=\"1066\" \/>\n\t<meta property=\"og:image:type\" content=\"image\/jpeg\" \/>\n<meta name=\"author\" content=\"Tom\u00e1\u0161 Koppl\" \/>\n<meta name=\"twitter:card\" content=\"summary_large_image\" \/>\n<meta name=\"twitter:label1\" content=\"Szerz\u0151:\" \/>\n\t<meta name=\"twitter:data1\" content=\"Tom\u00e1\u0161 Koppl\" \/>\n\t<meta name=\"twitter:label2\" content=\"Becs\u00fclt olvas\u00e1si id\u0151\" \/>\n\t<meta name=\"twitter:data2\" content=\"2 perc\" \/>\n<script type=\"application\/ld+json\" class=\"yoast-schema-graph\">{\"@context\":\"https:\/\/schema.org\",\"@graph\":[{\"@type\":\"Article\",\"@id\":\"https:\/\/www.smedemokrati.sk\/taraba-pripravuje-skrytu-privatizaciu-prirody-v-narodnych-parkoch\/#article\",\"isPartOf\":{\"@id\":\"https:\/\/www.smedemokrati.sk\/taraba-pripravuje-skrytu-privatizaciu-prirody-v-narodnych-parkoch\/\"},\"author\":{\"name\":\"Tom\u00e1\u0161 Koppl\",\"@id\":\"https:\/\/www.smedemokrati.sk\/#\/schema\/person\/c60720f4b9955b3c1ed222ebd1fbbc7c\"},\"headline\":\"Taraba pripravuje skryt\u00fa privatiz\u00e1ciu pr\u00edrody v n\u00e1rodn\u00fdch parkoch\",\"datePublished\":\"2024-01-09T15:10:53+00:00\",\"dateModified\":\"2024-01-09T15:10:55+00:00\",\"mainEntityOfPage\":{\"@id\":\"https:\/\/www.smedemokrati.sk\/taraba-pripravuje-skrytu-privatizaciu-prirody-v-narodnych-parkoch\/\"},\"wordCount\":428,\"publisher\":{\"@id\":\"https:\/\/www.smedemokrati.sk\/#organization\"},\"image\":{\"@id\":\"https:\/\/www.smedemokrati.sk\/taraba-pripravuje-skrytu-privatizaciu-prirody-v-narodnych-parkoch\/#primaryimage\"},\"thumbnailUrl\":\"https:\/\/www.smedemokrati.sk\/wp-content\/uploads\/2024\/01\/Kica.jpg\",\"articleSection\":[\"Tla\u010dov\u00e9 spr\u00e1vy\"],\"inLanguage\":\"hu-HU\"},{\"@type\":\"WebPage\",\"@id\":\"https:\/\/www.smedemokrati.sk\/taraba-pripravuje-skrytu-privatizaciu-prirody-v-narodnych-parkoch\/\",\"url\":\"https:\/\/www.smedemokrati.sk\/taraba-pripravuje-skrytu-privatizaciu-prirody-v-narodnych-parkoch\/\",\"name\":\"Taraba pripravuje skryt\u00fa privatiz\u00e1ciu pr\u00edrody v n\u00e1rodn\u00fdch parkoch - Smedemokrati.sk\",\"isPartOf\":{\"@id\":\"https:\/\/www.smedemokrati.sk\/#website\"},\"primaryImageOfPage\":{\"@id\":\"https:\/\/www.smedemokrati.sk\/taraba-pripravuje-skrytu-privatizaciu-prirody-v-narodnych-parkoch\/#primaryimage\"},\"image\":{\"@id\":\"https:\/\/www.smedemokrati.sk\/taraba-pripravuje-skrytu-privatizaciu-prirody-v-narodnych-parkoch\/#primaryimage\"},\"thumbnailUrl\":\"https:\/\/www.smedemokrati.sk\/wp-content\/uploads\/2024\/01\/Kica.jpg\",\"datePublished\":\"2024-01-09T15:10:53+00:00\",\"dateModified\":\"2024-01-09T15:10:55+00:00\",\"breadcrumb\":{\"@id\":\"https:\/\/www.smedemokrati.sk\/taraba-pripravuje-skrytu-privatizaciu-prirody-v-narodnych-parkoch\/#breadcrumb\"},\"inLanguage\":\"hu-HU\",\"potentialAction\":[{\"@type\":\"ReadAction\",\"target\":[\"https:\/\/www.smedemokrati.sk\/taraba-pripravuje-skrytu-privatizaciu-prirody-v-narodnych-parkoch\/\"]}]},{\"@type\":\"ImageObject\",\"inLanguage\":\"hu-HU\",\"@id\":\"https:\/\/www.smedemokrati.sk\/taraba-pripravuje-skrytu-privatizaciu-prirody-v-narodnych-parkoch\/#primaryimage\",\"url\":\"https:\/\/www.smedemokrati.sk\/wp-content\/uploads\/2024\/01\/Kica.jpg\",\"contentUrl\":\"https:\/\/www.smedemokrati.sk\/wp-content\/uploads\/2024\/01\/Kica.jpg\",\"width\":1901,\"height\":1066},{\"@type\":\"BreadcrumbList\",\"@id\":\"https:\/\/www.smedemokrati.sk\/taraba-pripravuje-skrytu-privatizaciu-prirody-v-narodnych-parkoch\/#breadcrumb\",\"itemListElement\":[{\"@type\":\"ListItem\",\"position\":1,\"name\":\"Domovsk\u00e1 str\u00e1nka\",\"item\":\"https:\/\/www.smedemokrati.sk\/\"},{\"@type\":\"ListItem\",\"position\":2,\"name\":\"Taraba pripravuje skryt\u00fa privatiz\u00e1ciu pr\u00edrody v n\u00e1rodn\u00fdch parkoch\"}]},{\"@type\":\"WebSite\",\"@id\":\"https:\/\/www.smedemokrati.sk\/#website\",\"url\":\"https:\/\/www.smedemokrati.sk\/\",\"name\":\"Smedemokrati.sk\",\"description\":\"Demokracia a slu\u0161nos\u0165 zv\u00ed\u0165az\u00ed\",\"publisher\":{\"@id\":\"https:\/\/www.smedemokrati.sk\/#organization\"},\"potentialAction\":[{\"@type\":\"SearchAction\",\"target\":{\"@type\":\"EntryPoint\",\"urlTemplate\":\"https:\/\/www.smedemokrati.sk\/?s={search_term_string}\"},\"query-input\":{\"@type\":\"PropertyValueSpecification\",\"valueRequired\":true,\"valueName\":\"search_term_string\"}}],\"inLanguage\":\"hu-HU\"},{\"@type\":\"Organization\",\"@id\":\"https:\/\/www.smedemokrati.sk\/#organization\",\"name\":\"Smedemokrati.sk\",\"url\":\"https:\/\/www.smedemokrati.sk\/\",\"logo\":{\"@type\":\"ImageObject\",\"inLanguage\":\"hu-HU\",\"@id\":\"https:\/\/www.smedemokrati.sk\/#\/schema\/logo\/image\/\",\"url\":\"https:\/\/www.smedemokrati.sk\/wp-content\/uploads\/2023\/04\/ff.002.jpeg\",\"contentUrl\":\"https:\/\/www.smedemokrati.sk\/wp-content\/uploads\/2023\/04\/ff.002.jpeg\",\"width\":640,\"height\":480,\"caption\":\"Smedemokrati.sk\"},\"image\":{\"@id\":\"https:\/\/www.smedemokrati.sk\/#\/schema\/logo\/image\/\"},\"sameAs\":[\"https:\/\/www.facebook.com\/smedemokrati2023\"]},{\"@type\":\"Person\",\"@id\":\"https:\/\/www.smedemokrati.sk\/#\/schema\/person\/c60720f4b9955b3c1ed222ebd1fbbc7c\",\"name\":\"Tom\u00e1\u0161 Koppl\",\"image\":{\"@type\":\"ImageObject\",\"inLanguage\":\"hu-HU\",\"@id\":\"https:\/\/secure.gravatar.com\/avatar\/8dfa38373c5e39821baf74c8e867a6f12e12c6dab6559aa999d10703b0b1c4ce?s=96&d=mm&r=g\",\"url\":\"https:\/\/secure.gravatar.com\/avatar\/8dfa38373c5e39821baf74c8e867a6f12e12c6dab6559aa999d10703b0b1c4ce?s=96&d=mm&r=g\",\"contentUrl\":\"https:\/\/secure.gravatar.com\/avatar\/8dfa38373c5e39821baf74c8e867a6f12e12c6dab6559aa999d10703b0b1c4ce?s=96&d=mm&r=g\",\"caption\":\"Tom\u00e1\u0161 Koppl\"},\"url\":\"https:\/\/www.smedemokrati.sk\/hu\/author\/tomaskoppl\/\"}]}<\/script>\n<!-- \/ Yoast SEO plugin. -->","yoast_head_json":{"title":"Taraba pripravuje skryt\u00fa privatiz\u00e1ciu pr\u00edrody v n\u00e1rodn\u00fdch parkoch - Smedemokrati.sk","robots":{"index":"index","follow":"follow","max-snippet":"max-snippet:-1","max-image-preview":"max-image-preview:large","max-video-preview":"max-video-preview:-1"},"canonical":"https:\/\/www.smedemokrati.sk\/hu\/taraba-pripravuje-skrytu-privatizaciu-prirody-v-narodnych-parkoch\/","og_locale":"hu_HU","og_type":"article","og_title":"Taraba pripravuje skryt\u00fa privatiz\u00e1ciu pr\u00edrody v n\u00e1rodn\u00fdch parkoch - Smedemokrati.sk","og_description":"N\u00e1vrhy ministra Tarabu predstaven\u00e9 pri z\u00e1mere zon\u00e1cie Tatransk\u00e9ho n\u00e1rodn\u00e9ho parku predstavuj\u00fa smrtiaci koktejl pre bud\u00facnos\u0165 ochrany pr\u00edrody na Slovensku. Demokrati upozor\u0148uj\u00fa, \u017ee zmeny, ktor\u00e9 \u017eiada \u0161\u00e9f enviro rezortu, bud\u00fa ma\u0165 negat\u00edvny dopad na ochranu pr\u00edrody, preto\u017ee predpokladaj\u00fa enormn\u00e9 zv\u00fd\u0161enie cestovn\u00e9ho ruchu v chr\u00e1nen\u00fdch oblastiach a najm\u00e4 obrovsk\u00e9 zv\u00fd\u0161enie \u0165a\u017eby dreva.\u00a0 \u201eMinister \u017eivotn\u00e9ho prostredia Taraba navrhuje [&hellip;]","og_url":"https:\/\/www.smedemokrati.sk\/hu\/taraba-pripravuje-skrytu-privatizaciu-prirody-v-narodnych-parkoch\/","og_site_name":"Smedemokrati.sk","article_publisher":"https:\/\/www.facebook.com\/smedemokrati2023","article_published_time":"2024-01-09T15:10:53+00:00","article_modified_time":"2024-01-09T15:10:55+00:00","og_image":[{"width":1901,"height":1066,"url":"https:\/\/www.smedemokrati.sk\/wp-content\/uploads\/2024\/01\/Kica.jpg","type":"image\/jpeg"}],"author":"Tom\u00e1\u0161 Koppl","twitter_card":"summary_large_image","twitter_misc":{"Szerz\u0151:":"Tom\u00e1\u0161 Koppl","Becs\u00fclt olvas\u00e1si id\u0151":"2 perc"},"schema":{"@context":"https:\/\/schema.org","@graph":[{"@type":"Article","@id":"https:\/\/www.smedemokrati.sk\/taraba-pripravuje-skrytu-privatizaciu-prirody-v-narodnych-parkoch\/#article","isPartOf":{"@id":"https:\/\/www.smedemokrati.sk\/taraba-pripravuje-skrytu-privatizaciu-prirody-v-narodnych-parkoch\/"},"author":{"name":"Tom\u00e1\u0161 Koppl","@id":"https:\/\/www.smedemokrati.sk\/#\/schema\/person\/c60720f4b9955b3c1ed222ebd1fbbc7c"},"headline":"Taraba pripravuje skryt\u00fa privatiz\u00e1ciu pr\u00edrody v n\u00e1rodn\u00fdch parkoch","datePublished":"2024-01-09T15:10:53+00:00","dateModified":"2024-01-09T15:10:55+00:00","mainEntityOfPage":{"@id":"https:\/\/www.smedemokrati.sk\/taraba-pripravuje-skrytu-privatizaciu-prirody-v-narodnych-parkoch\/"},"wordCount":428,"publisher":{"@id":"https:\/\/www.smedemokrati.sk\/#organization"},"image":{"@id":"https:\/\/www.smedemokrati.sk\/taraba-pripravuje-skrytu-privatizaciu-prirody-v-narodnych-parkoch\/#primaryimage"},"thumbnailUrl":"https:\/\/www.smedemokrati.sk\/wp-content\/uploads\/2024\/01\/Kica.jpg","articleSection":["Tla\u010dov\u00e9 spr\u00e1vy"],"inLanguage":"hu-HU"},{"@type":"WebPage","@id":"https:\/\/www.smedemokrati.sk\/taraba-pripravuje-skrytu-privatizaciu-prirody-v-narodnych-parkoch\/","url":"https:\/\/www.smedemokrati.sk\/taraba-pripravuje-skrytu-privatizaciu-prirody-v-narodnych-parkoch\/","name":"Taraba pripravuje skryt\u00fa privatiz\u00e1ciu pr\u00edrody v n\u00e1rodn\u00fdch parkoch - Smedemokrati.sk","isPartOf":{"@id":"https:\/\/www.smedemokrati.sk\/#website"},"primaryImageOfPage":{"@id":"https:\/\/www.smedemokrati.sk\/taraba-pripravuje-skrytu-privatizaciu-prirody-v-narodnych-parkoch\/#primaryimage"},"image":{"@id":"https:\/\/www.smedemokrati.sk\/taraba-pripravuje-skrytu-privatizaciu-prirody-v-narodnych-parkoch\/#primaryimage"},"thumbnailUrl":"https:\/\/www.smedemokrati.sk\/wp-content\/uploads\/2024\/01\/Kica.jpg","datePublished":"2024-01-09T15:10:53+00:00","dateModified":"2024-01-09T15:10:55+00:00","breadcrumb":{"@id":"https:\/\/www.smedemokrati.sk\/taraba-pripravuje-skrytu-privatizaciu-prirody-v-narodnych-parkoch\/#breadcrumb"},"inLanguage":"hu-HU","potentialAction":[{"@type":"ReadAction","target":["https:\/\/www.smedemokrati.sk\/taraba-pripravuje-skrytu-privatizaciu-prirody-v-narodnych-parkoch\/"]}]},{"@type":"ImageObject","inLanguage":"hu-HU","@id":"https:\/\/www.smedemokrati.sk\/taraba-pripravuje-skrytu-privatizaciu-prirody-v-narodnych-parkoch\/#primaryimage","url":"https:\/\/www.smedemokrati.sk\/wp-content\/uploads\/2024\/01\/Kica.jpg","contentUrl":"https:\/\/www.smedemokrati.sk\/wp-content\/uploads\/2024\/01\/Kica.jpg","width":1901,"height":1066},{"@type":"BreadcrumbList","@id":"https:\/\/www.smedemokrati.sk\/taraba-pripravuje-skrytu-privatizaciu-prirody-v-narodnych-parkoch\/#breadcrumb","itemListElement":[{"@type":"ListItem","position":1,"name":"Domovsk\u00e1 str\u00e1nka","item":"https:\/\/www.smedemokrati.sk\/"},{"@type":"ListItem","position":2,"name":"Taraba pripravuje skryt\u00fa privatiz\u00e1ciu pr\u00edrody v n\u00e1rodn\u00fdch parkoch"}]},{"@type":"WebSite","@id":"https:\/\/www.smedemokrati.sk\/#website","url":"https:\/\/www.smedemokrati.sk\/","name":"Smedemokrati.sk","description":"Demokracia a slu\u0161nos\u0165 zv\u00ed\u0165az\u00ed","publisher":{"@id":"https:\/\/www.smedemokrati.sk\/#organization"},"potentialAction":[{"@type":"SearchAction","target":{"@type":"EntryPoint","urlTemplate":"https:\/\/www.smedemokrati.sk\/?s={search_term_string}"},"query-input":{"@type":"PropertyValueSpecification","valueRequired":true,"valueName":"search_term_string"}}],"inLanguage":"hu-HU"},{"@type":"Organization","@id":"https:\/\/www.smedemokrati.sk\/#organization","name":"Smedemokrati.sk","url":"https:\/\/www.smedemokrati.sk\/","logo":{"@type":"ImageObject","inLanguage":"hu-HU","@id":"https:\/\/www.smedemokrati.sk\/#\/schema\/logo\/image\/","url":"https:\/\/www.smedemokrati.sk\/wp-content\/uploads\/2023\/04\/ff.002.jpeg","contentUrl":"https:\/\/www.smedemokrati.sk\/wp-content\/uploads\/2023\/04\/ff.002.jpeg","width":640,"height":480,"caption":"Smedemokrati.sk"},"image":{"@id":"https:\/\/www.smedemokrati.sk\/#\/schema\/logo\/image\/"},"sameAs":["https:\/\/www.facebook.com\/smedemokrati2023"]},{"@type":"Person","@id":"https:\/\/www.smedemokrati.sk\/#\/schema\/person\/c60720f4b9955b3c1ed222ebd1fbbc7c","name":"Tom\u00e1\u0161 Koppl","image":{"@type":"ImageObject","inLanguage":"hu-HU","@id":"https:\/\/secure.gravatar.com\/avatar\/8dfa38373c5e39821baf74c8e867a6f12e12c6dab6559aa999d10703b0b1c4ce?s=96&d=mm&r=g","url":"https:\/\/secure.gravatar.com\/avatar\/8dfa38373c5e39821baf74c8e867a6f12e12c6dab6559aa999d10703b0b1c4ce?s=96&d=mm&r=g","contentUrl":"https:\/\/secure.gravatar.com\/avatar\/8dfa38373c5e39821baf74c8e867a6f12e12c6dab6559aa999d10703b0b1c4ce?s=96&d=mm&r=g","caption":"Tom\u00e1\u0161 Koppl"},"url":"https:\/\/www.smedemokrati.sk\/hu\/author\/tomaskoppl\/"}]}},"_links":{"self":[{"href":"https:\/\/www.smedemokrati.sk\/hu\/wp-json\/wp\/v2\/posts\/2484","targetHints":{"allow":["GET"]}}],"collection":[{"href":"https:\/\/www.smedemokrati.sk\/hu\/wp-json\/wp\/v2\/posts"}],"about":[{"href":"https:\/\/www.smedemokrati.sk\/hu\/wp-json\/wp\/v2\/types\/post"}],"author":[{"embeddable":true,"href":"https:\/\/www.smedemokrati.sk\/hu\/wp-json\/wp\/v2\/users\/7"}],"replies":[{"embeddable":true,"href":"https:\/\/www.smedemokrati.sk\/hu\/wp-json\/wp\/v2\/comments?post=2484"}],"version-history":[{"count":1,"href":"https:\/\/www.smedemokrati.sk\/hu\/wp-json\/wp\/v2\/posts\/2484\/revisions"}],"predecessor-version":[{"id":2487,"href":"https:\/\/www.smedemokrati.sk\/hu\/wp-json\/wp\/v2\/posts\/2484\/revisions\/2487"}],"wp:featuredmedia":[{"embeddable":true,"href":"https:\/\/www.smedemokrati.sk\/hu\/wp-json\/wp\/v2\/media\/2486"}],"wp:attachment":[{"href":"https:\/\/www.smedemokrati.sk\/hu\/wp-json\/wp\/v2\/media?parent=2484"}],"wp:term":[{"taxonomy":"category","embeddable":true,"href":"https:\/\/www.smedemokrati.sk\/hu\/wp-json\/wp\/v2\/categories?post=2484"},{"taxonomy":"post_tag","embeddable":true,"href":"https:\/\/www.smedemokrati.sk\/hu\/wp-json\/wp\/v2\/tags?post=2484"}],"curies":[{"name":"wp","href":"https:\/\/api.w.org\/{rel}","templated":true}]}}