{"id":2446,"date":"2023-12-19T16:56:18","date_gmt":"2023-12-19T14:56:18","guid":{"rendered":"https:\/\/www.smedemokrati.sk\/?p=2446"},"modified":"2023-12-19T16:56:19","modified_gmt":"2023-12-19T14:56:19","slug":"koalicia-nici-podnikanie-a-ozobracuje-ludi","status":"publish","type":"post","link":"https:\/\/www.smedemokrati.sk\/hu\/koalicia-nici-podnikanie-a-ozobracuje-ludi\/","title":{"rendered":"Koal\u00edcia ni\u010d\u00ed podnikanie a o\u017eobra\u010duje \u013eud\u00ed"},"content":{"rendered":"<div id=\"fb-root\"><\/div>\n\n<p><em><strong>Vl\u00e1dna koal\u00edcia nenechala so \u0161kodliv\u00fdmi opatreniami na seba dlho \u010daka\u0165. Dnes schv\u00e1len\u00fd z\u00e1kon tzv. \u201cLex konsolid\u00e1cia\u201c ukazuje nielen na neschopnos\u0165 Fica, Pellegriniho, Danka a spol. riadi\u0165 na\u0161u ekonomiku, ale aj na odpor k potrebn\u00fdm reform\u00e1m, ktor\u00e9 by posunuli Slovensko do vyspelej Eur\u00f3py. Prijat\u00fd z\u00e1kon je ni\u010d\u00edm in\u00fdm, len snahou Ficovcov vyzbiera\u0165 stovky mili\u00f3nov eur od \u013eud\u00ed na Pellegriniho kampa\u0148.<\/strong><\/em><\/p>\n\n\n\n<p>\u201eLex konsolid\u00e1ciu\u201d mo\u017eno pod\u013ea Demokratov pokojne premenova\u0165 na \u201clen zvy\u0161ovanie dan\u00ed\u201d. Nijako inak sa ned\u00e1 toti\u017e nazva\u0165, to \u010do bolo v parlamente prijat\u00e9: po\u0161kodenie bud\u00facich d\u00f4chodcov zn\u00ed\u017een\u00edm odvodov do druh\u00e9ho piliera, po\u0161kodenie s\u00fa\u010dasn\u00fdch zamestnancov zdra\u017een\u00edm pr\u00e1ce bez re\u00e1lneho zv\u00fd\u0161enia miezd, po\u0161kodenie podnikate\u013esk\u00e9ho prostredia a odradenia nov\u00fdch investorov zvy\u0161ovan\u00edm dan\u00ed pre podnikate\u013eov, zv\u00fd\u0161enie v\u0161etk\u00fdch mo\u017en\u00fdch poplatkov.Po\u0161kodi\u0165 \u00faspory bud\u00facich d\u00f4chodcov je od vl\u00e1dy z\u00e1kern\u00e9 a jasne ukazuje, \u017ee nem\u00e1 o nich absol\u00fatne \u017eiaden z\u00e1ujem,okomentoval expremi\u00e9r Eduard Heger<\/p>\n\n\n\n<p><em>\u201cDnes schv\u00e1len\u00fd bal\u00ed\u010dek siaha po peniaze \u013eudom hlboko do vrec\u00e1k a \u201cd\u00e1va po kr\u00ed\u017eoch\u201d podnikate\u013esk\u00e9mu prostrediu, ktor\u00e9 by mohlo v pr\u00edpade dobr\u00fdch podmienok generova\u0165 viac pe\u0148az\u00ed do rozpo\u010dtu. Namiesto toho sa vl\u00e1da rozhodla o\u017eobra\u010dova\u0165 aj ich,\u201d<\/em>&nbsp;povedal podpredseda Demokratov Eduard Heger.<\/p>\n\n\n\n<p>Koal\u00edcia zv\u00fd\u0161ila mzdov\u00e9 odvody, ktor\u00e9 u\u017e aj bez toho patrili k najvy\u0161\u0161\u00edm v E\u00da. Takto ka\u017ed\u00e9mu zamestnancovi vezme na bud\u00faci rok v priemere a\u017e 150 eur.&nbsp;<em>\u201cZv\u00fd\u0161ili dane \u013eudom a bank\u00e1m, ale nebud\u00fa schopn\u00ed zabr\u00e1ni\u0165, aby banky zvy\u0161ovali \u013eu\u010fom poplatky za vedenie \u00fa\u010dtov. Zv\u00fd\u0161ili mno\u017estvo poplatkov a podnikate\u013eom zaviedli nov\u00e9 dane. To sa ned\u00e1 nazva\u0165 inak ako hanba a neschopnos\u0165 riadi\u0165 krajinu,\u201d<\/em>&nbsp;povedal b\u00fdval\u00fd \u0161t\u00e1tny tajomn\u00edk ministerstva financi\u00ed \u013dubo\u0161 Jan\u010d\u00edk<\/p>\n\n\n\n<p><em>\u201eVyz\u00fdvame vl\u00e1du, aby prestala vy\u0165ahova\u0165 peniaze od \u013eud\u00ed cez vy\u0161\u0161ie dane, s\u0165a\u017eova\u0165 podnikanie na Slovensku a zastavila rozkr\u00e1danie bud\u00facich d\u00f4chodkov. Toto nie je cesta k prosperite, ale k chudobe a zaost\u00e1vaniu. \u013dudia na Slovensku si zasl\u00fa\u017eia lep\u0161iu vl\u00e1du. Nie tak\u00fa, ktor\u00e1 im miesto s\u013eubovan\u00fdch ist\u00f4t a stability prin\u00e1\u0161a ekonomick\u00fd rozvrat a o\u017eobra\u010dovanie.\u201c<\/em>&nbsp;uzatv\u00e1ra Eduard Heger zo strany Demokrati.&nbsp;<\/p>\n","protected":false},"excerpt":{"rendered":"<p>Vl\u00e1dna koal\u00edcia nenechala so \u0161kodliv\u00fdmi opatreniami na seba dlho \u010daka\u0165. Dnes schv\u00e1len\u00fd z\u00e1kon tzv. \u201cLex konsolid\u00e1cia\u201c ukazuje nielen na neschopnos\u0165 Fica, Pellegriniho, Danka a spol. riadi\u0165 na\u0161u ekonomiku, ale aj na odpor k potrebn\u00fdm reform\u00e1m, ktor\u00e9 by posunuli Slovensko do vyspelej Eur\u00f3py. Prijat\u00fd z\u00e1kon je ni\u010d\u00edm in\u00fdm, len snahou Ficovcov vyzbiera\u0165 stovky mili\u00f3nov eur od [&hellip;]<\/p>\n","protected":false},"author":7,"featured_media":249,"comment_status":"closed","ping_status":"closed","sticky":false,"template":"","format":"standard","meta":{"_acf_changed":false,"ngg_post_thumbnail":0,"footnotes":""},"categories":[4],"tags":[],"class_list":["post-2446","post","type-post","status-publish","format-standard","has-post-thumbnail","hentry","category-tlacove-spravy"],"acf":[],"yoast_head":"<!-- This site is optimized with the Yoast SEO plugin v27.2 - https:\/\/yoast.com\/product\/yoast-seo-wordpress\/ -->\n<title>Koal\u00edcia ni\u010d\u00ed podnikanie a o\u017eobra\u010duje \u013eud\u00ed - Smedemokrati.sk<\/title>\n<meta name=\"robots\" content=\"index, follow, max-snippet:-1, max-image-preview:large, max-video-preview:-1\" \/>\n<link rel=\"canonical\" href=\"https:\/\/www.smedemokrati.sk\/hu\/koalicia-nici-podnikanie-a-ozobracuje-ludi\/\" \/>\n<meta property=\"og:locale\" content=\"hu_HU\" \/>\n<meta property=\"og:locale:alternate\" content=\"en_US\" \/>\n<meta property=\"og:locale:alternate\" content=\"cs_CZ\" \/>\n<meta property=\"og:locale:alternate\" content=\"sk_SK\" \/>\n<meta property=\"og:locale:alternate\" content=\"sv_SE\" \/>\n<meta property=\"og:type\" content=\"article\" \/>\n<meta property=\"og:title\" content=\"Koal\u00edcia ni\u010d\u00ed podnikanie a o\u017eobra\u010duje \u013eud\u00ed - Smedemokrati.sk\" \/>\n<meta property=\"og:description\" content=\"Vl\u00e1dna koal\u00edcia nenechala so \u0161kodliv\u00fdmi opatreniami na seba dlho \u010daka\u0165. Dnes schv\u00e1len\u00fd z\u00e1kon tzv. \u201cLex konsolid\u00e1cia\u201c ukazuje nielen na neschopnos\u0165 Fica, Pellegriniho, Danka a spol. riadi\u0165 na\u0161u ekonomiku, ale aj na odpor k potrebn\u00fdm reform\u00e1m, ktor\u00e9 by posunuli Slovensko do vyspelej Eur\u00f3py. Prijat\u00fd z\u00e1kon je ni\u010d\u00edm in\u00fdm, len snahou Ficovcov vyzbiera\u0165 stovky mili\u00f3nov eur od [&hellip;]\" \/>\n<meta property=\"og:url\" content=\"https:\/\/www.smedemokrati.sk\/hu\/koalicia-nici-podnikanie-a-ozobracuje-ludi\/\" \/>\n<meta property=\"og:site_name\" content=\"Smedemokrati.sk\" \/>\n<meta property=\"article:publisher\" content=\"https:\/\/www.facebook.com\/smedemokrati2023\" \/>\n<meta property=\"article:published_time\" content=\"2023-12-19T14:56:18+00:00\" \/>\n<meta property=\"article:modified_time\" content=\"2023-12-19T14:56:19+00:00\" \/>\n<meta property=\"og:image\" content=\"https:\/\/www.smedemokrati.sk\/wp-content\/uploads\/2023\/04\/EH.jpg\" \/>\n\t<meta property=\"og:image:width\" content=\"1520\" \/>\n\t<meta property=\"og:image:height\" content=\"1080\" \/>\n\t<meta property=\"og:image:type\" content=\"image\/jpeg\" \/>\n<meta name=\"author\" content=\"Tom\u00e1\u0161 Koppl\" \/>\n<meta name=\"twitter:card\" content=\"summary_large_image\" \/>\n<meta name=\"twitter:label1\" content=\"Szerz\u0151:\" \/>\n\t<meta name=\"twitter:data1\" content=\"Tom\u00e1\u0161 Koppl\" \/>\n\t<meta name=\"twitter:label2\" content=\"Becs\u00fclt olvas\u00e1si id\u0151\" \/>\n\t<meta name=\"twitter:data2\" content=\"2 perc\" \/>\n<script type=\"application\/ld+json\" class=\"yoast-schema-graph\">{\"@context\":\"https:\/\/schema.org\",\"@graph\":[{\"@type\":\"Article\",\"@id\":\"https:\/\/www.smedemokrati.sk\/koalicia-nici-podnikanie-a-ozobracuje-ludi\/#article\",\"isPartOf\":{\"@id\":\"https:\/\/www.smedemokrati.sk\/koalicia-nici-podnikanie-a-ozobracuje-ludi\/\"},\"author\":{\"name\":\"Tom\u00e1\u0161 Koppl\",\"@id\":\"https:\/\/www.smedemokrati.sk\/#\/schema\/person\/c60720f4b9955b3c1ed222ebd1fbbc7c\"},\"headline\":\"Koal\u00edcia ni\u010d\u00ed podnikanie a o\u017eobra\u010duje \u013eud\u00ed\",\"datePublished\":\"2023-12-19T14:56:18+00:00\",\"dateModified\":\"2023-12-19T14:56:19+00:00\",\"mainEntityOfPage\":{\"@id\":\"https:\/\/www.smedemokrati.sk\/koalicia-nici-podnikanie-a-ozobracuje-ludi\/\"},\"wordCount\":422,\"publisher\":{\"@id\":\"https:\/\/www.smedemokrati.sk\/#organization\"},\"image\":{\"@id\":\"https:\/\/www.smedemokrati.sk\/koalicia-nici-podnikanie-a-ozobracuje-ludi\/#primaryimage\"},\"thumbnailUrl\":\"https:\/\/www.smedemokrati.sk\/wp-content\/uploads\/2023\/04\/EH.jpg\",\"articleSection\":[\"Tla\u010dov\u00e9 spr\u00e1vy\"],\"inLanguage\":\"hu-HU\"},{\"@type\":\"WebPage\",\"@id\":\"https:\/\/www.smedemokrati.sk\/koalicia-nici-podnikanie-a-ozobracuje-ludi\/\",\"url\":\"https:\/\/www.smedemokrati.sk\/koalicia-nici-podnikanie-a-ozobracuje-ludi\/\",\"name\":\"Koal\u00edcia ni\u010d\u00ed podnikanie a o\u017eobra\u010duje \u013eud\u00ed - Smedemokrati.sk\",\"isPartOf\":{\"@id\":\"https:\/\/www.smedemokrati.sk\/#website\"},\"primaryImageOfPage\":{\"@id\":\"https:\/\/www.smedemokrati.sk\/koalicia-nici-podnikanie-a-ozobracuje-ludi\/#primaryimage\"},\"image\":{\"@id\":\"https:\/\/www.smedemokrati.sk\/koalicia-nici-podnikanie-a-ozobracuje-ludi\/#primaryimage\"},\"thumbnailUrl\":\"https:\/\/www.smedemokrati.sk\/wp-content\/uploads\/2023\/04\/EH.jpg\",\"datePublished\":\"2023-12-19T14:56:18+00:00\",\"dateModified\":\"2023-12-19T14:56:19+00:00\",\"breadcrumb\":{\"@id\":\"https:\/\/www.smedemokrati.sk\/koalicia-nici-podnikanie-a-ozobracuje-ludi\/#breadcrumb\"},\"inLanguage\":\"hu-HU\",\"potentialAction\":[{\"@type\":\"ReadAction\",\"target\":[\"https:\/\/www.smedemokrati.sk\/koalicia-nici-podnikanie-a-ozobracuje-ludi\/\"]}]},{\"@type\":\"ImageObject\",\"inLanguage\":\"hu-HU\",\"@id\":\"https:\/\/www.smedemokrati.sk\/koalicia-nici-podnikanie-a-ozobracuje-ludi\/#primaryimage\",\"url\":\"https:\/\/www.smedemokrati.sk\/wp-content\/uploads\/2023\/04\/EH.jpg\",\"contentUrl\":\"https:\/\/www.smedemokrati.sk\/wp-content\/uploads\/2023\/04\/EH.jpg\",\"width\":1520,\"height\":1080},{\"@type\":\"BreadcrumbList\",\"@id\":\"https:\/\/www.smedemokrati.sk\/koalicia-nici-podnikanie-a-ozobracuje-ludi\/#breadcrumb\",\"itemListElement\":[{\"@type\":\"ListItem\",\"position\":1,\"name\":\"Domovsk\u00e1 str\u00e1nka\",\"item\":\"https:\/\/www.smedemokrati.sk\/\"},{\"@type\":\"ListItem\",\"position\":2,\"name\":\"Koal\u00edcia ni\u010d\u00ed podnikanie a o\u017eobra\u010duje \u013eud\u00ed\"}]},{\"@type\":\"WebSite\",\"@id\":\"https:\/\/www.smedemokrati.sk\/#website\",\"url\":\"https:\/\/www.smedemokrati.sk\/\",\"name\":\"Smedemokrati.sk\",\"description\":\"Demokracia a slu\u0161nos\u0165 zv\u00ed\u0165az\u00ed\",\"publisher\":{\"@id\":\"https:\/\/www.smedemokrati.sk\/#organization\"},\"potentialAction\":[{\"@type\":\"SearchAction\",\"target\":{\"@type\":\"EntryPoint\",\"urlTemplate\":\"https:\/\/www.smedemokrati.sk\/?s={search_term_string}\"},\"query-input\":{\"@type\":\"PropertyValueSpecification\",\"valueRequired\":true,\"valueName\":\"search_term_string\"}}],\"inLanguage\":\"hu-HU\"},{\"@type\":\"Organization\",\"@id\":\"https:\/\/www.smedemokrati.sk\/#organization\",\"name\":\"Smedemokrati.sk\",\"url\":\"https:\/\/www.smedemokrati.sk\/\",\"logo\":{\"@type\":\"ImageObject\",\"inLanguage\":\"hu-HU\",\"@id\":\"https:\/\/www.smedemokrati.sk\/#\/schema\/logo\/image\/\",\"url\":\"https:\/\/www.smedemokrati.sk\/wp-content\/uploads\/2023\/04\/ff.002.jpeg\",\"contentUrl\":\"https:\/\/www.smedemokrati.sk\/wp-content\/uploads\/2023\/04\/ff.002.jpeg\",\"width\":640,\"height\":480,\"caption\":\"Smedemokrati.sk\"},\"image\":{\"@id\":\"https:\/\/www.smedemokrati.sk\/#\/schema\/logo\/image\/\"},\"sameAs\":[\"https:\/\/www.facebook.com\/smedemokrati2023\"]},{\"@type\":\"Person\",\"@id\":\"https:\/\/www.smedemokrati.sk\/#\/schema\/person\/c60720f4b9955b3c1ed222ebd1fbbc7c\",\"name\":\"Tom\u00e1\u0161 Koppl\",\"image\":{\"@type\":\"ImageObject\",\"inLanguage\":\"hu-HU\",\"@id\":\"https:\/\/secure.gravatar.com\/avatar\/8dfa38373c5e39821baf74c8e867a6f12e12c6dab6559aa999d10703b0b1c4ce?s=96&d=mm&r=g\",\"url\":\"https:\/\/secure.gravatar.com\/avatar\/8dfa38373c5e39821baf74c8e867a6f12e12c6dab6559aa999d10703b0b1c4ce?s=96&d=mm&r=g\",\"contentUrl\":\"https:\/\/secure.gravatar.com\/avatar\/8dfa38373c5e39821baf74c8e867a6f12e12c6dab6559aa999d10703b0b1c4ce?s=96&d=mm&r=g\",\"caption\":\"Tom\u00e1\u0161 Koppl\"},\"url\":\"https:\/\/www.smedemokrati.sk\/hu\/author\/tomaskoppl\/\"}]}<\/script>\n<!-- \/ Yoast SEO plugin. -->","yoast_head_json":{"title":"Koal\u00edcia ni\u010d\u00ed podnikanie a o\u017eobra\u010duje \u013eud\u00ed - Smedemokrati.sk","robots":{"index":"index","follow":"follow","max-snippet":"max-snippet:-1","max-image-preview":"max-image-preview:large","max-video-preview":"max-video-preview:-1"},"canonical":"https:\/\/www.smedemokrati.sk\/hu\/koalicia-nici-podnikanie-a-ozobracuje-ludi\/","og_locale":"hu_HU","og_type":"article","og_title":"Koal\u00edcia ni\u010d\u00ed podnikanie a o\u017eobra\u010duje \u013eud\u00ed - Smedemokrati.sk","og_description":"Vl\u00e1dna koal\u00edcia nenechala so \u0161kodliv\u00fdmi opatreniami na seba dlho \u010daka\u0165. Dnes schv\u00e1len\u00fd z\u00e1kon tzv. \u201cLex konsolid\u00e1cia\u201c ukazuje nielen na neschopnos\u0165 Fica, Pellegriniho, Danka a spol. riadi\u0165 na\u0161u ekonomiku, ale aj na odpor k potrebn\u00fdm reform\u00e1m, ktor\u00e9 by posunuli Slovensko do vyspelej Eur\u00f3py. Prijat\u00fd z\u00e1kon je ni\u010d\u00edm in\u00fdm, len snahou Ficovcov vyzbiera\u0165 stovky mili\u00f3nov eur od [&hellip;]","og_url":"https:\/\/www.smedemokrati.sk\/hu\/koalicia-nici-podnikanie-a-ozobracuje-ludi\/","og_site_name":"Smedemokrati.sk","article_publisher":"https:\/\/www.facebook.com\/smedemokrati2023","article_published_time":"2023-12-19T14:56:18+00:00","article_modified_time":"2023-12-19T14:56:19+00:00","og_image":[{"width":1520,"height":1080,"url":"https:\/\/www.smedemokrati.sk\/wp-content\/uploads\/2023\/04\/EH.jpg","type":"image\/jpeg"}],"author":"Tom\u00e1\u0161 Koppl","twitter_card":"summary_large_image","twitter_misc":{"Szerz\u0151:":"Tom\u00e1\u0161 Koppl","Becs\u00fclt olvas\u00e1si id\u0151":"2 perc"},"schema":{"@context":"https:\/\/schema.org","@graph":[{"@type":"Article","@id":"https:\/\/www.smedemokrati.sk\/koalicia-nici-podnikanie-a-ozobracuje-ludi\/#article","isPartOf":{"@id":"https:\/\/www.smedemokrati.sk\/koalicia-nici-podnikanie-a-ozobracuje-ludi\/"},"author":{"name":"Tom\u00e1\u0161 Koppl","@id":"https:\/\/www.smedemokrati.sk\/#\/schema\/person\/c60720f4b9955b3c1ed222ebd1fbbc7c"},"headline":"Koal\u00edcia ni\u010d\u00ed podnikanie a o\u017eobra\u010duje \u013eud\u00ed","datePublished":"2023-12-19T14:56:18+00:00","dateModified":"2023-12-19T14:56:19+00:00","mainEntityOfPage":{"@id":"https:\/\/www.smedemokrati.sk\/koalicia-nici-podnikanie-a-ozobracuje-ludi\/"},"wordCount":422,"publisher":{"@id":"https:\/\/www.smedemokrati.sk\/#organization"},"image":{"@id":"https:\/\/www.smedemokrati.sk\/koalicia-nici-podnikanie-a-ozobracuje-ludi\/#primaryimage"},"thumbnailUrl":"https:\/\/www.smedemokrati.sk\/wp-content\/uploads\/2023\/04\/EH.jpg","articleSection":["Tla\u010dov\u00e9 spr\u00e1vy"],"inLanguage":"hu-HU"},{"@type":"WebPage","@id":"https:\/\/www.smedemokrati.sk\/koalicia-nici-podnikanie-a-ozobracuje-ludi\/","url":"https:\/\/www.smedemokrati.sk\/koalicia-nici-podnikanie-a-ozobracuje-ludi\/","name":"Koal\u00edcia ni\u010d\u00ed podnikanie a o\u017eobra\u010duje \u013eud\u00ed - Smedemokrati.sk","isPartOf":{"@id":"https:\/\/www.smedemokrati.sk\/#website"},"primaryImageOfPage":{"@id":"https:\/\/www.smedemokrati.sk\/koalicia-nici-podnikanie-a-ozobracuje-ludi\/#primaryimage"},"image":{"@id":"https:\/\/www.smedemokrati.sk\/koalicia-nici-podnikanie-a-ozobracuje-ludi\/#primaryimage"},"thumbnailUrl":"https:\/\/www.smedemokrati.sk\/wp-content\/uploads\/2023\/04\/EH.jpg","datePublished":"2023-12-19T14:56:18+00:00","dateModified":"2023-12-19T14:56:19+00:00","breadcrumb":{"@id":"https:\/\/www.smedemokrati.sk\/koalicia-nici-podnikanie-a-ozobracuje-ludi\/#breadcrumb"},"inLanguage":"hu-HU","potentialAction":[{"@type":"ReadAction","target":["https:\/\/www.smedemokrati.sk\/koalicia-nici-podnikanie-a-ozobracuje-ludi\/"]}]},{"@type":"ImageObject","inLanguage":"hu-HU","@id":"https:\/\/www.smedemokrati.sk\/koalicia-nici-podnikanie-a-ozobracuje-ludi\/#primaryimage","url":"https:\/\/www.smedemokrati.sk\/wp-content\/uploads\/2023\/04\/EH.jpg","contentUrl":"https:\/\/www.smedemokrati.sk\/wp-content\/uploads\/2023\/04\/EH.jpg","width":1520,"height":1080},{"@type":"BreadcrumbList","@id":"https:\/\/www.smedemokrati.sk\/koalicia-nici-podnikanie-a-ozobracuje-ludi\/#breadcrumb","itemListElement":[{"@type":"ListItem","position":1,"name":"Domovsk\u00e1 str\u00e1nka","item":"https:\/\/www.smedemokrati.sk\/"},{"@type":"ListItem","position":2,"name":"Koal\u00edcia ni\u010d\u00ed podnikanie a o\u017eobra\u010duje \u013eud\u00ed"}]},{"@type":"WebSite","@id":"https:\/\/www.smedemokrati.sk\/#website","url":"https:\/\/www.smedemokrati.sk\/","name":"Smedemokrati.sk","description":"Demokracia a slu\u0161nos\u0165 zv\u00ed\u0165az\u00ed","publisher":{"@id":"https:\/\/www.smedemokrati.sk\/#organization"},"potentialAction":[{"@type":"SearchAction","target":{"@type":"EntryPoint","urlTemplate":"https:\/\/www.smedemokrati.sk\/?s={search_term_string}"},"query-input":{"@type":"PropertyValueSpecification","valueRequired":true,"valueName":"search_term_string"}}],"inLanguage":"hu-HU"},{"@type":"Organization","@id":"https:\/\/www.smedemokrati.sk\/#organization","name":"Smedemokrati.sk","url":"https:\/\/www.smedemokrati.sk\/","logo":{"@type":"ImageObject","inLanguage":"hu-HU","@id":"https:\/\/www.smedemokrati.sk\/#\/schema\/logo\/image\/","url":"https:\/\/www.smedemokrati.sk\/wp-content\/uploads\/2023\/04\/ff.002.jpeg","contentUrl":"https:\/\/www.smedemokrati.sk\/wp-content\/uploads\/2023\/04\/ff.002.jpeg","width":640,"height":480,"caption":"Smedemokrati.sk"},"image":{"@id":"https:\/\/www.smedemokrati.sk\/#\/schema\/logo\/image\/"},"sameAs":["https:\/\/www.facebook.com\/smedemokrati2023"]},{"@type":"Person","@id":"https:\/\/www.smedemokrati.sk\/#\/schema\/person\/c60720f4b9955b3c1ed222ebd1fbbc7c","name":"Tom\u00e1\u0161 Koppl","image":{"@type":"ImageObject","inLanguage":"hu-HU","@id":"https:\/\/secure.gravatar.com\/avatar\/8dfa38373c5e39821baf74c8e867a6f12e12c6dab6559aa999d10703b0b1c4ce?s=96&d=mm&r=g","url":"https:\/\/secure.gravatar.com\/avatar\/8dfa38373c5e39821baf74c8e867a6f12e12c6dab6559aa999d10703b0b1c4ce?s=96&d=mm&r=g","contentUrl":"https:\/\/secure.gravatar.com\/avatar\/8dfa38373c5e39821baf74c8e867a6f12e12c6dab6559aa999d10703b0b1c4ce?s=96&d=mm&r=g","caption":"Tom\u00e1\u0161 Koppl"},"url":"https:\/\/www.smedemokrati.sk\/hu\/author\/tomaskoppl\/"}]}},"_links":{"self":[{"href":"https:\/\/www.smedemokrati.sk\/hu\/wp-json\/wp\/v2\/posts\/2446","targetHints":{"allow":["GET"]}}],"collection":[{"href":"https:\/\/www.smedemokrati.sk\/hu\/wp-json\/wp\/v2\/posts"}],"about":[{"href":"https:\/\/www.smedemokrati.sk\/hu\/wp-json\/wp\/v2\/types\/post"}],"author":[{"embeddable":true,"href":"https:\/\/www.smedemokrati.sk\/hu\/wp-json\/wp\/v2\/users\/7"}],"replies":[{"embeddable":true,"href":"https:\/\/www.smedemokrati.sk\/hu\/wp-json\/wp\/v2\/comments?post=2446"}],"version-history":[{"count":1,"href":"https:\/\/www.smedemokrati.sk\/hu\/wp-json\/wp\/v2\/posts\/2446\/revisions"}],"predecessor-version":[{"id":2447,"href":"https:\/\/www.smedemokrati.sk\/hu\/wp-json\/wp\/v2\/posts\/2446\/revisions\/2447"}],"wp:featuredmedia":[{"embeddable":true,"href":"https:\/\/www.smedemokrati.sk\/hu\/wp-json\/wp\/v2\/media\/249"}],"wp:attachment":[{"href":"https:\/\/www.smedemokrati.sk\/hu\/wp-json\/wp\/v2\/media?parent=2446"}],"wp:term":[{"taxonomy":"category","embeddable":true,"href":"https:\/\/www.smedemokrati.sk\/hu\/wp-json\/wp\/v2\/categories?post=2446"},{"taxonomy":"post_tag","embeddable":true,"href":"https:\/\/www.smedemokrati.sk\/hu\/wp-json\/wp\/v2\/tags?post=2446"}],"curies":[{"name":"wp","href":"https:\/\/api.w.org\/{rel}","templated":true}]}}