{"id":2380,"date":"2023-12-04T14:29:18","date_gmt":"2023-12-04T12:29:18","guid":{"rendered":"https:\/\/www.smedemokrati.sk\/?p=2380"},"modified":"2023-12-04T14:29:19","modified_gmt":"2023-12-04T12:29:19","slug":"vlada-svojimi-krokmi-ohrozuje-zivotne-prostredie-aj-reformy-z-planu-obnovy-obraciame-sa-na-organy-eu","status":"publish","type":"post","link":"https:\/\/www.smedemokrati.sk\/hu\/vlada-svojimi-krokmi-ohrozuje-zivotne-prostredie-aj-reformy-z-planu-obnovy-obraciame-sa-na-organy-eu\/","title":{"rendered":"Vl\u00e1da svojimi krokmi ohrozuje \u017eivotn\u00e9 prostredie aj reformy z pl\u00e1nu obnovy &#8211; obraciame sa na org\u00e1ny E\u00da"},"content":{"rendered":"<div id=\"fb-root\"><\/div>\n\n<p><em><strong>Strana Demokrati sa pre ohrozenie pl\u00e1nu obnovy a \u017eivotn\u00e9ho prostredia zo strany kabinetu Roberta Fica obracia na org\u00e1ny Eur\u00f3pskej \u00fanie. O z\u00e1va\u017enosti pl\u00e1novan\u00fdch krokov bude strana informova\u0165 eurokomis\u00e1rov zodpovedn\u00fdch za \u017eivotn\u00e9 prostredie a\u00a0reformy &#8211; Virginijusa Sinkevi\u010diusa a\u00a0Elisu Ferreiru, vr\u00e1tane pr\u00edslu\u0161n\u00fdch v\u00fdborov Eur\u00f3pskeho parlamentu.<\/strong><\/em><\/p>\n\n\n\n<p>T\u00e9mu zastre\u0161uje \u010dlen predsedn\u00edctva Michal Ki\u010da, ktor\u00fd hovor\u00ed, \u017ee bude v mene strany informova\u0165 o viacer\u00fdch konkr\u00e9tnych krokoch, vyjadren\u00ed \u010di pl\u00e1noch vl\u00e1dnych predstavite\u013eov. Upozor\u0148uje najm\u00e4 na z\u00e1mery ministra p\u00f4dohospod\u00e1rstva a\u00a0rozvoja vidieka Richarda Tak\u00e1\u010da, oboch \u0161t\u00e1tnych tajomn\u00edkov Kuffovcov, ale aj samotn\u00e9ho ministra \u017eivotn\u00e9ho prostredia Tarabu. Ich pl\u00e1ny toti\u017e pod\u013ea Ki\u010du\u00a0 predstavuj\u00fa ohrozenie \u017eivotn\u00e9ho prostredia na Slovensku:\u00a0<em>\u201eHovor\u00edme o ohrozen\u00ed reformy n\u00e1rodn\u00fdch parkov, konkr\u00e9tne o ich ru\u0161en\u00ed, to po\u010d\u00favame napr\u00edklad v pr\u00edpade Malej Fatry. Tie\u017e chcem upozorni\u0165 na predkladanie tak\u00fdch n\u00e1vrhov z\u00e1konov, ktor\u00fdmi by sa negovala podstata celej reformy, teda princ\u00edp jednotnej spr\u00e1vy chr\u00e1nen\u00fdch \u00fazem\u00ed. \u010ealej spomeniem z\u00e1mery budova\u0165 nezmyseln\u00e9 priehrady, ktor\u00e9 s\u00fa v\u00a0rozpore s\u00a0Koncepciou vodnej politiky a tie\u017e hovor\u00edm o ru\u0161en\u00ed projektov na revitaliz\u00e1ciu vodn\u00fdch tokov,\u201c\u00a0<\/em>uviedol Ki\u010da a dodal, \u017ee tieto opatrenia boli preuk\u00e1zan\u00e9 u\u017e ako splnen\u00e9 m\u00ed\u013eniky v\u00a0ned\u00e1vno schv\u00e1lenej 3. \u017eiadosti o\u00a0platbu. Komisia mus\u00ed sledova\u0165, \u010di Slovensko nekon\u00e1 v\u00a0rozpore s\u00a0nimi a ak by k\u00a0tomu do\u0161lo, museli by sa pozastavi\u0165 v\u0161etky \u010fal\u0161ie \u017eiadosti o\u00a0platbu, \u010do by sp\u00f4sobilo \u0161kody v\u00a0miliard\u00e1ch eur.<\/p>\n\n\n\n<p><em>\u201eNavrhujeme Eur\u00f3pskej komisii, aby zv\u00fd\u0161ila doh\u013ead nad slovensk\u00fdm pl\u00e1nom obnovy, aby si vy\u017eiadala vysvetlenia a\u00a0uistenia od vl\u00e1dy SR, \u017ee ned\u00f4jde k\u00a0zvratu reforiem a\u00a0po\u0161kodzovaniu \u017eivotn\u00e9ho prostredia a aby ustanovila nez\u00e1visl\u00fdch extern\u00fdch expertov, ktor\u00ed to bud\u00fa intenz\u00edvne posudzova\u0165,\u201c\u00a0<\/em>na\u010drtol \u010dlen predsedn\u00edctva a dodal, \u017ee od v\u00fdborov Eur\u00f3pskeho parlamentu strana \u017eiada, aby uplatnili svoju kontroln\u00fa pr\u00e1vomoc a\u00a0spustili proces \u201edial\u00f3g o\u00a0podpore\u201c medzi Eur\u00f3pskou komisiou a\u00a0vl\u00e1dou SR.<\/p>\n\n\n\n<p>Ki\u010da z\u00e1rove\u0148 upozor\u0148uje komisiu na person\u00e1lne \u010distky vrcholov\u00fdch \u0161t\u00e1tnych zamestnancov, ktor\u00ed st\u00e1li pri zrode a&nbsp;\u00faspe\u0161nej implement\u00e1cii pl\u00e1nu obnovy, \u010do rovnako vyvol\u00e1va obavy o&nbsp;transparentnos\u0165.&nbsp;<\/p>\n","protected":false},"excerpt":{"rendered":"<p>Strana Demokrati sa pre ohrozenie pl\u00e1nu obnovy a \u017eivotn\u00e9ho prostredia zo strany kabinetu Roberta Fica obracia na org\u00e1ny Eur\u00f3pskej \u00fanie. O z\u00e1va\u017enosti pl\u00e1novan\u00fdch krokov bude strana informova\u0165 eurokomis\u00e1rov zodpovedn\u00fdch za \u017eivotn\u00e9 prostredie a\u00a0reformy &#8211; Virginijusa Sinkevi\u010diusa a\u00a0Elisu Ferreiru, vr\u00e1tane pr\u00edslu\u0161n\u00fdch v\u00fdborov Eur\u00f3pskeho parlamentu. T\u00e9mu zastre\u0161uje \u010dlen predsedn\u00edctva Michal Ki\u010da, ktor\u00fd hovor\u00ed, \u017ee bude v mene [&hellip;]<\/p>\n","protected":false},"author":7,"featured_media":2381,"comment_status":"closed","ping_status":"closed","sticky":false,"template":"","format":"standard","meta":{"_acf_changed":false,"ngg_post_thumbnail":0,"footnotes":""},"categories":[4],"tags":[],"class_list":["post-2380","post","type-post","status-publish","format-standard","has-post-thumbnail","hentry","category-tlacove-spravy"],"acf":[],"yoast_head":"<!-- This site is optimized with the Yoast SEO plugin v27.2 - https:\/\/yoast.com\/product\/yoast-seo-wordpress\/ -->\n<title>Vl\u00e1da svojimi krokmi ohrozuje \u017eivotn\u00e9 prostredie aj reformy z pl\u00e1nu obnovy - obraciame sa na org\u00e1ny E\u00da - Smedemokrati.sk<\/title>\n<meta name=\"robots\" content=\"index, follow, max-snippet:-1, max-image-preview:large, max-video-preview:-1\" \/>\n<link rel=\"canonical\" href=\"https:\/\/www.smedemokrati.sk\/hu\/vlada-svojimi-krokmi-ohrozuje-zivotne-prostredie-aj-reformy-z-planu-obnovy-obraciame-sa-na-organy-eu\/\" \/>\n<meta property=\"og:locale\" content=\"hu_HU\" \/>\n<meta property=\"og:locale:alternate\" content=\"en_US\" \/>\n<meta property=\"og:locale:alternate\" content=\"cs_CZ\" \/>\n<meta property=\"og:locale:alternate\" content=\"sk_SK\" \/>\n<meta property=\"og:locale:alternate\" content=\"sv_SE\" \/>\n<meta property=\"og:type\" content=\"article\" \/>\n<meta property=\"og:title\" content=\"Vl\u00e1da svojimi krokmi ohrozuje \u017eivotn\u00e9 prostredie aj reformy z pl\u00e1nu obnovy - obraciame sa na org\u00e1ny E\u00da - Smedemokrati.sk\" \/>\n<meta property=\"og:description\" content=\"Strana Demokrati sa pre ohrozenie pl\u00e1nu obnovy a \u017eivotn\u00e9ho prostredia zo strany kabinetu Roberta Fica obracia na org\u00e1ny Eur\u00f3pskej \u00fanie. O z\u00e1va\u017enosti pl\u00e1novan\u00fdch krokov bude strana informova\u0165 eurokomis\u00e1rov zodpovedn\u00fdch za \u017eivotn\u00e9 prostredie a\u00a0reformy &#8211; Virginijusa Sinkevi\u010diusa a\u00a0Elisu Ferreiru, vr\u00e1tane pr\u00edslu\u0161n\u00fdch v\u00fdborov Eur\u00f3pskeho parlamentu. T\u00e9mu zastre\u0161uje \u010dlen predsedn\u00edctva Michal Ki\u010da, ktor\u00fd hovor\u00ed, \u017ee bude v mene [&hellip;]\" \/>\n<meta property=\"og:url\" content=\"https:\/\/www.smedemokrati.sk\/hu\/vlada-svojimi-krokmi-ohrozuje-zivotne-prostredie-aj-reformy-z-planu-obnovy-obraciame-sa-na-organy-eu\/\" \/>\n<meta property=\"og:site_name\" content=\"Smedemokrati.sk\" \/>\n<meta property=\"article:publisher\" content=\"https:\/\/www.facebook.com\/smedemokrati2023\" \/>\n<meta property=\"article:published_time\" content=\"2023-12-04T12:29:18+00:00\" \/>\n<meta property=\"article:modified_time\" content=\"2023-12-04T12:29:19+00:00\" \/>\n<meta property=\"og:image\" content=\"https:\/\/www.smedemokrati.sk\/wp-content\/uploads\/2023\/12\/ddd.jpg\" \/>\n\t<meta property=\"og:image:width\" content=\"2000\" \/>\n\t<meta property=\"og:image:height\" content=\"1139\" \/>\n\t<meta property=\"og:image:type\" content=\"image\/jpeg\" \/>\n<meta name=\"author\" content=\"Tom\u00e1\u0161 Koppl\" \/>\n<meta name=\"twitter:card\" content=\"summary_large_image\" \/>\n<meta name=\"twitter:label1\" content=\"Szerz\u0151:\" \/>\n\t<meta name=\"twitter:data1\" content=\"Tom\u00e1\u0161 Koppl\" \/>\n\t<meta name=\"twitter:label2\" content=\"Becs\u00fclt olvas\u00e1si id\u0151\" \/>\n\t<meta name=\"twitter:data2\" content=\"2 perc\" \/>\n<script type=\"application\/ld+json\" class=\"yoast-schema-graph\">{\"@context\":\"https:\/\/schema.org\",\"@graph\":[{\"@type\":\"Article\",\"@id\":\"https:\/\/www.smedemokrati.sk\/vlada-svojimi-krokmi-ohrozuje-zivotne-prostredie-aj-reformy-z-planu-obnovy-obraciame-sa-na-organy-eu\/#article\",\"isPartOf\":{\"@id\":\"https:\/\/www.smedemokrati.sk\/vlada-svojimi-krokmi-ohrozuje-zivotne-prostredie-aj-reformy-z-planu-obnovy-obraciame-sa-na-organy-eu\/\"},\"author\":{\"name\":\"Tom\u00e1\u0161 Koppl\",\"@id\":\"https:\/\/www.smedemokrati.sk\/#\/schema\/person\/c60720f4b9955b3c1ed222ebd1fbbc7c\"},\"headline\":\"Vl\u00e1da svojimi krokmi ohrozuje \u017eivotn\u00e9 prostredie aj reformy z pl\u00e1nu obnovy &#8211; obraciame sa na org\u00e1ny E\u00da\",\"datePublished\":\"2023-12-04T12:29:18+00:00\",\"dateModified\":\"2023-12-04T12:29:19+00:00\",\"mainEntityOfPage\":{\"@id\":\"https:\/\/www.smedemokrati.sk\/vlada-svojimi-krokmi-ohrozuje-zivotne-prostredie-aj-reformy-z-planu-obnovy-obraciame-sa-na-organy-eu\/\"},\"wordCount\":433,\"publisher\":{\"@id\":\"https:\/\/www.smedemokrati.sk\/#organization\"},\"image\":{\"@id\":\"https:\/\/www.smedemokrati.sk\/vlada-svojimi-krokmi-ohrozuje-zivotne-prostredie-aj-reformy-z-planu-obnovy-obraciame-sa-na-organy-eu\/#primaryimage\"},\"thumbnailUrl\":\"https:\/\/www.smedemokrati.sk\/wp-content\/uploads\/2023\/12\/ddd.jpg\",\"articleSection\":[\"Tla\u010dov\u00e9 spr\u00e1vy\"],\"inLanguage\":\"hu-HU\"},{\"@type\":\"WebPage\",\"@id\":\"https:\/\/www.smedemokrati.sk\/vlada-svojimi-krokmi-ohrozuje-zivotne-prostredie-aj-reformy-z-planu-obnovy-obraciame-sa-na-organy-eu\/\",\"url\":\"https:\/\/www.smedemokrati.sk\/vlada-svojimi-krokmi-ohrozuje-zivotne-prostredie-aj-reformy-z-planu-obnovy-obraciame-sa-na-organy-eu\/\",\"name\":\"Vl\u00e1da svojimi krokmi ohrozuje \u017eivotn\u00e9 prostredie aj reformy z pl\u00e1nu obnovy - obraciame sa na org\u00e1ny E\u00da - Smedemokrati.sk\",\"isPartOf\":{\"@id\":\"https:\/\/www.smedemokrati.sk\/#website\"},\"primaryImageOfPage\":{\"@id\":\"https:\/\/www.smedemokrati.sk\/vlada-svojimi-krokmi-ohrozuje-zivotne-prostredie-aj-reformy-z-planu-obnovy-obraciame-sa-na-organy-eu\/#primaryimage\"},\"image\":{\"@id\":\"https:\/\/www.smedemokrati.sk\/vlada-svojimi-krokmi-ohrozuje-zivotne-prostredie-aj-reformy-z-planu-obnovy-obraciame-sa-na-organy-eu\/#primaryimage\"},\"thumbnailUrl\":\"https:\/\/www.smedemokrati.sk\/wp-content\/uploads\/2023\/12\/ddd.jpg\",\"datePublished\":\"2023-12-04T12:29:18+00:00\",\"dateModified\":\"2023-12-04T12:29:19+00:00\",\"breadcrumb\":{\"@id\":\"https:\/\/www.smedemokrati.sk\/vlada-svojimi-krokmi-ohrozuje-zivotne-prostredie-aj-reformy-z-planu-obnovy-obraciame-sa-na-organy-eu\/#breadcrumb\"},\"inLanguage\":\"hu-HU\",\"potentialAction\":[{\"@type\":\"ReadAction\",\"target\":[\"https:\/\/www.smedemokrati.sk\/vlada-svojimi-krokmi-ohrozuje-zivotne-prostredie-aj-reformy-z-planu-obnovy-obraciame-sa-na-organy-eu\/\"]}]},{\"@type\":\"ImageObject\",\"inLanguage\":\"hu-HU\",\"@id\":\"https:\/\/www.smedemokrati.sk\/vlada-svojimi-krokmi-ohrozuje-zivotne-prostredie-aj-reformy-z-planu-obnovy-obraciame-sa-na-organy-eu\/#primaryimage\",\"url\":\"https:\/\/www.smedemokrati.sk\/wp-content\/uploads\/2023\/12\/ddd.jpg\",\"contentUrl\":\"https:\/\/www.smedemokrati.sk\/wp-content\/uploads\/2023\/12\/ddd.jpg\",\"width\":2000,\"height\":1139},{\"@type\":\"BreadcrumbList\",\"@id\":\"https:\/\/www.smedemokrati.sk\/vlada-svojimi-krokmi-ohrozuje-zivotne-prostredie-aj-reformy-z-planu-obnovy-obraciame-sa-na-organy-eu\/#breadcrumb\",\"itemListElement\":[{\"@type\":\"ListItem\",\"position\":1,\"name\":\"Domovsk\u00e1 str\u00e1nka\",\"item\":\"https:\/\/www.smedemokrati.sk\/\"},{\"@type\":\"ListItem\",\"position\":2,\"name\":\"Vl\u00e1da svojimi krokmi ohrozuje \u017eivotn\u00e9 prostredie aj reformy z pl\u00e1nu obnovy &#8211; obraciame sa na org\u00e1ny E\u00da\"}]},{\"@type\":\"WebSite\",\"@id\":\"https:\/\/www.smedemokrati.sk\/#website\",\"url\":\"https:\/\/www.smedemokrati.sk\/\",\"name\":\"Smedemokrati.sk\",\"description\":\"Demokracia a slu\u0161nos\u0165 zv\u00ed\u0165az\u00ed\",\"publisher\":{\"@id\":\"https:\/\/www.smedemokrati.sk\/#organization\"},\"potentialAction\":[{\"@type\":\"SearchAction\",\"target\":{\"@type\":\"EntryPoint\",\"urlTemplate\":\"https:\/\/www.smedemokrati.sk\/?s={search_term_string}\"},\"query-input\":{\"@type\":\"PropertyValueSpecification\",\"valueRequired\":true,\"valueName\":\"search_term_string\"}}],\"inLanguage\":\"hu-HU\"},{\"@type\":\"Organization\",\"@id\":\"https:\/\/www.smedemokrati.sk\/#organization\",\"name\":\"Smedemokrati.sk\",\"url\":\"https:\/\/www.smedemokrati.sk\/\",\"logo\":{\"@type\":\"ImageObject\",\"inLanguage\":\"hu-HU\",\"@id\":\"https:\/\/www.smedemokrati.sk\/#\/schema\/logo\/image\/\",\"url\":\"https:\/\/www.smedemokrati.sk\/wp-content\/uploads\/2023\/04\/ff.002.jpeg\",\"contentUrl\":\"https:\/\/www.smedemokrati.sk\/wp-content\/uploads\/2023\/04\/ff.002.jpeg\",\"width\":640,\"height\":480,\"caption\":\"Smedemokrati.sk\"},\"image\":{\"@id\":\"https:\/\/www.smedemokrati.sk\/#\/schema\/logo\/image\/\"},\"sameAs\":[\"https:\/\/www.facebook.com\/smedemokrati2023\"]},{\"@type\":\"Person\",\"@id\":\"https:\/\/www.smedemokrati.sk\/#\/schema\/person\/c60720f4b9955b3c1ed222ebd1fbbc7c\",\"name\":\"Tom\u00e1\u0161 Koppl\",\"image\":{\"@type\":\"ImageObject\",\"inLanguage\":\"hu-HU\",\"@id\":\"https:\/\/secure.gravatar.com\/avatar\/8dfa38373c5e39821baf74c8e867a6f12e12c6dab6559aa999d10703b0b1c4ce?s=96&d=mm&r=g\",\"url\":\"https:\/\/secure.gravatar.com\/avatar\/8dfa38373c5e39821baf74c8e867a6f12e12c6dab6559aa999d10703b0b1c4ce?s=96&d=mm&r=g\",\"contentUrl\":\"https:\/\/secure.gravatar.com\/avatar\/8dfa38373c5e39821baf74c8e867a6f12e12c6dab6559aa999d10703b0b1c4ce?s=96&d=mm&r=g\",\"caption\":\"Tom\u00e1\u0161 Koppl\"},\"url\":\"https:\/\/www.smedemokrati.sk\/hu\/author\/tomaskoppl\/\"}]}<\/script>\n<!-- \/ Yoast SEO plugin. -->","yoast_head_json":{"title":"Vl\u00e1da svojimi krokmi ohrozuje \u017eivotn\u00e9 prostredie aj reformy z pl\u00e1nu obnovy - obraciame sa na org\u00e1ny E\u00da - Smedemokrati.sk","robots":{"index":"index","follow":"follow","max-snippet":"max-snippet:-1","max-image-preview":"max-image-preview:large","max-video-preview":"max-video-preview:-1"},"canonical":"https:\/\/www.smedemokrati.sk\/hu\/vlada-svojimi-krokmi-ohrozuje-zivotne-prostredie-aj-reformy-z-planu-obnovy-obraciame-sa-na-organy-eu\/","og_locale":"hu_HU","og_type":"article","og_title":"Vl\u00e1da svojimi krokmi ohrozuje \u017eivotn\u00e9 prostredie aj reformy z pl\u00e1nu obnovy - obraciame sa na org\u00e1ny E\u00da - Smedemokrati.sk","og_description":"Strana Demokrati sa pre ohrozenie pl\u00e1nu obnovy a \u017eivotn\u00e9ho prostredia zo strany kabinetu Roberta Fica obracia na org\u00e1ny Eur\u00f3pskej \u00fanie. O z\u00e1va\u017enosti pl\u00e1novan\u00fdch krokov bude strana informova\u0165 eurokomis\u00e1rov zodpovedn\u00fdch za \u017eivotn\u00e9 prostredie a\u00a0reformy &#8211; Virginijusa Sinkevi\u010diusa a\u00a0Elisu Ferreiru, vr\u00e1tane pr\u00edslu\u0161n\u00fdch v\u00fdborov Eur\u00f3pskeho parlamentu. T\u00e9mu zastre\u0161uje \u010dlen predsedn\u00edctva Michal Ki\u010da, ktor\u00fd hovor\u00ed, \u017ee bude v mene [&hellip;]","og_url":"https:\/\/www.smedemokrati.sk\/hu\/vlada-svojimi-krokmi-ohrozuje-zivotne-prostredie-aj-reformy-z-planu-obnovy-obraciame-sa-na-organy-eu\/","og_site_name":"Smedemokrati.sk","article_publisher":"https:\/\/www.facebook.com\/smedemokrati2023","article_published_time":"2023-12-04T12:29:18+00:00","article_modified_time":"2023-12-04T12:29:19+00:00","og_image":[{"width":2000,"height":1139,"url":"https:\/\/www.smedemokrati.sk\/wp-content\/uploads\/2023\/12\/ddd.jpg","type":"image\/jpeg"}],"author":"Tom\u00e1\u0161 Koppl","twitter_card":"summary_large_image","twitter_misc":{"Szerz\u0151:":"Tom\u00e1\u0161 Koppl","Becs\u00fclt olvas\u00e1si id\u0151":"2 perc"},"schema":{"@context":"https:\/\/schema.org","@graph":[{"@type":"Article","@id":"https:\/\/www.smedemokrati.sk\/vlada-svojimi-krokmi-ohrozuje-zivotne-prostredie-aj-reformy-z-planu-obnovy-obraciame-sa-na-organy-eu\/#article","isPartOf":{"@id":"https:\/\/www.smedemokrati.sk\/vlada-svojimi-krokmi-ohrozuje-zivotne-prostredie-aj-reformy-z-planu-obnovy-obraciame-sa-na-organy-eu\/"},"author":{"name":"Tom\u00e1\u0161 Koppl","@id":"https:\/\/www.smedemokrati.sk\/#\/schema\/person\/c60720f4b9955b3c1ed222ebd1fbbc7c"},"headline":"Vl\u00e1da svojimi krokmi ohrozuje \u017eivotn\u00e9 prostredie aj reformy z pl\u00e1nu obnovy &#8211; obraciame sa na org\u00e1ny E\u00da","datePublished":"2023-12-04T12:29:18+00:00","dateModified":"2023-12-04T12:29:19+00:00","mainEntityOfPage":{"@id":"https:\/\/www.smedemokrati.sk\/vlada-svojimi-krokmi-ohrozuje-zivotne-prostredie-aj-reformy-z-planu-obnovy-obraciame-sa-na-organy-eu\/"},"wordCount":433,"publisher":{"@id":"https:\/\/www.smedemokrati.sk\/#organization"},"image":{"@id":"https:\/\/www.smedemokrati.sk\/vlada-svojimi-krokmi-ohrozuje-zivotne-prostredie-aj-reformy-z-planu-obnovy-obraciame-sa-na-organy-eu\/#primaryimage"},"thumbnailUrl":"https:\/\/www.smedemokrati.sk\/wp-content\/uploads\/2023\/12\/ddd.jpg","articleSection":["Tla\u010dov\u00e9 spr\u00e1vy"],"inLanguage":"hu-HU"},{"@type":"WebPage","@id":"https:\/\/www.smedemokrati.sk\/vlada-svojimi-krokmi-ohrozuje-zivotne-prostredie-aj-reformy-z-planu-obnovy-obraciame-sa-na-organy-eu\/","url":"https:\/\/www.smedemokrati.sk\/vlada-svojimi-krokmi-ohrozuje-zivotne-prostredie-aj-reformy-z-planu-obnovy-obraciame-sa-na-organy-eu\/","name":"Vl\u00e1da svojimi krokmi ohrozuje \u017eivotn\u00e9 prostredie aj reformy z pl\u00e1nu obnovy - obraciame sa na org\u00e1ny E\u00da - Smedemokrati.sk","isPartOf":{"@id":"https:\/\/www.smedemokrati.sk\/#website"},"primaryImageOfPage":{"@id":"https:\/\/www.smedemokrati.sk\/vlada-svojimi-krokmi-ohrozuje-zivotne-prostredie-aj-reformy-z-planu-obnovy-obraciame-sa-na-organy-eu\/#primaryimage"},"image":{"@id":"https:\/\/www.smedemokrati.sk\/vlada-svojimi-krokmi-ohrozuje-zivotne-prostredie-aj-reformy-z-planu-obnovy-obraciame-sa-na-organy-eu\/#primaryimage"},"thumbnailUrl":"https:\/\/www.smedemokrati.sk\/wp-content\/uploads\/2023\/12\/ddd.jpg","datePublished":"2023-12-04T12:29:18+00:00","dateModified":"2023-12-04T12:29:19+00:00","breadcrumb":{"@id":"https:\/\/www.smedemokrati.sk\/vlada-svojimi-krokmi-ohrozuje-zivotne-prostredie-aj-reformy-z-planu-obnovy-obraciame-sa-na-organy-eu\/#breadcrumb"},"inLanguage":"hu-HU","potentialAction":[{"@type":"ReadAction","target":["https:\/\/www.smedemokrati.sk\/vlada-svojimi-krokmi-ohrozuje-zivotne-prostredie-aj-reformy-z-planu-obnovy-obraciame-sa-na-organy-eu\/"]}]},{"@type":"ImageObject","inLanguage":"hu-HU","@id":"https:\/\/www.smedemokrati.sk\/vlada-svojimi-krokmi-ohrozuje-zivotne-prostredie-aj-reformy-z-planu-obnovy-obraciame-sa-na-organy-eu\/#primaryimage","url":"https:\/\/www.smedemokrati.sk\/wp-content\/uploads\/2023\/12\/ddd.jpg","contentUrl":"https:\/\/www.smedemokrati.sk\/wp-content\/uploads\/2023\/12\/ddd.jpg","width":2000,"height":1139},{"@type":"BreadcrumbList","@id":"https:\/\/www.smedemokrati.sk\/vlada-svojimi-krokmi-ohrozuje-zivotne-prostredie-aj-reformy-z-planu-obnovy-obraciame-sa-na-organy-eu\/#breadcrumb","itemListElement":[{"@type":"ListItem","position":1,"name":"Domovsk\u00e1 str\u00e1nka","item":"https:\/\/www.smedemokrati.sk\/"},{"@type":"ListItem","position":2,"name":"Vl\u00e1da svojimi krokmi ohrozuje \u017eivotn\u00e9 prostredie aj reformy z pl\u00e1nu obnovy &#8211; obraciame sa na org\u00e1ny E\u00da"}]},{"@type":"WebSite","@id":"https:\/\/www.smedemokrati.sk\/#website","url":"https:\/\/www.smedemokrati.sk\/","name":"Smedemokrati.sk","description":"Demokracia a slu\u0161nos\u0165 zv\u00ed\u0165az\u00ed","publisher":{"@id":"https:\/\/www.smedemokrati.sk\/#organization"},"potentialAction":[{"@type":"SearchAction","target":{"@type":"EntryPoint","urlTemplate":"https:\/\/www.smedemokrati.sk\/?s={search_term_string}"},"query-input":{"@type":"PropertyValueSpecification","valueRequired":true,"valueName":"search_term_string"}}],"inLanguage":"hu-HU"},{"@type":"Organization","@id":"https:\/\/www.smedemokrati.sk\/#organization","name":"Smedemokrati.sk","url":"https:\/\/www.smedemokrati.sk\/","logo":{"@type":"ImageObject","inLanguage":"hu-HU","@id":"https:\/\/www.smedemokrati.sk\/#\/schema\/logo\/image\/","url":"https:\/\/www.smedemokrati.sk\/wp-content\/uploads\/2023\/04\/ff.002.jpeg","contentUrl":"https:\/\/www.smedemokrati.sk\/wp-content\/uploads\/2023\/04\/ff.002.jpeg","width":640,"height":480,"caption":"Smedemokrati.sk"},"image":{"@id":"https:\/\/www.smedemokrati.sk\/#\/schema\/logo\/image\/"},"sameAs":["https:\/\/www.facebook.com\/smedemokrati2023"]},{"@type":"Person","@id":"https:\/\/www.smedemokrati.sk\/#\/schema\/person\/c60720f4b9955b3c1ed222ebd1fbbc7c","name":"Tom\u00e1\u0161 Koppl","image":{"@type":"ImageObject","inLanguage":"hu-HU","@id":"https:\/\/secure.gravatar.com\/avatar\/8dfa38373c5e39821baf74c8e867a6f12e12c6dab6559aa999d10703b0b1c4ce?s=96&d=mm&r=g","url":"https:\/\/secure.gravatar.com\/avatar\/8dfa38373c5e39821baf74c8e867a6f12e12c6dab6559aa999d10703b0b1c4ce?s=96&d=mm&r=g","contentUrl":"https:\/\/secure.gravatar.com\/avatar\/8dfa38373c5e39821baf74c8e867a6f12e12c6dab6559aa999d10703b0b1c4ce?s=96&d=mm&r=g","caption":"Tom\u00e1\u0161 Koppl"},"url":"https:\/\/www.smedemokrati.sk\/hu\/author\/tomaskoppl\/"}]}},"_links":{"self":[{"href":"https:\/\/www.smedemokrati.sk\/hu\/wp-json\/wp\/v2\/posts\/2380","targetHints":{"allow":["GET"]}}],"collection":[{"href":"https:\/\/www.smedemokrati.sk\/hu\/wp-json\/wp\/v2\/posts"}],"about":[{"href":"https:\/\/www.smedemokrati.sk\/hu\/wp-json\/wp\/v2\/types\/post"}],"author":[{"embeddable":true,"href":"https:\/\/www.smedemokrati.sk\/hu\/wp-json\/wp\/v2\/users\/7"}],"replies":[{"embeddable":true,"href":"https:\/\/www.smedemokrati.sk\/hu\/wp-json\/wp\/v2\/comments?post=2380"}],"version-history":[{"count":1,"href":"https:\/\/www.smedemokrati.sk\/hu\/wp-json\/wp\/v2\/posts\/2380\/revisions"}],"predecessor-version":[{"id":2382,"href":"https:\/\/www.smedemokrati.sk\/hu\/wp-json\/wp\/v2\/posts\/2380\/revisions\/2382"}],"wp:featuredmedia":[{"embeddable":true,"href":"https:\/\/www.smedemokrati.sk\/hu\/wp-json\/wp\/v2\/media\/2381"}],"wp:attachment":[{"href":"https:\/\/www.smedemokrati.sk\/hu\/wp-json\/wp\/v2\/media?parent=2380"}],"wp:term":[{"taxonomy":"category","embeddable":true,"href":"https:\/\/www.smedemokrati.sk\/hu\/wp-json\/wp\/v2\/categories?post=2380"},{"taxonomy":"post_tag","embeddable":true,"href":"https:\/\/www.smedemokrati.sk\/hu\/wp-json\/wp\/v2\/tags?post=2380"}],"curies":[{"name":"wp","href":"https:\/\/api.w.org\/{rel}","templated":true}]}}