{"id":2340,"date":"2023-12-01T12:51:25","date_gmt":"2023-12-01T10:51:25","guid":{"rendered":"https:\/\/www.smedemokrati.sk\/?p=2340"},"modified":"2023-12-03T00:18:08","modified_gmt":"2023-12-02T22:18:08","slug":"vlada-chce-rozhodnut-o-zruseni-uradu-specialnej-prokuratury-a-specializovaneho-trestneho-sudu","status":"publish","type":"post","link":"https:\/\/www.smedemokrati.sk\/hu\/vlada-chce-rozhodnut-o-zruseni-uradu-specialnej-prokuratury-a-specializovaneho-trestneho-sudu\/","title":{"rendered":"Vl\u00e1da chce rozhodn\u00fa\u0165 o zru\u0161en\u00ed \u00daradu \u0161peci\u00e1lnej prokurat\u00fary a \u0160pecializovan\u00e9ho trestn\u00e9ho s\u00fadu"},"content":{"rendered":"<div id=\"fb-root\"><\/div>\n\n<p><em><strong>\u010clen predsedn\u00edctva Juraj \u0160eliga upozor\u0148uje, \u017ee kabinet Roberta Fica chce u\u017e na najbli\u017e\u0161om rokovan\u00ed vl\u00e1dy r\u00fdchlo rozhodn\u00fa\u0165 o zru\u0161en\u00ed \u00daradu \u0161peci\u00e1lnej prokurat\u00fary a \u0160pecializovanom trestnom s\u00fade. Demokrati z\u00e1rove\u0148 vyz\u00fdvaj\u00fa opoz\u00edciu, aby t\u00e9me venovala n\u00e1le\u017eit\u00fa pozornos\u0165.&nbsp;<\/strong><\/em><\/p>\n\n\n\n<p><em>\u201eS\u00fa to pr\u00e1ve tie in\u0161tit\u00facie, ktor\u00e9 dozoruj\u00fa najz\u00e1va\u017enej\u0161ie korup\u010dn\u00e9 kauzy, resp. o nich rozhoduj\u00fa na s\u00fade. \u00c1no aj tak\u00e9 kauzy, ktor\u00e9 sa t\u00fdkaj\u00fa Smeru, Hlasu a SNS. Ide o brut\u00e1lny \u00fatok na pr\u00e1vny \u0161t\u00e1t, ten chc\u00fa pochova\u0165 novelou, pravdepodobne v skr\u00e1tenom legislat\u00edvnom konan\u00ed. V\u0161etky vy\u0161etrovania bud\u00fa stopnut\u00e9 a sudcovia bud\u00fa preraden\u00ed. A to v\u0161etko pre pokojn\u00fd sp\u00e1nok Roberta Fica.\u201c<\/em>&nbsp;Povedal \u0160eliga a na\u010drtol, \u017ee \u0160peci\u00e1lna prokurat\u00fara a \u0160pecializovan\u00fd trestn\u00fd s\u00fad m\u00f4\u017eu by\u0165 podriaden\u00e9 M. \u017dilinkovi, ktor\u00fd bude ma\u0165 absol\u00fatnu pr\u00e1vomoc nad v\u0161etk\u00fdmi pr\u00edpadmi.&nbsp;<\/p>\n\n\n\n<p>Aj z tohto d\u00f4vodu bud\u00fa Demokrati kontaktova\u0165 Eur\u00f3psku komisiu, aby proces pozorne sledovala a adekv\u00e1tne vyhodnotila. \u0160eliga tie\u017e vyz\u00fdva parlamentn\u00fa opoz\u00edciu, aby k t\u00e9me pristupovala s absol\u00fatnou prioritou:&nbsp;<em>\u201eNesmieme to necha\u0165 tak. Mobilizujme verejnos\u0165, hovorme o tom, ak\u00e9 je to nebezpe\u010dn\u00e9 a upozor\u0148ujme na d\u00f4sledok, \u017ee zru\u0161en\u00edm t\u00fdchto in\u0161tit\u00faci\u00ed hroz\u00ed absol\u00fatna nadvl\u00e1da Fica a koniec spravodlivosti na Slovensku.\u201c<\/em><\/p>\n\n\n\n<figure class=\"wp-block-video\"><video height=\"1080\" style=\"aspect-ratio: 608 \/ 1080;\" width=\"608\" controls src=\"https:\/\/www.smedemokrati.sk\/wp-content\/uploads\/2023\/12\/IMG_6167-Up-to-4K.mov\"><\/video><\/figure>\n","protected":false},"excerpt":{"rendered":"<p>\u010clen predsedn\u00edctva Juraj \u0160eliga upozor\u0148uje, \u017ee kabinet Roberta Fica chce u\u017e na najbli\u017e\u0161om rokovan\u00ed vl\u00e1dy r\u00fdchlo rozhodn\u00fa\u0165 o zru\u0161en\u00ed \u00daradu \u0161peci\u00e1lnej prokurat\u00fary a \u0160pecializovanom trestnom s\u00fade. Demokrati z\u00e1rove\u0148 vyz\u00fdvaj\u00fa opoz\u00edciu, aby t\u00e9me venovala n\u00e1le\u017eit\u00fa pozornos\u0165.&nbsp; \u201eS\u00fa to pr\u00e1ve tie in\u0161tit\u00facie, ktor\u00e9 dozoruj\u00fa najz\u00e1va\u017enej\u0161ie korup\u010dn\u00e9 kauzy, resp. o nich rozhoduj\u00fa na s\u00fade. \u00c1no aj tak\u00e9 kauzy, [&hellip;]<\/p>\n","protected":false},"author":7,"featured_media":2344,"comment_status":"closed","ping_status":"closed","sticky":false,"template":"","format":"standard","meta":{"_acf_changed":false,"ngg_post_thumbnail":0,"footnotes":""},"categories":[4],"tags":[],"class_list":["post-2340","post","type-post","status-publish","format-standard","has-post-thumbnail","hentry","category-tlacove-spravy"],"acf":[],"yoast_head":"<!-- This site is optimized with the Yoast SEO plugin v27.2 - https:\/\/yoast.com\/product\/yoast-seo-wordpress\/ -->\n<title>Vl\u00e1da chce rozhodn\u00fa\u0165 o zru\u0161en\u00ed \u00daradu \u0161peci\u00e1lnej prokurat\u00fary a \u0160pecializovan\u00e9ho trestn\u00e9ho s\u00fadu - Smedemokrati.sk<\/title>\n<meta name=\"robots\" content=\"index, follow, max-snippet:-1, max-image-preview:large, max-video-preview:-1\" \/>\n<link rel=\"canonical\" href=\"https:\/\/www.smedemokrati.sk\/hu\/vlada-chce-rozhodnut-o-zruseni-uradu-specialnej-prokuratury-a-specializovaneho-trestneho-sudu\/\" \/>\n<meta property=\"og:locale\" content=\"hu_HU\" \/>\n<meta property=\"og:locale:alternate\" content=\"en_US\" \/>\n<meta property=\"og:locale:alternate\" content=\"cs_CZ\" \/>\n<meta property=\"og:locale:alternate\" content=\"sk_SK\" \/>\n<meta property=\"og:locale:alternate\" content=\"sv_SE\" \/>\n<meta property=\"og:type\" content=\"article\" \/>\n<meta property=\"og:title\" content=\"Vl\u00e1da chce rozhodn\u00fa\u0165 o zru\u0161en\u00ed \u00daradu \u0161peci\u00e1lnej prokurat\u00fary a \u0160pecializovan\u00e9ho trestn\u00e9ho s\u00fadu - Smedemokrati.sk\" \/>\n<meta property=\"og:description\" content=\"\u010clen predsedn\u00edctva Juraj \u0160eliga upozor\u0148uje, \u017ee kabinet Roberta Fica chce u\u017e na najbli\u017e\u0161om rokovan\u00ed vl\u00e1dy r\u00fdchlo rozhodn\u00fa\u0165 o zru\u0161en\u00ed \u00daradu \u0161peci\u00e1lnej prokurat\u00fary a \u0160pecializovanom trestnom s\u00fade. Demokrati z\u00e1rove\u0148 vyz\u00fdvaj\u00fa opoz\u00edciu, aby t\u00e9me venovala n\u00e1le\u017eit\u00fa pozornos\u0165.&nbsp; \u201eS\u00fa to pr\u00e1ve tie in\u0161tit\u00facie, ktor\u00e9 dozoruj\u00fa najz\u00e1va\u017enej\u0161ie korup\u010dn\u00e9 kauzy, resp. o nich rozhoduj\u00fa na s\u00fade. \u00c1no aj tak\u00e9 kauzy, [&hellip;]\" \/>\n<meta property=\"og:url\" content=\"https:\/\/www.smedemokrati.sk\/hu\/vlada-chce-rozhodnut-o-zruseni-uradu-specialnej-prokuratury-a-specializovaneho-trestneho-sudu\/\" \/>\n<meta property=\"og:site_name\" content=\"Smedemokrati.sk\" \/>\n<meta property=\"article:publisher\" content=\"https:\/\/www.facebook.com\/smedemokrati2023\" \/>\n<meta property=\"article:published_time\" content=\"2023-12-01T10:51:25+00:00\" \/>\n<meta property=\"article:modified_time\" content=\"2023-12-02T22:18:08+00:00\" \/>\n<meta property=\"og:image\" content=\"https:\/\/www.smedemokrati.sk\/wp-content\/uploads\/2023\/12\/405426961_1013633379726362_3664204576056183490_n.jpg\" \/>\n\t<meta property=\"og:image:width\" content=\"1536\" \/>\n\t<meta property=\"og:image:height\" content=\"976\" \/>\n\t<meta property=\"og:image:type\" content=\"image\/jpeg\" \/>\n<meta name=\"author\" content=\"Tom\u00e1\u0161 Koppl\" \/>\n<meta name=\"twitter:card\" content=\"summary_large_image\" \/>\n<meta name=\"twitter:label1\" content=\"Szerz\u0151:\" \/>\n\t<meta name=\"twitter:data1\" content=\"Tom\u00e1\u0161 Koppl\" \/>\n\t<meta name=\"twitter:label2\" content=\"Becs\u00fclt olvas\u00e1si id\u0151\" \/>\n\t<meta name=\"twitter:data2\" content=\"1 perc\" \/>\n<script type=\"application\/ld+json\" class=\"yoast-schema-graph\">{\"@context\":\"https:\/\/schema.org\",\"@graph\":[{\"@type\":\"Article\",\"@id\":\"https:\/\/www.smedemokrati.sk\/vlada-chce-rozhodnut-o-zruseni-uradu-specialnej-prokuratury-a-specializovaneho-trestneho-sudu\/#article\",\"isPartOf\":{\"@id\":\"https:\/\/www.smedemokrati.sk\/vlada-chce-rozhodnut-o-zruseni-uradu-specialnej-prokuratury-a-specializovaneho-trestneho-sudu\/\"},\"author\":{\"name\":\"Tom\u00e1\u0161 Koppl\",\"@id\":\"https:\/\/www.smedemokrati.sk\/#\/schema\/person\/c60720f4b9955b3c1ed222ebd1fbbc7c\"},\"headline\":\"Vl\u00e1da chce rozhodn\u00fa\u0165 o zru\u0161en\u00ed \u00daradu \u0161peci\u00e1lnej prokurat\u00fary a \u0160pecializovan\u00e9ho trestn\u00e9ho s\u00fadu\",\"datePublished\":\"2023-12-01T10:51:25+00:00\",\"dateModified\":\"2023-12-02T22:18:08+00:00\",\"mainEntityOfPage\":{\"@id\":\"https:\/\/www.smedemokrati.sk\/vlada-chce-rozhodnut-o-zruseni-uradu-specialnej-prokuratury-a-specializovaneho-trestneho-sudu\/\"},\"wordCount\":259,\"publisher\":{\"@id\":\"https:\/\/www.smedemokrati.sk\/#organization\"},\"image\":{\"@id\":\"https:\/\/www.smedemokrati.sk\/vlada-chce-rozhodnut-o-zruseni-uradu-specialnej-prokuratury-a-specializovaneho-trestneho-sudu\/#primaryimage\"},\"thumbnailUrl\":\"https:\/\/www.smedemokrati.sk\/wp-content\/uploads\/2023\/12\/405426961_1013633379726362_3664204576056183490_n.jpg\",\"articleSection\":[\"Tla\u010dov\u00e9 spr\u00e1vy\"],\"inLanguage\":\"hu-HU\"},{\"@type\":\"WebPage\",\"@id\":\"https:\/\/www.smedemokrati.sk\/vlada-chce-rozhodnut-o-zruseni-uradu-specialnej-prokuratury-a-specializovaneho-trestneho-sudu\/\",\"url\":\"https:\/\/www.smedemokrati.sk\/vlada-chce-rozhodnut-o-zruseni-uradu-specialnej-prokuratury-a-specializovaneho-trestneho-sudu\/\",\"name\":\"Vl\u00e1da chce rozhodn\u00fa\u0165 o zru\u0161en\u00ed \u00daradu \u0161peci\u00e1lnej prokurat\u00fary a \u0160pecializovan\u00e9ho trestn\u00e9ho s\u00fadu - Smedemokrati.sk\",\"isPartOf\":{\"@id\":\"https:\/\/www.smedemokrati.sk\/#website\"},\"primaryImageOfPage\":{\"@id\":\"https:\/\/www.smedemokrati.sk\/vlada-chce-rozhodnut-o-zruseni-uradu-specialnej-prokuratury-a-specializovaneho-trestneho-sudu\/#primaryimage\"},\"image\":{\"@id\":\"https:\/\/www.smedemokrati.sk\/vlada-chce-rozhodnut-o-zruseni-uradu-specialnej-prokuratury-a-specializovaneho-trestneho-sudu\/#primaryimage\"},\"thumbnailUrl\":\"https:\/\/www.smedemokrati.sk\/wp-content\/uploads\/2023\/12\/405426961_1013633379726362_3664204576056183490_n.jpg\",\"datePublished\":\"2023-12-01T10:51:25+00:00\",\"dateModified\":\"2023-12-02T22:18:08+00:00\",\"breadcrumb\":{\"@id\":\"https:\/\/www.smedemokrati.sk\/vlada-chce-rozhodnut-o-zruseni-uradu-specialnej-prokuratury-a-specializovaneho-trestneho-sudu\/#breadcrumb\"},\"inLanguage\":\"hu-HU\",\"potentialAction\":[{\"@type\":\"ReadAction\",\"target\":[\"https:\/\/www.smedemokrati.sk\/vlada-chce-rozhodnut-o-zruseni-uradu-specialnej-prokuratury-a-specializovaneho-trestneho-sudu\/\"]}]},{\"@type\":\"ImageObject\",\"inLanguage\":\"hu-HU\",\"@id\":\"https:\/\/www.smedemokrati.sk\/vlada-chce-rozhodnut-o-zruseni-uradu-specialnej-prokuratury-a-specializovaneho-trestneho-sudu\/#primaryimage\",\"url\":\"https:\/\/www.smedemokrati.sk\/wp-content\/uploads\/2023\/12\/405426961_1013633379726362_3664204576056183490_n.jpg\",\"contentUrl\":\"https:\/\/www.smedemokrati.sk\/wp-content\/uploads\/2023\/12\/405426961_1013633379726362_3664204576056183490_n.jpg\",\"width\":1536,\"height\":976},{\"@type\":\"BreadcrumbList\",\"@id\":\"https:\/\/www.smedemokrati.sk\/vlada-chce-rozhodnut-o-zruseni-uradu-specialnej-prokuratury-a-specializovaneho-trestneho-sudu\/#breadcrumb\",\"itemListElement\":[{\"@type\":\"ListItem\",\"position\":1,\"name\":\"Domovsk\u00e1 str\u00e1nka\",\"item\":\"https:\/\/www.smedemokrati.sk\/\"},{\"@type\":\"ListItem\",\"position\":2,\"name\":\"Vl\u00e1da chce rozhodn\u00fa\u0165 o zru\u0161en\u00ed \u00daradu \u0161peci\u00e1lnej prokurat\u00fary a \u0160pecializovan\u00e9ho trestn\u00e9ho s\u00fadu\"}]},{\"@type\":\"WebSite\",\"@id\":\"https:\/\/www.smedemokrati.sk\/#website\",\"url\":\"https:\/\/www.smedemokrati.sk\/\",\"name\":\"Smedemokrati.sk\",\"description\":\"Demokracia a slu\u0161nos\u0165 zv\u00ed\u0165az\u00ed\",\"publisher\":{\"@id\":\"https:\/\/www.smedemokrati.sk\/#organization\"},\"potentialAction\":[{\"@type\":\"SearchAction\",\"target\":{\"@type\":\"EntryPoint\",\"urlTemplate\":\"https:\/\/www.smedemokrati.sk\/?s={search_term_string}\"},\"query-input\":{\"@type\":\"PropertyValueSpecification\",\"valueRequired\":true,\"valueName\":\"search_term_string\"}}],\"inLanguage\":\"hu-HU\"},{\"@type\":\"Organization\",\"@id\":\"https:\/\/www.smedemokrati.sk\/#organization\",\"name\":\"Smedemokrati.sk\",\"url\":\"https:\/\/www.smedemokrati.sk\/\",\"logo\":{\"@type\":\"ImageObject\",\"inLanguage\":\"hu-HU\",\"@id\":\"https:\/\/www.smedemokrati.sk\/#\/schema\/logo\/image\/\",\"url\":\"https:\/\/www.smedemokrati.sk\/wp-content\/uploads\/2023\/04\/ff.002.jpeg\",\"contentUrl\":\"https:\/\/www.smedemokrati.sk\/wp-content\/uploads\/2023\/04\/ff.002.jpeg\",\"width\":640,\"height\":480,\"caption\":\"Smedemokrati.sk\"},\"image\":{\"@id\":\"https:\/\/www.smedemokrati.sk\/#\/schema\/logo\/image\/\"},\"sameAs\":[\"https:\/\/www.facebook.com\/smedemokrati2023\"]},{\"@type\":\"Person\",\"@id\":\"https:\/\/www.smedemokrati.sk\/#\/schema\/person\/c60720f4b9955b3c1ed222ebd1fbbc7c\",\"name\":\"Tom\u00e1\u0161 Koppl\",\"image\":{\"@type\":\"ImageObject\",\"inLanguage\":\"hu-HU\",\"@id\":\"https:\/\/secure.gravatar.com\/avatar\/8dfa38373c5e39821baf74c8e867a6f12e12c6dab6559aa999d10703b0b1c4ce?s=96&d=mm&r=g\",\"url\":\"https:\/\/secure.gravatar.com\/avatar\/8dfa38373c5e39821baf74c8e867a6f12e12c6dab6559aa999d10703b0b1c4ce?s=96&d=mm&r=g\",\"contentUrl\":\"https:\/\/secure.gravatar.com\/avatar\/8dfa38373c5e39821baf74c8e867a6f12e12c6dab6559aa999d10703b0b1c4ce?s=96&d=mm&r=g\",\"caption\":\"Tom\u00e1\u0161 Koppl\"},\"url\":\"https:\/\/www.smedemokrati.sk\/hu\/author\/tomaskoppl\/\"}]}<\/script>\n<!-- \/ Yoast SEO plugin. -->","yoast_head_json":{"title":"Vl\u00e1da chce rozhodn\u00fa\u0165 o zru\u0161en\u00ed \u00daradu \u0161peci\u00e1lnej prokurat\u00fary a \u0160pecializovan\u00e9ho trestn\u00e9ho s\u00fadu - Smedemokrati.sk","robots":{"index":"index","follow":"follow","max-snippet":"max-snippet:-1","max-image-preview":"max-image-preview:large","max-video-preview":"max-video-preview:-1"},"canonical":"https:\/\/www.smedemokrati.sk\/hu\/vlada-chce-rozhodnut-o-zruseni-uradu-specialnej-prokuratury-a-specializovaneho-trestneho-sudu\/","og_locale":"hu_HU","og_type":"article","og_title":"Vl\u00e1da chce rozhodn\u00fa\u0165 o zru\u0161en\u00ed \u00daradu \u0161peci\u00e1lnej prokurat\u00fary a \u0160pecializovan\u00e9ho trestn\u00e9ho s\u00fadu - Smedemokrati.sk","og_description":"\u010clen predsedn\u00edctva Juraj \u0160eliga upozor\u0148uje, \u017ee kabinet Roberta Fica chce u\u017e na najbli\u017e\u0161om rokovan\u00ed vl\u00e1dy r\u00fdchlo rozhodn\u00fa\u0165 o zru\u0161en\u00ed \u00daradu \u0161peci\u00e1lnej prokurat\u00fary a \u0160pecializovanom trestnom s\u00fade. Demokrati z\u00e1rove\u0148 vyz\u00fdvaj\u00fa opoz\u00edciu, aby t\u00e9me venovala n\u00e1le\u017eit\u00fa pozornos\u0165.&nbsp; \u201eS\u00fa to pr\u00e1ve tie in\u0161tit\u00facie, ktor\u00e9 dozoruj\u00fa najz\u00e1va\u017enej\u0161ie korup\u010dn\u00e9 kauzy, resp. o nich rozhoduj\u00fa na s\u00fade. \u00c1no aj tak\u00e9 kauzy, [&hellip;]","og_url":"https:\/\/www.smedemokrati.sk\/hu\/vlada-chce-rozhodnut-o-zruseni-uradu-specialnej-prokuratury-a-specializovaneho-trestneho-sudu\/","og_site_name":"Smedemokrati.sk","article_publisher":"https:\/\/www.facebook.com\/smedemokrati2023","article_published_time":"2023-12-01T10:51:25+00:00","article_modified_time":"2023-12-02T22:18:08+00:00","og_image":[{"width":1536,"height":976,"url":"https:\/\/www.smedemokrati.sk\/wp-content\/uploads\/2023\/12\/405426961_1013633379726362_3664204576056183490_n.jpg","type":"image\/jpeg"}],"author":"Tom\u00e1\u0161 Koppl","twitter_card":"summary_large_image","twitter_misc":{"Szerz\u0151:":"Tom\u00e1\u0161 Koppl","Becs\u00fclt olvas\u00e1si id\u0151":"1 perc"},"schema":{"@context":"https:\/\/schema.org","@graph":[{"@type":"Article","@id":"https:\/\/www.smedemokrati.sk\/vlada-chce-rozhodnut-o-zruseni-uradu-specialnej-prokuratury-a-specializovaneho-trestneho-sudu\/#article","isPartOf":{"@id":"https:\/\/www.smedemokrati.sk\/vlada-chce-rozhodnut-o-zruseni-uradu-specialnej-prokuratury-a-specializovaneho-trestneho-sudu\/"},"author":{"name":"Tom\u00e1\u0161 Koppl","@id":"https:\/\/www.smedemokrati.sk\/#\/schema\/person\/c60720f4b9955b3c1ed222ebd1fbbc7c"},"headline":"Vl\u00e1da chce rozhodn\u00fa\u0165 o zru\u0161en\u00ed \u00daradu \u0161peci\u00e1lnej prokurat\u00fary a \u0160pecializovan\u00e9ho trestn\u00e9ho s\u00fadu","datePublished":"2023-12-01T10:51:25+00:00","dateModified":"2023-12-02T22:18:08+00:00","mainEntityOfPage":{"@id":"https:\/\/www.smedemokrati.sk\/vlada-chce-rozhodnut-o-zruseni-uradu-specialnej-prokuratury-a-specializovaneho-trestneho-sudu\/"},"wordCount":259,"publisher":{"@id":"https:\/\/www.smedemokrati.sk\/#organization"},"image":{"@id":"https:\/\/www.smedemokrati.sk\/vlada-chce-rozhodnut-o-zruseni-uradu-specialnej-prokuratury-a-specializovaneho-trestneho-sudu\/#primaryimage"},"thumbnailUrl":"https:\/\/www.smedemokrati.sk\/wp-content\/uploads\/2023\/12\/405426961_1013633379726362_3664204576056183490_n.jpg","articleSection":["Tla\u010dov\u00e9 spr\u00e1vy"],"inLanguage":"hu-HU"},{"@type":"WebPage","@id":"https:\/\/www.smedemokrati.sk\/vlada-chce-rozhodnut-o-zruseni-uradu-specialnej-prokuratury-a-specializovaneho-trestneho-sudu\/","url":"https:\/\/www.smedemokrati.sk\/vlada-chce-rozhodnut-o-zruseni-uradu-specialnej-prokuratury-a-specializovaneho-trestneho-sudu\/","name":"Vl\u00e1da chce rozhodn\u00fa\u0165 o zru\u0161en\u00ed \u00daradu \u0161peci\u00e1lnej prokurat\u00fary a \u0160pecializovan\u00e9ho trestn\u00e9ho s\u00fadu - Smedemokrati.sk","isPartOf":{"@id":"https:\/\/www.smedemokrati.sk\/#website"},"primaryImageOfPage":{"@id":"https:\/\/www.smedemokrati.sk\/vlada-chce-rozhodnut-o-zruseni-uradu-specialnej-prokuratury-a-specializovaneho-trestneho-sudu\/#primaryimage"},"image":{"@id":"https:\/\/www.smedemokrati.sk\/vlada-chce-rozhodnut-o-zruseni-uradu-specialnej-prokuratury-a-specializovaneho-trestneho-sudu\/#primaryimage"},"thumbnailUrl":"https:\/\/www.smedemokrati.sk\/wp-content\/uploads\/2023\/12\/405426961_1013633379726362_3664204576056183490_n.jpg","datePublished":"2023-12-01T10:51:25+00:00","dateModified":"2023-12-02T22:18:08+00:00","breadcrumb":{"@id":"https:\/\/www.smedemokrati.sk\/vlada-chce-rozhodnut-o-zruseni-uradu-specialnej-prokuratury-a-specializovaneho-trestneho-sudu\/#breadcrumb"},"inLanguage":"hu-HU","potentialAction":[{"@type":"ReadAction","target":["https:\/\/www.smedemokrati.sk\/vlada-chce-rozhodnut-o-zruseni-uradu-specialnej-prokuratury-a-specializovaneho-trestneho-sudu\/"]}]},{"@type":"ImageObject","inLanguage":"hu-HU","@id":"https:\/\/www.smedemokrati.sk\/vlada-chce-rozhodnut-o-zruseni-uradu-specialnej-prokuratury-a-specializovaneho-trestneho-sudu\/#primaryimage","url":"https:\/\/www.smedemokrati.sk\/wp-content\/uploads\/2023\/12\/405426961_1013633379726362_3664204576056183490_n.jpg","contentUrl":"https:\/\/www.smedemokrati.sk\/wp-content\/uploads\/2023\/12\/405426961_1013633379726362_3664204576056183490_n.jpg","width":1536,"height":976},{"@type":"BreadcrumbList","@id":"https:\/\/www.smedemokrati.sk\/vlada-chce-rozhodnut-o-zruseni-uradu-specialnej-prokuratury-a-specializovaneho-trestneho-sudu\/#breadcrumb","itemListElement":[{"@type":"ListItem","position":1,"name":"Domovsk\u00e1 str\u00e1nka","item":"https:\/\/www.smedemokrati.sk\/"},{"@type":"ListItem","position":2,"name":"Vl\u00e1da chce rozhodn\u00fa\u0165 o zru\u0161en\u00ed \u00daradu \u0161peci\u00e1lnej prokurat\u00fary a \u0160pecializovan\u00e9ho trestn\u00e9ho s\u00fadu"}]},{"@type":"WebSite","@id":"https:\/\/www.smedemokrati.sk\/#website","url":"https:\/\/www.smedemokrati.sk\/","name":"Smedemokrati.sk","description":"Demokracia a slu\u0161nos\u0165 zv\u00ed\u0165az\u00ed","publisher":{"@id":"https:\/\/www.smedemokrati.sk\/#organization"},"potentialAction":[{"@type":"SearchAction","target":{"@type":"EntryPoint","urlTemplate":"https:\/\/www.smedemokrati.sk\/?s={search_term_string}"},"query-input":{"@type":"PropertyValueSpecification","valueRequired":true,"valueName":"search_term_string"}}],"inLanguage":"hu-HU"},{"@type":"Organization","@id":"https:\/\/www.smedemokrati.sk\/#organization","name":"Smedemokrati.sk","url":"https:\/\/www.smedemokrati.sk\/","logo":{"@type":"ImageObject","inLanguage":"hu-HU","@id":"https:\/\/www.smedemokrati.sk\/#\/schema\/logo\/image\/","url":"https:\/\/www.smedemokrati.sk\/wp-content\/uploads\/2023\/04\/ff.002.jpeg","contentUrl":"https:\/\/www.smedemokrati.sk\/wp-content\/uploads\/2023\/04\/ff.002.jpeg","width":640,"height":480,"caption":"Smedemokrati.sk"},"image":{"@id":"https:\/\/www.smedemokrati.sk\/#\/schema\/logo\/image\/"},"sameAs":["https:\/\/www.facebook.com\/smedemokrati2023"]},{"@type":"Person","@id":"https:\/\/www.smedemokrati.sk\/#\/schema\/person\/c60720f4b9955b3c1ed222ebd1fbbc7c","name":"Tom\u00e1\u0161 Koppl","image":{"@type":"ImageObject","inLanguage":"hu-HU","@id":"https:\/\/secure.gravatar.com\/avatar\/8dfa38373c5e39821baf74c8e867a6f12e12c6dab6559aa999d10703b0b1c4ce?s=96&d=mm&r=g","url":"https:\/\/secure.gravatar.com\/avatar\/8dfa38373c5e39821baf74c8e867a6f12e12c6dab6559aa999d10703b0b1c4ce?s=96&d=mm&r=g","contentUrl":"https:\/\/secure.gravatar.com\/avatar\/8dfa38373c5e39821baf74c8e867a6f12e12c6dab6559aa999d10703b0b1c4ce?s=96&d=mm&r=g","caption":"Tom\u00e1\u0161 Koppl"},"url":"https:\/\/www.smedemokrati.sk\/hu\/author\/tomaskoppl\/"}]}},"_links":{"self":[{"href":"https:\/\/www.smedemokrati.sk\/hu\/wp-json\/wp\/v2\/posts\/2340","targetHints":{"allow":["GET"]}}],"collection":[{"href":"https:\/\/www.smedemokrati.sk\/hu\/wp-json\/wp\/v2\/posts"}],"about":[{"href":"https:\/\/www.smedemokrati.sk\/hu\/wp-json\/wp\/v2\/types\/post"}],"author":[{"embeddable":true,"href":"https:\/\/www.smedemokrati.sk\/hu\/wp-json\/wp\/v2\/users\/7"}],"replies":[{"embeddable":true,"href":"https:\/\/www.smedemokrati.sk\/hu\/wp-json\/wp\/v2\/comments?post=2340"}],"version-history":[{"count":2,"href":"https:\/\/www.smedemokrati.sk\/hu\/wp-json\/wp\/v2\/posts\/2340\/revisions"}],"predecessor-version":[{"id":2345,"href":"https:\/\/www.smedemokrati.sk\/hu\/wp-json\/wp\/v2\/posts\/2340\/revisions\/2345"}],"wp:featuredmedia":[{"embeddable":true,"href":"https:\/\/www.smedemokrati.sk\/hu\/wp-json\/wp\/v2\/media\/2344"}],"wp:attachment":[{"href":"https:\/\/www.smedemokrati.sk\/hu\/wp-json\/wp\/v2\/media?parent=2340"}],"wp:term":[{"taxonomy":"category","embeddable":true,"href":"https:\/\/www.smedemokrati.sk\/hu\/wp-json\/wp\/v2\/categories?post=2340"},{"taxonomy":"post_tag","embeddable":true,"href":"https:\/\/www.smedemokrati.sk\/hu\/wp-json\/wp\/v2\/tags?post=2340"}],"curies":[{"name":"wp","href":"https:\/\/api.w.org\/{rel}","templated":true}]}}