{"id":2317,"date":"2023-11-16T18:41:25","date_gmt":"2023-11-16T16:41:25","guid":{"rendered":"https:\/\/www.smedemokrati.sk\/?p=2317"},"modified":"2023-12-01T12:51:38","modified_gmt":"2023-12-01T10:51:38","slug":"sutaj-estok-zacal-byt-svojim-konanim-nebezpecny-aj-pre-pellegriniho","status":"publish","type":"post","link":"https:\/\/www.smedemokrati.sk\/hu\/sutaj-estok-zacal-byt-svojim-konanim-nebezpecny-aj-pre-pellegriniho\/","title":{"rendered":"\u0160utaj E\u0161tok za\u010dal by\u0165 svoj\u00edm konan\u00edm nebezpe\u010dn\u00fd aj pre Pellegriniho"},"content":{"rendered":"<div id=\"fb-root\"><\/div>\n\n<p><strong><em>Demokrati v s\u00favislosti s nez\u00e1konn\u00fdmi person\u00e1lnymi postupmi M. \u0160utaja E\u0161toka hovoria o pokusoch o normaliz\u00e1ciu, ktor\u00e9 s\u00fa navy\u0161e, v predve\u010der 17. novembra absol\u00fatnym poh\u0155dan\u00edm odkazu D\u0148a boja za slobodu a demokraciu.<\/em><br><\/strong><\/p>\n\n\n\n<p>Strana vyz\u00fdva ministra E\u0161toka, aby zi\u0161iel z krat\u0161ej cesty a zru\u0161il person\u00e1lne rozhodnutia vo\u010di radu policajtov, ktor\u00fdch pod\u013ea s\u00fadu nez\u00e1konne postavil mimo slu\u017ebu:&nbsp;<em>\u201cHovor\u00edme o vy\u0161etrovate\u013eoch, ktor\u00ed s\u00fa desiatky rokov v pol\u00edcii. Ke\u010f vy\u0161etrovali najv\u00e4\u010d\u0161ie mafi\u00e1nske skupiny, nikomu nevadili a dost\u00e1vali pochvalu. Ke\u010f rovnako pokra\u010duj\u00fa vo svojej pr\u00e1ci a ukazuj\u00fa na podobn\u00e9 nez\u00e1konnosti s\u00fa karhan\u00ed. P\u00fdtam sa, pre\u010do vadia a kto sa im za neprimeran\u00e9 postupy ospravedln\u00ed?\u201d<\/em>&nbsp;Hovor\u00ed&nbsp;<strong>Juraj<\/strong>&nbsp;<strong>\u0160eliga<\/strong>&nbsp;a trv\u00e1 na tom, \u017ee vy\u0161etrovate\u013eom mus\u00ed by\u0165 umo\u017enen\u00e9 vr\u00e1ti\u0165 sa do pr\u00e1ce. Dod\u00e1va tie\u017e, \u017ee postup E\u0161toka ni\u010d\u00ed na\u0161u zahrani\u010dn\u00fa reput\u00e1ciu.<\/p>\n\n\n\n<p><em>\u201cMinister E\u0161tok svojou neschopnos\u0165ou a opakovan\u00fdmi zlyhaniami stratil ak\u00fdko\u013evek re\u0161pekt nielen medzi policajtmi a \u010fal\u0161\u00edmi zlo\u017ekami, ale ob\u00e1vam sa, \u017ee stratil aj \u013eudsk\u00fa d\u00f4stojnos\u0165. Jedin\u00e9, \u010do ho m\u00f4\u017ee zachr\u00e1ni\u0165 pred e\u0161te v\u00e4\u010d\u0161ou potupou je demisia. Precenil svoje sily, te\u0161il sa z funkcie, no t\u00e1 ho prevalcovala za p\u00e1r dn\u00ed.\u201d<\/em>&nbsp;Komentoval predseda Demokratov&nbsp;<strong>Eduard<\/strong>&nbsp;<strong>Heger<\/strong>&nbsp;fakt, \u017ee E\u0161tok bol u\u017e druh\u00fdkr\u00e1t s\u00fadom zastaven\u00fd pri \u010distk\u00e1ch. Dodal, \u017ee tieto person\u00e1lne rozhodnutia v\u017edy podpisuj\u00fa viacer\u00ed vysok\u00ed funkcion\u00e1ri, preto sa ob\u00e1va n\u00edzkej odbornosti vedenia rezortu vn\u00fatra, nielen samotn\u00e9ho najvy\u0161\u0161ieho predstavite\u013ea.<\/p>\n\n\n\n<p><strong>Jaroslav<\/strong>&nbsp;<strong>Na\u010f<\/strong>&nbsp;hovor\u00ed, \u017ee konanie E\u0161toka poukazuje na ministrovu neschopnos\u0165, no m\u00f4\u017ee tie\u017e sp\u00f4sobova\u0165 probl\u00e9my na stran\u00edckej \u00farovni Hlasu:&nbsp;<em>\u201cPrep\u00e1\u010dte za v\u00fdraz, no s\u00fa to babr\u00e1ci, ktor\u00ed sa tri a pol roka pripravovali na pomstu, no ani t\u00fa nie s\u00fa schopn\u00ed urobi\u0165 tak, aby neporu\u0161ili z\u00e1kon a nepo\u0161tvali proti sebe Slovensko. \u010co je v\u0161ak e\u0161te viac zauj\u00edmav\u00e9 a m\u00e1lo sa o tom hovor\u00ed je, \u017ee je zjavn\u00e9, ako str\u00e1ca pevn\u00fa p\u00f4du pod nohami vo vlastnej strane Pellegrini. E\u0161tok kon\u00e1 vyslovene na priamy pokyn Fica. Toto m\u00e1 by\u0165 hlava \u0161t\u00e1tu? Pellegrini, ktor\u00fd si nevie poradi\u0165 s t\u00fdmto, prepytujem, ministerkom?\u201d<\/em>&nbsp;Uzavrel Na\u010f.<\/p>\n","protected":false},"excerpt":{"rendered":"<p>Demokrati v s\u00favislosti s nez\u00e1konn\u00fdmi person\u00e1lnymi postupmi M. \u0160utaja E\u0161toka hovoria o pokusoch o normaliz\u00e1ciu, ktor\u00e9 s\u00fa navy\u0161e, v predve\u010der 17. novembra absol\u00fatnym poh\u0155dan\u00edm odkazu D\u0148a boja za slobodu a demokraciu. Strana vyz\u00fdva ministra E\u0161toka, aby zi\u0161iel z krat\u0161ej cesty a zru\u0161il person\u00e1lne rozhodnutia vo\u010di radu policajtov, ktor\u00fdch pod\u013ea s\u00fadu nez\u00e1konne postavil mimo slu\u017ebu:&nbsp;\u201cHovor\u00edme o [&hellip;]<\/p>\n","protected":false},"author":7,"featured_media":2318,"comment_status":"closed","ping_status":"closed","sticky":false,"template":"","format":"standard","meta":{"_acf_changed":false,"ngg_post_thumbnail":0,"footnotes":""},"categories":[4],"tags":[],"class_list":["post-2317","post","type-post","status-publish","format-standard","has-post-thumbnail","hentry","category-tlacove-spravy"],"acf":[],"yoast_head":"<!-- This site is optimized with the Yoast SEO plugin v27.2 - https:\/\/yoast.com\/product\/yoast-seo-wordpress\/ -->\n<title>\u0160utaj E\u0161tok za\u010dal by\u0165 svoj\u00edm konan\u00edm nebezpe\u010dn\u00fd aj pre Pellegriniho - Smedemokrati.sk<\/title>\n<meta name=\"robots\" content=\"index, follow, max-snippet:-1, max-image-preview:large, max-video-preview:-1\" \/>\n<link rel=\"canonical\" href=\"https:\/\/www.smedemokrati.sk\/hu\/sutaj-estok-zacal-byt-svojim-konanim-nebezpecny-aj-pre-pellegriniho\/\" \/>\n<meta property=\"og:locale\" content=\"hu_HU\" \/>\n<meta property=\"og:locale:alternate\" content=\"en_US\" \/>\n<meta property=\"og:locale:alternate\" content=\"cs_CZ\" \/>\n<meta property=\"og:locale:alternate\" content=\"sk_SK\" \/>\n<meta property=\"og:locale:alternate\" content=\"sv_SE\" \/>\n<meta property=\"og:type\" content=\"article\" \/>\n<meta property=\"og:title\" content=\"\u0160utaj E\u0161tok za\u010dal by\u0165 svoj\u00edm konan\u00edm nebezpe\u010dn\u00fd aj pre Pellegriniho - Smedemokrati.sk\" \/>\n<meta property=\"og:description\" content=\"Demokrati v s\u00favislosti s nez\u00e1konn\u00fdmi person\u00e1lnymi postupmi M. \u0160utaja E\u0161toka hovoria o pokusoch o normaliz\u00e1ciu, ktor\u00e9 s\u00fa navy\u0161e, v predve\u010der 17. novembra absol\u00fatnym poh\u0155dan\u00edm odkazu D\u0148a boja za slobodu a demokraciu. Strana vyz\u00fdva ministra E\u0161toka, aby zi\u0161iel z krat\u0161ej cesty a zru\u0161il person\u00e1lne rozhodnutia vo\u010di radu policajtov, ktor\u00fdch pod\u013ea s\u00fadu nez\u00e1konne postavil mimo slu\u017ebu:&nbsp;\u201cHovor\u00edme o [&hellip;]\" \/>\n<meta property=\"og:url\" content=\"https:\/\/www.smedemokrati.sk\/hu\/sutaj-estok-zacal-byt-svojim-konanim-nebezpecny-aj-pre-pellegriniho\/\" \/>\n<meta property=\"og:site_name\" content=\"Smedemokrati.sk\" \/>\n<meta property=\"article:publisher\" content=\"https:\/\/www.facebook.com\/smedemokrati2023\" \/>\n<meta property=\"article:published_time\" content=\"2023-11-16T16:41:25+00:00\" \/>\n<meta property=\"article:modified_time\" content=\"2023-12-01T10:51:38+00:00\" \/>\n<meta property=\"og:image\" content=\"https:\/\/www.smedemokrati.sk\/wp-content\/uploads\/2023\/11\/368599670_3459816214329185_3700000336510541622_n.jpg\" \/>\n\t<meta property=\"og:image:width\" content=\"1584\" \/>\n\t<meta property=\"og:image:height\" content=\"1078\" \/>\n\t<meta property=\"og:image:type\" content=\"image\/jpeg\" \/>\n<meta name=\"author\" content=\"Tom\u00e1\u0161 Koppl\" \/>\n<meta name=\"twitter:card\" content=\"summary_large_image\" \/>\n<meta name=\"twitter:label1\" content=\"Szerz\u0151:\" \/>\n\t<meta name=\"twitter:data1\" content=\"Tom\u00e1\u0161 Koppl\" \/>\n\t<meta name=\"twitter:label2\" content=\"Becs\u00fclt olvas\u00e1si id\u0151\" \/>\n\t<meta name=\"twitter:data2\" content=\"2 perc\" \/>\n<script type=\"application\/ld+json\" class=\"yoast-schema-graph\">{\"@context\":\"https:\/\/schema.org\",\"@graph\":[{\"@type\":\"Article\",\"@id\":\"https:\/\/www.smedemokrati.sk\/sutaj-estok-zacal-byt-svojim-konanim-nebezpecny-aj-pre-pellegriniho\/#article\",\"isPartOf\":{\"@id\":\"https:\/\/www.smedemokrati.sk\/sutaj-estok-zacal-byt-svojim-konanim-nebezpecny-aj-pre-pellegriniho\/\"},\"author\":{\"name\":\"Tom\u00e1\u0161 Koppl\",\"@id\":\"https:\/\/www.smedemokrati.sk\/#\/schema\/person\/c60720f4b9955b3c1ed222ebd1fbbc7c\"},\"headline\":\"\u0160utaj E\u0161tok za\u010dal by\u0165 svoj\u00edm konan\u00edm nebezpe\u010dn\u00fd aj pre Pellegriniho\",\"datePublished\":\"2023-11-16T16:41:25+00:00\",\"dateModified\":\"2023-12-01T10:51:38+00:00\",\"mainEntityOfPage\":{\"@id\":\"https:\/\/www.smedemokrati.sk\/sutaj-estok-zacal-byt-svojim-konanim-nebezpecny-aj-pre-pellegriniho\/\"},\"wordCount\":433,\"publisher\":{\"@id\":\"https:\/\/www.smedemokrati.sk\/#organization\"},\"image\":{\"@id\":\"https:\/\/www.smedemokrati.sk\/sutaj-estok-zacal-byt-svojim-konanim-nebezpecny-aj-pre-pellegriniho\/#primaryimage\"},\"thumbnailUrl\":\"https:\/\/www.smedemokrati.sk\/wp-content\/uploads\/2023\/11\/368599670_3459816214329185_3700000336510541622_n.jpg\",\"articleSection\":[\"Tla\u010dov\u00e9 spr\u00e1vy\"],\"inLanguage\":\"hu-HU\"},{\"@type\":\"WebPage\",\"@id\":\"https:\/\/www.smedemokrati.sk\/sutaj-estok-zacal-byt-svojim-konanim-nebezpecny-aj-pre-pellegriniho\/\",\"url\":\"https:\/\/www.smedemokrati.sk\/sutaj-estok-zacal-byt-svojim-konanim-nebezpecny-aj-pre-pellegriniho\/\",\"name\":\"\u0160utaj E\u0161tok za\u010dal by\u0165 svoj\u00edm konan\u00edm nebezpe\u010dn\u00fd aj pre Pellegriniho - Smedemokrati.sk\",\"isPartOf\":{\"@id\":\"https:\/\/www.smedemokrati.sk\/#website\"},\"primaryImageOfPage\":{\"@id\":\"https:\/\/www.smedemokrati.sk\/sutaj-estok-zacal-byt-svojim-konanim-nebezpecny-aj-pre-pellegriniho\/#primaryimage\"},\"image\":{\"@id\":\"https:\/\/www.smedemokrati.sk\/sutaj-estok-zacal-byt-svojim-konanim-nebezpecny-aj-pre-pellegriniho\/#primaryimage\"},\"thumbnailUrl\":\"https:\/\/www.smedemokrati.sk\/wp-content\/uploads\/2023\/11\/368599670_3459816214329185_3700000336510541622_n.jpg\",\"datePublished\":\"2023-11-16T16:41:25+00:00\",\"dateModified\":\"2023-12-01T10:51:38+00:00\",\"breadcrumb\":{\"@id\":\"https:\/\/www.smedemokrati.sk\/sutaj-estok-zacal-byt-svojim-konanim-nebezpecny-aj-pre-pellegriniho\/#breadcrumb\"},\"inLanguage\":\"hu-HU\",\"potentialAction\":[{\"@type\":\"ReadAction\",\"target\":[\"https:\/\/www.smedemokrati.sk\/sutaj-estok-zacal-byt-svojim-konanim-nebezpecny-aj-pre-pellegriniho\/\"]}]},{\"@type\":\"ImageObject\",\"inLanguage\":\"hu-HU\",\"@id\":\"https:\/\/www.smedemokrati.sk\/sutaj-estok-zacal-byt-svojim-konanim-nebezpecny-aj-pre-pellegriniho\/#primaryimage\",\"url\":\"https:\/\/www.smedemokrati.sk\/wp-content\/uploads\/2023\/11\/368599670_3459816214329185_3700000336510541622_n.jpg\",\"contentUrl\":\"https:\/\/www.smedemokrati.sk\/wp-content\/uploads\/2023\/11\/368599670_3459816214329185_3700000336510541622_n.jpg\",\"width\":1584,\"height\":1078},{\"@type\":\"BreadcrumbList\",\"@id\":\"https:\/\/www.smedemokrati.sk\/sutaj-estok-zacal-byt-svojim-konanim-nebezpecny-aj-pre-pellegriniho\/#breadcrumb\",\"itemListElement\":[{\"@type\":\"ListItem\",\"position\":1,\"name\":\"Domovsk\u00e1 str\u00e1nka\",\"item\":\"https:\/\/www.smedemokrati.sk\/\"},{\"@type\":\"ListItem\",\"position\":2,\"name\":\"\u0160utaj E\u0161tok za\u010dal by\u0165 svoj\u00edm konan\u00edm nebezpe\u010dn\u00fd aj pre Pellegriniho\"}]},{\"@type\":\"WebSite\",\"@id\":\"https:\/\/www.smedemokrati.sk\/#website\",\"url\":\"https:\/\/www.smedemokrati.sk\/\",\"name\":\"Smedemokrati.sk\",\"description\":\"Demokracia a slu\u0161nos\u0165 zv\u00ed\u0165az\u00ed\",\"publisher\":{\"@id\":\"https:\/\/www.smedemokrati.sk\/#organization\"},\"potentialAction\":[{\"@type\":\"SearchAction\",\"target\":{\"@type\":\"EntryPoint\",\"urlTemplate\":\"https:\/\/www.smedemokrati.sk\/?s={search_term_string}\"},\"query-input\":{\"@type\":\"PropertyValueSpecification\",\"valueRequired\":true,\"valueName\":\"search_term_string\"}}],\"inLanguage\":\"hu-HU\"},{\"@type\":\"Organization\",\"@id\":\"https:\/\/www.smedemokrati.sk\/#organization\",\"name\":\"Smedemokrati.sk\",\"url\":\"https:\/\/www.smedemokrati.sk\/\",\"logo\":{\"@type\":\"ImageObject\",\"inLanguage\":\"hu-HU\",\"@id\":\"https:\/\/www.smedemokrati.sk\/#\/schema\/logo\/image\/\",\"url\":\"https:\/\/www.smedemokrati.sk\/wp-content\/uploads\/2023\/04\/ff.002.jpeg\",\"contentUrl\":\"https:\/\/www.smedemokrati.sk\/wp-content\/uploads\/2023\/04\/ff.002.jpeg\",\"width\":640,\"height\":480,\"caption\":\"Smedemokrati.sk\"},\"image\":{\"@id\":\"https:\/\/www.smedemokrati.sk\/#\/schema\/logo\/image\/\"},\"sameAs\":[\"https:\/\/www.facebook.com\/smedemokrati2023\"]},{\"@type\":\"Person\",\"@id\":\"https:\/\/www.smedemokrati.sk\/#\/schema\/person\/c60720f4b9955b3c1ed222ebd1fbbc7c\",\"name\":\"Tom\u00e1\u0161 Koppl\",\"image\":{\"@type\":\"ImageObject\",\"inLanguage\":\"hu-HU\",\"@id\":\"https:\/\/secure.gravatar.com\/avatar\/8dfa38373c5e39821baf74c8e867a6f12e12c6dab6559aa999d10703b0b1c4ce?s=96&d=mm&r=g\",\"url\":\"https:\/\/secure.gravatar.com\/avatar\/8dfa38373c5e39821baf74c8e867a6f12e12c6dab6559aa999d10703b0b1c4ce?s=96&d=mm&r=g\",\"contentUrl\":\"https:\/\/secure.gravatar.com\/avatar\/8dfa38373c5e39821baf74c8e867a6f12e12c6dab6559aa999d10703b0b1c4ce?s=96&d=mm&r=g\",\"caption\":\"Tom\u00e1\u0161 Koppl\"},\"url\":\"https:\/\/www.smedemokrati.sk\/hu\/author\/tomaskoppl\/\"}]}<\/script>\n<!-- \/ Yoast SEO plugin. -->","yoast_head_json":{"title":"\u0160utaj E\u0161tok za\u010dal by\u0165 svoj\u00edm konan\u00edm nebezpe\u010dn\u00fd aj pre Pellegriniho - Smedemokrati.sk","robots":{"index":"index","follow":"follow","max-snippet":"max-snippet:-1","max-image-preview":"max-image-preview:large","max-video-preview":"max-video-preview:-1"},"canonical":"https:\/\/www.smedemokrati.sk\/hu\/sutaj-estok-zacal-byt-svojim-konanim-nebezpecny-aj-pre-pellegriniho\/","og_locale":"hu_HU","og_type":"article","og_title":"\u0160utaj E\u0161tok za\u010dal by\u0165 svoj\u00edm konan\u00edm nebezpe\u010dn\u00fd aj pre Pellegriniho - Smedemokrati.sk","og_description":"Demokrati v s\u00favislosti s nez\u00e1konn\u00fdmi person\u00e1lnymi postupmi M. \u0160utaja E\u0161toka hovoria o pokusoch o normaliz\u00e1ciu, ktor\u00e9 s\u00fa navy\u0161e, v predve\u010der 17. novembra absol\u00fatnym poh\u0155dan\u00edm odkazu D\u0148a boja za slobodu a demokraciu. Strana vyz\u00fdva ministra E\u0161toka, aby zi\u0161iel z krat\u0161ej cesty a zru\u0161il person\u00e1lne rozhodnutia vo\u010di radu policajtov, ktor\u00fdch pod\u013ea s\u00fadu nez\u00e1konne postavil mimo slu\u017ebu:&nbsp;\u201cHovor\u00edme o [&hellip;]","og_url":"https:\/\/www.smedemokrati.sk\/hu\/sutaj-estok-zacal-byt-svojim-konanim-nebezpecny-aj-pre-pellegriniho\/","og_site_name":"Smedemokrati.sk","article_publisher":"https:\/\/www.facebook.com\/smedemokrati2023","article_published_time":"2023-11-16T16:41:25+00:00","article_modified_time":"2023-12-01T10:51:38+00:00","og_image":[{"width":1584,"height":1078,"url":"https:\/\/www.smedemokrati.sk\/wp-content\/uploads\/2023\/11\/368599670_3459816214329185_3700000336510541622_n.jpg","type":"image\/jpeg"}],"author":"Tom\u00e1\u0161 Koppl","twitter_card":"summary_large_image","twitter_misc":{"Szerz\u0151:":"Tom\u00e1\u0161 Koppl","Becs\u00fclt olvas\u00e1si id\u0151":"2 perc"},"schema":{"@context":"https:\/\/schema.org","@graph":[{"@type":"Article","@id":"https:\/\/www.smedemokrati.sk\/sutaj-estok-zacal-byt-svojim-konanim-nebezpecny-aj-pre-pellegriniho\/#article","isPartOf":{"@id":"https:\/\/www.smedemokrati.sk\/sutaj-estok-zacal-byt-svojim-konanim-nebezpecny-aj-pre-pellegriniho\/"},"author":{"name":"Tom\u00e1\u0161 Koppl","@id":"https:\/\/www.smedemokrati.sk\/#\/schema\/person\/c60720f4b9955b3c1ed222ebd1fbbc7c"},"headline":"\u0160utaj E\u0161tok za\u010dal by\u0165 svoj\u00edm konan\u00edm nebezpe\u010dn\u00fd aj pre Pellegriniho","datePublished":"2023-11-16T16:41:25+00:00","dateModified":"2023-12-01T10:51:38+00:00","mainEntityOfPage":{"@id":"https:\/\/www.smedemokrati.sk\/sutaj-estok-zacal-byt-svojim-konanim-nebezpecny-aj-pre-pellegriniho\/"},"wordCount":433,"publisher":{"@id":"https:\/\/www.smedemokrati.sk\/#organization"},"image":{"@id":"https:\/\/www.smedemokrati.sk\/sutaj-estok-zacal-byt-svojim-konanim-nebezpecny-aj-pre-pellegriniho\/#primaryimage"},"thumbnailUrl":"https:\/\/www.smedemokrati.sk\/wp-content\/uploads\/2023\/11\/368599670_3459816214329185_3700000336510541622_n.jpg","articleSection":["Tla\u010dov\u00e9 spr\u00e1vy"],"inLanguage":"hu-HU"},{"@type":"WebPage","@id":"https:\/\/www.smedemokrati.sk\/sutaj-estok-zacal-byt-svojim-konanim-nebezpecny-aj-pre-pellegriniho\/","url":"https:\/\/www.smedemokrati.sk\/sutaj-estok-zacal-byt-svojim-konanim-nebezpecny-aj-pre-pellegriniho\/","name":"\u0160utaj E\u0161tok za\u010dal by\u0165 svoj\u00edm konan\u00edm nebezpe\u010dn\u00fd aj pre Pellegriniho - Smedemokrati.sk","isPartOf":{"@id":"https:\/\/www.smedemokrati.sk\/#website"},"primaryImageOfPage":{"@id":"https:\/\/www.smedemokrati.sk\/sutaj-estok-zacal-byt-svojim-konanim-nebezpecny-aj-pre-pellegriniho\/#primaryimage"},"image":{"@id":"https:\/\/www.smedemokrati.sk\/sutaj-estok-zacal-byt-svojim-konanim-nebezpecny-aj-pre-pellegriniho\/#primaryimage"},"thumbnailUrl":"https:\/\/www.smedemokrati.sk\/wp-content\/uploads\/2023\/11\/368599670_3459816214329185_3700000336510541622_n.jpg","datePublished":"2023-11-16T16:41:25+00:00","dateModified":"2023-12-01T10:51:38+00:00","breadcrumb":{"@id":"https:\/\/www.smedemokrati.sk\/sutaj-estok-zacal-byt-svojim-konanim-nebezpecny-aj-pre-pellegriniho\/#breadcrumb"},"inLanguage":"hu-HU","potentialAction":[{"@type":"ReadAction","target":["https:\/\/www.smedemokrati.sk\/sutaj-estok-zacal-byt-svojim-konanim-nebezpecny-aj-pre-pellegriniho\/"]}]},{"@type":"ImageObject","inLanguage":"hu-HU","@id":"https:\/\/www.smedemokrati.sk\/sutaj-estok-zacal-byt-svojim-konanim-nebezpecny-aj-pre-pellegriniho\/#primaryimage","url":"https:\/\/www.smedemokrati.sk\/wp-content\/uploads\/2023\/11\/368599670_3459816214329185_3700000336510541622_n.jpg","contentUrl":"https:\/\/www.smedemokrati.sk\/wp-content\/uploads\/2023\/11\/368599670_3459816214329185_3700000336510541622_n.jpg","width":1584,"height":1078},{"@type":"BreadcrumbList","@id":"https:\/\/www.smedemokrati.sk\/sutaj-estok-zacal-byt-svojim-konanim-nebezpecny-aj-pre-pellegriniho\/#breadcrumb","itemListElement":[{"@type":"ListItem","position":1,"name":"Domovsk\u00e1 str\u00e1nka","item":"https:\/\/www.smedemokrati.sk\/"},{"@type":"ListItem","position":2,"name":"\u0160utaj E\u0161tok za\u010dal by\u0165 svoj\u00edm konan\u00edm nebezpe\u010dn\u00fd aj pre Pellegriniho"}]},{"@type":"WebSite","@id":"https:\/\/www.smedemokrati.sk\/#website","url":"https:\/\/www.smedemokrati.sk\/","name":"Smedemokrati.sk","description":"Demokracia a slu\u0161nos\u0165 zv\u00ed\u0165az\u00ed","publisher":{"@id":"https:\/\/www.smedemokrati.sk\/#organization"},"potentialAction":[{"@type":"SearchAction","target":{"@type":"EntryPoint","urlTemplate":"https:\/\/www.smedemokrati.sk\/?s={search_term_string}"},"query-input":{"@type":"PropertyValueSpecification","valueRequired":true,"valueName":"search_term_string"}}],"inLanguage":"hu-HU"},{"@type":"Organization","@id":"https:\/\/www.smedemokrati.sk\/#organization","name":"Smedemokrati.sk","url":"https:\/\/www.smedemokrati.sk\/","logo":{"@type":"ImageObject","inLanguage":"hu-HU","@id":"https:\/\/www.smedemokrati.sk\/#\/schema\/logo\/image\/","url":"https:\/\/www.smedemokrati.sk\/wp-content\/uploads\/2023\/04\/ff.002.jpeg","contentUrl":"https:\/\/www.smedemokrati.sk\/wp-content\/uploads\/2023\/04\/ff.002.jpeg","width":640,"height":480,"caption":"Smedemokrati.sk"},"image":{"@id":"https:\/\/www.smedemokrati.sk\/#\/schema\/logo\/image\/"},"sameAs":["https:\/\/www.facebook.com\/smedemokrati2023"]},{"@type":"Person","@id":"https:\/\/www.smedemokrati.sk\/#\/schema\/person\/c60720f4b9955b3c1ed222ebd1fbbc7c","name":"Tom\u00e1\u0161 Koppl","image":{"@type":"ImageObject","inLanguage":"hu-HU","@id":"https:\/\/secure.gravatar.com\/avatar\/8dfa38373c5e39821baf74c8e867a6f12e12c6dab6559aa999d10703b0b1c4ce?s=96&d=mm&r=g","url":"https:\/\/secure.gravatar.com\/avatar\/8dfa38373c5e39821baf74c8e867a6f12e12c6dab6559aa999d10703b0b1c4ce?s=96&d=mm&r=g","contentUrl":"https:\/\/secure.gravatar.com\/avatar\/8dfa38373c5e39821baf74c8e867a6f12e12c6dab6559aa999d10703b0b1c4ce?s=96&d=mm&r=g","caption":"Tom\u00e1\u0161 Koppl"},"url":"https:\/\/www.smedemokrati.sk\/hu\/author\/tomaskoppl\/"}]}},"_links":{"self":[{"href":"https:\/\/www.smedemokrati.sk\/hu\/wp-json\/wp\/v2\/posts\/2317","targetHints":{"allow":["GET"]}}],"collection":[{"href":"https:\/\/www.smedemokrati.sk\/hu\/wp-json\/wp\/v2\/posts"}],"about":[{"href":"https:\/\/www.smedemokrati.sk\/hu\/wp-json\/wp\/v2\/types\/post"}],"author":[{"embeddable":true,"href":"https:\/\/www.smedemokrati.sk\/hu\/wp-json\/wp\/v2\/users\/7"}],"replies":[{"embeddable":true,"href":"https:\/\/www.smedemokrati.sk\/hu\/wp-json\/wp\/v2\/comments?post=2317"}],"version-history":[{"count":1,"href":"https:\/\/www.smedemokrati.sk\/hu\/wp-json\/wp\/v2\/posts\/2317\/revisions"}],"predecessor-version":[{"id":2319,"href":"https:\/\/www.smedemokrati.sk\/hu\/wp-json\/wp\/v2\/posts\/2317\/revisions\/2319"}],"wp:featuredmedia":[{"embeddable":true,"href":"https:\/\/www.smedemokrati.sk\/hu\/wp-json\/wp\/v2\/media\/2318"}],"wp:attachment":[{"href":"https:\/\/www.smedemokrati.sk\/hu\/wp-json\/wp\/v2\/media?parent=2317"}],"wp:term":[{"taxonomy":"category","embeddable":true,"href":"https:\/\/www.smedemokrati.sk\/hu\/wp-json\/wp\/v2\/categories?post=2317"},{"taxonomy":"post_tag","embeddable":true,"href":"https:\/\/www.smedemokrati.sk\/hu\/wp-json\/wp\/v2\/tags?post=2317"}],"curies":[{"name":"wp","href":"https:\/\/api.w.org\/{rel}","templated":true}]}}