{"id":2303,"date":"2023-11-14T16:29:14","date_gmt":"2023-11-14T14:29:14","guid":{"rendered":"https:\/\/www.smedemokrati.sk\/?p=2303"},"modified":"2023-11-16T18:39:11","modified_gmt":"2023-11-16T16:39:11","slug":"potvrdene-stihacky-sme-poslali-na-ukrajinu-podla-zakona-fico-by-sa-mal-ospravedlnit-vlastnym-volicom","status":"publish","type":"post","link":"https:\/\/www.smedemokrati.sk\/hu\/potvrdene-stihacky-sme-poslali-na-ukrajinu-podla-zakona-fico-by-sa-mal-ospravedlnit-vlastnym-volicom\/","title":{"rendered":"Potvrden\u00e9, st\u00edha\u010dky sme poslali na Ukrajinu pod\u013ea z\u00e1kona, Fico by sa mal ospravedlni\u0165 vlastn\u00fdm voli\u010dom"},"content":{"rendered":"<div id=\"fb-root\"><\/div>\n\n<p><em><strong>Jaroslav Na\u010f a Eduard Heger vyz\u00fdvaj\u00fa Roberta Fica, aby sa ospravedlnil vlastn\u00fdm voli\u010dom za hrub\u00e9 klamstv\u00e1 v s\u00favislosti s darovan\u00edm st\u00edha\u010diek MiG-29 na Ukrajinu. Vtedaj\u0161ia opozi\u010dn\u00e1 strana ozna\u010dovala tento krok za proti\u00fastavn\u00fd, za akt otvoren\u00e9ho nepriate\u013estva s Ruskom a dokonca, hovorili o poru\u0161en\u00ed medzin\u00e1rodn\u00fdch zml\u00fav. Smer podal na \u010dlenov vl\u00e1dy Eduarda Hegera v tejto veci trestn\u00e9 ozn\u00e1menie za zneu\u017e\u00edvanie pr\u00e1vomoci verejn\u00e9ho \u010dinite\u013ea, poru\u0161ovanie povinnosti pri spr\u00e1ve majetku a sabot\u00e1\u017ee. Pol\u00edcia trestn\u00e9 ozn\u00e1menie odmietla.&nbsp;<\/strong><\/em><\/p>\n\n\n\n<p>Predseda strany Demokrati a niekdaj\u0161\u00ed premi\u00e9r&nbsp;<strong>Eduard<\/strong>&nbsp;<strong>Heger<\/strong>&nbsp;hovor\u00ed, \u017ee v\u00fdroky R. Fica s\u00fa smutn\u00fdm pr\u00edkladom toho, ako sa strana Smer ne\u0161t\u00edti oklama\u0165 vlastn\u00fdch voli\u010dov za \u00fa\u010delom z\u00edskania politick\u00fdch bodov:&nbsp;<em>\u201eRobert Fico v marci touto t\u00e9mou od\u0161tartoval predvolebn\u00fa kampa\u0148 pln\u00fa klamstiev a zav\u00e1dzania. Ni\u010d z toho, \u010do v tom \u010dase pomenoval ako hrozbu pre Slovensko &#8211; od mobiliz\u00e1cie a\u017e po nebezpe\u010dn\u00fdch migrantov sa nestalo, bodka. Najhor\u0161ie na tom je, \u017ee to preukazuje jeho vz\u0165ah aj ku vlastn\u00fdm voli\u010dom. T\u00ed s\u00fa neust\u00e1le klaman\u00ed a stra\u0161en\u00ed od \u010dloveka, ktor\u00fd im s\u013eubuje, \u017ee sa o nich postar\u00e1.\u201c<\/em>&nbsp;Komentoval Heger a dodal, \u017ee jeho kabinet postupoval pri ka\u017edom opatren\u00ed a rozhodnut\u00ed v s\u00falade so z\u00e1konom.<\/p>\n\n\n\n<p>Exminister obrany&nbsp;<strong>Jaroslav<\/strong>&nbsp;<strong>Na\u010f<\/strong>&nbsp;zopakoval, \u017ee sme jedinou krajinou, v ktorej bolo podan\u00e9 trestn\u00e9 ozn\u00e1menie na \u010dlenov vl\u00e1dy od opoz\u00edcie za pomoc Ukrajine. Ozna\u010dil to za absurdn\u00fd a \u017eia\u013e, nesl\u00e1vny svetov\u00fd unik\u00e1t. Tie\u017e podotkol, \u017ee rozhodnutie pol\u00edcie odmietnu\u0165 trestn\u00e9 ozn\u00e1menie potvrdzuje n\u00edzku odborn\u00fa vybavenos\u0165 Smeru a R. Fica ako pr\u00e1vnika. Pouk\u00e1zal tie\u017e na fakt, \u017ee sa nenaplnili ani slov\u00e1 predsedu Smeru, ktor\u00fdmi stra\u0161il o tvrdej odvete zo strany Ruska za darovanie st\u00edha\u010diek a \u010fal\u0161ieho vojensk\u00e9ho materi\u00e1lu:&nbsp;<em>\u201eRobert<\/em>&nbsp;<em>Fico&nbsp;stra\u0161il Slov\u00e1kov, \u017ee Putin bude reagova\u0165 za pomoc, ktor\u00fa sme poskytli Ukrajine, nestalo sa ni\u010d. Mysl\u00edte, \u017ee rovnak\u00e9 \u201cni\u010d\u201d urob\u00ed Putin aj v teraz, ak ho preuk\u00e1zate\u013ene jeho vern\u00fd spojenec &#8211; predseda slovenskej vl\u00e1dy zradil a pomoc Ukrajine pokra\u010duje?\u201c<\/em>&nbsp;Podotkol Na\u010f a na konkr\u00e9tnych pr\u00edkladoch ilustroval, \u017ee vl\u00e1da na\u010falej posiela mun\u00edciu a \u010fal\u0161ie zbra\u0148ov\u00e9 syst\u00e9my na Ukrajinu, \u010do je v rozpore s predvolebn\u00fdmi s\u013eubmi.<\/p>\n\n\n\n<p>\u010clen predsedn\u00edctva Demokratov&nbsp;<strong>Juraj<\/strong>&nbsp;<strong>\u0160eliga<\/strong>&nbsp;hovor\u00ed, \u017ee z pr\u00e1vneho h\u013eadiska bolo od za\u010diatku jasn\u00e9, \u017ee toto obvinenie je postaven\u00e9 na vode. Okrem toho upozor\u0148uje, \u017ee R. Fico pou\u017e\u00edvaj\u00fa trestn\u00e9 pr\u00e1vo ako be\u017en\u00fa formu komunik\u00e1cie a n\u00e1stroj politickej pomsty a predpoklad\u00e1, \u017ee v oh\u00fdban\u00ed pr\u00e1va bude vl\u00e1dna strana pokra\u010dova\u0165:&nbsp;<em>\u201eFaktom je, \u017ee preuk\u00e1zate\u013ene ani v tejto, ani v \u017eiadnej inej veci za vl\u00e1dy E. Hegera sa \u017eiaden trestn\u00fd \u010din nestal. \u017dia\u013e, o\u010dak\u00e1vam, \u017ee vl\u00e1da bude robi\u0165 tak\u00e9 kroky, aby vyv\u00edjala na s\u00fa\u010dasn\u00fa aj neparlamentn\u00fa opoz\u00edciu tlak a naopak, pom\u00e1hala okruhu svojich vyvolen\u00fdch. Programov\u00e9 vyhl\u00e1senie vl\u00e1dy je v \u010dasti spravodlivos\u0165 mo\u017en\u00e9 nazva\u0165 vyhl\u00e1sen\u00edm pomsty. Vid\u00edme podr\u00fdvanie z\u00e1kladn\u00fdch pilierov pr\u00e1vneho \u0161t\u00e1tu a na\u010drtnut\u00e9 kroky, ktor\u00fdmi chc\u00fa \u0161t\u00e1tni predstavitelia prinavr\u00e1ti\u0165 komfort a v najhor\u0161om pr\u00edpade beztrestnos\u0165 tzv. na\u0161im \u013eu\u010fom.\u201c<\/em><\/p>\n\n\n\n<figure class=\"wp-block-image size-large\"><img decoding=\"async\" width=\"1024\" height=\"576\" src=\"https:\/\/www.smedemokrati.sk\/wp-content\/uploads\/2023\/11\/399178137_1043451063364270_6617340852710498207_n-1024x576.jpg\" alt=\"\" class=\"wp-image-2306\" srcset=\"https:\/\/www.smedemokrati.sk\/wp-content\/uploads\/2023\/11\/399178137_1043451063364270_6617340852710498207_n-1024x576.jpg 1024w, https:\/\/www.smedemokrati.sk\/wp-content\/uploads\/2023\/11\/399178137_1043451063364270_6617340852710498207_n-300x169.jpg 300w, https:\/\/www.smedemokrati.sk\/wp-content\/uploads\/2023\/11\/399178137_1043451063364270_6617340852710498207_n-768x432.jpg 768w, https:\/\/www.smedemokrati.sk\/wp-content\/uploads\/2023\/11\/399178137_1043451063364270_6617340852710498207_n-1536x864.jpg 1536w, https:\/\/www.smedemokrati.sk\/wp-content\/uploads\/2023\/11\/399178137_1043451063364270_6617340852710498207_n.jpg 2048w\" sizes=\"(max-width: 1024px) 100vw, 1024px\" \/><\/figure>\n","protected":false},"excerpt":{"rendered":"<p>Jaroslav Na\u010f a Eduard Heger vyz\u00fdvaj\u00fa Roberta Fica, aby sa ospravedlnil vlastn\u00fdm voli\u010dom za hrub\u00e9 klamstv\u00e1 v s\u00favislosti s darovan\u00edm st\u00edha\u010diek MiG-29 na Ukrajinu. Vtedaj\u0161ia opozi\u010dn\u00e1 strana ozna\u010dovala tento krok za proti\u00fastavn\u00fd, za akt otvoren\u00e9ho nepriate\u013estva s Ruskom a dokonca, hovorili o poru\u0161en\u00ed medzin\u00e1rodn\u00fdch zml\u00fav. Smer podal na \u010dlenov vl\u00e1dy Eduarda Hegera v tejto veci [&hellip;]<\/p>\n","protected":false},"author":7,"featured_media":2304,"comment_status":"closed","ping_status":"closed","sticky":false,"template":"","format":"standard","meta":{"_acf_changed":false,"ngg_post_thumbnail":0,"footnotes":""},"categories":[4],"tags":[],"class_list":["post-2303","post","type-post","status-publish","format-standard","has-post-thumbnail","hentry","category-tlacove-spravy"],"acf":[],"yoast_head":"<!-- This site is optimized with the Yoast SEO plugin v27.2 - https:\/\/yoast.com\/product\/yoast-seo-wordpress\/ -->\n<title>Potvrden\u00e9, st\u00edha\u010dky sme poslali na Ukrajinu pod\u013ea z\u00e1kona, Fico by sa mal ospravedlni\u0165 vlastn\u00fdm voli\u010dom - Smedemokrati.sk<\/title>\n<meta name=\"robots\" content=\"index, follow, max-snippet:-1, max-image-preview:large, max-video-preview:-1\" \/>\n<link rel=\"canonical\" href=\"https:\/\/www.smedemokrati.sk\/hu\/potvrdene-stihacky-sme-poslali-na-ukrajinu-podla-zakona-fico-by-sa-mal-ospravedlnit-vlastnym-volicom\/\" \/>\n<meta property=\"og:locale\" content=\"hu_HU\" \/>\n<meta property=\"og:locale:alternate\" content=\"en_US\" \/>\n<meta property=\"og:locale:alternate\" content=\"cs_CZ\" \/>\n<meta property=\"og:locale:alternate\" content=\"sk_SK\" \/>\n<meta property=\"og:locale:alternate\" content=\"sv_SE\" \/>\n<meta property=\"og:type\" content=\"article\" \/>\n<meta property=\"og:title\" content=\"Potvrden\u00e9, st\u00edha\u010dky sme poslali na Ukrajinu pod\u013ea z\u00e1kona, Fico by sa mal ospravedlni\u0165 vlastn\u00fdm voli\u010dom - Smedemokrati.sk\" \/>\n<meta property=\"og:description\" content=\"Jaroslav Na\u010f a Eduard Heger vyz\u00fdvaj\u00fa Roberta Fica, aby sa ospravedlnil vlastn\u00fdm voli\u010dom za hrub\u00e9 klamstv\u00e1 v s\u00favislosti s darovan\u00edm st\u00edha\u010diek MiG-29 na Ukrajinu. Vtedaj\u0161ia opozi\u010dn\u00e1 strana ozna\u010dovala tento krok za proti\u00fastavn\u00fd, za akt otvoren\u00e9ho nepriate\u013estva s Ruskom a dokonca, hovorili o poru\u0161en\u00ed medzin\u00e1rodn\u00fdch zml\u00fav. Smer podal na \u010dlenov vl\u00e1dy Eduarda Hegera v tejto veci [&hellip;]\" \/>\n<meta property=\"og:url\" content=\"https:\/\/www.smedemokrati.sk\/hu\/potvrdene-stihacky-sme-poslali-na-ukrajinu-podla-zakona-fico-by-sa-mal-ospravedlnit-vlastnym-volicom\/\" \/>\n<meta property=\"og:site_name\" content=\"Smedemokrati.sk\" \/>\n<meta property=\"article:publisher\" content=\"https:\/\/www.facebook.com\/smedemokrati2023\" \/>\n<meta property=\"article:published_time\" content=\"2023-11-14T14:29:14+00:00\" \/>\n<meta property=\"article:modified_time\" content=\"2023-11-16T16:39:11+00:00\" \/>\n<meta property=\"og:image\" content=\"https:\/\/www.smedemokrati.sk\/wp-content\/uploads\/2023\/11\/1ZhktkuTURBXy8zNjI0NTg1ZC0xMGYwLTQ1ODEtYTY1NS1jNTVlNzE2YjBlZjMuanBlZ5KVAwAbzQu4zQaXlQLNB9AAwsM.jpeg\" \/>\n\t<meta property=\"og:image:width\" content=\"960\" \/>\n\t<meta property=\"og:image:height\" content=\"540\" \/>\n\t<meta property=\"og:image:type\" content=\"image\/jpeg\" \/>\n<meta name=\"author\" content=\"Tom\u00e1\u0161 Koppl\" \/>\n<meta name=\"twitter:card\" content=\"summary_large_image\" \/>\n<meta name=\"twitter:label1\" content=\"Szerz\u0151:\" \/>\n\t<meta name=\"twitter:data1\" content=\"Tom\u00e1\u0161 Koppl\" \/>\n\t<meta name=\"twitter:label2\" content=\"Becs\u00fclt olvas\u00e1si id\u0151\" \/>\n\t<meta name=\"twitter:data2\" content=\"3 perc\" \/>\n<script type=\"application\/ld+json\" class=\"yoast-schema-graph\">{\"@context\":\"https:\/\/schema.org\",\"@graph\":[{\"@type\":\"Article\",\"@id\":\"https:\/\/www.smedemokrati.sk\/potvrdene-stihacky-sme-poslali-na-ukrajinu-podla-zakona-fico-by-sa-mal-ospravedlnit-vlastnym-volicom\/#article\",\"isPartOf\":{\"@id\":\"https:\/\/www.smedemokrati.sk\/potvrdene-stihacky-sme-poslali-na-ukrajinu-podla-zakona-fico-by-sa-mal-ospravedlnit-vlastnym-volicom\/\"},\"author\":{\"name\":\"Tom\u00e1\u0161 Koppl\",\"@id\":\"https:\/\/www.smedemokrati.sk\/#\/schema\/person\/c60720f4b9955b3c1ed222ebd1fbbc7c\"},\"headline\":\"Potvrden\u00e9, st\u00edha\u010dky sme poslali na Ukrajinu pod\u013ea z\u00e1kona, Fico by sa mal ospravedlni\u0165 vlastn\u00fdm voli\u010dom\",\"datePublished\":\"2023-11-14T14:29:14+00:00\",\"dateModified\":\"2023-11-16T16:39:11+00:00\",\"mainEntityOfPage\":{\"@id\":\"https:\/\/www.smedemokrati.sk\/potvrdene-stihacky-sme-poslali-na-ukrajinu-podla-zakona-fico-by-sa-mal-ospravedlnit-vlastnym-volicom\/\"},\"wordCount\":622,\"publisher\":{\"@id\":\"https:\/\/www.smedemokrati.sk\/#organization\"},\"image\":{\"@id\":\"https:\/\/www.smedemokrati.sk\/potvrdene-stihacky-sme-poslali-na-ukrajinu-podla-zakona-fico-by-sa-mal-ospravedlnit-vlastnym-volicom\/#primaryimage\"},\"thumbnailUrl\":\"https:\/\/www.smedemokrati.sk\/wp-content\/uploads\/2023\/11\/1ZhktkuTURBXy8zNjI0NTg1ZC0xMGYwLTQ1ODEtYTY1NS1jNTVlNzE2YjBlZjMuanBlZ5KVAwAbzQu4zQaXlQLNB9AAwsM.jpeg\",\"articleSection\":[\"Tla\u010dov\u00e9 spr\u00e1vy\"],\"inLanguage\":\"hu-HU\"},{\"@type\":\"WebPage\",\"@id\":\"https:\/\/www.smedemokrati.sk\/potvrdene-stihacky-sme-poslali-na-ukrajinu-podla-zakona-fico-by-sa-mal-ospravedlnit-vlastnym-volicom\/\",\"url\":\"https:\/\/www.smedemokrati.sk\/potvrdene-stihacky-sme-poslali-na-ukrajinu-podla-zakona-fico-by-sa-mal-ospravedlnit-vlastnym-volicom\/\",\"name\":\"Potvrden\u00e9, st\u00edha\u010dky sme poslali na Ukrajinu pod\u013ea z\u00e1kona, Fico by sa mal ospravedlni\u0165 vlastn\u00fdm voli\u010dom - Smedemokrati.sk\",\"isPartOf\":{\"@id\":\"https:\/\/www.smedemokrati.sk\/#website\"},\"primaryImageOfPage\":{\"@id\":\"https:\/\/www.smedemokrati.sk\/potvrdene-stihacky-sme-poslali-na-ukrajinu-podla-zakona-fico-by-sa-mal-ospravedlnit-vlastnym-volicom\/#primaryimage\"},\"image\":{\"@id\":\"https:\/\/www.smedemokrati.sk\/potvrdene-stihacky-sme-poslali-na-ukrajinu-podla-zakona-fico-by-sa-mal-ospravedlnit-vlastnym-volicom\/#primaryimage\"},\"thumbnailUrl\":\"https:\/\/www.smedemokrati.sk\/wp-content\/uploads\/2023\/11\/1ZhktkuTURBXy8zNjI0NTg1ZC0xMGYwLTQ1ODEtYTY1NS1jNTVlNzE2YjBlZjMuanBlZ5KVAwAbzQu4zQaXlQLNB9AAwsM.jpeg\",\"datePublished\":\"2023-11-14T14:29:14+00:00\",\"dateModified\":\"2023-11-16T16:39:11+00:00\",\"breadcrumb\":{\"@id\":\"https:\/\/www.smedemokrati.sk\/potvrdene-stihacky-sme-poslali-na-ukrajinu-podla-zakona-fico-by-sa-mal-ospravedlnit-vlastnym-volicom\/#breadcrumb\"},\"inLanguage\":\"hu-HU\",\"potentialAction\":[{\"@type\":\"ReadAction\",\"target\":[\"https:\/\/www.smedemokrati.sk\/potvrdene-stihacky-sme-poslali-na-ukrajinu-podla-zakona-fico-by-sa-mal-ospravedlnit-vlastnym-volicom\/\"]}]},{\"@type\":\"ImageObject\",\"inLanguage\":\"hu-HU\",\"@id\":\"https:\/\/www.smedemokrati.sk\/potvrdene-stihacky-sme-poslali-na-ukrajinu-podla-zakona-fico-by-sa-mal-ospravedlnit-vlastnym-volicom\/#primaryimage\",\"url\":\"https:\/\/www.smedemokrati.sk\/wp-content\/uploads\/2023\/11\/1ZhktkuTURBXy8zNjI0NTg1ZC0xMGYwLTQ1ODEtYTY1NS1jNTVlNzE2YjBlZjMuanBlZ5KVAwAbzQu4zQaXlQLNB9AAwsM.jpeg\",\"contentUrl\":\"https:\/\/www.smedemokrati.sk\/wp-content\/uploads\/2023\/11\/1ZhktkuTURBXy8zNjI0NTg1ZC0xMGYwLTQ1ODEtYTY1NS1jNTVlNzE2YjBlZjMuanBlZ5KVAwAbzQu4zQaXlQLNB9AAwsM.jpeg\",\"width\":960,\"height\":540},{\"@type\":\"BreadcrumbList\",\"@id\":\"https:\/\/www.smedemokrati.sk\/potvrdene-stihacky-sme-poslali-na-ukrajinu-podla-zakona-fico-by-sa-mal-ospravedlnit-vlastnym-volicom\/#breadcrumb\",\"itemListElement\":[{\"@type\":\"ListItem\",\"position\":1,\"name\":\"Domovsk\u00e1 str\u00e1nka\",\"item\":\"https:\/\/www.smedemokrati.sk\/\"},{\"@type\":\"ListItem\",\"position\":2,\"name\":\"Potvrden\u00e9, st\u00edha\u010dky sme poslali na Ukrajinu pod\u013ea z\u00e1kona, Fico by sa mal ospravedlni\u0165 vlastn\u00fdm voli\u010dom\"}]},{\"@type\":\"WebSite\",\"@id\":\"https:\/\/www.smedemokrati.sk\/#website\",\"url\":\"https:\/\/www.smedemokrati.sk\/\",\"name\":\"Smedemokrati.sk\",\"description\":\"Demokracia a slu\u0161nos\u0165 zv\u00ed\u0165az\u00ed\",\"publisher\":{\"@id\":\"https:\/\/www.smedemokrati.sk\/#organization\"},\"potentialAction\":[{\"@type\":\"SearchAction\",\"target\":{\"@type\":\"EntryPoint\",\"urlTemplate\":\"https:\/\/www.smedemokrati.sk\/?s={search_term_string}\"},\"query-input\":{\"@type\":\"PropertyValueSpecification\",\"valueRequired\":true,\"valueName\":\"search_term_string\"}}],\"inLanguage\":\"hu-HU\"},{\"@type\":\"Organization\",\"@id\":\"https:\/\/www.smedemokrati.sk\/#organization\",\"name\":\"Smedemokrati.sk\",\"url\":\"https:\/\/www.smedemokrati.sk\/\",\"logo\":{\"@type\":\"ImageObject\",\"inLanguage\":\"hu-HU\",\"@id\":\"https:\/\/www.smedemokrati.sk\/#\/schema\/logo\/image\/\",\"url\":\"https:\/\/www.smedemokrati.sk\/wp-content\/uploads\/2023\/04\/ff.002.jpeg\",\"contentUrl\":\"https:\/\/www.smedemokrati.sk\/wp-content\/uploads\/2023\/04\/ff.002.jpeg\",\"width\":640,\"height\":480,\"caption\":\"Smedemokrati.sk\"},\"image\":{\"@id\":\"https:\/\/www.smedemokrati.sk\/#\/schema\/logo\/image\/\"},\"sameAs\":[\"https:\/\/www.facebook.com\/smedemokrati2023\"]},{\"@type\":\"Person\",\"@id\":\"https:\/\/www.smedemokrati.sk\/#\/schema\/person\/c60720f4b9955b3c1ed222ebd1fbbc7c\",\"name\":\"Tom\u00e1\u0161 Koppl\",\"image\":{\"@type\":\"ImageObject\",\"inLanguage\":\"hu-HU\",\"@id\":\"https:\/\/secure.gravatar.com\/avatar\/8dfa38373c5e39821baf74c8e867a6f12e12c6dab6559aa999d10703b0b1c4ce?s=96&d=mm&r=g\",\"url\":\"https:\/\/secure.gravatar.com\/avatar\/8dfa38373c5e39821baf74c8e867a6f12e12c6dab6559aa999d10703b0b1c4ce?s=96&d=mm&r=g\",\"contentUrl\":\"https:\/\/secure.gravatar.com\/avatar\/8dfa38373c5e39821baf74c8e867a6f12e12c6dab6559aa999d10703b0b1c4ce?s=96&d=mm&r=g\",\"caption\":\"Tom\u00e1\u0161 Koppl\"},\"url\":\"https:\/\/www.smedemokrati.sk\/hu\/author\/tomaskoppl\/\"}]}<\/script>\n<!-- \/ Yoast SEO plugin. -->","yoast_head_json":{"title":"Potvrden\u00e9, st\u00edha\u010dky sme poslali na Ukrajinu pod\u013ea z\u00e1kona, Fico by sa mal ospravedlni\u0165 vlastn\u00fdm voli\u010dom - Smedemokrati.sk","robots":{"index":"index","follow":"follow","max-snippet":"max-snippet:-1","max-image-preview":"max-image-preview:large","max-video-preview":"max-video-preview:-1"},"canonical":"https:\/\/www.smedemokrati.sk\/hu\/potvrdene-stihacky-sme-poslali-na-ukrajinu-podla-zakona-fico-by-sa-mal-ospravedlnit-vlastnym-volicom\/","og_locale":"hu_HU","og_type":"article","og_title":"Potvrden\u00e9, st\u00edha\u010dky sme poslali na Ukrajinu pod\u013ea z\u00e1kona, Fico by sa mal ospravedlni\u0165 vlastn\u00fdm voli\u010dom - Smedemokrati.sk","og_description":"Jaroslav Na\u010f a Eduard Heger vyz\u00fdvaj\u00fa Roberta Fica, aby sa ospravedlnil vlastn\u00fdm voli\u010dom za hrub\u00e9 klamstv\u00e1 v s\u00favislosti s darovan\u00edm st\u00edha\u010diek MiG-29 na Ukrajinu. Vtedaj\u0161ia opozi\u010dn\u00e1 strana ozna\u010dovala tento krok za proti\u00fastavn\u00fd, za akt otvoren\u00e9ho nepriate\u013estva s Ruskom a dokonca, hovorili o poru\u0161en\u00ed medzin\u00e1rodn\u00fdch zml\u00fav. Smer podal na \u010dlenov vl\u00e1dy Eduarda Hegera v tejto veci [&hellip;]","og_url":"https:\/\/www.smedemokrati.sk\/hu\/potvrdene-stihacky-sme-poslali-na-ukrajinu-podla-zakona-fico-by-sa-mal-ospravedlnit-vlastnym-volicom\/","og_site_name":"Smedemokrati.sk","article_publisher":"https:\/\/www.facebook.com\/smedemokrati2023","article_published_time":"2023-11-14T14:29:14+00:00","article_modified_time":"2023-11-16T16:39:11+00:00","og_image":[{"width":960,"height":540,"url":"https:\/\/www.smedemokrati.sk\/wp-content\/uploads\/2023\/11\/1ZhktkuTURBXy8zNjI0NTg1ZC0xMGYwLTQ1ODEtYTY1NS1jNTVlNzE2YjBlZjMuanBlZ5KVAwAbzQu4zQaXlQLNB9AAwsM.jpeg","type":"image\/jpeg"}],"author":"Tom\u00e1\u0161 Koppl","twitter_card":"summary_large_image","twitter_misc":{"Szerz\u0151:":"Tom\u00e1\u0161 Koppl","Becs\u00fclt olvas\u00e1si id\u0151":"3 perc"},"schema":{"@context":"https:\/\/schema.org","@graph":[{"@type":"Article","@id":"https:\/\/www.smedemokrati.sk\/potvrdene-stihacky-sme-poslali-na-ukrajinu-podla-zakona-fico-by-sa-mal-ospravedlnit-vlastnym-volicom\/#article","isPartOf":{"@id":"https:\/\/www.smedemokrati.sk\/potvrdene-stihacky-sme-poslali-na-ukrajinu-podla-zakona-fico-by-sa-mal-ospravedlnit-vlastnym-volicom\/"},"author":{"name":"Tom\u00e1\u0161 Koppl","@id":"https:\/\/www.smedemokrati.sk\/#\/schema\/person\/c60720f4b9955b3c1ed222ebd1fbbc7c"},"headline":"Potvrden\u00e9, st\u00edha\u010dky sme poslali na Ukrajinu pod\u013ea z\u00e1kona, Fico by sa mal ospravedlni\u0165 vlastn\u00fdm voli\u010dom","datePublished":"2023-11-14T14:29:14+00:00","dateModified":"2023-11-16T16:39:11+00:00","mainEntityOfPage":{"@id":"https:\/\/www.smedemokrati.sk\/potvrdene-stihacky-sme-poslali-na-ukrajinu-podla-zakona-fico-by-sa-mal-ospravedlnit-vlastnym-volicom\/"},"wordCount":622,"publisher":{"@id":"https:\/\/www.smedemokrati.sk\/#organization"},"image":{"@id":"https:\/\/www.smedemokrati.sk\/potvrdene-stihacky-sme-poslali-na-ukrajinu-podla-zakona-fico-by-sa-mal-ospravedlnit-vlastnym-volicom\/#primaryimage"},"thumbnailUrl":"https:\/\/www.smedemokrati.sk\/wp-content\/uploads\/2023\/11\/1ZhktkuTURBXy8zNjI0NTg1ZC0xMGYwLTQ1ODEtYTY1NS1jNTVlNzE2YjBlZjMuanBlZ5KVAwAbzQu4zQaXlQLNB9AAwsM.jpeg","articleSection":["Tla\u010dov\u00e9 spr\u00e1vy"],"inLanguage":"hu-HU"},{"@type":"WebPage","@id":"https:\/\/www.smedemokrati.sk\/potvrdene-stihacky-sme-poslali-na-ukrajinu-podla-zakona-fico-by-sa-mal-ospravedlnit-vlastnym-volicom\/","url":"https:\/\/www.smedemokrati.sk\/potvrdene-stihacky-sme-poslali-na-ukrajinu-podla-zakona-fico-by-sa-mal-ospravedlnit-vlastnym-volicom\/","name":"Potvrden\u00e9, st\u00edha\u010dky sme poslali na Ukrajinu pod\u013ea z\u00e1kona, Fico by sa mal ospravedlni\u0165 vlastn\u00fdm voli\u010dom - Smedemokrati.sk","isPartOf":{"@id":"https:\/\/www.smedemokrati.sk\/#website"},"primaryImageOfPage":{"@id":"https:\/\/www.smedemokrati.sk\/potvrdene-stihacky-sme-poslali-na-ukrajinu-podla-zakona-fico-by-sa-mal-ospravedlnit-vlastnym-volicom\/#primaryimage"},"image":{"@id":"https:\/\/www.smedemokrati.sk\/potvrdene-stihacky-sme-poslali-na-ukrajinu-podla-zakona-fico-by-sa-mal-ospravedlnit-vlastnym-volicom\/#primaryimage"},"thumbnailUrl":"https:\/\/www.smedemokrati.sk\/wp-content\/uploads\/2023\/11\/1ZhktkuTURBXy8zNjI0NTg1ZC0xMGYwLTQ1ODEtYTY1NS1jNTVlNzE2YjBlZjMuanBlZ5KVAwAbzQu4zQaXlQLNB9AAwsM.jpeg","datePublished":"2023-11-14T14:29:14+00:00","dateModified":"2023-11-16T16:39:11+00:00","breadcrumb":{"@id":"https:\/\/www.smedemokrati.sk\/potvrdene-stihacky-sme-poslali-na-ukrajinu-podla-zakona-fico-by-sa-mal-ospravedlnit-vlastnym-volicom\/#breadcrumb"},"inLanguage":"hu-HU","potentialAction":[{"@type":"ReadAction","target":["https:\/\/www.smedemokrati.sk\/potvrdene-stihacky-sme-poslali-na-ukrajinu-podla-zakona-fico-by-sa-mal-ospravedlnit-vlastnym-volicom\/"]}]},{"@type":"ImageObject","inLanguage":"hu-HU","@id":"https:\/\/www.smedemokrati.sk\/potvrdene-stihacky-sme-poslali-na-ukrajinu-podla-zakona-fico-by-sa-mal-ospravedlnit-vlastnym-volicom\/#primaryimage","url":"https:\/\/www.smedemokrati.sk\/wp-content\/uploads\/2023\/11\/1ZhktkuTURBXy8zNjI0NTg1ZC0xMGYwLTQ1ODEtYTY1NS1jNTVlNzE2YjBlZjMuanBlZ5KVAwAbzQu4zQaXlQLNB9AAwsM.jpeg","contentUrl":"https:\/\/www.smedemokrati.sk\/wp-content\/uploads\/2023\/11\/1ZhktkuTURBXy8zNjI0NTg1ZC0xMGYwLTQ1ODEtYTY1NS1jNTVlNzE2YjBlZjMuanBlZ5KVAwAbzQu4zQaXlQLNB9AAwsM.jpeg","width":960,"height":540},{"@type":"BreadcrumbList","@id":"https:\/\/www.smedemokrati.sk\/potvrdene-stihacky-sme-poslali-na-ukrajinu-podla-zakona-fico-by-sa-mal-ospravedlnit-vlastnym-volicom\/#breadcrumb","itemListElement":[{"@type":"ListItem","position":1,"name":"Domovsk\u00e1 str\u00e1nka","item":"https:\/\/www.smedemokrati.sk\/"},{"@type":"ListItem","position":2,"name":"Potvrden\u00e9, st\u00edha\u010dky sme poslali na Ukrajinu pod\u013ea z\u00e1kona, Fico by sa mal ospravedlni\u0165 vlastn\u00fdm voli\u010dom"}]},{"@type":"WebSite","@id":"https:\/\/www.smedemokrati.sk\/#website","url":"https:\/\/www.smedemokrati.sk\/","name":"Smedemokrati.sk","description":"Demokracia a slu\u0161nos\u0165 zv\u00ed\u0165az\u00ed","publisher":{"@id":"https:\/\/www.smedemokrati.sk\/#organization"},"potentialAction":[{"@type":"SearchAction","target":{"@type":"EntryPoint","urlTemplate":"https:\/\/www.smedemokrati.sk\/?s={search_term_string}"},"query-input":{"@type":"PropertyValueSpecification","valueRequired":true,"valueName":"search_term_string"}}],"inLanguage":"hu-HU"},{"@type":"Organization","@id":"https:\/\/www.smedemokrati.sk\/#organization","name":"Smedemokrati.sk","url":"https:\/\/www.smedemokrati.sk\/","logo":{"@type":"ImageObject","inLanguage":"hu-HU","@id":"https:\/\/www.smedemokrati.sk\/#\/schema\/logo\/image\/","url":"https:\/\/www.smedemokrati.sk\/wp-content\/uploads\/2023\/04\/ff.002.jpeg","contentUrl":"https:\/\/www.smedemokrati.sk\/wp-content\/uploads\/2023\/04\/ff.002.jpeg","width":640,"height":480,"caption":"Smedemokrati.sk"},"image":{"@id":"https:\/\/www.smedemokrati.sk\/#\/schema\/logo\/image\/"},"sameAs":["https:\/\/www.facebook.com\/smedemokrati2023"]},{"@type":"Person","@id":"https:\/\/www.smedemokrati.sk\/#\/schema\/person\/c60720f4b9955b3c1ed222ebd1fbbc7c","name":"Tom\u00e1\u0161 Koppl","image":{"@type":"ImageObject","inLanguage":"hu-HU","@id":"https:\/\/secure.gravatar.com\/avatar\/8dfa38373c5e39821baf74c8e867a6f12e12c6dab6559aa999d10703b0b1c4ce?s=96&d=mm&r=g","url":"https:\/\/secure.gravatar.com\/avatar\/8dfa38373c5e39821baf74c8e867a6f12e12c6dab6559aa999d10703b0b1c4ce?s=96&d=mm&r=g","contentUrl":"https:\/\/secure.gravatar.com\/avatar\/8dfa38373c5e39821baf74c8e867a6f12e12c6dab6559aa999d10703b0b1c4ce?s=96&d=mm&r=g","caption":"Tom\u00e1\u0161 Koppl"},"url":"https:\/\/www.smedemokrati.sk\/hu\/author\/tomaskoppl\/"}]}},"_links":{"self":[{"href":"https:\/\/www.smedemokrati.sk\/hu\/wp-json\/wp\/v2\/posts\/2303","targetHints":{"allow":["GET"]}}],"collection":[{"href":"https:\/\/www.smedemokrati.sk\/hu\/wp-json\/wp\/v2\/posts"}],"about":[{"href":"https:\/\/www.smedemokrati.sk\/hu\/wp-json\/wp\/v2\/types\/post"}],"author":[{"embeddable":true,"href":"https:\/\/www.smedemokrati.sk\/hu\/wp-json\/wp\/v2\/users\/7"}],"replies":[{"embeddable":true,"href":"https:\/\/www.smedemokrati.sk\/hu\/wp-json\/wp\/v2\/comments?post=2303"}],"version-history":[{"count":2,"href":"https:\/\/www.smedemokrati.sk\/hu\/wp-json\/wp\/v2\/posts\/2303\/revisions"}],"predecessor-version":[{"id":2307,"href":"https:\/\/www.smedemokrati.sk\/hu\/wp-json\/wp\/v2\/posts\/2303\/revisions\/2307"}],"wp:featuredmedia":[{"embeddable":true,"href":"https:\/\/www.smedemokrati.sk\/hu\/wp-json\/wp\/v2\/media\/2304"}],"wp:attachment":[{"href":"https:\/\/www.smedemokrati.sk\/hu\/wp-json\/wp\/v2\/media?parent=2303"}],"wp:term":[{"taxonomy":"category","embeddable":true,"href":"https:\/\/www.smedemokrati.sk\/hu\/wp-json\/wp\/v2\/categories?post=2303"},{"taxonomy":"post_tag","embeddable":true,"href":"https:\/\/www.smedemokrati.sk\/hu\/wp-json\/wp\/v2\/tags?post=2303"}],"curies":[{"name":"wp","href":"https:\/\/api.w.org\/{rel}","templated":true}]}}