{"id":2063,"date":"2023-09-26T17:58:19","date_gmt":"2023-09-26T15:58:19","guid":{"rendered":"https:\/\/www.smedemokrati.sk\/?p=2063"},"modified":"2023-09-26T17:58:20","modified_gmt":"2023-09-26T15:58:20","slug":"politici-by-mali-vazit-svoje-zranujuce-slova","status":"publish","type":"post","link":"https:\/\/www.smedemokrati.sk\/hu\/politici-by-mali-vazit-svoje-zranujuce-slova\/","title":{"rendered":"Politici by mali v\u00e1\u017ei\u0165 svoje zra\u0148uj\u00face slov\u00e1"},"content":{"rendered":"<div id=\"fb-root\"><\/div>\n\n<p>Napriek tomu, \u017ee volebn\u00e1 kampa\u0148 ide v t\u00fdchto d\u0148och do definit\u00edvneho fin\u00e1le, v strane Demokrati sme presved\u010den\u00ed, \u017ee by si politici aj dnes mali zachov\u00e1va\u0165 aspo\u0148 ist\u00fa \u00farove\u0148. Rovnako ako sme ods\u00fadili vz\u00e1jomn\u00e9 fyzick\u00e9 ataky jednotliv\u00fdch kandid\u00e1tov, odsudzujeme aj neprimeran\u00e9 slov\u00e1, ktor\u00e9 v posledn\u00fdch d\u0148och vych\u00e1dzaj\u00fa predov\u0161etk\u00fdm z \u00fast predsedu SaS Richarda Sul\u00edka.<\/p>\n\n\n\n<p>Po tom, \u010do pred p\u00e1r d\u0148ami reagoval na zverejnenie svojej \u00fadajnej SMS konverz\u00e1cie s Jaroslavom Ha\u0161\u010d\u00e1kom slovami \u201cIgor Matovi\u010d je psychiatrick\u00fd pacient. On patr\u00ed do \u00fastavu\u201d, &nbsp;v dne\u0161nej diskusii denn\u00edka SME a R\u00e1dia Expres p\u00e1n Sul\u00edk op\u00e4\u0165 prekro\u010dil u\u017e aj tak n\u00edzko nastaven\u00fa latku, ke\u010f pred \u0161tudentmi \u017eurnalistiky v reakcii na l\u00eddra O\u013daNO povedal:&nbsp;\u201cJe to asi, ako ke\u010f m\u00e1te v rodine ment\u00e1lne postihnut\u00e9 die\u0165a. Nehnev\u00e1te sa na neho, nie ste z neho sklaman\u00fd, m\u00e1te ho r\u00e1d, sna\u017e\u00edte sa mu by\u0165 n\u00e1pomocn\u00fd. A jednoducho prehliadate niektor\u00e9 veci.\u201d<\/p>\n\n\n\n<p>V strane Demokrati dlhodobo zast\u00e1vame n\u00e1zor, \u017ee politici by sa nemali navz\u00e1jom ur\u00e1\u017ea\u0165 t\u00fdm, \u017ee siahaj\u00fa po klinick\u00fdch zdravotn\u00edckych term\u00ednoch. A je \u00faplne jedno, \u010di ide o predsedu SaS, alebo ak\u00e9hoko\u013evek l\u00eddra inej strany.<\/p>\n\n\n\n<p>Zdravotn\u00e9 znev\u00fdhodnenie nie je nie\u010do, za \u010do by sa mali \u013eudia hanbi\u0165 a tak\u00e9to v\u00fdroky politick\u00fdch akt\u00e9rov s\u00fa preto nepr\u00edpustn\u00e9, zra\u0148uj\u00face a id\u00face \u00faplne proti vz\u00e1jomn\u00e9mu re\u0161pektu a inkluz\u00edvnej spolo\u010dnosti.<\/p>\n\n\n\n<p><strong>\u201cVyz\u00fdvame preto v\u0161etk\u00fdch politikov a politi\u010dky bez rozdielu stran\u00edckej pr\u00edslu\u0161nosti, aby prestali na seba \u00fato\u010di\u0165 tak\u00fdmto sp\u00f4sobom. \u013dudia s ment\u00e1lnym \u010di in\u00fdm zdravotn\u00fdm znev\u00fdhodnen\u00fdm si to ur\u010dite nezasl\u00fa\u017eia,\u201d<\/strong>&nbsp;poznamenala poslanky\u0148a a kandid\u00e1tka Demokratov Jana \u017dit\u0148ansk\u00e1, ktor\u00e1 dlhodobo pom\u00e1ha zdravotne \u010di soci\u00e1lne znev\u00fdhodnen\u00edm \u013eu\u010fom.<\/p>\n","protected":false},"excerpt":{"rendered":"<p>Napriek tomu, \u017ee volebn\u00e1 kampa\u0148 ide v t\u00fdchto d\u0148och do definit\u00edvneho fin\u00e1le, v strane Demokrati sme presved\u010den\u00ed, \u017ee by si politici aj dnes mali zachov\u00e1va\u0165 aspo\u0148 ist\u00fa \u00farove\u0148. Rovnako ako sme ods\u00fadili vz\u00e1jomn\u00e9 fyzick\u00e9 ataky jednotliv\u00fdch kandid\u00e1tov, odsudzujeme aj neprimeran\u00e9 slov\u00e1, ktor\u00e9 v posledn\u00fdch d\u0148och vych\u00e1dzaj\u00fa predov\u0161etk\u00fdm z \u00fast predsedu SaS Richarda Sul\u00edka. Po tom, [&hellip;]<\/p>\n","protected":false},"author":7,"featured_media":969,"comment_status":"closed","ping_status":"closed","sticky":false,"template":"","format":"standard","meta":{"_acf_changed":false,"ngg_post_thumbnail":0,"footnotes":""},"categories":[4],"tags":[],"class_list":["post-2063","post","type-post","status-publish","format-standard","has-post-thumbnail","hentry","category-tlacove-spravy"],"acf":[],"yoast_head":"<!-- This site is optimized with the Yoast SEO plugin v27.2 - https:\/\/yoast.com\/product\/yoast-seo-wordpress\/ -->\n<title>Politici by mali v\u00e1\u017ei\u0165 svoje zra\u0148uj\u00face slov\u00e1 - Smedemokrati.sk<\/title>\n<meta name=\"robots\" content=\"index, follow, max-snippet:-1, max-image-preview:large, max-video-preview:-1\" \/>\n<link rel=\"canonical\" href=\"https:\/\/www.smedemokrati.sk\/hu\/politici-by-mali-vazit-svoje-zranujuce-slova\/\" \/>\n<meta property=\"og:locale\" content=\"hu_HU\" \/>\n<meta property=\"og:locale:alternate\" content=\"en_US\" \/>\n<meta property=\"og:locale:alternate\" content=\"cs_CZ\" \/>\n<meta property=\"og:locale:alternate\" content=\"sk_SK\" \/>\n<meta property=\"og:locale:alternate\" content=\"sv_SE\" \/>\n<meta property=\"og:type\" content=\"article\" \/>\n<meta property=\"og:title\" content=\"Politici by mali v\u00e1\u017ei\u0165 svoje zra\u0148uj\u00face slov\u00e1 - Smedemokrati.sk\" \/>\n<meta property=\"og:description\" content=\"Napriek tomu, \u017ee volebn\u00e1 kampa\u0148 ide v t\u00fdchto d\u0148och do definit\u00edvneho fin\u00e1le, v strane Demokrati sme presved\u010den\u00ed, \u017ee by si politici aj dnes mali zachov\u00e1va\u0165 aspo\u0148 ist\u00fa \u00farove\u0148. Rovnako ako sme ods\u00fadili vz\u00e1jomn\u00e9 fyzick\u00e9 ataky jednotliv\u00fdch kandid\u00e1tov, odsudzujeme aj neprimeran\u00e9 slov\u00e1, ktor\u00e9 v posledn\u00fdch d\u0148och vych\u00e1dzaj\u00fa predov\u0161etk\u00fdm z \u00fast predsedu SaS Richarda Sul\u00edka. Po tom, [&hellip;]\" \/>\n<meta property=\"og:url\" content=\"https:\/\/www.smedemokrati.sk\/hu\/politici-by-mali-vazit-svoje-zranujuce-slova\/\" \/>\n<meta property=\"og:site_name\" content=\"Smedemokrati.sk\" \/>\n<meta property=\"article:publisher\" content=\"https:\/\/www.facebook.com\/smedemokrati2023\" \/>\n<meta property=\"article:published_time\" content=\"2023-09-26T15:58:19+00:00\" \/>\n<meta property=\"article:modified_time\" content=\"2023-09-26T15:58:20+00:00\" \/>\n<meta property=\"og:image\" content=\"https:\/\/www.smedemokrati.sk\/wp-content\/uploads\/2023\/05\/JZ_modal.jpg\" \/>\n\t<meta property=\"og:image:width\" content=\"2048\" \/>\n\t<meta property=\"og:image:height\" content=\"1366\" \/>\n\t<meta property=\"og:image:type\" content=\"image\/jpeg\" \/>\n<meta name=\"author\" content=\"Tom\u00e1\u0161 Koppl\" \/>\n<meta name=\"twitter:card\" content=\"summary_large_image\" \/>\n<meta name=\"twitter:label1\" content=\"Szerz\u0151:\" \/>\n\t<meta name=\"twitter:data1\" content=\"Tom\u00e1\u0161 Koppl\" \/>\n\t<meta name=\"twitter:label2\" content=\"Becs\u00fclt olvas\u00e1si id\u0151\" \/>\n\t<meta name=\"twitter:data2\" content=\"2 perc\" \/>\n<script type=\"application\/ld+json\" class=\"yoast-schema-graph\">{\"@context\":\"https:\/\/schema.org\",\"@graph\":[{\"@type\":\"Article\",\"@id\":\"https:\/\/www.smedemokrati.sk\/politici-by-mali-vazit-svoje-zranujuce-slova\/#article\",\"isPartOf\":{\"@id\":\"https:\/\/www.smedemokrati.sk\/politici-by-mali-vazit-svoje-zranujuce-slova\/\"},\"author\":{\"name\":\"Tom\u00e1\u0161 Koppl\",\"@id\":\"https:\/\/www.smedemokrati.sk\/#\/schema\/person\/c60720f4b9955b3c1ed222ebd1fbbc7c\"},\"headline\":\"Politici by mali v\u00e1\u017ei\u0165 svoje zra\u0148uj\u00face slov\u00e1\",\"datePublished\":\"2023-09-26T15:58:19+00:00\",\"dateModified\":\"2023-09-26T15:58:20+00:00\",\"mainEntityOfPage\":{\"@id\":\"https:\/\/www.smedemokrati.sk\/politici-by-mali-vazit-svoje-zranujuce-slova\/\"},\"wordCount\":348,\"publisher\":{\"@id\":\"https:\/\/www.smedemokrati.sk\/#organization\"},\"image\":{\"@id\":\"https:\/\/www.smedemokrati.sk\/politici-by-mali-vazit-svoje-zranujuce-slova\/#primaryimage\"},\"thumbnailUrl\":\"https:\/\/www.smedemokrati.sk\/wp-content\/uploads\/2023\/05\/JZ_modal.jpg\",\"articleSection\":[\"Tla\u010dov\u00e9 spr\u00e1vy\"],\"inLanguage\":\"hu-HU\"},{\"@type\":\"WebPage\",\"@id\":\"https:\/\/www.smedemokrati.sk\/politici-by-mali-vazit-svoje-zranujuce-slova\/\",\"url\":\"https:\/\/www.smedemokrati.sk\/politici-by-mali-vazit-svoje-zranujuce-slova\/\",\"name\":\"Politici by mali v\u00e1\u017ei\u0165 svoje zra\u0148uj\u00face slov\u00e1 - Smedemokrati.sk\",\"isPartOf\":{\"@id\":\"https:\/\/www.smedemokrati.sk\/#website\"},\"primaryImageOfPage\":{\"@id\":\"https:\/\/www.smedemokrati.sk\/politici-by-mali-vazit-svoje-zranujuce-slova\/#primaryimage\"},\"image\":{\"@id\":\"https:\/\/www.smedemokrati.sk\/politici-by-mali-vazit-svoje-zranujuce-slova\/#primaryimage\"},\"thumbnailUrl\":\"https:\/\/www.smedemokrati.sk\/wp-content\/uploads\/2023\/05\/JZ_modal.jpg\",\"datePublished\":\"2023-09-26T15:58:19+00:00\",\"dateModified\":\"2023-09-26T15:58:20+00:00\",\"breadcrumb\":{\"@id\":\"https:\/\/www.smedemokrati.sk\/politici-by-mali-vazit-svoje-zranujuce-slova\/#breadcrumb\"},\"inLanguage\":\"hu-HU\",\"potentialAction\":[{\"@type\":\"ReadAction\",\"target\":[\"https:\/\/www.smedemokrati.sk\/politici-by-mali-vazit-svoje-zranujuce-slova\/\"]}]},{\"@type\":\"ImageObject\",\"inLanguage\":\"hu-HU\",\"@id\":\"https:\/\/www.smedemokrati.sk\/politici-by-mali-vazit-svoje-zranujuce-slova\/#primaryimage\",\"url\":\"https:\/\/www.smedemokrati.sk\/wp-content\/uploads\/2023\/05\/JZ_modal.jpg\",\"contentUrl\":\"https:\/\/www.smedemokrati.sk\/wp-content\/uploads\/2023\/05\/JZ_modal.jpg\",\"width\":2048,\"height\":1366},{\"@type\":\"BreadcrumbList\",\"@id\":\"https:\/\/www.smedemokrati.sk\/politici-by-mali-vazit-svoje-zranujuce-slova\/#breadcrumb\",\"itemListElement\":[{\"@type\":\"ListItem\",\"position\":1,\"name\":\"Domovsk\u00e1 str\u00e1nka\",\"item\":\"https:\/\/www.smedemokrati.sk\/\"},{\"@type\":\"ListItem\",\"position\":2,\"name\":\"Politici by mali v\u00e1\u017ei\u0165 svoje zra\u0148uj\u00face slov\u00e1\"}]},{\"@type\":\"WebSite\",\"@id\":\"https:\/\/www.smedemokrati.sk\/#website\",\"url\":\"https:\/\/www.smedemokrati.sk\/\",\"name\":\"Smedemokrati.sk\",\"description\":\"Demokracia a slu\u0161nos\u0165 zv\u00ed\u0165az\u00ed\",\"publisher\":{\"@id\":\"https:\/\/www.smedemokrati.sk\/#organization\"},\"potentialAction\":[{\"@type\":\"SearchAction\",\"target\":{\"@type\":\"EntryPoint\",\"urlTemplate\":\"https:\/\/www.smedemokrati.sk\/?s={search_term_string}\"},\"query-input\":{\"@type\":\"PropertyValueSpecification\",\"valueRequired\":true,\"valueName\":\"search_term_string\"}}],\"inLanguage\":\"hu-HU\"},{\"@type\":\"Organization\",\"@id\":\"https:\/\/www.smedemokrati.sk\/#organization\",\"name\":\"Smedemokrati.sk\",\"url\":\"https:\/\/www.smedemokrati.sk\/\",\"logo\":{\"@type\":\"ImageObject\",\"inLanguage\":\"hu-HU\",\"@id\":\"https:\/\/www.smedemokrati.sk\/#\/schema\/logo\/image\/\",\"url\":\"https:\/\/www.smedemokrati.sk\/wp-content\/uploads\/2023\/04\/ff.002.jpeg\",\"contentUrl\":\"https:\/\/www.smedemokrati.sk\/wp-content\/uploads\/2023\/04\/ff.002.jpeg\",\"width\":640,\"height\":480,\"caption\":\"Smedemokrati.sk\"},\"image\":{\"@id\":\"https:\/\/www.smedemokrati.sk\/#\/schema\/logo\/image\/\"},\"sameAs\":[\"https:\/\/www.facebook.com\/smedemokrati2023\"]},{\"@type\":\"Person\",\"@id\":\"https:\/\/www.smedemokrati.sk\/#\/schema\/person\/c60720f4b9955b3c1ed222ebd1fbbc7c\",\"name\":\"Tom\u00e1\u0161 Koppl\",\"image\":{\"@type\":\"ImageObject\",\"inLanguage\":\"hu-HU\",\"@id\":\"https:\/\/secure.gravatar.com\/avatar\/8dfa38373c5e39821baf74c8e867a6f12e12c6dab6559aa999d10703b0b1c4ce?s=96&d=mm&r=g\",\"url\":\"https:\/\/secure.gravatar.com\/avatar\/8dfa38373c5e39821baf74c8e867a6f12e12c6dab6559aa999d10703b0b1c4ce?s=96&d=mm&r=g\",\"contentUrl\":\"https:\/\/secure.gravatar.com\/avatar\/8dfa38373c5e39821baf74c8e867a6f12e12c6dab6559aa999d10703b0b1c4ce?s=96&d=mm&r=g\",\"caption\":\"Tom\u00e1\u0161 Koppl\"},\"url\":\"https:\/\/www.smedemokrati.sk\/hu\/author\/tomaskoppl\/\"}]}<\/script>\n<!-- \/ Yoast SEO plugin. -->","yoast_head_json":{"title":"Politici by mali v\u00e1\u017ei\u0165 svoje zra\u0148uj\u00face slov\u00e1 - Smedemokrati.sk","robots":{"index":"index","follow":"follow","max-snippet":"max-snippet:-1","max-image-preview":"max-image-preview:large","max-video-preview":"max-video-preview:-1"},"canonical":"https:\/\/www.smedemokrati.sk\/hu\/politici-by-mali-vazit-svoje-zranujuce-slova\/","og_locale":"hu_HU","og_type":"article","og_title":"Politici by mali v\u00e1\u017ei\u0165 svoje zra\u0148uj\u00face slov\u00e1 - Smedemokrati.sk","og_description":"Napriek tomu, \u017ee volebn\u00e1 kampa\u0148 ide v t\u00fdchto d\u0148och do definit\u00edvneho fin\u00e1le, v strane Demokrati sme presved\u010den\u00ed, \u017ee by si politici aj dnes mali zachov\u00e1va\u0165 aspo\u0148 ist\u00fa \u00farove\u0148. Rovnako ako sme ods\u00fadili vz\u00e1jomn\u00e9 fyzick\u00e9 ataky jednotliv\u00fdch kandid\u00e1tov, odsudzujeme aj neprimeran\u00e9 slov\u00e1, ktor\u00e9 v posledn\u00fdch d\u0148och vych\u00e1dzaj\u00fa predov\u0161etk\u00fdm z \u00fast predsedu SaS Richarda Sul\u00edka. Po tom, [&hellip;]","og_url":"https:\/\/www.smedemokrati.sk\/hu\/politici-by-mali-vazit-svoje-zranujuce-slova\/","og_site_name":"Smedemokrati.sk","article_publisher":"https:\/\/www.facebook.com\/smedemokrati2023","article_published_time":"2023-09-26T15:58:19+00:00","article_modified_time":"2023-09-26T15:58:20+00:00","og_image":[{"width":2048,"height":1366,"url":"https:\/\/www.smedemokrati.sk\/wp-content\/uploads\/2023\/05\/JZ_modal.jpg","type":"image\/jpeg"}],"author":"Tom\u00e1\u0161 Koppl","twitter_card":"summary_large_image","twitter_misc":{"Szerz\u0151:":"Tom\u00e1\u0161 Koppl","Becs\u00fclt olvas\u00e1si id\u0151":"2 perc"},"schema":{"@context":"https:\/\/schema.org","@graph":[{"@type":"Article","@id":"https:\/\/www.smedemokrati.sk\/politici-by-mali-vazit-svoje-zranujuce-slova\/#article","isPartOf":{"@id":"https:\/\/www.smedemokrati.sk\/politici-by-mali-vazit-svoje-zranujuce-slova\/"},"author":{"name":"Tom\u00e1\u0161 Koppl","@id":"https:\/\/www.smedemokrati.sk\/#\/schema\/person\/c60720f4b9955b3c1ed222ebd1fbbc7c"},"headline":"Politici by mali v\u00e1\u017ei\u0165 svoje zra\u0148uj\u00face slov\u00e1","datePublished":"2023-09-26T15:58:19+00:00","dateModified":"2023-09-26T15:58:20+00:00","mainEntityOfPage":{"@id":"https:\/\/www.smedemokrati.sk\/politici-by-mali-vazit-svoje-zranujuce-slova\/"},"wordCount":348,"publisher":{"@id":"https:\/\/www.smedemokrati.sk\/#organization"},"image":{"@id":"https:\/\/www.smedemokrati.sk\/politici-by-mali-vazit-svoje-zranujuce-slova\/#primaryimage"},"thumbnailUrl":"https:\/\/www.smedemokrati.sk\/wp-content\/uploads\/2023\/05\/JZ_modal.jpg","articleSection":["Tla\u010dov\u00e9 spr\u00e1vy"],"inLanguage":"hu-HU"},{"@type":"WebPage","@id":"https:\/\/www.smedemokrati.sk\/politici-by-mali-vazit-svoje-zranujuce-slova\/","url":"https:\/\/www.smedemokrati.sk\/politici-by-mali-vazit-svoje-zranujuce-slova\/","name":"Politici by mali v\u00e1\u017ei\u0165 svoje zra\u0148uj\u00face slov\u00e1 - Smedemokrati.sk","isPartOf":{"@id":"https:\/\/www.smedemokrati.sk\/#website"},"primaryImageOfPage":{"@id":"https:\/\/www.smedemokrati.sk\/politici-by-mali-vazit-svoje-zranujuce-slova\/#primaryimage"},"image":{"@id":"https:\/\/www.smedemokrati.sk\/politici-by-mali-vazit-svoje-zranujuce-slova\/#primaryimage"},"thumbnailUrl":"https:\/\/www.smedemokrati.sk\/wp-content\/uploads\/2023\/05\/JZ_modal.jpg","datePublished":"2023-09-26T15:58:19+00:00","dateModified":"2023-09-26T15:58:20+00:00","breadcrumb":{"@id":"https:\/\/www.smedemokrati.sk\/politici-by-mali-vazit-svoje-zranujuce-slova\/#breadcrumb"},"inLanguage":"hu-HU","potentialAction":[{"@type":"ReadAction","target":["https:\/\/www.smedemokrati.sk\/politici-by-mali-vazit-svoje-zranujuce-slova\/"]}]},{"@type":"ImageObject","inLanguage":"hu-HU","@id":"https:\/\/www.smedemokrati.sk\/politici-by-mali-vazit-svoje-zranujuce-slova\/#primaryimage","url":"https:\/\/www.smedemokrati.sk\/wp-content\/uploads\/2023\/05\/JZ_modal.jpg","contentUrl":"https:\/\/www.smedemokrati.sk\/wp-content\/uploads\/2023\/05\/JZ_modal.jpg","width":2048,"height":1366},{"@type":"BreadcrumbList","@id":"https:\/\/www.smedemokrati.sk\/politici-by-mali-vazit-svoje-zranujuce-slova\/#breadcrumb","itemListElement":[{"@type":"ListItem","position":1,"name":"Domovsk\u00e1 str\u00e1nka","item":"https:\/\/www.smedemokrati.sk\/"},{"@type":"ListItem","position":2,"name":"Politici by mali v\u00e1\u017ei\u0165 svoje zra\u0148uj\u00face slov\u00e1"}]},{"@type":"WebSite","@id":"https:\/\/www.smedemokrati.sk\/#website","url":"https:\/\/www.smedemokrati.sk\/","name":"Smedemokrati.sk","description":"Demokracia a slu\u0161nos\u0165 zv\u00ed\u0165az\u00ed","publisher":{"@id":"https:\/\/www.smedemokrati.sk\/#organization"},"potentialAction":[{"@type":"SearchAction","target":{"@type":"EntryPoint","urlTemplate":"https:\/\/www.smedemokrati.sk\/?s={search_term_string}"},"query-input":{"@type":"PropertyValueSpecification","valueRequired":true,"valueName":"search_term_string"}}],"inLanguage":"hu-HU"},{"@type":"Organization","@id":"https:\/\/www.smedemokrati.sk\/#organization","name":"Smedemokrati.sk","url":"https:\/\/www.smedemokrati.sk\/","logo":{"@type":"ImageObject","inLanguage":"hu-HU","@id":"https:\/\/www.smedemokrati.sk\/#\/schema\/logo\/image\/","url":"https:\/\/www.smedemokrati.sk\/wp-content\/uploads\/2023\/04\/ff.002.jpeg","contentUrl":"https:\/\/www.smedemokrati.sk\/wp-content\/uploads\/2023\/04\/ff.002.jpeg","width":640,"height":480,"caption":"Smedemokrati.sk"},"image":{"@id":"https:\/\/www.smedemokrati.sk\/#\/schema\/logo\/image\/"},"sameAs":["https:\/\/www.facebook.com\/smedemokrati2023"]},{"@type":"Person","@id":"https:\/\/www.smedemokrati.sk\/#\/schema\/person\/c60720f4b9955b3c1ed222ebd1fbbc7c","name":"Tom\u00e1\u0161 Koppl","image":{"@type":"ImageObject","inLanguage":"hu-HU","@id":"https:\/\/secure.gravatar.com\/avatar\/8dfa38373c5e39821baf74c8e867a6f12e12c6dab6559aa999d10703b0b1c4ce?s=96&d=mm&r=g","url":"https:\/\/secure.gravatar.com\/avatar\/8dfa38373c5e39821baf74c8e867a6f12e12c6dab6559aa999d10703b0b1c4ce?s=96&d=mm&r=g","contentUrl":"https:\/\/secure.gravatar.com\/avatar\/8dfa38373c5e39821baf74c8e867a6f12e12c6dab6559aa999d10703b0b1c4ce?s=96&d=mm&r=g","caption":"Tom\u00e1\u0161 Koppl"},"url":"https:\/\/www.smedemokrati.sk\/hu\/author\/tomaskoppl\/"}]}},"_links":{"self":[{"href":"https:\/\/www.smedemokrati.sk\/hu\/wp-json\/wp\/v2\/posts\/2063","targetHints":{"allow":["GET"]}}],"collection":[{"href":"https:\/\/www.smedemokrati.sk\/hu\/wp-json\/wp\/v2\/posts"}],"about":[{"href":"https:\/\/www.smedemokrati.sk\/hu\/wp-json\/wp\/v2\/types\/post"}],"author":[{"embeddable":true,"href":"https:\/\/www.smedemokrati.sk\/hu\/wp-json\/wp\/v2\/users\/7"}],"replies":[{"embeddable":true,"href":"https:\/\/www.smedemokrati.sk\/hu\/wp-json\/wp\/v2\/comments?post=2063"}],"version-history":[{"count":1,"href":"https:\/\/www.smedemokrati.sk\/hu\/wp-json\/wp\/v2\/posts\/2063\/revisions"}],"predecessor-version":[{"id":2064,"href":"https:\/\/www.smedemokrati.sk\/hu\/wp-json\/wp\/v2\/posts\/2063\/revisions\/2064"}],"wp:featuredmedia":[{"embeddable":true,"href":"https:\/\/www.smedemokrati.sk\/hu\/wp-json\/wp\/v2\/media\/969"}],"wp:attachment":[{"href":"https:\/\/www.smedemokrati.sk\/hu\/wp-json\/wp\/v2\/media?parent=2063"}],"wp:term":[{"taxonomy":"category","embeddable":true,"href":"https:\/\/www.smedemokrati.sk\/hu\/wp-json\/wp\/v2\/categories?post=2063"},{"taxonomy":"post_tag","embeddable":true,"href":"https:\/\/www.smedemokrati.sk\/hu\/wp-json\/wp\/v2\/tags?post=2063"}],"curies":[{"name":"wp","href":"https:\/\/api.w.org\/{rel}","templated":true}]}}