{"id":1886,"date":"2023-09-05T13:12:48","date_gmt":"2023-09-05T11:12:48","guid":{"rendered":"https:\/\/www.smedemokrati.sk\/?p=1886"},"modified":"2023-09-05T13:12:49","modified_gmt":"2023-09-05T11:12:49","slug":"chcu-uplnu-beztrestnost-preto-chcu-ukradnut-aj-prezidentsky-palac","status":"publish","type":"post","link":"https:\/\/www.smedemokrati.sk\/hu\/chcu-uplnu-beztrestnost-preto-chcu-ukradnut-aj-prezidentsky-palac\/","title":{"rendered":"Chc\u00fa \u00fapln\u00fa beztrestnos\u0165, preto chc\u00fa ukradn\u00fa\u0165 aj prezidentsk\u00fd pal\u00e1c"},"content":{"rendered":"<div id=\"fb-root\"><\/div>\n\n<p><strong>Danko to povedal otvorene: \u201eZmen\u00edme vo\u013ebu prezidenta!\u201c<\/strong><\/p>\n\n\n\n<p>Priama vo\u013eba prezidenta je ohrozen\u00e1. Fico, Pellegrini, Danko a Uhr\u00edk chc\u00fa ukradn\u00fa\u0165 \u013eu\u010fom mo\u017enos\u0165 voli\u0165 si hlavu \u0161t\u00e1tu priamo a vo\u013ebu presun\u00fa\u0165 do parlamentu. Povedal to \u010dlen predsedn\u00edctva strany Demokrati a poslanec NR SR Juraj \u0160eliga na tla\u010dovom br\u00edfingu. Pod\u013ea \u0160eligu si tak chc\u00fa zabezpe\u010di\u0165 beztrestnos\u0165. \u0160eliga z\u00e1rove\u0148 pripomenul, \u017ee na tento z\u00e1mer opoz\u00edcie upozor\u0148oval u\u017e pred troma mesiacmi a dnes sa tieto obavy za\u010d\u00ednaj\u00fa potvrdzova\u0165.<\/p>\n\n\n\n<p><strong>\u201eExistuje ve\u013ek\u00e9 riziko toho, \u017ee Fico, Pellegrini, Danko, Uhr\u00edk a \u010fal\u0161\u00ed chc\u00fa ukradn\u00fa\u0165 vo\u013ebu prezidenta \u013eu\u010fom. Ak by vo vo\u013eb\u00e1ch z\u00edskali \u00fastavn\u00fa v\u00e4\u010d\u0161inu, zmenia \u00fastavu tak, aby si \u013eudia priamo nevyberali prezidenta, ale aby si ho volili oni v parlamente,\u201c\u00a0<\/strong>uviedol Juraj \u0160eliga.<\/p>\n\n\n\n<p>\u201eKe\u010f sme o tomto informovali 21.5. na tla\u010dovej konferencii, viacer\u00ed n\u00e1m hovorili \u017ee kon\u0161pirujeme. Ako vrchol\u00ed predvolebn\u00e1 kampa\u0148 ukazuje sa, \u017ee riziko, \u017ee \u013eu\u010fom ukradn\u00fa priamu vo\u013ebu prezidenta, je re\u00e1lne.\u00a0<strong>Andrej Danko to vo v\u010deraj\u0161ej diskusii povedal jasne &#8211; ak bud\u00fa ma\u0165 t\u00fa mo\u017enos\u0165, tak sa o zmenu vo\u013eby prezidenta pok\u00fasia, lebo, parafr\u00e1zujem, \u201a<em>rad\u0161ej to urobme takto, ako keby mal by\u0165 prezident Kor\u010dok a naviac u\u0161etr\u00edme 40 mil. eur za organiz\u00e1ciu volieb.<\/em>\u2018\u00a0U\u017e sa nehanbia o tom hovori\u0165 verejne a otvorene sa prizn\u00e1vaj\u00fa, \u017ee chc\u00fa vo\u013ebu prezidenta ukradn\u00fa\u0165 \u013eu\u010fom. Toto im nesmieme dovoli\u0165,\u201c<\/strong> vyhl\u00e1sil Juraj \u0160eliga.<\/p>\n\n\n\n<p>\u0160eliga hovor\u00ed, \u017ee 30. septembra u\u017e nejde len o to, kto sa dostane do NR SR. P\u00f4jde aj o to, \u010di Fico, Pellegrini, Danko, Uhr\u00edk a \u010fal\u0161\u00ed ukradn\u00fa \u013eu\u010fom priamu vo\u013ebu prezidenta.\u00a0<strong>\u201eToto je mimoriadna hrozba. Chc\u00fa si takto zabezpe\u010di\u0165 svoju beztrestnos\u0165, preto\u017ee prezident m\u00e1 pr\u00e1vo ude\u013eova\u0165 milos\u0165. Pre Roberta Fica by to bol priam sen, ma\u0165 v prezidentskom pal\u00e1ci svojho \u010dloveka a by\u0165 absol\u00fatne beztrestn\u00fd a omilosti\u0165 svojich \u013eud\u00ed,\u201c\u00a0<\/strong>doplnil.<\/p>\n\n\n\n<p><strong>\u201eV strane Demokrati sme odhodlan\u00ed bojova\u0165 za to, aby si \u013eudia aj na\u010falej mohli voli\u0165 svojho prezidenta priamo. Budeme pokra\u010dova\u0165 v ochrane spravodlivosti na Slovensku, v ochrane \u0160TS, \u00da\u0160P a v boji za reformu prokurat\u00fary a za zru\u0161enie paragrafu 363. Sme jedin\u00e1 strana, ktor\u00e1 sa jednozna\u010dne postavila Ficov\u00fdm snah\u00e1m o na\u0161trbenie slovenskej demokracie a pre ob\u010danov sme z\u00e1rukou ochrany spravodlivosti,\u201c<\/strong>\u00a0uzavrel \u0160eliga.<\/p>\n","protected":false},"excerpt":{"rendered":"<p>Danko to povedal otvorene: \u201eZmen\u00edme vo\u013ebu prezidenta!\u201c Priama vo\u013eba prezidenta je ohrozen\u00e1. Fico, Pellegrini, Danko a Uhr\u00edk chc\u00fa ukradn\u00fa\u0165 \u013eu\u010fom mo\u017enos\u0165 voli\u0165 si hlavu \u0161t\u00e1tu priamo a vo\u013ebu presun\u00fa\u0165 do parlamentu. Povedal to \u010dlen predsedn\u00edctva strany Demokrati a poslanec NR SR Juraj \u0160eliga na tla\u010dovom br\u00edfingu. Pod\u013ea \u0160eligu si tak chc\u00fa zabezpe\u010di\u0165 beztrestnos\u0165. \u0160eliga z\u00e1rove\u0148 [&hellip;]<\/p>\n","protected":false},"author":7,"featured_media":1887,"comment_status":"closed","ping_status":"closed","sticky":false,"template":"","format":"standard","meta":{"_acf_changed":false,"ngg_post_thumbnail":0,"footnotes":""},"categories":[4],"tags":[],"class_list":["post-1886","post","type-post","status-publish","format-standard","has-post-thumbnail","hentry","category-tlacove-spravy"],"acf":[],"yoast_head":"<!-- This site is optimized with the Yoast SEO plugin v27.2 - https:\/\/yoast.com\/product\/yoast-seo-wordpress\/ -->\n<title>Chc\u00fa \u00fapln\u00fa beztrestnos\u0165, preto chc\u00fa ukradn\u00fa\u0165 aj prezidentsk\u00fd pal\u00e1c - Smedemokrati.sk<\/title>\n<meta name=\"robots\" content=\"index, follow, max-snippet:-1, max-image-preview:large, max-video-preview:-1\" \/>\n<link rel=\"canonical\" href=\"https:\/\/www.smedemokrati.sk\/hu\/chcu-uplnu-beztrestnost-preto-chcu-ukradnut-aj-prezidentsky-palac\/\" \/>\n<meta property=\"og:locale\" content=\"hu_HU\" \/>\n<meta property=\"og:locale:alternate\" content=\"en_US\" \/>\n<meta property=\"og:locale:alternate\" content=\"cs_CZ\" \/>\n<meta property=\"og:locale:alternate\" content=\"sk_SK\" \/>\n<meta property=\"og:locale:alternate\" content=\"sv_SE\" \/>\n<meta property=\"og:type\" content=\"article\" \/>\n<meta property=\"og:title\" content=\"Chc\u00fa \u00fapln\u00fa beztrestnos\u0165, preto chc\u00fa ukradn\u00fa\u0165 aj prezidentsk\u00fd pal\u00e1c - Smedemokrati.sk\" \/>\n<meta property=\"og:description\" content=\"Danko to povedal otvorene: \u201eZmen\u00edme vo\u013ebu prezidenta!\u201c Priama vo\u013eba prezidenta je ohrozen\u00e1. Fico, Pellegrini, Danko a Uhr\u00edk chc\u00fa ukradn\u00fa\u0165 \u013eu\u010fom mo\u017enos\u0165 voli\u0165 si hlavu \u0161t\u00e1tu priamo a vo\u013ebu presun\u00fa\u0165 do parlamentu. Povedal to \u010dlen predsedn\u00edctva strany Demokrati a poslanec NR SR Juraj \u0160eliga na tla\u010dovom br\u00edfingu. Pod\u013ea \u0160eligu si tak chc\u00fa zabezpe\u010di\u0165 beztrestnos\u0165. \u0160eliga z\u00e1rove\u0148 [&hellip;]\" \/>\n<meta property=\"og:url\" content=\"https:\/\/www.smedemokrati.sk\/hu\/chcu-uplnu-beztrestnost-preto-chcu-ukradnut-aj-prezidentsky-palac\/\" \/>\n<meta property=\"og:site_name\" content=\"Smedemokrati.sk\" \/>\n<meta property=\"article:publisher\" content=\"https:\/\/www.facebook.com\/smedemokrati2023\" \/>\n<meta property=\"article:published_time\" content=\"2023-09-05T11:12:48+00:00\" \/>\n<meta property=\"article:modified_time\" content=\"2023-09-05T11:12:49+00:00\" \/>\n<meta property=\"og:image\" content=\"https:\/\/www.smedemokrati.sk\/wp-content\/uploads\/2023\/09\/123.jpg\" \/>\n\t<meta property=\"og:image:width\" content=\"1487\" \/>\n\t<meta property=\"og:image:height\" content=\"1114\" \/>\n\t<meta property=\"og:image:type\" content=\"image\/jpeg\" \/>\n<meta name=\"author\" content=\"Tom\u00e1\u0161 Koppl\" \/>\n<meta name=\"twitter:card\" content=\"summary_large_image\" \/>\n<meta name=\"twitter:label1\" content=\"Szerz\u0151:\" \/>\n\t<meta name=\"twitter:data1\" content=\"Tom\u00e1\u0161 Koppl\" \/>\n\t<meta name=\"twitter:label2\" content=\"Becs\u00fclt olvas\u00e1si id\u0151\" \/>\n\t<meta name=\"twitter:data2\" content=\"2 perc\" \/>\n<script type=\"application\/ld+json\" class=\"yoast-schema-graph\">{\"@context\":\"https:\/\/schema.org\",\"@graph\":[{\"@type\":\"Article\",\"@id\":\"https:\/\/www.smedemokrati.sk\/chcu-uplnu-beztrestnost-preto-chcu-ukradnut-aj-prezidentsky-palac\/#article\",\"isPartOf\":{\"@id\":\"https:\/\/www.smedemokrati.sk\/chcu-uplnu-beztrestnost-preto-chcu-ukradnut-aj-prezidentsky-palac\/\"},\"author\":{\"name\":\"Tom\u00e1\u0161 Koppl\",\"@id\":\"https:\/\/www.smedemokrati.sk\/#\/schema\/person\/c60720f4b9955b3c1ed222ebd1fbbc7c\"},\"headline\":\"Chc\u00fa \u00fapln\u00fa beztrestnos\u0165, preto chc\u00fa ukradn\u00fa\u0165 aj prezidentsk\u00fd pal\u00e1c\",\"datePublished\":\"2023-09-05T11:12:48+00:00\",\"dateModified\":\"2023-09-05T11:12:49+00:00\",\"mainEntityOfPage\":{\"@id\":\"https:\/\/www.smedemokrati.sk\/chcu-uplnu-beztrestnost-preto-chcu-ukradnut-aj-prezidentsky-palac\/\"},\"wordCount\":418,\"publisher\":{\"@id\":\"https:\/\/www.smedemokrati.sk\/#organization\"},\"image\":{\"@id\":\"https:\/\/www.smedemokrati.sk\/chcu-uplnu-beztrestnost-preto-chcu-ukradnut-aj-prezidentsky-palac\/#primaryimage\"},\"thumbnailUrl\":\"https:\/\/www.smedemokrati.sk\/wp-content\/uploads\/2023\/09\/123.jpg\",\"articleSection\":[\"Tla\u010dov\u00e9 spr\u00e1vy\"],\"inLanguage\":\"hu-HU\"},{\"@type\":\"WebPage\",\"@id\":\"https:\/\/www.smedemokrati.sk\/chcu-uplnu-beztrestnost-preto-chcu-ukradnut-aj-prezidentsky-palac\/\",\"url\":\"https:\/\/www.smedemokrati.sk\/chcu-uplnu-beztrestnost-preto-chcu-ukradnut-aj-prezidentsky-palac\/\",\"name\":\"Chc\u00fa \u00fapln\u00fa beztrestnos\u0165, preto chc\u00fa ukradn\u00fa\u0165 aj prezidentsk\u00fd pal\u00e1c - Smedemokrati.sk\",\"isPartOf\":{\"@id\":\"https:\/\/www.smedemokrati.sk\/#website\"},\"primaryImageOfPage\":{\"@id\":\"https:\/\/www.smedemokrati.sk\/chcu-uplnu-beztrestnost-preto-chcu-ukradnut-aj-prezidentsky-palac\/#primaryimage\"},\"image\":{\"@id\":\"https:\/\/www.smedemokrati.sk\/chcu-uplnu-beztrestnost-preto-chcu-ukradnut-aj-prezidentsky-palac\/#primaryimage\"},\"thumbnailUrl\":\"https:\/\/www.smedemokrati.sk\/wp-content\/uploads\/2023\/09\/123.jpg\",\"datePublished\":\"2023-09-05T11:12:48+00:00\",\"dateModified\":\"2023-09-05T11:12:49+00:00\",\"breadcrumb\":{\"@id\":\"https:\/\/www.smedemokrati.sk\/chcu-uplnu-beztrestnost-preto-chcu-ukradnut-aj-prezidentsky-palac\/#breadcrumb\"},\"inLanguage\":\"hu-HU\",\"potentialAction\":[{\"@type\":\"ReadAction\",\"target\":[\"https:\/\/www.smedemokrati.sk\/chcu-uplnu-beztrestnost-preto-chcu-ukradnut-aj-prezidentsky-palac\/\"]}]},{\"@type\":\"ImageObject\",\"inLanguage\":\"hu-HU\",\"@id\":\"https:\/\/www.smedemokrati.sk\/chcu-uplnu-beztrestnost-preto-chcu-ukradnut-aj-prezidentsky-palac\/#primaryimage\",\"url\":\"https:\/\/www.smedemokrati.sk\/wp-content\/uploads\/2023\/09\/123.jpg\",\"contentUrl\":\"https:\/\/www.smedemokrati.sk\/wp-content\/uploads\/2023\/09\/123.jpg\",\"width\":1487,\"height\":1114},{\"@type\":\"BreadcrumbList\",\"@id\":\"https:\/\/www.smedemokrati.sk\/chcu-uplnu-beztrestnost-preto-chcu-ukradnut-aj-prezidentsky-palac\/#breadcrumb\",\"itemListElement\":[{\"@type\":\"ListItem\",\"position\":1,\"name\":\"Domovsk\u00e1 str\u00e1nka\",\"item\":\"https:\/\/www.smedemokrati.sk\/\"},{\"@type\":\"ListItem\",\"position\":2,\"name\":\"Chc\u00fa \u00fapln\u00fa beztrestnos\u0165, preto chc\u00fa ukradn\u00fa\u0165 aj prezidentsk\u00fd pal\u00e1c\"}]},{\"@type\":\"WebSite\",\"@id\":\"https:\/\/www.smedemokrati.sk\/#website\",\"url\":\"https:\/\/www.smedemokrati.sk\/\",\"name\":\"Smedemokrati.sk\",\"description\":\"Demokracia a slu\u0161nos\u0165 zv\u00ed\u0165az\u00ed\",\"publisher\":{\"@id\":\"https:\/\/www.smedemokrati.sk\/#organization\"},\"potentialAction\":[{\"@type\":\"SearchAction\",\"target\":{\"@type\":\"EntryPoint\",\"urlTemplate\":\"https:\/\/www.smedemokrati.sk\/?s={search_term_string}\"},\"query-input\":{\"@type\":\"PropertyValueSpecification\",\"valueRequired\":true,\"valueName\":\"search_term_string\"}}],\"inLanguage\":\"hu-HU\"},{\"@type\":\"Organization\",\"@id\":\"https:\/\/www.smedemokrati.sk\/#organization\",\"name\":\"Smedemokrati.sk\",\"url\":\"https:\/\/www.smedemokrati.sk\/\",\"logo\":{\"@type\":\"ImageObject\",\"inLanguage\":\"hu-HU\",\"@id\":\"https:\/\/www.smedemokrati.sk\/#\/schema\/logo\/image\/\",\"url\":\"https:\/\/www.smedemokrati.sk\/wp-content\/uploads\/2023\/04\/ff.002.jpeg\",\"contentUrl\":\"https:\/\/www.smedemokrati.sk\/wp-content\/uploads\/2023\/04\/ff.002.jpeg\",\"width\":640,\"height\":480,\"caption\":\"Smedemokrati.sk\"},\"image\":{\"@id\":\"https:\/\/www.smedemokrati.sk\/#\/schema\/logo\/image\/\"},\"sameAs\":[\"https:\/\/www.facebook.com\/smedemokrati2023\"]},{\"@type\":\"Person\",\"@id\":\"https:\/\/www.smedemokrati.sk\/#\/schema\/person\/c60720f4b9955b3c1ed222ebd1fbbc7c\",\"name\":\"Tom\u00e1\u0161 Koppl\",\"image\":{\"@type\":\"ImageObject\",\"inLanguage\":\"hu-HU\",\"@id\":\"https:\/\/secure.gravatar.com\/avatar\/8dfa38373c5e39821baf74c8e867a6f12e12c6dab6559aa999d10703b0b1c4ce?s=96&d=mm&r=g\",\"url\":\"https:\/\/secure.gravatar.com\/avatar\/8dfa38373c5e39821baf74c8e867a6f12e12c6dab6559aa999d10703b0b1c4ce?s=96&d=mm&r=g\",\"contentUrl\":\"https:\/\/secure.gravatar.com\/avatar\/8dfa38373c5e39821baf74c8e867a6f12e12c6dab6559aa999d10703b0b1c4ce?s=96&d=mm&r=g\",\"caption\":\"Tom\u00e1\u0161 Koppl\"},\"url\":\"https:\/\/www.smedemokrati.sk\/hu\/author\/tomaskoppl\/\"}]}<\/script>\n<!-- \/ Yoast SEO plugin. -->","yoast_head_json":{"title":"Chc\u00fa \u00fapln\u00fa beztrestnos\u0165, preto chc\u00fa ukradn\u00fa\u0165 aj prezidentsk\u00fd pal\u00e1c - Smedemokrati.sk","robots":{"index":"index","follow":"follow","max-snippet":"max-snippet:-1","max-image-preview":"max-image-preview:large","max-video-preview":"max-video-preview:-1"},"canonical":"https:\/\/www.smedemokrati.sk\/hu\/chcu-uplnu-beztrestnost-preto-chcu-ukradnut-aj-prezidentsky-palac\/","og_locale":"hu_HU","og_type":"article","og_title":"Chc\u00fa \u00fapln\u00fa beztrestnos\u0165, preto chc\u00fa ukradn\u00fa\u0165 aj prezidentsk\u00fd pal\u00e1c - Smedemokrati.sk","og_description":"Danko to povedal otvorene: \u201eZmen\u00edme vo\u013ebu prezidenta!\u201c Priama vo\u013eba prezidenta je ohrozen\u00e1. Fico, Pellegrini, Danko a Uhr\u00edk chc\u00fa ukradn\u00fa\u0165 \u013eu\u010fom mo\u017enos\u0165 voli\u0165 si hlavu \u0161t\u00e1tu priamo a vo\u013ebu presun\u00fa\u0165 do parlamentu. Povedal to \u010dlen predsedn\u00edctva strany Demokrati a poslanec NR SR Juraj \u0160eliga na tla\u010dovom br\u00edfingu. Pod\u013ea \u0160eligu si tak chc\u00fa zabezpe\u010di\u0165 beztrestnos\u0165. \u0160eliga z\u00e1rove\u0148 [&hellip;]","og_url":"https:\/\/www.smedemokrati.sk\/hu\/chcu-uplnu-beztrestnost-preto-chcu-ukradnut-aj-prezidentsky-palac\/","og_site_name":"Smedemokrati.sk","article_publisher":"https:\/\/www.facebook.com\/smedemokrati2023","article_published_time":"2023-09-05T11:12:48+00:00","article_modified_time":"2023-09-05T11:12:49+00:00","og_image":[{"width":1487,"height":1114,"url":"https:\/\/www.smedemokrati.sk\/wp-content\/uploads\/2023\/09\/123.jpg","type":"image\/jpeg"}],"author":"Tom\u00e1\u0161 Koppl","twitter_card":"summary_large_image","twitter_misc":{"Szerz\u0151:":"Tom\u00e1\u0161 Koppl","Becs\u00fclt olvas\u00e1si id\u0151":"2 perc"},"schema":{"@context":"https:\/\/schema.org","@graph":[{"@type":"Article","@id":"https:\/\/www.smedemokrati.sk\/chcu-uplnu-beztrestnost-preto-chcu-ukradnut-aj-prezidentsky-palac\/#article","isPartOf":{"@id":"https:\/\/www.smedemokrati.sk\/chcu-uplnu-beztrestnost-preto-chcu-ukradnut-aj-prezidentsky-palac\/"},"author":{"name":"Tom\u00e1\u0161 Koppl","@id":"https:\/\/www.smedemokrati.sk\/#\/schema\/person\/c60720f4b9955b3c1ed222ebd1fbbc7c"},"headline":"Chc\u00fa \u00fapln\u00fa beztrestnos\u0165, preto chc\u00fa ukradn\u00fa\u0165 aj prezidentsk\u00fd pal\u00e1c","datePublished":"2023-09-05T11:12:48+00:00","dateModified":"2023-09-05T11:12:49+00:00","mainEntityOfPage":{"@id":"https:\/\/www.smedemokrati.sk\/chcu-uplnu-beztrestnost-preto-chcu-ukradnut-aj-prezidentsky-palac\/"},"wordCount":418,"publisher":{"@id":"https:\/\/www.smedemokrati.sk\/#organization"},"image":{"@id":"https:\/\/www.smedemokrati.sk\/chcu-uplnu-beztrestnost-preto-chcu-ukradnut-aj-prezidentsky-palac\/#primaryimage"},"thumbnailUrl":"https:\/\/www.smedemokrati.sk\/wp-content\/uploads\/2023\/09\/123.jpg","articleSection":["Tla\u010dov\u00e9 spr\u00e1vy"],"inLanguage":"hu-HU"},{"@type":"WebPage","@id":"https:\/\/www.smedemokrati.sk\/chcu-uplnu-beztrestnost-preto-chcu-ukradnut-aj-prezidentsky-palac\/","url":"https:\/\/www.smedemokrati.sk\/chcu-uplnu-beztrestnost-preto-chcu-ukradnut-aj-prezidentsky-palac\/","name":"Chc\u00fa \u00fapln\u00fa beztrestnos\u0165, preto chc\u00fa ukradn\u00fa\u0165 aj prezidentsk\u00fd pal\u00e1c - Smedemokrati.sk","isPartOf":{"@id":"https:\/\/www.smedemokrati.sk\/#website"},"primaryImageOfPage":{"@id":"https:\/\/www.smedemokrati.sk\/chcu-uplnu-beztrestnost-preto-chcu-ukradnut-aj-prezidentsky-palac\/#primaryimage"},"image":{"@id":"https:\/\/www.smedemokrati.sk\/chcu-uplnu-beztrestnost-preto-chcu-ukradnut-aj-prezidentsky-palac\/#primaryimage"},"thumbnailUrl":"https:\/\/www.smedemokrati.sk\/wp-content\/uploads\/2023\/09\/123.jpg","datePublished":"2023-09-05T11:12:48+00:00","dateModified":"2023-09-05T11:12:49+00:00","breadcrumb":{"@id":"https:\/\/www.smedemokrati.sk\/chcu-uplnu-beztrestnost-preto-chcu-ukradnut-aj-prezidentsky-palac\/#breadcrumb"},"inLanguage":"hu-HU","potentialAction":[{"@type":"ReadAction","target":["https:\/\/www.smedemokrati.sk\/chcu-uplnu-beztrestnost-preto-chcu-ukradnut-aj-prezidentsky-palac\/"]}]},{"@type":"ImageObject","inLanguage":"hu-HU","@id":"https:\/\/www.smedemokrati.sk\/chcu-uplnu-beztrestnost-preto-chcu-ukradnut-aj-prezidentsky-palac\/#primaryimage","url":"https:\/\/www.smedemokrati.sk\/wp-content\/uploads\/2023\/09\/123.jpg","contentUrl":"https:\/\/www.smedemokrati.sk\/wp-content\/uploads\/2023\/09\/123.jpg","width":1487,"height":1114},{"@type":"BreadcrumbList","@id":"https:\/\/www.smedemokrati.sk\/chcu-uplnu-beztrestnost-preto-chcu-ukradnut-aj-prezidentsky-palac\/#breadcrumb","itemListElement":[{"@type":"ListItem","position":1,"name":"Domovsk\u00e1 str\u00e1nka","item":"https:\/\/www.smedemokrati.sk\/"},{"@type":"ListItem","position":2,"name":"Chc\u00fa \u00fapln\u00fa beztrestnos\u0165, preto chc\u00fa ukradn\u00fa\u0165 aj prezidentsk\u00fd pal\u00e1c"}]},{"@type":"WebSite","@id":"https:\/\/www.smedemokrati.sk\/#website","url":"https:\/\/www.smedemokrati.sk\/","name":"Smedemokrati.sk","description":"Demokracia a slu\u0161nos\u0165 zv\u00ed\u0165az\u00ed","publisher":{"@id":"https:\/\/www.smedemokrati.sk\/#organization"},"potentialAction":[{"@type":"SearchAction","target":{"@type":"EntryPoint","urlTemplate":"https:\/\/www.smedemokrati.sk\/?s={search_term_string}"},"query-input":{"@type":"PropertyValueSpecification","valueRequired":true,"valueName":"search_term_string"}}],"inLanguage":"hu-HU"},{"@type":"Organization","@id":"https:\/\/www.smedemokrati.sk\/#organization","name":"Smedemokrati.sk","url":"https:\/\/www.smedemokrati.sk\/","logo":{"@type":"ImageObject","inLanguage":"hu-HU","@id":"https:\/\/www.smedemokrati.sk\/#\/schema\/logo\/image\/","url":"https:\/\/www.smedemokrati.sk\/wp-content\/uploads\/2023\/04\/ff.002.jpeg","contentUrl":"https:\/\/www.smedemokrati.sk\/wp-content\/uploads\/2023\/04\/ff.002.jpeg","width":640,"height":480,"caption":"Smedemokrati.sk"},"image":{"@id":"https:\/\/www.smedemokrati.sk\/#\/schema\/logo\/image\/"},"sameAs":["https:\/\/www.facebook.com\/smedemokrati2023"]},{"@type":"Person","@id":"https:\/\/www.smedemokrati.sk\/#\/schema\/person\/c60720f4b9955b3c1ed222ebd1fbbc7c","name":"Tom\u00e1\u0161 Koppl","image":{"@type":"ImageObject","inLanguage":"hu-HU","@id":"https:\/\/secure.gravatar.com\/avatar\/8dfa38373c5e39821baf74c8e867a6f12e12c6dab6559aa999d10703b0b1c4ce?s=96&d=mm&r=g","url":"https:\/\/secure.gravatar.com\/avatar\/8dfa38373c5e39821baf74c8e867a6f12e12c6dab6559aa999d10703b0b1c4ce?s=96&d=mm&r=g","contentUrl":"https:\/\/secure.gravatar.com\/avatar\/8dfa38373c5e39821baf74c8e867a6f12e12c6dab6559aa999d10703b0b1c4ce?s=96&d=mm&r=g","caption":"Tom\u00e1\u0161 Koppl"},"url":"https:\/\/www.smedemokrati.sk\/hu\/author\/tomaskoppl\/"}]}},"_links":{"self":[{"href":"https:\/\/www.smedemokrati.sk\/hu\/wp-json\/wp\/v2\/posts\/1886","targetHints":{"allow":["GET"]}}],"collection":[{"href":"https:\/\/www.smedemokrati.sk\/hu\/wp-json\/wp\/v2\/posts"}],"about":[{"href":"https:\/\/www.smedemokrati.sk\/hu\/wp-json\/wp\/v2\/types\/post"}],"author":[{"embeddable":true,"href":"https:\/\/www.smedemokrati.sk\/hu\/wp-json\/wp\/v2\/users\/7"}],"replies":[{"embeddable":true,"href":"https:\/\/www.smedemokrati.sk\/hu\/wp-json\/wp\/v2\/comments?post=1886"}],"version-history":[{"count":1,"href":"https:\/\/www.smedemokrati.sk\/hu\/wp-json\/wp\/v2\/posts\/1886\/revisions"}],"predecessor-version":[{"id":1888,"href":"https:\/\/www.smedemokrati.sk\/hu\/wp-json\/wp\/v2\/posts\/1886\/revisions\/1888"}],"wp:featuredmedia":[{"embeddable":true,"href":"https:\/\/www.smedemokrati.sk\/hu\/wp-json\/wp\/v2\/media\/1887"}],"wp:attachment":[{"href":"https:\/\/www.smedemokrati.sk\/hu\/wp-json\/wp\/v2\/media?parent=1886"}],"wp:term":[{"taxonomy":"category","embeddable":true,"href":"https:\/\/www.smedemokrati.sk\/hu\/wp-json\/wp\/v2\/categories?post=1886"},{"taxonomy":"post_tag","embeddable":true,"href":"https:\/\/www.smedemokrati.sk\/hu\/wp-json\/wp\/v2\/tags?post=1886"}],"curies":[{"name":"wp","href":"https:\/\/api.w.org\/{rel}","templated":true}]}}