{"id":1867,"date":"2023-09-02T12:12:21","date_gmt":"2023-09-02T10:12:21","guid":{"rendered":"https:\/\/www.smedemokrati.sk\/?p=1867"},"modified":"2023-09-02T12:12:22","modified_gmt":"2023-09-02T10:12:22","slug":"nas-zakon-o-lahsom-manazovani-splatok-hypotek-uz-pomaha-ludom","status":"publish","type":"post","link":"https:\/\/www.smedemokrati.sk\/hu\/nas-zakon-o-lahsom-manazovani-splatok-hypotek-uz-pomaha-ludom\/","title":{"rendered":"N\u00e1\u0161 z\u00e1kon o \u013eah\u0161om mana\u017eovan\u00ed spl\u00e1tok hypot\u00e9k u\u017e pom\u00e1ha \u013eu\u010fom"},"content":{"rendered":"<div id=\"fb-root\"><\/div>\n\n<p><strong>Od 1. septembra je \u00fa\u010dinn\u00e1 zmena z\u00e1kona, v\u010faka ktorej m\u00f4\u017eu \u013eudia \u013eah\u0161ie mana\u017eova\u0165 spl\u00e1canie svojich hypot\u00e9k, ktor\u00fa v parlamente presadil poslanec NR SR a \u010dlen predsedn\u00edctva strany Demokrati Juraj \u0161eliga.<\/strong><\/p>\n\n\n\n<p><\/p>\n\n\n\n<p>Od 1. septembra m\u00f4\u017eu \u013eudia da\u0165 mimoriadnu spl\u00e1tku bez poplatku raz za mesiac. A bez poplatku m\u00f4\u017eu splati\u0165 30 % istiny. V praxi to znamen\u00e1, \u017ee ak m\u00e1 niekto vo\u013en\u00fdch hoc aj 10 eur nemus\u00ed \u010daka\u0165 cel\u00fd rok, ako to bolo doteraz, ale m\u00f4\u017ee da\u0165 tak\u00fato mimoriadnu spl\u00e1tku ka\u017ed\u00fd mesiac. T\u00e1to spl\u00e1tka sa zapo\u010d\u00edtava na istinu teda zni\u017euje dl\u017en\u00fa sumu a teda sumu z ktorej sa vypo\u010d\u00edtavaj\u00fa aj \u00faroky.\u00a0<strong>\u201eJe to praktick\u00fd krok, ktor\u00fd pom\u00f4\u017ee \u013eu\u010fom lep\u0161ie sa rozhodova\u0165 o tom, ako chc\u00fa mana\u017eova\u0165 svoje spl\u00e1tky. Ak to nebud\u00fa chcie\u0165 vyu\u017ei\u0165 nemusia, ale ak \u00e1no, vedia si takto zn\u00ed\u017ei\u0165 celkov\u00fa dl\u017en\u00fa sumu bez poplatku a teda si zn\u00ed\u017eia aj sumu, ktor\u00fa platia na \u00farokoch. Toto je legislat\u00edva, ktor\u00fa sme prijali v parlamente. V\u0161etci t\u00ed, ktor\u00ed dnes vykrikuj\u00fa o pomoci \u013eu\u010fom s hypot\u00e9kami so Smeru a Hlasu pokrytecky tento z\u00e1kon nepodporili,\u201c<\/strong>\u00a0hovor\u00ed Juraj \u0161eliga.<\/p>\n\n\n\n<p>\u0160eliga z\u00e1rove\u0148 upriamuje pozornos\u0165 na \u010fal\u0161ie opatrenia, ktor\u00e9 navrhuje strana Demokrati.\u00a0<strong>\u201eM\u00e1me v\u0161ak pripraven\u00e9 \u010fal\u0161ie opatrenia a to je zv\u00fd\u0161enie da\u0148ov\u00e9ho bonusu na \u00faroky \u2013 \u010do znamen\u00e1, \u017ee mesa\u010dne by \u013eudia \u0161etrili 50 eur. Rovnako m\u00e1me pripraven\u00fa \u00fapravu tzv. soci\u00e1lneho fondu, pre t\u00fdch ktor\u00ed by nezvl\u00e1dali spl\u00e1ca\u0165 hypot\u00e9ku, tak aby nepri\u0161li o strechu nad hlavou. Tieto opatrenia v kombin\u00e1cii s mo\u017enos\u0165ou odkladu spl\u00e1tok pom\u00f4\u017eu \u013eu\u010fom, aby zvl\u00e1dli aj zv\u00fd\u0161enie \u00farokov\u00fdch sadzieb. A z\u00e1rove\u0148 s\u00fa to opatrenia, ktor\u00e9 nerobia so Slovenska socialistick\u00fd \u0161t\u00e1t a rovnako nezruinuje \u0161t\u00e1tny rozpo\u010det. Pom\u00e1ha\u0165 \u013eu\u010fom sa d\u00e1 aj zodpovedne a bez populizmu.\u201c<\/strong><\/p>\n","protected":false},"excerpt":{"rendered":"<p>Od 1. septembra je \u00fa\u010dinn\u00e1 zmena z\u00e1kona, v\u010faka ktorej m\u00f4\u017eu \u013eudia \u013eah\u0161ie mana\u017eova\u0165 spl\u00e1canie svojich hypot\u00e9k, ktor\u00fa v parlamente presadil poslanec NR SR a \u010dlen predsedn\u00edctva strany Demokrati Juraj \u0161eliga. Od 1. septembra m\u00f4\u017eu \u013eudia da\u0165 mimoriadnu spl\u00e1tku bez poplatku raz za mesiac. A bez poplatku m\u00f4\u017eu splati\u0165 30 % istiny. V praxi to znamen\u00e1, [&hellip;]<\/p>\n","protected":false},"author":7,"featured_media":972,"comment_status":"closed","ping_status":"closed","sticky":false,"template":"","format":"standard","meta":{"_acf_changed":false,"ngg_post_thumbnail":0,"footnotes":""},"categories":[4],"tags":[],"class_list":["post-1867","post","type-post","status-publish","format-standard","has-post-thumbnail","hentry","category-tlacove-spravy"],"acf":[],"yoast_head":"<!-- This site is optimized with the Yoast SEO plugin v27.2 - https:\/\/yoast.com\/product\/yoast-seo-wordpress\/ -->\n<title>N\u00e1\u0161 z\u00e1kon o \u013eah\u0161om mana\u017eovan\u00ed spl\u00e1tok hypot\u00e9k u\u017e pom\u00e1ha \u013eu\u010fom - Smedemokrati.sk<\/title>\n<meta name=\"robots\" content=\"index, follow, max-snippet:-1, max-image-preview:large, max-video-preview:-1\" \/>\n<link rel=\"canonical\" href=\"https:\/\/www.smedemokrati.sk\/hu\/nas-zakon-o-lahsom-manazovani-splatok-hypotek-uz-pomaha-ludom\/\" \/>\n<meta property=\"og:locale\" content=\"hu_HU\" \/>\n<meta property=\"og:locale:alternate\" content=\"en_US\" \/>\n<meta property=\"og:locale:alternate\" content=\"cs_CZ\" \/>\n<meta property=\"og:locale:alternate\" content=\"sk_SK\" \/>\n<meta property=\"og:locale:alternate\" content=\"sv_SE\" \/>\n<meta property=\"og:type\" content=\"article\" \/>\n<meta property=\"og:title\" content=\"N\u00e1\u0161 z\u00e1kon o \u013eah\u0161om mana\u017eovan\u00ed spl\u00e1tok hypot\u00e9k u\u017e pom\u00e1ha \u013eu\u010fom - Smedemokrati.sk\" \/>\n<meta property=\"og:description\" content=\"Od 1. septembra je \u00fa\u010dinn\u00e1 zmena z\u00e1kona, v\u010faka ktorej m\u00f4\u017eu \u013eudia \u013eah\u0161ie mana\u017eova\u0165 spl\u00e1canie svojich hypot\u00e9k, ktor\u00fa v parlamente presadil poslanec NR SR a \u010dlen predsedn\u00edctva strany Demokrati Juraj \u0161eliga. Od 1. septembra m\u00f4\u017eu \u013eudia da\u0165 mimoriadnu spl\u00e1tku bez poplatku raz za mesiac. A bez poplatku m\u00f4\u017eu splati\u0165 30 % istiny. V praxi to znamen\u00e1, [&hellip;]\" \/>\n<meta property=\"og:url\" content=\"https:\/\/www.smedemokrati.sk\/hu\/nas-zakon-o-lahsom-manazovani-splatok-hypotek-uz-pomaha-ludom\/\" \/>\n<meta property=\"og:site_name\" content=\"Smedemokrati.sk\" \/>\n<meta property=\"article:publisher\" content=\"https:\/\/www.facebook.com\/smedemokrati2023\" \/>\n<meta property=\"article:published_time\" content=\"2023-09-02T10:12:21+00:00\" \/>\n<meta property=\"article:modified_time\" content=\"2023-09-02T10:12:22+00:00\" \/>\n<meta property=\"og:image\" content=\"https:\/\/www.smedemokrati.sk\/wp-content\/uploads\/2023\/04\/Seliga_modal_2x-1.jpg\" \/>\n\t<meta property=\"og:image:width\" content=\"2048\" \/>\n\t<meta property=\"og:image:height\" content=\"1366\" \/>\n\t<meta property=\"og:image:type\" content=\"image\/jpeg\" \/>\n<meta name=\"author\" content=\"Tom\u00e1\u0161 Koppl\" \/>\n<meta name=\"twitter:card\" content=\"summary_large_image\" \/>\n<meta name=\"twitter:label1\" content=\"Szerz\u0151:\" \/>\n\t<meta name=\"twitter:data1\" content=\"Tom\u00e1\u0161 Koppl\" \/>\n\t<meta name=\"twitter:label2\" content=\"Becs\u00fclt olvas\u00e1si id\u0151\" \/>\n\t<meta name=\"twitter:data2\" content=\"2 perc\" \/>\n<script type=\"application\/ld+json\" class=\"yoast-schema-graph\">{\"@context\":\"https:\/\/schema.org\",\"@graph\":[{\"@type\":\"Article\",\"@id\":\"https:\/\/www.smedemokrati.sk\/nas-zakon-o-lahsom-manazovani-splatok-hypotek-uz-pomaha-ludom\/#article\",\"isPartOf\":{\"@id\":\"https:\/\/www.smedemokrati.sk\/nas-zakon-o-lahsom-manazovani-splatok-hypotek-uz-pomaha-ludom\/\"},\"author\":{\"name\":\"Tom\u00e1\u0161 Koppl\",\"@id\":\"https:\/\/www.smedemokrati.sk\/#\/schema\/person\/c60720f4b9955b3c1ed222ebd1fbbc7c\"},\"headline\":\"N\u00e1\u0161 z\u00e1kon o \u013eah\u0161om mana\u017eovan\u00ed spl\u00e1tok hypot\u00e9k u\u017e pom\u00e1ha \u013eu\u010fom\",\"datePublished\":\"2023-09-02T10:12:21+00:00\",\"dateModified\":\"2023-09-02T10:12:22+00:00\",\"mainEntityOfPage\":{\"@id\":\"https:\/\/www.smedemokrati.sk\/nas-zakon-o-lahsom-manazovani-splatok-hypotek-uz-pomaha-ludom\/\"},\"wordCount\":347,\"publisher\":{\"@id\":\"https:\/\/www.smedemokrati.sk\/#organization\"},\"image\":{\"@id\":\"https:\/\/www.smedemokrati.sk\/nas-zakon-o-lahsom-manazovani-splatok-hypotek-uz-pomaha-ludom\/#primaryimage\"},\"thumbnailUrl\":\"https:\/\/www.smedemokrati.sk\/wp-content\/uploads\/2023\/04\/Seliga_modal_2x-1.jpg\",\"articleSection\":[\"Tla\u010dov\u00e9 spr\u00e1vy\"],\"inLanguage\":\"hu-HU\"},{\"@type\":\"WebPage\",\"@id\":\"https:\/\/www.smedemokrati.sk\/nas-zakon-o-lahsom-manazovani-splatok-hypotek-uz-pomaha-ludom\/\",\"url\":\"https:\/\/www.smedemokrati.sk\/nas-zakon-o-lahsom-manazovani-splatok-hypotek-uz-pomaha-ludom\/\",\"name\":\"N\u00e1\u0161 z\u00e1kon o \u013eah\u0161om mana\u017eovan\u00ed spl\u00e1tok hypot\u00e9k u\u017e pom\u00e1ha \u013eu\u010fom - Smedemokrati.sk\",\"isPartOf\":{\"@id\":\"https:\/\/www.smedemokrati.sk\/#website\"},\"primaryImageOfPage\":{\"@id\":\"https:\/\/www.smedemokrati.sk\/nas-zakon-o-lahsom-manazovani-splatok-hypotek-uz-pomaha-ludom\/#primaryimage\"},\"image\":{\"@id\":\"https:\/\/www.smedemokrati.sk\/nas-zakon-o-lahsom-manazovani-splatok-hypotek-uz-pomaha-ludom\/#primaryimage\"},\"thumbnailUrl\":\"https:\/\/www.smedemokrati.sk\/wp-content\/uploads\/2023\/04\/Seliga_modal_2x-1.jpg\",\"datePublished\":\"2023-09-02T10:12:21+00:00\",\"dateModified\":\"2023-09-02T10:12:22+00:00\",\"breadcrumb\":{\"@id\":\"https:\/\/www.smedemokrati.sk\/nas-zakon-o-lahsom-manazovani-splatok-hypotek-uz-pomaha-ludom\/#breadcrumb\"},\"inLanguage\":\"hu-HU\",\"potentialAction\":[{\"@type\":\"ReadAction\",\"target\":[\"https:\/\/www.smedemokrati.sk\/nas-zakon-o-lahsom-manazovani-splatok-hypotek-uz-pomaha-ludom\/\"]}]},{\"@type\":\"ImageObject\",\"inLanguage\":\"hu-HU\",\"@id\":\"https:\/\/www.smedemokrati.sk\/nas-zakon-o-lahsom-manazovani-splatok-hypotek-uz-pomaha-ludom\/#primaryimage\",\"url\":\"https:\/\/www.smedemokrati.sk\/wp-content\/uploads\/2023\/04\/Seliga_modal_2x-1.jpg\",\"contentUrl\":\"https:\/\/www.smedemokrati.sk\/wp-content\/uploads\/2023\/04\/Seliga_modal_2x-1.jpg\",\"width\":2048,\"height\":1366},{\"@type\":\"BreadcrumbList\",\"@id\":\"https:\/\/www.smedemokrati.sk\/nas-zakon-o-lahsom-manazovani-splatok-hypotek-uz-pomaha-ludom\/#breadcrumb\",\"itemListElement\":[{\"@type\":\"ListItem\",\"position\":1,\"name\":\"Domovsk\u00e1 str\u00e1nka\",\"item\":\"https:\/\/www.smedemokrati.sk\/\"},{\"@type\":\"ListItem\",\"position\":2,\"name\":\"N\u00e1\u0161 z\u00e1kon o \u013eah\u0161om mana\u017eovan\u00ed spl\u00e1tok hypot\u00e9k u\u017e pom\u00e1ha \u013eu\u010fom\"}]},{\"@type\":\"WebSite\",\"@id\":\"https:\/\/www.smedemokrati.sk\/#website\",\"url\":\"https:\/\/www.smedemokrati.sk\/\",\"name\":\"Smedemokrati.sk\",\"description\":\"Demokracia a slu\u0161nos\u0165 zv\u00ed\u0165az\u00ed\",\"publisher\":{\"@id\":\"https:\/\/www.smedemokrati.sk\/#organization\"},\"potentialAction\":[{\"@type\":\"SearchAction\",\"target\":{\"@type\":\"EntryPoint\",\"urlTemplate\":\"https:\/\/www.smedemokrati.sk\/?s={search_term_string}\"},\"query-input\":{\"@type\":\"PropertyValueSpecification\",\"valueRequired\":true,\"valueName\":\"search_term_string\"}}],\"inLanguage\":\"hu-HU\"},{\"@type\":\"Organization\",\"@id\":\"https:\/\/www.smedemokrati.sk\/#organization\",\"name\":\"Smedemokrati.sk\",\"url\":\"https:\/\/www.smedemokrati.sk\/\",\"logo\":{\"@type\":\"ImageObject\",\"inLanguage\":\"hu-HU\",\"@id\":\"https:\/\/www.smedemokrati.sk\/#\/schema\/logo\/image\/\",\"url\":\"https:\/\/www.smedemokrati.sk\/wp-content\/uploads\/2023\/04\/ff.002.jpeg\",\"contentUrl\":\"https:\/\/www.smedemokrati.sk\/wp-content\/uploads\/2023\/04\/ff.002.jpeg\",\"width\":640,\"height\":480,\"caption\":\"Smedemokrati.sk\"},\"image\":{\"@id\":\"https:\/\/www.smedemokrati.sk\/#\/schema\/logo\/image\/\"},\"sameAs\":[\"https:\/\/www.facebook.com\/smedemokrati2023\"]},{\"@type\":\"Person\",\"@id\":\"https:\/\/www.smedemokrati.sk\/#\/schema\/person\/c60720f4b9955b3c1ed222ebd1fbbc7c\",\"name\":\"Tom\u00e1\u0161 Koppl\",\"image\":{\"@type\":\"ImageObject\",\"inLanguage\":\"hu-HU\",\"@id\":\"https:\/\/secure.gravatar.com\/avatar\/8dfa38373c5e39821baf74c8e867a6f12e12c6dab6559aa999d10703b0b1c4ce?s=96&d=mm&r=g\",\"url\":\"https:\/\/secure.gravatar.com\/avatar\/8dfa38373c5e39821baf74c8e867a6f12e12c6dab6559aa999d10703b0b1c4ce?s=96&d=mm&r=g\",\"contentUrl\":\"https:\/\/secure.gravatar.com\/avatar\/8dfa38373c5e39821baf74c8e867a6f12e12c6dab6559aa999d10703b0b1c4ce?s=96&d=mm&r=g\",\"caption\":\"Tom\u00e1\u0161 Koppl\"},\"url\":\"https:\/\/www.smedemokrati.sk\/hu\/author\/tomaskoppl\/\"}]}<\/script>\n<!-- \/ Yoast SEO plugin. -->","yoast_head_json":{"title":"N\u00e1\u0161 z\u00e1kon o \u013eah\u0161om mana\u017eovan\u00ed spl\u00e1tok hypot\u00e9k u\u017e pom\u00e1ha \u013eu\u010fom - Smedemokrati.sk","robots":{"index":"index","follow":"follow","max-snippet":"max-snippet:-1","max-image-preview":"max-image-preview:large","max-video-preview":"max-video-preview:-1"},"canonical":"https:\/\/www.smedemokrati.sk\/hu\/nas-zakon-o-lahsom-manazovani-splatok-hypotek-uz-pomaha-ludom\/","og_locale":"hu_HU","og_type":"article","og_title":"N\u00e1\u0161 z\u00e1kon o \u013eah\u0161om mana\u017eovan\u00ed spl\u00e1tok hypot\u00e9k u\u017e pom\u00e1ha \u013eu\u010fom - Smedemokrati.sk","og_description":"Od 1. septembra je \u00fa\u010dinn\u00e1 zmena z\u00e1kona, v\u010faka ktorej m\u00f4\u017eu \u013eudia \u013eah\u0161ie mana\u017eova\u0165 spl\u00e1canie svojich hypot\u00e9k, ktor\u00fa v parlamente presadil poslanec NR SR a \u010dlen predsedn\u00edctva strany Demokrati Juraj \u0161eliga. Od 1. septembra m\u00f4\u017eu \u013eudia da\u0165 mimoriadnu spl\u00e1tku bez poplatku raz za mesiac. A bez poplatku m\u00f4\u017eu splati\u0165 30 % istiny. V praxi to znamen\u00e1, [&hellip;]","og_url":"https:\/\/www.smedemokrati.sk\/hu\/nas-zakon-o-lahsom-manazovani-splatok-hypotek-uz-pomaha-ludom\/","og_site_name":"Smedemokrati.sk","article_publisher":"https:\/\/www.facebook.com\/smedemokrati2023","article_published_time":"2023-09-02T10:12:21+00:00","article_modified_time":"2023-09-02T10:12:22+00:00","og_image":[{"width":2048,"height":1366,"url":"https:\/\/www.smedemokrati.sk\/wp-content\/uploads\/2023\/04\/Seliga_modal_2x-1.jpg","type":"image\/jpeg"}],"author":"Tom\u00e1\u0161 Koppl","twitter_card":"summary_large_image","twitter_misc":{"Szerz\u0151:":"Tom\u00e1\u0161 Koppl","Becs\u00fclt olvas\u00e1si id\u0151":"2 perc"},"schema":{"@context":"https:\/\/schema.org","@graph":[{"@type":"Article","@id":"https:\/\/www.smedemokrati.sk\/nas-zakon-o-lahsom-manazovani-splatok-hypotek-uz-pomaha-ludom\/#article","isPartOf":{"@id":"https:\/\/www.smedemokrati.sk\/nas-zakon-o-lahsom-manazovani-splatok-hypotek-uz-pomaha-ludom\/"},"author":{"name":"Tom\u00e1\u0161 Koppl","@id":"https:\/\/www.smedemokrati.sk\/#\/schema\/person\/c60720f4b9955b3c1ed222ebd1fbbc7c"},"headline":"N\u00e1\u0161 z\u00e1kon o \u013eah\u0161om mana\u017eovan\u00ed spl\u00e1tok hypot\u00e9k u\u017e pom\u00e1ha \u013eu\u010fom","datePublished":"2023-09-02T10:12:21+00:00","dateModified":"2023-09-02T10:12:22+00:00","mainEntityOfPage":{"@id":"https:\/\/www.smedemokrati.sk\/nas-zakon-o-lahsom-manazovani-splatok-hypotek-uz-pomaha-ludom\/"},"wordCount":347,"publisher":{"@id":"https:\/\/www.smedemokrati.sk\/#organization"},"image":{"@id":"https:\/\/www.smedemokrati.sk\/nas-zakon-o-lahsom-manazovani-splatok-hypotek-uz-pomaha-ludom\/#primaryimage"},"thumbnailUrl":"https:\/\/www.smedemokrati.sk\/wp-content\/uploads\/2023\/04\/Seliga_modal_2x-1.jpg","articleSection":["Tla\u010dov\u00e9 spr\u00e1vy"],"inLanguage":"hu-HU"},{"@type":"WebPage","@id":"https:\/\/www.smedemokrati.sk\/nas-zakon-o-lahsom-manazovani-splatok-hypotek-uz-pomaha-ludom\/","url":"https:\/\/www.smedemokrati.sk\/nas-zakon-o-lahsom-manazovani-splatok-hypotek-uz-pomaha-ludom\/","name":"N\u00e1\u0161 z\u00e1kon o \u013eah\u0161om mana\u017eovan\u00ed spl\u00e1tok hypot\u00e9k u\u017e pom\u00e1ha \u013eu\u010fom - Smedemokrati.sk","isPartOf":{"@id":"https:\/\/www.smedemokrati.sk\/#website"},"primaryImageOfPage":{"@id":"https:\/\/www.smedemokrati.sk\/nas-zakon-o-lahsom-manazovani-splatok-hypotek-uz-pomaha-ludom\/#primaryimage"},"image":{"@id":"https:\/\/www.smedemokrati.sk\/nas-zakon-o-lahsom-manazovani-splatok-hypotek-uz-pomaha-ludom\/#primaryimage"},"thumbnailUrl":"https:\/\/www.smedemokrati.sk\/wp-content\/uploads\/2023\/04\/Seliga_modal_2x-1.jpg","datePublished":"2023-09-02T10:12:21+00:00","dateModified":"2023-09-02T10:12:22+00:00","breadcrumb":{"@id":"https:\/\/www.smedemokrati.sk\/nas-zakon-o-lahsom-manazovani-splatok-hypotek-uz-pomaha-ludom\/#breadcrumb"},"inLanguage":"hu-HU","potentialAction":[{"@type":"ReadAction","target":["https:\/\/www.smedemokrati.sk\/nas-zakon-o-lahsom-manazovani-splatok-hypotek-uz-pomaha-ludom\/"]}]},{"@type":"ImageObject","inLanguage":"hu-HU","@id":"https:\/\/www.smedemokrati.sk\/nas-zakon-o-lahsom-manazovani-splatok-hypotek-uz-pomaha-ludom\/#primaryimage","url":"https:\/\/www.smedemokrati.sk\/wp-content\/uploads\/2023\/04\/Seliga_modal_2x-1.jpg","contentUrl":"https:\/\/www.smedemokrati.sk\/wp-content\/uploads\/2023\/04\/Seliga_modal_2x-1.jpg","width":2048,"height":1366},{"@type":"BreadcrumbList","@id":"https:\/\/www.smedemokrati.sk\/nas-zakon-o-lahsom-manazovani-splatok-hypotek-uz-pomaha-ludom\/#breadcrumb","itemListElement":[{"@type":"ListItem","position":1,"name":"Domovsk\u00e1 str\u00e1nka","item":"https:\/\/www.smedemokrati.sk\/"},{"@type":"ListItem","position":2,"name":"N\u00e1\u0161 z\u00e1kon o \u013eah\u0161om mana\u017eovan\u00ed spl\u00e1tok hypot\u00e9k u\u017e pom\u00e1ha \u013eu\u010fom"}]},{"@type":"WebSite","@id":"https:\/\/www.smedemokrati.sk\/#website","url":"https:\/\/www.smedemokrati.sk\/","name":"Smedemokrati.sk","description":"Demokracia a slu\u0161nos\u0165 zv\u00ed\u0165az\u00ed","publisher":{"@id":"https:\/\/www.smedemokrati.sk\/#organization"},"potentialAction":[{"@type":"SearchAction","target":{"@type":"EntryPoint","urlTemplate":"https:\/\/www.smedemokrati.sk\/?s={search_term_string}"},"query-input":{"@type":"PropertyValueSpecification","valueRequired":true,"valueName":"search_term_string"}}],"inLanguage":"hu-HU"},{"@type":"Organization","@id":"https:\/\/www.smedemokrati.sk\/#organization","name":"Smedemokrati.sk","url":"https:\/\/www.smedemokrati.sk\/","logo":{"@type":"ImageObject","inLanguage":"hu-HU","@id":"https:\/\/www.smedemokrati.sk\/#\/schema\/logo\/image\/","url":"https:\/\/www.smedemokrati.sk\/wp-content\/uploads\/2023\/04\/ff.002.jpeg","contentUrl":"https:\/\/www.smedemokrati.sk\/wp-content\/uploads\/2023\/04\/ff.002.jpeg","width":640,"height":480,"caption":"Smedemokrati.sk"},"image":{"@id":"https:\/\/www.smedemokrati.sk\/#\/schema\/logo\/image\/"},"sameAs":["https:\/\/www.facebook.com\/smedemokrati2023"]},{"@type":"Person","@id":"https:\/\/www.smedemokrati.sk\/#\/schema\/person\/c60720f4b9955b3c1ed222ebd1fbbc7c","name":"Tom\u00e1\u0161 Koppl","image":{"@type":"ImageObject","inLanguage":"hu-HU","@id":"https:\/\/secure.gravatar.com\/avatar\/8dfa38373c5e39821baf74c8e867a6f12e12c6dab6559aa999d10703b0b1c4ce?s=96&d=mm&r=g","url":"https:\/\/secure.gravatar.com\/avatar\/8dfa38373c5e39821baf74c8e867a6f12e12c6dab6559aa999d10703b0b1c4ce?s=96&d=mm&r=g","contentUrl":"https:\/\/secure.gravatar.com\/avatar\/8dfa38373c5e39821baf74c8e867a6f12e12c6dab6559aa999d10703b0b1c4ce?s=96&d=mm&r=g","caption":"Tom\u00e1\u0161 Koppl"},"url":"https:\/\/www.smedemokrati.sk\/hu\/author\/tomaskoppl\/"}]}},"_links":{"self":[{"href":"https:\/\/www.smedemokrati.sk\/hu\/wp-json\/wp\/v2\/posts\/1867","targetHints":{"allow":["GET"]}}],"collection":[{"href":"https:\/\/www.smedemokrati.sk\/hu\/wp-json\/wp\/v2\/posts"}],"about":[{"href":"https:\/\/www.smedemokrati.sk\/hu\/wp-json\/wp\/v2\/types\/post"}],"author":[{"embeddable":true,"href":"https:\/\/www.smedemokrati.sk\/hu\/wp-json\/wp\/v2\/users\/7"}],"replies":[{"embeddable":true,"href":"https:\/\/www.smedemokrati.sk\/hu\/wp-json\/wp\/v2\/comments?post=1867"}],"version-history":[{"count":1,"href":"https:\/\/www.smedemokrati.sk\/hu\/wp-json\/wp\/v2\/posts\/1867\/revisions"}],"predecessor-version":[{"id":1868,"href":"https:\/\/www.smedemokrati.sk\/hu\/wp-json\/wp\/v2\/posts\/1867\/revisions\/1868"}],"wp:featuredmedia":[{"embeddable":true,"href":"https:\/\/www.smedemokrati.sk\/hu\/wp-json\/wp\/v2\/media\/972"}],"wp:attachment":[{"href":"https:\/\/www.smedemokrati.sk\/hu\/wp-json\/wp\/v2\/media?parent=1867"}],"wp:term":[{"taxonomy":"category","embeddable":true,"href":"https:\/\/www.smedemokrati.sk\/hu\/wp-json\/wp\/v2\/categories?post=1867"},{"taxonomy":"post_tag","embeddable":true,"href":"https:\/\/www.smedemokrati.sk\/hu\/wp-json\/wp\/v2\/tags?post=1867"}],"curies":[{"name":"wp","href":"https:\/\/api.w.org\/{rel}","templated":true}]}}