{"id":1829,"date":"2023-08-28T13:52:59","date_gmt":"2023-08-28T11:52:59","guid":{"rendered":"https:\/\/www.smedemokrati.sk\/?p=1829"},"modified":"2023-08-29T13:28:53","modified_gmt":"2023-08-29T11:28:53","slug":"demokrati-iniciuju-podanie-na-ustavny-sud-v-stavebnom-konani-sa-prava-musia-vratit-obcanom","status":"publish","type":"post","link":"https:\/\/www.smedemokrati.sk\/hu\/demokrati-iniciuju-podanie-na-ustavny-sud-v-stavebnom-konani-sa-prava-musia-vratit-obcanom\/","title":{"rendered":"Demokrati iniciuj\u00fa podanie na \u00fastavn\u00fd s\u00fad. V stavebnom konan\u00ed sa pr\u00e1va musia vr\u00e1ti\u0165 ob\u010danom"},"content":{"rendered":"<div id=\"fb-root\"><\/div>\n\n<p>Nov\u00e1 \u00faprava stavebn\u00e9ho z\u00e1kona, ktor\u00fa schv\u00e1lili strany Smer, Hlas, Sme rodina, Republika a O\u013eano v m\u00e1ji tohto roka, ohrozuje pr\u00e1va be\u017en\u00fdch ob\u010danov. Na tla\u010dovej konferencii to povedal b\u00fdval\u00fd \u0161t\u00e1tny tajomn\u00edk M\u017dP a expert strany Demokrati na ochranu \u017eivotn\u00e9ho prostredia Michal Ki\u010da. Ten z\u00e1rove\u0148 pripomenul, \u017ee pr\u00e1ve poslanci strany Demokrati na probl\u00e9my spojen\u00e9 s touto legislat\u00edvou upozor\u0148ovali u\u017e pri jej schva\u013eovan\u00ed a jej negat\u00edvne dopady sa u\u017e dnes za\u010d\u00ednaj\u00fa prejavova\u0165.<\/p>\n\n\n\n<p>V roku 2022 vl\u00e1da Eduarda Hegera presadila zmenu stavebn\u00e9ho z\u00e1kona, ktor\u00e1 skr\u00e1tila d\u013a\u017eku trvania stavebn\u00e9ho konania na polovicu, po \u010dom bol dlhoro\u010dn\u00fd celospolo\u010densk\u00fd dopyt. \u201cPo 50 rokoch sa n\u00e1m podarilo ur\u00fdchli\u0165 v\u00fdstavbu a povo\u013eovacie procesy s \u0148ou spojen\u00e9, ale aj zachova\u0165 pr\u00e1va ob\u010danov\u201d pripomenul Michal Ki\u010da.<\/p>\n\n\n\n<p>\u201e<strong>V apr\u00edli a m\u00e1ji 2023 v\u0161ak strany Sme rodina, Smer, Hlas, Republika a O\u013eano spravili zmeny v stavebnej legislat\u00edve, ktor\u00e9 zaviedli chaos do stavebn\u00fdch konan\u00ed a od\u0148ali pr\u00e1va ob\u010danov zap\u00e1ja\u0165 sa do konan\u00ed spojen\u00fdch s v\u00fdstavbou a zabet\u00f3novali tam svojho nominanta. Jednoducho povedan\u00e9, ak niekto schv\u00e1li v\u00fdstavbu tov\u00e1rne hne\u010f za va\u0161im domom, k z\u00e1sahom do \u017eivotn\u00e9ho prostredia sa nebudete m\u00f4c\u0165 vyjadri\u0165.<\/strong>&nbsp;A nie, nejedn\u00e1 sa o mimovl\u00e1dky, tieto pr\u00e1va zobrali obyvate\u013eom Slatinky, O\u013eky \u010di Trnovca nad V\u00e1hom. V\u0161ade tam ide o z\u00e1va\u017en\u00fa v\u00fdstavbu\u201d upozornil Ki\u010da s t\u00fdm, \u017ee Demokrati na tieto rizik\u00e1 upozor\u0148ovali pred u\u017e troma mesiacmi. Ako mimoriadne z\u00e1va\u017en\u00fd probl\u00e9m vn\u00edma aj zavedenie chaosu do vyu\u017e\u00edvania v\u00f4d.<\/p>\n\n\n\n<p>Michal Ki\u010da \u010falej spomenul, \u017ee m\u00e1 inform\u00e1cie od viacero starostov a prim\u00e1torov, ktor\u00ed netu\u0161ia, \u010do sa stane so s\u00fa\u010dasn\u00fdmi stavebn\u00fdmi \u00faradmi, \u010di maj\u00fa prepusti\u0165 zamestnancov, alebo sa s nimi aj na\u010falej r\u00e1ta. \u201e\u00darad pre \u00fazemn\u00e9 pl\u00e1novanie a v\u00fdstavbu pod veden\u00edm nominanta Sme rodina s nimi o tomto nekomunikuje. Probl\u00e9mom je aj to, \u017ee s\u00fa\u010dasn\u00e9 nastavenie stavebn\u00e9ho z\u00e1kona ohrozuje aj v\u00fdznamn\u00e9 invest\u00edcie, ktor\u00e9 na Slovensko v bud\u00facnosti pr\u00eddu,\u201d kon\u0161tatoval Ki\u010da.<\/p>\n\n\n\n<p>Pod\u013ea Ki\u010du je d\u00f4le\u017eit\u00e9, aby sa s\u00fa\u010dasn\u00fd problematick\u00fd stav ur\u00fdchlene pok\u00fasila vyrie\u0161i\u0165 aj \u00faradn\u00edcka vl\u00e1da.&nbsp;<strong>Av\u0161ak Demokrati pripravili podanie na \u00dastavn\u00fd s\u00fad SR a pl\u00e1nuj\u00fa o jeho podpore rokova\u0165 s poslancami, ktor\u00ed nepodporili v parlamente zmeny v m\u00e1ji tohto roku.&nbsp;<\/strong>\u201cM\u00e1me pripraven\u00e9 podanie, preto\u017ee si mysl\u00edme, \u017ee od\u0148atie pr\u00e1v ob\u010danom vyjadrova\u0165 sa k z\u00e1sahom do \u017eivotn\u00e9ho prostredia pri v\u00fdstavbe v okol\u00ed ich pr\u00edbytkov je proti\u00fastavn\u00e9. Vyz\u00fdvame demokratick\u00e9 strany v parlamente, aby pridali podpisy svojich poslancov.&nbsp;<strong>Demokrati ako jedin\u00ed akt\u00edvne bojovali proti schv\u00e1leniu stavebn\u00e9ho z\u00e1kona protipr\u00edrodnej koal\u00edcie a sme na\u010falej odhodlan\u00ed bojova\u0165 za pr\u00e1va ob\u010danov pri v\u00fdstavbe. Preto okrem tohto podania m\u00e1me pripraven\u00fd aj cel\u00fa legislat\u00edvu, ktor\u00e1 dok\u00e1\u017ee napravi\u0165 s\u00fa\u010dasn\u00fd chaos vo v\u00fdstavbe a ktor\u00fd presad\u00edme v pr\u00edpade, \u017ee n\u00e1m ob\u010dania daj\u00fa d\u00f4veru vo vo\u013eb\u00e1ch<\/strong>,\u201d vyhl\u00e1sil Michal Ki\u010da.<\/p>\n\n\n\n<p>Predseda strany Demokrati Eduard Heger povedal, \u017ee strana m\u00e1 sk\u00fasen\u00fd t\u00edm kvalitn\u00fdch odborn\u00edkov.&nbsp;<strong>\u201ePri strane Demokrati sa m\u00f4\u017eete spo\u013eahn\u00fa\u0165, \u017ee prin\u00e1\u0161ame odborn\u00e9 rie\u0161enia a budeme na\u010falej bojova\u0165 za pr\u00e1va ob\u010danov,\u201d<\/strong>&nbsp;uviedol Heger. Ten \u010falej povedal, \u017ee stavebn\u00e1 legislat\u00edva, ktor\u00fa schv\u00e1lili strany Sme rodina, Hlas, Smer, Republika a O\u013eano chr\u00e1ni z\u00e1ujmy developerov a oligarchov na \u00fakor ob\u010danov a po vo\u013eb\u00e1ch deklaruje n\u00e1pravu.&nbsp;<strong>\u201eRobert Fico u\u017e dnes otvorene hovor\u00ed, \u017ee po vo\u013eb\u00e1ch pl\u00e1nuje zru\u0161i\u0165 \u00darad pre verejn\u00e9 obstar\u00e1vanie a tieto zmeny v stavebnom z\u00e1kone s t\u00fdm s\u00favisia. Ak Smer bude po vo\u013eb\u00e1ch vo vl\u00e1de, zru\u0161\u00ed \u00daVO a rozdel\u00ed z\u00e1kazky svojim \u013eu\u010fom a bude bet\u00f3nova\u0165 nezmyseln\u00e9 stavby. Nesmieme mu to dovoli\u0165,\u201d<\/strong>uviedol Heger.<\/p>\n","protected":false},"excerpt":{"rendered":"<p>Nov\u00e1 \u00faprava stavebn\u00e9ho z\u00e1kona, ktor\u00fa schv\u00e1lili strany Smer, Hlas, Sme rodina, Republika a O\u013eano v m\u00e1ji tohto roka, ohrozuje pr\u00e1va be\u017en\u00fdch ob\u010danov. Na tla\u010dovej konferencii to povedal b\u00fdval\u00fd \u0161t\u00e1tny tajomn\u00edk M\u017dP a expert strany Demokrati na ochranu \u017eivotn\u00e9ho prostredia Michal Ki\u010da. Ten z\u00e1rove\u0148 pripomenul, \u017ee pr\u00e1ve poslanci strany Demokrati na probl\u00e9my spojen\u00e9 s touto legislat\u00edvou [&hellip;]<\/p>\n","protected":false},"author":7,"featured_media":385,"comment_status":"closed","ping_status":"closed","sticky":false,"template":"","format":"standard","meta":{"_acf_changed":false,"ngg_post_thumbnail":0,"footnotes":""},"categories":[4],"tags":[],"class_list":["post-1829","post","type-post","status-publish","format-standard","has-post-thumbnail","hentry","category-tlacove-spravy"],"acf":[],"yoast_head":"<!-- This site is optimized with the Yoast SEO plugin v27.2 - https:\/\/yoast.com\/product\/yoast-seo-wordpress\/ -->\n<title>Demokrati iniciuj\u00fa podanie na \u00fastavn\u00fd s\u00fad. V stavebnom konan\u00ed sa pr\u00e1va musia vr\u00e1ti\u0165 ob\u010danom - Smedemokrati.sk<\/title>\n<meta name=\"robots\" content=\"index, follow, max-snippet:-1, max-image-preview:large, max-video-preview:-1\" \/>\n<link rel=\"canonical\" href=\"https:\/\/www.smedemokrati.sk\/hu\/demokrati-iniciuju-podanie-na-ustavny-sud-v-stavebnom-konani-sa-prava-musia-vratit-obcanom\/\" \/>\n<meta property=\"og:locale\" content=\"hu_HU\" \/>\n<meta property=\"og:locale:alternate\" content=\"en_US\" \/>\n<meta property=\"og:locale:alternate\" content=\"cs_CZ\" \/>\n<meta property=\"og:locale:alternate\" content=\"sk_SK\" \/>\n<meta property=\"og:locale:alternate\" content=\"sv_SE\" \/>\n<meta property=\"og:type\" content=\"article\" \/>\n<meta property=\"og:title\" content=\"Demokrati iniciuj\u00fa podanie na \u00fastavn\u00fd s\u00fad. V stavebnom konan\u00ed sa pr\u00e1va musia vr\u00e1ti\u0165 ob\u010danom - Smedemokrati.sk\" \/>\n<meta property=\"og:description\" content=\"Nov\u00e1 \u00faprava stavebn\u00e9ho z\u00e1kona, ktor\u00fa schv\u00e1lili strany Smer, Hlas, Sme rodina, Republika a O\u013eano v m\u00e1ji tohto roka, ohrozuje pr\u00e1va be\u017en\u00fdch ob\u010danov. Na tla\u010dovej konferencii to povedal b\u00fdval\u00fd \u0161t\u00e1tny tajomn\u00edk M\u017dP a expert strany Demokrati na ochranu \u017eivotn\u00e9ho prostredia Michal Ki\u010da. Ten z\u00e1rove\u0148 pripomenul, \u017ee pr\u00e1ve poslanci strany Demokrati na probl\u00e9my spojen\u00e9 s touto legislat\u00edvou [&hellip;]\" \/>\n<meta property=\"og:url\" content=\"https:\/\/www.smedemokrati.sk\/hu\/demokrati-iniciuju-podanie-na-ustavny-sud-v-stavebnom-konani-sa-prava-musia-vratit-obcanom\/\" \/>\n<meta property=\"og:site_name\" content=\"Smedemokrati.sk\" \/>\n<meta property=\"article:publisher\" content=\"https:\/\/www.facebook.com\/smedemokrati2023\" \/>\n<meta property=\"article:published_time\" content=\"2023-08-28T11:52:59+00:00\" \/>\n<meta property=\"article:modified_time\" content=\"2023-08-29T11:28:53+00:00\" \/>\n<meta property=\"og:image\" content=\"https:\/\/www.smedemokrati.sk\/wp-content\/uploads\/2023\/04\/MKica.jpg\" \/>\n\t<meta property=\"og:image:width\" content=\"1520\" \/>\n\t<meta property=\"og:image:height\" content=\"1080\" \/>\n\t<meta property=\"og:image:type\" content=\"image\/jpeg\" \/>\n<meta name=\"author\" content=\"Tom\u00e1\u0161 Koppl\" \/>\n<meta name=\"twitter:card\" content=\"summary_large_image\" \/>\n<meta name=\"twitter:label1\" content=\"Szerz\u0151:\" \/>\n\t<meta name=\"twitter:data1\" content=\"Tom\u00e1\u0161 Koppl\" \/>\n\t<meta name=\"twitter:label2\" content=\"Becs\u00fclt olvas\u00e1si id\u0151\" \/>\n\t<meta name=\"twitter:data2\" content=\"3 perc\" \/>\n<script type=\"application\/ld+json\" class=\"yoast-schema-graph\">{\"@context\":\"https:\/\/schema.org\",\"@graph\":[{\"@type\":\"Article\",\"@id\":\"https:\/\/www.smedemokrati.sk\/demokrati-iniciuju-podanie-na-ustavny-sud-v-stavebnom-konani-sa-prava-musia-vratit-obcanom\/#article\",\"isPartOf\":{\"@id\":\"https:\/\/www.smedemokrati.sk\/demokrati-iniciuju-podanie-na-ustavny-sud-v-stavebnom-konani-sa-prava-musia-vratit-obcanom\/\"},\"author\":{\"name\":\"Tom\u00e1\u0161 Koppl\",\"@id\":\"https:\/\/www.smedemokrati.sk\/#\/schema\/person\/c60720f4b9955b3c1ed222ebd1fbbc7c\"},\"headline\":\"Demokrati iniciuj\u00fa podanie na \u00fastavn\u00fd s\u00fad. V stavebnom konan\u00ed sa pr\u00e1va musia vr\u00e1ti\u0165 ob\u010danom\",\"datePublished\":\"2023-08-28T11:52:59+00:00\",\"dateModified\":\"2023-08-29T11:28:53+00:00\",\"mainEntityOfPage\":{\"@id\":\"https:\/\/www.smedemokrati.sk\/demokrati-iniciuju-podanie-na-ustavny-sud-v-stavebnom-konani-sa-prava-musia-vratit-obcanom\/\"},\"wordCount\":734,\"publisher\":{\"@id\":\"https:\/\/www.smedemokrati.sk\/#organization\"},\"image\":{\"@id\":\"https:\/\/www.smedemokrati.sk\/demokrati-iniciuju-podanie-na-ustavny-sud-v-stavebnom-konani-sa-prava-musia-vratit-obcanom\/#primaryimage\"},\"thumbnailUrl\":\"https:\/\/www.smedemokrati.sk\/wp-content\/uploads\/2023\/04\/MKica.jpg\",\"articleSection\":[\"Tla\u010dov\u00e9 spr\u00e1vy\"],\"inLanguage\":\"hu-HU\"},{\"@type\":\"WebPage\",\"@id\":\"https:\/\/www.smedemokrati.sk\/demokrati-iniciuju-podanie-na-ustavny-sud-v-stavebnom-konani-sa-prava-musia-vratit-obcanom\/\",\"url\":\"https:\/\/www.smedemokrati.sk\/demokrati-iniciuju-podanie-na-ustavny-sud-v-stavebnom-konani-sa-prava-musia-vratit-obcanom\/\",\"name\":\"Demokrati iniciuj\u00fa podanie na \u00fastavn\u00fd s\u00fad. V stavebnom konan\u00ed sa pr\u00e1va musia vr\u00e1ti\u0165 ob\u010danom - Smedemokrati.sk\",\"isPartOf\":{\"@id\":\"https:\/\/www.smedemokrati.sk\/#website\"},\"primaryImageOfPage\":{\"@id\":\"https:\/\/www.smedemokrati.sk\/demokrati-iniciuju-podanie-na-ustavny-sud-v-stavebnom-konani-sa-prava-musia-vratit-obcanom\/#primaryimage\"},\"image\":{\"@id\":\"https:\/\/www.smedemokrati.sk\/demokrati-iniciuju-podanie-na-ustavny-sud-v-stavebnom-konani-sa-prava-musia-vratit-obcanom\/#primaryimage\"},\"thumbnailUrl\":\"https:\/\/www.smedemokrati.sk\/wp-content\/uploads\/2023\/04\/MKica.jpg\",\"datePublished\":\"2023-08-28T11:52:59+00:00\",\"dateModified\":\"2023-08-29T11:28:53+00:00\",\"breadcrumb\":{\"@id\":\"https:\/\/www.smedemokrati.sk\/demokrati-iniciuju-podanie-na-ustavny-sud-v-stavebnom-konani-sa-prava-musia-vratit-obcanom\/#breadcrumb\"},\"inLanguage\":\"hu-HU\",\"potentialAction\":[{\"@type\":\"ReadAction\",\"target\":[\"https:\/\/www.smedemokrati.sk\/demokrati-iniciuju-podanie-na-ustavny-sud-v-stavebnom-konani-sa-prava-musia-vratit-obcanom\/\"]}]},{\"@type\":\"ImageObject\",\"inLanguage\":\"hu-HU\",\"@id\":\"https:\/\/www.smedemokrati.sk\/demokrati-iniciuju-podanie-na-ustavny-sud-v-stavebnom-konani-sa-prava-musia-vratit-obcanom\/#primaryimage\",\"url\":\"https:\/\/www.smedemokrati.sk\/wp-content\/uploads\/2023\/04\/MKica.jpg\",\"contentUrl\":\"https:\/\/www.smedemokrati.sk\/wp-content\/uploads\/2023\/04\/MKica.jpg\",\"width\":1520,\"height\":1080},{\"@type\":\"BreadcrumbList\",\"@id\":\"https:\/\/www.smedemokrati.sk\/demokrati-iniciuju-podanie-na-ustavny-sud-v-stavebnom-konani-sa-prava-musia-vratit-obcanom\/#breadcrumb\",\"itemListElement\":[{\"@type\":\"ListItem\",\"position\":1,\"name\":\"Domovsk\u00e1 str\u00e1nka\",\"item\":\"https:\/\/www.smedemokrati.sk\/\"},{\"@type\":\"ListItem\",\"position\":2,\"name\":\"Demokrati iniciuj\u00fa podanie na \u00fastavn\u00fd s\u00fad. V stavebnom konan\u00ed sa pr\u00e1va musia vr\u00e1ti\u0165 ob\u010danom\"}]},{\"@type\":\"WebSite\",\"@id\":\"https:\/\/www.smedemokrati.sk\/#website\",\"url\":\"https:\/\/www.smedemokrati.sk\/\",\"name\":\"Smedemokrati.sk\",\"description\":\"Demokracia a slu\u0161nos\u0165 zv\u00ed\u0165az\u00ed\",\"publisher\":{\"@id\":\"https:\/\/www.smedemokrati.sk\/#organization\"},\"potentialAction\":[{\"@type\":\"SearchAction\",\"target\":{\"@type\":\"EntryPoint\",\"urlTemplate\":\"https:\/\/www.smedemokrati.sk\/?s={search_term_string}\"},\"query-input\":{\"@type\":\"PropertyValueSpecification\",\"valueRequired\":true,\"valueName\":\"search_term_string\"}}],\"inLanguage\":\"hu-HU\"},{\"@type\":\"Organization\",\"@id\":\"https:\/\/www.smedemokrati.sk\/#organization\",\"name\":\"Smedemokrati.sk\",\"url\":\"https:\/\/www.smedemokrati.sk\/\",\"logo\":{\"@type\":\"ImageObject\",\"inLanguage\":\"hu-HU\",\"@id\":\"https:\/\/www.smedemokrati.sk\/#\/schema\/logo\/image\/\",\"url\":\"https:\/\/www.smedemokrati.sk\/wp-content\/uploads\/2023\/04\/ff.002.jpeg\",\"contentUrl\":\"https:\/\/www.smedemokrati.sk\/wp-content\/uploads\/2023\/04\/ff.002.jpeg\",\"width\":640,\"height\":480,\"caption\":\"Smedemokrati.sk\"},\"image\":{\"@id\":\"https:\/\/www.smedemokrati.sk\/#\/schema\/logo\/image\/\"},\"sameAs\":[\"https:\/\/www.facebook.com\/smedemokrati2023\"]},{\"@type\":\"Person\",\"@id\":\"https:\/\/www.smedemokrati.sk\/#\/schema\/person\/c60720f4b9955b3c1ed222ebd1fbbc7c\",\"name\":\"Tom\u00e1\u0161 Koppl\",\"image\":{\"@type\":\"ImageObject\",\"inLanguage\":\"hu-HU\",\"@id\":\"https:\/\/secure.gravatar.com\/avatar\/8dfa38373c5e39821baf74c8e867a6f12e12c6dab6559aa999d10703b0b1c4ce?s=96&d=mm&r=g\",\"url\":\"https:\/\/secure.gravatar.com\/avatar\/8dfa38373c5e39821baf74c8e867a6f12e12c6dab6559aa999d10703b0b1c4ce?s=96&d=mm&r=g\",\"contentUrl\":\"https:\/\/secure.gravatar.com\/avatar\/8dfa38373c5e39821baf74c8e867a6f12e12c6dab6559aa999d10703b0b1c4ce?s=96&d=mm&r=g\",\"caption\":\"Tom\u00e1\u0161 Koppl\"},\"url\":\"https:\/\/www.smedemokrati.sk\/hu\/author\/tomaskoppl\/\"}]}<\/script>\n<!-- \/ Yoast SEO plugin. -->","yoast_head_json":{"title":"Demokrati iniciuj\u00fa podanie na \u00fastavn\u00fd s\u00fad. V stavebnom konan\u00ed sa pr\u00e1va musia vr\u00e1ti\u0165 ob\u010danom - Smedemokrati.sk","robots":{"index":"index","follow":"follow","max-snippet":"max-snippet:-1","max-image-preview":"max-image-preview:large","max-video-preview":"max-video-preview:-1"},"canonical":"https:\/\/www.smedemokrati.sk\/hu\/demokrati-iniciuju-podanie-na-ustavny-sud-v-stavebnom-konani-sa-prava-musia-vratit-obcanom\/","og_locale":"hu_HU","og_type":"article","og_title":"Demokrati iniciuj\u00fa podanie na \u00fastavn\u00fd s\u00fad. V stavebnom konan\u00ed sa pr\u00e1va musia vr\u00e1ti\u0165 ob\u010danom - Smedemokrati.sk","og_description":"Nov\u00e1 \u00faprava stavebn\u00e9ho z\u00e1kona, ktor\u00fa schv\u00e1lili strany Smer, Hlas, Sme rodina, Republika a O\u013eano v m\u00e1ji tohto roka, ohrozuje pr\u00e1va be\u017en\u00fdch ob\u010danov. Na tla\u010dovej konferencii to povedal b\u00fdval\u00fd \u0161t\u00e1tny tajomn\u00edk M\u017dP a expert strany Demokrati na ochranu \u017eivotn\u00e9ho prostredia Michal Ki\u010da. Ten z\u00e1rove\u0148 pripomenul, \u017ee pr\u00e1ve poslanci strany Demokrati na probl\u00e9my spojen\u00e9 s touto legislat\u00edvou [&hellip;]","og_url":"https:\/\/www.smedemokrati.sk\/hu\/demokrati-iniciuju-podanie-na-ustavny-sud-v-stavebnom-konani-sa-prava-musia-vratit-obcanom\/","og_site_name":"Smedemokrati.sk","article_publisher":"https:\/\/www.facebook.com\/smedemokrati2023","article_published_time":"2023-08-28T11:52:59+00:00","article_modified_time":"2023-08-29T11:28:53+00:00","og_image":[{"width":1520,"height":1080,"url":"https:\/\/www.smedemokrati.sk\/wp-content\/uploads\/2023\/04\/MKica.jpg","type":"image\/jpeg"}],"author":"Tom\u00e1\u0161 Koppl","twitter_card":"summary_large_image","twitter_misc":{"Szerz\u0151:":"Tom\u00e1\u0161 Koppl","Becs\u00fclt olvas\u00e1si id\u0151":"3 perc"},"schema":{"@context":"https:\/\/schema.org","@graph":[{"@type":"Article","@id":"https:\/\/www.smedemokrati.sk\/demokrati-iniciuju-podanie-na-ustavny-sud-v-stavebnom-konani-sa-prava-musia-vratit-obcanom\/#article","isPartOf":{"@id":"https:\/\/www.smedemokrati.sk\/demokrati-iniciuju-podanie-na-ustavny-sud-v-stavebnom-konani-sa-prava-musia-vratit-obcanom\/"},"author":{"name":"Tom\u00e1\u0161 Koppl","@id":"https:\/\/www.smedemokrati.sk\/#\/schema\/person\/c60720f4b9955b3c1ed222ebd1fbbc7c"},"headline":"Demokrati iniciuj\u00fa podanie na \u00fastavn\u00fd s\u00fad. V stavebnom konan\u00ed sa pr\u00e1va musia vr\u00e1ti\u0165 ob\u010danom","datePublished":"2023-08-28T11:52:59+00:00","dateModified":"2023-08-29T11:28:53+00:00","mainEntityOfPage":{"@id":"https:\/\/www.smedemokrati.sk\/demokrati-iniciuju-podanie-na-ustavny-sud-v-stavebnom-konani-sa-prava-musia-vratit-obcanom\/"},"wordCount":734,"publisher":{"@id":"https:\/\/www.smedemokrati.sk\/#organization"},"image":{"@id":"https:\/\/www.smedemokrati.sk\/demokrati-iniciuju-podanie-na-ustavny-sud-v-stavebnom-konani-sa-prava-musia-vratit-obcanom\/#primaryimage"},"thumbnailUrl":"https:\/\/www.smedemokrati.sk\/wp-content\/uploads\/2023\/04\/MKica.jpg","articleSection":["Tla\u010dov\u00e9 spr\u00e1vy"],"inLanguage":"hu-HU"},{"@type":"WebPage","@id":"https:\/\/www.smedemokrati.sk\/demokrati-iniciuju-podanie-na-ustavny-sud-v-stavebnom-konani-sa-prava-musia-vratit-obcanom\/","url":"https:\/\/www.smedemokrati.sk\/demokrati-iniciuju-podanie-na-ustavny-sud-v-stavebnom-konani-sa-prava-musia-vratit-obcanom\/","name":"Demokrati iniciuj\u00fa podanie na \u00fastavn\u00fd s\u00fad. V stavebnom konan\u00ed sa pr\u00e1va musia vr\u00e1ti\u0165 ob\u010danom - Smedemokrati.sk","isPartOf":{"@id":"https:\/\/www.smedemokrati.sk\/#website"},"primaryImageOfPage":{"@id":"https:\/\/www.smedemokrati.sk\/demokrati-iniciuju-podanie-na-ustavny-sud-v-stavebnom-konani-sa-prava-musia-vratit-obcanom\/#primaryimage"},"image":{"@id":"https:\/\/www.smedemokrati.sk\/demokrati-iniciuju-podanie-na-ustavny-sud-v-stavebnom-konani-sa-prava-musia-vratit-obcanom\/#primaryimage"},"thumbnailUrl":"https:\/\/www.smedemokrati.sk\/wp-content\/uploads\/2023\/04\/MKica.jpg","datePublished":"2023-08-28T11:52:59+00:00","dateModified":"2023-08-29T11:28:53+00:00","breadcrumb":{"@id":"https:\/\/www.smedemokrati.sk\/demokrati-iniciuju-podanie-na-ustavny-sud-v-stavebnom-konani-sa-prava-musia-vratit-obcanom\/#breadcrumb"},"inLanguage":"hu-HU","potentialAction":[{"@type":"ReadAction","target":["https:\/\/www.smedemokrati.sk\/demokrati-iniciuju-podanie-na-ustavny-sud-v-stavebnom-konani-sa-prava-musia-vratit-obcanom\/"]}]},{"@type":"ImageObject","inLanguage":"hu-HU","@id":"https:\/\/www.smedemokrati.sk\/demokrati-iniciuju-podanie-na-ustavny-sud-v-stavebnom-konani-sa-prava-musia-vratit-obcanom\/#primaryimage","url":"https:\/\/www.smedemokrati.sk\/wp-content\/uploads\/2023\/04\/MKica.jpg","contentUrl":"https:\/\/www.smedemokrati.sk\/wp-content\/uploads\/2023\/04\/MKica.jpg","width":1520,"height":1080},{"@type":"BreadcrumbList","@id":"https:\/\/www.smedemokrati.sk\/demokrati-iniciuju-podanie-na-ustavny-sud-v-stavebnom-konani-sa-prava-musia-vratit-obcanom\/#breadcrumb","itemListElement":[{"@type":"ListItem","position":1,"name":"Domovsk\u00e1 str\u00e1nka","item":"https:\/\/www.smedemokrati.sk\/"},{"@type":"ListItem","position":2,"name":"Demokrati iniciuj\u00fa podanie na \u00fastavn\u00fd s\u00fad. V stavebnom konan\u00ed sa pr\u00e1va musia vr\u00e1ti\u0165 ob\u010danom"}]},{"@type":"WebSite","@id":"https:\/\/www.smedemokrati.sk\/#website","url":"https:\/\/www.smedemokrati.sk\/","name":"Smedemokrati.sk","description":"Demokracia a slu\u0161nos\u0165 zv\u00ed\u0165az\u00ed","publisher":{"@id":"https:\/\/www.smedemokrati.sk\/#organization"},"potentialAction":[{"@type":"SearchAction","target":{"@type":"EntryPoint","urlTemplate":"https:\/\/www.smedemokrati.sk\/?s={search_term_string}"},"query-input":{"@type":"PropertyValueSpecification","valueRequired":true,"valueName":"search_term_string"}}],"inLanguage":"hu-HU"},{"@type":"Organization","@id":"https:\/\/www.smedemokrati.sk\/#organization","name":"Smedemokrati.sk","url":"https:\/\/www.smedemokrati.sk\/","logo":{"@type":"ImageObject","inLanguage":"hu-HU","@id":"https:\/\/www.smedemokrati.sk\/#\/schema\/logo\/image\/","url":"https:\/\/www.smedemokrati.sk\/wp-content\/uploads\/2023\/04\/ff.002.jpeg","contentUrl":"https:\/\/www.smedemokrati.sk\/wp-content\/uploads\/2023\/04\/ff.002.jpeg","width":640,"height":480,"caption":"Smedemokrati.sk"},"image":{"@id":"https:\/\/www.smedemokrati.sk\/#\/schema\/logo\/image\/"},"sameAs":["https:\/\/www.facebook.com\/smedemokrati2023"]},{"@type":"Person","@id":"https:\/\/www.smedemokrati.sk\/#\/schema\/person\/c60720f4b9955b3c1ed222ebd1fbbc7c","name":"Tom\u00e1\u0161 Koppl","image":{"@type":"ImageObject","inLanguage":"hu-HU","@id":"https:\/\/secure.gravatar.com\/avatar\/8dfa38373c5e39821baf74c8e867a6f12e12c6dab6559aa999d10703b0b1c4ce?s=96&d=mm&r=g","url":"https:\/\/secure.gravatar.com\/avatar\/8dfa38373c5e39821baf74c8e867a6f12e12c6dab6559aa999d10703b0b1c4ce?s=96&d=mm&r=g","contentUrl":"https:\/\/secure.gravatar.com\/avatar\/8dfa38373c5e39821baf74c8e867a6f12e12c6dab6559aa999d10703b0b1c4ce?s=96&d=mm&r=g","caption":"Tom\u00e1\u0161 Koppl"},"url":"https:\/\/www.smedemokrati.sk\/hu\/author\/tomaskoppl\/"}]}},"_links":{"self":[{"href":"https:\/\/www.smedemokrati.sk\/hu\/wp-json\/wp\/v2\/posts\/1829","targetHints":{"allow":["GET"]}}],"collection":[{"href":"https:\/\/www.smedemokrati.sk\/hu\/wp-json\/wp\/v2\/posts"}],"about":[{"href":"https:\/\/www.smedemokrati.sk\/hu\/wp-json\/wp\/v2\/types\/post"}],"author":[{"embeddable":true,"href":"https:\/\/www.smedemokrati.sk\/hu\/wp-json\/wp\/v2\/users\/7"}],"replies":[{"embeddable":true,"href":"https:\/\/www.smedemokrati.sk\/hu\/wp-json\/wp\/v2\/comments?post=1829"}],"version-history":[{"count":2,"href":"https:\/\/www.smedemokrati.sk\/hu\/wp-json\/wp\/v2\/posts\/1829\/revisions"}],"predecessor-version":[{"id":1841,"href":"https:\/\/www.smedemokrati.sk\/hu\/wp-json\/wp\/v2\/posts\/1829\/revisions\/1841"}],"wp:featuredmedia":[{"embeddable":true,"href":"https:\/\/www.smedemokrati.sk\/hu\/wp-json\/wp\/v2\/media\/385"}],"wp:attachment":[{"href":"https:\/\/www.smedemokrati.sk\/hu\/wp-json\/wp\/v2\/media?parent=1829"}],"wp:term":[{"taxonomy":"category","embeddable":true,"href":"https:\/\/www.smedemokrati.sk\/hu\/wp-json\/wp\/v2\/categories?post=1829"},{"taxonomy":"post_tag","embeddable":true,"href":"https:\/\/www.smedemokrati.sk\/hu\/wp-json\/wp\/v2\/tags?post=1829"}],"curies":[{"name":"wp","href":"https:\/\/api.w.org\/{rel}","templated":true}]}}