{"id":1677,"date":"2023-08-11T16:09:50","date_gmt":"2023-08-11T14:09:50","guid":{"rendered":"https:\/\/www.smedemokrati.sk\/?p=1677"},"modified":"2023-08-11T16:10:35","modified_gmt":"2023-08-11T14:10:35","slug":"republika-je-balciarov-projekt-ak-sa-dostane-k-moci-vojenske-spravodajstvo-bude-opat-sluzit-na-spinavosti","status":"publish","type":"post","link":"https:\/\/www.smedemokrati.sk\/hu\/republika-je-balciarov-projekt-ak-sa-dostane-k-moci-vojenske-spravodajstvo-bude-opat-sluzit-na-spinavosti\/","title":{"rendered":"Republika je Balciarov projekt, ak sa dostane k moci, Vojensk\u00e9 spravodajstvo bude op\u00e4\u0165 sl\u00fa\u017ei\u0165 na \u0161pinavosti"},"content":{"rendered":"<div id=\"fb-root\"><\/div>\n\n<p>Podpredseda Demokratov Jaroslav Na\u010f ozna\u010dil hnutie Republika za jednu z najv\u00e4\u010d\u0161\u00edch hrozieb parlamentn\u00fdch volieb. V spojen\u00ed s R. Ficom, alebo inou extr\u00e9mistickou stranou m\u00f4\u017ee politick\u00e9 zoskupenie negat\u00edvnym sp\u00f4sobom ovplyvni\u0165 vn\u00fatorn\u00fa bezpe\u010dnos\u0165 a vr\u00e1ti\u0165 zneu\u017e\u00edvanie moci v prospech politick\u00fdch z\u00e1ujmov. Jaroslav Na\u010f tie\u017e zd\u00f4raznil, \u017ee hnutie, ktor\u00e9 sa ne\u0161t\u00edtilo olepi\u0165 krajinu sloganmi, ktor\u00fdmi presvied\u010da verejnos\u0165, \u017ee Slovensko neokradlo, je pr\u00e1voplatne spojen\u00e9 s nez\u00e1konn\u00fdmi finan\u010dn\u00fdmi machin\u00e1ciami.<\/p>\n\n\n\n<p>\u201eSlovensko neokradli z jedn\u00e9ho jedin\u00e9ho d\u00f4vodu, a to, \u017ee na\u0161\u0165astie k tomu nedostali pr\u00edle\u017eitos\u0165. Ned\u00e1 sa <strong>to ale poveda\u0165 o Banskobystrickej samospr\u00e1ve, kde Uhr\u00edk ako \u0161\u00e9f \u00faradu dostal kraj doslova na kolen\u00e1. Za nez\u00e1konn\u00e9 verejn\u00e9 obstar\u00e1vanie dostal \u00farad od \u00daVO mastn\u00fa pokutu, o dosaden\u00ed kamar\u00e1tov na lukrat\u00edvne miesta nehovoriac,\u201c<\/strong> pripomenul Na\u010f a zd\u00f4raznil, \u017ee okrem preuk\u00e1zan\u00fdch finan\u010dn\u00fdch k\u00e1uz m\u00e1 Republika na kandida\u010dnej listine pr\u00e1voplatne ods\u00faden\u00fdch extr\u00e9mistov, neonacistov \u010di osobu, ktor\u00e1 sl\u00fa\u017eila Mikul\u00e1\u0161ovi \u010cern\u00e1kovi.<\/p>\n\n\n\n<p><strong>\u201eKandid\u00e1tka Republiky je v\u00fdkladn\u00e1 skri\u0148a extr\u00e9mu. Pr\u00e1voplatne ods\u00faden\u00fd extr\u00e9mista Mazurek, ktor\u00fd do \u0161koly nosil hitlerov Mein Kampf, neonacista \u010eurica, ktor\u00fd hajloval na verejnosti a tie\u017e Suja, ktor\u00fd tr\u00e9noval \u010cern\u00e1kov\u00fa mafi\u00e1nsku skupinu.\u201c<\/strong> Na\u010f tie\u017e upozornil, \u017ee extr\u00e9mistick\u00e9 zoskupenie Republika legitimizuj\u00fa organiz\u00e1cie, ktor\u00e9 dost\u00e1vaj\u00fa financie od \u0161t\u00e1tu. Ako pr\u00edklad uviedol Slovensk\u00fd zv\u00e4z protifa\u0161istick\u00fdch bojovn\u00edkov, ktor\u00fd zverej\u0148uje fotky s predstavite\u013emi hnutia Republika, \u010do pova\u017euje podpredseda strany Demokrati za neprijate\u013en\u00e9.<\/p>\n\n\n\n<p>J. Na\u010f tie\u017e na\u010drtol, \u017ee ak sa Republika dostane k moci hroz\u00ed, \u017ee sa Vojensk\u00e9 spravodajstvo op\u00e4\u0165 stane n\u00e1strojom zneu\u017e\u00edvania politickej moci. Upozornil, \u017ee za jeho p\u00f4sobenia ako ministra, z\u00edskalo Vojensk\u00e9 spravodajstvo kredit na Slovensku ale aj v zahrani\u010d\u00ed, odhalilo mno\u017estvo z\u00e1vadov\u00fdch os\u00f4b a ne\u010delilo jednej jedinej kauze, \u010do sa za vl\u00e1d R. Fica nestalo. Spomenul tie\u017e, \u017ee v Republike s\u00fa bl\u00edzke osoby nesl\u00e1vne sl\u00e1vneho ex\u0161\u00e9fa Vojensk\u00e9ho spravodajstva J\u00e1na Balciara:<\/p>\n\n\n\n<p><strong>\u201ePolitruk z Vojenskej akad\u00e9mie Klementa Gottwalda RSDr. Viktor\u00edn sa dnes nechv\u00e1li komunistick\u00fdm titulom. Uprednost\u0148uje oslovenie doktor filozofie, ktor\u00fd si vraj za zvl\u00e1\u0161tnych okolnost\u00ed urobil v Sl\u00e1dkovi\u010dove. Tieto praktiky m\u00e1 u\u017e z ministersk\u00fdch \u010dias. Vtedy kv\u00f4li nemu zmenil smer\u00e1cky minister Ka\u0161ick\u00fd smernicu, aby sa z neho mohol sta\u0165 brig\u00e1dny gener\u00e1l. Uznali mu predt\u00fdm z\u010faleka neposta\u010duj\u00faci kr\u00e1tkodob\u00fd kurz na \u0161kole NATO a Viktor\u00edn sa tak ako jedin\u00fd v hist\u00f3rii ozbrojen\u00fdch s\u00edl dostal k hodnosti \u00fa\u010delovou zmenou predpisu.\u201c<\/strong> \u010eal\u0161\u00edmi Balciarovciami s\u00fa pod\u013ea Na\u010fa Peter Pukan, ktor\u00fd ako pr\u00edslu\u0161n\u00edk Vojensk\u00e9ho spravodajstva rozpracov\u00e1val pr\u00e1ve extr\u00e9mistov a Roman Hubert, ktor\u00fd v \u010dase h\u00fafnej infiltr\u00e1cie rusk\u00fdch \u0161pi\u00f3nov na Slovensku p\u00f4sobil ako z\u00e1stupca vojenskej kontrarozviedky. <strong>\u201eTomu hnutiu, ktor\u00e9 dnes hovor\u00ed o NATO, \u017ee je zlo\u010dineck\u00e1 organiz\u00e1cia nevad\u00ed, \u017ee m\u00e1 vo svojich radoch b\u00fdval\u00e9ho sty\u010dn\u00e9ho d\u00f4stojn\u00edka SR pre CIA v Bruseli, Petra Pukana? A nevad\u00ed mu, \u017ee m\u00e1 na kandid\u00e1tke \u010dloveka, ktor\u00fd dovolil, aby sa tu rusk\u00ed \u0161pi\u00f3ni prem\u00e1vali ako na prv\u00e9ho m\u00e1ja? &nbsp;Odpove\u010f je, nie nevad\u00ed. Preto\u017ee \u010d\u00edm lep\u0161ie pre Rusko t\u00fdm lep\u0161ie pre Republiku,\u201c<\/strong> uzavrel Na\u010f.<\/p>\n","protected":false},"excerpt":{"rendered":"<p>Podpredseda Demokratov Jaroslav Na\u010f ozna\u010dil hnutie Republika za jednu z najv\u00e4\u010d\u0161\u00edch hrozieb parlamentn\u00fdch volieb. V spojen\u00ed s R. Ficom, alebo inou extr\u00e9mistickou stranou m\u00f4\u017ee politick\u00e9 zoskupenie negat\u00edvnym sp\u00f4sobom ovplyvni\u0165 vn\u00fatorn\u00fa bezpe\u010dnos\u0165 a vr\u00e1ti\u0165 zneu\u017e\u00edvanie moci v prospech politick\u00fdch z\u00e1ujmov. Jaroslav Na\u010f tie\u017e zd\u00f4raznil, \u017ee hnutie, ktor\u00e9 sa ne\u0161t\u00edtilo olepi\u0165 krajinu sloganmi, ktor\u00fdmi presvied\u010da verejnos\u0165, \u017ee [&hellip;]<\/p>\n","protected":false},"author":7,"featured_media":413,"comment_status":"closed","ping_status":"closed","sticky":false,"template":"","format":"standard","meta":{"_acf_changed":false,"ngg_post_thumbnail":0,"footnotes":""},"categories":[4],"tags":[],"class_list":["post-1677","post","type-post","status-publish","format-standard","has-post-thumbnail","hentry","category-tlacove-spravy"],"acf":[],"yoast_head":"<!-- This site is optimized with the Yoast SEO plugin v27.2 - https:\/\/yoast.com\/product\/yoast-seo-wordpress\/ -->\n<title>Republika je Balciarov projekt, ak sa dostane k moci, Vojensk\u00e9 spravodajstvo bude op\u00e4\u0165 sl\u00fa\u017ei\u0165 na \u0161pinavosti - Smedemokrati.sk<\/title>\n<meta name=\"robots\" content=\"index, follow, max-snippet:-1, max-image-preview:large, max-video-preview:-1\" \/>\n<link rel=\"canonical\" href=\"https:\/\/www.smedemokrati.sk\/hu\/republika-je-balciarov-projekt-ak-sa-dostane-k-moci-vojenske-spravodajstvo-bude-opat-sluzit-na-spinavosti\/\" \/>\n<meta property=\"og:locale\" content=\"hu_HU\" \/>\n<meta property=\"og:locale:alternate\" content=\"en_US\" \/>\n<meta property=\"og:locale:alternate\" content=\"cs_CZ\" \/>\n<meta property=\"og:locale:alternate\" content=\"sk_SK\" \/>\n<meta property=\"og:locale:alternate\" content=\"sv_SE\" \/>\n<meta property=\"og:type\" content=\"article\" \/>\n<meta property=\"og:title\" content=\"Republika je Balciarov projekt, ak sa dostane k moci, Vojensk\u00e9 spravodajstvo bude op\u00e4\u0165 sl\u00fa\u017ei\u0165 na \u0161pinavosti - Smedemokrati.sk\" \/>\n<meta property=\"og:description\" content=\"Podpredseda Demokratov Jaroslav Na\u010f ozna\u010dil hnutie Republika za jednu z najv\u00e4\u010d\u0161\u00edch hrozieb parlamentn\u00fdch volieb. V spojen\u00ed s R. Ficom, alebo inou extr\u00e9mistickou stranou m\u00f4\u017ee politick\u00e9 zoskupenie negat\u00edvnym sp\u00f4sobom ovplyvni\u0165 vn\u00fatorn\u00fa bezpe\u010dnos\u0165 a vr\u00e1ti\u0165 zneu\u017e\u00edvanie moci v prospech politick\u00fdch z\u00e1ujmov. Jaroslav Na\u010f tie\u017e zd\u00f4raznil, \u017ee hnutie, ktor\u00e9 sa ne\u0161t\u00edtilo olepi\u0165 krajinu sloganmi, ktor\u00fdmi presvied\u010da verejnos\u0165, \u017ee [&hellip;]\" \/>\n<meta property=\"og:url\" content=\"https:\/\/www.smedemokrati.sk\/hu\/republika-je-balciarov-projekt-ak-sa-dostane-k-moci-vojenske-spravodajstvo-bude-opat-sluzit-na-spinavosti\/\" \/>\n<meta property=\"og:site_name\" content=\"Smedemokrati.sk\" \/>\n<meta property=\"article:publisher\" content=\"https:\/\/www.facebook.com\/smedemokrati2023\" \/>\n<meta property=\"article:published_time\" content=\"2023-08-11T14:09:50+00:00\" \/>\n<meta property=\"article:modified_time\" content=\"2023-08-11T14:10:35+00:00\" \/>\n<meta property=\"og:image\" content=\"https:\/\/www.smedemokrati.sk\/wp-content\/uploads\/2023\/04\/JN_1-3.jpg\" \/>\n\t<meta property=\"og:image:width\" content=\"2048\" \/>\n\t<meta property=\"og:image:height\" content=\"1365\" \/>\n\t<meta property=\"og:image:type\" content=\"image\/jpeg\" \/>\n<meta name=\"author\" content=\"Tom\u00e1\u0161 Koppl\" \/>\n<meta name=\"twitter:card\" content=\"summary_large_image\" \/>\n<meta name=\"twitter:label1\" content=\"Szerz\u0151:\" \/>\n\t<meta name=\"twitter:data1\" content=\"Tom\u00e1\u0161 Koppl\" \/>\n<script type=\"application\/ld+json\" class=\"yoast-schema-graph\">{\"@context\":\"https:\/\/schema.org\",\"@graph\":[{\"@type\":\"Article\",\"@id\":\"https:\/\/www.smedemokrati.sk\/republika-je-balciarov-projekt-ak-sa-dostane-k-moci-vojenske-spravodajstvo-bude-opat-sluzit-na-spinavosti\/#article\",\"isPartOf\":{\"@id\":\"https:\/\/www.smedemokrati.sk\/republika-je-balciarov-projekt-ak-sa-dostane-k-moci-vojenske-spravodajstvo-bude-opat-sluzit-na-spinavosti\/\"},\"author\":{\"name\":\"Tom\u00e1\u0161 Koppl\",\"@id\":\"https:\/\/www.smedemokrati.sk\/#\/schema\/person\/c60720f4b9955b3c1ed222ebd1fbbc7c\"},\"headline\":\"Republika je Balciarov projekt, ak sa dostane k moci, Vojensk\u00e9 spravodajstvo bude op\u00e4\u0165 sl\u00fa\u017ei\u0165 na \u0161pinavosti\",\"datePublished\":\"2023-08-11T14:09:50+00:00\",\"dateModified\":\"2023-08-11T14:10:35+00:00\",\"mainEntityOfPage\":{\"@id\":\"https:\/\/www.smedemokrati.sk\/republika-je-balciarov-projekt-ak-sa-dostane-k-moci-vojenske-spravodajstvo-bude-opat-sluzit-na-spinavosti\/\"},\"wordCount\":606,\"publisher\":{\"@id\":\"https:\/\/www.smedemokrati.sk\/#organization\"},\"image\":{\"@id\":\"https:\/\/www.smedemokrati.sk\/republika-je-balciarov-projekt-ak-sa-dostane-k-moci-vojenske-spravodajstvo-bude-opat-sluzit-na-spinavosti\/#primaryimage\"},\"thumbnailUrl\":\"https:\/\/www.smedemokrati.sk\/wp-content\/uploads\/2023\/04\/JN_1-3.jpg\",\"articleSection\":[\"Tla\u010dov\u00e9 spr\u00e1vy\"],\"inLanguage\":\"hu-HU\"},{\"@type\":\"WebPage\",\"@id\":\"https:\/\/www.smedemokrati.sk\/republika-je-balciarov-projekt-ak-sa-dostane-k-moci-vojenske-spravodajstvo-bude-opat-sluzit-na-spinavosti\/\",\"url\":\"https:\/\/www.smedemokrati.sk\/republika-je-balciarov-projekt-ak-sa-dostane-k-moci-vojenske-spravodajstvo-bude-opat-sluzit-na-spinavosti\/\",\"name\":\"Republika je Balciarov projekt, ak sa dostane k moci, Vojensk\u00e9 spravodajstvo bude op\u00e4\u0165 sl\u00fa\u017ei\u0165 na \u0161pinavosti - Smedemokrati.sk\",\"isPartOf\":{\"@id\":\"https:\/\/www.smedemokrati.sk\/#website\"},\"primaryImageOfPage\":{\"@id\":\"https:\/\/www.smedemokrati.sk\/republika-je-balciarov-projekt-ak-sa-dostane-k-moci-vojenske-spravodajstvo-bude-opat-sluzit-na-spinavosti\/#primaryimage\"},\"image\":{\"@id\":\"https:\/\/www.smedemokrati.sk\/republika-je-balciarov-projekt-ak-sa-dostane-k-moci-vojenske-spravodajstvo-bude-opat-sluzit-na-spinavosti\/#primaryimage\"},\"thumbnailUrl\":\"https:\/\/www.smedemokrati.sk\/wp-content\/uploads\/2023\/04\/JN_1-3.jpg\",\"datePublished\":\"2023-08-11T14:09:50+00:00\",\"dateModified\":\"2023-08-11T14:10:35+00:00\",\"breadcrumb\":{\"@id\":\"https:\/\/www.smedemokrati.sk\/republika-je-balciarov-projekt-ak-sa-dostane-k-moci-vojenske-spravodajstvo-bude-opat-sluzit-na-spinavosti\/#breadcrumb\"},\"inLanguage\":\"hu-HU\",\"potentialAction\":[{\"@type\":\"ReadAction\",\"target\":[\"https:\/\/www.smedemokrati.sk\/republika-je-balciarov-projekt-ak-sa-dostane-k-moci-vojenske-spravodajstvo-bude-opat-sluzit-na-spinavosti\/\"]}]},{\"@type\":\"ImageObject\",\"inLanguage\":\"hu-HU\",\"@id\":\"https:\/\/www.smedemokrati.sk\/republika-je-balciarov-projekt-ak-sa-dostane-k-moci-vojenske-spravodajstvo-bude-opat-sluzit-na-spinavosti\/#primaryimage\",\"url\":\"https:\/\/www.smedemokrati.sk\/wp-content\/uploads\/2023\/04\/JN_1-3.jpg\",\"contentUrl\":\"https:\/\/www.smedemokrati.sk\/wp-content\/uploads\/2023\/04\/JN_1-3.jpg\",\"width\":2048,\"height\":1365},{\"@type\":\"BreadcrumbList\",\"@id\":\"https:\/\/www.smedemokrati.sk\/republika-je-balciarov-projekt-ak-sa-dostane-k-moci-vojenske-spravodajstvo-bude-opat-sluzit-na-spinavosti\/#breadcrumb\",\"itemListElement\":[{\"@type\":\"ListItem\",\"position\":1,\"name\":\"Domovsk\u00e1 str\u00e1nka\",\"item\":\"https:\/\/www.smedemokrati.sk\/\"},{\"@type\":\"ListItem\",\"position\":2,\"name\":\"Republika je Balciarov projekt, ak sa dostane k moci, Vojensk\u00e9 spravodajstvo bude op\u00e4\u0165 sl\u00fa\u017ei\u0165 na \u0161pinavosti\"}]},{\"@type\":\"WebSite\",\"@id\":\"https:\/\/www.smedemokrati.sk\/#website\",\"url\":\"https:\/\/www.smedemokrati.sk\/\",\"name\":\"Smedemokrati.sk\",\"description\":\"Demokracia a slu\u0161nos\u0165 zv\u00ed\u0165az\u00ed\",\"publisher\":{\"@id\":\"https:\/\/www.smedemokrati.sk\/#organization\"},\"potentialAction\":[{\"@type\":\"SearchAction\",\"target\":{\"@type\":\"EntryPoint\",\"urlTemplate\":\"https:\/\/www.smedemokrati.sk\/?s={search_term_string}\"},\"query-input\":{\"@type\":\"PropertyValueSpecification\",\"valueRequired\":true,\"valueName\":\"search_term_string\"}}],\"inLanguage\":\"hu-HU\"},{\"@type\":\"Organization\",\"@id\":\"https:\/\/www.smedemokrati.sk\/#organization\",\"name\":\"Smedemokrati.sk\",\"url\":\"https:\/\/www.smedemokrati.sk\/\",\"logo\":{\"@type\":\"ImageObject\",\"inLanguage\":\"hu-HU\",\"@id\":\"https:\/\/www.smedemokrati.sk\/#\/schema\/logo\/image\/\",\"url\":\"https:\/\/www.smedemokrati.sk\/wp-content\/uploads\/2023\/04\/ff.002.jpeg\",\"contentUrl\":\"https:\/\/www.smedemokrati.sk\/wp-content\/uploads\/2023\/04\/ff.002.jpeg\",\"width\":640,\"height\":480,\"caption\":\"Smedemokrati.sk\"},\"image\":{\"@id\":\"https:\/\/www.smedemokrati.sk\/#\/schema\/logo\/image\/\"},\"sameAs\":[\"https:\/\/www.facebook.com\/smedemokrati2023\"]},{\"@type\":\"Person\",\"@id\":\"https:\/\/www.smedemokrati.sk\/#\/schema\/person\/c60720f4b9955b3c1ed222ebd1fbbc7c\",\"name\":\"Tom\u00e1\u0161 Koppl\",\"image\":{\"@type\":\"ImageObject\",\"inLanguage\":\"hu-HU\",\"@id\":\"https:\/\/secure.gravatar.com\/avatar\/8dfa38373c5e39821baf74c8e867a6f12e12c6dab6559aa999d10703b0b1c4ce?s=96&d=mm&r=g\",\"url\":\"https:\/\/secure.gravatar.com\/avatar\/8dfa38373c5e39821baf74c8e867a6f12e12c6dab6559aa999d10703b0b1c4ce?s=96&d=mm&r=g\",\"contentUrl\":\"https:\/\/secure.gravatar.com\/avatar\/8dfa38373c5e39821baf74c8e867a6f12e12c6dab6559aa999d10703b0b1c4ce?s=96&d=mm&r=g\",\"caption\":\"Tom\u00e1\u0161 Koppl\"},\"url\":\"https:\/\/www.smedemokrati.sk\/hu\/author\/tomaskoppl\/\"}]}<\/script>\n<!-- \/ Yoast SEO plugin. -->","yoast_head_json":{"title":"Republika je Balciarov projekt, ak sa dostane k moci, Vojensk\u00e9 spravodajstvo bude op\u00e4\u0165 sl\u00fa\u017ei\u0165 na \u0161pinavosti - Smedemokrati.sk","robots":{"index":"index","follow":"follow","max-snippet":"max-snippet:-1","max-image-preview":"max-image-preview:large","max-video-preview":"max-video-preview:-1"},"canonical":"https:\/\/www.smedemokrati.sk\/hu\/republika-je-balciarov-projekt-ak-sa-dostane-k-moci-vojenske-spravodajstvo-bude-opat-sluzit-na-spinavosti\/","og_locale":"hu_HU","og_type":"article","og_title":"Republika je Balciarov projekt, ak sa dostane k moci, Vojensk\u00e9 spravodajstvo bude op\u00e4\u0165 sl\u00fa\u017ei\u0165 na \u0161pinavosti - Smedemokrati.sk","og_description":"Podpredseda Demokratov Jaroslav Na\u010f ozna\u010dil hnutie Republika za jednu z najv\u00e4\u010d\u0161\u00edch hrozieb parlamentn\u00fdch volieb. V spojen\u00ed s R. Ficom, alebo inou extr\u00e9mistickou stranou m\u00f4\u017ee politick\u00e9 zoskupenie negat\u00edvnym sp\u00f4sobom ovplyvni\u0165 vn\u00fatorn\u00fa bezpe\u010dnos\u0165 a vr\u00e1ti\u0165 zneu\u017e\u00edvanie moci v prospech politick\u00fdch z\u00e1ujmov. Jaroslav Na\u010f tie\u017e zd\u00f4raznil, \u017ee hnutie, ktor\u00e9 sa ne\u0161t\u00edtilo olepi\u0165 krajinu sloganmi, ktor\u00fdmi presvied\u010da verejnos\u0165, \u017ee [&hellip;]","og_url":"https:\/\/www.smedemokrati.sk\/hu\/republika-je-balciarov-projekt-ak-sa-dostane-k-moci-vojenske-spravodajstvo-bude-opat-sluzit-na-spinavosti\/","og_site_name":"Smedemokrati.sk","article_publisher":"https:\/\/www.facebook.com\/smedemokrati2023","article_published_time":"2023-08-11T14:09:50+00:00","article_modified_time":"2023-08-11T14:10:35+00:00","og_image":[{"width":2048,"height":1365,"url":"https:\/\/www.smedemokrati.sk\/wp-content\/uploads\/2023\/04\/JN_1-3.jpg","type":"image\/jpeg"}],"author":"Tom\u00e1\u0161 Koppl","twitter_card":"summary_large_image","twitter_misc":{"Szerz\u0151:":"Tom\u00e1\u0161 Koppl"},"schema":{"@context":"https:\/\/schema.org","@graph":[{"@type":"Article","@id":"https:\/\/www.smedemokrati.sk\/republika-je-balciarov-projekt-ak-sa-dostane-k-moci-vojenske-spravodajstvo-bude-opat-sluzit-na-spinavosti\/#article","isPartOf":{"@id":"https:\/\/www.smedemokrati.sk\/republika-je-balciarov-projekt-ak-sa-dostane-k-moci-vojenske-spravodajstvo-bude-opat-sluzit-na-spinavosti\/"},"author":{"name":"Tom\u00e1\u0161 Koppl","@id":"https:\/\/www.smedemokrati.sk\/#\/schema\/person\/c60720f4b9955b3c1ed222ebd1fbbc7c"},"headline":"Republika je Balciarov projekt, ak sa dostane k moci, Vojensk\u00e9 spravodajstvo bude op\u00e4\u0165 sl\u00fa\u017ei\u0165 na \u0161pinavosti","datePublished":"2023-08-11T14:09:50+00:00","dateModified":"2023-08-11T14:10:35+00:00","mainEntityOfPage":{"@id":"https:\/\/www.smedemokrati.sk\/republika-je-balciarov-projekt-ak-sa-dostane-k-moci-vojenske-spravodajstvo-bude-opat-sluzit-na-spinavosti\/"},"wordCount":606,"publisher":{"@id":"https:\/\/www.smedemokrati.sk\/#organization"},"image":{"@id":"https:\/\/www.smedemokrati.sk\/republika-je-balciarov-projekt-ak-sa-dostane-k-moci-vojenske-spravodajstvo-bude-opat-sluzit-na-spinavosti\/#primaryimage"},"thumbnailUrl":"https:\/\/www.smedemokrati.sk\/wp-content\/uploads\/2023\/04\/JN_1-3.jpg","articleSection":["Tla\u010dov\u00e9 spr\u00e1vy"],"inLanguage":"hu-HU"},{"@type":"WebPage","@id":"https:\/\/www.smedemokrati.sk\/republika-je-balciarov-projekt-ak-sa-dostane-k-moci-vojenske-spravodajstvo-bude-opat-sluzit-na-spinavosti\/","url":"https:\/\/www.smedemokrati.sk\/republika-je-balciarov-projekt-ak-sa-dostane-k-moci-vojenske-spravodajstvo-bude-opat-sluzit-na-spinavosti\/","name":"Republika je Balciarov projekt, ak sa dostane k moci, Vojensk\u00e9 spravodajstvo bude op\u00e4\u0165 sl\u00fa\u017ei\u0165 na \u0161pinavosti - Smedemokrati.sk","isPartOf":{"@id":"https:\/\/www.smedemokrati.sk\/#website"},"primaryImageOfPage":{"@id":"https:\/\/www.smedemokrati.sk\/republika-je-balciarov-projekt-ak-sa-dostane-k-moci-vojenske-spravodajstvo-bude-opat-sluzit-na-spinavosti\/#primaryimage"},"image":{"@id":"https:\/\/www.smedemokrati.sk\/republika-je-balciarov-projekt-ak-sa-dostane-k-moci-vojenske-spravodajstvo-bude-opat-sluzit-na-spinavosti\/#primaryimage"},"thumbnailUrl":"https:\/\/www.smedemokrati.sk\/wp-content\/uploads\/2023\/04\/JN_1-3.jpg","datePublished":"2023-08-11T14:09:50+00:00","dateModified":"2023-08-11T14:10:35+00:00","breadcrumb":{"@id":"https:\/\/www.smedemokrati.sk\/republika-je-balciarov-projekt-ak-sa-dostane-k-moci-vojenske-spravodajstvo-bude-opat-sluzit-na-spinavosti\/#breadcrumb"},"inLanguage":"hu-HU","potentialAction":[{"@type":"ReadAction","target":["https:\/\/www.smedemokrati.sk\/republika-je-balciarov-projekt-ak-sa-dostane-k-moci-vojenske-spravodajstvo-bude-opat-sluzit-na-spinavosti\/"]}]},{"@type":"ImageObject","inLanguage":"hu-HU","@id":"https:\/\/www.smedemokrati.sk\/republika-je-balciarov-projekt-ak-sa-dostane-k-moci-vojenske-spravodajstvo-bude-opat-sluzit-na-spinavosti\/#primaryimage","url":"https:\/\/www.smedemokrati.sk\/wp-content\/uploads\/2023\/04\/JN_1-3.jpg","contentUrl":"https:\/\/www.smedemokrati.sk\/wp-content\/uploads\/2023\/04\/JN_1-3.jpg","width":2048,"height":1365},{"@type":"BreadcrumbList","@id":"https:\/\/www.smedemokrati.sk\/republika-je-balciarov-projekt-ak-sa-dostane-k-moci-vojenske-spravodajstvo-bude-opat-sluzit-na-spinavosti\/#breadcrumb","itemListElement":[{"@type":"ListItem","position":1,"name":"Domovsk\u00e1 str\u00e1nka","item":"https:\/\/www.smedemokrati.sk\/"},{"@type":"ListItem","position":2,"name":"Republika je Balciarov projekt, ak sa dostane k moci, Vojensk\u00e9 spravodajstvo bude op\u00e4\u0165 sl\u00fa\u017ei\u0165 na \u0161pinavosti"}]},{"@type":"WebSite","@id":"https:\/\/www.smedemokrati.sk\/#website","url":"https:\/\/www.smedemokrati.sk\/","name":"Smedemokrati.sk","description":"Demokracia a slu\u0161nos\u0165 zv\u00ed\u0165az\u00ed","publisher":{"@id":"https:\/\/www.smedemokrati.sk\/#organization"},"potentialAction":[{"@type":"SearchAction","target":{"@type":"EntryPoint","urlTemplate":"https:\/\/www.smedemokrati.sk\/?s={search_term_string}"},"query-input":{"@type":"PropertyValueSpecification","valueRequired":true,"valueName":"search_term_string"}}],"inLanguage":"hu-HU"},{"@type":"Organization","@id":"https:\/\/www.smedemokrati.sk\/#organization","name":"Smedemokrati.sk","url":"https:\/\/www.smedemokrati.sk\/","logo":{"@type":"ImageObject","inLanguage":"hu-HU","@id":"https:\/\/www.smedemokrati.sk\/#\/schema\/logo\/image\/","url":"https:\/\/www.smedemokrati.sk\/wp-content\/uploads\/2023\/04\/ff.002.jpeg","contentUrl":"https:\/\/www.smedemokrati.sk\/wp-content\/uploads\/2023\/04\/ff.002.jpeg","width":640,"height":480,"caption":"Smedemokrati.sk"},"image":{"@id":"https:\/\/www.smedemokrati.sk\/#\/schema\/logo\/image\/"},"sameAs":["https:\/\/www.facebook.com\/smedemokrati2023"]},{"@type":"Person","@id":"https:\/\/www.smedemokrati.sk\/#\/schema\/person\/c60720f4b9955b3c1ed222ebd1fbbc7c","name":"Tom\u00e1\u0161 Koppl","image":{"@type":"ImageObject","inLanguage":"hu-HU","@id":"https:\/\/secure.gravatar.com\/avatar\/8dfa38373c5e39821baf74c8e867a6f12e12c6dab6559aa999d10703b0b1c4ce?s=96&d=mm&r=g","url":"https:\/\/secure.gravatar.com\/avatar\/8dfa38373c5e39821baf74c8e867a6f12e12c6dab6559aa999d10703b0b1c4ce?s=96&d=mm&r=g","contentUrl":"https:\/\/secure.gravatar.com\/avatar\/8dfa38373c5e39821baf74c8e867a6f12e12c6dab6559aa999d10703b0b1c4ce?s=96&d=mm&r=g","caption":"Tom\u00e1\u0161 Koppl"},"url":"https:\/\/www.smedemokrati.sk\/hu\/author\/tomaskoppl\/"}]}},"_links":{"self":[{"href":"https:\/\/www.smedemokrati.sk\/hu\/wp-json\/wp\/v2\/posts\/1677","targetHints":{"allow":["GET"]}}],"collection":[{"href":"https:\/\/www.smedemokrati.sk\/hu\/wp-json\/wp\/v2\/posts"}],"about":[{"href":"https:\/\/www.smedemokrati.sk\/hu\/wp-json\/wp\/v2\/types\/post"}],"author":[{"embeddable":true,"href":"https:\/\/www.smedemokrati.sk\/hu\/wp-json\/wp\/v2\/users\/7"}],"replies":[{"embeddable":true,"href":"https:\/\/www.smedemokrati.sk\/hu\/wp-json\/wp\/v2\/comments?post=1677"}],"version-history":[{"count":2,"href":"https:\/\/www.smedemokrati.sk\/hu\/wp-json\/wp\/v2\/posts\/1677\/revisions"}],"predecessor-version":[{"id":1679,"href":"https:\/\/www.smedemokrati.sk\/hu\/wp-json\/wp\/v2\/posts\/1677\/revisions\/1679"}],"wp:featuredmedia":[{"embeddable":true,"href":"https:\/\/www.smedemokrati.sk\/hu\/wp-json\/wp\/v2\/media\/413"}],"wp:attachment":[{"href":"https:\/\/www.smedemokrati.sk\/hu\/wp-json\/wp\/v2\/media?parent=1677"}],"wp:term":[{"taxonomy":"category","embeddable":true,"href":"https:\/\/www.smedemokrati.sk\/hu\/wp-json\/wp\/v2\/categories?post=1677"},{"taxonomy":"post_tag","embeddable":true,"href":"https:\/\/www.smedemokrati.sk\/hu\/wp-json\/wp\/v2\/tags?post=1677"}],"curies":[{"name":"wp","href":"https:\/\/api.w.org\/{rel}","templated":true}]}}