{"id":1622,"date":"2023-08-02T16:31:38","date_gmt":"2023-08-02T14:31:38","guid":{"rendered":"https:\/\/www.smedemokrati.sk\/?p=1622"},"modified":"2023-08-02T16:35:29","modified_gmt":"2023-08-02T14:35:29","slug":"zacina-suboj-o-vladu-ktora-nebude-rozkradat-ani-rozhadavat-slovensko","status":"publish","type":"post","link":"https:\/\/www.smedemokrati.sk\/hu\/zacina-suboj-o-vladu-ktora-nebude-rozkradat-ani-rozhadavat-slovensko\/","title":{"rendered":"Za\u010d\u00edna s\u00faboj o vl\u00e1du, ktor\u00e1 nebude rozkrad\u00e1\u0165 ani rozh\u00e1dava\u0165 Slovensko"},"content":{"rendered":"<div id=\"fb-root\"><\/div>\n\n<p>Demokrati poukazuj\u00fa na to, \u017ee dva mesiace pred vo\u013ebami prieskumy preferenci\u00ed ukazuj\u00fa dve mo\u017en\u00e9 cesty.&nbsp;<strong>\u201ePrvou je n\u00e1vrat Fica ako premi\u00e9ra v koal\u00edci\u00ed s Hlasom a fa\u0161istami. Z tej mi beh\u00e1 mr\u00e1z po chrbte a mysl\u00edm, \u017ee demokraticky a slobodne zm\u00fd\u0161\u013eaj\u00facim \u013eu\u010fom netreba hovori\u0165, pre\u010do to je katastrofa pre Slovensko. Predstavte si ten Klondajk, ktor\u00fd si z na\u0161ej krajiny spravia. Rozkr\u00e1da\u010dka nielen na\u0161ich pe\u0148az\u00ed, ale aj hodn\u00f4t,\u201c<\/strong>&nbsp;povedala volebn\u00e1 l\u00edderka Demokratov, Andrea Letanovsk\u00e1 .<\/p>\n\n\n\n<p>Druh\u00e1 mo\u017enos\u0165 je pod\u013ea nej vl\u00e1da PS s koali\u010dn\u00fdmi partnermi Sul\u00edkom, Matovi\u010dom a mo\u017eno aj Borisom Koll\u00e1rom.&nbsp;<strong>\u201ePS nem\u00e1 sk\u00fasenosti s vl\u00e1dnut\u00edm a presadzovan\u00edm reforiem v \u0165a\u017ek\u00fdch \u010dasoch a bud\u00faci premi\u00e9r \u0160ime\u010dka by musel vl\u00e1dnu\u0165 s koali\u010dn\u00fdmi partnermi Sul\u00edkom, Matovi\u010dom a mo\u017eno aj Koll\u00e1rom, ktor\u00ed sk\u00fasenosti maj\u00fa dos\u0165, no najm\u00e4 z rozh\u00e1davan\u00edm a pova\u013eovan\u00edm vl\u00e1d,\u201c<\/strong>&nbsp;kon\u0161tatovala Letanovsk\u00e1.<\/p>\n\n\n\n<p>Pod\u013ea Letanovskej maj\u00fa Demokrati dva mesiace na to, aby zabojovali o lep\u0161iu alternat\u00edvu k zlodejom, ale aj k ukri\u010dan\u00fdm \u0161kriepnikom.&nbsp;<strong>\u201eVid\u00edme mo\u017enos\u0165 vzniku kon\u0161trukt\u00edvnej vl\u00e1dy pokoja, postavenej na odbornosti, sk\u00fasenostiach s presadzovan\u00edm \u0165a\u017ek\u00fdch reforiem a nesebeckej slu\u017ebe \u013eu\u010fom. Tak\u00e1to vl\u00e1da m\u00f4\u017ee vznikn\u00fa\u0165 iba s nami, Demokratmi. Toto je to, \u010do n\u00e1m ka\u017ed\u00fd de\u0148 d\u00e1va motiv\u00e1ciu pokra\u010dova\u0165 a bojova\u0165 o lep\u0161ie Slovensko. Prinesieme do parlamentu a do novej vl\u00e1dy siln\u00fd t\u00edm osobnost\u00ed so sk\u00fasenos\u0165ami s vl\u00e1dnut\u00edm a pr\u00edpravou dobr\u00fdch z\u00e1konov.\u201c<\/strong><\/p>\n\n\n\n<p><strong>\u201eDemokrati nerozkradn\u00fa ani nerozh\u00e1daj\u00fa Slovensko \u2013 Demokrati bud\u00fa pom\u00e1ha\u0165 \u013eu\u010fom. Toto je na\u0161a ponuka s ktorou ideme bojova\u0165 v na\u0161ej kampani,\u201c<\/strong>&nbsp;dodala Letanovsk\u00e1.<\/p>\n\n\n\n<p>Pod\u013ea Letanovskej maj\u00fa Demokrati s\u00e9riu opatren\u00ed, ktor\u00fdm chc\u00fa vo vl\u00e1de pom\u00f4c\u0165 \u013eu\u010fom. Vo svojom programe prioritizuj\u00fa stabiliz\u00e1ciu zdravotn\u00edctva, soci\u00e1lnu pomoc slab\u0161\u00edm, podporu zamestnanosti, spravodliv\u00e9 Slovensko a jasn\u00e9 zahrani\u010dnopolitick\u00e9 smerovanie Slovenska.&nbsp;<strong>\u201eBudeme \u010falej budova\u0165 nov\u00e9 nemocnice, dokon\u010d\u00edme za\u010dat\u00e9 projekty. Vytvor\u00edme 200 ambulanci\u00ed v\u0161eobecn\u00fdch lek\u00e1rov a \u0161pecialistov v regi\u00f3noch, kde ch\u00fdbaj\u00fa. V soci\u00e1lnej oblasti napr\u00edklad zachov\u00e1me da\u0148ov\u00fd bonus 140 eur na die\u0165a, v plnej v\u00fd\u0161ke aj invalidn\u00fdm rodi\u010dom det\u00ed, pracuj\u00facim osamel\u00fdm rodi\u010dom a \u017eivnostn\u00edkom,\u201c<\/strong>&nbsp;povedala volebn\u00e1 l\u00edderka Demokratov Andrea Letanovsk\u00e1. Demokrati sa \u010falej presadzuj\u00fa zmenu syst\u00e9mu financovania samospr\u00e1v, reformu prokurat\u00fary, alebo zr\u00fdchlenie rozhodovania s\u00fadov.<\/p>\n\n\n\n<figure class=\"wp-block-image size-large\"><img decoding=\"async\" width=\"1024\" height=\"576\" src=\"https:\/\/www.smedemokrati.sk\/wp-content\/uploads\/2023\/08\/Pomoc_obrazovka-3-1024x576.jpg\" alt=\"\" class=\"wp-image-1623\" srcset=\"https:\/\/www.smedemokrati.sk\/wp-content\/uploads\/2023\/08\/Pomoc_obrazovka-3-1024x576.jpg 1024w, https:\/\/www.smedemokrati.sk\/wp-content\/uploads\/2023\/08\/Pomoc_obrazovka-3-300x169.jpg 300w, https:\/\/www.smedemokrati.sk\/wp-content\/uploads\/2023\/08\/Pomoc_obrazovka-3-768x432.jpg 768w, https:\/\/www.smedemokrati.sk\/wp-content\/uploads\/2023\/08\/Pomoc_obrazovka-3-1536x864.jpg 1536w, https:\/\/www.smedemokrati.sk\/wp-content\/uploads\/2023\/08\/Pomoc_obrazovka-3.jpg 1920w\" sizes=\"(max-width: 1024px) 100vw, 1024px\" \/><\/figure>\n","protected":false},"excerpt":{"rendered":"<p>Demokrati poukazuj\u00fa na to, \u017ee dva mesiace pred vo\u013ebami prieskumy preferenci\u00ed ukazuj\u00fa dve mo\u017en\u00e9 cesty.&nbsp;\u201ePrvou je n\u00e1vrat Fica ako premi\u00e9ra v koal\u00edci\u00ed s Hlasom a fa\u0161istami. Z tej mi beh\u00e1 mr\u00e1z po chrbte a mysl\u00edm, \u017ee demokraticky a slobodne zm\u00fd\u0161\u013eaj\u00facim \u013eu\u010fom netreba hovori\u0165, pre\u010do to je katastrofa pre Slovensko. Predstavte si ten Klondajk, ktor\u00fd si [&hellip;]<\/p>\n","protected":false},"author":7,"featured_media":1624,"comment_status":"closed","ping_status":"closed","sticky":false,"template":"","format":"standard","meta":{"_acf_changed":false,"ngg_post_thumbnail":0,"footnotes":""},"categories":[4],"tags":[],"class_list":["post-1622","post","type-post","status-publish","format-standard","has-post-thumbnail","hentry","category-tlacove-spravy"],"acf":[],"yoast_head":"<!-- This site is optimized with the Yoast SEO plugin v27.2 - https:\/\/yoast.com\/product\/yoast-seo-wordpress\/ -->\n<title>Za\u010d\u00edna s\u00faboj o vl\u00e1du, ktor\u00e1 nebude rozkrad\u00e1\u0165 ani rozh\u00e1dava\u0165 Slovensko - Smedemokrati.sk<\/title>\n<meta name=\"robots\" content=\"index, follow, max-snippet:-1, max-image-preview:large, max-video-preview:-1\" \/>\n<link rel=\"canonical\" href=\"https:\/\/www.smedemokrati.sk\/hu\/zacina-suboj-o-vladu-ktora-nebude-rozkradat-ani-rozhadavat-slovensko\/\" \/>\n<meta property=\"og:locale\" content=\"hu_HU\" \/>\n<meta property=\"og:locale:alternate\" content=\"en_US\" \/>\n<meta property=\"og:locale:alternate\" content=\"cs_CZ\" \/>\n<meta property=\"og:locale:alternate\" content=\"sk_SK\" \/>\n<meta property=\"og:locale:alternate\" content=\"sv_SE\" \/>\n<meta property=\"og:type\" content=\"article\" \/>\n<meta property=\"og:title\" content=\"Za\u010d\u00edna s\u00faboj o vl\u00e1du, ktor\u00e1 nebude rozkrad\u00e1\u0165 ani rozh\u00e1dava\u0165 Slovensko - Smedemokrati.sk\" \/>\n<meta property=\"og:description\" content=\"Demokrati poukazuj\u00fa na to, \u017ee dva mesiace pred vo\u013ebami prieskumy preferenci\u00ed ukazuj\u00fa dve mo\u017en\u00e9 cesty.&nbsp;\u201ePrvou je n\u00e1vrat Fica ako premi\u00e9ra v koal\u00edci\u00ed s Hlasom a fa\u0161istami. Z tej mi beh\u00e1 mr\u00e1z po chrbte a mysl\u00edm, \u017ee demokraticky a slobodne zm\u00fd\u0161\u013eaj\u00facim \u013eu\u010fom netreba hovori\u0165, pre\u010do to je katastrofa pre Slovensko. Predstavte si ten Klondajk, ktor\u00fd si [&hellip;]\" \/>\n<meta property=\"og:url\" content=\"https:\/\/www.smedemokrati.sk\/hu\/zacina-suboj-o-vladu-ktora-nebude-rozkradat-ani-rozhadavat-slovensko\/\" \/>\n<meta property=\"og:site_name\" content=\"Smedemokrati.sk\" \/>\n<meta property=\"article:publisher\" content=\"https:\/\/www.facebook.com\/smedemokrati2023\" \/>\n<meta property=\"article:published_time\" content=\"2023-08-02T14:31:38+00:00\" \/>\n<meta property=\"article:modified_time\" content=\"2023-08-02T14:35:29+00:00\" \/>\n<meta property=\"og:image\" content=\"https:\/\/www.smedemokrati.sk\/wp-content\/uploads\/2023\/08\/cover.jpg\" \/>\n\t<meta property=\"og:image:width\" content=\"1920\" \/>\n\t<meta property=\"og:image:height\" content=\"1080\" \/>\n\t<meta property=\"og:image:type\" content=\"image\/jpeg\" \/>\n<meta name=\"author\" content=\"Tom\u00e1\u0161 Koppl\" \/>\n<meta name=\"twitter:card\" content=\"summary_large_image\" \/>\n<meta name=\"twitter:label1\" content=\"Szerz\u0151:\" \/>\n\t<meta name=\"twitter:data1\" content=\"Tom\u00e1\u0161 Koppl\" \/>\n\t<meta name=\"twitter:label2\" content=\"Becs\u00fclt olvas\u00e1si id\u0151\" \/>\n\t<meta name=\"twitter:data2\" content=\"2 perc\" \/>\n<script type=\"application\/ld+json\" class=\"yoast-schema-graph\">{\"@context\":\"https:\/\/schema.org\",\"@graph\":[{\"@type\":\"Article\",\"@id\":\"https:\/\/www.smedemokrati.sk\/zacina-suboj-o-vladu-ktora-nebude-rozkradat-ani-rozhadavat-slovensko\/#article\",\"isPartOf\":{\"@id\":\"https:\/\/www.smedemokrati.sk\/zacina-suboj-o-vladu-ktora-nebude-rozkradat-ani-rozhadavat-slovensko\/\"},\"author\":{\"name\":\"Tom\u00e1\u0161 Koppl\",\"@id\":\"https:\/\/www.smedemokrati.sk\/#\/schema\/person\/c60720f4b9955b3c1ed222ebd1fbbc7c\"},\"headline\":\"Za\u010d\u00edna s\u00faboj o vl\u00e1du, ktor\u00e1 nebude rozkrad\u00e1\u0165 ani rozh\u00e1dava\u0165 Slovensko\",\"datePublished\":\"2023-08-02T14:31:38+00:00\",\"dateModified\":\"2023-08-02T14:35:29+00:00\",\"mainEntityOfPage\":{\"@id\":\"https:\/\/www.smedemokrati.sk\/zacina-suboj-o-vladu-ktora-nebude-rozkradat-ani-rozhadavat-slovensko\/\"},\"wordCount\":470,\"publisher\":{\"@id\":\"https:\/\/www.smedemokrati.sk\/#organization\"},\"image\":{\"@id\":\"https:\/\/www.smedemokrati.sk\/zacina-suboj-o-vladu-ktora-nebude-rozkradat-ani-rozhadavat-slovensko\/#primaryimage\"},\"thumbnailUrl\":\"https:\/\/www.smedemokrati.sk\/wp-content\/uploads\/2023\/08\/cover.jpg\",\"articleSection\":[\"Tla\u010dov\u00e9 spr\u00e1vy\"],\"inLanguage\":\"hu-HU\"},{\"@type\":\"WebPage\",\"@id\":\"https:\/\/www.smedemokrati.sk\/zacina-suboj-o-vladu-ktora-nebude-rozkradat-ani-rozhadavat-slovensko\/\",\"url\":\"https:\/\/www.smedemokrati.sk\/zacina-suboj-o-vladu-ktora-nebude-rozkradat-ani-rozhadavat-slovensko\/\",\"name\":\"Za\u010d\u00edna s\u00faboj o vl\u00e1du, ktor\u00e1 nebude rozkrad\u00e1\u0165 ani rozh\u00e1dava\u0165 Slovensko - Smedemokrati.sk\",\"isPartOf\":{\"@id\":\"https:\/\/www.smedemokrati.sk\/#website\"},\"primaryImageOfPage\":{\"@id\":\"https:\/\/www.smedemokrati.sk\/zacina-suboj-o-vladu-ktora-nebude-rozkradat-ani-rozhadavat-slovensko\/#primaryimage\"},\"image\":{\"@id\":\"https:\/\/www.smedemokrati.sk\/zacina-suboj-o-vladu-ktora-nebude-rozkradat-ani-rozhadavat-slovensko\/#primaryimage\"},\"thumbnailUrl\":\"https:\/\/www.smedemokrati.sk\/wp-content\/uploads\/2023\/08\/cover.jpg\",\"datePublished\":\"2023-08-02T14:31:38+00:00\",\"dateModified\":\"2023-08-02T14:35:29+00:00\",\"breadcrumb\":{\"@id\":\"https:\/\/www.smedemokrati.sk\/zacina-suboj-o-vladu-ktora-nebude-rozkradat-ani-rozhadavat-slovensko\/#breadcrumb\"},\"inLanguage\":\"hu-HU\",\"potentialAction\":[{\"@type\":\"ReadAction\",\"target\":[\"https:\/\/www.smedemokrati.sk\/zacina-suboj-o-vladu-ktora-nebude-rozkradat-ani-rozhadavat-slovensko\/\"]}]},{\"@type\":\"ImageObject\",\"inLanguage\":\"hu-HU\",\"@id\":\"https:\/\/www.smedemokrati.sk\/zacina-suboj-o-vladu-ktora-nebude-rozkradat-ani-rozhadavat-slovensko\/#primaryimage\",\"url\":\"https:\/\/www.smedemokrati.sk\/wp-content\/uploads\/2023\/08\/cover.jpg\",\"contentUrl\":\"https:\/\/www.smedemokrati.sk\/wp-content\/uploads\/2023\/08\/cover.jpg\",\"width\":1920,\"height\":1080},{\"@type\":\"BreadcrumbList\",\"@id\":\"https:\/\/www.smedemokrati.sk\/zacina-suboj-o-vladu-ktora-nebude-rozkradat-ani-rozhadavat-slovensko\/#breadcrumb\",\"itemListElement\":[{\"@type\":\"ListItem\",\"position\":1,\"name\":\"Domovsk\u00e1 str\u00e1nka\",\"item\":\"https:\/\/www.smedemokrati.sk\/\"},{\"@type\":\"ListItem\",\"position\":2,\"name\":\"Za\u010d\u00edna s\u00faboj o vl\u00e1du, ktor\u00e1 nebude rozkrad\u00e1\u0165 ani rozh\u00e1dava\u0165 Slovensko\"}]},{\"@type\":\"WebSite\",\"@id\":\"https:\/\/www.smedemokrati.sk\/#website\",\"url\":\"https:\/\/www.smedemokrati.sk\/\",\"name\":\"Smedemokrati.sk\",\"description\":\"Demokracia a slu\u0161nos\u0165 zv\u00ed\u0165az\u00ed\",\"publisher\":{\"@id\":\"https:\/\/www.smedemokrati.sk\/#organization\"},\"potentialAction\":[{\"@type\":\"SearchAction\",\"target\":{\"@type\":\"EntryPoint\",\"urlTemplate\":\"https:\/\/www.smedemokrati.sk\/?s={search_term_string}\"},\"query-input\":{\"@type\":\"PropertyValueSpecification\",\"valueRequired\":true,\"valueName\":\"search_term_string\"}}],\"inLanguage\":\"hu-HU\"},{\"@type\":\"Organization\",\"@id\":\"https:\/\/www.smedemokrati.sk\/#organization\",\"name\":\"Smedemokrati.sk\",\"url\":\"https:\/\/www.smedemokrati.sk\/\",\"logo\":{\"@type\":\"ImageObject\",\"inLanguage\":\"hu-HU\",\"@id\":\"https:\/\/www.smedemokrati.sk\/#\/schema\/logo\/image\/\",\"url\":\"https:\/\/www.smedemokrati.sk\/wp-content\/uploads\/2023\/04\/ff.002.jpeg\",\"contentUrl\":\"https:\/\/www.smedemokrati.sk\/wp-content\/uploads\/2023\/04\/ff.002.jpeg\",\"width\":640,\"height\":480,\"caption\":\"Smedemokrati.sk\"},\"image\":{\"@id\":\"https:\/\/www.smedemokrati.sk\/#\/schema\/logo\/image\/\"},\"sameAs\":[\"https:\/\/www.facebook.com\/smedemokrati2023\"]},{\"@type\":\"Person\",\"@id\":\"https:\/\/www.smedemokrati.sk\/#\/schema\/person\/c60720f4b9955b3c1ed222ebd1fbbc7c\",\"name\":\"Tom\u00e1\u0161 Koppl\",\"image\":{\"@type\":\"ImageObject\",\"inLanguage\":\"hu-HU\",\"@id\":\"https:\/\/secure.gravatar.com\/avatar\/8dfa38373c5e39821baf74c8e867a6f12e12c6dab6559aa999d10703b0b1c4ce?s=96&d=mm&r=g\",\"url\":\"https:\/\/secure.gravatar.com\/avatar\/8dfa38373c5e39821baf74c8e867a6f12e12c6dab6559aa999d10703b0b1c4ce?s=96&d=mm&r=g\",\"contentUrl\":\"https:\/\/secure.gravatar.com\/avatar\/8dfa38373c5e39821baf74c8e867a6f12e12c6dab6559aa999d10703b0b1c4ce?s=96&d=mm&r=g\",\"caption\":\"Tom\u00e1\u0161 Koppl\"},\"url\":\"https:\/\/www.smedemokrati.sk\/hu\/author\/tomaskoppl\/\"}]}<\/script>\n<!-- \/ Yoast SEO plugin. -->","yoast_head_json":{"title":"Za\u010d\u00edna s\u00faboj o vl\u00e1du, ktor\u00e1 nebude rozkrad\u00e1\u0165 ani rozh\u00e1dava\u0165 Slovensko - Smedemokrati.sk","robots":{"index":"index","follow":"follow","max-snippet":"max-snippet:-1","max-image-preview":"max-image-preview:large","max-video-preview":"max-video-preview:-1"},"canonical":"https:\/\/www.smedemokrati.sk\/hu\/zacina-suboj-o-vladu-ktora-nebude-rozkradat-ani-rozhadavat-slovensko\/","og_locale":"hu_HU","og_type":"article","og_title":"Za\u010d\u00edna s\u00faboj o vl\u00e1du, ktor\u00e1 nebude rozkrad\u00e1\u0165 ani rozh\u00e1dava\u0165 Slovensko - Smedemokrati.sk","og_description":"Demokrati poukazuj\u00fa na to, \u017ee dva mesiace pred vo\u013ebami prieskumy preferenci\u00ed ukazuj\u00fa dve mo\u017en\u00e9 cesty.&nbsp;\u201ePrvou je n\u00e1vrat Fica ako premi\u00e9ra v koal\u00edci\u00ed s Hlasom a fa\u0161istami. Z tej mi beh\u00e1 mr\u00e1z po chrbte a mysl\u00edm, \u017ee demokraticky a slobodne zm\u00fd\u0161\u013eaj\u00facim \u013eu\u010fom netreba hovori\u0165, pre\u010do to je katastrofa pre Slovensko. Predstavte si ten Klondajk, ktor\u00fd si [&hellip;]","og_url":"https:\/\/www.smedemokrati.sk\/hu\/zacina-suboj-o-vladu-ktora-nebude-rozkradat-ani-rozhadavat-slovensko\/","og_site_name":"Smedemokrati.sk","article_publisher":"https:\/\/www.facebook.com\/smedemokrati2023","article_published_time":"2023-08-02T14:31:38+00:00","article_modified_time":"2023-08-02T14:35:29+00:00","og_image":[{"width":1920,"height":1080,"url":"https:\/\/www.smedemokrati.sk\/wp-content\/uploads\/2023\/08\/cover.jpg","type":"image\/jpeg"}],"author":"Tom\u00e1\u0161 Koppl","twitter_card":"summary_large_image","twitter_misc":{"Szerz\u0151:":"Tom\u00e1\u0161 Koppl","Becs\u00fclt olvas\u00e1si id\u0151":"2 perc"},"schema":{"@context":"https:\/\/schema.org","@graph":[{"@type":"Article","@id":"https:\/\/www.smedemokrati.sk\/zacina-suboj-o-vladu-ktora-nebude-rozkradat-ani-rozhadavat-slovensko\/#article","isPartOf":{"@id":"https:\/\/www.smedemokrati.sk\/zacina-suboj-o-vladu-ktora-nebude-rozkradat-ani-rozhadavat-slovensko\/"},"author":{"name":"Tom\u00e1\u0161 Koppl","@id":"https:\/\/www.smedemokrati.sk\/#\/schema\/person\/c60720f4b9955b3c1ed222ebd1fbbc7c"},"headline":"Za\u010d\u00edna s\u00faboj o vl\u00e1du, ktor\u00e1 nebude rozkrad\u00e1\u0165 ani rozh\u00e1dava\u0165 Slovensko","datePublished":"2023-08-02T14:31:38+00:00","dateModified":"2023-08-02T14:35:29+00:00","mainEntityOfPage":{"@id":"https:\/\/www.smedemokrati.sk\/zacina-suboj-o-vladu-ktora-nebude-rozkradat-ani-rozhadavat-slovensko\/"},"wordCount":470,"publisher":{"@id":"https:\/\/www.smedemokrati.sk\/#organization"},"image":{"@id":"https:\/\/www.smedemokrati.sk\/zacina-suboj-o-vladu-ktora-nebude-rozkradat-ani-rozhadavat-slovensko\/#primaryimage"},"thumbnailUrl":"https:\/\/www.smedemokrati.sk\/wp-content\/uploads\/2023\/08\/cover.jpg","articleSection":["Tla\u010dov\u00e9 spr\u00e1vy"],"inLanguage":"hu-HU"},{"@type":"WebPage","@id":"https:\/\/www.smedemokrati.sk\/zacina-suboj-o-vladu-ktora-nebude-rozkradat-ani-rozhadavat-slovensko\/","url":"https:\/\/www.smedemokrati.sk\/zacina-suboj-o-vladu-ktora-nebude-rozkradat-ani-rozhadavat-slovensko\/","name":"Za\u010d\u00edna s\u00faboj o vl\u00e1du, ktor\u00e1 nebude rozkrad\u00e1\u0165 ani rozh\u00e1dava\u0165 Slovensko - Smedemokrati.sk","isPartOf":{"@id":"https:\/\/www.smedemokrati.sk\/#website"},"primaryImageOfPage":{"@id":"https:\/\/www.smedemokrati.sk\/zacina-suboj-o-vladu-ktora-nebude-rozkradat-ani-rozhadavat-slovensko\/#primaryimage"},"image":{"@id":"https:\/\/www.smedemokrati.sk\/zacina-suboj-o-vladu-ktora-nebude-rozkradat-ani-rozhadavat-slovensko\/#primaryimage"},"thumbnailUrl":"https:\/\/www.smedemokrati.sk\/wp-content\/uploads\/2023\/08\/cover.jpg","datePublished":"2023-08-02T14:31:38+00:00","dateModified":"2023-08-02T14:35:29+00:00","breadcrumb":{"@id":"https:\/\/www.smedemokrati.sk\/zacina-suboj-o-vladu-ktora-nebude-rozkradat-ani-rozhadavat-slovensko\/#breadcrumb"},"inLanguage":"hu-HU","potentialAction":[{"@type":"ReadAction","target":["https:\/\/www.smedemokrati.sk\/zacina-suboj-o-vladu-ktora-nebude-rozkradat-ani-rozhadavat-slovensko\/"]}]},{"@type":"ImageObject","inLanguage":"hu-HU","@id":"https:\/\/www.smedemokrati.sk\/zacina-suboj-o-vladu-ktora-nebude-rozkradat-ani-rozhadavat-slovensko\/#primaryimage","url":"https:\/\/www.smedemokrati.sk\/wp-content\/uploads\/2023\/08\/cover.jpg","contentUrl":"https:\/\/www.smedemokrati.sk\/wp-content\/uploads\/2023\/08\/cover.jpg","width":1920,"height":1080},{"@type":"BreadcrumbList","@id":"https:\/\/www.smedemokrati.sk\/zacina-suboj-o-vladu-ktora-nebude-rozkradat-ani-rozhadavat-slovensko\/#breadcrumb","itemListElement":[{"@type":"ListItem","position":1,"name":"Domovsk\u00e1 str\u00e1nka","item":"https:\/\/www.smedemokrati.sk\/"},{"@type":"ListItem","position":2,"name":"Za\u010d\u00edna s\u00faboj o vl\u00e1du, ktor\u00e1 nebude rozkrad\u00e1\u0165 ani rozh\u00e1dava\u0165 Slovensko"}]},{"@type":"WebSite","@id":"https:\/\/www.smedemokrati.sk\/#website","url":"https:\/\/www.smedemokrati.sk\/","name":"Smedemokrati.sk","description":"Demokracia a slu\u0161nos\u0165 zv\u00ed\u0165az\u00ed","publisher":{"@id":"https:\/\/www.smedemokrati.sk\/#organization"},"potentialAction":[{"@type":"SearchAction","target":{"@type":"EntryPoint","urlTemplate":"https:\/\/www.smedemokrati.sk\/?s={search_term_string}"},"query-input":{"@type":"PropertyValueSpecification","valueRequired":true,"valueName":"search_term_string"}}],"inLanguage":"hu-HU"},{"@type":"Organization","@id":"https:\/\/www.smedemokrati.sk\/#organization","name":"Smedemokrati.sk","url":"https:\/\/www.smedemokrati.sk\/","logo":{"@type":"ImageObject","inLanguage":"hu-HU","@id":"https:\/\/www.smedemokrati.sk\/#\/schema\/logo\/image\/","url":"https:\/\/www.smedemokrati.sk\/wp-content\/uploads\/2023\/04\/ff.002.jpeg","contentUrl":"https:\/\/www.smedemokrati.sk\/wp-content\/uploads\/2023\/04\/ff.002.jpeg","width":640,"height":480,"caption":"Smedemokrati.sk"},"image":{"@id":"https:\/\/www.smedemokrati.sk\/#\/schema\/logo\/image\/"},"sameAs":["https:\/\/www.facebook.com\/smedemokrati2023"]},{"@type":"Person","@id":"https:\/\/www.smedemokrati.sk\/#\/schema\/person\/c60720f4b9955b3c1ed222ebd1fbbc7c","name":"Tom\u00e1\u0161 Koppl","image":{"@type":"ImageObject","inLanguage":"hu-HU","@id":"https:\/\/secure.gravatar.com\/avatar\/8dfa38373c5e39821baf74c8e867a6f12e12c6dab6559aa999d10703b0b1c4ce?s=96&d=mm&r=g","url":"https:\/\/secure.gravatar.com\/avatar\/8dfa38373c5e39821baf74c8e867a6f12e12c6dab6559aa999d10703b0b1c4ce?s=96&d=mm&r=g","contentUrl":"https:\/\/secure.gravatar.com\/avatar\/8dfa38373c5e39821baf74c8e867a6f12e12c6dab6559aa999d10703b0b1c4ce?s=96&d=mm&r=g","caption":"Tom\u00e1\u0161 Koppl"},"url":"https:\/\/www.smedemokrati.sk\/hu\/author\/tomaskoppl\/"}]}},"_links":{"self":[{"href":"https:\/\/www.smedemokrati.sk\/hu\/wp-json\/wp\/v2\/posts\/1622","targetHints":{"allow":["GET"]}}],"collection":[{"href":"https:\/\/www.smedemokrati.sk\/hu\/wp-json\/wp\/v2\/posts"}],"about":[{"href":"https:\/\/www.smedemokrati.sk\/hu\/wp-json\/wp\/v2\/types\/post"}],"author":[{"embeddable":true,"href":"https:\/\/www.smedemokrati.sk\/hu\/wp-json\/wp\/v2\/users\/7"}],"replies":[{"embeddable":true,"href":"https:\/\/www.smedemokrati.sk\/hu\/wp-json\/wp\/v2\/comments?post=1622"}],"version-history":[{"count":2,"href":"https:\/\/www.smedemokrati.sk\/hu\/wp-json\/wp\/v2\/posts\/1622\/revisions"}],"predecessor-version":[{"id":1630,"href":"https:\/\/www.smedemokrati.sk\/hu\/wp-json\/wp\/v2\/posts\/1622\/revisions\/1630"}],"wp:featuredmedia":[{"embeddable":true,"href":"https:\/\/www.smedemokrati.sk\/hu\/wp-json\/wp\/v2\/media\/1624"}],"wp:attachment":[{"href":"https:\/\/www.smedemokrati.sk\/hu\/wp-json\/wp\/v2\/media?parent=1622"}],"wp:term":[{"taxonomy":"category","embeddable":true,"href":"https:\/\/www.smedemokrati.sk\/hu\/wp-json\/wp\/v2\/categories?post=1622"},{"taxonomy":"post_tag","embeddable":true,"href":"https:\/\/www.smedemokrati.sk\/hu\/wp-json\/wp\/v2\/tags?post=1622"}],"curies":[{"name":"wp","href":"https:\/\/api.w.org\/{rel}","templated":true}]}}