{"id":1610,"date":"2023-08-01T10:58:29","date_gmt":"2023-08-01T08:58:29","guid":{"rendered":"https:\/\/www.smedemokrati.sk\/?p=1610"},"modified":"2023-08-02T08:49:53","modified_gmt":"2023-08-02T06:49:53","slug":"ceny-plynu-sa-maju-v-roku-2024-zdvojnasobit-demokrati-navrhuju-riesenie","status":"publish","type":"post","link":"https:\/\/www.smedemokrati.sk\/hu\/ceny-plynu-sa-maju-v-roku-2024-zdvojnasobit-demokrati-navrhuju-riesenie\/","title":{"rendered":"Ceny plynu sa maj\u00fa v roku 2024 zdvojn\u00e1sobi\u0165. Demokrati navrhuj\u00fa rie\u0161enie"},"content":{"rendered":"<div id=\"fb-root\"><\/div>\n\n<p>Ceny plynu sa pod\u013ea \u00daradu pre regul\u00e1ciu sie\u0165ov\u00fdch odvetv\u00ed (\u00daRSO) maj\u00fa v roku 2024 zv\u00fd\u0161i\u0165 o 110%. Exminister hospod\u00e1rstva a \u010dlen vedenia strany Demokrati Karel Hirman pripomenul, \u017ee ceny energi\u00ed v tomto roku s\u00fa v\u00fdrazne ni\u017e\u0161ie pr\u00e1ve v\u010faka opatreniam vl\u00e1dy Eduarda Hegera. Hirman avizuje \u010fal\u0161ie opatrenia z dielne Demokratov, ktor\u00e9 zabezpe\u010dia, \u017ee ceny nebud\u00fa drasticky r\u00e1s\u0165 ani v roku 2024.<\/p>\n\n\n\n<p>Pod\u013ea Karla Hirmana je cenov\u00e1 stabilita energi\u00ed jednou z hlavn\u00fdch prior\u00edt strany Demokrati.\u00a0<strong>\u201eU\u017e vo vl\u00e1de Eduarda Hegera sme dok\u00e1zali udr\u017ea\u0165 ceny energi\u00ed na n\u00edzkej \u00farovni v porovnan\u00ed s okolit\u00fdmi krajinami, \u010do potvrdili napr\u00edklad aj Eurostat. Ceny elektriny sa n\u00e1m podarilo dohodou so Slovensk\u00fdmi elektr\u00e1r\u0148ami zastropova\u0165. Aj v\u010faka tomu plat\u00ed be\u017en\u00e1 dom\u00e1cnos\u0165 za energie priemerne o 250 eur menej, ako bez vl\u00e1dnej pomoci,\u201c<\/strong>\u00a0upozornil Hirman s t\u00fdm, \u017ee dohoda o ni\u017e\u0161\u00edch cen\u00e1ch elektriny plat\u00ed a\u017e do roku 2027.<\/p>\n\n\n\n<p>Na hrozbu dvojn\u00e1sobn\u00e9ho zv\u00fd\u0161enia cien plynu, ale aj v\u00fdrazn\u00e9 zv\u00fd\u0161enie cien tepla pre dom\u00e1cnosti od janu\u00e1ra bud\u00faceho roka Demokrati pod\u013ea Karla Hirmana opakovane upozor\u0148uj\u00fa a maj\u00fa pripraven\u00e9 aj rie\u0161enia.\u00a0<strong>\u201eV pomoci dom\u00e1cnostiam sa chceme zamera\u0165 na zn\u00ed\u017eenie n\u00e1kladov na vykurovanie. Jedn\u00fdm z n\u00e1strojov bude &#8216;\u0161rotovn\u00e9&#8217; na plynov\u00e9 kotle, ako aj kotle na drevn\u00fa biomasu a tepeln\u00e9 \u010derpadl\u00e1,\u201c<\/strong>\u00a0uviedol.<\/p>\n\n\n\n<p><strong>\u201eZintenz\u00edvnime tie\u017e pomoc pri zatep\u013eovan\u00ed domov a bytoviek, \u010di v\u00fdmene okien. Podpor\u00edme aj pou\u017e\u00edvanie obnovite\u013en\u00fdch zdrojov, predov\u0161etk\u00fdm fotovoltaiku. \u010eal\u0161ie kompenza\u010dn\u00e9 opatrenia bud\u00fa vych\u00e1dza\u0165 z mo\u017enost\u00ed \u0161t\u00e1tneho rozpo\u010dtu a bud\u00fa zameran\u00e9 na pomoc pri vykurovan\u00ed so zakomponovan\u00fdm stimulom na \u0161etrenie energiami,\u201c<\/strong>&nbsp;povedal Karel Hirman.<\/p>\n\n\n\n<p>Hirman zd\u00f4raznil, \u017ee predstavitelia strany Demokrati maj\u00fa najv\u00e4\u010d\u0161ie sk\u00fasenosti s bojom proti vysok\u00fdm cen\u00e1m energi\u00ed.&nbsp;<strong>\u201eDemokrati s\u00fa garanciou n\u00edzkych cien energi\u00ed, ktor\u00e9 si \u013eudia bez probl\u00e9mov m\u00f4\u017eu dovoli\u0165. Chceme pokojne sl\u00fa\u017ei\u0165 \u013eu\u010fom a doru\u010di\u0165 im stabiln\u00e9 ceny elektriny, plynu a tepla,\u201c<\/strong>&nbsp;uzavrel Hirman.<\/p>\n","protected":false},"excerpt":{"rendered":"<p>Ceny plynu sa pod\u013ea \u00daradu pre regul\u00e1ciu sie\u0165ov\u00fdch odvetv\u00ed (\u00daRSO) maj\u00fa v roku 2024 zv\u00fd\u0161i\u0165 o 110%. Exminister hospod\u00e1rstva a \u010dlen vedenia strany Demokrati Karel Hirman pripomenul, \u017ee ceny energi\u00ed v tomto roku s\u00fa v\u00fdrazne ni\u017e\u0161ie pr\u00e1ve v\u010faka opatreniam vl\u00e1dy Eduarda Hegera. Hirman avizuje \u010fal\u0161ie opatrenia z dielne Demokratov, ktor\u00e9 zabezpe\u010dia, \u017ee ceny nebud\u00fa drasticky [&hellip;]<\/p>\n","protected":false},"author":7,"featured_media":394,"comment_status":"closed","ping_status":"closed","sticky":false,"template":"","format":"standard","meta":{"_acf_changed":false,"ngg_post_thumbnail":0,"footnotes":""},"categories":[4],"tags":[],"class_list":["post-1610","post","type-post","status-publish","format-standard","has-post-thumbnail","hentry","category-tlacove-spravy"],"acf":[],"yoast_head":"<!-- This site is optimized with the Yoast SEO plugin v27.2 - https:\/\/yoast.com\/product\/yoast-seo-wordpress\/ -->\n<title>Ceny plynu sa maj\u00fa v roku 2024 zdvojn\u00e1sobi\u0165. Demokrati navrhuj\u00fa rie\u0161enie - Smedemokrati.sk<\/title>\n<meta name=\"robots\" content=\"index, follow, max-snippet:-1, max-image-preview:large, max-video-preview:-1\" \/>\n<link rel=\"canonical\" href=\"https:\/\/www.smedemokrati.sk\/hu\/ceny-plynu-sa-maju-v-roku-2024-zdvojnasobit-demokrati-navrhuju-riesenie\/\" \/>\n<meta property=\"og:locale\" content=\"hu_HU\" \/>\n<meta property=\"og:locale:alternate\" content=\"en_US\" \/>\n<meta property=\"og:locale:alternate\" content=\"cs_CZ\" \/>\n<meta property=\"og:locale:alternate\" content=\"sk_SK\" \/>\n<meta property=\"og:locale:alternate\" content=\"sv_SE\" \/>\n<meta property=\"og:type\" content=\"article\" \/>\n<meta property=\"og:title\" content=\"Ceny plynu sa maj\u00fa v roku 2024 zdvojn\u00e1sobi\u0165. Demokrati navrhuj\u00fa rie\u0161enie - Smedemokrati.sk\" \/>\n<meta property=\"og:description\" content=\"Ceny plynu sa pod\u013ea \u00daradu pre regul\u00e1ciu sie\u0165ov\u00fdch odvetv\u00ed (\u00daRSO) maj\u00fa v roku 2024 zv\u00fd\u0161i\u0165 o 110%. Exminister hospod\u00e1rstva a \u010dlen vedenia strany Demokrati Karel Hirman pripomenul, \u017ee ceny energi\u00ed v tomto roku s\u00fa v\u00fdrazne ni\u017e\u0161ie pr\u00e1ve v\u010faka opatreniam vl\u00e1dy Eduarda Hegera. Hirman avizuje \u010fal\u0161ie opatrenia z dielne Demokratov, ktor\u00e9 zabezpe\u010dia, \u017ee ceny nebud\u00fa drasticky [&hellip;]\" \/>\n<meta property=\"og:url\" content=\"https:\/\/www.smedemokrati.sk\/hu\/ceny-plynu-sa-maju-v-roku-2024-zdvojnasobit-demokrati-navrhuju-riesenie\/\" \/>\n<meta property=\"og:site_name\" content=\"Smedemokrati.sk\" \/>\n<meta property=\"article:publisher\" content=\"https:\/\/www.facebook.com\/smedemokrati2023\" \/>\n<meta property=\"article:published_time\" content=\"2023-08-01T08:58:29+00:00\" \/>\n<meta property=\"article:modified_time\" content=\"2023-08-02T06:49:53+00:00\" \/>\n<meta property=\"og:image\" content=\"https:\/\/www.smedemokrati.sk\/wp-content\/uploads\/2023\/03\/KH_web.jpeg\" \/>\n\t<meta property=\"og:image:width\" content=\"1520\" \/>\n\t<meta property=\"og:image:height\" content=\"1080\" \/>\n\t<meta property=\"og:image:type\" content=\"image\/jpeg\" \/>\n<meta name=\"author\" content=\"Tom\u00e1\u0161 Koppl\" \/>\n<meta name=\"twitter:card\" content=\"summary_large_image\" \/>\n<meta name=\"twitter:label1\" content=\"Szerz\u0151:\" \/>\n\t<meta name=\"twitter:data1\" content=\"Tom\u00e1\u0161 Koppl\" \/>\n\t<meta name=\"twitter:label2\" content=\"Becs\u00fclt olvas\u00e1si id\u0151\" \/>\n\t<meta name=\"twitter:data2\" content=\"2 perc\" \/>\n<script type=\"application\/ld+json\" class=\"yoast-schema-graph\">{\"@context\":\"https:\/\/schema.org\",\"@graph\":[{\"@type\":\"Article\",\"@id\":\"https:\/\/www.smedemokrati.sk\/ceny-plynu-sa-maju-v-roku-2024-zdvojnasobit-demokrati-navrhuju-riesenie\/#article\",\"isPartOf\":{\"@id\":\"https:\/\/www.smedemokrati.sk\/ceny-plynu-sa-maju-v-roku-2024-zdvojnasobit-demokrati-navrhuju-riesenie\/\"},\"author\":{\"name\":\"Tom\u00e1\u0161 Koppl\",\"@id\":\"https:\/\/www.smedemokrati.sk\/#\/schema\/person\/c60720f4b9955b3c1ed222ebd1fbbc7c\"},\"headline\":\"Ceny plynu sa maj\u00fa v roku 2024 zdvojn\u00e1sobi\u0165. Demokrati navrhuj\u00fa rie\u0161enie\",\"datePublished\":\"2023-08-01T08:58:29+00:00\",\"dateModified\":\"2023-08-02T06:49:53+00:00\",\"mainEntityOfPage\":{\"@id\":\"https:\/\/www.smedemokrati.sk\/ceny-plynu-sa-maju-v-roku-2024-zdvojnasobit-demokrati-navrhuju-riesenie\/\"},\"wordCount\":369,\"publisher\":{\"@id\":\"https:\/\/www.smedemokrati.sk\/#organization\"},\"image\":{\"@id\":\"https:\/\/www.smedemokrati.sk\/ceny-plynu-sa-maju-v-roku-2024-zdvojnasobit-demokrati-navrhuju-riesenie\/#primaryimage\"},\"thumbnailUrl\":\"https:\/\/www.smedemokrati.sk\/wp-content\/uploads\/2023\/03\/KH_web.jpeg\",\"articleSection\":[\"Tla\u010dov\u00e9 spr\u00e1vy\"],\"inLanguage\":\"hu-HU\"},{\"@type\":\"WebPage\",\"@id\":\"https:\/\/www.smedemokrati.sk\/ceny-plynu-sa-maju-v-roku-2024-zdvojnasobit-demokrati-navrhuju-riesenie\/\",\"url\":\"https:\/\/www.smedemokrati.sk\/ceny-plynu-sa-maju-v-roku-2024-zdvojnasobit-demokrati-navrhuju-riesenie\/\",\"name\":\"Ceny plynu sa maj\u00fa v roku 2024 zdvojn\u00e1sobi\u0165. Demokrati navrhuj\u00fa rie\u0161enie - Smedemokrati.sk\",\"isPartOf\":{\"@id\":\"https:\/\/www.smedemokrati.sk\/#website\"},\"primaryImageOfPage\":{\"@id\":\"https:\/\/www.smedemokrati.sk\/ceny-plynu-sa-maju-v-roku-2024-zdvojnasobit-demokrati-navrhuju-riesenie\/#primaryimage\"},\"image\":{\"@id\":\"https:\/\/www.smedemokrati.sk\/ceny-plynu-sa-maju-v-roku-2024-zdvojnasobit-demokrati-navrhuju-riesenie\/#primaryimage\"},\"thumbnailUrl\":\"https:\/\/www.smedemokrati.sk\/wp-content\/uploads\/2023\/03\/KH_web.jpeg\",\"datePublished\":\"2023-08-01T08:58:29+00:00\",\"dateModified\":\"2023-08-02T06:49:53+00:00\",\"breadcrumb\":{\"@id\":\"https:\/\/www.smedemokrati.sk\/ceny-plynu-sa-maju-v-roku-2024-zdvojnasobit-demokrati-navrhuju-riesenie\/#breadcrumb\"},\"inLanguage\":\"hu-HU\",\"potentialAction\":[{\"@type\":\"ReadAction\",\"target\":[\"https:\/\/www.smedemokrati.sk\/ceny-plynu-sa-maju-v-roku-2024-zdvojnasobit-demokrati-navrhuju-riesenie\/\"]}]},{\"@type\":\"ImageObject\",\"inLanguage\":\"hu-HU\",\"@id\":\"https:\/\/www.smedemokrati.sk\/ceny-plynu-sa-maju-v-roku-2024-zdvojnasobit-demokrati-navrhuju-riesenie\/#primaryimage\",\"url\":\"https:\/\/www.smedemokrati.sk\/wp-content\/uploads\/2023\/03\/KH_web.jpeg\",\"contentUrl\":\"https:\/\/www.smedemokrati.sk\/wp-content\/uploads\/2023\/03\/KH_web.jpeg\",\"width\":1520,\"height\":1080},{\"@type\":\"BreadcrumbList\",\"@id\":\"https:\/\/www.smedemokrati.sk\/ceny-plynu-sa-maju-v-roku-2024-zdvojnasobit-demokrati-navrhuju-riesenie\/#breadcrumb\",\"itemListElement\":[{\"@type\":\"ListItem\",\"position\":1,\"name\":\"Domovsk\u00e1 str\u00e1nka\",\"item\":\"https:\/\/www.smedemokrati.sk\/\"},{\"@type\":\"ListItem\",\"position\":2,\"name\":\"Ceny plynu sa maj\u00fa v roku 2024 zdvojn\u00e1sobi\u0165. Demokrati navrhuj\u00fa rie\u0161enie\"}]},{\"@type\":\"WebSite\",\"@id\":\"https:\/\/www.smedemokrati.sk\/#website\",\"url\":\"https:\/\/www.smedemokrati.sk\/\",\"name\":\"Smedemokrati.sk\",\"description\":\"Demokracia a slu\u0161nos\u0165 zv\u00ed\u0165az\u00ed\",\"publisher\":{\"@id\":\"https:\/\/www.smedemokrati.sk\/#organization\"},\"potentialAction\":[{\"@type\":\"SearchAction\",\"target\":{\"@type\":\"EntryPoint\",\"urlTemplate\":\"https:\/\/www.smedemokrati.sk\/?s={search_term_string}\"},\"query-input\":{\"@type\":\"PropertyValueSpecification\",\"valueRequired\":true,\"valueName\":\"search_term_string\"}}],\"inLanguage\":\"hu-HU\"},{\"@type\":\"Organization\",\"@id\":\"https:\/\/www.smedemokrati.sk\/#organization\",\"name\":\"Smedemokrati.sk\",\"url\":\"https:\/\/www.smedemokrati.sk\/\",\"logo\":{\"@type\":\"ImageObject\",\"inLanguage\":\"hu-HU\",\"@id\":\"https:\/\/www.smedemokrati.sk\/#\/schema\/logo\/image\/\",\"url\":\"https:\/\/www.smedemokrati.sk\/wp-content\/uploads\/2023\/04\/ff.002.jpeg\",\"contentUrl\":\"https:\/\/www.smedemokrati.sk\/wp-content\/uploads\/2023\/04\/ff.002.jpeg\",\"width\":640,\"height\":480,\"caption\":\"Smedemokrati.sk\"},\"image\":{\"@id\":\"https:\/\/www.smedemokrati.sk\/#\/schema\/logo\/image\/\"},\"sameAs\":[\"https:\/\/www.facebook.com\/smedemokrati2023\"]},{\"@type\":\"Person\",\"@id\":\"https:\/\/www.smedemokrati.sk\/#\/schema\/person\/c60720f4b9955b3c1ed222ebd1fbbc7c\",\"name\":\"Tom\u00e1\u0161 Koppl\",\"image\":{\"@type\":\"ImageObject\",\"inLanguage\":\"hu-HU\",\"@id\":\"https:\/\/secure.gravatar.com\/avatar\/8dfa38373c5e39821baf74c8e867a6f12e12c6dab6559aa999d10703b0b1c4ce?s=96&d=mm&r=g\",\"url\":\"https:\/\/secure.gravatar.com\/avatar\/8dfa38373c5e39821baf74c8e867a6f12e12c6dab6559aa999d10703b0b1c4ce?s=96&d=mm&r=g\",\"contentUrl\":\"https:\/\/secure.gravatar.com\/avatar\/8dfa38373c5e39821baf74c8e867a6f12e12c6dab6559aa999d10703b0b1c4ce?s=96&d=mm&r=g\",\"caption\":\"Tom\u00e1\u0161 Koppl\"},\"url\":\"https:\/\/www.smedemokrati.sk\/hu\/author\/tomaskoppl\/\"}]}<\/script>\n<!-- \/ Yoast SEO plugin. -->","yoast_head_json":{"title":"Ceny plynu sa maj\u00fa v roku 2024 zdvojn\u00e1sobi\u0165. Demokrati navrhuj\u00fa rie\u0161enie - Smedemokrati.sk","robots":{"index":"index","follow":"follow","max-snippet":"max-snippet:-1","max-image-preview":"max-image-preview:large","max-video-preview":"max-video-preview:-1"},"canonical":"https:\/\/www.smedemokrati.sk\/hu\/ceny-plynu-sa-maju-v-roku-2024-zdvojnasobit-demokrati-navrhuju-riesenie\/","og_locale":"hu_HU","og_type":"article","og_title":"Ceny plynu sa maj\u00fa v roku 2024 zdvojn\u00e1sobi\u0165. Demokrati navrhuj\u00fa rie\u0161enie - Smedemokrati.sk","og_description":"Ceny plynu sa pod\u013ea \u00daradu pre regul\u00e1ciu sie\u0165ov\u00fdch odvetv\u00ed (\u00daRSO) maj\u00fa v roku 2024 zv\u00fd\u0161i\u0165 o 110%. Exminister hospod\u00e1rstva a \u010dlen vedenia strany Demokrati Karel Hirman pripomenul, \u017ee ceny energi\u00ed v tomto roku s\u00fa v\u00fdrazne ni\u017e\u0161ie pr\u00e1ve v\u010faka opatreniam vl\u00e1dy Eduarda Hegera. Hirman avizuje \u010fal\u0161ie opatrenia z dielne Demokratov, ktor\u00e9 zabezpe\u010dia, \u017ee ceny nebud\u00fa drasticky [&hellip;]","og_url":"https:\/\/www.smedemokrati.sk\/hu\/ceny-plynu-sa-maju-v-roku-2024-zdvojnasobit-demokrati-navrhuju-riesenie\/","og_site_name":"Smedemokrati.sk","article_publisher":"https:\/\/www.facebook.com\/smedemokrati2023","article_published_time":"2023-08-01T08:58:29+00:00","article_modified_time":"2023-08-02T06:49:53+00:00","og_image":[{"width":1520,"height":1080,"url":"https:\/\/www.smedemokrati.sk\/wp-content\/uploads\/2023\/03\/KH_web.jpeg","type":"image\/jpeg"}],"author":"Tom\u00e1\u0161 Koppl","twitter_card":"summary_large_image","twitter_misc":{"Szerz\u0151:":"Tom\u00e1\u0161 Koppl","Becs\u00fclt olvas\u00e1si id\u0151":"2 perc"},"schema":{"@context":"https:\/\/schema.org","@graph":[{"@type":"Article","@id":"https:\/\/www.smedemokrati.sk\/ceny-plynu-sa-maju-v-roku-2024-zdvojnasobit-demokrati-navrhuju-riesenie\/#article","isPartOf":{"@id":"https:\/\/www.smedemokrati.sk\/ceny-plynu-sa-maju-v-roku-2024-zdvojnasobit-demokrati-navrhuju-riesenie\/"},"author":{"name":"Tom\u00e1\u0161 Koppl","@id":"https:\/\/www.smedemokrati.sk\/#\/schema\/person\/c60720f4b9955b3c1ed222ebd1fbbc7c"},"headline":"Ceny plynu sa maj\u00fa v roku 2024 zdvojn\u00e1sobi\u0165. Demokrati navrhuj\u00fa rie\u0161enie","datePublished":"2023-08-01T08:58:29+00:00","dateModified":"2023-08-02T06:49:53+00:00","mainEntityOfPage":{"@id":"https:\/\/www.smedemokrati.sk\/ceny-plynu-sa-maju-v-roku-2024-zdvojnasobit-demokrati-navrhuju-riesenie\/"},"wordCount":369,"publisher":{"@id":"https:\/\/www.smedemokrati.sk\/#organization"},"image":{"@id":"https:\/\/www.smedemokrati.sk\/ceny-plynu-sa-maju-v-roku-2024-zdvojnasobit-demokrati-navrhuju-riesenie\/#primaryimage"},"thumbnailUrl":"https:\/\/www.smedemokrati.sk\/wp-content\/uploads\/2023\/03\/KH_web.jpeg","articleSection":["Tla\u010dov\u00e9 spr\u00e1vy"],"inLanguage":"hu-HU"},{"@type":"WebPage","@id":"https:\/\/www.smedemokrati.sk\/ceny-plynu-sa-maju-v-roku-2024-zdvojnasobit-demokrati-navrhuju-riesenie\/","url":"https:\/\/www.smedemokrati.sk\/ceny-plynu-sa-maju-v-roku-2024-zdvojnasobit-demokrati-navrhuju-riesenie\/","name":"Ceny plynu sa maj\u00fa v roku 2024 zdvojn\u00e1sobi\u0165. Demokrati navrhuj\u00fa rie\u0161enie - Smedemokrati.sk","isPartOf":{"@id":"https:\/\/www.smedemokrati.sk\/#website"},"primaryImageOfPage":{"@id":"https:\/\/www.smedemokrati.sk\/ceny-plynu-sa-maju-v-roku-2024-zdvojnasobit-demokrati-navrhuju-riesenie\/#primaryimage"},"image":{"@id":"https:\/\/www.smedemokrati.sk\/ceny-plynu-sa-maju-v-roku-2024-zdvojnasobit-demokrati-navrhuju-riesenie\/#primaryimage"},"thumbnailUrl":"https:\/\/www.smedemokrati.sk\/wp-content\/uploads\/2023\/03\/KH_web.jpeg","datePublished":"2023-08-01T08:58:29+00:00","dateModified":"2023-08-02T06:49:53+00:00","breadcrumb":{"@id":"https:\/\/www.smedemokrati.sk\/ceny-plynu-sa-maju-v-roku-2024-zdvojnasobit-demokrati-navrhuju-riesenie\/#breadcrumb"},"inLanguage":"hu-HU","potentialAction":[{"@type":"ReadAction","target":["https:\/\/www.smedemokrati.sk\/ceny-plynu-sa-maju-v-roku-2024-zdvojnasobit-demokrati-navrhuju-riesenie\/"]}]},{"@type":"ImageObject","inLanguage":"hu-HU","@id":"https:\/\/www.smedemokrati.sk\/ceny-plynu-sa-maju-v-roku-2024-zdvojnasobit-demokrati-navrhuju-riesenie\/#primaryimage","url":"https:\/\/www.smedemokrati.sk\/wp-content\/uploads\/2023\/03\/KH_web.jpeg","contentUrl":"https:\/\/www.smedemokrati.sk\/wp-content\/uploads\/2023\/03\/KH_web.jpeg","width":1520,"height":1080},{"@type":"BreadcrumbList","@id":"https:\/\/www.smedemokrati.sk\/ceny-plynu-sa-maju-v-roku-2024-zdvojnasobit-demokrati-navrhuju-riesenie\/#breadcrumb","itemListElement":[{"@type":"ListItem","position":1,"name":"Domovsk\u00e1 str\u00e1nka","item":"https:\/\/www.smedemokrati.sk\/"},{"@type":"ListItem","position":2,"name":"Ceny plynu sa maj\u00fa v roku 2024 zdvojn\u00e1sobi\u0165. Demokrati navrhuj\u00fa rie\u0161enie"}]},{"@type":"WebSite","@id":"https:\/\/www.smedemokrati.sk\/#website","url":"https:\/\/www.smedemokrati.sk\/","name":"Smedemokrati.sk","description":"Demokracia a slu\u0161nos\u0165 zv\u00ed\u0165az\u00ed","publisher":{"@id":"https:\/\/www.smedemokrati.sk\/#organization"},"potentialAction":[{"@type":"SearchAction","target":{"@type":"EntryPoint","urlTemplate":"https:\/\/www.smedemokrati.sk\/?s={search_term_string}"},"query-input":{"@type":"PropertyValueSpecification","valueRequired":true,"valueName":"search_term_string"}}],"inLanguage":"hu-HU"},{"@type":"Organization","@id":"https:\/\/www.smedemokrati.sk\/#organization","name":"Smedemokrati.sk","url":"https:\/\/www.smedemokrati.sk\/","logo":{"@type":"ImageObject","inLanguage":"hu-HU","@id":"https:\/\/www.smedemokrati.sk\/#\/schema\/logo\/image\/","url":"https:\/\/www.smedemokrati.sk\/wp-content\/uploads\/2023\/04\/ff.002.jpeg","contentUrl":"https:\/\/www.smedemokrati.sk\/wp-content\/uploads\/2023\/04\/ff.002.jpeg","width":640,"height":480,"caption":"Smedemokrati.sk"},"image":{"@id":"https:\/\/www.smedemokrati.sk\/#\/schema\/logo\/image\/"},"sameAs":["https:\/\/www.facebook.com\/smedemokrati2023"]},{"@type":"Person","@id":"https:\/\/www.smedemokrati.sk\/#\/schema\/person\/c60720f4b9955b3c1ed222ebd1fbbc7c","name":"Tom\u00e1\u0161 Koppl","image":{"@type":"ImageObject","inLanguage":"hu-HU","@id":"https:\/\/secure.gravatar.com\/avatar\/8dfa38373c5e39821baf74c8e867a6f12e12c6dab6559aa999d10703b0b1c4ce?s=96&d=mm&r=g","url":"https:\/\/secure.gravatar.com\/avatar\/8dfa38373c5e39821baf74c8e867a6f12e12c6dab6559aa999d10703b0b1c4ce?s=96&d=mm&r=g","contentUrl":"https:\/\/secure.gravatar.com\/avatar\/8dfa38373c5e39821baf74c8e867a6f12e12c6dab6559aa999d10703b0b1c4ce?s=96&d=mm&r=g","caption":"Tom\u00e1\u0161 Koppl"},"url":"https:\/\/www.smedemokrati.sk\/hu\/author\/tomaskoppl\/"}]}},"_links":{"self":[{"href":"https:\/\/www.smedemokrati.sk\/hu\/wp-json\/wp\/v2\/posts\/1610","targetHints":{"allow":["GET"]}}],"collection":[{"href":"https:\/\/www.smedemokrati.sk\/hu\/wp-json\/wp\/v2\/posts"}],"about":[{"href":"https:\/\/www.smedemokrati.sk\/hu\/wp-json\/wp\/v2\/types\/post"}],"author":[{"embeddable":true,"href":"https:\/\/www.smedemokrati.sk\/hu\/wp-json\/wp\/v2\/users\/7"}],"replies":[{"embeddable":true,"href":"https:\/\/www.smedemokrati.sk\/hu\/wp-json\/wp\/v2\/comments?post=1610"}],"version-history":[{"count":2,"href":"https:\/\/www.smedemokrati.sk\/hu\/wp-json\/wp\/v2\/posts\/1610\/revisions"}],"predecessor-version":[{"id":1619,"href":"https:\/\/www.smedemokrati.sk\/hu\/wp-json\/wp\/v2\/posts\/1610\/revisions\/1619"}],"wp:featuredmedia":[{"embeddable":true,"href":"https:\/\/www.smedemokrati.sk\/hu\/wp-json\/wp\/v2\/media\/394"}],"wp:attachment":[{"href":"https:\/\/www.smedemokrati.sk\/hu\/wp-json\/wp\/v2\/media?parent=1610"}],"wp:term":[{"taxonomy":"category","embeddable":true,"href":"https:\/\/www.smedemokrati.sk\/hu\/wp-json\/wp\/v2\/categories?post=1610"},{"taxonomy":"post_tag","embeddable":true,"href":"https:\/\/www.smedemokrati.sk\/hu\/wp-json\/wp\/v2\/tags?post=1610"}],"curies":[{"name":"wp","href":"https:\/\/api.w.org\/{rel}","templated":true}]}}