{"id":1582,"date":"2023-07-26T11:40:44","date_gmt":"2023-07-26T09:40:44","guid":{"rendered":"https:\/\/www.smedemokrati.sk\/?p=1582"},"modified":"2023-07-26T11:40:45","modified_gmt":"2023-07-26T09:40:45","slug":"nie-je-cas-na-hadky-podme-riesit-pediatrov-chripkove-obdobie-sa-blizi","status":"publish","type":"post","link":"https:\/\/www.smedemokrati.sk\/hu\/nie-je-cas-na-hadky-podme-riesit-pediatrov-chripkove-obdobie-sa-blizi\/","title":{"rendered":"Nie je \u010das na h\u00e1dky, po\u010fme rie\u0161i\u0165 pediatrov. Chr\u00edpkov\u00e9 obdobie sa bl\u00ed\u017ei"},"content":{"rendered":"<div id=\"fb-root\"><\/div>\n\n<p><strong>\u201eSlovensku v najbli\u017e\u0161\u00edch t\u00fd\u017ed\u0148och hroz\u00ed kr\u00edza nedostatku detsk\u00fdch lek\u00e1rov. O p\u00e1r t\u00fd\u017ed\u0148ov deti nast\u00fapia do \u0161k\u00f4l, \u010do ur\u00fdchli prenos chor\u00f4b a n\u00e1stup chr\u00edpkovej vlny. Desiatky tis\u00edc det\u00ed bud\u00fa potrebova\u0165 svojho pediatra a potrebuj\u00fa ho n\u00e1js\u0165 v ordin\u00e1cii.\u00a0Dnes vid\u00edm, \u017ee odbor\u00e1ri h\u00e1d\u017eu polen\u00e1 pod nohy vl\u00e1de a vyvol\u00e1vaj\u00fa konflikty. To, \u010do teraz naozaj potrebujeme je ur\u00fdchlene schv\u00e1li\u0165 novelu z\u00e1kona v parlamente, aby sme tejto kr\u00edze predi\u0161li. Opakujem, Demokrati s\u00fa pripraven\u00ed doda\u0165 15 hlasov na zvolanie mimoriadnej sch\u00f4dze, aby sme t\u00fato hrozbu odvr\u00e1tili. Presta\u0148me rie\u0161i\u0165 vz\u00e1jomn\u00e9 boje a po\u010fme na tom pracova\u0165,\u201c<\/strong>\u00a0povedala volebn\u00e1 l\u00edderka Demokratov a prim\u00e1rka Andrea Letanovsk\u00e1.<\/p>\n","protected":false},"excerpt":{"rendered":"<p>\u201eSlovensku v najbli\u017e\u0161\u00edch t\u00fd\u017ed\u0148och hroz\u00ed kr\u00edza nedostatku detsk\u00fdch lek\u00e1rov. O p\u00e1r t\u00fd\u017ed\u0148ov deti nast\u00fapia do \u0161k\u00f4l, \u010do ur\u00fdchli prenos chor\u00f4b a n\u00e1stup chr\u00edpkovej vlny. Desiatky tis\u00edc det\u00ed bud\u00fa potrebova\u0165 svojho pediatra a potrebuj\u00fa ho n\u00e1js\u0165 v ordin\u00e1cii.\u00a0Dnes vid\u00edm, \u017ee odbor\u00e1ri h\u00e1d\u017eu polen\u00e1 pod nohy vl\u00e1de a vyvol\u00e1vaj\u00fa konflikty. To, \u010do teraz naozaj potrebujeme je ur\u00fdchlene [&hellip;]<\/p>\n","protected":false},"author":7,"featured_media":1262,"comment_status":"closed","ping_status":"closed","sticky":false,"template":"","format":"standard","meta":{"_acf_changed":false,"ngg_post_thumbnail":0,"footnotes":""},"categories":[4],"tags":[],"class_list":["post-1582","post","type-post","status-publish","format-standard","has-post-thumbnail","hentry","category-tlacove-spravy"],"acf":[],"yoast_head":"<!-- This site is optimized with the Yoast SEO plugin v27.2 - https:\/\/yoast.com\/product\/yoast-seo-wordpress\/ -->\n<title>Nie je \u010das na h\u00e1dky, po\u010fme rie\u0161i\u0165 pediatrov. Chr\u00edpkov\u00e9 obdobie sa bl\u00ed\u017ei - Smedemokrati.sk<\/title>\n<meta name=\"robots\" content=\"index, follow, max-snippet:-1, max-image-preview:large, max-video-preview:-1\" \/>\n<link rel=\"canonical\" href=\"https:\/\/www.smedemokrati.sk\/hu\/nie-je-cas-na-hadky-podme-riesit-pediatrov-chripkove-obdobie-sa-blizi\/\" \/>\n<meta property=\"og:locale\" content=\"hu_HU\" \/>\n<meta property=\"og:locale:alternate\" content=\"en_US\" \/>\n<meta property=\"og:locale:alternate\" content=\"cs_CZ\" \/>\n<meta property=\"og:locale:alternate\" content=\"sk_SK\" \/>\n<meta property=\"og:locale:alternate\" content=\"sv_SE\" \/>\n<meta property=\"og:type\" content=\"article\" \/>\n<meta property=\"og:title\" content=\"Nie je \u010das na h\u00e1dky, po\u010fme rie\u0161i\u0165 pediatrov. Chr\u00edpkov\u00e9 obdobie sa bl\u00ed\u017ei - Smedemokrati.sk\" \/>\n<meta property=\"og:description\" content=\"\u201eSlovensku v najbli\u017e\u0161\u00edch t\u00fd\u017ed\u0148och hroz\u00ed kr\u00edza nedostatku detsk\u00fdch lek\u00e1rov. O p\u00e1r t\u00fd\u017ed\u0148ov deti nast\u00fapia do \u0161k\u00f4l, \u010do ur\u00fdchli prenos chor\u00f4b a n\u00e1stup chr\u00edpkovej vlny. Desiatky tis\u00edc det\u00ed bud\u00fa potrebova\u0165 svojho pediatra a potrebuj\u00fa ho n\u00e1js\u0165 v ordin\u00e1cii.\u00a0Dnes vid\u00edm, \u017ee odbor\u00e1ri h\u00e1d\u017eu polen\u00e1 pod nohy vl\u00e1de a vyvol\u00e1vaj\u00fa konflikty. To, \u010do teraz naozaj potrebujeme je ur\u00fdchlene [&hellip;]\" \/>\n<meta property=\"og:url\" content=\"https:\/\/www.smedemokrati.sk\/hu\/nie-je-cas-na-hadky-podme-riesit-pediatrov-chripkove-obdobie-sa-blizi\/\" \/>\n<meta property=\"og:site_name\" content=\"Smedemokrati.sk\" \/>\n<meta property=\"article:publisher\" content=\"https:\/\/www.facebook.com\/smedemokrati2023\" \/>\n<meta property=\"article:published_time\" content=\"2023-07-26T09:40:44+00:00\" \/>\n<meta property=\"article:modified_time\" content=\"2023-07-26T09:40:45+00:00\" \/>\n<meta property=\"og:image\" content=\"https:\/\/www.smedemokrati.sk\/wp-content\/uploads\/2023\/06\/1-scaled.jpg\" \/>\n\t<meta property=\"og:image:width\" content=\"2560\" \/>\n\t<meta property=\"og:image:height\" content=\"1707\" \/>\n\t<meta property=\"og:image:type\" content=\"image\/jpeg\" \/>\n<meta name=\"author\" content=\"Tom\u00e1\u0161 Koppl\" \/>\n<meta name=\"twitter:card\" content=\"summary_large_image\" \/>\n<meta name=\"twitter:label1\" content=\"Szerz\u0151:\" \/>\n\t<meta name=\"twitter:data1\" content=\"Tom\u00e1\u0161 Koppl\" \/>\n\t<meta name=\"twitter:label2\" content=\"Becs\u00fclt olvas\u00e1si id\u0151\" \/>\n\t<meta name=\"twitter:data2\" content=\"1 perc\" \/>\n<script type=\"application\/ld+json\" class=\"yoast-schema-graph\">{\"@context\":\"https:\/\/schema.org\",\"@graph\":[{\"@type\":\"Article\",\"@id\":\"https:\/\/www.smedemokrati.sk\/nie-je-cas-na-hadky-podme-riesit-pediatrov-chripkove-obdobie-sa-blizi\/#article\",\"isPartOf\":{\"@id\":\"https:\/\/www.smedemokrati.sk\/nie-je-cas-na-hadky-podme-riesit-pediatrov-chripkove-obdobie-sa-blizi\/\"},\"author\":{\"name\":\"Tom\u00e1\u0161 Koppl\",\"@id\":\"https:\/\/www.smedemokrati.sk\/#\/schema\/person\/c60720f4b9955b3c1ed222ebd1fbbc7c\"},\"headline\":\"Nie je \u010das na h\u00e1dky, po\u010fme rie\u0161i\u0165 pediatrov. Chr\u00edpkov\u00e9 obdobie sa bl\u00ed\u017ei\",\"datePublished\":\"2023-07-26T09:40:44+00:00\",\"dateModified\":\"2023-07-26T09:40:45+00:00\",\"mainEntityOfPage\":{\"@id\":\"https:\/\/www.smedemokrati.sk\/nie-je-cas-na-hadky-podme-riesit-pediatrov-chripkove-obdobie-sa-blizi\/\"},\"wordCount\":153,\"publisher\":{\"@id\":\"https:\/\/www.smedemokrati.sk\/#organization\"},\"image\":{\"@id\":\"https:\/\/www.smedemokrati.sk\/nie-je-cas-na-hadky-podme-riesit-pediatrov-chripkove-obdobie-sa-blizi\/#primaryimage\"},\"thumbnailUrl\":\"https:\/\/www.smedemokrati.sk\/wp-content\/uploads\/2023\/06\/1-scaled.jpg\",\"articleSection\":[\"Tla\u010dov\u00e9 spr\u00e1vy\"],\"inLanguage\":\"hu-HU\"},{\"@type\":\"WebPage\",\"@id\":\"https:\/\/www.smedemokrati.sk\/nie-je-cas-na-hadky-podme-riesit-pediatrov-chripkove-obdobie-sa-blizi\/\",\"url\":\"https:\/\/www.smedemokrati.sk\/nie-je-cas-na-hadky-podme-riesit-pediatrov-chripkove-obdobie-sa-blizi\/\",\"name\":\"Nie je \u010das na h\u00e1dky, po\u010fme rie\u0161i\u0165 pediatrov. Chr\u00edpkov\u00e9 obdobie sa bl\u00ed\u017ei - Smedemokrati.sk\",\"isPartOf\":{\"@id\":\"https:\/\/www.smedemokrati.sk\/#website\"},\"primaryImageOfPage\":{\"@id\":\"https:\/\/www.smedemokrati.sk\/nie-je-cas-na-hadky-podme-riesit-pediatrov-chripkove-obdobie-sa-blizi\/#primaryimage\"},\"image\":{\"@id\":\"https:\/\/www.smedemokrati.sk\/nie-je-cas-na-hadky-podme-riesit-pediatrov-chripkove-obdobie-sa-blizi\/#primaryimage\"},\"thumbnailUrl\":\"https:\/\/www.smedemokrati.sk\/wp-content\/uploads\/2023\/06\/1-scaled.jpg\",\"datePublished\":\"2023-07-26T09:40:44+00:00\",\"dateModified\":\"2023-07-26T09:40:45+00:00\",\"breadcrumb\":{\"@id\":\"https:\/\/www.smedemokrati.sk\/nie-je-cas-na-hadky-podme-riesit-pediatrov-chripkove-obdobie-sa-blizi\/#breadcrumb\"},\"inLanguage\":\"hu-HU\",\"potentialAction\":[{\"@type\":\"ReadAction\",\"target\":[\"https:\/\/www.smedemokrati.sk\/nie-je-cas-na-hadky-podme-riesit-pediatrov-chripkove-obdobie-sa-blizi\/\"]}]},{\"@type\":\"ImageObject\",\"inLanguage\":\"hu-HU\",\"@id\":\"https:\/\/www.smedemokrati.sk\/nie-je-cas-na-hadky-podme-riesit-pediatrov-chripkove-obdobie-sa-blizi\/#primaryimage\",\"url\":\"https:\/\/www.smedemokrati.sk\/wp-content\/uploads\/2023\/06\/1-scaled.jpg\",\"contentUrl\":\"https:\/\/www.smedemokrati.sk\/wp-content\/uploads\/2023\/06\/1-scaled.jpg\",\"width\":2560,\"height\":1707},{\"@type\":\"BreadcrumbList\",\"@id\":\"https:\/\/www.smedemokrati.sk\/nie-je-cas-na-hadky-podme-riesit-pediatrov-chripkove-obdobie-sa-blizi\/#breadcrumb\",\"itemListElement\":[{\"@type\":\"ListItem\",\"position\":1,\"name\":\"Domovsk\u00e1 str\u00e1nka\",\"item\":\"https:\/\/www.smedemokrati.sk\/\"},{\"@type\":\"ListItem\",\"position\":2,\"name\":\"Nie je \u010das na h\u00e1dky, po\u010fme rie\u0161i\u0165 pediatrov. Chr\u00edpkov\u00e9 obdobie sa bl\u00ed\u017ei\"}]},{\"@type\":\"WebSite\",\"@id\":\"https:\/\/www.smedemokrati.sk\/#website\",\"url\":\"https:\/\/www.smedemokrati.sk\/\",\"name\":\"Smedemokrati.sk\",\"description\":\"Demokracia a slu\u0161nos\u0165 zv\u00ed\u0165az\u00ed\",\"publisher\":{\"@id\":\"https:\/\/www.smedemokrati.sk\/#organization\"},\"potentialAction\":[{\"@type\":\"SearchAction\",\"target\":{\"@type\":\"EntryPoint\",\"urlTemplate\":\"https:\/\/www.smedemokrati.sk\/?s={search_term_string}\"},\"query-input\":{\"@type\":\"PropertyValueSpecification\",\"valueRequired\":true,\"valueName\":\"search_term_string\"}}],\"inLanguage\":\"hu-HU\"},{\"@type\":\"Organization\",\"@id\":\"https:\/\/www.smedemokrati.sk\/#organization\",\"name\":\"Smedemokrati.sk\",\"url\":\"https:\/\/www.smedemokrati.sk\/\",\"logo\":{\"@type\":\"ImageObject\",\"inLanguage\":\"hu-HU\",\"@id\":\"https:\/\/www.smedemokrati.sk\/#\/schema\/logo\/image\/\",\"url\":\"https:\/\/www.smedemokrati.sk\/wp-content\/uploads\/2023\/04\/ff.002.jpeg\",\"contentUrl\":\"https:\/\/www.smedemokrati.sk\/wp-content\/uploads\/2023\/04\/ff.002.jpeg\",\"width\":640,\"height\":480,\"caption\":\"Smedemokrati.sk\"},\"image\":{\"@id\":\"https:\/\/www.smedemokrati.sk\/#\/schema\/logo\/image\/\"},\"sameAs\":[\"https:\/\/www.facebook.com\/smedemokrati2023\"]},{\"@type\":\"Person\",\"@id\":\"https:\/\/www.smedemokrati.sk\/#\/schema\/person\/c60720f4b9955b3c1ed222ebd1fbbc7c\",\"name\":\"Tom\u00e1\u0161 Koppl\",\"image\":{\"@type\":\"ImageObject\",\"inLanguage\":\"hu-HU\",\"@id\":\"https:\/\/secure.gravatar.com\/avatar\/8dfa38373c5e39821baf74c8e867a6f12e12c6dab6559aa999d10703b0b1c4ce?s=96&d=mm&r=g\",\"url\":\"https:\/\/secure.gravatar.com\/avatar\/8dfa38373c5e39821baf74c8e867a6f12e12c6dab6559aa999d10703b0b1c4ce?s=96&d=mm&r=g\",\"contentUrl\":\"https:\/\/secure.gravatar.com\/avatar\/8dfa38373c5e39821baf74c8e867a6f12e12c6dab6559aa999d10703b0b1c4ce?s=96&d=mm&r=g\",\"caption\":\"Tom\u00e1\u0161 Koppl\"},\"url\":\"https:\/\/www.smedemokrati.sk\/hu\/author\/tomaskoppl\/\"}]}<\/script>\n<!-- \/ Yoast SEO plugin. -->","yoast_head_json":{"title":"Nie je \u010das na h\u00e1dky, po\u010fme rie\u0161i\u0165 pediatrov. Chr\u00edpkov\u00e9 obdobie sa bl\u00ed\u017ei - Smedemokrati.sk","robots":{"index":"index","follow":"follow","max-snippet":"max-snippet:-1","max-image-preview":"max-image-preview:large","max-video-preview":"max-video-preview:-1"},"canonical":"https:\/\/www.smedemokrati.sk\/hu\/nie-je-cas-na-hadky-podme-riesit-pediatrov-chripkove-obdobie-sa-blizi\/","og_locale":"hu_HU","og_type":"article","og_title":"Nie je \u010das na h\u00e1dky, po\u010fme rie\u0161i\u0165 pediatrov. Chr\u00edpkov\u00e9 obdobie sa bl\u00ed\u017ei - Smedemokrati.sk","og_description":"\u201eSlovensku v najbli\u017e\u0161\u00edch t\u00fd\u017ed\u0148och hroz\u00ed kr\u00edza nedostatku detsk\u00fdch lek\u00e1rov. O p\u00e1r t\u00fd\u017ed\u0148ov deti nast\u00fapia do \u0161k\u00f4l, \u010do ur\u00fdchli prenos chor\u00f4b a n\u00e1stup chr\u00edpkovej vlny. Desiatky tis\u00edc det\u00ed bud\u00fa potrebova\u0165 svojho pediatra a potrebuj\u00fa ho n\u00e1js\u0165 v ordin\u00e1cii.\u00a0Dnes vid\u00edm, \u017ee odbor\u00e1ri h\u00e1d\u017eu polen\u00e1 pod nohy vl\u00e1de a vyvol\u00e1vaj\u00fa konflikty. To, \u010do teraz naozaj potrebujeme je ur\u00fdchlene [&hellip;]","og_url":"https:\/\/www.smedemokrati.sk\/hu\/nie-je-cas-na-hadky-podme-riesit-pediatrov-chripkove-obdobie-sa-blizi\/","og_site_name":"Smedemokrati.sk","article_publisher":"https:\/\/www.facebook.com\/smedemokrati2023","article_published_time":"2023-07-26T09:40:44+00:00","article_modified_time":"2023-07-26T09:40:45+00:00","og_image":[{"width":2560,"height":1707,"url":"https:\/\/www.smedemokrati.sk\/wp-content\/uploads\/2023\/06\/1-scaled.jpg","type":"image\/jpeg"}],"author":"Tom\u00e1\u0161 Koppl","twitter_card":"summary_large_image","twitter_misc":{"Szerz\u0151:":"Tom\u00e1\u0161 Koppl","Becs\u00fclt olvas\u00e1si id\u0151":"1 perc"},"schema":{"@context":"https:\/\/schema.org","@graph":[{"@type":"Article","@id":"https:\/\/www.smedemokrati.sk\/nie-je-cas-na-hadky-podme-riesit-pediatrov-chripkove-obdobie-sa-blizi\/#article","isPartOf":{"@id":"https:\/\/www.smedemokrati.sk\/nie-je-cas-na-hadky-podme-riesit-pediatrov-chripkove-obdobie-sa-blizi\/"},"author":{"name":"Tom\u00e1\u0161 Koppl","@id":"https:\/\/www.smedemokrati.sk\/#\/schema\/person\/c60720f4b9955b3c1ed222ebd1fbbc7c"},"headline":"Nie je \u010das na h\u00e1dky, po\u010fme rie\u0161i\u0165 pediatrov. Chr\u00edpkov\u00e9 obdobie sa bl\u00ed\u017ei","datePublished":"2023-07-26T09:40:44+00:00","dateModified":"2023-07-26T09:40:45+00:00","mainEntityOfPage":{"@id":"https:\/\/www.smedemokrati.sk\/nie-je-cas-na-hadky-podme-riesit-pediatrov-chripkove-obdobie-sa-blizi\/"},"wordCount":153,"publisher":{"@id":"https:\/\/www.smedemokrati.sk\/#organization"},"image":{"@id":"https:\/\/www.smedemokrati.sk\/nie-je-cas-na-hadky-podme-riesit-pediatrov-chripkove-obdobie-sa-blizi\/#primaryimage"},"thumbnailUrl":"https:\/\/www.smedemokrati.sk\/wp-content\/uploads\/2023\/06\/1-scaled.jpg","articleSection":["Tla\u010dov\u00e9 spr\u00e1vy"],"inLanguage":"hu-HU"},{"@type":"WebPage","@id":"https:\/\/www.smedemokrati.sk\/nie-je-cas-na-hadky-podme-riesit-pediatrov-chripkove-obdobie-sa-blizi\/","url":"https:\/\/www.smedemokrati.sk\/nie-je-cas-na-hadky-podme-riesit-pediatrov-chripkove-obdobie-sa-blizi\/","name":"Nie je \u010das na h\u00e1dky, po\u010fme rie\u0161i\u0165 pediatrov. Chr\u00edpkov\u00e9 obdobie sa bl\u00ed\u017ei - Smedemokrati.sk","isPartOf":{"@id":"https:\/\/www.smedemokrati.sk\/#website"},"primaryImageOfPage":{"@id":"https:\/\/www.smedemokrati.sk\/nie-je-cas-na-hadky-podme-riesit-pediatrov-chripkove-obdobie-sa-blizi\/#primaryimage"},"image":{"@id":"https:\/\/www.smedemokrati.sk\/nie-je-cas-na-hadky-podme-riesit-pediatrov-chripkove-obdobie-sa-blizi\/#primaryimage"},"thumbnailUrl":"https:\/\/www.smedemokrati.sk\/wp-content\/uploads\/2023\/06\/1-scaled.jpg","datePublished":"2023-07-26T09:40:44+00:00","dateModified":"2023-07-26T09:40:45+00:00","breadcrumb":{"@id":"https:\/\/www.smedemokrati.sk\/nie-je-cas-na-hadky-podme-riesit-pediatrov-chripkove-obdobie-sa-blizi\/#breadcrumb"},"inLanguage":"hu-HU","potentialAction":[{"@type":"ReadAction","target":["https:\/\/www.smedemokrati.sk\/nie-je-cas-na-hadky-podme-riesit-pediatrov-chripkove-obdobie-sa-blizi\/"]}]},{"@type":"ImageObject","inLanguage":"hu-HU","@id":"https:\/\/www.smedemokrati.sk\/nie-je-cas-na-hadky-podme-riesit-pediatrov-chripkove-obdobie-sa-blizi\/#primaryimage","url":"https:\/\/www.smedemokrati.sk\/wp-content\/uploads\/2023\/06\/1-scaled.jpg","contentUrl":"https:\/\/www.smedemokrati.sk\/wp-content\/uploads\/2023\/06\/1-scaled.jpg","width":2560,"height":1707},{"@type":"BreadcrumbList","@id":"https:\/\/www.smedemokrati.sk\/nie-je-cas-na-hadky-podme-riesit-pediatrov-chripkove-obdobie-sa-blizi\/#breadcrumb","itemListElement":[{"@type":"ListItem","position":1,"name":"Domovsk\u00e1 str\u00e1nka","item":"https:\/\/www.smedemokrati.sk\/"},{"@type":"ListItem","position":2,"name":"Nie je \u010das na h\u00e1dky, po\u010fme rie\u0161i\u0165 pediatrov. Chr\u00edpkov\u00e9 obdobie sa bl\u00ed\u017ei"}]},{"@type":"WebSite","@id":"https:\/\/www.smedemokrati.sk\/#website","url":"https:\/\/www.smedemokrati.sk\/","name":"Smedemokrati.sk","description":"Demokracia a slu\u0161nos\u0165 zv\u00ed\u0165az\u00ed","publisher":{"@id":"https:\/\/www.smedemokrati.sk\/#organization"},"potentialAction":[{"@type":"SearchAction","target":{"@type":"EntryPoint","urlTemplate":"https:\/\/www.smedemokrati.sk\/?s={search_term_string}"},"query-input":{"@type":"PropertyValueSpecification","valueRequired":true,"valueName":"search_term_string"}}],"inLanguage":"hu-HU"},{"@type":"Organization","@id":"https:\/\/www.smedemokrati.sk\/#organization","name":"Smedemokrati.sk","url":"https:\/\/www.smedemokrati.sk\/","logo":{"@type":"ImageObject","inLanguage":"hu-HU","@id":"https:\/\/www.smedemokrati.sk\/#\/schema\/logo\/image\/","url":"https:\/\/www.smedemokrati.sk\/wp-content\/uploads\/2023\/04\/ff.002.jpeg","contentUrl":"https:\/\/www.smedemokrati.sk\/wp-content\/uploads\/2023\/04\/ff.002.jpeg","width":640,"height":480,"caption":"Smedemokrati.sk"},"image":{"@id":"https:\/\/www.smedemokrati.sk\/#\/schema\/logo\/image\/"},"sameAs":["https:\/\/www.facebook.com\/smedemokrati2023"]},{"@type":"Person","@id":"https:\/\/www.smedemokrati.sk\/#\/schema\/person\/c60720f4b9955b3c1ed222ebd1fbbc7c","name":"Tom\u00e1\u0161 Koppl","image":{"@type":"ImageObject","inLanguage":"hu-HU","@id":"https:\/\/secure.gravatar.com\/avatar\/8dfa38373c5e39821baf74c8e867a6f12e12c6dab6559aa999d10703b0b1c4ce?s=96&d=mm&r=g","url":"https:\/\/secure.gravatar.com\/avatar\/8dfa38373c5e39821baf74c8e867a6f12e12c6dab6559aa999d10703b0b1c4ce?s=96&d=mm&r=g","contentUrl":"https:\/\/secure.gravatar.com\/avatar\/8dfa38373c5e39821baf74c8e867a6f12e12c6dab6559aa999d10703b0b1c4ce?s=96&d=mm&r=g","caption":"Tom\u00e1\u0161 Koppl"},"url":"https:\/\/www.smedemokrati.sk\/hu\/author\/tomaskoppl\/"}]}},"_links":{"self":[{"href":"https:\/\/www.smedemokrati.sk\/hu\/wp-json\/wp\/v2\/posts\/1582","targetHints":{"allow":["GET"]}}],"collection":[{"href":"https:\/\/www.smedemokrati.sk\/hu\/wp-json\/wp\/v2\/posts"}],"about":[{"href":"https:\/\/www.smedemokrati.sk\/hu\/wp-json\/wp\/v2\/types\/post"}],"author":[{"embeddable":true,"href":"https:\/\/www.smedemokrati.sk\/hu\/wp-json\/wp\/v2\/users\/7"}],"replies":[{"embeddable":true,"href":"https:\/\/www.smedemokrati.sk\/hu\/wp-json\/wp\/v2\/comments?post=1582"}],"version-history":[{"count":1,"href":"https:\/\/www.smedemokrati.sk\/hu\/wp-json\/wp\/v2\/posts\/1582\/revisions"}],"predecessor-version":[{"id":1583,"href":"https:\/\/www.smedemokrati.sk\/hu\/wp-json\/wp\/v2\/posts\/1582\/revisions\/1583"}],"wp:featuredmedia":[{"embeddable":true,"href":"https:\/\/www.smedemokrati.sk\/hu\/wp-json\/wp\/v2\/media\/1262"}],"wp:attachment":[{"href":"https:\/\/www.smedemokrati.sk\/hu\/wp-json\/wp\/v2\/media?parent=1582"}],"wp:term":[{"taxonomy":"category","embeddable":true,"href":"https:\/\/www.smedemokrati.sk\/hu\/wp-json\/wp\/v2\/categories?post=1582"},{"taxonomy":"post_tag","embeddable":true,"href":"https:\/\/www.smedemokrati.sk\/hu\/wp-json\/wp\/v2\/tags?post=1582"}],"curies":[{"name":"wp","href":"https:\/\/api.w.org\/{rel}","templated":true}]}}