{"id":1554,"date":"2023-07-21T14:23:05","date_gmt":"2023-07-21T12:23:05","guid":{"rendered":"https:\/\/www.smedemokrati.sk\/?p=1554"},"modified":"2023-07-21T14:23:06","modified_gmt":"2023-07-21T12:23:06","slug":"obe-mimoriadne-schodze-boli-zbytocne-je-to-kampan-smeru-sd","status":"publish","type":"post","link":"https:\/\/www.smedemokrati.sk\/hu\/obe-mimoriadne-schodze-boli-zbytocne-je-to-kampan-smeru-sd\/","title":{"rendered":"Obe mimoriadne sch\u00f4dze boli zbyto\u010dn\u00e9, je to kampa\u0148 Smeru-SD"},"content":{"rendered":"<div id=\"fb-root\"><\/div>\n\n<p><strong>Bratislava 21. j\u00fala (TASR)<\/strong> &#8211; Obe piatkov\u00e9 mimoriadne sch\u00f4dze N\u00e1rodnej rady (NR) SR k samospr\u00e1vam a pol\u00edcii boli zbyto\u010dn\u00e9, vyvol\u00e1vaj\u00fa chaos a s\u00fa kampa\u0148ou Smeru-SD. Vyhl\u00e1sil to nezaraden\u00fd poslanec a predseda mimoparlamentnej strany Demokrati Eduard Heger potom, ako sa ani jedno z rokovan\u00ed nepodarilo otvori\u0165.<\/p>\n\n\n\n<p><strong>\u201eObidve tieto sch\u00f4dze prin\u00e1\u0161aj\u00fa omnoho v\u00e4\u010d\u0161\u00ed chaos do spolo\u010dnosti,\u201c<\/strong> podotkol Heger. Smer-SD si mal pod\u013ea neho rad\u0161ej zvola\u0165 tla\u010dov\u00e9 konferencie a nemusel do svojej kampane zap\u00e1ja\u0165 poslancov parlamentu za \u0161t\u00e1tne peniaze.<\/p>\n\n\n\n<p>Heger tvrd\u00ed, \u017ee peniaze v rozpo\u010dte na dofinancovanie samospr\u00e1v s\u00fa a mali by\u0165 \u010do najsk\u00f4r vyplaten\u00e9. Mrz\u00ed ho, \u017ee premi\u00e9r \u013dudov\u00edt \u00d3dor ot\u00e1\u013ea. Skuto\u010dn\u00fd probl\u00e9m v\u0161ak vid\u00ed v nekryt\u00fdch v\u00fddavkoch, ktor\u00e9 sp\u00f4sobili populistick\u00ed poslanci n\u00e1vrhmi bez krytia v \u0161t\u00e1tnom rozpo\u010dte.<\/p>\n\n\n\n<p>\u010co sa t\u00fdka kauzy okolo policajn\u00e9ho prezidenta \u0160tefana Hamrana a exministra vn\u00fatra Ivana \u0160imka, pod\u013ea Hegera ju l\u00edder Smeru-SD Robert Fico zneu\u017e\u00edva na vlastn\u00e9 \u201eo\u010distenie\u201c. <strong>\u201eFico je l\u00edder kandid\u00e1tky trestne st\u00edhan\u00fdch \u013eud\u00ed. Rie\u0161ia hrozbu pre seba, s\u00fa obvinen\u00ed a vedia, \u017ee o nich vypovedaj\u00fa ich b\u00fdval\u00ed kolegovia a nominanti strany Smer-SD,\u201c<\/strong> podotkol s t\u00fdm, \u017ee chaos okolo kauzy Smer-SD vyu\u017e\u00edva na diskredit\u00e1ciu pol\u00edcie.<\/p>\n","protected":false},"excerpt":{"rendered":"<p>Bratislava 21. j\u00fala (TASR) &#8211; Obe piatkov\u00e9 mimoriadne sch\u00f4dze N\u00e1rodnej rady (NR) SR k samospr\u00e1vam a pol\u00edcii boli zbyto\u010dn\u00e9, vyvol\u00e1vaj\u00fa chaos a s\u00fa kampa\u0148ou Smeru-SD. Vyhl\u00e1sil to nezaraden\u00fd poslanec a predseda mimoparlamentnej strany Demokrati Eduard Heger potom, ako sa ani jedno z rokovan\u00ed nepodarilo otvori\u0165. \u201eObidve tieto sch\u00f4dze prin\u00e1\u0161aj\u00fa omnoho v\u00e4\u010d\u0161\u00ed chaos do spolo\u010dnosti,\u201c podotkol [&hellip;]<\/p>\n","protected":false},"author":7,"featured_media":1420,"comment_status":"closed","ping_status":"closed","sticky":false,"template":"","format":"standard","meta":{"_acf_changed":false,"ngg_post_thumbnail":0,"footnotes":""},"categories":[4],"tags":[],"class_list":["post-1554","post","type-post","status-publish","format-standard","has-post-thumbnail","hentry","category-tlacove-spravy"],"acf":[],"yoast_head":"<!-- This site is optimized with the Yoast SEO plugin v27.2 - https:\/\/yoast.com\/product\/yoast-seo-wordpress\/ -->\n<title>Obe mimoriadne sch\u00f4dze boli zbyto\u010dn\u00e9, je to kampa\u0148 Smeru-SD - Smedemokrati.sk<\/title>\n<meta name=\"robots\" content=\"index, follow, max-snippet:-1, max-image-preview:large, max-video-preview:-1\" \/>\n<link rel=\"canonical\" href=\"https:\/\/www.smedemokrati.sk\/hu\/obe-mimoriadne-schodze-boli-zbytocne-je-to-kampan-smeru-sd\/\" \/>\n<meta property=\"og:locale\" content=\"hu_HU\" \/>\n<meta property=\"og:locale:alternate\" content=\"en_US\" \/>\n<meta property=\"og:locale:alternate\" content=\"cs_CZ\" \/>\n<meta property=\"og:locale:alternate\" content=\"sk_SK\" \/>\n<meta property=\"og:locale:alternate\" content=\"sv_SE\" \/>\n<meta property=\"og:type\" content=\"article\" \/>\n<meta property=\"og:title\" content=\"Obe mimoriadne sch\u00f4dze boli zbyto\u010dn\u00e9, je to kampa\u0148 Smeru-SD - Smedemokrati.sk\" \/>\n<meta property=\"og:description\" content=\"Bratislava 21. j\u00fala (TASR) &#8211; Obe piatkov\u00e9 mimoriadne sch\u00f4dze N\u00e1rodnej rady (NR) SR k samospr\u00e1vam a pol\u00edcii boli zbyto\u010dn\u00e9, vyvol\u00e1vaj\u00fa chaos a s\u00fa kampa\u0148ou Smeru-SD. Vyhl\u00e1sil to nezaraden\u00fd poslanec a predseda mimoparlamentnej strany Demokrati Eduard Heger potom, ako sa ani jedno z rokovan\u00ed nepodarilo otvori\u0165. \u201eObidve tieto sch\u00f4dze prin\u00e1\u0161aj\u00fa omnoho v\u00e4\u010d\u0161\u00ed chaos do spolo\u010dnosti,\u201c podotkol [&hellip;]\" \/>\n<meta property=\"og:url\" content=\"https:\/\/www.smedemokrati.sk\/hu\/obe-mimoriadne-schodze-boli-zbytocne-je-to-kampan-smeru-sd\/\" \/>\n<meta property=\"og:site_name\" content=\"Smedemokrati.sk\" \/>\n<meta property=\"article:publisher\" content=\"https:\/\/www.facebook.com\/smedemokrati2023\" \/>\n<meta property=\"article:published_time\" content=\"2023-07-21T12:23:05+00:00\" \/>\n<meta property=\"article:modified_time\" content=\"2023-07-21T12:23:06+00:00\" \/>\n<meta property=\"og:image\" content=\"https:\/\/www.smedemokrati.sk\/wp-content\/uploads\/2023\/07\/tlac-1.jpg\" \/>\n\t<meta property=\"og:image:width\" content=\"1887\" \/>\n\t<meta property=\"og:image:height\" content=\"1080\" \/>\n\t<meta property=\"og:image:type\" content=\"image\/jpeg\" \/>\n<meta name=\"author\" content=\"Tom\u00e1\u0161 Koppl\" \/>\n<meta name=\"twitter:card\" content=\"summary_large_image\" \/>\n<meta name=\"twitter:label1\" content=\"Szerz\u0151:\" \/>\n\t<meta name=\"twitter:data1\" content=\"Tom\u00e1\u0161 Koppl\" \/>\n\t<meta name=\"twitter:label2\" content=\"Becs\u00fclt olvas\u00e1si id\u0151\" \/>\n\t<meta name=\"twitter:data2\" content=\"1 perc\" \/>\n<script type=\"application\/ld+json\" class=\"yoast-schema-graph\">{\"@context\":\"https:\/\/schema.org\",\"@graph\":[{\"@type\":\"Article\",\"@id\":\"https:\/\/www.smedemokrati.sk\/obe-mimoriadne-schodze-boli-zbytocne-je-to-kampan-smeru-sd\/#article\",\"isPartOf\":{\"@id\":\"https:\/\/www.smedemokrati.sk\/obe-mimoriadne-schodze-boli-zbytocne-je-to-kampan-smeru-sd\/\"},\"author\":{\"name\":\"Tom\u00e1\u0161 Koppl\",\"@id\":\"https:\/\/www.smedemokrati.sk\/#\/schema\/person\/c60720f4b9955b3c1ed222ebd1fbbc7c\"},\"headline\":\"Obe mimoriadne sch\u00f4dze boli zbyto\u010dn\u00e9, je to kampa\u0148 Smeru-SD\",\"datePublished\":\"2023-07-21T12:23:05+00:00\",\"dateModified\":\"2023-07-21T12:23:06+00:00\",\"mainEntityOfPage\":{\"@id\":\"https:\/\/www.smedemokrati.sk\/obe-mimoriadne-schodze-boli-zbytocne-je-to-kampan-smeru-sd\/\"},\"wordCount\":238,\"publisher\":{\"@id\":\"https:\/\/www.smedemokrati.sk\/#organization\"},\"image\":{\"@id\":\"https:\/\/www.smedemokrati.sk\/obe-mimoriadne-schodze-boli-zbytocne-je-to-kampan-smeru-sd\/#primaryimage\"},\"thumbnailUrl\":\"https:\/\/www.smedemokrati.sk\/wp-content\/uploads\/2023\/07\/tlac-1.jpg\",\"articleSection\":[\"Tla\u010dov\u00e9 spr\u00e1vy\"],\"inLanguage\":\"hu-HU\"},{\"@type\":\"WebPage\",\"@id\":\"https:\/\/www.smedemokrati.sk\/obe-mimoriadne-schodze-boli-zbytocne-je-to-kampan-smeru-sd\/\",\"url\":\"https:\/\/www.smedemokrati.sk\/obe-mimoriadne-schodze-boli-zbytocne-je-to-kampan-smeru-sd\/\",\"name\":\"Obe mimoriadne sch\u00f4dze boli zbyto\u010dn\u00e9, je to kampa\u0148 Smeru-SD - Smedemokrati.sk\",\"isPartOf\":{\"@id\":\"https:\/\/www.smedemokrati.sk\/#website\"},\"primaryImageOfPage\":{\"@id\":\"https:\/\/www.smedemokrati.sk\/obe-mimoriadne-schodze-boli-zbytocne-je-to-kampan-smeru-sd\/#primaryimage\"},\"image\":{\"@id\":\"https:\/\/www.smedemokrati.sk\/obe-mimoriadne-schodze-boli-zbytocne-je-to-kampan-smeru-sd\/#primaryimage\"},\"thumbnailUrl\":\"https:\/\/www.smedemokrati.sk\/wp-content\/uploads\/2023\/07\/tlac-1.jpg\",\"datePublished\":\"2023-07-21T12:23:05+00:00\",\"dateModified\":\"2023-07-21T12:23:06+00:00\",\"breadcrumb\":{\"@id\":\"https:\/\/www.smedemokrati.sk\/obe-mimoriadne-schodze-boli-zbytocne-je-to-kampan-smeru-sd\/#breadcrumb\"},\"inLanguage\":\"hu-HU\",\"potentialAction\":[{\"@type\":\"ReadAction\",\"target\":[\"https:\/\/www.smedemokrati.sk\/obe-mimoriadne-schodze-boli-zbytocne-je-to-kampan-smeru-sd\/\"]}]},{\"@type\":\"ImageObject\",\"inLanguage\":\"hu-HU\",\"@id\":\"https:\/\/www.smedemokrati.sk\/obe-mimoriadne-schodze-boli-zbytocne-je-to-kampan-smeru-sd\/#primaryimage\",\"url\":\"https:\/\/www.smedemokrati.sk\/wp-content\/uploads\/2023\/07\/tlac-1.jpg\",\"contentUrl\":\"https:\/\/www.smedemokrati.sk\/wp-content\/uploads\/2023\/07\/tlac-1.jpg\",\"width\":1887,\"height\":1080},{\"@type\":\"BreadcrumbList\",\"@id\":\"https:\/\/www.smedemokrati.sk\/obe-mimoriadne-schodze-boli-zbytocne-je-to-kampan-smeru-sd\/#breadcrumb\",\"itemListElement\":[{\"@type\":\"ListItem\",\"position\":1,\"name\":\"Domovsk\u00e1 str\u00e1nka\",\"item\":\"https:\/\/www.smedemokrati.sk\/\"},{\"@type\":\"ListItem\",\"position\":2,\"name\":\"Obe mimoriadne sch\u00f4dze boli zbyto\u010dn\u00e9, je to kampa\u0148 Smeru-SD\"}]},{\"@type\":\"WebSite\",\"@id\":\"https:\/\/www.smedemokrati.sk\/#website\",\"url\":\"https:\/\/www.smedemokrati.sk\/\",\"name\":\"Smedemokrati.sk\",\"description\":\"Demokracia a slu\u0161nos\u0165 zv\u00ed\u0165az\u00ed\",\"publisher\":{\"@id\":\"https:\/\/www.smedemokrati.sk\/#organization\"},\"potentialAction\":[{\"@type\":\"SearchAction\",\"target\":{\"@type\":\"EntryPoint\",\"urlTemplate\":\"https:\/\/www.smedemokrati.sk\/?s={search_term_string}\"},\"query-input\":{\"@type\":\"PropertyValueSpecification\",\"valueRequired\":true,\"valueName\":\"search_term_string\"}}],\"inLanguage\":\"hu-HU\"},{\"@type\":\"Organization\",\"@id\":\"https:\/\/www.smedemokrati.sk\/#organization\",\"name\":\"Smedemokrati.sk\",\"url\":\"https:\/\/www.smedemokrati.sk\/\",\"logo\":{\"@type\":\"ImageObject\",\"inLanguage\":\"hu-HU\",\"@id\":\"https:\/\/www.smedemokrati.sk\/#\/schema\/logo\/image\/\",\"url\":\"https:\/\/www.smedemokrati.sk\/wp-content\/uploads\/2023\/04\/ff.002.jpeg\",\"contentUrl\":\"https:\/\/www.smedemokrati.sk\/wp-content\/uploads\/2023\/04\/ff.002.jpeg\",\"width\":640,\"height\":480,\"caption\":\"Smedemokrati.sk\"},\"image\":{\"@id\":\"https:\/\/www.smedemokrati.sk\/#\/schema\/logo\/image\/\"},\"sameAs\":[\"https:\/\/www.facebook.com\/smedemokrati2023\"]},{\"@type\":\"Person\",\"@id\":\"https:\/\/www.smedemokrati.sk\/#\/schema\/person\/c60720f4b9955b3c1ed222ebd1fbbc7c\",\"name\":\"Tom\u00e1\u0161 Koppl\",\"image\":{\"@type\":\"ImageObject\",\"inLanguage\":\"hu-HU\",\"@id\":\"https:\/\/secure.gravatar.com\/avatar\/8dfa38373c5e39821baf74c8e867a6f12e12c6dab6559aa999d10703b0b1c4ce?s=96&d=mm&r=g\",\"url\":\"https:\/\/secure.gravatar.com\/avatar\/8dfa38373c5e39821baf74c8e867a6f12e12c6dab6559aa999d10703b0b1c4ce?s=96&d=mm&r=g\",\"contentUrl\":\"https:\/\/secure.gravatar.com\/avatar\/8dfa38373c5e39821baf74c8e867a6f12e12c6dab6559aa999d10703b0b1c4ce?s=96&d=mm&r=g\",\"caption\":\"Tom\u00e1\u0161 Koppl\"},\"url\":\"https:\/\/www.smedemokrati.sk\/hu\/author\/tomaskoppl\/\"}]}<\/script>\n<!-- \/ Yoast SEO plugin. -->","yoast_head_json":{"title":"Obe mimoriadne sch\u00f4dze boli zbyto\u010dn\u00e9, je to kampa\u0148 Smeru-SD - Smedemokrati.sk","robots":{"index":"index","follow":"follow","max-snippet":"max-snippet:-1","max-image-preview":"max-image-preview:large","max-video-preview":"max-video-preview:-1"},"canonical":"https:\/\/www.smedemokrati.sk\/hu\/obe-mimoriadne-schodze-boli-zbytocne-je-to-kampan-smeru-sd\/","og_locale":"hu_HU","og_type":"article","og_title":"Obe mimoriadne sch\u00f4dze boli zbyto\u010dn\u00e9, je to kampa\u0148 Smeru-SD - Smedemokrati.sk","og_description":"Bratislava 21. j\u00fala (TASR) &#8211; Obe piatkov\u00e9 mimoriadne sch\u00f4dze N\u00e1rodnej rady (NR) SR k samospr\u00e1vam a pol\u00edcii boli zbyto\u010dn\u00e9, vyvol\u00e1vaj\u00fa chaos a s\u00fa kampa\u0148ou Smeru-SD. Vyhl\u00e1sil to nezaraden\u00fd poslanec a predseda mimoparlamentnej strany Demokrati Eduard Heger potom, ako sa ani jedno z rokovan\u00ed nepodarilo otvori\u0165. \u201eObidve tieto sch\u00f4dze prin\u00e1\u0161aj\u00fa omnoho v\u00e4\u010d\u0161\u00ed chaos do spolo\u010dnosti,\u201c podotkol [&hellip;]","og_url":"https:\/\/www.smedemokrati.sk\/hu\/obe-mimoriadne-schodze-boli-zbytocne-je-to-kampan-smeru-sd\/","og_site_name":"Smedemokrati.sk","article_publisher":"https:\/\/www.facebook.com\/smedemokrati2023","article_published_time":"2023-07-21T12:23:05+00:00","article_modified_time":"2023-07-21T12:23:06+00:00","og_image":[{"width":1887,"height":1080,"url":"https:\/\/www.smedemokrati.sk\/wp-content\/uploads\/2023\/07\/tlac-1.jpg","type":"image\/jpeg"}],"author":"Tom\u00e1\u0161 Koppl","twitter_card":"summary_large_image","twitter_misc":{"Szerz\u0151:":"Tom\u00e1\u0161 Koppl","Becs\u00fclt olvas\u00e1si id\u0151":"1 perc"},"schema":{"@context":"https:\/\/schema.org","@graph":[{"@type":"Article","@id":"https:\/\/www.smedemokrati.sk\/obe-mimoriadne-schodze-boli-zbytocne-je-to-kampan-smeru-sd\/#article","isPartOf":{"@id":"https:\/\/www.smedemokrati.sk\/obe-mimoriadne-schodze-boli-zbytocne-je-to-kampan-smeru-sd\/"},"author":{"name":"Tom\u00e1\u0161 Koppl","@id":"https:\/\/www.smedemokrati.sk\/#\/schema\/person\/c60720f4b9955b3c1ed222ebd1fbbc7c"},"headline":"Obe mimoriadne sch\u00f4dze boli zbyto\u010dn\u00e9, je to kampa\u0148 Smeru-SD","datePublished":"2023-07-21T12:23:05+00:00","dateModified":"2023-07-21T12:23:06+00:00","mainEntityOfPage":{"@id":"https:\/\/www.smedemokrati.sk\/obe-mimoriadne-schodze-boli-zbytocne-je-to-kampan-smeru-sd\/"},"wordCount":238,"publisher":{"@id":"https:\/\/www.smedemokrati.sk\/#organization"},"image":{"@id":"https:\/\/www.smedemokrati.sk\/obe-mimoriadne-schodze-boli-zbytocne-je-to-kampan-smeru-sd\/#primaryimage"},"thumbnailUrl":"https:\/\/www.smedemokrati.sk\/wp-content\/uploads\/2023\/07\/tlac-1.jpg","articleSection":["Tla\u010dov\u00e9 spr\u00e1vy"],"inLanguage":"hu-HU"},{"@type":"WebPage","@id":"https:\/\/www.smedemokrati.sk\/obe-mimoriadne-schodze-boli-zbytocne-je-to-kampan-smeru-sd\/","url":"https:\/\/www.smedemokrati.sk\/obe-mimoriadne-schodze-boli-zbytocne-je-to-kampan-smeru-sd\/","name":"Obe mimoriadne sch\u00f4dze boli zbyto\u010dn\u00e9, je to kampa\u0148 Smeru-SD - Smedemokrati.sk","isPartOf":{"@id":"https:\/\/www.smedemokrati.sk\/#website"},"primaryImageOfPage":{"@id":"https:\/\/www.smedemokrati.sk\/obe-mimoriadne-schodze-boli-zbytocne-je-to-kampan-smeru-sd\/#primaryimage"},"image":{"@id":"https:\/\/www.smedemokrati.sk\/obe-mimoriadne-schodze-boli-zbytocne-je-to-kampan-smeru-sd\/#primaryimage"},"thumbnailUrl":"https:\/\/www.smedemokrati.sk\/wp-content\/uploads\/2023\/07\/tlac-1.jpg","datePublished":"2023-07-21T12:23:05+00:00","dateModified":"2023-07-21T12:23:06+00:00","breadcrumb":{"@id":"https:\/\/www.smedemokrati.sk\/obe-mimoriadne-schodze-boli-zbytocne-je-to-kampan-smeru-sd\/#breadcrumb"},"inLanguage":"hu-HU","potentialAction":[{"@type":"ReadAction","target":["https:\/\/www.smedemokrati.sk\/obe-mimoriadne-schodze-boli-zbytocne-je-to-kampan-smeru-sd\/"]}]},{"@type":"ImageObject","inLanguage":"hu-HU","@id":"https:\/\/www.smedemokrati.sk\/obe-mimoriadne-schodze-boli-zbytocne-je-to-kampan-smeru-sd\/#primaryimage","url":"https:\/\/www.smedemokrati.sk\/wp-content\/uploads\/2023\/07\/tlac-1.jpg","contentUrl":"https:\/\/www.smedemokrati.sk\/wp-content\/uploads\/2023\/07\/tlac-1.jpg","width":1887,"height":1080},{"@type":"BreadcrumbList","@id":"https:\/\/www.smedemokrati.sk\/obe-mimoriadne-schodze-boli-zbytocne-je-to-kampan-smeru-sd\/#breadcrumb","itemListElement":[{"@type":"ListItem","position":1,"name":"Domovsk\u00e1 str\u00e1nka","item":"https:\/\/www.smedemokrati.sk\/"},{"@type":"ListItem","position":2,"name":"Obe mimoriadne sch\u00f4dze boli zbyto\u010dn\u00e9, je to kampa\u0148 Smeru-SD"}]},{"@type":"WebSite","@id":"https:\/\/www.smedemokrati.sk\/#website","url":"https:\/\/www.smedemokrati.sk\/","name":"Smedemokrati.sk","description":"Demokracia a slu\u0161nos\u0165 zv\u00ed\u0165az\u00ed","publisher":{"@id":"https:\/\/www.smedemokrati.sk\/#organization"},"potentialAction":[{"@type":"SearchAction","target":{"@type":"EntryPoint","urlTemplate":"https:\/\/www.smedemokrati.sk\/?s={search_term_string}"},"query-input":{"@type":"PropertyValueSpecification","valueRequired":true,"valueName":"search_term_string"}}],"inLanguage":"hu-HU"},{"@type":"Organization","@id":"https:\/\/www.smedemokrati.sk\/#organization","name":"Smedemokrati.sk","url":"https:\/\/www.smedemokrati.sk\/","logo":{"@type":"ImageObject","inLanguage":"hu-HU","@id":"https:\/\/www.smedemokrati.sk\/#\/schema\/logo\/image\/","url":"https:\/\/www.smedemokrati.sk\/wp-content\/uploads\/2023\/04\/ff.002.jpeg","contentUrl":"https:\/\/www.smedemokrati.sk\/wp-content\/uploads\/2023\/04\/ff.002.jpeg","width":640,"height":480,"caption":"Smedemokrati.sk"},"image":{"@id":"https:\/\/www.smedemokrati.sk\/#\/schema\/logo\/image\/"},"sameAs":["https:\/\/www.facebook.com\/smedemokrati2023"]},{"@type":"Person","@id":"https:\/\/www.smedemokrati.sk\/#\/schema\/person\/c60720f4b9955b3c1ed222ebd1fbbc7c","name":"Tom\u00e1\u0161 Koppl","image":{"@type":"ImageObject","inLanguage":"hu-HU","@id":"https:\/\/secure.gravatar.com\/avatar\/8dfa38373c5e39821baf74c8e867a6f12e12c6dab6559aa999d10703b0b1c4ce?s=96&d=mm&r=g","url":"https:\/\/secure.gravatar.com\/avatar\/8dfa38373c5e39821baf74c8e867a6f12e12c6dab6559aa999d10703b0b1c4ce?s=96&d=mm&r=g","contentUrl":"https:\/\/secure.gravatar.com\/avatar\/8dfa38373c5e39821baf74c8e867a6f12e12c6dab6559aa999d10703b0b1c4ce?s=96&d=mm&r=g","caption":"Tom\u00e1\u0161 Koppl"},"url":"https:\/\/www.smedemokrati.sk\/hu\/author\/tomaskoppl\/"}]}},"_links":{"self":[{"href":"https:\/\/www.smedemokrati.sk\/hu\/wp-json\/wp\/v2\/posts\/1554","targetHints":{"allow":["GET"]}}],"collection":[{"href":"https:\/\/www.smedemokrati.sk\/hu\/wp-json\/wp\/v2\/posts"}],"about":[{"href":"https:\/\/www.smedemokrati.sk\/hu\/wp-json\/wp\/v2\/types\/post"}],"author":[{"embeddable":true,"href":"https:\/\/www.smedemokrati.sk\/hu\/wp-json\/wp\/v2\/users\/7"}],"replies":[{"embeddable":true,"href":"https:\/\/www.smedemokrati.sk\/hu\/wp-json\/wp\/v2\/comments?post=1554"}],"version-history":[{"count":1,"href":"https:\/\/www.smedemokrati.sk\/hu\/wp-json\/wp\/v2\/posts\/1554\/revisions"}],"predecessor-version":[{"id":1555,"href":"https:\/\/www.smedemokrati.sk\/hu\/wp-json\/wp\/v2\/posts\/1554\/revisions\/1555"}],"wp:featuredmedia":[{"embeddable":true,"href":"https:\/\/www.smedemokrati.sk\/hu\/wp-json\/wp\/v2\/media\/1420"}],"wp:attachment":[{"href":"https:\/\/www.smedemokrati.sk\/hu\/wp-json\/wp\/v2\/media?parent=1554"}],"wp:term":[{"taxonomy":"category","embeddable":true,"href":"https:\/\/www.smedemokrati.sk\/hu\/wp-json\/wp\/v2\/categories?post=1554"},{"taxonomy":"post_tag","embeddable":true,"href":"https:\/\/www.smedemokrati.sk\/hu\/wp-json\/wp\/v2\/tags?post=1554"}],"curies":[{"name":"wp","href":"https:\/\/api.w.org\/{rel}","templated":true}]}}