{"id":1412,"date":"2023-07-05T09:41:31","date_gmt":"2023-07-05T07:41:31","guid":{"rendered":"https:\/\/www.smedemokrati.sk\/?p=1412"},"modified":"2023-07-05T09:42:27","modified_gmt":"2023-07-05T07:42:27","slug":"vyzyvam-borisa-kollara-na-verejnu-diskusiu","status":"publish","type":"post","link":"https:\/\/www.smedemokrati.sk\/hu\/vyzyvam-borisa-kollara-na-verejnu-diskusiu\/","title":{"rendered":"Vyz\u00fdvam Borisa Koll\u00e1ra na verejn\u00fa diskusiu"},"content":{"rendered":"<div id=\"fb-root\"><\/div>\n\n<p>\u201eMimoriadna sch\u00f4dza parlamentu na odvolanie Borisa Koll\u00e1ra nebola nakoniec ani otvoren\u00e1. Politici vyslali sign\u00e1l desa\u0165tis\u00edcom t\u00fdran\u00fdch \u017eien, \u017ee sa mu to prepe\u010die. V\u0161etci maj\u00fa kopec re\u010d\u00ed, ako im n\u00e1silie na \u017een\u00e1ch vad\u00ed, ale ke\u010f treba nie\u010do urobi\u0165, strkaj\u00fa hlavu do piesku.<\/p>\n\n\n\n<p>To v\u0161ak neznamen\u00e1, \u017ee my budeme ml\u010da\u0165. Pr\u00e1ve naopak.<\/p>\n\n\n\n<p>P\u00e1n Koll\u00e1r, vyz\u00fdvam V\u00e1s v mene \u013eud\u00ed, u ktor\u00fdch sa V\u00e1m to neprepe\u010die, na verejn\u00fa diskusiu. Chcem V\u00e1m do o\u010d\u00ed poveda\u0165, \u010do si mysl\u00edme o hulv\u00e1tstve v politike a o n\u00e1sil\u00ed p\u00e1chanom na \u017een\u00e1ch. D\u00fafam, \u017ee nebudete hrdina len na tla\u010dovke a stretneme sa v diskusii. Pred kamerami.<\/p>\n\n\n\n<p>Boris Koll\u00e1r na tla\u010dovke deklaroval, \u017ee sa neboj\u00ed ob\u00e1ji\u0165 sa pred pl\u00e9nom N\u00e1rodnej rady, no s\u00e1m sa nakoniec neprezentoval.<\/p>\n\n\n\n<p><strong>Opakujem, p\u00e1n Koll\u00e1r, vyz\u00fdvam V\u00e1s v mene \u013eud\u00ed, u ktor\u00fdch sa V\u00e1m to neprepe\u010die, na verejn\u00fa diskusiu pred kamerami,<\/strong>\u201c povedala volebn\u00e1 l\u00edderka Demokratov Andrea Letanovsk\u00e1.<\/p>\n\n\n\n<p><\/p>\n","protected":false},"excerpt":{"rendered":"<p>\u201eMimoriadna sch\u00f4dza parlamentu na odvolanie Borisa Koll\u00e1ra nebola nakoniec ani otvoren\u00e1. Politici vyslali sign\u00e1l desa\u0165tis\u00edcom t\u00fdran\u00fdch \u017eien, \u017ee sa mu to prepe\u010die. V\u0161etci maj\u00fa kopec re\u010d\u00ed, ako im n\u00e1silie na \u017een\u00e1ch vad\u00ed, ale ke\u010f treba nie\u010do urobi\u0165, strkaj\u00fa hlavu do piesku. To v\u0161ak neznamen\u00e1, \u017ee my budeme ml\u010da\u0165. Pr\u00e1ve naopak. P\u00e1n Koll\u00e1r, vyz\u00fdvam V\u00e1s v [&hellip;]<\/p>\n","protected":false},"author":7,"featured_media":171,"comment_status":"closed","ping_status":"closed","sticky":false,"template":"","format":"standard","meta":{"_acf_changed":false,"ngg_post_thumbnail":0,"footnotes":""},"categories":[4],"tags":[],"class_list":["post-1412","post","type-post","status-publish","format-standard","has-post-thumbnail","hentry","category-tlacove-spravy"],"acf":[],"yoast_head":"<!-- This site is optimized with the Yoast SEO plugin v27.2 - https:\/\/yoast.com\/product\/yoast-seo-wordpress\/ -->\n<title>Vyz\u00fdvam Borisa Koll\u00e1ra na verejn\u00fa diskusiu - Smedemokrati.sk<\/title>\n<meta name=\"robots\" content=\"index, follow, max-snippet:-1, max-image-preview:large, max-video-preview:-1\" \/>\n<link rel=\"canonical\" href=\"https:\/\/www.smedemokrati.sk\/hu\/vyzyvam-borisa-kollara-na-verejnu-diskusiu\/\" \/>\n<meta property=\"og:locale\" content=\"hu_HU\" \/>\n<meta property=\"og:locale:alternate\" content=\"en_US\" \/>\n<meta property=\"og:locale:alternate\" content=\"cs_CZ\" \/>\n<meta property=\"og:locale:alternate\" content=\"sk_SK\" \/>\n<meta property=\"og:locale:alternate\" content=\"sv_SE\" \/>\n<meta property=\"og:type\" content=\"article\" \/>\n<meta property=\"og:title\" content=\"Vyz\u00fdvam Borisa Koll\u00e1ra na verejn\u00fa diskusiu - Smedemokrati.sk\" \/>\n<meta property=\"og:description\" content=\"\u201eMimoriadna sch\u00f4dza parlamentu na odvolanie Borisa Koll\u00e1ra nebola nakoniec ani otvoren\u00e1. Politici vyslali sign\u00e1l desa\u0165tis\u00edcom t\u00fdran\u00fdch \u017eien, \u017ee sa mu to prepe\u010die. V\u0161etci maj\u00fa kopec re\u010d\u00ed, ako im n\u00e1silie na \u017een\u00e1ch vad\u00ed, ale ke\u010f treba nie\u010do urobi\u0165, strkaj\u00fa hlavu do piesku. To v\u0161ak neznamen\u00e1, \u017ee my budeme ml\u010da\u0165. Pr\u00e1ve naopak. P\u00e1n Koll\u00e1r, vyz\u00fdvam V\u00e1s v [&hellip;]\" \/>\n<meta property=\"og:url\" content=\"https:\/\/www.smedemokrati.sk\/hu\/vyzyvam-borisa-kollara-na-verejnu-diskusiu\/\" \/>\n<meta property=\"og:site_name\" content=\"Smedemokrati.sk\" \/>\n<meta property=\"article:publisher\" content=\"https:\/\/www.facebook.com\/smedemokrati2023\" \/>\n<meta property=\"article:published_time\" content=\"2023-07-05T07:41:31+00:00\" \/>\n<meta property=\"article:modified_time\" content=\"2023-07-05T07:42:27+00:00\" \/>\n<meta property=\"og:image\" content=\"https:\/\/www.smedemokrati.sk\/wp-content\/uploads\/2023\/03\/AL_1-min.jpg\" \/>\n\t<meta property=\"og:image:width\" content=\"1024\" \/>\n\t<meta property=\"og:image:height\" content=\"683\" \/>\n\t<meta property=\"og:image:type\" content=\"image\/jpeg\" \/>\n<meta name=\"author\" content=\"Tom\u00e1\u0161 Koppl\" \/>\n<meta name=\"twitter:card\" content=\"summary_large_image\" \/>\n<meta name=\"twitter:label1\" content=\"Szerz\u0151:\" \/>\n\t<meta name=\"twitter:data1\" content=\"Tom\u00e1\u0161 Koppl\" \/>\n\t<meta name=\"twitter:label2\" content=\"Becs\u00fclt olvas\u00e1si id\u0151\" \/>\n\t<meta name=\"twitter:data2\" content=\"1 perc\" \/>\n<script type=\"application\/ld+json\" class=\"yoast-schema-graph\">{\"@context\":\"https:\/\/schema.org\",\"@graph\":[{\"@type\":\"Article\",\"@id\":\"https:\/\/www.smedemokrati.sk\/vyzyvam-borisa-kollara-na-verejnu-diskusiu\/#article\",\"isPartOf\":{\"@id\":\"https:\/\/www.smedemokrati.sk\/vyzyvam-borisa-kollara-na-verejnu-diskusiu\/\"},\"author\":{\"name\":\"Tom\u00e1\u0161 Koppl\",\"@id\":\"https:\/\/www.smedemokrati.sk\/#\/schema\/person\/c60720f4b9955b3c1ed222ebd1fbbc7c\"},\"headline\":\"Vyz\u00fdvam Borisa Koll\u00e1ra na verejn\u00fa diskusiu\",\"datePublished\":\"2023-07-05T07:41:31+00:00\",\"dateModified\":\"2023-07-05T07:42:27+00:00\",\"mainEntityOfPage\":{\"@id\":\"https:\/\/www.smedemokrati.sk\/vyzyvam-borisa-kollara-na-verejnu-diskusiu\/\"},\"wordCount\":194,\"publisher\":{\"@id\":\"https:\/\/www.smedemokrati.sk\/#organization\"},\"image\":{\"@id\":\"https:\/\/www.smedemokrati.sk\/vyzyvam-borisa-kollara-na-verejnu-diskusiu\/#primaryimage\"},\"thumbnailUrl\":\"https:\/\/www.smedemokrati.sk\/wp-content\/uploads\/2023\/03\/AL_1-min.jpg\",\"articleSection\":[\"Tla\u010dov\u00e9 spr\u00e1vy\"],\"inLanguage\":\"hu-HU\"},{\"@type\":\"WebPage\",\"@id\":\"https:\/\/www.smedemokrati.sk\/vyzyvam-borisa-kollara-na-verejnu-diskusiu\/\",\"url\":\"https:\/\/www.smedemokrati.sk\/vyzyvam-borisa-kollara-na-verejnu-diskusiu\/\",\"name\":\"Vyz\u00fdvam Borisa Koll\u00e1ra na verejn\u00fa diskusiu - Smedemokrati.sk\",\"isPartOf\":{\"@id\":\"https:\/\/www.smedemokrati.sk\/#website\"},\"primaryImageOfPage\":{\"@id\":\"https:\/\/www.smedemokrati.sk\/vyzyvam-borisa-kollara-na-verejnu-diskusiu\/#primaryimage\"},\"image\":{\"@id\":\"https:\/\/www.smedemokrati.sk\/vyzyvam-borisa-kollara-na-verejnu-diskusiu\/#primaryimage\"},\"thumbnailUrl\":\"https:\/\/www.smedemokrati.sk\/wp-content\/uploads\/2023\/03\/AL_1-min.jpg\",\"datePublished\":\"2023-07-05T07:41:31+00:00\",\"dateModified\":\"2023-07-05T07:42:27+00:00\",\"breadcrumb\":{\"@id\":\"https:\/\/www.smedemokrati.sk\/vyzyvam-borisa-kollara-na-verejnu-diskusiu\/#breadcrumb\"},\"inLanguage\":\"hu-HU\",\"potentialAction\":[{\"@type\":\"ReadAction\",\"target\":[\"https:\/\/www.smedemokrati.sk\/vyzyvam-borisa-kollara-na-verejnu-diskusiu\/\"]}]},{\"@type\":\"ImageObject\",\"inLanguage\":\"hu-HU\",\"@id\":\"https:\/\/www.smedemokrati.sk\/vyzyvam-borisa-kollara-na-verejnu-diskusiu\/#primaryimage\",\"url\":\"https:\/\/www.smedemokrati.sk\/wp-content\/uploads\/2023\/03\/AL_1-min.jpg\",\"contentUrl\":\"https:\/\/www.smedemokrati.sk\/wp-content\/uploads\/2023\/03\/AL_1-min.jpg\",\"width\":1024,\"height\":683},{\"@type\":\"BreadcrumbList\",\"@id\":\"https:\/\/www.smedemokrati.sk\/vyzyvam-borisa-kollara-na-verejnu-diskusiu\/#breadcrumb\",\"itemListElement\":[{\"@type\":\"ListItem\",\"position\":1,\"name\":\"Domovsk\u00e1 str\u00e1nka\",\"item\":\"https:\/\/www.smedemokrati.sk\/\"},{\"@type\":\"ListItem\",\"position\":2,\"name\":\"Vyz\u00fdvam Borisa Koll\u00e1ra na verejn\u00fa diskusiu\"}]},{\"@type\":\"WebSite\",\"@id\":\"https:\/\/www.smedemokrati.sk\/#website\",\"url\":\"https:\/\/www.smedemokrati.sk\/\",\"name\":\"Smedemokrati.sk\",\"description\":\"Demokracia a slu\u0161nos\u0165 zv\u00ed\u0165az\u00ed\",\"publisher\":{\"@id\":\"https:\/\/www.smedemokrati.sk\/#organization\"},\"potentialAction\":[{\"@type\":\"SearchAction\",\"target\":{\"@type\":\"EntryPoint\",\"urlTemplate\":\"https:\/\/www.smedemokrati.sk\/?s={search_term_string}\"},\"query-input\":{\"@type\":\"PropertyValueSpecification\",\"valueRequired\":true,\"valueName\":\"search_term_string\"}}],\"inLanguage\":\"hu-HU\"},{\"@type\":\"Organization\",\"@id\":\"https:\/\/www.smedemokrati.sk\/#organization\",\"name\":\"Smedemokrati.sk\",\"url\":\"https:\/\/www.smedemokrati.sk\/\",\"logo\":{\"@type\":\"ImageObject\",\"inLanguage\":\"hu-HU\",\"@id\":\"https:\/\/www.smedemokrati.sk\/#\/schema\/logo\/image\/\",\"url\":\"https:\/\/www.smedemokrati.sk\/wp-content\/uploads\/2023\/04\/ff.002.jpeg\",\"contentUrl\":\"https:\/\/www.smedemokrati.sk\/wp-content\/uploads\/2023\/04\/ff.002.jpeg\",\"width\":640,\"height\":480,\"caption\":\"Smedemokrati.sk\"},\"image\":{\"@id\":\"https:\/\/www.smedemokrati.sk\/#\/schema\/logo\/image\/\"},\"sameAs\":[\"https:\/\/www.facebook.com\/smedemokrati2023\"]},{\"@type\":\"Person\",\"@id\":\"https:\/\/www.smedemokrati.sk\/#\/schema\/person\/c60720f4b9955b3c1ed222ebd1fbbc7c\",\"name\":\"Tom\u00e1\u0161 Koppl\",\"image\":{\"@type\":\"ImageObject\",\"inLanguage\":\"hu-HU\",\"@id\":\"https:\/\/secure.gravatar.com\/avatar\/8dfa38373c5e39821baf74c8e867a6f12e12c6dab6559aa999d10703b0b1c4ce?s=96&d=mm&r=g\",\"url\":\"https:\/\/secure.gravatar.com\/avatar\/8dfa38373c5e39821baf74c8e867a6f12e12c6dab6559aa999d10703b0b1c4ce?s=96&d=mm&r=g\",\"contentUrl\":\"https:\/\/secure.gravatar.com\/avatar\/8dfa38373c5e39821baf74c8e867a6f12e12c6dab6559aa999d10703b0b1c4ce?s=96&d=mm&r=g\",\"caption\":\"Tom\u00e1\u0161 Koppl\"},\"url\":\"https:\/\/www.smedemokrati.sk\/hu\/author\/tomaskoppl\/\"}]}<\/script>\n<!-- \/ Yoast SEO plugin. -->","yoast_head_json":{"title":"Vyz\u00fdvam Borisa Koll\u00e1ra na verejn\u00fa diskusiu - Smedemokrati.sk","robots":{"index":"index","follow":"follow","max-snippet":"max-snippet:-1","max-image-preview":"max-image-preview:large","max-video-preview":"max-video-preview:-1"},"canonical":"https:\/\/www.smedemokrati.sk\/hu\/vyzyvam-borisa-kollara-na-verejnu-diskusiu\/","og_locale":"hu_HU","og_type":"article","og_title":"Vyz\u00fdvam Borisa Koll\u00e1ra na verejn\u00fa diskusiu - Smedemokrati.sk","og_description":"\u201eMimoriadna sch\u00f4dza parlamentu na odvolanie Borisa Koll\u00e1ra nebola nakoniec ani otvoren\u00e1. Politici vyslali sign\u00e1l desa\u0165tis\u00edcom t\u00fdran\u00fdch \u017eien, \u017ee sa mu to prepe\u010die. V\u0161etci maj\u00fa kopec re\u010d\u00ed, ako im n\u00e1silie na \u017een\u00e1ch vad\u00ed, ale ke\u010f treba nie\u010do urobi\u0165, strkaj\u00fa hlavu do piesku. To v\u0161ak neznamen\u00e1, \u017ee my budeme ml\u010da\u0165. Pr\u00e1ve naopak. P\u00e1n Koll\u00e1r, vyz\u00fdvam V\u00e1s v [&hellip;]","og_url":"https:\/\/www.smedemokrati.sk\/hu\/vyzyvam-borisa-kollara-na-verejnu-diskusiu\/","og_site_name":"Smedemokrati.sk","article_publisher":"https:\/\/www.facebook.com\/smedemokrati2023","article_published_time":"2023-07-05T07:41:31+00:00","article_modified_time":"2023-07-05T07:42:27+00:00","og_image":[{"width":1024,"height":683,"url":"https:\/\/www.smedemokrati.sk\/wp-content\/uploads\/2023\/03\/AL_1-min.jpg","type":"image\/jpeg"}],"author":"Tom\u00e1\u0161 Koppl","twitter_card":"summary_large_image","twitter_misc":{"Szerz\u0151:":"Tom\u00e1\u0161 Koppl","Becs\u00fclt olvas\u00e1si id\u0151":"1 perc"},"schema":{"@context":"https:\/\/schema.org","@graph":[{"@type":"Article","@id":"https:\/\/www.smedemokrati.sk\/vyzyvam-borisa-kollara-na-verejnu-diskusiu\/#article","isPartOf":{"@id":"https:\/\/www.smedemokrati.sk\/vyzyvam-borisa-kollara-na-verejnu-diskusiu\/"},"author":{"name":"Tom\u00e1\u0161 Koppl","@id":"https:\/\/www.smedemokrati.sk\/#\/schema\/person\/c60720f4b9955b3c1ed222ebd1fbbc7c"},"headline":"Vyz\u00fdvam Borisa Koll\u00e1ra na verejn\u00fa diskusiu","datePublished":"2023-07-05T07:41:31+00:00","dateModified":"2023-07-05T07:42:27+00:00","mainEntityOfPage":{"@id":"https:\/\/www.smedemokrati.sk\/vyzyvam-borisa-kollara-na-verejnu-diskusiu\/"},"wordCount":194,"publisher":{"@id":"https:\/\/www.smedemokrati.sk\/#organization"},"image":{"@id":"https:\/\/www.smedemokrati.sk\/vyzyvam-borisa-kollara-na-verejnu-diskusiu\/#primaryimage"},"thumbnailUrl":"https:\/\/www.smedemokrati.sk\/wp-content\/uploads\/2023\/03\/AL_1-min.jpg","articleSection":["Tla\u010dov\u00e9 spr\u00e1vy"],"inLanguage":"hu-HU"},{"@type":"WebPage","@id":"https:\/\/www.smedemokrati.sk\/vyzyvam-borisa-kollara-na-verejnu-diskusiu\/","url":"https:\/\/www.smedemokrati.sk\/vyzyvam-borisa-kollara-na-verejnu-diskusiu\/","name":"Vyz\u00fdvam Borisa Koll\u00e1ra na verejn\u00fa diskusiu - Smedemokrati.sk","isPartOf":{"@id":"https:\/\/www.smedemokrati.sk\/#website"},"primaryImageOfPage":{"@id":"https:\/\/www.smedemokrati.sk\/vyzyvam-borisa-kollara-na-verejnu-diskusiu\/#primaryimage"},"image":{"@id":"https:\/\/www.smedemokrati.sk\/vyzyvam-borisa-kollara-na-verejnu-diskusiu\/#primaryimage"},"thumbnailUrl":"https:\/\/www.smedemokrati.sk\/wp-content\/uploads\/2023\/03\/AL_1-min.jpg","datePublished":"2023-07-05T07:41:31+00:00","dateModified":"2023-07-05T07:42:27+00:00","breadcrumb":{"@id":"https:\/\/www.smedemokrati.sk\/vyzyvam-borisa-kollara-na-verejnu-diskusiu\/#breadcrumb"},"inLanguage":"hu-HU","potentialAction":[{"@type":"ReadAction","target":["https:\/\/www.smedemokrati.sk\/vyzyvam-borisa-kollara-na-verejnu-diskusiu\/"]}]},{"@type":"ImageObject","inLanguage":"hu-HU","@id":"https:\/\/www.smedemokrati.sk\/vyzyvam-borisa-kollara-na-verejnu-diskusiu\/#primaryimage","url":"https:\/\/www.smedemokrati.sk\/wp-content\/uploads\/2023\/03\/AL_1-min.jpg","contentUrl":"https:\/\/www.smedemokrati.sk\/wp-content\/uploads\/2023\/03\/AL_1-min.jpg","width":1024,"height":683},{"@type":"BreadcrumbList","@id":"https:\/\/www.smedemokrati.sk\/vyzyvam-borisa-kollara-na-verejnu-diskusiu\/#breadcrumb","itemListElement":[{"@type":"ListItem","position":1,"name":"Domovsk\u00e1 str\u00e1nka","item":"https:\/\/www.smedemokrati.sk\/"},{"@type":"ListItem","position":2,"name":"Vyz\u00fdvam Borisa Koll\u00e1ra na verejn\u00fa diskusiu"}]},{"@type":"WebSite","@id":"https:\/\/www.smedemokrati.sk\/#website","url":"https:\/\/www.smedemokrati.sk\/","name":"Smedemokrati.sk","description":"Demokracia a slu\u0161nos\u0165 zv\u00ed\u0165az\u00ed","publisher":{"@id":"https:\/\/www.smedemokrati.sk\/#organization"},"potentialAction":[{"@type":"SearchAction","target":{"@type":"EntryPoint","urlTemplate":"https:\/\/www.smedemokrati.sk\/?s={search_term_string}"},"query-input":{"@type":"PropertyValueSpecification","valueRequired":true,"valueName":"search_term_string"}}],"inLanguage":"hu-HU"},{"@type":"Organization","@id":"https:\/\/www.smedemokrati.sk\/#organization","name":"Smedemokrati.sk","url":"https:\/\/www.smedemokrati.sk\/","logo":{"@type":"ImageObject","inLanguage":"hu-HU","@id":"https:\/\/www.smedemokrati.sk\/#\/schema\/logo\/image\/","url":"https:\/\/www.smedemokrati.sk\/wp-content\/uploads\/2023\/04\/ff.002.jpeg","contentUrl":"https:\/\/www.smedemokrati.sk\/wp-content\/uploads\/2023\/04\/ff.002.jpeg","width":640,"height":480,"caption":"Smedemokrati.sk"},"image":{"@id":"https:\/\/www.smedemokrati.sk\/#\/schema\/logo\/image\/"},"sameAs":["https:\/\/www.facebook.com\/smedemokrati2023"]},{"@type":"Person","@id":"https:\/\/www.smedemokrati.sk\/#\/schema\/person\/c60720f4b9955b3c1ed222ebd1fbbc7c","name":"Tom\u00e1\u0161 Koppl","image":{"@type":"ImageObject","inLanguage":"hu-HU","@id":"https:\/\/secure.gravatar.com\/avatar\/8dfa38373c5e39821baf74c8e867a6f12e12c6dab6559aa999d10703b0b1c4ce?s=96&d=mm&r=g","url":"https:\/\/secure.gravatar.com\/avatar\/8dfa38373c5e39821baf74c8e867a6f12e12c6dab6559aa999d10703b0b1c4ce?s=96&d=mm&r=g","contentUrl":"https:\/\/secure.gravatar.com\/avatar\/8dfa38373c5e39821baf74c8e867a6f12e12c6dab6559aa999d10703b0b1c4ce?s=96&d=mm&r=g","caption":"Tom\u00e1\u0161 Koppl"},"url":"https:\/\/www.smedemokrati.sk\/hu\/author\/tomaskoppl\/"}]}},"_links":{"self":[{"href":"https:\/\/www.smedemokrati.sk\/hu\/wp-json\/wp\/v2\/posts\/1412","targetHints":{"allow":["GET"]}}],"collection":[{"href":"https:\/\/www.smedemokrati.sk\/hu\/wp-json\/wp\/v2\/posts"}],"about":[{"href":"https:\/\/www.smedemokrati.sk\/hu\/wp-json\/wp\/v2\/types\/post"}],"author":[{"embeddable":true,"href":"https:\/\/www.smedemokrati.sk\/hu\/wp-json\/wp\/v2\/users\/7"}],"replies":[{"embeddable":true,"href":"https:\/\/www.smedemokrati.sk\/hu\/wp-json\/wp\/v2\/comments?post=1412"}],"version-history":[{"count":3,"href":"https:\/\/www.smedemokrati.sk\/hu\/wp-json\/wp\/v2\/posts\/1412\/revisions"}],"predecessor-version":[{"id":1415,"href":"https:\/\/www.smedemokrati.sk\/hu\/wp-json\/wp\/v2\/posts\/1412\/revisions\/1415"}],"wp:featuredmedia":[{"embeddable":true,"href":"https:\/\/www.smedemokrati.sk\/hu\/wp-json\/wp\/v2\/media\/171"}],"wp:attachment":[{"href":"https:\/\/www.smedemokrati.sk\/hu\/wp-json\/wp\/v2\/media?parent=1412"}],"wp:term":[{"taxonomy":"category","embeddable":true,"href":"https:\/\/www.smedemokrati.sk\/hu\/wp-json\/wp\/v2\/categories?post=1412"},{"taxonomy":"post_tag","embeddable":true,"href":"https:\/\/www.smedemokrati.sk\/hu\/wp-json\/wp\/v2\/tags?post=1412"}],"curies":[{"name":"wp","href":"https:\/\/api.w.org\/{rel}","templated":true}]}}