{"id":1385,"date":"2023-07-03T13:33:38","date_gmt":"2023-07-03T11:33:38","guid":{"rendered":"https:\/\/www.smedemokrati.sk\/?p=1385"},"modified":"2023-07-26T20:11:21","modified_gmt":"2023-07-26T18:11:21","slug":"hlasime-sa-do-sluzby-aby-sme-porazili-hrozby-ktorym-na-slovensku-celime","status":"publish","type":"post","link":"https:\/\/www.smedemokrati.sk\/hu\/hlasime-sa-do-sluzby-aby-sme-porazili-hrozby-ktorym-na-slovensku-celime\/","title":{"rendered":"Hl\u00e1sime sa do slu\u017eby, aby sme porazili hrozby, ktor\u00fdm na Slovensku \u010del\u00edme"},"content":{"rendered":"<div id=\"fb-root\"><\/div>\n\n<p>Strana Demokrati predstavila zlo\u017eenie kandid\u00e1tnej listiny do septembrov\u00fdch parlamentn\u00fdch volieb. Povedie ju z\u00e1chran\u00e1rka a prim\u00e1rka ARO N\u00e1rodn\u00e9ho onkologick\u00e9ho \u00fastavu Andrea Letanovsk\u00e1, v tandeme s expremi\u00e9rom Eduardom Hegerom, ktor\u00fd kandiduje z druh\u00e9ho miesta. Tretie miesto patr\u00ed ob\u010dianskej aktivistke Andrey Cocherovej a zo \u0161tvrt\u00e9ho miesta kandiduje b\u00fdval\u00fd minister obrany Jaroslav Na\u010f. Prv\u00fa p\u00e4\u0165ku uzatv\u00e1ra bojovn\u00ed\u010dka za pr\u00e1va zdravotne znev\u00fdhodnen\u00fdch Jana \u017dit\u0148ansk\u00e1. \u0160ieste miesto patr\u00ed Miroslavovi Koll\u00e1rovi, na siedmom mieste je Juraj \u0160eliga. Z \u00f4smeho miesta kandiduje pr\u00e1vnik Pavel Nechala. Na deviatom mieste je odborn\u00ed\u010dka na obranu a bezpe\u010dnos\u0165 Monika Podhor\u00e1ny Masarikov\u00e1 a prv\u00fa desiatku uzatv\u00e1ra podnikate\u013e J\u00e1n \u0160ub\u00e1k. Pod\u013ea Letanovskej Demokrati pon\u00fakaj\u00fa siln\u00fd t\u00edm \u013eud\u00ed, ktor\u00ed reprezentuj\u00fa nesebeck\u00fa slu\u017ebu \u013eu\u010fom, sk\u00fasenosti z politiky a odbornos\u0165.&nbsp;&nbsp;&nbsp;<strong><br>\u201eMoja 30 ro\u010dn\u00e1 slu\u017eba z\u00e1chran\u00e1rky a lek\u00e1rky ma pripravila \u010deli\u0165 r\u00f4znym hrozb\u00e1m a kritick\u00fdm situ\u00e1ci\u00e1m, ktor\u00e9 ohrozovali \u017eivoty a zdravie \u013eud\u00ed.&nbsp;Nau\u010dila som sa, \u017ee aj ke\u010f rozhoduj\u00fa sekundy, je d\u00f4le\u017eit\u00e9 zachova\u0165 chladn\u00fa hlavu, eliminova\u0165 hrozbu a obnovi\u0165 z\u00e1kladn\u00e9 \u017eivotn\u00e9 funkcie. Nehovor\u00edm to rada, ale dnes to nie s\u00fa len z\u00e1chran\u00e1ri a lek\u00e1ri, ktor\u00ed \u010delia hrozb\u00e1m. Hrozb\u00e1m \u010del\u00ed aj cel\u00e9 Slovensko,\u201c&nbsp;<\/strong>uviedla volebn\u00e1 l\u00edderka Demokratov Andrea Letanovsk\u00e1.<strong><br><\/strong>Pod\u013ea A. Letanovskej hroz\u00ed, \u017ee po vo\u013eb\u00e1ch t\u00fdm najzranite\u013enej\u0161\u00edm nebude ma\u0165 kto pom\u00f4c\u0165 so zdra\u017eovan\u00edm, vysokou infl\u00e1ciou a chudobou.&nbsp;<strong>\u201eHroz\u00ed, \u017ee zdravotn\u00edctvo bude op\u00e4\u0165 na okraji z\u00e1ujmu a u\u017e sa ho nepodar\u00ed resuscitova\u0165. Hroz\u00ed, \u017ee sa k moci vr\u00e1ti mafia, oligarchovia a rozmach korupcie. Hroz\u00ed n\u00e1m vytrhnutie zo Z\u00e1padu a odklon na\u0161ej krajiny od cesty k prosperite, po ktorej sme u\u017e kr\u00e1\u010dali, na ktorej sme u\u017e jednozna\u010dne boli. Hroz\u00ed n\u00e1m e\u0161te v\u00e4\u010d\u0161\u00ed odchod mlad\u00fdch talentov a na\u0161ich bl\u00edzkych do zahrani\u010dia. Vid\u00edm tu mnoh\u00e9 \u010fal\u0161ie hrozby, s ktor\u00fdmi sa mus\u00edme popasova\u0165,\u201c<\/strong>&nbsp;povedala volebn\u00e1 l\u00edderka strany Demokrati.<strong><br>\u201eDemokrati dok\u00e1\u017eu pon\u00faknu\u0165 to, \u010do in\u00e9 strany nemaj\u00fa a to odhodlanie bojova\u0165 za va\u0161e z\u00e1ujmy, sk\u00fasenos\u0165 z politiky a odbornos\u0165. A preto sa tu dnes hl\u00e1sime do slu\u017eby, aby sme spolo\u010dne porazili hrozby, ktor\u00fdm na Slovensku \u010del\u00edme,\u201c<\/strong>&nbsp;vyhl\u00e1sila volebn\u00e1 l\u00edderka strany Demokrati A. Letanovsk\u00e1.<br>Pod\u013ea predsedu Demokratov Eduarda Hegera je potrebn\u00e9, aby zo septembrov\u00fdch volieb vzi\u0161la vl\u00e1da pokoja,&nbsp;<strong>\u201evl\u00e1da, ktor\u00e1 ponech\u00e1 spravodlivosti slobodu, vl\u00e1da, ktor\u00e1 bude pevne dr\u017ea\u0165 Slovensko na z\u00e1pade, vl\u00e1da, ktor\u00e1 bude pokra\u010dova\u0165 v reform\u00e1ch a vl\u00e1da, ktor\u00e1 bude rozv\u00edja\u0165 demokraciu. Preto prin\u00e1\u0161ame kandid\u00e1tku \u013eud\u00ed, ktor\u00ed s\u00fa spomedzi v\u0161etk\u00fdch str\u00e1n najlep\u0161ie pripraven\u00ed po vo\u013eb\u00e1ch prevzia\u0165 zodpovednos\u0165 za krajinu,\u201c<\/strong>&nbsp;povedal Heger.<strong><br><\/strong>Na kandid\u00e1tnej listine strany Demokrati s\u00fa \u013eudia so sk\u00fasenos\u0165ami zo spravovania \u0161t\u00e1tu &#8211; expremi\u00e9r, exministri, b\u00fdval\u00ed a s\u00fa\u010dasn\u00ed poslanci, ale aj b\u00fdval\u00ed \u0161t\u00e1tni tajomn\u00edci, prim\u00e1tori a \u013eudia so sk\u00fasenos\u0165ami z Eur\u00f3pskeho parlamentu. Strana Demokrati dok\u00e1zala pred vo\u013ebami spoji\u0165 p\u00e4\u0165 politick\u00fdch str\u00e1n &#8211; Spolu, Zmena zdola, \u0160anca, Dobr\u00fd de\u0148 Slovensko a Jablko.<br><a href=\"https:\/\/www.smedemokrati.sk\/kandidatka\/\">Kandid\u00e1tna listina<\/a><\/p>\n\n\n\n<figure class=\"wp-block-image size-large\"><img decoding=\"async\" width=\"1024\" height=\"576\" src=\"https:\/\/www.smedemokrati.sk\/wp-content\/uploads\/2023\/07\/DSC2738-1-1024x576.jpg\" alt=\"\" class=\"wp-image-1388\" srcset=\"https:\/\/www.smedemokrati.sk\/wp-content\/uploads\/2023\/07\/DSC2738-1-1024x576.jpg 1024w, https:\/\/www.smedemokrati.sk\/wp-content\/uploads\/2023\/07\/DSC2738-1-300x169.jpg 300w, https:\/\/www.smedemokrati.sk\/wp-content\/uploads\/2023\/07\/DSC2738-1-768x432.jpg 768w, https:\/\/www.smedemokrati.sk\/wp-content\/uploads\/2023\/07\/DSC2738-1-1536x864.jpg 1536w, https:\/\/www.smedemokrati.sk\/wp-content\/uploads\/2023\/07\/DSC2738-1.jpg 1920w\" sizes=\"(max-width: 1024px) 100vw, 1024px\" \/><\/figure>\n","protected":false},"excerpt":{"rendered":"<p>Strana Demokrati predstavila zlo\u017eenie kandid\u00e1tnej listiny do septembrov\u00fdch parlamentn\u00fdch volieb. Povedie ju z\u00e1chran\u00e1rka a prim\u00e1rka ARO N\u00e1rodn\u00e9ho onkologick\u00e9ho \u00fastavu Andrea Letanovsk\u00e1, v tandeme s expremi\u00e9rom Eduardom Hegerom, ktor\u00fd kandiduje z druh\u00e9ho miesta. Tretie miesto patr\u00ed ob\u010dianskej aktivistke Andrey Cocherovej a zo \u0161tvrt\u00e9ho miesta kandiduje b\u00fdval\u00fd minister obrany Jaroslav Na\u010f. Prv\u00fa p\u00e4\u0165ku uzatv\u00e1ra bojovn\u00ed\u010dka za pr\u00e1va [&hellip;]<\/p>\n","protected":false},"author":7,"featured_media":1387,"comment_status":"closed","ping_status":"closed","sticky":false,"template":"","format":"standard","meta":{"_acf_changed":false,"ngg_post_thumbnail":0,"footnotes":""},"categories":[4],"tags":[],"class_list":["post-1385","post","type-post","status-publish","format-standard","has-post-thumbnail","hentry","category-tlacove-spravy"],"acf":[],"yoast_head":"<!-- This site is optimized with the Yoast SEO plugin v27.2 - https:\/\/yoast.com\/product\/yoast-seo-wordpress\/ -->\n<title>Hl\u00e1sime sa do slu\u017eby, aby sme porazili hrozby, ktor\u00fdm na Slovensku \u010del\u00edme - Smedemokrati.sk<\/title>\n<meta name=\"robots\" content=\"index, follow, max-snippet:-1, max-image-preview:large, max-video-preview:-1\" \/>\n<link rel=\"canonical\" href=\"https:\/\/www.smedemokrati.sk\/hu\/hlasime-sa-do-sluzby-aby-sme-porazili-hrozby-ktorym-na-slovensku-celime\/\" \/>\n<meta property=\"og:locale\" content=\"hu_HU\" \/>\n<meta property=\"og:locale:alternate\" content=\"en_US\" \/>\n<meta property=\"og:locale:alternate\" content=\"cs_CZ\" \/>\n<meta property=\"og:locale:alternate\" content=\"sk_SK\" \/>\n<meta property=\"og:locale:alternate\" content=\"sv_SE\" \/>\n<meta property=\"og:type\" content=\"article\" \/>\n<meta property=\"og:title\" content=\"Hl\u00e1sime sa do slu\u017eby, aby sme porazili hrozby, ktor\u00fdm na Slovensku \u010del\u00edme - Smedemokrati.sk\" \/>\n<meta property=\"og:description\" content=\"Strana Demokrati predstavila zlo\u017eenie kandid\u00e1tnej listiny do septembrov\u00fdch parlamentn\u00fdch volieb. Povedie ju z\u00e1chran\u00e1rka a prim\u00e1rka ARO N\u00e1rodn\u00e9ho onkologick\u00e9ho \u00fastavu Andrea Letanovsk\u00e1, v tandeme s expremi\u00e9rom Eduardom Hegerom, ktor\u00fd kandiduje z druh\u00e9ho miesta. Tretie miesto patr\u00ed ob\u010dianskej aktivistke Andrey Cocherovej a zo \u0161tvrt\u00e9ho miesta kandiduje b\u00fdval\u00fd minister obrany Jaroslav Na\u010f. Prv\u00fa p\u00e4\u0165ku uzatv\u00e1ra bojovn\u00ed\u010dka za pr\u00e1va [&hellip;]\" \/>\n<meta property=\"og:url\" content=\"https:\/\/www.smedemokrati.sk\/hu\/hlasime-sa-do-sluzby-aby-sme-porazili-hrozby-ktorym-na-slovensku-celime\/\" \/>\n<meta property=\"og:site_name\" content=\"Smedemokrati.sk\" \/>\n<meta property=\"article:publisher\" content=\"https:\/\/www.facebook.com\/smedemokrati2023\" \/>\n<meta property=\"article:published_time\" content=\"2023-07-03T11:33:38+00:00\" \/>\n<meta property=\"article:modified_time\" content=\"2023-07-26T18:11:21+00:00\" \/>\n<meta property=\"og:image\" content=\"https:\/\/www.smedemokrati.sk\/wp-content\/uploads\/2023\/07\/DSC2738.jpg\" \/>\n\t<meta property=\"og:image:width\" content=\"1920\" \/>\n\t<meta property=\"og:image:height\" content=\"1080\" \/>\n\t<meta property=\"og:image:type\" content=\"image\/jpeg\" \/>\n<meta name=\"author\" content=\"Tom\u00e1\u0161 Koppl\" \/>\n<meta name=\"twitter:card\" content=\"summary_large_image\" \/>\n<meta name=\"twitter:label1\" content=\"Szerz\u0151:\" \/>\n\t<meta name=\"twitter:data1\" content=\"Tom\u00e1\u0161 Koppl\" \/>\n\t<meta name=\"twitter:label2\" content=\"Becs\u00fclt olvas\u00e1si id\u0151\" \/>\n\t<meta name=\"twitter:data2\" content=\"3 perc\" \/>\n<script type=\"application\/ld+json\" class=\"yoast-schema-graph\">{\"@context\":\"https:\/\/schema.org\",\"@graph\":[{\"@type\":\"Article\",\"@id\":\"https:\/\/www.smedemokrati.sk\/hlasime-sa-do-sluzby-aby-sme-porazili-hrozby-ktorym-na-slovensku-celime\/#article\",\"isPartOf\":{\"@id\":\"https:\/\/www.smedemokrati.sk\/hlasime-sa-do-sluzby-aby-sme-porazili-hrozby-ktorym-na-slovensku-celime\/\"},\"author\":{\"name\":\"Tom\u00e1\u0161 Koppl\",\"@id\":\"https:\/\/www.smedemokrati.sk\/#\/schema\/person\/c60720f4b9955b3c1ed222ebd1fbbc7c\"},\"headline\":\"Hl\u00e1sime sa do slu\u017eby, aby sme porazili hrozby, ktor\u00fdm na Slovensku \u010del\u00edme\",\"datePublished\":\"2023-07-03T11:33:38+00:00\",\"dateModified\":\"2023-07-26T18:11:21+00:00\",\"mainEntityOfPage\":{\"@id\":\"https:\/\/www.smedemokrati.sk\/hlasime-sa-do-sluzby-aby-sme-porazili-hrozby-ktorym-na-slovensku-celime\/\"},\"wordCount\":593,\"publisher\":{\"@id\":\"https:\/\/www.smedemokrati.sk\/#organization\"},\"image\":{\"@id\":\"https:\/\/www.smedemokrati.sk\/hlasime-sa-do-sluzby-aby-sme-porazili-hrozby-ktorym-na-slovensku-celime\/#primaryimage\"},\"thumbnailUrl\":\"https:\/\/www.smedemokrati.sk\/wp-content\/uploads\/2023\/07\/DSC2738.jpg\",\"articleSection\":[\"Tla\u010dov\u00e9 spr\u00e1vy\"],\"inLanguage\":\"hu-HU\"},{\"@type\":\"WebPage\",\"@id\":\"https:\/\/www.smedemokrati.sk\/hlasime-sa-do-sluzby-aby-sme-porazili-hrozby-ktorym-na-slovensku-celime\/\",\"url\":\"https:\/\/www.smedemokrati.sk\/hlasime-sa-do-sluzby-aby-sme-porazili-hrozby-ktorym-na-slovensku-celime\/\",\"name\":\"Hl\u00e1sime sa do slu\u017eby, aby sme porazili hrozby, ktor\u00fdm na Slovensku \u010del\u00edme - Smedemokrati.sk\",\"isPartOf\":{\"@id\":\"https:\/\/www.smedemokrati.sk\/#website\"},\"primaryImageOfPage\":{\"@id\":\"https:\/\/www.smedemokrati.sk\/hlasime-sa-do-sluzby-aby-sme-porazili-hrozby-ktorym-na-slovensku-celime\/#primaryimage\"},\"image\":{\"@id\":\"https:\/\/www.smedemokrati.sk\/hlasime-sa-do-sluzby-aby-sme-porazili-hrozby-ktorym-na-slovensku-celime\/#primaryimage\"},\"thumbnailUrl\":\"https:\/\/www.smedemokrati.sk\/wp-content\/uploads\/2023\/07\/DSC2738.jpg\",\"datePublished\":\"2023-07-03T11:33:38+00:00\",\"dateModified\":\"2023-07-26T18:11:21+00:00\",\"breadcrumb\":{\"@id\":\"https:\/\/www.smedemokrati.sk\/hlasime-sa-do-sluzby-aby-sme-porazili-hrozby-ktorym-na-slovensku-celime\/#breadcrumb\"},\"inLanguage\":\"hu-HU\",\"potentialAction\":[{\"@type\":\"ReadAction\",\"target\":[\"https:\/\/www.smedemokrati.sk\/hlasime-sa-do-sluzby-aby-sme-porazili-hrozby-ktorym-na-slovensku-celime\/\"]}]},{\"@type\":\"ImageObject\",\"inLanguage\":\"hu-HU\",\"@id\":\"https:\/\/www.smedemokrati.sk\/hlasime-sa-do-sluzby-aby-sme-porazili-hrozby-ktorym-na-slovensku-celime\/#primaryimage\",\"url\":\"https:\/\/www.smedemokrati.sk\/wp-content\/uploads\/2023\/07\/DSC2738.jpg\",\"contentUrl\":\"https:\/\/www.smedemokrati.sk\/wp-content\/uploads\/2023\/07\/DSC2738.jpg\",\"width\":1920,\"height\":1080},{\"@type\":\"BreadcrumbList\",\"@id\":\"https:\/\/www.smedemokrati.sk\/hlasime-sa-do-sluzby-aby-sme-porazili-hrozby-ktorym-na-slovensku-celime\/#breadcrumb\",\"itemListElement\":[{\"@type\":\"ListItem\",\"position\":1,\"name\":\"Domovsk\u00e1 str\u00e1nka\",\"item\":\"https:\/\/www.smedemokrati.sk\/\"},{\"@type\":\"ListItem\",\"position\":2,\"name\":\"Hl\u00e1sime sa do slu\u017eby, aby sme porazili hrozby, ktor\u00fdm na Slovensku \u010del\u00edme\"}]},{\"@type\":\"WebSite\",\"@id\":\"https:\/\/www.smedemokrati.sk\/#website\",\"url\":\"https:\/\/www.smedemokrati.sk\/\",\"name\":\"Smedemokrati.sk\",\"description\":\"Demokracia a slu\u0161nos\u0165 zv\u00ed\u0165az\u00ed\",\"publisher\":{\"@id\":\"https:\/\/www.smedemokrati.sk\/#organization\"},\"potentialAction\":[{\"@type\":\"SearchAction\",\"target\":{\"@type\":\"EntryPoint\",\"urlTemplate\":\"https:\/\/www.smedemokrati.sk\/?s={search_term_string}\"},\"query-input\":{\"@type\":\"PropertyValueSpecification\",\"valueRequired\":true,\"valueName\":\"search_term_string\"}}],\"inLanguage\":\"hu-HU\"},{\"@type\":\"Organization\",\"@id\":\"https:\/\/www.smedemokrati.sk\/#organization\",\"name\":\"Smedemokrati.sk\",\"url\":\"https:\/\/www.smedemokrati.sk\/\",\"logo\":{\"@type\":\"ImageObject\",\"inLanguage\":\"hu-HU\",\"@id\":\"https:\/\/www.smedemokrati.sk\/#\/schema\/logo\/image\/\",\"url\":\"https:\/\/www.smedemokrati.sk\/wp-content\/uploads\/2023\/04\/ff.002.jpeg\",\"contentUrl\":\"https:\/\/www.smedemokrati.sk\/wp-content\/uploads\/2023\/04\/ff.002.jpeg\",\"width\":640,\"height\":480,\"caption\":\"Smedemokrati.sk\"},\"image\":{\"@id\":\"https:\/\/www.smedemokrati.sk\/#\/schema\/logo\/image\/\"},\"sameAs\":[\"https:\/\/www.facebook.com\/smedemokrati2023\"]},{\"@type\":\"Person\",\"@id\":\"https:\/\/www.smedemokrati.sk\/#\/schema\/person\/c60720f4b9955b3c1ed222ebd1fbbc7c\",\"name\":\"Tom\u00e1\u0161 Koppl\",\"image\":{\"@type\":\"ImageObject\",\"inLanguage\":\"hu-HU\",\"@id\":\"https:\/\/secure.gravatar.com\/avatar\/8dfa38373c5e39821baf74c8e867a6f12e12c6dab6559aa999d10703b0b1c4ce?s=96&d=mm&r=g\",\"url\":\"https:\/\/secure.gravatar.com\/avatar\/8dfa38373c5e39821baf74c8e867a6f12e12c6dab6559aa999d10703b0b1c4ce?s=96&d=mm&r=g\",\"contentUrl\":\"https:\/\/secure.gravatar.com\/avatar\/8dfa38373c5e39821baf74c8e867a6f12e12c6dab6559aa999d10703b0b1c4ce?s=96&d=mm&r=g\",\"caption\":\"Tom\u00e1\u0161 Koppl\"},\"url\":\"https:\/\/www.smedemokrati.sk\/hu\/author\/tomaskoppl\/\"}]}<\/script>\n<!-- \/ Yoast SEO plugin. -->","yoast_head_json":{"title":"Hl\u00e1sime sa do slu\u017eby, aby sme porazili hrozby, ktor\u00fdm na Slovensku \u010del\u00edme - Smedemokrati.sk","robots":{"index":"index","follow":"follow","max-snippet":"max-snippet:-1","max-image-preview":"max-image-preview:large","max-video-preview":"max-video-preview:-1"},"canonical":"https:\/\/www.smedemokrati.sk\/hu\/hlasime-sa-do-sluzby-aby-sme-porazili-hrozby-ktorym-na-slovensku-celime\/","og_locale":"hu_HU","og_type":"article","og_title":"Hl\u00e1sime sa do slu\u017eby, aby sme porazili hrozby, ktor\u00fdm na Slovensku \u010del\u00edme - Smedemokrati.sk","og_description":"Strana Demokrati predstavila zlo\u017eenie kandid\u00e1tnej listiny do septembrov\u00fdch parlamentn\u00fdch volieb. Povedie ju z\u00e1chran\u00e1rka a prim\u00e1rka ARO N\u00e1rodn\u00e9ho onkologick\u00e9ho \u00fastavu Andrea Letanovsk\u00e1, v tandeme s expremi\u00e9rom Eduardom Hegerom, ktor\u00fd kandiduje z druh\u00e9ho miesta. Tretie miesto patr\u00ed ob\u010dianskej aktivistke Andrey Cocherovej a zo \u0161tvrt\u00e9ho miesta kandiduje b\u00fdval\u00fd minister obrany Jaroslav Na\u010f. Prv\u00fa p\u00e4\u0165ku uzatv\u00e1ra bojovn\u00ed\u010dka za pr\u00e1va [&hellip;]","og_url":"https:\/\/www.smedemokrati.sk\/hu\/hlasime-sa-do-sluzby-aby-sme-porazili-hrozby-ktorym-na-slovensku-celime\/","og_site_name":"Smedemokrati.sk","article_publisher":"https:\/\/www.facebook.com\/smedemokrati2023","article_published_time":"2023-07-03T11:33:38+00:00","article_modified_time":"2023-07-26T18:11:21+00:00","og_image":[{"width":1920,"height":1080,"url":"https:\/\/www.smedemokrati.sk\/wp-content\/uploads\/2023\/07\/DSC2738.jpg","type":"image\/jpeg"}],"author":"Tom\u00e1\u0161 Koppl","twitter_card":"summary_large_image","twitter_misc":{"Szerz\u0151:":"Tom\u00e1\u0161 Koppl","Becs\u00fclt olvas\u00e1si id\u0151":"3 perc"},"schema":{"@context":"https:\/\/schema.org","@graph":[{"@type":"Article","@id":"https:\/\/www.smedemokrati.sk\/hlasime-sa-do-sluzby-aby-sme-porazili-hrozby-ktorym-na-slovensku-celime\/#article","isPartOf":{"@id":"https:\/\/www.smedemokrati.sk\/hlasime-sa-do-sluzby-aby-sme-porazili-hrozby-ktorym-na-slovensku-celime\/"},"author":{"name":"Tom\u00e1\u0161 Koppl","@id":"https:\/\/www.smedemokrati.sk\/#\/schema\/person\/c60720f4b9955b3c1ed222ebd1fbbc7c"},"headline":"Hl\u00e1sime sa do slu\u017eby, aby sme porazili hrozby, ktor\u00fdm na Slovensku \u010del\u00edme","datePublished":"2023-07-03T11:33:38+00:00","dateModified":"2023-07-26T18:11:21+00:00","mainEntityOfPage":{"@id":"https:\/\/www.smedemokrati.sk\/hlasime-sa-do-sluzby-aby-sme-porazili-hrozby-ktorym-na-slovensku-celime\/"},"wordCount":593,"publisher":{"@id":"https:\/\/www.smedemokrati.sk\/#organization"},"image":{"@id":"https:\/\/www.smedemokrati.sk\/hlasime-sa-do-sluzby-aby-sme-porazili-hrozby-ktorym-na-slovensku-celime\/#primaryimage"},"thumbnailUrl":"https:\/\/www.smedemokrati.sk\/wp-content\/uploads\/2023\/07\/DSC2738.jpg","articleSection":["Tla\u010dov\u00e9 spr\u00e1vy"],"inLanguage":"hu-HU"},{"@type":"WebPage","@id":"https:\/\/www.smedemokrati.sk\/hlasime-sa-do-sluzby-aby-sme-porazili-hrozby-ktorym-na-slovensku-celime\/","url":"https:\/\/www.smedemokrati.sk\/hlasime-sa-do-sluzby-aby-sme-porazili-hrozby-ktorym-na-slovensku-celime\/","name":"Hl\u00e1sime sa do slu\u017eby, aby sme porazili hrozby, ktor\u00fdm na Slovensku \u010del\u00edme - Smedemokrati.sk","isPartOf":{"@id":"https:\/\/www.smedemokrati.sk\/#website"},"primaryImageOfPage":{"@id":"https:\/\/www.smedemokrati.sk\/hlasime-sa-do-sluzby-aby-sme-porazili-hrozby-ktorym-na-slovensku-celime\/#primaryimage"},"image":{"@id":"https:\/\/www.smedemokrati.sk\/hlasime-sa-do-sluzby-aby-sme-porazili-hrozby-ktorym-na-slovensku-celime\/#primaryimage"},"thumbnailUrl":"https:\/\/www.smedemokrati.sk\/wp-content\/uploads\/2023\/07\/DSC2738.jpg","datePublished":"2023-07-03T11:33:38+00:00","dateModified":"2023-07-26T18:11:21+00:00","breadcrumb":{"@id":"https:\/\/www.smedemokrati.sk\/hlasime-sa-do-sluzby-aby-sme-porazili-hrozby-ktorym-na-slovensku-celime\/#breadcrumb"},"inLanguage":"hu-HU","potentialAction":[{"@type":"ReadAction","target":["https:\/\/www.smedemokrati.sk\/hlasime-sa-do-sluzby-aby-sme-porazili-hrozby-ktorym-na-slovensku-celime\/"]}]},{"@type":"ImageObject","inLanguage":"hu-HU","@id":"https:\/\/www.smedemokrati.sk\/hlasime-sa-do-sluzby-aby-sme-porazili-hrozby-ktorym-na-slovensku-celime\/#primaryimage","url":"https:\/\/www.smedemokrati.sk\/wp-content\/uploads\/2023\/07\/DSC2738.jpg","contentUrl":"https:\/\/www.smedemokrati.sk\/wp-content\/uploads\/2023\/07\/DSC2738.jpg","width":1920,"height":1080},{"@type":"BreadcrumbList","@id":"https:\/\/www.smedemokrati.sk\/hlasime-sa-do-sluzby-aby-sme-porazili-hrozby-ktorym-na-slovensku-celime\/#breadcrumb","itemListElement":[{"@type":"ListItem","position":1,"name":"Domovsk\u00e1 str\u00e1nka","item":"https:\/\/www.smedemokrati.sk\/"},{"@type":"ListItem","position":2,"name":"Hl\u00e1sime sa do slu\u017eby, aby sme porazili hrozby, ktor\u00fdm na Slovensku \u010del\u00edme"}]},{"@type":"WebSite","@id":"https:\/\/www.smedemokrati.sk\/#website","url":"https:\/\/www.smedemokrati.sk\/","name":"Smedemokrati.sk","description":"Demokracia a slu\u0161nos\u0165 zv\u00ed\u0165az\u00ed","publisher":{"@id":"https:\/\/www.smedemokrati.sk\/#organization"},"potentialAction":[{"@type":"SearchAction","target":{"@type":"EntryPoint","urlTemplate":"https:\/\/www.smedemokrati.sk\/?s={search_term_string}"},"query-input":{"@type":"PropertyValueSpecification","valueRequired":true,"valueName":"search_term_string"}}],"inLanguage":"hu-HU"},{"@type":"Organization","@id":"https:\/\/www.smedemokrati.sk\/#organization","name":"Smedemokrati.sk","url":"https:\/\/www.smedemokrati.sk\/","logo":{"@type":"ImageObject","inLanguage":"hu-HU","@id":"https:\/\/www.smedemokrati.sk\/#\/schema\/logo\/image\/","url":"https:\/\/www.smedemokrati.sk\/wp-content\/uploads\/2023\/04\/ff.002.jpeg","contentUrl":"https:\/\/www.smedemokrati.sk\/wp-content\/uploads\/2023\/04\/ff.002.jpeg","width":640,"height":480,"caption":"Smedemokrati.sk"},"image":{"@id":"https:\/\/www.smedemokrati.sk\/#\/schema\/logo\/image\/"},"sameAs":["https:\/\/www.facebook.com\/smedemokrati2023"]},{"@type":"Person","@id":"https:\/\/www.smedemokrati.sk\/#\/schema\/person\/c60720f4b9955b3c1ed222ebd1fbbc7c","name":"Tom\u00e1\u0161 Koppl","image":{"@type":"ImageObject","inLanguage":"hu-HU","@id":"https:\/\/secure.gravatar.com\/avatar\/8dfa38373c5e39821baf74c8e867a6f12e12c6dab6559aa999d10703b0b1c4ce?s=96&d=mm&r=g","url":"https:\/\/secure.gravatar.com\/avatar\/8dfa38373c5e39821baf74c8e867a6f12e12c6dab6559aa999d10703b0b1c4ce?s=96&d=mm&r=g","contentUrl":"https:\/\/secure.gravatar.com\/avatar\/8dfa38373c5e39821baf74c8e867a6f12e12c6dab6559aa999d10703b0b1c4ce?s=96&d=mm&r=g","caption":"Tom\u00e1\u0161 Koppl"},"url":"https:\/\/www.smedemokrati.sk\/hu\/author\/tomaskoppl\/"}]}},"_links":{"self":[{"href":"https:\/\/www.smedemokrati.sk\/hu\/wp-json\/wp\/v2\/posts\/1385","targetHints":{"allow":["GET"]}}],"collection":[{"href":"https:\/\/www.smedemokrati.sk\/hu\/wp-json\/wp\/v2\/posts"}],"about":[{"href":"https:\/\/www.smedemokrati.sk\/hu\/wp-json\/wp\/v2\/types\/post"}],"author":[{"embeddable":true,"href":"https:\/\/www.smedemokrati.sk\/hu\/wp-json\/wp\/v2\/users\/7"}],"replies":[{"embeddable":true,"href":"https:\/\/www.smedemokrati.sk\/hu\/wp-json\/wp\/v2\/comments?post=1385"}],"version-history":[{"count":3,"href":"https:\/\/www.smedemokrati.sk\/hu\/wp-json\/wp\/v2\/posts\/1385\/revisions"}],"predecessor-version":[{"id":1592,"href":"https:\/\/www.smedemokrati.sk\/hu\/wp-json\/wp\/v2\/posts\/1385\/revisions\/1592"}],"wp:featuredmedia":[{"embeddable":true,"href":"https:\/\/www.smedemokrati.sk\/hu\/wp-json\/wp\/v2\/media\/1387"}],"wp:attachment":[{"href":"https:\/\/www.smedemokrati.sk\/hu\/wp-json\/wp\/v2\/media?parent=1385"}],"wp:term":[{"taxonomy":"category","embeddable":true,"href":"https:\/\/www.smedemokrati.sk\/hu\/wp-json\/wp\/v2\/categories?post=1385"},{"taxonomy":"post_tag","embeddable":true,"href":"https:\/\/www.smedemokrati.sk\/hu\/wp-json\/wp\/v2\/tags?post=1385"}],"curies":[{"name":"wp","href":"https:\/\/api.w.org\/{rel}","templated":true}]}}