{"id":1353,"date":"2023-06-29T17:51:05","date_gmt":"2023-06-29T15:51:05","guid":{"rendered":"https:\/\/www.smedemokrati.sk\/?p=1353"},"modified":"2023-06-29T17:51:06","modified_gmt":"2023-06-29T15:51:06","slug":"vlady-r-fica-darovali-miliony-kusov-municie-a-rozpredali-bojove-vozidla-pechoty","status":"publish","type":"post","link":"https:\/\/www.smedemokrati.sk\/hu\/vlady-r-fica-darovali-miliony-kusov-municie-a-rozpredali-bojove-vozidla-pechoty\/","title":{"rendered":"Vl\u00e1dy R. Fica darovali mili\u00f3ny kusov mun\u00edcie a rozpredali bojov\u00e9 vozidla pechoty"},"content":{"rendered":"<div id=\"fb-root\"><\/div>\n\n<p><strong>Podpredseda Demokratov J. Na\u010f v reakcii na ofici\u00e1lny materi\u00e1l Ministerstva obrany SR, ktor\u00fd hovor\u00ed o darovan\u00ed a rozpredan\u00ed majetku Ozbrojen\u00fdch s\u00edl SR za zlomkov\u00e9 ceny za vl\u00e1d R. Fica uviedol, \u017ee \u0161af\u00e1renie Smeru obralo vojakov o mili\u00f3ny kusov materi\u00e1lu a tis\u00edcky kusov vojenskej techniky. \u00a0<\/strong><\/p>\n\n\n\n<p>Materi\u00e1l poukazuje na fakt, \u017ee za vl\u00e1d R. Fica bolo darovan\u00fdch len do Afganistanu, Iraku a Konga 3 mil. ks n\u00e1bojov, 45 tis\u00edc ks mun\u00edcie do h\u00fafnic, takmer 800 pi\u0161tol\u00ed \u010di vy\u0161e 600 gu\u013eometov. J. Na\u010f d\u00f4razne upozornil, \u017ee SR dostala za tieto dary kompenz\u00e1ciu vo v\u00fd\u0161ke 0\u20ac, pri\u010dom vl\u00e1da E. Hegera za pomoc napadnutej Ukrajine dostala kompenz\u00e1ciu na \u00farovni vy\u0161e 1 miliardy eur. &nbsp;<\/p>\n\n\n\n<p>Okrem toho pripomenul, \u017ee pod\u013ea OS SR za posledn\u00fdch 30 rokov sa stav vojenskej techniky zn\u00ed\u017eil o 132 lietadiel, takmer 1 100 bojov\u00fdch vozidiel pechoty a obrnen\u00fdch transport\u00e9rov a 950 tankov. <strong>\u201eProbl\u00e9mom je, \u017ee drviv\u00e1 v\u00e4\u010d\u0161ina \u00fadajov z MO SR je zoskartovan\u00e1 a ned\u00e1 sa doh\u013eada\u0165 komu a za ko\u013eko bol materi\u00e1l darovan\u00fd alebo predan\u00fd. V pr\u00edpadoch, kedy to z\u00e1znamy ukazuj\u00fa, je preuk\u00e1zate\u013en\u00e9, \u017ee R. Fico predal napr\u00edklad bojov\u00e9 vozidla pechoty za 3 641 eur, alebo 3 vrtu\u013en\u00edky Mi24 za 756 690\u20ac. Samozrejme, zoznam je siahodlh\u00fd s tis\u00edckami polo\u017eiek. Ak teraz R. Fico tvrd\u00ed, \u017ee sme zn\u00ed\u017eili obranyschopnos\u0165 Slovenska, toto je d\u00f4kaz, \u017ee klame.\u201d<\/strong> Reagoval podpredseda Demokratov a upozornil, \u017ee \u010dasto bola vojensk\u00e1 technika darovan\u00e1 pofid\u00e9rnym osob\u00e1m a dokonca, bola zneu\u017e\u00edvan\u00e1 v prospech extr\u00e9mistickej polovojenskej organiz\u00e1cie Slovensk\u00ed branci, ktor\u00ed maj\u00fa priame napojenie na Rusko.<\/p>\n\n\n\n<p>\u010clen predsedn\u00edctva Demokrati Juraj \u0160eliga na\u010drtol, \u017ee vo volebnom programe strany je jednoduch\u00e9 opatrenie, ktor\u00e9 pom\u00f4\u017ee transparentnosti a obmedz\u00ed snahy rozkr\u00e1da\u0165 verejn\u00fd majetok. <strong>\u201eVl\u00e1da ka\u017ed\u00fdch 6 mesiacov predlo\u017e\u00ed parlamentu zoznam majetku \u0161t\u00e1tu, ktor\u00fd predala alebo darovala. \u013dudia uvidia, ako sa nar\u00e1ba s majetkom \u0161t\u00e1tu. Zv\u00fd\u0161i sa verejn\u00e1 kontrola a bude to transparentnej\u0161ie, preto\u017ee na jednom mieste si v\u0161etci bud\u00fa m\u00f4c\u0165 pre\u010d\u00edta\u0165, \u010do, komu a za ko\u013eko \u0161t\u00e1t predal. Je to jednoduch\u00e9 opatrenie, ni\u010d to nebude st\u00e1\u0165 a ochr\u00e1ni majetok \u0161t\u00e1tu,\u201c<\/strong> uviedol J. \u0160eliga s d\u00f4vetkom, \u017ee Demokrati chc\u00fa \u0161t\u00e1t, ktor\u00fd ni\u010d neskr\u00fdva.<\/p>\n\n\n\n<figure class=\"wp-block-image size-large\"><img decoding=\"async\" width=\"1024\" height=\"576\" src=\"https:\/\/www.smedemokrati.sk\/wp-content\/uploads\/2023\/06\/1-1-1024x576.jpg\" alt=\"\" class=\"wp-image-1354\" srcset=\"https:\/\/www.smedemokrati.sk\/wp-content\/uploads\/2023\/06\/1-1-1024x576.jpg 1024w, https:\/\/www.smedemokrati.sk\/wp-content\/uploads\/2023\/06\/1-1-300x169.jpg 300w, https:\/\/www.smedemokrati.sk\/wp-content\/uploads\/2023\/06\/1-1-768x432.jpg 768w, https:\/\/www.smedemokrati.sk\/wp-content\/uploads\/2023\/06\/1-1-1536x864.jpg 1536w, https:\/\/www.smedemokrati.sk\/wp-content\/uploads\/2023\/06\/1-1.jpg 1920w\" sizes=\"(max-width: 1024px) 100vw, 1024px\" \/><\/figure>\n","protected":false},"excerpt":{"rendered":"<p>Podpredseda Demokratov J. Na\u010f v reakcii na ofici\u00e1lny materi\u00e1l Ministerstva obrany SR, ktor\u00fd hovor\u00ed o darovan\u00ed a rozpredan\u00ed majetku Ozbrojen\u00fdch s\u00edl SR za zlomkov\u00e9 ceny za vl\u00e1d R. Fica uviedol, \u017ee \u0161af\u00e1renie Smeru obralo vojakov o mili\u00f3ny kusov materi\u00e1lu a tis\u00edcky kusov vojenskej techniky. \u00a0 Materi\u00e1l poukazuje na fakt, \u017ee za vl\u00e1d R. Fica bolo [&hellip;]<\/p>\n","protected":false},"author":7,"featured_media":1355,"comment_status":"closed","ping_status":"closed","sticky":false,"template":"","format":"standard","meta":{"_acf_changed":false,"ngg_post_thumbnail":0,"footnotes":""},"categories":[4],"tags":[],"class_list":["post-1353","post","type-post","status-publish","format-standard","has-post-thumbnail","hentry","category-tlacove-spravy"],"acf":[],"yoast_head":"<!-- This site is optimized with the Yoast SEO plugin v27.2 - https:\/\/yoast.com\/product\/yoast-seo-wordpress\/ -->\n<title>Vl\u00e1dy R. Fica darovali mili\u00f3ny kusov mun\u00edcie a rozpredali bojov\u00e9 vozidla pechoty - Smedemokrati.sk<\/title>\n<meta name=\"robots\" content=\"index, follow, max-snippet:-1, max-image-preview:large, max-video-preview:-1\" \/>\n<link rel=\"canonical\" href=\"https:\/\/www.smedemokrati.sk\/hu\/vlady-r-fica-darovali-miliony-kusov-municie-a-rozpredali-bojove-vozidla-pechoty\/\" \/>\n<meta property=\"og:locale\" content=\"hu_HU\" \/>\n<meta property=\"og:locale:alternate\" content=\"en_US\" \/>\n<meta property=\"og:locale:alternate\" content=\"cs_CZ\" \/>\n<meta property=\"og:locale:alternate\" content=\"sk_SK\" \/>\n<meta property=\"og:locale:alternate\" content=\"sv_SE\" \/>\n<meta property=\"og:type\" content=\"article\" \/>\n<meta property=\"og:title\" content=\"Vl\u00e1dy R. Fica darovali mili\u00f3ny kusov mun\u00edcie a rozpredali bojov\u00e9 vozidla pechoty - Smedemokrati.sk\" \/>\n<meta property=\"og:description\" content=\"Podpredseda Demokratov J. Na\u010f v reakcii na ofici\u00e1lny materi\u00e1l Ministerstva obrany SR, ktor\u00fd hovor\u00ed o darovan\u00ed a rozpredan\u00ed majetku Ozbrojen\u00fdch s\u00edl SR za zlomkov\u00e9 ceny za vl\u00e1d R. Fica uviedol, \u017ee \u0161af\u00e1renie Smeru obralo vojakov o mili\u00f3ny kusov materi\u00e1lu a tis\u00edcky kusov vojenskej techniky. \u00a0 Materi\u00e1l poukazuje na fakt, \u017ee za vl\u00e1d R. Fica bolo [&hellip;]\" \/>\n<meta property=\"og:url\" content=\"https:\/\/www.smedemokrati.sk\/hu\/vlady-r-fica-darovali-miliony-kusov-municie-a-rozpredali-bojove-vozidla-pechoty\/\" \/>\n<meta property=\"og:site_name\" content=\"Smedemokrati.sk\" \/>\n<meta property=\"article:publisher\" content=\"https:\/\/www.facebook.com\/smedemokrati2023\" \/>\n<meta property=\"article:published_time\" content=\"2023-06-29T15:51:05+00:00\" \/>\n<meta property=\"article:modified_time\" content=\"2023-06-29T15:51:06+00:00\" \/>\n<meta property=\"og:image\" content=\"https:\/\/www.smedemokrati.sk\/wp-content\/uploads\/2023\/06\/fico.jpg\" \/>\n\t<meta property=\"og:image:width\" content=\"1920\" \/>\n\t<meta property=\"og:image:height\" content=\"1080\" \/>\n\t<meta property=\"og:image:type\" content=\"image\/jpeg\" \/>\n<meta name=\"author\" content=\"Tom\u00e1\u0161 Koppl\" \/>\n<meta name=\"twitter:card\" content=\"summary_large_image\" \/>\n<meta name=\"twitter:label1\" content=\"Szerz\u0151:\" \/>\n\t<meta name=\"twitter:data1\" content=\"Tom\u00e1\u0161 Koppl\" \/>\n\t<meta name=\"twitter:label2\" content=\"Becs\u00fclt olvas\u00e1si id\u0151\" \/>\n\t<meta name=\"twitter:data2\" content=\"3 perc\" \/>\n<script type=\"application\/ld+json\" class=\"yoast-schema-graph\">{\"@context\":\"https:\/\/schema.org\",\"@graph\":[{\"@type\":\"Article\",\"@id\":\"https:\/\/www.smedemokrati.sk\/vlady-r-fica-darovali-miliony-kusov-municie-a-rozpredali-bojove-vozidla-pechoty\/#article\",\"isPartOf\":{\"@id\":\"https:\/\/www.smedemokrati.sk\/vlady-r-fica-darovali-miliony-kusov-municie-a-rozpredali-bojove-vozidla-pechoty\/\"},\"author\":{\"name\":\"Tom\u00e1\u0161 Koppl\",\"@id\":\"https:\/\/www.smedemokrati.sk\/#\/schema\/person\/c60720f4b9955b3c1ed222ebd1fbbc7c\"},\"headline\":\"Vl\u00e1dy R. Fica darovali mili\u00f3ny kusov mun\u00edcie a rozpredali bojov\u00e9 vozidla pechoty\",\"datePublished\":\"2023-06-29T15:51:05+00:00\",\"dateModified\":\"2023-06-29T15:51:06+00:00\",\"mainEntityOfPage\":{\"@id\":\"https:\/\/www.smedemokrati.sk\/vlady-r-fica-darovali-miliony-kusov-municie-a-rozpredali-bojove-vozidla-pechoty\/\"},\"wordCount\":409,\"publisher\":{\"@id\":\"https:\/\/www.smedemokrati.sk\/#organization\"},\"image\":{\"@id\":\"https:\/\/www.smedemokrati.sk\/vlady-r-fica-darovali-miliony-kusov-municie-a-rozpredali-bojove-vozidla-pechoty\/#primaryimage\"},\"thumbnailUrl\":\"https:\/\/www.smedemokrati.sk\/wp-content\/uploads\/2023\/06\/fico.jpg\",\"articleSection\":[\"Tla\u010dov\u00e9 spr\u00e1vy\"],\"inLanguage\":\"hu-HU\"},{\"@type\":\"WebPage\",\"@id\":\"https:\/\/www.smedemokrati.sk\/vlady-r-fica-darovali-miliony-kusov-municie-a-rozpredali-bojove-vozidla-pechoty\/\",\"url\":\"https:\/\/www.smedemokrati.sk\/vlady-r-fica-darovali-miliony-kusov-municie-a-rozpredali-bojove-vozidla-pechoty\/\",\"name\":\"Vl\u00e1dy R. Fica darovali mili\u00f3ny kusov mun\u00edcie a rozpredali bojov\u00e9 vozidla pechoty - Smedemokrati.sk\",\"isPartOf\":{\"@id\":\"https:\/\/www.smedemokrati.sk\/#website\"},\"primaryImageOfPage\":{\"@id\":\"https:\/\/www.smedemokrati.sk\/vlady-r-fica-darovali-miliony-kusov-municie-a-rozpredali-bojove-vozidla-pechoty\/#primaryimage\"},\"image\":{\"@id\":\"https:\/\/www.smedemokrati.sk\/vlady-r-fica-darovali-miliony-kusov-municie-a-rozpredali-bojove-vozidla-pechoty\/#primaryimage\"},\"thumbnailUrl\":\"https:\/\/www.smedemokrati.sk\/wp-content\/uploads\/2023\/06\/fico.jpg\",\"datePublished\":\"2023-06-29T15:51:05+00:00\",\"dateModified\":\"2023-06-29T15:51:06+00:00\",\"breadcrumb\":{\"@id\":\"https:\/\/www.smedemokrati.sk\/vlady-r-fica-darovali-miliony-kusov-municie-a-rozpredali-bojove-vozidla-pechoty\/#breadcrumb\"},\"inLanguage\":\"hu-HU\",\"potentialAction\":[{\"@type\":\"ReadAction\",\"target\":[\"https:\/\/www.smedemokrati.sk\/vlady-r-fica-darovali-miliony-kusov-municie-a-rozpredali-bojove-vozidla-pechoty\/\"]}]},{\"@type\":\"ImageObject\",\"inLanguage\":\"hu-HU\",\"@id\":\"https:\/\/www.smedemokrati.sk\/vlady-r-fica-darovali-miliony-kusov-municie-a-rozpredali-bojove-vozidla-pechoty\/#primaryimage\",\"url\":\"https:\/\/www.smedemokrati.sk\/wp-content\/uploads\/2023\/06\/fico.jpg\",\"contentUrl\":\"https:\/\/www.smedemokrati.sk\/wp-content\/uploads\/2023\/06\/fico.jpg\",\"width\":1920,\"height\":1080},{\"@type\":\"BreadcrumbList\",\"@id\":\"https:\/\/www.smedemokrati.sk\/vlady-r-fica-darovali-miliony-kusov-municie-a-rozpredali-bojove-vozidla-pechoty\/#breadcrumb\",\"itemListElement\":[{\"@type\":\"ListItem\",\"position\":1,\"name\":\"Domovsk\u00e1 str\u00e1nka\",\"item\":\"https:\/\/www.smedemokrati.sk\/\"},{\"@type\":\"ListItem\",\"position\":2,\"name\":\"Vl\u00e1dy R. Fica darovali mili\u00f3ny kusov mun\u00edcie a rozpredali bojov\u00e9 vozidla pechoty\"}]},{\"@type\":\"WebSite\",\"@id\":\"https:\/\/www.smedemokrati.sk\/#website\",\"url\":\"https:\/\/www.smedemokrati.sk\/\",\"name\":\"Smedemokrati.sk\",\"description\":\"Demokracia a slu\u0161nos\u0165 zv\u00ed\u0165az\u00ed\",\"publisher\":{\"@id\":\"https:\/\/www.smedemokrati.sk\/#organization\"},\"potentialAction\":[{\"@type\":\"SearchAction\",\"target\":{\"@type\":\"EntryPoint\",\"urlTemplate\":\"https:\/\/www.smedemokrati.sk\/?s={search_term_string}\"},\"query-input\":{\"@type\":\"PropertyValueSpecification\",\"valueRequired\":true,\"valueName\":\"search_term_string\"}}],\"inLanguage\":\"hu-HU\"},{\"@type\":\"Organization\",\"@id\":\"https:\/\/www.smedemokrati.sk\/#organization\",\"name\":\"Smedemokrati.sk\",\"url\":\"https:\/\/www.smedemokrati.sk\/\",\"logo\":{\"@type\":\"ImageObject\",\"inLanguage\":\"hu-HU\",\"@id\":\"https:\/\/www.smedemokrati.sk\/#\/schema\/logo\/image\/\",\"url\":\"https:\/\/www.smedemokrati.sk\/wp-content\/uploads\/2023\/04\/ff.002.jpeg\",\"contentUrl\":\"https:\/\/www.smedemokrati.sk\/wp-content\/uploads\/2023\/04\/ff.002.jpeg\",\"width\":640,\"height\":480,\"caption\":\"Smedemokrati.sk\"},\"image\":{\"@id\":\"https:\/\/www.smedemokrati.sk\/#\/schema\/logo\/image\/\"},\"sameAs\":[\"https:\/\/www.facebook.com\/smedemokrati2023\"]},{\"@type\":\"Person\",\"@id\":\"https:\/\/www.smedemokrati.sk\/#\/schema\/person\/c60720f4b9955b3c1ed222ebd1fbbc7c\",\"name\":\"Tom\u00e1\u0161 Koppl\",\"image\":{\"@type\":\"ImageObject\",\"inLanguage\":\"hu-HU\",\"@id\":\"https:\/\/secure.gravatar.com\/avatar\/8dfa38373c5e39821baf74c8e867a6f12e12c6dab6559aa999d10703b0b1c4ce?s=96&d=mm&r=g\",\"url\":\"https:\/\/secure.gravatar.com\/avatar\/8dfa38373c5e39821baf74c8e867a6f12e12c6dab6559aa999d10703b0b1c4ce?s=96&d=mm&r=g\",\"contentUrl\":\"https:\/\/secure.gravatar.com\/avatar\/8dfa38373c5e39821baf74c8e867a6f12e12c6dab6559aa999d10703b0b1c4ce?s=96&d=mm&r=g\",\"caption\":\"Tom\u00e1\u0161 Koppl\"},\"url\":\"https:\/\/www.smedemokrati.sk\/hu\/author\/tomaskoppl\/\"}]}<\/script>\n<!-- \/ Yoast SEO plugin. -->","yoast_head_json":{"title":"Vl\u00e1dy R. Fica darovali mili\u00f3ny kusov mun\u00edcie a rozpredali bojov\u00e9 vozidla pechoty - Smedemokrati.sk","robots":{"index":"index","follow":"follow","max-snippet":"max-snippet:-1","max-image-preview":"max-image-preview:large","max-video-preview":"max-video-preview:-1"},"canonical":"https:\/\/www.smedemokrati.sk\/hu\/vlady-r-fica-darovali-miliony-kusov-municie-a-rozpredali-bojove-vozidla-pechoty\/","og_locale":"hu_HU","og_type":"article","og_title":"Vl\u00e1dy R. Fica darovali mili\u00f3ny kusov mun\u00edcie a rozpredali bojov\u00e9 vozidla pechoty - Smedemokrati.sk","og_description":"Podpredseda Demokratov J. Na\u010f v reakcii na ofici\u00e1lny materi\u00e1l Ministerstva obrany SR, ktor\u00fd hovor\u00ed o darovan\u00ed a rozpredan\u00ed majetku Ozbrojen\u00fdch s\u00edl SR za zlomkov\u00e9 ceny za vl\u00e1d R. Fica uviedol, \u017ee \u0161af\u00e1renie Smeru obralo vojakov o mili\u00f3ny kusov materi\u00e1lu a tis\u00edcky kusov vojenskej techniky. \u00a0 Materi\u00e1l poukazuje na fakt, \u017ee za vl\u00e1d R. Fica bolo [&hellip;]","og_url":"https:\/\/www.smedemokrati.sk\/hu\/vlady-r-fica-darovali-miliony-kusov-municie-a-rozpredali-bojove-vozidla-pechoty\/","og_site_name":"Smedemokrati.sk","article_publisher":"https:\/\/www.facebook.com\/smedemokrati2023","article_published_time":"2023-06-29T15:51:05+00:00","article_modified_time":"2023-06-29T15:51:06+00:00","og_image":[{"width":1920,"height":1080,"url":"https:\/\/www.smedemokrati.sk\/wp-content\/uploads\/2023\/06\/fico.jpg","type":"image\/jpeg"}],"author":"Tom\u00e1\u0161 Koppl","twitter_card":"summary_large_image","twitter_misc":{"Szerz\u0151:":"Tom\u00e1\u0161 Koppl","Becs\u00fclt olvas\u00e1si id\u0151":"3 perc"},"schema":{"@context":"https:\/\/schema.org","@graph":[{"@type":"Article","@id":"https:\/\/www.smedemokrati.sk\/vlady-r-fica-darovali-miliony-kusov-municie-a-rozpredali-bojove-vozidla-pechoty\/#article","isPartOf":{"@id":"https:\/\/www.smedemokrati.sk\/vlady-r-fica-darovali-miliony-kusov-municie-a-rozpredali-bojove-vozidla-pechoty\/"},"author":{"name":"Tom\u00e1\u0161 Koppl","@id":"https:\/\/www.smedemokrati.sk\/#\/schema\/person\/c60720f4b9955b3c1ed222ebd1fbbc7c"},"headline":"Vl\u00e1dy R. Fica darovali mili\u00f3ny kusov mun\u00edcie a rozpredali bojov\u00e9 vozidla pechoty","datePublished":"2023-06-29T15:51:05+00:00","dateModified":"2023-06-29T15:51:06+00:00","mainEntityOfPage":{"@id":"https:\/\/www.smedemokrati.sk\/vlady-r-fica-darovali-miliony-kusov-municie-a-rozpredali-bojove-vozidla-pechoty\/"},"wordCount":409,"publisher":{"@id":"https:\/\/www.smedemokrati.sk\/#organization"},"image":{"@id":"https:\/\/www.smedemokrati.sk\/vlady-r-fica-darovali-miliony-kusov-municie-a-rozpredali-bojove-vozidla-pechoty\/#primaryimage"},"thumbnailUrl":"https:\/\/www.smedemokrati.sk\/wp-content\/uploads\/2023\/06\/fico.jpg","articleSection":["Tla\u010dov\u00e9 spr\u00e1vy"],"inLanguage":"hu-HU"},{"@type":"WebPage","@id":"https:\/\/www.smedemokrati.sk\/vlady-r-fica-darovali-miliony-kusov-municie-a-rozpredali-bojove-vozidla-pechoty\/","url":"https:\/\/www.smedemokrati.sk\/vlady-r-fica-darovali-miliony-kusov-municie-a-rozpredali-bojove-vozidla-pechoty\/","name":"Vl\u00e1dy R. Fica darovali mili\u00f3ny kusov mun\u00edcie a rozpredali bojov\u00e9 vozidla pechoty - Smedemokrati.sk","isPartOf":{"@id":"https:\/\/www.smedemokrati.sk\/#website"},"primaryImageOfPage":{"@id":"https:\/\/www.smedemokrati.sk\/vlady-r-fica-darovali-miliony-kusov-municie-a-rozpredali-bojove-vozidla-pechoty\/#primaryimage"},"image":{"@id":"https:\/\/www.smedemokrati.sk\/vlady-r-fica-darovali-miliony-kusov-municie-a-rozpredali-bojove-vozidla-pechoty\/#primaryimage"},"thumbnailUrl":"https:\/\/www.smedemokrati.sk\/wp-content\/uploads\/2023\/06\/fico.jpg","datePublished":"2023-06-29T15:51:05+00:00","dateModified":"2023-06-29T15:51:06+00:00","breadcrumb":{"@id":"https:\/\/www.smedemokrati.sk\/vlady-r-fica-darovali-miliony-kusov-municie-a-rozpredali-bojove-vozidla-pechoty\/#breadcrumb"},"inLanguage":"hu-HU","potentialAction":[{"@type":"ReadAction","target":["https:\/\/www.smedemokrati.sk\/vlady-r-fica-darovali-miliony-kusov-municie-a-rozpredali-bojove-vozidla-pechoty\/"]}]},{"@type":"ImageObject","inLanguage":"hu-HU","@id":"https:\/\/www.smedemokrati.sk\/vlady-r-fica-darovali-miliony-kusov-municie-a-rozpredali-bojove-vozidla-pechoty\/#primaryimage","url":"https:\/\/www.smedemokrati.sk\/wp-content\/uploads\/2023\/06\/fico.jpg","contentUrl":"https:\/\/www.smedemokrati.sk\/wp-content\/uploads\/2023\/06\/fico.jpg","width":1920,"height":1080},{"@type":"BreadcrumbList","@id":"https:\/\/www.smedemokrati.sk\/vlady-r-fica-darovali-miliony-kusov-municie-a-rozpredali-bojove-vozidla-pechoty\/#breadcrumb","itemListElement":[{"@type":"ListItem","position":1,"name":"Domovsk\u00e1 str\u00e1nka","item":"https:\/\/www.smedemokrati.sk\/"},{"@type":"ListItem","position":2,"name":"Vl\u00e1dy R. Fica darovali mili\u00f3ny kusov mun\u00edcie a rozpredali bojov\u00e9 vozidla pechoty"}]},{"@type":"WebSite","@id":"https:\/\/www.smedemokrati.sk\/#website","url":"https:\/\/www.smedemokrati.sk\/","name":"Smedemokrati.sk","description":"Demokracia a slu\u0161nos\u0165 zv\u00ed\u0165az\u00ed","publisher":{"@id":"https:\/\/www.smedemokrati.sk\/#organization"},"potentialAction":[{"@type":"SearchAction","target":{"@type":"EntryPoint","urlTemplate":"https:\/\/www.smedemokrati.sk\/?s={search_term_string}"},"query-input":{"@type":"PropertyValueSpecification","valueRequired":true,"valueName":"search_term_string"}}],"inLanguage":"hu-HU"},{"@type":"Organization","@id":"https:\/\/www.smedemokrati.sk\/#organization","name":"Smedemokrati.sk","url":"https:\/\/www.smedemokrati.sk\/","logo":{"@type":"ImageObject","inLanguage":"hu-HU","@id":"https:\/\/www.smedemokrati.sk\/#\/schema\/logo\/image\/","url":"https:\/\/www.smedemokrati.sk\/wp-content\/uploads\/2023\/04\/ff.002.jpeg","contentUrl":"https:\/\/www.smedemokrati.sk\/wp-content\/uploads\/2023\/04\/ff.002.jpeg","width":640,"height":480,"caption":"Smedemokrati.sk"},"image":{"@id":"https:\/\/www.smedemokrati.sk\/#\/schema\/logo\/image\/"},"sameAs":["https:\/\/www.facebook.com\/smedemokrati2023"]},{"@type":"Person","@id":"https:\/\/www.smedemokrati.sk\/#\/schema\/person\/c60720f4b9955b3c1ed222ebd1fbbc7c","name":"Tom\u00e1\u0161 Koppl","image":{"@type":"ImageObject","inLanguage":"hu-HU","@id":"https:\/\/secure.gravatar.com\/avatar\/8dfa38373c5e39821baf74c8e867a6f12e12c6dab6559aa999d10703b0b1c4ce?s=96&d=mm&r=g","url":"https:\/\/secure.gravatar.com\/avatar\/8dfa38373c5e39821baf74c8e867a6f12e12c6dab6559aa999d10703b0b1c4ce?s=96&d=mm&r=g","contentUrl":"https:\/\/secure.gravatar.com\/avatar\/8dfa38373c5e39821baf74c8e867a6f12e12c6dab6559aa999d10703b0b1c4ce?s=96&d=mm&r=g","caption":"Tom\u00e1\u0161 Koppl"},"url":"https:\/\/www.smedemokrati.sk\/hu\/author\/tomaskoppl\/"}]}},"_links":{"self":[{"href":"https:\/\/www.smedemokrati.sk\/hu\/wp-json\/wp\/v2\/posts\/1353","targetHints":{"allow":["GET"]}}],"collection":[{"href":"https:\/\/www.smedemokrati.sk\/hu\/wp-json\/wp\/v2\/posts"}],"about":[{"href":"https:\/\/www.smedemokrati.sk\/hu\/wp-json\/wp\/v2\/types\/post"}],"author":[{"embeddable":true,"href":"https:\/\/www.smedemokrati.sk\/hu\/wp-json\/wp\/v2\/users\/7"}],"replies":[{"embeddable":true,"href":"https:\/\/www.smedemokrati.sk\/hu\/wp-json\/wp\/v2\/comments?post=1353"}],"version-history":[{"count":1,"href":"https:\/\/www.smedemokrati.sk\/hu\/wp-json\/wp\/v2\/posts\/1353\/revisions"}],"predecessor-version":[{"id":1356,"href":"https:\/\/www.smedemokrati.sk\/hu\/wp-json\/wp\/v2\/posts\/1353\/revisions\/1356"}],"wp:featuredmedia":[{"embeddable":true,"href":"https:\/\/www.smedemokrati.sk\/hu\/wp-json\/wp\/v2\/media\/1355"}],"wp:attachment":[{"href":"https:\/\/www.smedemokrati.sk\/hu\/wp-json\/wp\/v2\/media?parent=1353"}],"wp:term":[{"taxonomy":"category","embeddable":true,"href":"https:\/\/www.smedemokrati.sk\/hu\/wp-json\/wp\/v2\/categories?post=1353"},{"taxonomy":"post_tag","embeddable":true,"href":"https:\/\/www.smedemokrati.sk\/hu\/wp-json\/wp\/v2\/tags?post=1353"}],"curies":[{"name":"wp","href":"https:\/\/api.w.org\/{rel}","templated":true}]}}