{"id":1342,"date":"2023-06-28T23:43:44","date_gmt":"2023-06-28T21:43:44","guid":{"rendered":"https:\/\/www.smedemokrati.sk\/?p=1342"},"modified":"2023-06-28T23:44:49","modified_gmt":"2023-06-28T21:44:49","slug":"demokrati-sluzia-ludom","status":"publish","type":"post","link":"https:\/\/www.smedemokrati.sk\/hu\/demokrati-sluzia-ludom\/","title":{"rendered":"Demokrati sl\u00fa\u017eia \u013eu\u010fom"},"content":{"rendered":"<div id=\"fb-root\"><\/div>\n\n<p>Napriek chaotick\u00e9mu priebehu pr\u00e1ve skon\u010denej sch\u00f4dze sa poslankyniam a poslancom za stranu Demokrati podarilo presadi\u0165 viacero u\u017eito\u010dn\u00fdch a prospe\u0161n\u00fdch n\u00e1vrhov.<\/p>\n\n\n\n<p>Parlament dnes schv\u00e1lil novelu z\u00e1kona o p\u00f4\u017ei\u010dk\u00e1ch na b\u00fdvanie, ktor\u00fa predlo\u017eili Jana \u017dit\u0148ansk\u00e1, Juraj \u0160eliga a Miroslav Koll\u00e1r. \u013dudia si po novom bud\u00fa vedie\u0165 lep\u0161ie mana\u017eova\u0165 spl\u00e1tky, \u010do im pom\u00f4\u017ee spl\u00e1ca\u0165 hypot\u00e9ky. <strong>\u201eMo\u017enos\u0165 mimoriadneho spl\u00e1cania sa roz\u0161iruje na obdobie cel\u00e9ho roka, a mimoriadna spl\u00e1tka raz za mesiac bude bez poplatku, a z\u00e1rove\u0148 sme presadili nov\u00fa v\u00fd\u0161ku mimoriadnej spl\u00e1tky na 30 percent,\u201c<\/strong> hovor\u00ed poslanec Juraj \u0160eliga. <strong>\u201ePom\u00e1hame tak \u013eu\u010fom, ktor\u00ed s\u00fa mo\u017eno v n\u00e1ro\u010dnej soci\u00e1lnej situ\u00e1cii a potrebuj\u00fa so spl\u00e1can\u00edm hypot\u00e9k pom\u00f4c\u0165. \u00darokov\u00e9 sadzby toti\u017e st\u00e1le st\u00fapaj\u00fa.\u201c<\/strong><\/p>\n\n\n\n<p>Poslankyni Jane \u017dit\u0148anskej dnes presadila n\u00e1vrh na charitat\u00edvnu reklamu. <strong>\u201eDoteraz mohli charitat\u00edvnu reklamu vyu\u017e\u00edva\u0165 mimovl\u00e1dky, napr. charitat\u00edvne organiz\u00e1cie. V ich zozname v\u0161ak ch\u00fdbali viacer\u00e9 v\u00fdznamn\u00e9 neziskovky, ktor\u00e9 robia prospe\u0161n\u00e9 aktivity \u2013\u00a0 napr\u00edklad \u010cerven\u00fd kr\u00ed\u017e, UNESCO, Slovensk\u00e1 katol\u00edcka charita, Evanjelick\u00e1 diakonia. Zv\u00fd\u0161ili sme tie\u017e najvy\u0161\u0161iu mo\u017en\u00fa sumu ur\u010den\u00fa na charitat\u00edvnu reklamu na 30 tis\u00edc eur.\u201c<\/strong><\/p>\n\n\n\n<p>Okrem t\u00fdchto potrebn\u00fdch n\u00e1vrhov Demokratom v priebehu sch\u00f4dze pre\u0161la zmena financovania RTVS, podpora zdravotne znev\u00fdhodnen\u00fdch det\u00ed, novela z\u00e1kona o Envirofonde, \u010di zru\u0161enie povinn\u00fdch 2 % odvodov pre umelcov.<\/p>\n\n\n\n<p>Demokrati u\u017e tradi\u010dne aj na aktu\u00e1lne ukon\u010denej sch\u00f4dzi parlamentu ako jedin\u00e1 strana odmietla podporova\u0165 at\u00f3movky a rozpo\u010dtovo nezodpovedn\u00e9 n\u00e1vrhy. Ob\u010danom tak u\u0161etrili viac ako 1,5 miliardy eur.&nbsp;<\/p>\n\n\n\n<p>Pokojn\u00fa a zodpovedn\u00fa politiku, ktor\u00e1 sl\u00fa\u017ei \u013eu\u010fom bud\u00fa Demokrati presadzova\u0165 aj po tom, ako im ob\u010dania daj\u00fa d\u00f4veru v nach\u00e1dzaj\u00facich pred\u010dasn\u00fdch vo\u013eb\u00e1ch.<\/p>\n\n\n\n<figure class=\"wp-block-image size-large\"><img decoding=\"async\" width=\"1024\" height=\"578\" src=\"https:\/\/www.smedemokrati.sk\/wp-content\/uploads\/2023\/06\/tlacovka-2-1024x578.jpg\" alt=\"\" class=\"wp-image-1346\" srcset=\"https:\/\/www.smedemokrati.sk\/wp-content\/uploads\/2023\/06\/tlacovka-2-1024x578.jpg 1024w, https:\/\/www.smedemokrati.sk\/wp-content\/uploads\/2023\/06\/tlacovka-2-300x169.jpg 300w, https:\/\/www.smedemokrati.sk\/wp-content\/uploads\/2023\/06\/tlacovka-2-768x434.jpg 768w, https:\/\/www.smedemokrati.sk\/wp-content\/uploads\/2023\/06\/tlacovka-2.jpg 1337w\" sizes=\"(max-width: 1024px) 100vw, 1024px\" \/><\/figure>\n","protected":false},"excerpt":{"rendered":"<p>Napriek chaotick\u00e9mu priebehu pr\u00e1ve skon\u010denej sch\u00f4dze sa poslankyniam a poslancom za stranu Demokrati podarilo presadi\u0165 viacero u\u017eito\u010dn\u00fdch a prospe\u0161n\u00fdch n\u00e1vrhov. Parlament dnes schv\u00e1lil novelu z\u00e1kona o p\u00f4\u017ei\u010dk\u00e1ch na b\u00fdvanie, ktor\u00fa predlo\u017eili Jana \u017dit\u0148ansk\u00e1, Juraj \u0160eliga a Miroslav Koll\u00e1r. \u013dudia si po novom bud\u00fa vedie\u0165 lep\u0161ie mana\u017eova\u0165 spl\u00e1tky, \u010do im pom\u00f4\u017ee spl\u00e1ca\u0165 hypot\u00e9ky. \u201eMo\u017enos\u0165 mimoriadneho spl\u00e1cania [&hellip;]<\/p>\n","protected":false},"author":7,"featured_media":1343,"comment_status":"closed","ping_status":"closed","sticky":false,"template":"","format":"standard","meta":{"_acf_changed":false,"ngg_post_thumbnail":0,"footnotes":""},"categories":[4],"tags":[],"class_list":["post-1342","post","type-post","status-publish","format-standard","has-post-thumbnail","hentry","category-tlacove-spravy"],"acf":[],"yoast_head":"<!-- This site is optimized with the Yoast SEO plugin v27.2 - https:\/\/yoast.com\/product\/yoast-seo-wordpress\/ -->\n<title>Demokrati sl\u00fa\u017eia \u013eu\u010fom - Smedemokrati.sk<\/title>\n<meta name=\"robots\" content=\"index, follow, max-snippet:-1, max-image-preview:large, max-video-preview:-1\" \/>\n<link rel=\"canonical\" href=\"https:\/\/www.smedemokrati.sk\/hu\/demokrati-sluzia-ludom\/\" \/>\n<meta property=\"og:locale\" content=\"hu_HU\" \/>\n<meta property=\"og:locale:alternate\" content=\"en_US\" \/>\n<meta property=\"og:locale:alternate\" content=\"cs_CZ\" \/>\n<meta property=\"og:locale:alternate\" content=\"sk_SK\" \/>\n<meta property=\"og:locale:alternate\" content=\"sv_SE\" \/>\n<meta property=\"og:type\" content=\"article\" \/>\n<meta property=\"og:title\" content=\"Demokrati sl\u00fa\u017eia \u013eu\u010fom - Smedemokrati.sk\" \/>\n<meta property=\"og:description\" content=\"Napriek chaotick\u00e9mu priebehu pr\u00e1ve skon\u010denej sch\u00f4dze sa poslankyniam a poslancom za stranu Demokrati podarilo presadi\u0165 viacero u\u017eito\u010dn\u00fdch a prospe\u0161n\u00fdch n\u00e1vrhov. Parlament dnes schv\u00e1lil novelu z\u00e1kona o p\u00f4\u017ei\u010dk\u00e1ch na b\u00fdvanie, ktor\u00fa predlo\u017eili Jana \u017dit\u0148ansk\u00e1, Juraj \u0160eliga a Miroslav Koll\u00e1r. \u013dudia si po novom bud\u00fa vedie\u0165 lep\u0161ie mana\u017eova\u0165 spl\u00e1tky, \u010do im pom\u00f4\u017ee spl\u00e1ca\u0165 hypot\u00e9ky. \u201eMo\u017enos\u0165 mimoriadneho spl\u00e1cania [&hellip;]\" \/>\n<meta property=\"og:url\" content=\"https:\/\/www.smedemokrati.sk\/hu\/demokrati-sluzia-ludom\/\" \/>\n<meta property=\"og:site_name\" content=\"Smedemokrati.sk\" \/>\n<meta property=\"article:publisher\" content=\"https:\/\/www.facebook.com\/smedemokrati2023\" \/>\n<meta property=\"article:published_time\" content=\"2023-06-28T21:43:44+00:00\" \/>\n<meta property=\"article:modified_time\" content=\"2023-06-28T21:44:49+00:00\" \/>\n<meta property=\"og:image\" content=\"https:\/\/www.smedemokrati.sk\/wp-content\/uploads\/2023\/06\/tlacovka-1.jpg\" \/>\n\t<meta property=\"og:image:width\" content=\"1337\" \/>\n\t<meta property=\"og:image:height\" content=\"755\" \/>\n\t<meta property=\"og:image:type\" content=\"image\/jpeg\" \/>\n<meta name=\"author\" content=\"Tom\u00e1\u0161 Koppl\" \/>\n<meta name=\"twitter:card\" content=\"summary_large_image\" \/>\n<meta name=\"twitter:label1\" content=\"Szerz\u0151:\" \/>\n\t<meta name=\"twitter:data1\" content=\"Tom\u00e1\u0161 Koppl\" \/>\n\t<meta name=\"twitter:label2\" content=\"Becs\u00fclt olvas\u00e1si id\u0151\" \/>\n\t<meta name=\"twitter:data2\" content=\"2 perc\" \/>\n<script type=\"application\/ld+json\" class=\"yoast-schema-graph\">{\"@context\":\"https:\/\/schema.org\",\"@graph\":[{\"@type\":\"Article\",\"@id\":\"https:\/\/www.smedemokrati.sk\/demokrati-sluzia-ludom\/#article\",\"isPartOf\":{\"@id\":\"https:\/\/www.smedemokrati.sk\/demokrati-sluzia-ludom\/\"},\"author\":{\"name\":\"Tom\u00e1\u0161 Koppl\",\"@id\":\"https:\/\/www.smedemokrati.sk\/#\/schema\/person\/c60720f4b9955b3c1ed222ebd1fbbc7c\"},\"headline\":\"Demokrati sl\u00fa\u017eia \u013eu\u010fom\",\"datePublished\":\"2023-06-28T21:43:44+00:00\",\"dateModified\":\"2023-06-28T21:44:49+00:00\",\"mainEntityOfPage\":{\"@id\":\"https:\/\/www.smedemokrati.sk\/demokrati-sluzia-ludom\/\"},\"wordCount\":332,\"publisher\":{\"@id\":\"https:\/\/www.smedemokrati.sk\/#organization\"},\"image\":{\"@id\":\"https:\/\/www.smedemokrati.sk\/demokrati-sluzia-ludom\/#primaryimage\"},\"thumbnailUrl\":\"https:\/\/www.smedemokrati.sk\/wp-content\/uploads\/2023\/06\/tlacovka-1.jpg\",\"articleSection\":[\"Tla\u010dov\u00e9 spr\u00e1vy\"],\"inLanguage\":\"hu-HU\"},{\"@type\":\"WebPage\",\"@id\":\"https:\/\/www.smedemokrati.sk\/demokrati-sluzia-ludom\/\",\"url\":\"https:\/\/www.smedemokrati.sk\/demokrati-sluzia-ludom\/\",\"name\":\"Demokrati sl\u00fa\u017eia \u013eu\u010fom - Smedemokrati.sk\",\"isPartOf\":{\"@id\":\"https:\/\/www.smedemokrati.sk\/#website\"},\"primaryImageOfPage\":{\"@id\":\"https:\/\/www.smedemokrati.sk\/demokrati-sluzia-ludom\/#primaryimage\"},\"image\":{\"@id\":\"https:\/\/www.smedemokrati.sk\/demokrati-sluzia-ludom\/#primaryimage\"},\"thumbnailUrl\":\"https:\/\/www.smedemokrati.sk\/wp-content\/uploads\/2023\/06\/tlacovka-1.jpg\",\"datePublished\":\"2023-06-28T21:43:44+00:00\",\"dateModified\":\"2023-06-28T21:44:49+00:00\",\"breadcrumb\":{\"@id\":\"https:\/\/www.smedemokrati.sk\/demokrati-sluzia-ludom\/#breadcrumb\"},\"inLanguage\":\"hu-HU\",\"potentialAction\":[{\"@type\":\"ReadAction\",\"target\":[\"https:\/\/www.smedemokrati.sk\/demokrati-sluzia-ludom\/\"]}]},{\"@type\":\"ImageObject\",\"inLanguage\":\"hu-HU\",\"@id\":\"https:\/\/www.smedemokrati.sk\/demokrati-sluzia-ludom\/#primaryimage\",\"url\":\"https:\/\/www.smedemokrati.sk\/wp-content\/uploads\/2023\/06\/tlacovka-1.jpg\",\"contentUrl\":\"https:\/\/www.smedemokrati.sk\/wp-content\/uploads\/2023\/06\/tlacovka-1.jpg\",\"width\":1337,\"height\":755},{\"@type\":\"BreadcrumbList\",\"@id\":\"https:\/\/www.smedemokrati.sk\/demokrati-sluzia-ludom\/#breadcrumb\",\"itemListElement\":[{\"@type\":\"ListItem\",\"position\":1,\"name\":\"Domovsk\u00e1 str\u00e1nka\",\"item\":\"https:\/\/www.smedemokrati.sk\/\"},{\"@type\":\"ListItem\",\"position\":2,\"name\":\"Demokrati sl\u00fa\u017eia \u013eu\u010fom\"}]},{\"@type\":\"WebSite\",\"@id\":\"https:\/\/www.smedemokrati.sk\/#website\",\"url\":\"https:\/\/www.smedemokrati.sk\/\",\"name\":\"Smedemokrati.sk\",\"description\":\"Demokracia a slu\u0161nos\u0165 zv\u00ed\u0165az\u00ed\",\"publisher\":{\"@id\":\"https:\/\/www.smedemokrati.sk\/#organization\"},\"potentialAction\":[{\"@type\":\"SearchAction\",\"target\":{\"@type\":\"EntryPoint\",\"urlTemplate\":\"https:\/\/www.smedemokrati.sk\/?s={search_term_string}\"},\"query-input\":{\"@type\":\"PropertyValueSpecification\",\"valueRequired\":true,\"valueName\":\"search_term_string\"}}],\"inLanguage\":\"hu-HU\"},{\"@type\":\"Organization\",\"@id\":\"https:\/\/www.smedemokrati.sk\/#organization\",\"name\":\"Smedemokrati.sk\",\"url\":\"https:\/\/www.smedemokrati.sk\/\",\"logo\":{\"@type\":\"ImageObject\",\"inLanguage\":\"hu-HU\",\"@id\":\"https:\/\/www.smedemokrati.sk\/#\/schema\/logo\/image\/\",\"url\":\"https:\/\/www.smedemokrati.sk\/wp-content\/uploads\/2023\/04\/ff.002.jpeg\",\"contentUrl\":\"https:\/\/www.smedemokrati.sk\/wp-content\/uploads\/2023\/04\/ff.002.jpeg\",\"width\":640,\"height\":480,\"caption\":\"Smedemokrati.sk\"},\"image\":{\"@id\":\"https:\/\/www.smedemokrati.sk\/#\/schema\/logo\/image\/\"},\"sameAs\":[\"https:\/\/www.facebook.com\/smedemokrati2023\"]},{\"@type\":\"Person\",\"@id\":\"https:\/\/www.smedemokrati.sk\/#\/schema\/person\/c60720f4b9955b3c1ed222ebd1fbbc7c\",\"name\":\"Tom\u00e1\u0161 Koppl\",\"image\":{\"@type\":\"ImageObject\",\"inLanguage\":\"hu-HU\",\"@id\":\"https:\/\/secure.gravatar.com\/avatar\/8dfa38373c5e39821baf74c8e867a6f12e12c6dab6559aa999d10703b0b1c4ce?s=96&d=mm&r=g\",\"url\":\"https:\/\/secure.gravatar.com\/avatar\/8dfa38373c5e39821baf74c8e867a6f12e12c6dab6559aa999d10703b0b1c4ce?s=96&d=mm&r=g\",\"contentUrl\":\"https:\/\/secure.gravatar.com\/avatar\/8dfa38373c5e39821baf74c8e867a6f12e12c6dab6559aa999d10703b0b1c4ce?s=96&d=mm&r=g\",\"caption\":\"Tom\u00e1\u0161 Koppl\"},\"url\":\"https:\/\/www.smedemokrati.sk\/hu\/author\/tomaskoppl\/\"}]}<\/script>\n<!-- \/ Yoast SEO plugin. -->","yoast_head_json":{"title":"Demokrati sl\u00fa\u017eia \u013eu\u010fom - Smedemokrati.sk","robots":{"index":"index","follow":"follow","max-snippet":"max-snippet:-1","max-image-preview":"max-image-preview:large","max-video-preview":"max-video-preview:-1"},"canonical":"https:\/\/www.smedemokrati.sk\/hu\/demokrati-sluzia-ludom\/","og_locale":"hu_HU","og_type":"article","og_title":"Demokrati sl\u00fa\u017eia \u013eu\u010fom - Smedemokrati.sk","og_description":"Napriek chaotick\u00e9mu priebehu pr\u00e1ve skon\u010denej sch\u00f4dze sa poslankyniam a poslancom za stranu Demokrati podarilo presadi\u0165 viacero u\u017eito\u010dn\u00fdch a prospe\u0161n\u00fdch n\u00e1vrhov. Parlament dnes schv\u00e1lil novelu z\u00e1kona o p\u00f4\u017ei\u010dk\u00e1ch na b\u00fdvanie, ktor\u00fa predlo\u017eili Jana \u017dit\u0148ansk\u00e1, Juraj \u0160eliga a Miroslav Koll\u00e1r. \u013dudia si po novom bud\u00fa vedie\u0165 lep\u0161ie mana\u017eova\u0165 spl\u00e1tky, \u010do im pom\u00f4\u017ee spl\u00e1ca\u0165 hypot\u00e9ky. \u201eMo\u017enos\u0165 mimoriadneho spl\u00e1cania [&hellip;]","og_url":"https:\/\/www.smedemokrati.sk\/hu\/demokrati-sluzia-ludom\/","og_site_name":"Smedemokrati.sk","article_publisher":"https:\/\/www.facebook.com\/smedemokrati2023","article_published_time":"2023-06-28T21:43:44+00:00","article_modified_time":"2023-06-28T21:44:49+00:00","og_image":[{"width":1337,"height":755,"url":"https:\/\/www.smedemokrati.sk\/wp-content\/uploads\/2023\/06\/tlacovka-1.jpg","type":"image\/jpeg"}],"author":"Tom\u00e1\u0161 Koppl","twitter_card":"summary_large_image","twitter_misc":{"Szerz\u0151:":"Tom\u00e1\u0161 Koppl","Becs\u00fclt olvas\u00e1si id\u0151":"2 perc"},"schema":{"@context":"https:\/\/schema.org","@graph":[{"@type":"Article","@id":"https:\/\/www.smedemokrati.sk\/demokrati-sluzia-ludom\/#article","isPartOf":{"@id":"https:\/\/www.smedemokrati.sk\/demokrati-sluzia-ludom\/"},"author":{"name":"Tom\u00e1\u0161 Koppl","@id":"https:\/\/www.smedemokrati.sk\/#\/schema\/person\/c60720f4b9955b3c1ed222ebd1fbbc7c"},"headline":"Demokrati sl\u00fa\u017eia \u013eu\u010fom","datePublished":"2023-06-28T21:43:44+00:00","dateModified":"2023-06-28T21:44:49+00:00","mainEntityOfPage":{"@id":"https:\/\/www.smedemokrati.sk\/demokrati-sluzia-ludom\/"},"wordCount":332,"publisher":{"@id":"https:\/\/www.smedemokrati.sk\/#organization"},"image":{"@id":"https:\/\/www.smedemokrati.sk\/demokrati-sluzia-ludom\/#primaryimage"},"thumbnailUrl":"https:\/\/www.smedemokrati.sk\/wp-content\/uploads\/2023\/06\/tlacovka-1.jpg","articleSection":["Tla\u010dov\u00e9 spr\u00e1vy"],"inLanguage":"hu-HU"},{"@type":"WebPage","@id":"https:\/\/www.smedemokrati.sk\/demokrati-sluzia-ludom\/","url":"https:\/\/www.smedemokrati.sk\/demokrati-sluzia-ludom\/","name":"Demokrati sl\u00fa\u017eia \u013eu\u010fom - Smedemokrati.sk","isPartOf":{"@id":"https:\/\/www.smedemokrati.sk\/#website"},"primaryImageOfPage":{"@id":"https:\/\/www.smedemokrati.sk\/demokrati-sluzia-ludom\/#primaryimage"},"image":{"@id":"https:\/\/www.smedemokrati.sk\/demokrati-sluzia-ludom\/#primaryimage"},"thumbnailUrl":"https:\/\/www.smedemokrati.sk\/wp-content\/uploads\/2023\/06\/tlacovka-1.jpg","datePublished":"2023-06-28T21:43:44+00:00","dateModified":"2023-06-28T21:44:49+00:00","breadcrumb":{"@id":"https:\/\/www.smedemokrati.sk\/demokrati-sluzia-ludom\/#breadcrumb"},"inLanguage":"hu-HU","potentialAction":[{"@type":"ReadAction","target":["https:\/\/www.smedemokrati.sk\/demokrati-sluzia-ludom\/"]}]},{"@type":"ImageObject","inLanguage":"hu-HU","@id":"https:\/\/www.smedemokrati.sk\/demokrati-sluzia-ludom\/#primaryimage","url":"https:\/\/www.smedemokrati.sk\/wp-content\/uploads\/2023\/06\/tlacovka-1.jpg","contentUrl":"https:\/\/www.smedemokrati.sk\/wp-content\/uploads\/2023\/06\/tlacovka-1.jpg","width":1337,"height":755},{"@type":"BreadcrumbList","@id":"https:\/\/www.smedemokrati.sk\/demokrati-sluzia-ludom\/#breadcrumb","itemListElement":[{"@type":"ListItem","position":1,"name":"Domovsk\u00e1 str\u00e1nka","item":"https:\/\/www.smedemokrati.sk\/"},{"@type":"ListItem","position":2,"name":"Demokrati sl\u00fa\u017eia \u013eu\u010fom"}]},{"@type":"WebSite","@id":"https:\/\/www.smedemokrati.sk\/#website","url":"https:\/\/www.smedemokrati.sk\/","name":"Smedemokrati.sk","description":"Demokracia a slu\u0161nos\u0165 zv\u00ed\u0165az\u00ed","publisher":{"@id":"https:\/\/www.smedemokrati.sk\/#organization"},"potentialAction":[{"@type":"SearchAction","target":{"@type":"EntryPoint","urlTemplate":"https:\/\/www.smedemokrati.sk\/?s={search_term_string}"},"query-input":{"@type":"PropertyValueSpecification","valueRequired":true,"valueName":"search_term_string"}}],"inLanguage":"hu-HU"},{"@type":"Organization","@id":"https:\/\/www.smedemokrati.sk\/#organization","name":"Smedemokrati.sk","url":"https:\/\/www.smedemokrati.sk\/","logo":{"@type":"ImageObject","inLanguage":"hu-HU","@id":"https:\/\/www.smedemokrati.sk\/#\/schema\/logo\/image\/","url":"https:\/\/www.smedemokrati.sk\/wp-content\/uploads\/2023\/04\/ff.002.jpeg","contentUrl":"https:\/\/www.smedemokrati.sk\/wp-content\/uploads\/2023\/04\/ff.002.jpeg","width":640,"height":480,"caption":"Smedemokrati.sk"},"image":{"@id":"https:\/\/www.smedemokrati.sk\/#\/schema\/logo\/image\/"},"sameAs":["https:\/\/www.facebook.com\/smedemokrati2023"]},{"@type":"Person","@id":"https:\/\/www.smedemokrati.sk\/#\/schema\/person\/c60720f4b9955b3c1ed222ebd1fbbc7c","name":"Tom\u00e1\u0161 Koppl","image":{"@type":"ImageObject","inLanguage":"hu-HU","@id":"https:\/\/secure.gravatar.com\/avatar\/8dfa38373c5e39821baf74c8e867a6f12e12c6dab6559aa999d10703b0b1c4ce?s=96&d=mm&r=g","url":"https:\/\/secure.gravatar.com\/avatar\/8dfa38373c5e39821baf74c8e867a6f12e12c6dab6559aa999d10703b0b1c4ce?s=96&d=mm&r=g","contentUrl":"https:\/\/secure.gravatar.com\/avatar\/8dfa38373c5e39821baf74c8e867a6f12e12c6dab6559aa999d10703b0b1c4ce?s=96&d=mm&r=g","caption":"Tom\u00e1\u0161 Koppl"},"url":"https:\/\/www.smedemokrati.sk\/hu\/author\/tomaskoppl\/"}]}},"_links":{"self":[{"href":"https:\/\/www.smedemokrati.sk\/hu\/wp-json\/wp\/v2\/posts\/1342","targetHints":{"allow":["GET"]}}],"collection":[{"href":"https:\/\/www.smedemokrati.sk\/hu\/wp-json\/wp\/v2\/posts"}],"about":[{"href":"https:\/\/www.smedemokrati.sk\/hu\/wp-json\/wp\/v2\/types\/post"}],"author":[{"embeddable":true,"href":"https:\/\/www.smedemokrati.sk\/hu\/wp-json\/wp\/v2\/users\/7"}],"replies":[{"embeddable":true,"href":"https:\/\/www.smedemokrati.sk\/hu\/wp-json\/wp\/v2\/comments?post=1342"}],"version-history":[{"count":2,"href":"https:\/\/www.smedemokrati.sk\/hu\/wp-json\/wp\/v2\/posts\/1342\/revisions"}],"predecessor-version":[{"id":1347,"href":"https:\/\/www.smedemokrati.sk\/hu\/wp-json\/wp\/v2\/posts\/1342\/revisions\/1347"}],"wp:featuredmedia":[{"embeddable":true,"href":"https:\/\/www.smedemokrati.sk\/hu\/wp-json\/wp\/v2\/media\/1343"}],"wp:attachment":[{"href":"https:\/\/www.smedemokrati.sk\/hu\/wp-json\/wp\/v2\/media?parent=1342"}],"wp:term":[{"taxonomy":"category","embeddable":true,"href":"https:\/\/www.smedemokrati.sk\/hu\/wp-json\/wp\/v2\/categories?post=1342"},{"taxonomy":"post_tag","embeddable":true,"href":"https:\/\/www.smedemokrati.sk\/hu\/wp-json\/wp\/v2\/tags?post=1342"}],"curies":[{"name":"wp","href":"https:\/\/api.w.org\/{rel}","templated":true}]}}