{"id":1313,"date":"2023-06-25T14:10:10","date_gmt":"2023-06-25T12:10:10","guid":{"rendered":"https:\/\/www.smedemokrati.sk\/?p=1313"},"modified":"2023-06-25T14:11:19","modified_gmt":"2023-06-25T12:11:19","slug":"reakcia-eduarda-hegera-na-vyroky-b-kollara","status":"publish","type":"post","link":"https:\/\/www.smedemokrati.sk\/hu\/reakcia-eduarda-hegera-na-vyroky-b-kollara\/","title":{"rendered":"Reakcia Eduarda Hegera na v\u00fdroky B. Koll\u00e1ra"},"content":{"rendered":"<div id=\"fb-root\"><\/div>\n\n<p>\u201eDa\u0165 prednos\u0165 \u010dloveku, \u017eene, ktor\u00e1 30 rokov zachra\u0148uje \u013eudsk\u00e9 \u017eivoty je slabos\u0165? Vo svete Borisa Koll\u00e1ra \u00e1no, pre neho som \u201ahandra\u2018. V mojom svete to slabos\u0165 nie je, preto\u017ee politiku beriem ako slu\u017ebu \u013eu\u010fom, nie ako boj o miesto na kandid\u00e1tke. V mojom svete \u017een\u00e1m ver\u00edme a nebijeme ich za \u017eiadnych okolnost\u00ed!\u201c<\/p>\n\n\n\n<figure class=\"wp-block-image size-large\"><img decoding=\"async\" width=\"952\" height=\"1024\" src=\"https:\/\/www.smedemokrati.sk\/wp-content\/uploads\/2023\/06\/356222019_827384708951582_4015143400471363150_n-2-952x1024.jpg\" alt=\"\" class=\"wp-image-1317\" srcset=\"https:\/\/www.smedemokrati.sk\/wp-content\/uploads\/2023\/06\/356222019_827384708951582_4015143400471363150_n-2-952x1024.jpg 952w, https:\/\/www.smedemokrati.sk\/wp-content\/uploads\/2023\/06\/356222019_827384708951582_4015143400471363150_n-2-279x300.jpg 279w, https:\/\/www.smedemokrati.sk\/wp-content\/uploads\/2023\/06\/356222019_827384708951582_4015143400471363150_n-2-768x826.jpg 768w, https:\/\/www.smedemokrati.sk\/wp-content\/uploads\/2023\/06\/356222019_827384708951582_4015143400471363150_n-2-1429x1536.jpg 1429w, https:\/\/www.smedemokrati.sk\/wp-content\/uploads\/2023\/06\/356222019_827384708951582_4015143400471363150_n-2.jpg 1638w\" sizes=\"(max-width: 952px) 100vw, 952px\" \/><\/figure>\n","protected":false},"excerpt":{"rendered":"<p>\u201eDa\u0165 prednos\u0165 \u010dloveku, \u017eene, ktor\u00e1 30 rokov zachra\u0148uje \u013eudsk\u00e9 \u017eivoty je slabos\u0165? Vo svete Borisa Koll\u00e1ra \u00e1no, pre neho som \u201ahandra\u2018. V mojom svete to slabos\u0165 nie je, preto\u017ee politiku beriem ako slu\u017ebu \u013eu\u010fom, nie ako boj o miesto na kandid\u00e1tke. V mojom svete \u017een\u00e1m ver\u00edme a nebijeme ich za \u017eiadnych okolnost\u00ed!\u201c<\/p>\n","protected":false},"author":7,"featured_media":1315,"comment_status":"closed","ping_status":"closed","sticky":false,"template":"","format":"standard","meta":{"_acf_changed":false,"ngg_post_thumbnail":0,"footnotes":""},"categories":[4],"tags":[],"class_list":["post-1313","post","type-post","status-publish","format-standard","has-post-thumbnail","hentry","category-tlacove-spravy"],"acf":[],"yoast_head":"<!-- This site is optimized with the Yoast SEO plugin v27.2 - https:\/\/yoast.com\/product\/yoast-seo-wordpress\/ -->\n<title>Reakcia Eduarda Hegera na v\u00fdroky B. Koll\u00e1ra - Smedemokrati.sk<\/title>\n<meta name=\"robots\" content=\"index, follow, max-snippet:-1, max-image-preview:large, max-video-preview:-1\" \/>\n<link rel=\"canonical\" href=\"https:\/\/www.smedemokrati.sk\/hu\/reakcia-eduarda-hegera-na-vyroky-b-kollara\/\" \/>\n<meta property=\"og:locale\" content=\"hu_HU\" \/>\n<meta property=\"og:locale:alternate\" content=\"en_US\" \/>\n<meta property=\"og:locale:alternate\" content=\"cs_CZ\" \/>\n<meta property=\"og:locale:alternate\" content=\"sk_SK\" \/>\n<meta property=\"og:locale:alternate\" content=\"sv_SE\" \/>\n<meta property=\"og:type\" content=\"article\" \/>\n<meta property=\"og:title\" content=\"Reakcia Eduarda Hegera na v\u00fdroky B. Koll\u00e1ra - Smedemokrati.sk\" \/>\n<meta property=\"og:description\" content=\"\u201eDa\u0165 prednos\u0165 \u010dloveku, \u017eene, ktor\u00e1 30 rokov zachra\u0148uje \u013eudsk\u00e9 \u017eivoty je slabos\u0165? Vo svete Borisa Koll\u00e1ra \u00e1no, pre neho som \u201ahandra\u2018. V mojom svete to slabos\u0165 nie je, preto\u017ee politiku beriem ako slu\u017ebu \u013eu\u010fom, nie ako boj o miesto na kandid\u00e1tke. V mojom svete \u017een\u00e1m ver\u00edme a nebijeme ich za \u017eiadnych okolnost\u00ed!\u201c\" \/>\n<meta property=\"og:url\" content=\"https:\/\/www.smedemokrati.sk\/hu\/reakcia-eduarda-hegera-na-vyroky-b-kollara\/\" \/>\n<meta property=\"og:site_name\" content=\"Smedemokrati.sk\" \/>\n<meta property=\"article:publisher\" content=\"https:\/\/www.facebook.com\/smedemokrati2023\" \/>\n<meta property=\"article:published_time\" content=\"2023-06-25T12:10:10+00:00\" \/>\n<meta property=\"article:modified_time\" content=\"2023-06-25T12:11:19+00:00\" \/>\n<meta property=\"og:image\" content=\"https:\/\/www.smedemokrati.sk\/wp-content\/uploads\/2023\/06\/356222019_827384708951582_4015143400471363150_n-1.jpg\" \/>\n\t<meta property=\"og:image:width\" content=\"1638\" \/>\n\t<meta property=\"og:image:height\" content=\"1761\" \/>\n\t<meta property=\"og:image:type\" content=\"image\/jpeg\" \/>\n<meta name=\"author\" content=\"Tom\u00e1\u0161 Koppl\" \/>\n<meta name=\"twitter:card\" content=\"summary_large_image\" \/>\n<meta name=\"twitter:label1\" content=\"Szerz\u0151:\" \/>\n\t<meta name=\"twitter:data1\" content=\"Tom\u00e1\u0161 Koppl\" \/>\n\t<meta name=\"twitter:label2\" content=\"Becs\u00fclt olvas\u00e1si id\u0151\" \/>\n\t<meta name=\"twitter:data2\" content=\"1 perc\" \/>\n<script type=\"application\/ld+json\" class=\"yoast-schema-graph\">{\"@context\":\"https:\/\/schema.org\",\"@graph\":[{\"@type\":\"Article\",\"@id\":\"https:\/\/www.smedemokrati.sk\/reakcia-eduarda-hegera-na-vyroky-b-kollara\/#article\",\"isPartOf\":{\"@id\":\"https:\/\/www.smedemokrati.sk\/reakcia-eduarda-hegera-na-vyroky-b-kollara\/\"},\"author\":{\"name\":\"Tom\u00e1\u0161 Koppl\",\"@id\":\"https:\/\/www.smedemokrati.sk\/#\/schema\/person\/c60720f4b9955b3c1ed222ebd1fbbc7c\"},\"headline\":\"Reakcia Eduarda Hegera na v\u00fdroky B. Koll\u00e1ra\",\"datePublished\":\"2023-06-25T12:10:10+00:00\",\"dateModified\":\"2023-06-25T12:11:19+00:00\",\"mainEntityOfPage\":{\"@id\":\"https:\/\/www.smedemokrati.sk\/reakcia-eduarda-hegera-na-vyroky-b-kollara\/\"},\"wordCount\":68,\"publisher\":{\"@id\":\"https:\/\/www.smedemokrati.sk\/#organization\"},\"image\":{\"@id\":\"https:\/\/www.smedemokrati.sk\/reakcia-eduarda-hegera-na-vyroky-b-kollara\/#primaryimage\"},\"thumbnailUrl\":\"https:\/\/www.smedemokrati.sk\/wp-content\/uploads\/2023\/06\/356222019_827384708951582_4015143400471363150_n-1.jpg\",\"articleSection\":[\"Tla\u010dov\u00e9 spr\u00e1vy\"],\"inLanguage\":\"hu-HU\"},{\"@type\":\"WebPage\",\"@id\":\"https:\/\/www.smedemokrati.sk\/reakcia-eduarda-hegera-na-vyroky-b-kollara\/\",\"url\":\"https:\/\/www.smedemokrati.sk\/reakcia-eduarda-hegera-na-vyroky-b-kollara\/\",\"name\":\"Reakcia Eduarda Hegera na v\u00fdroky B. Koll\u00e1ra - Smedemokrati.sk\",\"isPartOf\":{\"@id\":\"https:\/\/www.smedemokrati.sk\/#website\"},\"primaryImageOfPage\":{\"@id\":\"https:\/\/www.smedemokrati.sk\/reakcia-eduarda-hegera-na-vyroky-b-kollara\/#primaryimage\"},\"image\":{\"@id\":\"https:\/\/www.smedemokrati.sk\/reakcia-eduarda-hegera-na-vyroky-b-kollara\/#primaryimage\"},\"thumbnailUrl\":\"https:\/\/www.smedemokrati.sk\/wp-content\/uploads\/2023\/06\/356222019_827384708951582_4015143400471363150_n-1.jpg\",\"datePublished\":\"2023-06-25T12:10:10+00:00\",\"dateModified\":\"2023-06-25T12:11:19+00:00\",\"breadcrumb\":{\"@id\":\"https:\/\/www.smedemokrati.sk\/reakcia-eduarda-hegera-na-vyroky-b-kollara\/#breadcrumb\"},\"inLanguage\":\"hu-HU\",\"potentialAction\":[{\"@type\":\"ReadAction\",\"target\":[\"https:\/\/www.smedemokrati.sk\/reakcia-eduarda-hegera-na-vyroky-b-kollara\/\"]}]},{\"@type\":\"ImageObject\",\"inLanguage\":\"hu-HU\",\"@id\":\"https:\/\/www.smedemokrati.sk\/reakcia-eduarda-hegera-na-vyroky-b-kollara\/#primaryimage\",\"url\":\"https:\/\/www.smedemokrati.sk\/wp-content\/uploads\/2023\/06\/356222019_827384708951582_4015143400471363150_n-1.jpg\",\"contentUrl\":\"https:\/\/www.smedemokrati.sk\/wp-content\/uploads\/2023\/06\/356222019_827384708951582_4015143400471363150_n-1.jpg\",\"width\":1638,\"height\":1761},{\"@type\":\"BreadcrumbList\",\"@id\":\"https:\/\/www.smedemokrati.sk\/reakcia-eduarda-hegera-na-vyroky-b-kollara\/#breadcrumb\",\"itemListElement\":[{\"@type\":\"ListItem\",\"position\":1,\"name\":\"Domovsk\u00e1 str\u00e1nka\",\"item\":\"https:\/\/www.smedemokrati.sk\/\"},{\"@type\":\"ListItem\",\"position\":2,\"name\":\"Reakcia Eduarda Hegera na v\u00fdroky B. Koll\u00e1ra\"}]},{\"@type\":\"WebSite\",\"@id\":\"https:\/\/www.smedemokrati.sk\/#website\",\"url\":\"https:\/\/www.smedemokrati.sk\/\",\"name\":\"Smedemokrati.sk\",\"description\":\"Demokracia a slu\u0161nos\u0165 zv\u00ed\u0165az\u00ed\",\"publisher\":{\"@id\":\"https:\/\/www.smedemokrati.sk\/#organization\"},\"potentialAction\":[{\"@type\":\"SearchAction\",\"target\":{\"@type\":\"EntryPoint\",\"urlTemplate\":\"https:\/\/www.smedemokrati.sk\/?s={search_term_string}\"},\"query-input\":{\"@type\":\"PropertyValueSpecification\",\"valueRequired\":true,\"valueName\":\"search_term_string\"}}],\"inLanguage\":\"hu-HU\"},{\"@type\":\"Organization\",\"@id\":\"https:\/\/www.smedemokrati.sk\/#organization\",\"name\":\"Smedemokrati.sk\",\"url\":\"https:\/\/www.smedemokrati.sk\/\",\"logo\":{\"@type\":\"ImageObject\",\"inLanguage\":\"hu-HU\",\"@id\":\"https:\/\/www.smedemokrati.sk\/#\/schema\/logo\/image\/\",\"url\":\"https:\/\/www.smedemokrati.sk\/wp-content\/uploads\/2023\/04\/ff.002.jpeg\",\"contentUrl\":\"https:\/\/www.smedemokrati.sk\/wp-content\/uploads\/2023\/04\/ff.002.jpeg\",\"width\":640,\"height\":480,\"caption\":\"Smedemokrati.sk\"},\"image\":{\"@id\":\"https:\/\/www.smedemokrati.sk\/#\/schema\/logo\/image\/\"},\"sameAs\":[\"https:\/\/www.facebook.com\/smedemokrati2023\"]},{\"@type\":\"Person\",\"@id\":\"https:\/\/www.smedemokrati.sk\/#\/schema\/person\/c60720f4b9955b3c1ed222ebd1fbbc7c\",\"name\":\"Tom\u00e1\u0161 Koppl\",\"image\":{\"@type\":\"ImageObject\",\"inLanguage\":\"hu-HU\",\"@id\":\"https:\/\/secure.gravatar.com\/avatar\/8dfa38373c5e39821baf74c8e867a6f12e12c6dab6559aa999d10703b0b1c4ce?s=96&d=mm&r=g\",\"url\":\"https:\/\/secure.gravatar.com\/avatar\/8dfa38373c5e39821baf74c8e867a6f12e12c6dab6559aa999d10703b0b1c4ce?s=96&d=mm&r=g\",\"contentUrl\":\"https:\/\/secure.gravatar.com\/avatar\/8dfa38373c5e39821baf74c8e867a6f12e12c6dab6559aa999d10703b0b1c4ce?s=96&d=mm&r=g\",\"caption\":\"Tom\u00e1\u0161 Koppl\"},\"url\":\"https:\/\/www.smedemokrati.sk\/hu\/author\/tomaskoppl\/\"}]}<\/script>\n<!-- \/ Yoast SEO plugin. -->","yoast_head_json":{"title":"Reakcia Eduarda Hegera na v\u00fdroky B. Koll\u00e1ra - Smedemokrati.sk","robots":{"index":"index","follow":"follow","max-snippet":"max-snippet:-1","max-image-preview":"max-image-preview:large","max-video-preview":"max-video-preview:-1"},"canonical":"https:\/\/www.smedemokrati.sk\/hu\/reakcia-eduarda-hegera-na-vyroky-b-kollara\/","og_locale":"hu_HU","og_type":"article","og_title":"Reakcia Eduarda Hegera na v\u00fdroky B. Koll\u00e1ra - Smedemokrati.sk","og_description":"\u201eDa\u0165 prednos\u0165 \u010dloveku, \u017eene, ktor\u00e1 30 rokov zachra\u0148uje \u013eudsk\u00e9 \u017eivoty je slabos\u0165? Vo svete Borisa Koll\u00e1ra \u00e1no, pre neho som \u201ahandra\u2018. V mojom svete to slabos\u0165 nie je, preto\u017ee politiku beriem ako slu\u017ebu \u013eu\u010fom, nie ako boj o miesto na kandid\u00e1tke. V mojom svete \u017een\u00e1m ver\u00edme a nebijeme ich za \u017eiadnych okolnost\u00ed!\u201c","og_url":"https:\/\/www.smedemokrati.sk\/hu\/reakcia-eduarda-hegera-na-vyroky-b-kollara\/","og_site_name":"Smedemokrati.sk","article_publisher":"https:\/\/www.facebook.com\/smedemokrati2023","article_published_time":"2023-06-25T12:10:10+00:00","article_modified_time":"2023-06-25T12:11:19+00:00","og_image":[{"width":1638,"height":1761,"url":"https:\/\/www.smedemokrati.sk\/wp-content\/uploads\/2023\/06\/356222019_827384708951582_4015143400471363150_n-1.jpg","type":"image\/jpeg"}],"author":"Tom\u00e1\u0161 Koppl","twitter_card":"summary_large_image","twitter_misc":{"Szerz\u0151:":"Tom\u00e1\u0161 Koppl","Becs\u00fclt olvas\u00e1si id\u0151":"1 perc"},"schema":{"@context":"https:\/\/schema.org","@graph":[{"@type":"Article","@id":"https:\/\/www.smedemokrati.sk\/reakcia-eduarda-hegera-na-vyroky-b-kollara\/#article","isPartOf":{"@id":"https:\/\/www.smedemokrati.sk\/reakcia-eduarda-hegera-na-vyroky-b-kollara\/"},"author":{"name":"Tom\u00e1\u0161 Koppl","@id":"https:\/\/www.smedemokrati.sk\/#\/schema\/person\/c60720f4b9955b3c1ed222ebd1fbbc7c"},"headline":"Reakcia Eduarda Hegera na v\u00fdroky B. Koll\u00e1ra","datePublished":"2023-06-25T12:10:10+00:00","dateModified":"2023-06-25T12:11:19+00:00","mainEntityOfPage":{"@id":"https:\/\/www.smedemokrati.sk\/reakcia-eduarda-hegera-na-vyroky-b-kollara\/"},"wordCount":68,"publisher":{"@id":"https:\/\/www.smedemokrati.sk\/#organization"},"image":{"@id":"https:\/\/www.smedemokrati.sk\/reakcia-eduarda-hegera-na-vyroky-b-kollara\/#primaryimage"},"thumbnailUrl":"https:\/\/www.smedemokrati.sk\/wp-content\/uploads\/2023\/06\/356222019_827384708951582_4015143400471363150_n-1.jpg","articleSection":["Tla\u010dov\u00e9 spr\u00e1vy"],"inLanguage":"hu-HU"},{"@type":"WebPage","@id":"https:\/\/www.smedemokrati.sk\/reakcia-eduarda-hegera-na-vyroky-b-kollara\/","url":"https:\/\/www.smedemokrati.sk\/reakcia-eduarda-hegera-na-vyroky-b-kollara\/","name":"Reakcia Eduarda Hegera na v\u00fdroky B. Koll\u00e1ra - Smedemokrati.sk","isPartOf":{"@id":"https:\/\/www.smedemokrati.sk\/#website"},"primaryImageOfPage":{"@id":"https:\/\/www.smedemokrati.sk\/reakcia-eduarda-hegera-na-vyroky-b-kollara\/#primaryimage"},"image":{"@id":"https:\/\/www.smedemokrati.sk\/reakcia-eduarda-hegera-na-vyroky-b-kollara\/#primaryimage"},"thumbnailUrl":"https:\/\/www.smedemokrati.sk\/wp-content\/uploads\/2023\/06\/356222019_827384708951582_4015143400471363150_n-1.jpg","datePublished":"2023-06-25T12:10:10+00:00","dateModified":"2023-06-25T12:11:19+00:00","breadcrumb":{"@id":"https:\/\/www.smedemokrati.sk\/reakcia-eduarda-hegera-na-vyroky-b-kollara\/#breadcrumb"},"inLanguage":"hu-HU","potentialAction":[{"@type":"ReadAction","target":["https:\/\/www.smedemokrati.sk\/reakcia-eduarda-hegera-na-vyroky-b-kollara\/"]}]},{"@type":"ImageObject","inLanguage":"hu-HU","@id":"https:\/\/www.smedemokrati.sk\/reakcia-eduarda-hegera-na-vyroky-b-kollara\/#primaryimage","url":"https:\/\/www.smedemokrati.sk\/wp-content\/uploads\/2023\/06\/356222019_827384708951582_4015143400471363150_n-1.jpg","contentUrl":"https:\/\/www.smedemokrati.sk\/wp-content\/uploads\/2023\/06\/356222019_827384708951582_4015143400471363150_n-1.jpg","width":1638,"height":1761},{"@type":"BreadcrumbList","@id":"https:\/\/www.smedemokrati.sk\/reakcia-eduarda-hegera-na-vyroky-b-kollara\/#breadcrumb","itemListElement":[{"@type":"ListItem","position":1,"name":"Domovsk\u00e1 str\u00e1nka","item":"https:\/\/www.smedemokrati.sk\/"},{"@type":"ListItem","position":2,"name":"Reakcia Eduarda Hegera na v\u00fdroky B. Koll\u00e1ra"}]},{"@type":"WebSite","@id":"https:\/\/www.smedemokrati.sk\/#website","url":"https:\/\/www.smedemokrati.sk\/","name":"Smedemokrati.sk","description":"Demokracia a slu\u0161nos\u0165 zv\u00ed\u0165az\u00ed","publisher":{"@id":"https:\/\/www.smedemokrati.sk\/#organization"},"potentialAction":[{"@type":"SearchAction","target":{"@type":"EntryPoint","urlTemplate":"https:\/\/www.smedemokrati.sk\/?s={search_term_string}"},"query-input":{"@type":"PropertyValueSpecification","valueRequired":true,"valueName":"search_term_string"}}],"inLanguage":"hu-HU"},{"@type":"Organization","@id":"https:\/\/www.smedemokrati.sk\/#organization","name":"Smedemokrati.sk","url":"https:\/\/www.smedemokrati.sk\/","logo":{"@type":"ImageObject","inLanguage":"hu-HU","@id":"https:\/\/www.smedemokrati.sk\/#\/schema\/logo\/image\/","url":"https:\/\/www.smedemokrati.sk\/wp-content\/uploads\/2023\/04\/ff.002.jpeg","contentUrl":"https:\/\/www.smedemokrati.sk\/wp-content\/uploads\/2023\/04\/ff.002.jpeg","width":640,"height":480,"caption":"Smedemokrati.sk"},"image":{"@id":"https:\/\/www.smedemokrati.sk\/#\/schema\/logo\/image\/"},"sameAs":["https:\/\/www.facebook.com\/smedemokrati2023"]},{"@type":"Person","@id":"https:\/\/www.smedemokrati.sk\/#\/schema\/person\/c60720f4b9955b3c1ed222ebd1fbbc7c","name":"Tom\u00e1\u0161 Koppl","image":{"@type":"ImageObject","inLanguage":"hu-HU","@id":"https:\/\/secure.gravatar.com\/avatar\/8dfa38373c5e39821baf74c8e867a6f12e12c6dab6559aa999d10703b0b1c4ce?s=96&d=mm&r=g","url":"https:\/\/secure.gravatar.com\/avatar\/8dfa38373c5e39821baf74c8e867a6f12e12c6dab6559aa999d10703b0b1c4ce?s=96&d=mm&r=g","contentUrl":"https:\/\/secure.gravatar.com\/avatar\/8dfa38373c5e39821baf74c8e867a6f12e12c6dab6559aa999d10703b0b1c4ce?s=96&d=mm&r=g","caption":"Tom\u00e1\u0161 Koppl"},"url":"https:\/\/www.smedemokrati.sk\/hu\/author\/tomaskoppl\/"}]}},"_links":{"self":[{"href":"https:\/\/www.smedemokrati.sk\/hu\/wp-json\/wp\/v2\/posts\/1313","targetHints":{"allow":["GET"]}}],"collection":[{"href":"https:\/\/www.smedemokrati.sk\/hu\/wp-json\/wp\/v2\/posts"}],"about":[{"href":"https:\/\/www.smedemokrati.sk\/hu\/wp-json\/wp\/v2\/types\/post"}],"author":[{"embeddable":true,"href":"https:\/\/www.smedemokrati.sk\/hu\/wp-json\/wp\/v2\/users\/7"}],"replies":[{"embeddable":true,"href":"https:\/\/www.smedemokrati.sk\/hu\/wp-json\/wp\/v2\/comments?post=1313"}],"version-history":[{"count":2,"href":"https:\/\/www.smedemokrati.sk\/hu\/wp-json\/wp\/v2\/posts\/1313\/revisions"}],"predecessor-version":[{"id":1318,"href":"https:\/\/www.smedemokrati.sk\/hu\/wp-json\/wp\/v2\/posts\/1313\/revisions\/1318"}],"wp:featuredmedia":[{"embeddable":true,"href":"https:\/\/www.smedemokrati.sk\/hu\/wp-json\/wp\/v2\/media\/1315"}],"wp:attachment":[{"href":"https:\/\/www.smedemokrati.sk\/hu\/wp-json\/wp\/v2\/media?parent=1313"}],"wp:term":[{"taxonomy":"category","embeddable":true,"href":"https:\/\/www.smedemokrati.sk\/hu\/wp-json\/wp\/v2\/categories?post=1313"},{"taxonomy":"post_tag","embeddable":true,"href":"https:\/\/www.smedemokrati.sk\/hu\/wp-json\/wp\/v2\/tags?post=1313"}],"curies":[{"name":"wp","href":"https:\/\/api.w.org\/{rel}","templated":true}]}}