{"id":1216,"date":"2023-06-15T22:58:01","date_gmt":"2023-06-15T20:58:01","guid":{"rendered":"https:\/\/www.smedemokrati.sk\/?p=1216"},"modified":"2023-06-15T22:58:02","modified_gmt":"2023-06-15T20:58:02","slug":"vyrazna-pomoc-pre-zdravotne-znevyhodnene-deti","status":"publish","type":"post","link":"https:\/\/www.smedemokrati.sk\/hu\/vyrazna-pomoc-pre-zdravotne-znevyhodnene-deti\/","title":{"rendered":"V\u00fdrazn\u00e1 pomoc pre zdravotne znev\u00fdhodnen\u00e9 deti"},"content":{"rendered":"<div id=\"fb-root\"><\/div>\n\n<p><strong>Demokrati pom\u00e1haj\u00fa slab\u0161\u00edm, presadili, aby osobn\u00ed asistenti mohli pom\u00e1ha\u0165 zdravotne znev\u00fdhodnen\u00fdm \u017eiakom na \u0161kol\u00e1ch<\/strong><\/p>\n\n\n\n<p>Osobn\u00ed asistenti pre zdravotne znev\u00fdhodnen\u00e9 deti v \u0161kol\u00e1ch s\u00fa realitou. V parlamente pre\u0161iel n\u00e1vrh poslankyne Jany \u017dit\u0148anskej (Demokrati), ktor\u00fd v\u00fdrazne pom\u00f4\u017ee t\u00fdmto de\u0165om lep\u0161ie zvl\u00e1da\u0165 \u0161kolsk\u00fa v\u00fdu\u010dbu.<\/p>\n\n\n\n<p><strong>\u201eOsobn\u00fd asistent bude \u017eiaka odprev\u00e1dza\u0165 do \u0161koly, pom\u00e1ha\u0165 mu pri samoobslu\u017en\u00fdch \u010dinnostiach, ako je napr\u00edklad osobn\u00e1 hygiena, po vyu\u010dovan\u00ed ho bezpe\u010dne odprevad\u00ed domov. Zdravotne znev\u00fdhodnen\u00e9 deti tak dostan\u00fa pomoc, ktor\u00e1 bude pre mnoh\u00e9 znamena\u0165 z\u00e1kladn\u00fa podmienku na to, aby neost\u00e1vali doma, ale chodili medzi ostatn\u00e9 deti do \u0161koly,\u201c<\/strong> upozor\u0148uje Jana \u017dit\u0148ansk\u00e1, s t\u00fdm \u017ee zmena sa v s\u00fa\u010dasnosti dotkne pribli\u017ene 350 \u017eiakov. V bud\u00facnosti m\u00f4\u017ee po\u010det nar\u00e1s\u0165 na z\u00e1klade potrieb det\u00ed s \u0165a\u017ek\u00fdm zdravotn\u00fdm znev\u00fdhodnen\u00edm.\u00a0<\/p>\n\n\n\n<p>Jedn\u00fdm z k\u013e\u00fa\u010dov\u00fdch bodov programu strany Demokrati je pomoc slab\u0161\u00edm, predov\u0161etk\u00fdm t\u00fdm, ktor\u00ed to najviac potrebuj\u00fa \u2013 zdravotne znev\u00fdhodnen\u00e9 deti a ich rodiny. Aktu\u00e1lne je v parlamente v prvom \u010d\u00edtan\u00ed n\u00e1vrh Jany \u017dit\u0148anskej o pomoci zdravotne znev\u00fdhodnen\u00fdm de\u0165om v akreditovan\u00fdch detsk\u00fdch domovoch. Demokrati tie\u017e v bud\u00facnosti bud\u00fa rie\u0161i\u0165 aj ot\u00e1zku syst\u00e9movej podpory t\u00fdchto rod\u00edn okrem in\u00e9ho aj v oblasti prepl\u00e1cania n\u00e1kladov na rehabilit\u00e1cie, terapie \u010di pom\u00f4cky, ktor\u00e9 dnes rodiny mesa\u010dne stoja v priemere 300 a\u017e 700 Eur.<\/p>\n","protected":false},"excerpt":{"rendered":"<p>Demokrati pom\u00e1haj\u00fa slab\u0161\u00edm, presadili, aby osobn\u00ed asistenti mohli pom\u00e1ha\u0165 zdravotne znev\u00fdhodnen\u00fdm \u017eiakom na \u0161kol\u00e1ch Osobn\u00ed asistenti pre zdravotne znev\u00fdhodnen\u00e9 deti v \u0161kol\u00e1ch s\u00fa realitou. V parlamente pre\u0161iel n\u00e1vrh poslankyne Jany \u017dit\u0148anskej (Demokrati), ktor\u00fd v\u00fdrazne pom\u00f4\u017ee t\u00fdmto de\u0165om lep\u0161ie zvl\u00e1da\u0165 \u0161kolsk\u00fa v\u00fdu\u010dbu. \u201eOsobn\u00fd asistent bude \u017eiaka odprev\u00e1dza\u0165 do \u0161koly, pom\u00e1ha\u0165 mu pri samoobslu\u017en\u00fdch \u010dinnostiach, ako je [&hellip;]<\/p>\n","protected":false},"author":7,"featured_media":970,"comment_status":"closed","ping_status":"closed","sticky":false,"template":"","format":"standard","meta":{"_acf_changed":false,"ngg_post_thumbnail":0,"footnotes":""},"categories":[4],"tags":[],"class_list":["post-1216","post","type-post","status-publish","format-standard","has-post-thumbnail","hentry","category-tlacove-spravy"],"acf":[],"yoast_head":"<!-- This site is optimized with the Yoast SEO plugin v27.2 - https:\/\/yoast.com\/product\/yoast-seo-wordpress\/ -->\n<title>V\u00fdrazn\u00e1 pomoc pre zdravotne znev\u00fdhodnen\u00e9 deti - Smedemokrati.sk<\/title>\n<meta name=\"robots\" content=\"index, follow, max-snippet:-1, max-image-preview:large, max-video-preview:-1\" \/>\n<link rel=\"canonical\" href=\"https:\/\/www.smedemokrati.sk\/hu\/vyrazna-pomoc-pre-zdravotne-znevyhodnene-deti\/\" \/>\n<meta property=\"og:locale\" content=\"hu_HU\" \/>\n<meta property=\"og:locale:alternate\" content=\"en_US\" \/>\n<meta property=\"og:locale:alternate\" content=\"cs_CZ\" \/>\n<meta property=\"og:locale:alternate\" content=\"sk_SK\" \/>\n<meta property=\"og:locale:alternate\" content=\"sv_SE\" \/>\n<meta property=\"og:type\" content=\"article\" \/>\n<meta property=\"og:title\" content=\"V\u00fdrazn\u00e1 pomoc pre zdravotne znev\u00fdhodnen\u00e9 deti - Smedemokrati.sk\" \/>\n<meta property=\"og:description\" content=\"Demokrati pom\u00e1haj\u00fa slab\u0161\u00edm, presadili, aby osobn\u00ed asistenti mohli pom\u00e1ha\u0165 zdravotne znev\u00fdhodnen\u00fdm \u017eiakom na \u0161kol\u00e1ch Osobn\u00ed asistenti pre zdravotne znev\u00fdhodnen\u00e9 deti v \u0161kol\u00e1ch s\u00fa realitou. V parlamente pre\u0161iel n\u00e1vrh poslankyne Jany \u017dit\u0148anskej (Demokrati), ktor\u00fd v\u00fdrazne pom\u00f4\u017ee t\u00fdmto de\u0165om lep\u0161ie zvl\u00e1da\u0165 \u0161kolsk\u00fa v\u00fdu\u010dbu. \u201eOsobn\u00fd asistent bude \u017eiaka odprev\u00e1dza\u0165 do \u0161koly, pom\u00e1ha\u0165 mu pri samoobslu\u017en\u00fdch \u010dinnostiach, ako je [&hellip;]\" \/>\n<meta property=\"og:url\" content=\"https:\/\/www.smedemokrati.sk\/hu\/vyrazna-pomoc-pre-zdravotne-znevyhodnene-deti\/\" \/>\n<meta property=\"og:site_name\" content=\"Smedemokrati.sk\" \/>\n<meta property=\"article:publisher\" content=\"https:\/\/www.facebook.com\/smedemokrati2023\" \/>\n<meta property=\"article:published_time\" content=\"2023-06-15T20:58:01+00:00\" \/>\n<meta property=\"article:modified_time\" content=\"2023-06-15T20:58:02+00:00\" \/>\n<meta property=\"og:image\" content=\"https:\/\/www.smedemokrati.sk\/wp-content\/uploads\/2023\/05\/JZ_new.jpg\" \/>\n\t<meta property=\"og:image:width\" content=\"1520\" \/>\n\t<meta property=\"og:image:height\" content=\"1080\" \/>\n\t<meta property=\"og:image:type\" content=\"image\/jpeg\" \/>\n<meta name=\"author\" content=\"Tom\u00e1\u0161 Koppl\" \/>\n<meta name=\"twitter:card\" content=\"summary_large_image\" \/>\n<meta name=\"twitter:label1\" content=\"Szerz\u0151:\" \/>\n\t<meta name=\"twitter:data1\" content=\"Tom\u00e1\u0161 Koppl\" \/>\n\t<meta name=\"twitter:label2\" content=\"Becs\u00fclt olvas\u00e1si id\u0151\" \/>\n\t<meta name=\"twitter:data2\" content=\"2 perc\" \/>\n<script type=\"application\/ld+json\" class=\"yoast-schema-graph\">{\"@context\":\"https:\/\/schema.org\",\"@graph\":[{\"@type\":\"Article\",\"@id\":\"https:\/\/www.smedemokrati.sk\/vyrazna-pomoc-pre-zdravotne-znevyhodnene-deti\/#article\",\"isPartOf\":{\"@id\":\"https:\/\/www.smedemokrati.sk\/vyrazna-pomoc-pre-zdravotne-znevyhodnene-deti\/\"},\"author\":{\"name\":\"Tom\u00e1\u0161 Koppl\",\"@id\":\"https:\/\/www.smedemokrati.sk\/#\/schema\/person\/c60720f4b9955b3c1ed222ebd1fbbc7c\"},\"headline\":\"V\u00fdrazn\u00e1 pomoc pre zdravotne znev\u00fdhodnen\u00e9 deti\",\"datePublished\":\"2023-06-15T20:58:01+00:00\",\"dateModified\":\"2023-06-15T20:58:02+00:00\",\"mainEntityOfPage\":{\"@id\":\"https:\/\/www.smedemokrati.sk\/vyrazna-pomoc-pre-zdravotne-znevyhodnene-deti\/\"},\"wordCount\":269,\"publisher\":{\"@id\":\"https:\/\/www.smedemokrati.sk\/#organization\"},\"image\":{\"@id\":\"https:\/\/www.smedemokrati.sk\/vyrazna-pomoc-pre-zdravotne-znevyhodnene-deti\/#primaryimage\"},\"thumbnailUrl\":\"https:\/\/www.smedemokrati.sk\/wp-content\/uploads\/2023\/05\/JZ_new.jpg\",\"articleSection\":[\"Tla\u010dov\u00e9 spr\u00e1vy\"],\"inLanguage\":\"hu-HU\"},{\"@type\":\"WebPage\",\"@id\":\"https:\/\/www.smedemokrati.sk\/vyrazna-pomoc-pre-zdravotne-znevyhodnene-deti\/\",\"url\":\"https:\/\/www.smedemokrati.sk\/vyrazna-pomoc-pre-zdravotne-znevyhodnene-deti\/\",\"name\":\"V\u00fdrazn\u00e1 pomoc pre zdravotne znev\u00fdhodnen\u00e9 deti - Smedemokrati.sk\",\"isPartOf\":{\"@id\":\"https:\/\/www.smedemokrati.sk\/#website\"},\"primaryImageOfPage\":{\"@id\":\"https:\/\/www.smedemokrati.sk\/vyrazna-pomoc-pre-zdravotne-znevyhodnene-deti\/#primaryimage\"},\"image\":{\"@id\":\"https:\/\/www.smedemokrati.sk\/vyrazna-pomoc-pre-zdravotne-znevyhodnene-deti\/#primaryimage\"},\"thumbnailUrl\":\"https:\/\/www.smedemokrati.sk\/wp-content\/uploads\/2023\/05\/JZ_new.jpg\",\"datePublished\":\"2023-06-15T20:58:01+00:00\",\"dateModified\":\"2023-06-15T20:58:02+00:00\",\"breadcrumb\":{\"@id\":\"https:\/\/www.smedemokrati.sk\/vyrazna-pomoc-pre-zdravotne-znevyhodnene-deti\/#breadcrumb\"},\"inLanguage\":\"hu-HU\",\"potentialAction\":[{\"@type\":\"ReadAction\",\"target\":[\"https:\/\/www.smedemokrati.sk\/vyrazna-pomoc-pre-zdravotne-znevyhodnene-deti\/\"]}]},{\"@type\":\"ImageObject\",\"inLanguage\":\"hu-HU\",\"@id\":\"https:\/\/www.smedemokrati.sk\/vyrazna-pomoc-pre-zdravotne-znevyhodnene-deti\/#primaryimage\",\"url\":\"https:\/\/www.smedemokrati.sk\/wp-content\/uploads\/2023\/05\/JZ_new.jpg\",\"contentUrl\":\"https:\/\/www.smedemokrati.sk\/wp-content\/uploads\/2023\/05\/JZ_new.jpg\",\"width\":1520,\"height\":1080},{\"@type\":\"BreadcrumbList\",\"@id\":\"https:\/\/www.smedemokrati.sk\/vyrazna-pomoc-pre-zdravotne-znevyhodnene-deti\/#breadcrumb\",\"itemListElement\":[{\"@type\":\"ListItem\",\"position\":1,\"name\":\"Domovsk\u00e1 str\u00e1nka\",\"item\":\"https:\/\/www.smedemokrati.sk\/\"},{\"@type\":\"ListItem\",\"position\":2,\"name\":\"V\u00fdrazn\u00e1 pomoc pre zdravotne znev\u00fdhodnen\u00e9 deti\"}]},{\"@type\":\"WebSite\",\"@id\":\"https:\/\/www.smedemokrati.sk\/#website\",\"url\":\"https:\/\/www.smedemokrati.sk\/\",\"name\":\"Smedemokrati.sk\",\"description\":\"Demokracia a slu\u0161nos\u0165 zv\u00ed\u0165az\u00ed\",\"publisher\":{\"@id\":\"https:\/\/www.smedemokrati.sk\/#organization\"},\"potentialAction\":[{\"@type\":\"SearchAction\",\"target\":{\"@type\":\"EntryPoint\",\"urlTemplate\":\"https:\/\/www.smedemokrati.sk\/?s={search_term_string}\"},\"query-input\":{\"@type\":\"PropertyValueSpecification\",\"valueRequired\":true,\"valueName\":\"search_term_string\"}}],\"inLanguage\":\"hu-HU\"},{\"@type\":\"Organization\",\"@id\":\"https:\/\/www.smedemokrati.sk\/#organization\",\"name\":\"Smedemokrati.sk\",\"url\":\"https:\/\/www.smedemokrati.sk\/\",\"logo\":{\"@type\":\"ImageObject\",\"inLanguage\":\"hu-HU\",\"@id\":\"https:\/\/www.smedemokrati.sk\/#\/schema\/logo\/image\/\",\"url\":\"https:\/\/www.smedemokrati.sk\/wp-content\/uploads\/2023\/04\/ff.002.jpeg\",\"contentUrl\":\"https:\/\/www.smedemokrati.sk\/wp-content\/uploads\/2023\/04\/ff.002.jpeg\",\"width\":640,\"height\":480,\"caption\":\"Smedemokrati.sk\"},\"image\":{\"@id\":\"https:\/\/www.smedemokrati.sk\/#\/schema\/logo\/image\/\"},\"sameAs\":[\"https:\/\/www.facebook.com\/smedemokrati2023\"]},{\"@type\":\"Person\",\"@id\":\"https:\/\/www.smedemokrati.sk\/#\/schema\/person\/c60720f4b9955b3c1ed222ebd1fbbc7c\",\"name\":\"Tom\u00e1\u0161 Koppl\",\"image\":{\"@type\":\"ImageObject\",\"inLanguage\":\"hu-HU\",\"@id\":\"https:\/\/secure.gravatar.com\/avatar\/8dfa38373c5e39821baf74c8e867a6f12e12c6dab6559aa999d10703b0b1c4ce?s=96&d=mm&r=g\",\"url\":\"https:\/\/secure.gravatar.com\/avatar\/8dfa38373c5e39821baf74c8e867a6f12e12c6dab6559aa999d10703b0b1c4ce?s=96&d=mm&r=g\",\"contentUrl\":\"https:\/\/secure.gravatar.com\/avatar\/8dfa38373c5e39821baf74c8e867a6f12e12c6dab6559aa999d10703b0b1c4ce?s=96&d=mm&r=g\",\"caption\":\"Tom\u00e1\u0161 Koppl\"},\"url\":\"https:\/\/www.smedemokrati.sk\/hu\/author\/tomaskoppl\/\"}]}<\/script>\n<!-- \/ Yoast SEO plugin. -->","yoast_head_json":{"title":"V\u00fdrazn\u00e1 pomoc pre zdravotne znev\u00fdhodnen\u00e9 deti - Smedemokrati.sk","robots":{"index":"index","follow":"follow","max-snippet":"max-snippet:-1","max-image-preview":"max-image-preview:large","max-video-preview":"max-video-preview:-1"},"canonical":"https:\/\/www.smedemokrati.sk\/hu\/vyrazna-pomoc-pre-zdravotne-znevyhodnene-deti\/","og_locale":"hu_HU","og_type":"article","og_title":"V\u00fdrazn\u00e1 pomoc pre zdravotne znev\u00fdhodnen\u00e9 deti - Smedemokrati.sk","og_description":"Demokrati pom\u00e1haj\u00fa slab\u0161\u00edm, presadili, aby osobn\u00ed asistenti mohli pom\u00e1ha\u0165 zdravotne znev\u00fdhodnen\u00fdm \u017eiakom na \u0161kol\u00e1ch Osobn\u00ed asistenti pre zdravotne znev\u00fdhodnen\u00e9 deti v \u0161kol\u00e1ch s\u00fa realitou. V parlamente pre\u0161iel n\u00e1vrh poslankyne Jany \u017dit\u0148anskej (Demokrati), ktor\u00fd v\u00fdrazne pom\u00f4\u017ee t\u00fdmto de\u0165om lep\u0161ie zvl\u00e1da\u0165 \u0161kolsk\u00fa v\u00fdu\u010dbu. \u201eOsobn\u00fd asistent bude \u017eiaka odprev\u00e1dza\u0165 do \u0161koly, pom\u00e1ha\u0165 mu pri samoobslu\u017en\u00fdch \u010dinnostiach, ako je [&hellip;]","og_url":"https:\/\/www.smedemokrati.sk\/hu\/vyrazna-pomoc-pre-zdravotne-znevyhodnene-deti\/","og_site_name":"Smedemokrati.sk","article_publisher":"https:\/\/www.facebook.com\/smedemokrati2023","article_published_time":"2023-06-15T20:58:01+00:00","article_modified_time":"2023-06-15T20:58:02+00:00","og_image":[{"width":1520,"height":1080,"url":"https:\/\/www.smedemokrati.sk\/wp-content\/uploads\/2023\/05\/JZ_new.jpg","type":"image\/jpeg"}],"author":"Tom\u00e1\u0161 Koppl","twitter_card":"summary_large_image","twitter_misc":{"Szerz\u0151:":"Tom\u00e1\u0161 Koppl","Becs\u00fclt olvas\u00e1si id\u0151":"2 perc"},"schema":{"@context":"https:\/\/schema.org","@graph":[{"@type":"Article","@id":"https:\/\/www.smedemokrati.sk\/vyrazna-pomoc-pre-zdravotne-znevyhodnene-deti\/#article","isPartOf":{"@id":"https:\/\/www.smedemokrati.sk\/vyrazna-pomoc-pre-zdravotne-znevyhodnene-deti\/"},"author":{"name":"Tom\u00e1\u0161 Koppl","@id":"https:\/\/www.smedemokrati.sk\/#\/schema\/person\/c60720f4b9955b3c1ed222ebd1fbbc7c"},"headline":"V\u00fdrazn\u00e1 pomoc pre zdravotne znev\u00fdhodnen\u00e9 deti","datePublished":"2023-06-15T20:58:01+00:00","dateModified":"2023-06-15T20:58:02+00:00","mainEntityOfPage":{"@id":"https:\/\/www.smedemokrati.sk\/vyrazna-pomoc-pre-zdravotne-znevyhodnene-deti\/"},"wordCount":269,"publisher":{"@id":"https:\/\/www.smedemokrati.sk\/#organization"},"image":{"@id":"https:\/\/www.smedemokrati.sk\/vyrazna-pomoc-pre-zdravotne-znevyhodnene-deti\/#primaryimage"},"thumbnailUrl":"https:\/\/www.smedemokrati.sk\/wp-content\/uploads\/2023\/05\/JZ_new.jpg","articleSection":["Tla\u010dov\u00e9 spr\u00e1vy"],"inLanguage":"hu-HU"},{"@type":"WebPage","@id":"https:\/\/www.smedemokrati.sk\/vyrazna-pomoc-pre-zdravotne-znevyhodnene-deti\/","url":"https:\/\/www.smedemokrati.sk\/vyrazna-pomoc-pre-zdravotne-znevyhodnene-deti\/","name":"V\u00fdrazn\u00e1 pomoc pre zdravotne znev\u00fdhodnen\u00e9 deti - Smedemokrati.sk","isPartOf":{"@id":"https:\/\/www.smedemokrati.sk\/#website"},"primaryImageOfPage":{"@id":"https:\/\/www.smedemokrati.sk\/vyrazna-pomoc-pre-zdravotne-znevyhodnene-deti\/#primaryimage"},"image":{"@id":"https:\/\/www.smedemokrati.sk\/vyrazna-pomoc-pre-zdravotne-znevyhodnene-deti\/#primaryimage"},"thumbnailUrl":"https:\/\/www.smedemokrati.sk\/wp-content\/uploads\/2023\/05\/JZ_new.jpg","datePublished":"2023-06-15T20:58:01+00:00","dateModified":"2023-06-15T20:58:02+00:00","breadcrumb":{"@id":"https:\/\/www.smedemokrati.sk\/vyrazna-pomoc-pre-zdravotne-znevyhodnene-deti\/#breadcrumb"},"inLanguage":"hu-HU","potentialAction":[{"@type":"ReadAction","target":["https:\/\/www.smedemokrati.sk\/vyrazna-pomoc-pre-zdravotne-znevyhodnene-deti\/"]}]},{"@type":"ImageObject","inLanguage":"hu-HU","@id":"https:\/\/www.smedemokrati.sk\/vyrazna-pomoc-pre-zdravotne-znevyhodnene-deti\/#primaryimage","url":"https:\/\/www.smedemokrati.sk\/wp-content\/uploads\/2023\/05\/JZ_new.jpg","contentUrl":"https:\/\/www.smedemokrati.sk\/wp-content\/uploads\/2023\/05\/JZ_new.jpg","width":1520,"height":1080},{"@type":"BreadcrumbList","@id":"https:\/\/www.smedemokrati.sk\/vyrazna-pomoc-pre-zdravotne-znevyhodnene-deti\/#breadcrumb","itemListElement":[{"@type":"ListItem","position":1,"name":"Domovsk\u00e1 str\u00e1nka","item":"https:\/\/www.smedemokrati.sk\/"},{"@type":"ListItem","position":2,"name":"V\u00fdrazn\u00e1 pomoc pre zdravotne znev\u00fdhodnen\u00e9 deti"}]},{"@type":"WebSite","@id":"https:\/\/www.smedemokrati.sk\/#website","url":"https:\/\/www.smedemokrati.sk\/","name":"Smedemokrati.sk","description":"Demokracia a slu\u0161nos\u0165 zv\u00ed\u0165az\u00ed","publisher":{"@id":"https:\/\/www.smedemokrati.sk\/#organization"},"potentialAction":[{"@type":"SearchAction","target":{"@type":"EntryPoint","urlTemplate":"https:\/\/www.smedemokrati.sk\/?s={search_term_string}"},"query-input":{"@type":"PropertyValueSpecification","valueRequired":true,"valueName":"search_term_string"}}],"inLanguage":"hu-HU"},{"@type":"Organization","@id":"https:\/\/www.smedemokrati.sk\/#organization","name":"Smedemokrati.sk","url":"https:\/\/www.smedemokrati.sk\/","logo":{"@type":"ImageObject","inLanguage":"hu-HU","@id":"https:\/\/www.smedemokrati.sk\/#\/schema\/logo\/image\/","url":"https:\/\/www.smedemokrati.sk\/wp-content\/uploads\/2023\/04\/ff.002.jpeg","contentUrl":"https:\/\/www.smedemokrati.sk\/wp-content\/uploads\/2023\/04\/ff.002.jpeg","width":640,"height":480,"caption":"Smedemokrati.sk"},"image":{"@id":"https:\/\/www.smedemokrati.sk\/#\/schema\/logo\/image\/"},"sameAs":["https:\/\/www.facebook.com\/smedemokrati2023"]},{"@type":"Person","@id":"https:\/\/www.smedemokrati.sk\/#\/schema\/person\/c60720f4b9955b3c1ed222ebd1fbbc7c","name":"Tom\u00e1\u0161 Koppl","image":{"@type":"ImageObject","inLanguage":"hu-HU","@id":"https:\/\/secure.gravatar.com\/avatar\/8dfa38373c5e39821baf74c8e867a6f12e12c6dab6559aa999d10703b0b1c4ce?s=96&d=mm&r=g","url":"https:\/\/secure.gravatar.com\/avatar\/8dfa38373c5e39821baf74c8e867a6f12e12c6dab6559aa999d10703b0b1c4ce?s=96&d=mm&r=g","contentUrl":"https:\/\/secure.gravatar.com\/avatar\/8dfa38373c5e39821baf74c8e867a6f12e12c6dab6559aa999d10703b0b1c4ce?s=96&d=mm&r=g","caption":"Tom\u00e1\u0161 Koppl"},"url":"https:\/\/www.smedemokrati.sk\/hu\/author\/tomaskoppl\/"}]}},"_links":{"self":[{"href":"https:\/\/www.smedemokrati.sk\/hu\/wp-json\/wp\/v2\/posts\/1216","targetHints":{"allow":["GET"]}}],"collection":[{"href":"https:\/\/www.smedemokrati.sk\/hu\/wp-json\/wp\/v2\/posts"}],"about":[{"href":"https:\/\/www.smedemokrati.sk\/hu\/wp-json\/wp\/v2\/types\/post"}],"author":[{"embeddable":true,"href":"https:\/\/www.smedemokrati.sk\/hu\/wp-json\/wp\/v2\/users\/7"}],"replies":[{"embeddable":true,"href":"https:\/\/www.smedemokrati.sk\/hu\/wp-json\/wp\/v2\/comments?post=1216"}],"version-history":[{"count":1,"href":"https:\/\/www.smedemokrati.sk\/hu\/wp-json\/wp\/v2\/posts\/1216\/revisions"}],"predecessor-version":[{"id":1217,"href":"https:\/\/www.smedemokrati.sk\/hu\/wp-json\/wp\/v2\/posts\/1216\/revisions\/1217"}],"wp:featuredmedia":[{"embeddable":true,"href":"https:\/\/www.smedemokrati.sk\/hu\/wp-json\/wp\/v2\/media\/970"}],"wp:attachment":[{"href":"https:\/\/www.smedemokrati.sk\/hu\/wp-json\/wp\/v2\/media?parent=1216"}],"wp:term":[{"taxonomy":"category","embeddable":true,"href":"https:\/\/www.smedemokrati.sk\/hu\/wp-json\/wp\/v2\/categories?post=1216"},{"taxonomy":"post_tag","embeddable":true,"href":"https:\/\/www.smedemokrati.sk\/hu\/wp-json\/wp\/v2\/tags?post=1216"}],"curies":[{"name":"wp","href":"https:\/\/api.w.org\/{rel}","templated":true}]}}