{"id":1192,"date":"2023-06-13T15:07:33","date_gmt":"2023-06-13T13:07:33","guid":{"rendered":"https:\/\/www.smedemokrati.sk\/?p=1192"},"modified":"2023-06-13T15:07:34","modified_gmt":"2023-06-13T13:07:34","slug":"demokrati-vyslovia-uradnickej-vlade-doveru","status":"publish","type":"post","link":"https:\/\/www.smedemokrati.sk\/hu\/demokrati-vyslovia-uradnickej-vlade-doveru\/","title":{"rendered":"Demokrati vyslovia \u00faradn\u00edckej vl\u00e1de d\u00f4veru"},"content":{"rendered":"<div id=\"fb-root\"><\/div>\n\n<p><strong>Poslanci za stranu Demokrati bud\u00fa hlasova\u0165 za programov\u00e9 vyhl\u00e1senie vl\u00e1dy a za vyslovenie d\u00f4very.<\/strong><\/p>\n\n\n\n<p>\u00daradn\u00edcka vl\u00e1da pokra\u010duje v implement\u00e1ci\u00ed reforiem, ktor\u00e9 sme v parlamente za posledn\u00e9 dva roky presadili a uviedli na rezortoch do \u017eivota, pokra\u010duje v invest\u00edci\u00e1ch a programoch pomoci, ktor\u00e9 sme spustili, deklaruje proz\u00e1padn\u00fa a proeur\u00f3psk\u00fa zahrani\u010dn\u00fa politiku.<\/p>\n\n\n\n<p>Vo vl\u00e1dnom programe je na 28 stran\u00e1ch 48-kr\u00e1t pou\u017eit\u00e9 slovo \u201epokra\u010dujeme\u201c. To n\u00e1s, samozrejme, te\u0161\u00ed a ukazuje to kvalitu na\u0161ej pr\u00e1ce.<\/p>\n\n\n\n<p>M\u00f4\u017eeme taktie\u017e poveda\u0165, \u017ee vl\u00e1dny program stoj\u00ed na Pl\u00e1ne obnovy. To potvrdzuje, \u017ee Pl\u00e1n obnovy je kvalitn\u00fd, dobre postaven\u00fd a siln\u00fd dokument, pln\u00fd dobr\u00fdch rie\u0161en\u00ed pre \u013eud\u00ed. Z\u00e1rove\u0148 prin\u00e1\u0161a premenu Slovenska k lep\u0161iemu.<\/p>\n\n\n\n<p>Pre Slovensko je d\u00f4le\u017eit\u00e9, aby sa \u00faradn\u00edckej vl\u00e1de darilo. Je to dobre pre v\u0161etk\u00fdch ob\u010danov Slovenska. Preto jej my, Demokrati, nebudeme h\u00e1dza\u0165 polen\u00e1 pod nohy ako to robia in\u00ed sebeck\u00ed politici a vyslov\u00edme jej d\u00f4veru.<\/p>\n","protected":false},"excerpt":{"rendered":"<p>Poslanci za stranu Demokrati bud\u00fa hlasova\u0165 za programov\u00e9 vyhl\u00e1senie vl\u00e1dy a za vyslovenie d\u00f4very. \u00daradn\u00edcka vl\u00e1da pokra\u010duje v implement\u00e1ci\u00ed reforiem, ktor\u00e9 sme v parlamente za posledn\u00e9 dva roky presadili a uviedli na rezortoch do \u017eivota, pokra\u010duje v invest\u00edci\u00e1ch a programoch pomoci, ktor\u00e9 sme spustili, deklaruje proz\u00e1padn\u00fa a proeur\u00f3psk\u00fa zahrani\u010dn\u00fa politiku. Vo vl\u00e1dnom programe je na [&hellip;]<\/p>\n","protected":false},"author":7,"featured_media":249,"comment_status":"closed","ping_status":"closed","sticky":false,"template":"","format":"standard","meta":{"_acf_changed":false,"ngg_post_thumbnail":0,"footnotes":""},"categories":[4],"tags":[],"class_list":["post-1192","post","type-post","status-publish","format-standard","has-post-thumbnail","hentry","category-tlacove-spravy"],"acf":[],"yoast_head":"<!-- This site is optimized with the Yoast SEO plugin v27.2 - https:\/\/yoast.com\/product\/yoast-seo-wordpress\/ -->\n<title>Demokrati vyslovia \u00faradn\u00edckej vl\u00e1de d\u00f4veru - Smedemokrati.sk<\/title>\n<meta name=\"robots\" content=\"index, follow, max-snippet:-1, max-image-preview:large, max-video-preview:-1\" \/>\n<link rel=\"canonical\" href=\"https:\/\/www.smedemokrati.sk\/hu\/demokrati-vyslovia-uradnickej-vlade-doveru\/\" \/>\n<meta property=\"og:locale\" content=\"hu_HU\" \/>\n<meta property=\"og:locale:alternate\" content=\"en_US\" \/>\n<meta property=\"og:locale:alternate\" content=\"cs_CZ\" \/>\n<meta property=\"og:locale:alternate\" content=\"sk_SK\" \/>\n<meta property=\"og:locale:alternate\" content=\"sv_SE\" \/>\n<meta property=\"og:type\" content=\"article\" \/>\n<meta property=\"og:title\" content=\"Demokrati vyslovia \u00faradn\u00edckej vl\u00e1de d\u00f4veru - Smedemokrati.sk\" \/>\n<meta property=\"og:description\" content=\"Poslanci za stranu Demokrati bud\u00fa hlasova\u0165 za programov\u00e9 vyhl\u00e1senie vl\u00e1dy a za vyslovenie d\u00f4very. \u00daradn\u00edcka vl\u00e1da pokra\u010duje v implement\u00e1ci\u00ed reforiem, ktor\u00e9 sme v parlamente za posledn\u00e9 dva roky presadili a uviedli na rezortoch do \u017eivota, pokra\u010duje v invest\u00edci\u00e1ch a programoch pomoci, ktor\u00e9 sme spustili, deklaruje proz\u00e1padn\u00fa a proeur\u00f3psk\u00fa zahrani\u010dn\u00fa politiku. Vo vl\u00e1dnom programe je na [&hellip;]\" \/>\n<meta property=\"og:url\" content=\"https:\/\/www.smedemokrati.sk\/hu\/demokrati-vyslovia-uradnickej-vlade-doveru\/\" \/>\n<meta property=\"og:site_name\" content=\"Smedemokrati.sk\" \/>\n<meta property=\"article:publisher\" content=\"https:\/\/www.facebook.com\/smedemokrati2023\" \/>\n<meta property=\"article:published_time\" content=\"2023-06-13T13:07:33+00:00\" \/>\n<meta property=\"article:modified_time\" content=\"2023-06-13T13:07:34+00:00\" \/>\n<meta property=\"og:image\" content=\"https:\/\/www.smedemokrati.sk\/wp-content\/uploads\/2023\/04\/EH.jpg\" \/>\n\t<meta property=\"og:image:width\" content=\"1520\" \/>\n\t<meta property=\"og:image:height\" content=\"1080\" \/>\n\t<meta property=\"og:image:type\" content=\"image\/jpeg\" \/>\n<meta name=\"author\" content=\"Tom\u00e1\u0161 Koppl\" \/>\n<meta name=\"twitter:card\" content=\"summary_large_image\" \/>\n<meta name=\"twitter:label1\" content=\"Szerz\u0151:\" \/>\n\t<meta name=\"twitter:data1\" content=\"Tom\u00e1\u0161 Koppl\" \/>\n\t<meta name=\"twitter:label2\" content=\"Becs\u00fclt olvas\u00e1si id\u0151\" \/>\n\t<meta name=\"twitter:data2\" content=\"1 perc\" \/>\n<script type=\"application\/ld+json\" class=\"yoast-schema-graph\">{\"@context\":\"https:\/\/schema.org\",\"@graph\":[{\"@type\":\"Article\",\"@id\":\"https:\/\/www.smedemokrati.sk\/demokrati-vyslovia-uradnickej-vlade-doveru\/#article\",\"isPartOf\":{\"@id\":\"https:\/\/www.smedemokrati.sk\/demokrati-vyslovia-uradnickej-vlade-doveru\/\"},\"author\":{\"name\":\"Tom\u00e1\u0161 Koppl\",\"@id\":\"https:\/\/www.smedemokrati.sk\/#\/schema\/person\/c60720f4b9955b3c1ed222ebd1fbbc7c\"},\"headline\":\"Demokrati vyslovia \u00faradn\u00edckej vl\u00e1de d\u00f4veru\",\"datePublished\":\"2023-06-13T13:07:33+00:00\",\"dateModified\":\"2023-06-13T13:07:34+00:00\",\"mainEntityOfPage\":{\"@id\":\"https:\/\/www.smedemokrati.sk\/demokrati-vyslovia-uradnickej-vlade-doveru\/\"},\"wordCount\":186,\"publisher\":{\"@id\":\"https:\/\/www.smedemokrati.sk\/#organization\"},\"image\":{\"@id\":\"https:\/\/www.smedemokrati.sk\/demokrati-vyslovia-uradnickej-vlade-doveru\/#primaryimage\"},\"thumbnailUrl\":\"https:\/\/www.smedemokrati.sk\/wp-content\/uploads\/2023\/04\/EH.jpg\",\"articleSection\":[\"Tla\u010dov\u00e9 spr\u00e1vy\"],\"inLanguage\":\"hu-HU\"},{\"@type\":\"WebPage\",\"@id\":\"https:\/\/www.smedemokrati.sk\/demokrati-vyslovia-uradnickej-vlade-doveru\/\",\"url\":\"https:\/\/www.smedemokrati.sk\/demokrati-vyslovia-uradnickej-vlade-doveru\/\",\"name\":\"Demokrati vyslovia \u00faradn\u00edckej vl\u00e1de d\u00f4veru - Smedemokrati.sk\",\"isPartOf\":{\"@id\":\"https:\/\/www.smedemokrati.sk\/#website\"},\"primaryImageOfPage\":{\"@id\":\"https:\/\/www.smedemokrati.sk\/demokrati-vyslovia-uradnickej-vlade-doveru\/#primaryimage\"},\"image\":{\"@id\":\"https:\/\/www.smedemokrati.sk\/demokrati-vyslovia-uradnickej-vlade-doveru\/#primaryimage\"},\"thumbnailUrl\":\"https:\/\/www.smedemokrati.sk\/wp-content\/uploads\/2023\/04\/EH.jpg\",\"datePublished\":\"2023-06-13T13:07:33+00:00\",\"dateModified\":\"2023-06-13T13:07:34+00:00\",\"breadcrumb\":{\"@id\":\"https:\/\/www.smedemokrati.sk\/demokrati-vyslovia-uradnickej-vlade-doveru\/#breadcrumb\"},\"inLanguage\":\"hu-HU\",\"potentialAction\":[{\"@type\":\"ReadAction\",\"target\":[\"https:\/\/www.smedemokrati.sk\/demokrati-vyslovia-uradnickej-vlade-doveru\/\"]}]},{\"@type\":\"ImageObject\",\"inLanguage\":\"hu-HU\",\"@id\":\"https:\/\/www.smedemokrati.sk\/demokrati-vyslovia-uradnickej-vlade-doveru\/#primaryimage\",\"url\":\"https:\/\/www.smedemokrati.sk\/wp-content\/uploads\/2023\/04\/EH.jpg\",\"contentUrl\":\"https:\/\/www.smedemokrati.sk\/wp-content\/uploads\/2023\/04\/EH.jpg\",\"width\":1520,\"height\":1080},{\"@type\":\"BreadcrumbList\",\"@id\":\"https:\/\/www.smedemokrati.sk\/demokrati-vyslovia-uradnickej-vlade-doveru\/#breadcrumb\",\"itemListElement\":[{\"@type\":\"ListItem\",\"position\":1,\"name\":\"Domovsk\u00e1 str\u00e1nka\",\"item\":\"https:\/\/www.smedemokrati.sk\/\"},{\"@type\":\"ListItem\",\"position\":2,\"name\":\"Demokrati vyslovia \u00faradn\u00edckej vl\u00e1de d\u00f4veru\"}]},{\"@type\":\"WebSite\",\"@id\":\"https:\/\/www.smedemokrati.sk\/#website\",\"url\":\"https:\/\/www.smedemokrati.sk\/\",\"name\":\"Smedemokrati.sk\",\"description\":\"Demokracia a slu\u0161nos\u0165 zv\u00ed\u0165az\u00ed\",\"publisher\":{\"@id\":\"https:\/\/www.smedemokrati.sk\/#organization\"},\"potentialAction\":[{\"@type\":\"SearchAction\",\"target\":{\"@type\":\"EntryPoint\",\"urlTemplate\":\"https:\/\/www.smedemokrati.sk\/?s={search_term_string}\"},\"query-input\":{\"@type\":\"PropertyValueSpecification\",\"valueRequired\":true,\"valueName\":\"search_term_string\"}}],\"inLanguage\":\"hu-HU\"},{\"@type\":\"Organization\",\"@id\":\"https:\/\/www.smedemokrati.sk\/#organization\",\"name\":\"Smedemokrati.sk\",\"url\":\"https:\/\/www.smedemokrati.sk\/\",\"logo\":{\"@type\":\"ImageObject\",\"inLanguage\":\"hu-HU\",\"@id\":\"https:\/\/www.smedemokrati.sk\/#\/schema\/logo\/image\/\",\"url\":\"https:\/\/www.smedemokrati.sk\/wp-content\/uploads\/2023\/04\/ff.002.jpeg\",\"contentUrl\":\"https:\/\/www.smedemokrati.sk\/wp-content\/uploads\/2023\/04\/ff.002.jpeg\",\"width\":640,\"height\":480,\"caption\":\"Smedemokrati.sk\"},\"image\":{\"@id\":\"https:\/\/www.smedemokrati.sk\/#\/schema\/logo\/image\/\"},\"sameAs\":[\"https:\/\/www.facebook.com\/smedemokrati2023\"]},{\"@type\":\"Person\",\"@id\":\"https:\/\/www.smedemokrati.sk\/#\/schema\/person\/c60720f4b9955b3c1ed222ebd1fbbc7c\",\"name\":\"Tom\u00e1\u0161 Koppl\",\"image\":{\"@type\":\"ImageObject\",\"inLanguage\":\"hu-HU\",\"@id\":\"https:\/\/secure.gravatar.com\/avatar\/8dfa38373c5e39821baf74c8e867a6f12e12c6dab6559aa999d10703b0b1c4ce?s=96&d=mm&r=g\",\"url\":\"https:\/\/secure.gravatar.com\/avatar\/8dfa38373c5e39821baf74c8e867a6f12e12c6dab6559aa999d10703b0b1c4ce?s=96&d=mm&r=g\",\"contentUrl\":\"https:\/\/secure.gravatar.com\/avatar\/8dfa38373c5e39821baf74c8e867a6f12e12c6dab6559aa999d10703b0b1c4ce?s=96&d=mm&r=g\",\"caption\":\"Tom\u00e1\u0161 Koppl\"},\"url\":\"https:\/\/www.smedemokrati.sk\/hu\/author\/tomaskoppl\/\"}]}<\/script>\n<!-- \/ Yoast SEO plugin. -->","yoast_head_json":{"title":"Demokrati vyslovia \u00faradn\u00edckej vl\u00e1de d\u00f4veru - Smedemokrati.sk","robots":{"index":"index","follow":"follow","max-snippet":"max-snippet:-1","max-image-preview":"max-image-preview:large","max-video-preview":"max-video-preview:-1"},"canonical":"https:\/\/www.smedemokrati.sk\/hu\/demokrati-vyslovia-uradnickej-vlade-doveru\/","og_locale":"hu_HU","og_type":"article","og_title":"Demokrati vyslovia \u00faradn\u00edckej vl\u00e1de d\u00f4veru - Smedemokrati.sk","og_description":"Poslanci za stranu Demokrati bud\u00fa hlasova\u0165 za programov\u00e9 vyhl\u00e1senie vl\u00e1dy a za vyslovenie d\u00f4very. \u00daradn\u00edcka vl\u00e1da pokra\u010duje v implement\u00e1ci\u00ed reforiem, ktor\u00e9 sme v parlamente za posledn\u00e9 dva roky presadili a uviedli na rezortoch do \u017eivota, pokra\u010duje v invest\u00edci\u00e1ch a programoch pomoci, ktor\u00e9 sme spustili, deklaruje proz\u00e1padn\u00fa a proeur\u00f3psk\u00fa zahrani\u010dn\u00fa politiku. Vo vl\u00e1dnom programe je na [&hellip;]","og_url":"https:\/\/www.smedemokrati.sk\/hu\/demokrati-vyslovia-uradnickej-vlade-doveru\/","og_site_name":"Smedemokrati.sk","article_publisher":"https:\/\/www.facebook.com\/smedemokrati2023","article_published_time":"2023-06-13T13:07:33+00:00","article_modified_time":"2023-06-13T13:07:34+00:00","og_image":[{"width":1520,"height":1080,"url":"https:\/\/www.smedemokrati.sk\/wp-content\/uploads\/2023\/04\/EH.jpg","type":"image\/jpeg"}],"author":"Tom\u00e1\u0161 Koppl","twitter_card":"summary_large_image","twitter_misc":{"Szerz\u0151:":"Tom\u00e1\u0161 Koppl","Becs\u00fclt olvas\u00e1si id\u0151":"1 perc"},"schema":{"@context":"https:\/\/schema.org","@graph":[{"@type":"Article","@id":"https:\/\/www.smedemokrati.sk\/demokrati-vyslovia-uradnickej-vlade-doveru\/#article","isPartOf":{"@id":"https:\/\/www.smedemokrati.sk\/demokrati-vyslovia-uradnickej-vlade-doveru\/"},"author":{"name":"Tom\u00e1\u0161 Koppl","@id":"https:\/\/www.smedemokrati.sk\/#\/schema\/person\/c60720f4b9955b3c1ed222ebd1fbbc7c"},"headline":"Demokrati vyslovia \u00faradn\u00edckej vl\u00e1de d\u00f4veru","datePublished":"2023-06-13T13:07:33+00:00","dateModified":"2023-06-13T13:07:34+00:00","mainEntityOfPage":{"@id":"https:\/\/www.smedemokrati.sk\/demokrati-vyslovia-uradnickej-vlade-doveru\/"},"wordCount":186,"publisher":{"@id":"https:\/\/www.smedemokrati.sk\/#organization"},"image":{"@id":"https:\/\/www.smedemokrati.sk\/demokrati-vyslovia-uradnickej-vlade-doveru\/#primaryimage"},"thumbnailUrl":"https:\/\/www.smedemokrati.sk\/wp-content\/uploads\/2023\/04\/EH.jpg","articleSection":["Tla\u010dov\u00e9 spr\u00e1vy"],"inLanguage":"hu-HU"},{"@type":"WebPage","@id":"https:\/\/www.smedemokrati.sk\/demokrati-vyslovia-uradnickej-vlade-doveru\/","url":"https:\/\/www.smedemokrati.sk\/demokrati-vyslovia-uradnickej-vlade-doveru\/","name":"Demokrati vyslovia \u00faradn\u00edckej vl\u00e1de d\u00f4veru - Smedemokrati.sk","isPartOf":{"@id":"https:\/\/www.smedemokrati.sk\/#website"},"primaryImageOfPage":{"@id":"https:\/\/www.smedemokrati.sk\/demokrati-vyslovia-uradnickej-vlade-doveru\/#primaryimage"},"image":{"@id":"https:\/\/www.smedemokrati.sk\/demokrati-vyslovia-uradnickej-vlade-doveru\/#primaryimage"},"thumbnailUrl":"https:\/\/www.smedemokrati.sk\/wp-content\/uploads\/2023\/04\/EH.jpg","datePublished":"2023-06-13T13:07:33+00:00","dateModified":"2023-06-13T13:07:34+00:00","breadcrumb":{"@id":"https:\/\/www.smedemokrati.sk\/demokrati-vyslovia-uradnickej-vlade-doveru\/#breadcrumb"},"inLanguage":"hu-HU","potentialAction":[{"@type":"ReadAction","target":["https:\/\/www.smedemokrati.sk\/demokrati-vyslovia-uradnickej-vlade-doveru\/"]}]},{"@type":"ImageObject","inLanguage":"hu-HU","@id":"https:\/\/www.smedemokrati.sk\/demokrati-vyslovia-uradnickej-vlade-doveru\/#primaryimage","url":"https:\/\/www.smedemokrati.sk\/wp-content\/uploads\/2023\/04\/EH.jpg","contentUrl":"https:\/\/www.smedemokrati.sk\/wp-content\/uploads\/2023\/04\/EH.jpg","width":1520,"height":1080},{"@type":"BreadcrumbList","@id":"https:\/\/www.smedemokrati.sk\/demokrati-vyslovia-uradnickej-vlade-doveru\/#breadcrumb","itemListElement":[{"@type":"ListItem","position":1,"name":"Domovsk\u00e1 str\u00e1nka","item":"https:\/\/www.smedemokrati.sk\/"},{"@type":"ListItem","position":2,"name":"Demokrati vyslovia \u00faradn\u00edckej vl\u00e1de d\u00f4veru"}]},{"@type":"WebSite","@id":"https:\/\/www.smedemokrati.sk\/#website","url":"https:\/\/www.smedemokrati.sk\/","name":"Smedemokrati.sk","description":"Demokracia a slu\u0161nos\u0165 zv\u00ed\u0165az\u00ed","publisher":{"@id":"https:\/\/www.smedemokrati.sk\/#organization"},"potentialAction":[{"@type":"SearchAction","target":{"@type":"EntryPoint","urlTemplate":"https:\/\/www.smedemokrati.sk\/?s={search_term_string}"},"query-input":{"@type":"PropertyValueSpecification","valueRequired":true,"valueName":"search_term_string"}}],"inLanguage":"hu-HU"},{"@type":"Organization","@id":"https:\/\/www.smedemokrati.sk\/#organization","name":"Smedemokrati.sk","url":"https:\/\/www.smedemokrati.sk\/","logo":{"@type":"ImageObject","inLanguage":"hu-HU","@id":"https:\/\/www.smedemokrati.sk\/#\/schema\/logo\/image\/","url":"https:\/\/www.smedemokrati.sk\/wp-content\/uploads\/2023\/04\/ff.002.jpeg","contentUrl":"https:\/\/www.smedemokrati.sk\/wp-content\/uploads\/2023\/04\/ff.002.jpeg","width":640,"height":480,"caption":"Smedemokrati.sk"},"image":{"@id":"https:\/\/www.smedemokrati.sk\/#\/schema\/logo\/image\/"},"sameAs":["https:\/\/www.facebook.com\/smedemokrati2023"]},{"@type":"Person","@id":"https:\/\/www.smedemokrati.sk\/#\/schema\/person\/c60720f4b9955b3c1ed222ebd1fbbc7c","name":"Tom\u00e1\u0161 Koppl","image":{"@type":"ImageObject","inLanguage":"hu-HU","@id":"https:\/\/secure.gravatar.com\/avatar\/8dfa38373c5e39821baf74c8e867a6f12e12c6dab6559aa999d10703b0b1c4ce?s=96&d=mm&r=g","url":"https:\/\/secure.gravatar.com\/avatar\/8dfa38373c5e39821baf74c8e867a6f12e12c6dab6559aa999d10703b0b1c4ce?s=96&d=mm&r=g","contentUrl":"https:\/\/secure.gravatar.com\/avatar\/8dfa38373c5e39821baf74c8e867a6f12e12c6dab6559aa999d10703b0b1c4ce?s=96&d=mm&r=g","caption":"Tom\u00e1\u0161 Koppl"},"url":"https:\/\/www.smedemokrati.sk\/hu\/author\/tomaskoppl\/"}]}},"_links":{"self":[{"href":"https:\/\/www.smedemokrati.sk\/hu\/wp-json\/wp\/v2\/posts\/1192","targetHints":{"allow":["GET"]}}],"collection":[{"href":"https:\/\/www.smedemokrati.sk\/hu\/wp-json\/wp\/v2\/posts"}],"about":[{"href":"https:\/\/www.smedemokrati.sk\/hu\/wp-json\/wp\/v2\/types\/post"}],"author":[{"embeddable":true,"href":"https:\/\/www.smedemokrati.sk\/hu\/wp-json\/wp\/v2\/users\/7"}],"replies":[{"embeddable":true,"href":"https:\/\/www.smedemokrati.sk\/hu\/wp-json\/wp\/v2\/comments?post=1192"}],"version-history":[{"count":1,"href":"https:\/\/www.smedemokrati.sk\/hu\/wp-json\/wp\/v2\/posts\/1192\/revisions"}],"predecessor-version":[{"id":1193,"href":"https:\/\/www.smedemokrati.sk\/hu\/wp-json\/wp\/v2\/posts\/1192\/revisions\/1193"}],"wp:featuredmedia":[{"embeddable":true,"href":"https:\/\/www.smedemokrati.sk\/hu\/wp-json\/wp\/v2\/media\/249"}],"wp:attachment":[{"href":"https:\/\/www.smedemokrati.sk\/hu\/wp-json\/wp\/v2\/media?parent=1192"}],"wp:term":[{"taxonomy":"category","embeddable":true,"href":"https:\/\/www.smedemokrati.sk\/hu\/wp-json\/wp\/v2\/categories?post=1192"},{"taxonomy":"post_tag","embeddable":true,"href":"https:\/\/www.smedemokrati.sk\/hu\/wp-json\/wp\/v2\/tags?post=1192"}],"curies":[{"name":"wp","href":"https:\/\/api.w.org\/{rel}","templated":true}]}}