{"id":1187,"date":"2023-06-13T13:36:04","date_gmt":"2023-06-13T11:36:04","guid":{"rendered":"https:\/\/www.smedemokrati.sk\/?p=1187"},"modified":"2023-06-13T13:45:34","modified_gmt":"2023-06-13T11:45:34","slug":"demokrati-nepodporia-sebecke-marketingove-navrhy","status":"publish","type":"post","link":"https:\/\/www.smedemokrati.sk\/hu\/demokrati-nepodporia-sebecke-marketingove-navrhy\/","title":{"rendered":"Demokrati nepodporia sebeck\u00e9 marketingov\u00e9 n\u00e1vrhy"},"content":{"rendered":"<div id=\"fb-root\"><\/div>\n\n<p><strong>\u201ePoslanci dnes za\u010d\u00ednaj\u00fa rokova\u0165 a op\u00e4\u0165 sa bud\u00fa predbieha\u0165, kto vymysl\u00ed v\u00e4\u010d\u0161iu at\u00f3movku. Parlamentu dominuj\u00fa h\u00e1dky, konflikty a sebectvo. Na programe rokovania s\u00fa \u0161kodliv\u00e9 z\u00e1kony, ktor\u00e9 ni\u010dia vz\u0165ahy, \u013eudsk\u00e9 \u017eivoty a aj \u0161t\u00e1tny rozpo\u010det,\u201c<\/strong> povedal predseda strany Demokrati Eduard Heger.<\/p>\n\n\n\n<p>Pod\u013ea Hegera ide najm\u00e4 o n\u00e1vrh 500 eur pr\u00edspevku za vo\u013eby, \u010di zvy\u0161ovanie ziskov s\u00fakromn\u00fdch akcion\u00e1rov zdravotn\u00fdch pois\u0165ovn\u00ed na \u00fakor pacientovn\u00ed. <strong>\u201eTieto n\u00e1vrhy nesl\u00fa\u017eia \u013eu\u010fom, je to len sebeck\u00e1 snaha politikov strhn\u00fa\u0165 na seba pozornos\u0165,\u201c<\/strong> povedal..<\/p>\n\n\n\n<p><strong>\u201eMy v strane Demokrati nepodpor\u00edme sebeck\u00e9 marketingov\u00e9 n\u00e1vrhy. S\u00fastred\u00edme sa na skuto\u010dn\u00fa pomoc \u013eu\u010fom. Ako napr\u00edklad z\u00e1kony Janky \u017dit\u0148anskej na pomoc zdravotne znev\u00fdhodnen\u00fdm de\u0165om, z\u00e1kony Juraja \u0160eligu na posilnenie spravodlivosti &#8211; uakotvenie \u00da\u0160P a \u0160TS do \u00fastavy, \u010di zmena paragrafu 363. Ale aj \u010fal\u0161ie n\u00e1vrhy na ochranu pr\u00edrody a zlep\u0161enie medi\u00e1lneho prostredia.\u201c<\/strong><\/p>\n\n\n\n<p><strong>\u201eStrana Demokrati pon\u00faka nesebeck\u00fa alternat\u00edvu \u013eud\u00ed, ktor\u00ed neh\u013eadia na svoje sebeck\u00e9 z\u00e1ujmy a pracuj\u00fa na pomoci ob\u010danom,\u201c<\/strong> dodal na z\u00e1ver Heger.<\/p>\n","protected":false},"excerpt":{"rendered":"<p>\u201ePoslanci dnes za\u010d\u00ednaj\u00fa rokova\u0165 a op\u00e4\u0165 sa bud\u00fa predbieha\u0165, kto vymysl\u00ed v\u00e4\u010d\u0161iu at\u00f3movku. Parlamentu dominuj\u00fa h\u00e1dky, konflikty a sebectvo. Na programe rokovania s\u00fa \u0161kodliv\u00e9 z\u00e1kony, ktor\u00e9 ni\u010dia vz\u0165ahy, \u013eudsk\u00e9 \u017eivoty a aj \u0161t\u00e1tny rozpo\u010det,\u201c povedal predseda strany Demokrati Eduard Heger. Pod\u013ea Hegera ide najm\u00e4 o n\u00e1vrh 500 eur pr\u00edspevku za vo\u013eby, \u010di zvy\u0161ovanie ziskov s\u00fakromn\u00fdch [&hellip;]<\/p>\n","protected":false},"author":7,"featured_media":1188,"comment_status":"closed","ping_status":"closed","sticky":false,"template":"","format":"standard","meta":{"_acf_changed":false,"ngg_post_thumbnail":0,"footnotes":""},"categories":[4],"tags":[],"class_list":["post-1187","post","type-post","status-publish","format-standard","has-post-thumbnail","hentry","category-tlacove-spravy"],"acf":[],"yoast_head":"<!-- This site is optimized with the Yoast SEO plugin v27.2 - https:\/\/yoast.com\/product\/yoast-seo-wordpress\/ -->\n<title>Demokrati nepodporia sebeck\u00e9 marketingov\u00e9 n\u00e1vrhy - Smedemokrati.sk<\/title>\n<meta name=\"robots\" content=\"index, follow, max-snippet:-1, max-image-preview:large, max-video-preview:-1\" \/>\n<link rel=\"canonical\" href=\"https:\/\/www.smedemokrati.sk\/hu\/demokrati-nepodporia-sebecke-marketingove-navrhy\/\" \/>\n<meta property=\"og:locale\" content=\"hu_HU\" \/>\n<meta property=\"og:locale:alternate\" content=\"en_US\" \/>\n<meta property=\"og:locale:alternate\" content=\"cs_CZ\" \/>\n<meta property=\"og:locale:alternate\" content=\"sk_SK\" \/>\n<meta property=\"og:locale:alternate\" content=\"sv_SE\" \/>\n<meta property=\"og:type\" content=\"article\" \/>\n<meta property=\"og:title\" content=\"Demokrati nepodporia sebeck\u00e9 marketingov\u00e9 n\u00e1vrhy - Smedemokrati.sk\" \/>\n<meta property=\"og:description\" content=\"\u201ePoslanci dnes za\u010d\u00ednaj\u00fa rokova\u0165 a op\u00e4\u0165 sa bud\u00fa predbieha\u0165, kto vymysl\u00ed v\u00e4\u010d\u0161iu at\u00f3movku. Parlamentu dominuj\u00fa h\u00e1dky, konflikty a sebectvo. Na programe rokovania s\u00fa \u0161kodliv\u00e9 z\u00e1kony, ktor\u00e9 ni\u010dia vz\u0165ahy, \u013eudsk\u00e9 \u017eivoty a aj \u0161t\u00e1tny rozpo\u010det,\u201c povedal predseda strany Demokrati Eduard Heger. Pod\u013ea Hegera ide najm\u00e4 o n\u00e1vrh 500 eur pr\u00edspevku za vo\u013eby, \u010di zvy\u0161ovanie ziskov s\u00fakromn\u00fdch [&hellip;]\" \/>\n<meta property=\"og:url\" content=\"https:\/\/www.smedemokrati.sk\/hu\/demokrati-nepodporia-sebecke-marketingove-navrhy\/\" \/>\n<meta property=\"og:site_name\" content=\"Smedemokrati.sk\" \/>\n<meta property=\"article:publisher\" content=\"https:\/\/www.facebook.com\/smedemokrati2023\" \/>\n<meta property=\"article:published_time\" content=\"2023-06-13T11:36:04+00:00\" \/>\n<meta property=\"article:modified_time\" content=\"2023-06-13T11:45:34+00:00\" \/>\n<meta property=\"og:image\" content=\"https:\/\/www.smedemokrati.sk\/wp-content\/uploads\/2023\/06\/signal-2023-06-13-131523_002.jpeg\" \/>\n\t<meta property=\"og:image:width\" content=\"1259\" \/>\n\t<meta property=\"og:image:height\" content=\"1139\" \/>\n\t<meta property=\"og:image:type\" content=\"image\/jpeg\" \/>\n<meta name=\"author\" content=\"Tom\u00e1\u0161 Koppl\" \/>\n<meta name=\"twitter:card\" content=\"summary_large_image\" \/>\n<meta name=\"twitter:label1\" content=\"Szerz\u0151:\" \/>\n\t<meta name=\"twitter:data1\" content=\"Tom\u00e1\u0161 Koppl\" \/>\n\t<meta name=\"twitter:label2\" content=\"Becs\u00fclt olvas\u00e1si id\u0151\" \/>\n\t<meta name=\"twitter:data2\" content=\"1 perc\" \/>\n<script type=\"application\/ld+json\" class=\"yoast-schema-graph\">{\"@context\":\"https:\/\/schema.org\",\"@graph\":[{\"@type\":\"Article\",\"@id\":\"https:\/\/www.smedemokrati.sk\/demokrati-nepodporia-sebecke-marketingove-navrhy\/#article\",\"isPartOf\":{\"@id\":\"https:\/\/www.smedemokrati.sk\/demokrati-nepodporia-sebecke-marketingove-navrhy\/\"},\"author\":{\"name\":\"Tom\u00e1\u0161 Koppl\",\"@id\":\"https:\/\/www.smedemokrati.sk\/#\/schema\/person\/c60720f4b9955b3c1ed222ebd1fbbc7c\"},\"headline\":\"Demokrati nepodporia sebeck\u00e9 marketingov\u00e9 n\u00e1vrhy\",\"datePublished\":\"2023-06-13T11:36:04+00:00\",\"dateModified\":\"2023-06-13T11:45:34+00:00\",\"mainEntityOfPage\":{\"@id\":\"https:\/\/www.smedemokrati.sk\/demokrati-nepodporia-sebecke-marketingove-navrhy\/\"},\"wordCount\":199,\"publisher\":{\"@id\":\"https:\/\/www.smedemokrati.sk\/#organization\"},\"image\":{\"@id\":\"https:\/\/www.smedemokrati.sk\/demokrati-nepodporia-sebecke-marketingove-navrhy\/#primaryimage\"},\"thumbnailUrl\":\"https:\/\/www.smedemokrati.sk\/wp-content\/uploads\/2023\/06\/signal-2023-06-13-131523_002.jpeg\",\"articleSection\":[\"Tla\u010dov\u00e9 spr\u00e1vy\"],\"inLanguage\":\"hu-HU\"},{\"@type\":\"WebPage\",\"@id\":\"https:\/\/www.smedemokrati.sk\/demokrati-nepodporia-sebecke-marketingove-navrhy\/\",\"url\":\"https:\/\/www.smedemokrati.sk\/demokrati-nepodporia-sebecke-marketingove-navrhy\/\",\"name\":\"Demokrati nepodporia sebeck\u00e9 marketingov\u00e9 n\u00e1vrhy - Smedemokrati.sk\",\"isPartOf\":{\"@id\":\"https:\/\/www.smedemokrati.sk\/#website\"},\"primaryImageOfPage\":{\"@id\":\"https:\/\/www.smedemokrati.sk\/demokrati-nepodporia-sebecke-marketingove-navrhy\/#primaryimage\"},\"image\":{\"@id\":\"https:\/\/www.smedemokrati.sk\/demokrati-nepodporia-sebecke-marketingove-navrhy\/#primaryimage\"},\"thumbnailUrl\":\"https:\/\/www.smedemokrati.sk\/wp-content\/uploads\/2023\/06\/signal-2023-06-13-131523_002.jpeg\",\"datePublished\":\"2023-06-13T11:36:04+00:00\",\"dateModified\":\"2023-06-13T11:45:34+00:00\",\"breadcrumb\":{\"@id\":\"https:\/\/www.smedemokrati.sk\/demokrati-nepodporia-sebecke-marketingove-navrhy\/#breadcrumb\"},\"inLanguage\":\"hu-HU\",\"potentialAction\":[{\"@type\":\"ReadAction\",\"target\":[\"https:\/\/www.smedemokrati.sk\/demokrati-nepodporia-sebecke-marketingove-navrhy\/\"]}]},{\"@type\":\"ImageObject\",\"inLanguage\":\"hu-HU\",\"@id\":\"https:\/\/www.smedemokrati.sk\/demokrati-nepodporia-sebecke-marketingove-navrhy\/#primaryimage\",\"url\":\"https:\/\/www.smedemokrati.sk\/wp-content\/uploads\/2023\/06\/signal-2023-06-13-131523_002.jpeg\",\"contentUrl\":\"https:\/\/www.smedemokrati.sk\/wp-content\/uploads\/2023\/06\/signal-2023-06-13-131523_002.jpeg\",\"width\":1259,\"height\":1139},{\"@type\":\"BreadcrumbList\",\"@id\":\"https:\/\/www.smedemokrati.sk\/demokrati-nepodporia-sebecke-marketingove-navrhy\/#breadcrumb\",\"itemListElement\":[{\"@type\":\"ListItem\",\"position\":1,\"name\":\"Domovsk\u00e1 str\u00e1nka\",\"item\":\"https:\/\/www.smedemokrati.sk\/\"},{\"@type\":\"ListItem\",\"position\":2,\"name\":\"Demokrati nepodporia sebeck\u00e9 marketingov\u00e9 n\u00e1vrhy\"}]},{\"@type\":\"WebSite\",\"@id\":\"https:\/\/www.smedemokrati.sk\/#website\",\"url\":\"https:\/\/www.smedemokrati.sk\/\",\"name\":\"Smedemokrati.sk\",\"description\":\"Demokracia a slu\u0161nos\u0165 zv\u00ed\u0165az\u00ed\",\"publisher\":{\"@id\":\"https:\/\/www.smedemokrati.sk\/#organization\"},\"potentialAction\":[{\"@type\":\"SearchAction\",\"target\":{\"@type\":\"EntryPoint\",\"urlTemplate\":\"https:\/\/www.smedemokrati.sk\/?s={search_term_string}\"},\"query-input\":{\"@type\":\"PropertyValueSpecification\",\"valueRequired\":true,\"valueName\":\"search_term_string\"}}],\"inLanguage\":\"hu-HU\"},{\"@type\":\"Organization\",\"@id\":\"https:\/\/www.smedemokrati.sk\/#organization\",\"name\":\"Smedemokrati.sk\",\"url\":\"https:\/\/www.smedemokrati.sk\/\",\"logo\":{\"@type\":\"ImageObject\",\"inLanguage\":\"hu-HU\",\"@id\":\"https:\/\/www.smedemokrati.sk\/#\/schema\/logo\/image\/\",\"url\":\"https:\/\/www.smedemokrati.sk\/wp-content\/uploads\/2023\/04\/ff.002.jpeg\",\"contentUrl\":\"https:\/\/www.smedemokrati.sk\/wp-content\/uploads\/2023\/04\/ff.002.jpeg\",\"width\":640,\"height\":480,\"caption\":\"Smedemokrati.sk\"},\"image\":{\"@id\":\"https:\/\/www.smedemokrati.sk\/#\/schema\/logo\/image\/\"},\"sameAs\":[\"https:\/\/www.facebook.com\/smedemokrati2023\"]},{\"@type\":\"Person\",\"@id\":\"https:\/\/www.smedemokrati.sk\/#\/schema\/person\/c60720f4b9955b3c1ed222ebd1fbbc7c\",\"name\":\"Tom\u00e1\u0161 Koppl\",\"image\":{\"@type\":\"ImageObject\",\"inLanguage\":\"hu-HU\",\"@id\":\"https:\/\/secure.gravatar.com\/avatar\/8dfa38373c5e39821baf74c8e867a6f12e12c6dab6559aa999d10703b0b1c4ce?s=96&d=mm&r=g\",\"url\":\"https:\/\/secure.gravatar.com\/avatar\/8dfa38373c5e39821baf74c8e867a6f12e12c6dab6559aa999d10703b0b1c4ce?s=96&d=mm&r=g\",\"contentUrl\":\"https:\/\/secure.gravatar.com\/avatar\/8dfa38373c5e39821baf74c8e867a6f12e12c6dab6559aa999d10703b0b1c4ce?s=96&d=mm&r=g\",\"caption\":\"Tom\u00e1\u0161 Koppl\"},\"url\":\"https:\/\/www.smedemokrati.sk\/hu\/author\/tomaskoppl\/\"}]}<\/script>\n<!-- \/ Yoast SEO plugin. -->","yoast_head_json":{"title":"Demokrati nepodporia sebeck\u00e9 marketingov\u00e9 n\u00e1vrhy - Smedemokrati.sk","robots":{"index":"index","follow":"follow","max-snippet":"max-snippet:-1","max-image-preview":"max-image-preview:large","max-video-preview":"max-video-preview:-1"},"canonical":"https:\/\/www.smedemokrati.sk\/hu\/demokrati-nepodporia-sebecke-marketingove-navrhy\/","og_locale":"hu_HU","og_type":"article","og_title":"Demokrati nepodporia sebeck\u00e9 marketingov\u00e9 n\u00e1vrhy - Smedemokrati.sk","og_description":"\u201ePoslanci dnes za\u010d\u00ednaj\u00fa rokova\u0165 a op\u00e4\u0165 sa bud\u00fa predbieha\u0165, kto vymysl\u00ed v\u00e4\u010d\u0161iu at\u00f3movku. Parlamentu dominuj\u00fa h\u00e1dky, konflikty a sebectvo. Na programe rokovania s\u00fa \u0161kodliv\u00e9 z\u00e1kony, ktor\u00e9 ni\u010dia vz\u0165ahy, \u013eudsk\u00e9 \u017eivoty a aj \u0161t\u00e1tny rozpo\u010det,\u201c povedal predseda strany Demokrati Eduard Heger. Pod\u013ea Hegera ide najm\u00e4 o n\u00e1vrh 500 eur pr\u00edspevku za vo\u013eby, \u010di zvy\u0161ovanie ziskov s\u00fakromn\u00fdch [&hellip;]","og_url":"https:\/\/www.smedemokrati.sk\/hu\/demokrati-nepodporia-sebecke-marketingove-navrhy\/","og_site_name":"Smedemokrati.sk","article_publisher":"https:\/\/www.facebook.com\/smedemokrati2023","article_published_time":"2023-06-13T11:36:04+00:00","article_modified_time":"2023-06-13T11:45:34+00:00","og_image":[{"width":1259,"height":1139,"url":"https:\/\/www.smedemokrati.sk\/wp-content\/uploads\/2023\/06\/signal-2023-06-13-131523_002.jpeg","type":"image\/jpeg"}],"author":"Tom\u00e1\u0161 Koppl","twitter_card":"summary_large_image","twitter_misc":{"Szerz\u0151:":"Tom\u00e1\u0161 Koppl","Becs\u00fclt olvas\u00e1si id\u0151":"1 perc"},"schema":{"@context":"https:\/\/schema.org","@graph":[{"@type":"Article","@id":"https:\/\/www.smedemokrati.sk\/demokrati-nepodporia-sebecke-marketingove-navrhy\/#article","isPartOf":{"@id":"https:\/\/www.smedemokrati.sk\/demokrati-nepodporia-sebecke-marketingove-navrhy\/"},"author":{"name":"Tom\u00e1\u0161 Koppl","@id":"https:\/\/www.smedemokrati.sk\/#\/schema\/person\/c60720f4b9955b3c1ed222ebd1fbbc7c"},"headline":"Demokrati nepodporia sebeck\u00e9 marketingov\u00e9 n\u00e1vrhy","datePublished":"2023-06-13T11:36:04+00:00","dateModified":"2023-06-13T11:45:34+00:00","mainEntityOfPage":{"@id":"https:\/\/www.smedemokrati.sk\/demokrati-nepodporia-sebecke-marketingove-navrhy\/"},"wordCount":199,"publisher":{"@id":"https:\/\/www.smedemokrati.sk\/#organization"},"image":{"@id":"https:\/\/www.smedemokrati.sk\/demokrati-nepodporia-sebecke-marketingove-navrhy\/#primaryimage"},"thumbnailUrl":"https:\/\/www.smedemokrati.sk\/wp-content\/uploads\/2023\/06\/signal-2023-06-13-131523_002.jpeg","articleSection":["Tla\u010dov\u00e9 spr\u00e1vy"],"inLanguage":"hu-HU"},{"@type":"WebPage","@id":"https:\/\/www.smedemokrati.sk\/demokrati-nepodporia-sebecke-marketingove-navrhy\/","url":"https:\/\/www.smedemokrati.sk\/demokrati-nepodporia-sebecke-marketingove-navrhy\/","name":"Demokrati nepodporia sebeck\u00e9 marketingov\u00e9 n\u00e1vrhy - Smedemokrati.sk","isPartOf":{"@id":"https:\/\/www.smedemokrati.sk\/#website"},"primaryImageOfPage":{"@id":"https:\/\/www.smedemokrati.sk\/demokrati-nepodporia-sebecke-marketingove-navrhy\/#primaryimage"},"image":{"@id":"https:\/\/www.smedemokrati.sk\/demokrati-nepodporia-sebecke-marketingove-navrhy\/#primaryimage"},"thumbnailUrl":"https:\/\/www.smedemokrati.sk\/wp-content\/uploads\/2023\/06\/signal-2023-06-13-131523_002.jpeg","datePublished":"2023-06-13T11:36:04+00:00","dateModified":"2023-06-13T11:45:34+00:00","breadcrumb":{"@id":"https:\/\/www.smedemokrati.sk\/demokrati-nepodporia-sebecke-marketingove-navrhy\/#breadcrumb"},"inLanguage":"hu-HU","potentialAction":[{"@type":"ReadAction","target":["https:\/\/www.smedemokrati.sk\/demokrati-nepodporia-sebecke-marketingove-navrhy\/"]}]},{"@type":"ImageObject","inLanguage":"hu-HU","@id":"https:\/\/www.smedemokrati.sk\/demokrati-nepodporia-sebecke-marketingove-navrhy\/#primaryimage","url":"https:\/\/www.smedemokrati.sk\/wp-content\/uploads\/2023\/06\/signal-2023-06-13-131523_002.jpeg","contentUrl":"https:\/\/www.smedemokrati.sk\/wp-content\/uploads\/2023\/06\/signal-2023-06-13-131523_002.jpeg","width":1259,"height":1139},{"@type":"BreadcrumbList","@id":"https:\/\/www.smedemokrati.sk\/demokrati-nepodporia-sebecke-marketingove-navrhy\/#breadcrumb","itemListElement":[{"@type":"ListItem","position":1,"name":"Domovsk\u00e1 str\u00e1nka","item":"https:\/\/www.smedemokrati.sk\/"},{"@type":"ListItem","position":2,"name":"Demokrati nepodporia sebeck\u00e9 marketingov\u00e9 n\u00e1vrhy"}]},{"@type":"WebSite","@id":"https:\/\/www.smedemokrati.sk\/#website","url":"https:\/\/www.smedemokrati.sk\/","name":"Smedemokrati.sk","description":"Demokracia a slu\u0161nos\u0165 zv\u00ed\u0165az\u00ed","publisher":{"@id":"https:\/\/www.smedemokrati.sk\/#organization"},"potentialAction":[{"@type":"SearchAction","target":{"@type":"EntryPoint","urlTemplate":"https:\/\/www.smedemokrati.sk\/?s={search_term_string}"},"query-input":{"@type":"PropertyValueSpecification","valueRequired":true,"valueName":"search_term_string"}}],"inLanguage":"hu-HU"},{"@type":"Organization","@id":"https:\/\/www.smedemokrati.sk\/#organization","name":"Smedemokrati.sk","url":"https:\/\/www.smedemokrati.sk\/","logo":{"@type":"ImageObject","inLanguage":"hu-HU","@id":"https:\/\/www.smedemokrati.sk\/#\/schema\/logo\/image\/","url":"https:\/\/www.smedemokrati.sk\/wp-content\/uploads\/2023\/04\/ff.002.jpeg","contentUrl":"https:\/\/www.smedemokrati.sk\/wp-content\/uploads\/2023\/04\/ff.002.jpeg","width":640,"height":480,"caption":"Smedemokrati.sk"},"image":{"@id":"https:\/\/www.smedemokrati.sk\/#\/schema\/logo\/image\/"},"sameAs":["https:\/\/www.facebook.com\/smedemokrati2023"]},{"@type":"Person","@id":"https:\/\/www.smedemokrati.sk\/#\/schema\/person\/c60720f4b9955b3c1ed222ebd1fbbc7c","name":"Tom\u00e1\u0161 Koppl","image":{"@type":"ImageObject","inLanguage":"hu-HU","@id":"https:\/\/secure.gravatar.com\/avatar\/8dfa38373c5e39821baf74c8e867a6f12e12c6dab6559aa999d10703b0b1c4ce?s=96&d=mm&r=g","url":"https:\/\/secure.gravatar.com\/avatar\/8dfa38373c5e39821baf74c8e867a6f12e12c6dab6559aa999d10703b0b1c4ce?s=96&d=mm&r=g","contentUrl":"https:\/\/secure.gravatar.com\/avatar\/8dfa38373c5e39821baf74c8e867a6f12e12c6dab6559aa999d10703b0b1c4ce?s=96&d=mm&r=g","caption":"Tom\u00e1\u0161 Koppl"},"url":"https:\/\/www.smedemokrati.sk\/hu\/author\/tomaskoppl\/"}]}},"_links":{"self":[{"href":"https:\/\/www.smedemokrati.sk\/hu\/wp-json\/wp\/v2\/posts\/1187","targetHints":{"allow":["GET"]}}],"collection":[{"href":"https:\/\/www.smedemokrati.sk\/hu\/wp-json\/wp\/v2\/posts"}],"about":[{"href":"https:\/\/www.smedemokrati.sk\/hu\/wp-json\/wp\/v2\/types\/post"}],"author":[{"embeddable":true,"href":"https:\/\/www.smedemokrati.sk\/hu\/wp-json\/wp\/v2\/users\/7"}],"replies":[{"embeddable":true,"href":"https:\/\/www.smedemokrati.sk\/hu\/wp-json\/wp\/v2\/comments?post=1187"}],"version-history":[{"count":2,"href":"https:\/\/www.smedemokrati.sk\/hu\/wp-json\/wp\/v2\/posts\/1187\/revisions"}],"predecessor-version":[{"id":1191,"href":"https:\/\/www.smedemokrati.sk\/hu\/wp-json\/wp\/v2\/posts\/1187\/revisions\/1191"}],"wp:featuredmedia":[{"embeddable":true,"href":"https:\/\/www.smedemokrati.sk\/hu\/wp-json\/wp\/v2\/media\/1188"}],"wp:attachment":[{"href":"https:\/\/www.smedemokrati.sk\/hu\/wp-json\/wp\/v2\/media?parent=1187"}],"wp:term":[{"taxonomy":"category","embeddable":true,"href":"https:\/\/www.smedemokrati.sk\/hu\/wp-json\/wp\/v2\/categories?post=1187"},{"taxonomy":"post_tag","embeddable":true,"href":"https:\/\/www.smedemokrati.sk\/hu\/wp-json\/wp\/v2\/tags?post=1187"}],"curies":[{"name":"wp","href":"https:\/\/api.w.org\/{rel}","templated":true}]}}