{"id":1134,"date":"2023-06-07T13:55:53","date_gmt":"2023-06-07T11:55:53","guid":{"rendered":"https:\/\/www.smedemokrati.sk\/?p=1134"},"modified":"2023-06-09T14:04:59","modified_gmt":"2023-06-09T12:04:59","slug":"dorotka-nvotova-sa-pridava-k-demokratom","status":"publish","type":"post","link":"https:\/\/www.smedemokrati.sk\/hu\/dorotka-nvotova-sa-pridava-k-demokratom\/","title":{"rendered":"Dorotka Nvotov\u00e1 sa prid\u00e1va k Demokratom"},"content":{"rendered":"<div id=\"fb-root\"><\/div>\n\n<p>Dobr\u00fd de\u0148,<\/p>\n\n\n\n<p>mo\u017eno ste prekvapen\u00ed, \u017ee tu teraz vid\u00edte st\u00e1\u0165 m\u0148a. \u010cakal by to asi m\u00e1lokto, vr\u00e1tane m\u0148a samotnej. Niekedy sa v\u0161ak ocitneme na r\u00e1zcest\u00ed a treba sa dobre rozhodn\u00fa\u0165, ktor\u00e1 cesta je t\u00e1 na\u0161a. Na tomto r\u00e1zcest\u00ed stoj\u00ed teraz aj Slovensko, krajina, ktor\u00fa som musela opusti\u0165, aby som ju za\u010dala milova\u0165, na tomto r\u00e1zcest\u00ed som sa ocitla aj ja.&nbsp;<\/p>\n\n\n\n<p>Spoluorganiz\u00e1cia zhroma\u017eden\u00ed Dokon\u010dime to a posledn\u00e9 dva roky v ob\u010dianskom aktivizme, ma presved\u010dili, \u017ee m\u00e1 zmysel kona\u0165, m\u00e1 zmysel p\u00edsa\u0165, rozpr\u00e1va\u0165, a ke\u010f treba, aj kri\u010da\u0165, m\u00e1 to zmysel, preto\u017ee bez vlastn\u00e9ho pri\u010dinenia upadne n\u00e1rod do hroznej sivoty, a\u017e temnoty. Neust\u00e1le \u00fatoky Fica, trolov, extr\u00e9mistov, kon\u0161pir\u00e1torov a populistov na prezidentku, demokraciu a na\u0161e zahrani\u010dnopolitick\u00e9 smerovanie vo mne na\u0161tartovali motor, ktor\u00fd teraz neviem a ani nechcem zastavi\u0165.<\/p>\n\n\n\n<p>Ako aktivistka som mala v\u0161ak mo\u017enosti obmedzen\u00e9. To najd\u00f4le\u017eitej\u0161ie &#8211; ulica, sila \u013eudu, ke\u010f je pokope a pokojne vyjadruje svoje pochybnosti a svoje sny, mi bude ch\u00fdba\u0165. Po \u010dase som v\u0161ak mala pocit, \u017ee som s\u00edce v pracovnej dielni, ale bez pracovn\u00fdch n\u00e1strojov. Bez majstra. Bez elektriky. Preto som sa rozhodla \u00eds\u0165 do toho naozaj a vst\u00fapi\u0165 do politiky. Aby som mala ako politick\u00fd nov\u00e1\u010dik za sebou sk\u00fasen\u00fdch, rovn\u00fdch a \u010destn\u00fdch \u013eud\u00ed, ktor\u00fdm sa d\u00e1 d\u00f4verova\u0165, aby som mala pracovn\u00e9 n\u00e1stroje na v\u00fdkon toho, \u010do pova\u017eujem moment\u00e1lne za ve\u013emi d\u00f4le\u017eit\u00e9: na boj v prvej l\u00ednii v hybridnej vojne, ktor\u00fa proti n\u00e1m vedie Rusk\u00e1 Feder\u00e1cia, u n\u00e1s zast\u00fapen\u00e1 Ficom, extr\u00e9mistami, \u010di dokonca fa\u0161istami. Je to vojna ako ka\u017ed\u00e1 in\u00e1, s\u00fa v nej platen\u00ed vojaci a s\u00fa v nej nad\u0161enci. Ja chcem nad\u0161en\u00edm a zap\u00e1len\u00edm pre dobr\u00fa vec bojova\u0165 proti t\u00fdm platen\u00fdm vojakom, ktor\u00ed u\u017e roky rozorv\u00e1vaj\u00fa cez r\u00f4zne kan\u00e1ly na\u0161u krajinu, na\u0161u s\u00fadr\u017enos\u0165, na\u0161u \u013eudskos\u0165. V tejto vojne s\u00edce nete\u010die krv, str\u00e1came v\u0161ak z n\u00e1\u0161ho obehu n\u00e1dej, ktor\u00fa po zlo\u017eit\u00fdch rokoch me\u010diarizmu, ficizmu, Covidu a okup\u00e1cie ukrajiny tak stra\u0161ne v\u0161etci potrebujeme. Ide\u00e1ly Novembra 89, ktor\u00fd si ako die\u0165a politicky akt\u00edvnych rodi\u010dov ve\u013emi dobre pam\u00e4t\u00e1m, zapadli prachom, ktor\u00fd n\u00e1s v\u0161etk\u00fdch dus\u00ed.<\/p>\n\n\n\n<p>Hybridn\u00e1 vojna na \u010dele s kv\u00e1zi gener\u00e1lom Ficom v\u0161ak nie je jedin\u00fd faktor, ktor\u00fd n\u00e1m zobral n\u00e1dej. Neust\u00e1le h\u00e1dky predstavite\u013eov koali\u010dn\u00fdch str\u00e1n, ktor\u00e9 n\u00e1s unavili a rozo\u0161tvali, pozakr\u00fdvali v\u0161etko dobr\u00e9, \u010do sa tu za posledn\u00e9 roky udialo. Zakryli d\u00f4le\u017eit\u00e9 reformy, zakryli peniaze plyn\u00face z pl\u00e1nu obnovy, zakryli skuto\u010dnos\u0165, \u017ee n\u00e1m tu zrazu funguje pol\u00edcia, \u017ee zrazu funguje spravodlivos\u0165, prekryli aj to najd\u00f4le\u017eitej\u0161ie &#8211; \u017ee na\u0161a vl\u00e1da sa na 100 percent postavila na stranu Ukrajiny a poskytla jej v\u0161etku mo\u017en\u00fa pomoc, \u010d\u00edm sme \u0161li v Eur\u00f3pe pr\u00edkladom. Pri tre\u0165om zhroma\u017eden\u00ed \u201eDokon\u010dime To\u201c na n\u00e1mest\u00ed SNP, sme pozvali na p\u00f3dium &#8211; vtedy p\u00e1na premi\u00e9ra &#8211; Eda Hegera. Predniesol re\u010d, z ktorej mal 5-tis\u00edcov\u00fd dav naozaj slzy v o\u010diach. Boli to 3 mesiace po inv\u00e1zii a Edo Heger zaujal neotrasite\u013en\u00fa poz\u00edciu v zahrani\u010dnej politike, ktor\u00fa dr\u017eal a\u017e do konca. Spolu s Jarom Na\u010fom pre m\u0148a boli hrdinovia &#8211; rusk\u00fa vojnu na Ukrajine som vn\u00edmala osobne, a dodnes som si na neho, na rozdiel od tis\u00edcov \u013eahostajn\u00fdch \u013eud\u00ed, nezvykla. Vtedy, na tom p\u00f3diu, som si v duchu pomyslela, \u201e\u0161koda, \u017ee \u010dlovek nem\u00f4\u017ee voli\u0165 Hegera alebo Na\u010fa bez toho, aby musel voli\u0165 O\u013eano\u201c.<\/p>\n\n\n\n<p>Ak bol p\u00e1d p\u00f4vodnej vl\u00e1dy na nie\u010do dobr\u00fd, tak na to, \u017ee sa person\u00e1lne upratalo v stran\u00e1ch. Teraz je omnoho jasnej\u0161ie, kto patr\u00ed kam a pre\u010do. Mysl\u00edm si, \u017ee to, \u010do bolo na na\u0161ej vl\u00e1de dobr\u00e9, je v Demokratoch. Na ot\u00e1zku \u201cpre\u010do Demokrati?\u201d teda odpoved\u00e1m takto &#8211; je to pre m\u0148a jedin\u00e1 volite\u013en\u00e1 strana, v ktorej s\u00fa zast\u00fapen\u00ed takmer v\u0161etci t\u00ed, ktor\u00fdch by som si zakr\u00fa\u017ekovala individu\u00e1lne, ak by neexistovali strany, ale len kandid\u00e1ti. T\u00edto \u013eudia, okrem spom\u00ednan\u00fdch p\u00e1nov aj siln\u00e1 \u017eensk\u00e1 liga &#8211; Andrea Cocherov\u00e1 \u010di Andrea Letanovsk\u00e1, s\u00fa moja krvn\u00e1 skupina. \u00daprimne povedan\u00e9, v mojej bubline nikto nie je voli\u010dom&nbsp;<\/p>\n\n\n\n<p>Demokratov a pod\u013ea m\u00f4jho mal\u00e9ho osobn\u00e9ho prieskumu po\u010d\u00favam najm\u00e4 tieto v\u00fdhrady:<\/p>\n\n\n\n<p>&#8211; S\u00fa nev\u00fdrazn\u00ed, nudn\u00ed, nemaj\u00fa obsah.<\/p>\n\n\n\n<p>&#8211; Heger bol Matovi\u010dov \u010dlovek, never\u00edm mu<\/p>\n\n\n\n<p>&#8211; Aj by som ich volil, s\u00fa super, ale boj\u00edm sa, \u017ee mi prepadne hlas.<\/p>\n\n\n\n<p>Dovo\u013ete mi tieto tri, v\u0161etko \u010diasto\u010dne pravdiv\u00e9 tvrdenia adresova\u0165 tu a teraz, preto\u017ee tie s\u00fa z\u00e1rove\u0148 aj d\u00f4vodom, pre\u010do tu teraz stoj\u00edm.<\/p>\n\n\n\n<p><strong>S\u00da NEV\u00ddRAZN\u00cd, NEMAJ\u00da OBSAH<\/strong><\/p>\n\n\n\n<p>Chvalabohu, \u017ee n\u00e1m t\u00fdm p\u00e1dom hroz\u00ed nudn\u00e1 vl\u00e1da! Po desa\u0165ro\u010diach k\u00e1uz, podvodov, po troch rokoch kriku a h\u00e1dok, je \u0161anca na nudn\u00fa vl\u00e1du! Na nev\u00fdrazn\u00fa, pokojn\u00fa vl\u00e1du, ktor\u00fa si nikto nev\u0161imne, lebo nem\u00e1 kauzy, nehul\u00e1ka,ne\u0161\u00edri nen\u00e1vis\u0165, neklame, iba slu\u0161ne pracuje a nepolarizuje.<\/p>\n\n\n\n<p>\u010ci\u017ee vl\u00e1da pokoja. Nie je ni\u010d lep\u0161ie pre Slovensko, ako \u017ee by malo nudn\u00fa, nezauj\u00edmav\u00fa vl\u00e1du. Vl\u00e1da a parlament nie s\u00fa p\u00f3dium (a teraz ste si pomysleli, no, to hovor\u00ed t\u00e1 prav\u00e1 &#8211; aj k tomu sa dostaneme), na\u0161e in\u0161tit\u00facie n\u00e1s nemaj\u00fa bavi\u0165 na internete nevhodn\u00fdmi v\u00fdrokmi, tr\u00e1pnymi vtipmi, opileck\u00fdmi tv\u00e1rami, na\u0161i predstavitelia maj\u00fa by\u0165 poctiv\u00ed, fundovan\u00ed a nudn\u00ed. Ako hudba vo filme. Spoluvytv\u00e1ra em\u00f3ciu z cel\u00e9ho filmu, ale ak je pr\u00edli\u0161 v\u00fdrazn\u00e1, zatieni pr\u00edbeh. Hudbu vo filme nem\u00e1me vn\u00edma\u0165 samostatne, m\u00e1 podpori\u0165 dej. Tak aj vl\u00e1da m\u00e1 podpori\u0165 n\u00e1s, ob\u010danov, my sme ten dej, my sme ten film, o ktor\u00fd tu ide. Chcem za\u017ei\u0165 \u010dasy, ke\u010f sa nebudeme musie\u0165 st\u00e1le bavi\u0165 o politike, preto\u017ee nebude pre\u010do, bude nudn\u00e1 a v deji n\u00e1\u0161ho filmu bud\u00fa zauj\u00edmavej\u0161ie t\u00e9my &#8211; ktor\u00fdch existencia bude umo\u017enen\u00e1 pr\u00e1ve tou nudnou politikou. Ke\u010f si predstav\u00edme l\u00eddrov ostastn\u00fdch str\u00e1n rad za radom, vieme, s ktor\u00fdmi n\u00e1m nudn\u00e1 vl\u00e1da nehroz\u00ed. Vieme, s ktor\u00fdmi sa znova potop\u00edme, bu\u010f do k\u00e1uz, alebo h\u00e1dok.<\/p>\n\n\n\n<p><strong>HEGER BOL MATOVI\u010cOV \u010cLOVEK, NEVER\u00cdM MU<\/strong><\/p>\n\n\n\n<p>Ka\u017ed\u00fd sme tam, kde sme, v\u010faka niekomu. V\u010faka niekomu, koho sme stretli, niekomu, kto n\u00e1m pomohol, niekedy zi\u0161tne, niekedy nezi\u0161tne, v\u010faka nejak\u00e9mu \u010dloveku, ktor\u00fd v n\u00e1s veril a ktor\u00fd n\u00e1s niekam posunul. Lojalita nem\u00e1 by\u0165 nejak\u00fd kon\u0161trukt, je to povahov\u00e1 \u010drta, ktor\u00fa si \u010destn\u00ed a dobr\u00ed \u013eudia pestuj\u00fa, je to hodnota, ktor\u00e1 vytv\u00e1ra \u013eudsk\u00fa osobnos\u0165. Lojalita je nie\u010do, \u010do si na Edovi Hegerovi v\u00e1\u017eim, a viem, \u017ee ke\u010f bude situ\u00e1cia in\u00e1, t\u00e1to jeho vlastnos\u0165 bude nosnou \u017er\u010fou na\u0161ej vlajky &#8211; bude to lojalita k ob\u010danom, lojalita k hodnot\u00e1m a k v\u0161eobecn\u00e9mu dobru. Ak je teda lojalita d\u00f4vod, pre ktor\u00fd niekto Edovi never\u00ed, tak je to pr\u00e1ve d\u00f4vod, pre ktor\u00fd mu ja ver\u00edm. Toxick\u00e1 osoba v jeho bezprostrednom okol\u00ed mu u\u017e teraz nebude br\u00e1ni\u0165, aby svoju lojalitu uplatnil tam, kde ju najviac treba &#8211; vo\u010di ob\u010danom Slovenska.<\/p>\n\n\n\n<p>Nie je d\u00f4le\u017eit\u00e9, kto je vo svetle reflektorov, d\u00f4le\u017eit\u00fd je cel\u00fd t\u00edm, ka\u017ed\u00e1 jedna zlo\u017eka, ktor\u00e1 tvor\u00ed cel\u00fd organizmus Demokratov. S person\u00e1lnym obsaden\u00edm, ktor\u00e9 teraz strana m\u00e1, je to naozaj pestr\u00fd tvor, ktor\u00fd h\u00fdri v\u0161etk\u00fdmi farbami a kvalitami, ale m\u00e1 jasn\u00e9 a jednotn\u00e9 postoje v smerovan\u00ed a hodnot\u00e1ch. Som rada, \u017ee sem m\u00f4\u017eem patri\u0165 a prispie\u0165 svojou tro\u0161kou k cel\u00e9mu dielu.<\/p>\n\n\n\n<p><strong>AJ BY SOM ICH VOLIL, S\u00da SUPER, ALE BOJ\u00cdM SA, \u017dE MI PREPADNE HLAS<\/strong><\/p>\n\n\n\n<p>Je to opr\u00e1vnen\u00e1 obava, ale len ak na\u010falej budeme v\u0161etci kalkulova\u0165. Ak budeme voli\u0165 od srdca, nem\u00e1me sa pre\u010do b\u00e1\u0165 prepadnutia hlasov. Ak v\u0161etci t\u00ed, ktor\u00ed toto pova\u017euj\u00fa za jedin\u00fd d\u00f4vod, pre\u010do niekoho nevoli\u0165, to tej strane hodia, m\u00f4\u017ee sa sta\u0165, \u017ee zrazu vybuchn\u00fa prieskumy a v\u0161etko bude inak. Spome\u0148me si, kam n\u00e1s v \u017eivote doviedol kalkul a kam \u00faprimn\u00e9 slov\u00e1 a \u010diny. Vo\u013eme to, v \u010do ver\u00edme. V s\u00falade so svoj\u00edm svedom\u00edm. Vo\u013eme tak, aby sme mali po vhoden\u00ed ob\u00e1lky do urny dobr\u00fd pocit, pocit hrdosti, pocit, \u017ee sme si nezvolili men\u0161ie zlo. Lebo men\u0161ie zlo nie je dobro.<\/p>\n\n\n\n<p>Teraz odpoviem na ot\u00e1zku, ktor\u00fa mi iste mnoh\u00ed z v\u00e1s chc\u00fa polo\u017ei\u0165: \u010co chce\u0161 ty, umelky\u0148a, robi\u0165 v politike?<\/p>\n\n\n\n<p>Hoci som pred chv\u00ed\u013eou povedala, \u017ee vl\u00e1da m\u00e1 by\u0165 nudn\u00e1, nemysl\u00edm si to v\u0161ak o kampani. Nemysl\u00edm si to ani o komunik\u00e1cii t\u00e9m a u\u017e vonkoncom si nemysl\u00edm, \u017ee na \u00fatoky hejterov, trolov a kon\u0161pir\u00e1torov treba reagova\u0165 nudne. V prvej l\u00ednii v hybridnej vojne, vo vojne hodn\u00f4t a cti, treba ma\u0165 komunika\u010dn\u00fd kan\u00e1l, ktor\u00fd m\u00e1 patri\u010dn\u00fa verb\u00e1lnu v\u00fdbavu, \u201edar pera\u201c, ako hovor\u00edme my spisovatelia, jasn\u00fd postoj a mal\u00fa \u0161tipku zdrav\u00e9ho exhibicionizmu, aby si \u013eudia v\u0161imli a po\u010duli, \u017ee na tej druhej strane, na strane pravdy, l\u00e1sky, solidarity, niekto tie\u017e stoj\u00ed. Pr\u00e1ve tu vid\u00edm svoje miesto.<\/p>\n\n\n\n<p>Umelci v\u017edy mali a maj\u00fa miesto v politike. Reagan bol herec, Vallo je basgitarista a nezab\u00fadajme na Zelensk\u00e9ho. Komik, ktor\u00fd zrazu dor\u00e1stol do v\u00e1\u017enosti. Umelci maj\u00fa miesto v politike, lebo vn\u00e1\u0161aj\u00fa do nej du\u0161u, dok\u00e1\u017eu si u\u0165ahova\u0165 z jej charakteristickej \u0161piny a povzn\u00e1\u0161aj\u00fa ju na dielo, ktor\u00e9mu m\u00f4\u017ee div\u00e1k &#8211; voli\u010d rozumie\u0165.<\/p>\n\n\n\n<p class=\"has-text-align-right\"><strong><em>Dorota Nvotov\u00e1<\/em><\/strong><\/p>\n\n\n\n<figure class=\"wp-block-image size-large\"><img decoding=\"async\" width=\"1024\" height=\"683\" src=\"https:\/\/www.smedemokrati.sk\/wp-content\/uploads\/2023\/06\/DSC0982-1024x683.jpg\" alt=\"\" class=\"wp-image-1135\" srcset=\"https:\/\/www.smedemokrati.sk\/wp-content\/uploads\/2023\/06\/DSC0982-1024x683.jpg 1024w, https:\/\/www.smedemokrati.sk\/wp-content\/uploads\/2023\/06\/DSC0982-300x200.jpg 300w, https:\/\/www.smedemokrati.sk\/wp-content\/uploads\/2023\/06\/DSC0982-768x512.jpg 768w, https:\/\/www.smedemokrati.sk\/wp-content\/uploads\/2023\/06\/DSC0982-1536x1025.jpg 1536w, https:\/\/www.smedemokrati.sk\/wp-content\/uploads\/2023\/06\/DSC0982.jpg 1800w\" sizes=\"(max-width: 1024px) 100vw, 1024px\" \/><\/figure>\n","protected":false},"excerpt":{"rendered":"<p>Dobr\u00fd de\u0148, mo\u017eno ste prekvapen\u00ed, \u017ee tu teraz vid\u00edte st\u00e1\u0165 m\u0148a. \u010cakal by to asi m\u00e1lokto, vr\u00e1tane m\u0148a samotnej. Niekedy sa v\u0161ak ocitneme na r\u00e1zcest\u00ed a treba sa dobre rozhodn\u00fa\u0165, ktor\u00e1 cesta je t\u00e1 na\u0161a. Na tomto r\u00e1zcest\u00ed stoj\u00ed teraz aj Slovensko, krajina, ktor\u00fa som musela opusti\u0165, aby som ju za\u010dala milova\u0165, na tomto r\u00e1zcest\u00ed [&hellip;]<\/p>\n","protected":false},"author":7,"featured_media":1138,"comment_status":"closed","ping_status":"closed","sticky":false,"template":"","format":"standard","meta":{"_acf_changed":false,"ngg_post_thumbnail":0,"footnotes":""},"categories":[4],"tags":[],"class_list":["post-1134","post","type-post","status-publish","format-standard","has-post-thumbnail","hentry","category-tlacove-spravy"],"acf":[],"yoast_head":"<!-- This site is optimized with the Yoast SEO plugin v27.2 - https:\/\/yoast.com\/product\/yoast-seo-wordpress\/ -->\n<title>Dorotka Nvotov\u00e1 sa prid\u00e1va k Demokratom - Smedemokrati.sk<\/title>\n<meta name=\"robots\" content=\"index, follow, max-snippet:-1, max-image-preview:large, max-video-preview:-1\" \/>\n<link rel=\"canonical\" href=\"https:\/\/www.smedemokrati.sk\/hu\/dorotka-nvotova-sa-pridava-k-demokratom\/\" \/>\n<meta property=\"og:locale\" content=\"hu_HU\" \/>\n<meta property=\"og:locale:alternate\" content=\"en_US\" \/>\n<meta property=\"og:locale:alternate\" content=\"cs_CZ\" \/>\n<meta property=\"og:locale:alternate\" content=\"sk_SK\" \/>\n<meta property=\"og:locale:alternate\" content=\"sv_SE\" \/>\n<meta property=\"og:type\" content=\"article\" \/>\n<meta property=\"og:title\" content=\"Dorotka Nvotov\u00e1 sa prid\u00e1va k Demokratom - Smedemokrati.sk\" \/>\n<meta property=\"og:description\" content=\"Dobr\u00fd de\u0148, mo\u017eno ste prekvapen\u00ed, \u017ee tu teraz vid\u00edte st\u00e1\u0165 m\u0148a. \u010cakal by to asi m\u00e1lokto, vr\u00e1tane m\u0148a samotnej. Niekedy sa v\u0161ak ocitneme na r\u00e1zcest\u00ed a treba sa dobre rozhodn\u00fa\u0165, ktor\u00e1 cesta je t\u00e1 na\u0161a. Na tomto r\u00e1zcest\u00ed stoj\u00ed teraz aj Slovensko, krajina, ktor\u00fa som musela opusti\u0165, aby som ju za\u010dala milova\u0165, na tomto r\u00e1zcest\u00ed [&hellip;]\" \/>\n<meta property=\"og:url\" content=\"https:\/\/www.smedemokrati.sk\/hu\/dorotka-nvotova-sa-pridava-k-demokratom\/\" \/>\n<meta property=\"og:site_name\" content=\"Smedemokrati.sk\" \/>\n<meta property=\"article:publisher\" content=\"https:\/\/www.facebook.com\/smedemokrati2023\" \/>\n<meta property=\"article:published_time\" content=\"2023-06-07T11:55:53+00:00\" \/>\n<meta property=\"article:modified_time\" content=\"2023-06-09T12:04:59+00:00\" \/>\n<meta property=\"og:image\" content=\"https:\/\/www.smedemokrati.sk\/wp-content\/uploads\/2023\/06\/DSC1042.jpg\" \/>\n\t<meta property=\"og:image:width\" content=\"1800\" \/>\n\t<meta property=\"og:image:height\" content=\"1201\" \/>\n\t<meta property=\"og:image:type\" content=\"image\/jpeg\" \/>\n<meta name=\"author\" content=\"Tom\u00e1\u0161 Koppl\" \/>\n<meta name=\"twitter:card\" content=\"summary_large_image\" \/>\n<meta name=\"twitter:label1\" content=\"Szerz\u0151:\" \/>\n\t<meta name=\"twitter:data1\" content=\"Tom\u00e1\u0161 Koppl\" \/>\n<script type=\"application\/ld+json\" class=\"yoast-schema-graph\">{\"@context\":\"https:\/\/schema.org\",\"@graph\":[{\"@type\":\"Article\",\"@id\":\"https:\/\/www.smedemokrati.sk\/dorotka-nvotova-sa-pridava-k-demokratom\/#article\",\"isPartOf\":{\"@id\":\"https:\/\/www.smedemokrati.sk\/dorotka-nvotova-sa-pridava-k-demokratom\/\"},\"author\":{\"name\":\"Tom\u00e1\u0161 Koppl\",\"@id\":\"https:\/\/www.smedemokrati.sk\/#\/schema\/person\/c60720f4b9955b3c1ed222ebd1fbbc7c\"},\"headline\":\"Dorotka Nvotov\u00e1 sa prid\u00e1va k Demokratom\",\"datePublished\":\"2023-06-07T11:55:53+00:00\",\"dateModified\":\"2023-06-09T12:04:59+00:00\",\"mainEntityOfPage\":{\"@id\":\"https:\/\/www.smedemokrati.sk\/dorotka-nvotova-sa-pridava-k-demokratom\/\"},\"wordCount\":1755,\"publisher\":{\"@id\":\"https:\/\/www.smedemokrati.sk\/#organization\"},\"image\":{\"@id\":\"https:\/\/www.smedemokrati.sk\/dorotka-nvotova-sa-pridava-k-demokratom\/#primaryimage\"},\"thumbnailUrl\":\"https:\/\/www.smedemokrati.sk\/wp-content\/uploads\/2023\/06\/DSC1042.jpg\",\"articleSection\":[\"Tla\u010dov\u00e9 spr\u00e1vy\"],\"inLanguage\":\"hu-HU\"},{\"@type\":\"WebPage\",\"@id\":\"https:\/\/www.smedemokrati.sk\/dorotka-nvotova-sa-pridava-k-demokratom\/\",\"url\":\"https:\/\/www.smedemokrati.sk\/dorotka-nvotova-sa-pridava-k-demokratom\/\",\"name\":\"Dorotka Nvotov\u00e1 sa prid\u00e1va k Demokratom - Smedemokrati.sk\",\"isPartOf\":{\"@id\":\"https:\/\/www.smedemokrati.sk\/#website\"},\"primaryImageOfPage\":{\"@id\":\"https:\/\/www.smedemokrati.sk\/dorotka-nvotova-sa-pridava-k-demokratom\/#primaryimage\"},\"image\":{\"@id\":\"https:\/\/www.smedemokrati.sk\/dorotka-nvotova-sa-pridava-k-demokratom\/#primaryimage\"},\"thumbnailUrl\":\"https:\/\/www.smedemokrati.sk\/wp-content\/uploads\/2023\/06\/DSC1042.jpg\",\"datePublished\":\"2023-06-07T11:55:53+00:00\",\"dateModified\":\"2023-06-09T12:04:59+00:00\",\"breadcrumb\":{\"@id\":\"https:\/\/www.smedemokrati.sk\/dorotka-nvotova-sa-pridava-k-demokratom\/#breadcrumb\"},\"inLanguage\":\"hu-HU\",\"potentialAction\":[{\"@type\":\"ReadAction\",\"target\":[\"https:\/\/www.smedemokrati.sk\/dorotka-nvotova-sa-pridava-k-demokratom\/\"]}]},{\"@type\":\"ImageObject\",\"inLanguage\":\"hu-HU\",\"@id\":\"https:\/\/www.smedemokrati.sk\/dorotka-nvotova-sa-pridava-k-demokratom\/#primaryimage\",\"url\":\"https:\/\/www.smedemokrati.sk\/wp-content\/uploads\/2023\/06\/DSC1042.jpg\",\"contentUrl\":\"https:\/\/www.smedemokrati.sk\/wp-content\/uploads\/2023\/06\/DSC1042.jpg\",\"width\":1800,\"height\":1201},{\"@type\":\"BreadcrumbList\",\"@id\":\"https:\/\/www.smedemokrati.sk\/dorotka-nvotova-sa-pridava-k-demokratom\/#breadcrumb\",\"itemListElement\":[{\"@type\":\"ListItem\",\"position\":1,\"name\":\"Domovsk\u00e1 str\u00e1nka\",\"item\":\"https:\/\/www.smedemokrati.sk\/\"},{\"@type\":\"ListItem\",\"position\":2,\"name\":\"Dorotka Nvotov\u00e1 sa prid\u00e1va k Demokratom\"}]},{\"@type\":\"WebSite\",\"@id\":\"https:\/\/www.smedemokrati.sk\/#website\",\"url\":\"https:\/\/www.smedemokrati.sk\/\",\"name\":\"Smedemokrati.sk\",\"description\":\"Demokracia a slu\u0161nos\u0165 zv\u00ed\u0165az\u00ed\",\"publisher\":{\"@id\":\"https:\/\/www.smedemokrati.sk\/#organization\"},\"potentialAction\":[{\"@type\":\"SearchAction\",\"target\":{\"@type\":\"EntryPoint\",\"urlTemplate\":\"https:\/\/www.smedemokrati.sk\/?s={search_term_string}\"},\"query-input\":{\"@type\":\"PropertyValueSpecification\",\"valueRequired\":true,\"valueName\":\"search_term_string\"}}],\"inLanguage\":\"hu-HU\"},{\"@type\":\"Organization\",\"@id\":\"https:\/\/www.smedemokrati.sk\/#organization\",\"name\":\"Smedemokrati.sk\",\"url\":\"https:\/\/www.smedemokrati.sk\/\",\"logo\":{\"@type\":\"ImageObject\",\"inLanguage\":\"hu-HU\",\"@id\":\"https:\/\/www.smedemokrati.sk\/#\/schema\/logo\/image\/\",\"url\":\"https:\/\/www.smedemokrati.sk\/wp-content\/uploads\/2023\/04\/ff.002.jpeg\",\"contentUrl\":\"https:\/\/www.smedemokrati.sk\/wp-content\/uploads\/2023\/04\/ff.002.jpeg\",\"width\":640,\"height\":480,\"caption\":\"Smedemokrati.sk\"},\"image\":{\"@id\":\"https:\/\/www.smedemokrati.sk\/#\/schema\/logo\/image\/\"},\"sameAs\":[\"https:\/\/www.facebook.com\/smedemokrati2023\"]},{\"@type\":\"Person\",\"@id\":\"https:\/\/www.smedemokrati.sk\/#\/schema\/person\/c60720f4b9955b3c1ed222ebd1fbbc7c\",\"name\":\"Tom\u00e1\u0161 Koppl\",\"image\":{\"@type\":\"ImageObject\",\"inLanguage\":\"hu-HU\",\"@id\":\"https:\/\/secure.gravatar.com\/avatar\/8dfa38373c5e39821baf74c8e867a6f12e12c6dab6559aa999d10703b0b1c4ce?s=96&d=mm&r=g\",\"url\":\"https:\/\/secure.gravatar.com\/avatar\/8dfa38373c5e39821baf74c8e867a6f12e12c6dab6559aa999d10703b0b1c4ce?s=96&d=mm&r=g\",\"contentUrl\":\"https:\/\/secure.gravatar.com\/avatar\/8dfa38373c5e39821baf74c8e867a6f12e12c6dab6559aa999d10703b0b1c4ce?s=96&d=mm&r=g\",\"caption\":\"Tom\u00e1\u0161 Koppl\"},\"url\":\"https:\/\/www.smedemokrati.sk\/hu\/author\/tomaskoppl\/\"}]}<\/script>\n<!-- \/ Yoast SEO plugin. -->","yoast_head_json":{"title":"Dorotka Nvotov\u00e1 sa prid\u00e1va k Demokratom - Smedemokrati.sk","robots":{"index":"index","follow":"follow","max-snippet":"max-snippet:-1","max-image-preview":"max-image-preview:large","max-video-preview":"max-video-preview:-1"},"canonical":"https:\/\/www.smedemokrati.sk\/hu\/dorotka-nvotova-sa-pridava-k-demokratom\/","og_locale":"hu_HU","og_type":"article","og_title":"Dorotka Nvotov\u00e1 sa prid\u00e1va k Demokratom - Smedemokrati.sk","og_description":"Dobr\u00fd de\u0148, mo\u017eno ste prekvapen\u00ed, \u017ee tu teraz vid\u00edte st\u00e1\u0165 m\u0148a. \u010cakal by to asi m\u00e1lokto, vr\u00e1tane m\u0148a samotnej. Niekedy sa v\u0161ak ocitneme na r\u00e1zcest\u00ed a treba sa dobre rozhodn\u00fa\u0165, ktor\u00e1 cesta je t\u00e1 na\u0161a. Na tomto r\u00e1zcest\u00ed stoj\u00ed teraz aj Slovensko, krajina, ktor\u00fa som musela opusti\u0165, aby som ju za\u010dala milova\u0165, na tomto r\u00e1zcest\u00ed [&hellip;]","og_url":"https:\/\/www.smedemokrati.sk\/hu\/dorotka-nvotova-sa-pridava-k-demokratom\/","og_site_name":"Smedemokrati.sk","article_publisher":"https:\/\/www.facebook.com\/smedemokrati2023","article_published_time":"2023-06-07T11:55:53+00:00","article_modified_time":"2023-06-09T12:04:59+00:00","og_image":[{"width":1800,"height":1201,"url":"https:\/\/www.smedemokrati.sk\/wp-content\/uploads\/2023\/06\/DSC1042.jpg","type":"image\/jpeg"}],"author":"Tom\u00e1\u0161 Koppl","twitter_card":"summary_large_image","twitter_misc":{"Szerz\u0151:":"Tom\u00e1\u0161 Koppl"},"schema":{"@context":"https:\/\/schema.org","@graph":[{"@type":"Article","@id":"https:\/\/www.smedemokrati.sk\/dorotka-nvotova-sa-pridava-k-demokratom\/#article","isPartOf":{"@id":"https:\/\/www.smedemokrati.sk\/dorotka-nvotova-sa-pridava-k-demokratom\/"},"author":{"name":"Tom\u00e1\u0161 Koppl","@id":"https:\/\/www.smedemokrati.sk\/#\/schema\/person\/c60720f4b9955b3c1ed222ebd1fbbc7c"},"headline":"Dorotka Nvotov\u00e1 sa prid\u00e1va k Demokratom","datePublished":"2023-06-07T11:55:53+00:00","dateModified":"2023-06-09T12:04:59+00:00","mainEntityOfPage":{"@id":"https:\/\/www.smedemokrati.sk\/dorotka-nvotova-sa-pridava-k-demokratom\/"},"wordCount":1755,"publisher":{"@id":"https:\/\/www.smedemokrati.sk\/#organization"},"image":{"@id":"https:\/\/www.smedemokrati.sk\/dorotka-nvotova-sa-pridava-k-demokratom\/#primaryimage"},"thumbnailUrl":"https:\/\/www.smedemokrati.sk\/wp-content\/uploads\/2023\/06\/DSC1042.jpg","articleSection":["Tla\u010dov\u00e9 spr\u00e1vy"],"inLanguage":"hu-HU"},{"@type":"WebPage","@id":"https:\/\/www.smedemokrati.sk\/dorotka-nvotova-sa-pridava-k-demokratom\/","url":"https:\/\/www.smedemokrati.sk\/dorotka-nvotova-sa-pridava-k-demokratom\/","name":"Dorotka Nvotov\u00e1 sa prid\u00e1va k Demokratom - Smedemokrati.sk","isPartOf":{"@id":"https:\/\/www.smedemokrati.sk\/#website"},"primaryImageOfPage":{"@id":"https:\/\/www.smedemokrati.sk\/dorotka-nvotova-sa-pridava-k-demokratom\/#primaryimage"},"image":{"@id":"https:\/\/www.smedemokrati.sk\/dorotka-nvotova-sa-pridava-k-demokratom\/#primaryimage"},"thumbnailUrl":"https:\/\/www.smedemokrati.sk\/wp-content\/uploads\/2023\/06\/DSC1042.jpg","datePublished":"2023-06-07T11:55:53+00:00","dateModified":"2023-06-09T12:04:59+00:00","breadcrumb":{"@id":"https:\/\/www.smedemokrati.sk\/dorotka-nvotova-sa-pridava-k-demokratom\/#breadcrumb"},"inLanguage":"hu-HU","potentialAction":[{"@type":"ReadAction","target":["https:\/\/www.smedemokrati.sk\/dorotka-nvotova-sa-pridava-k-demokratom\/"]}]},{"@type":"ImageObject","inLanguage":"hu-HU","@id":"https:\/\/www.smedemokrati.sk\/dorotka-nvotova-sa-pridava-k-demokratom\/#primaryimage","url":"https:\/\/www.smedemokrati.sk\/wp-content\/uploads\/2023\/06\/DSC1042.jpg","contentUrl":"https:\/\/www.smedemokrati.sk\/wp-content\/uploads\/2023\/06\/DSC1042.jpg","width":1800,"height":1201},{"@type":"BreadcrumbList","@id":"https:\/\/www.smedemokrati.sk\/dorotka-nvotova-sa-pridava-k-demokratom\/#breadcrumb","itemListElement":[{"@type":"ListItem","position":1,"name":"Domovsk\u00e1 str\u00e1nka","item":"https:\/\/www.smedemokrati.sk\/"},{"@type":"ListItem","position":2,"name":"Dorotka Nvotov\u00e1 sa prid\u00e1va k Demokratom"}]},{"@type":"WebSite","@id":"https:\/\/www.smedemokrati.sk\/#website","url":"https:\/\/www.smedemokrati.sk\/","name":"Smedemokrati.sk","description":"Demokracia a slu\u0161nos\u0165 zv\u00ed\u0165az\u00ed","publisher":{"@id":"https:\/\/www.smedemokrati.sk\/#organization"},"potentialAction":[{"@type":"SearchAction","target":{"@type":"EntryPoint","urlTemplate":"https:\/\/www.smedemokrati.sk\/?s={search_term_string}"},"query-input":{"@type":"PropertyValueSpecification","valueRequired":true,"valueName":"search_term_string"}}],"inLanguage":"hu-HU"},{"@type":"Organization","@id":"https:\/\/www.smedemokrati.sk\/#organization","name":"Smedemokrati.sk","url":"https:\/\/www.smedemokrati.sk\/","logo":{"@type":"ImageObject","inLanguage":"hu-HU","@id":"https:\/\/www.smedemokrati.sk\/#\/schema\/logo\/image\/","url":"https:\/\/www.smedemokrati.sk\/wp-content\/uploads\/2023\/04\/ff.002.jpeg","contentUrl":"https:\/\/www.smedemokrati.sk\/wp-content\/uploads\/2023\/04\/ff.002.jpeg","width":640,"height":480,"caption":"Smedemokrati.sk"},"image":{"@id":"https:\/\/www.smedemokrati.sk\/#\/schema\/logo\/image\/"},"sameAs":["https:\/\/www.facebook.com\/smedemokrati2023"]},{"@type":"Person","@id":"https:\/\/www.smedemokrati.sk\/#\/schema\/person\/c60720f4b9955b3c1ed222ebd1fbbc7c","name":"Tom\u00e1\u0161 Koppl","image":{"@type":"ImageObject","inLanguage":"hu-HU","@id":"https:\/\/secure.gravatar.com\/avatar\/8dfa38373c5e39821baf74c8e867a6f12e12c6dab6559aa999d10703b0b1c4ce?s=96&d=mm&r=g","url":"https:\/\/secure.gravatar.com\/avatar\/8dfa38373c5e39821baf74c8e867a6f12e12c6dab6559aa999d10703b0b1c4ce?s=96&d=mm&r=g","contentUrl":"https:\/\/secure.gravatar.com\/avatar\/8dfa38373c5e39821baf74c8e867a6f12e12c6dab6559aa999d10703b0b1c4ce?s=96&d=mm&r=g","caption":"Tom\u00e1\u0161 Koppl"},"url":"https:\/\/www.smedemokrati.sk\/hu\/author\/tomaskoppl\/"}]}},"_links":{"self":[{"href":"https:\/\/www.smedemokrati.sk\/hu\/wp-json\/wp\/v2\/posts\/1134","targetHints":{"allow":["GET"]}}],"collection":[{"href":"https:\/\/www.smedemokrati.sk\/hu\/wp-json\/wp\/v2\/posts"}],"about":[{"href":"https:\/\/www.smedemokrati.sk\/hu\/wp-json\/wp\/v2\/types\/post"}],"author":[{"embeddable":true,"href":"https:\/\/www.smedemokrati.sk\/hu\/wp-json\/wp\/v2\/users\/7"}],"replies":[{"embeddable":true,"href":"https:\/\/www.smedemokrati.sk\/hu\/wp-json\/wp\/v2\/comments?post=1134"}],"version-history":[{"count":1,"href":"https:\/\/www.smedemokrati.sk\/hu\/wp-json\/wp\/v2\/posts\/1134\/revisions"}],"predecessor-version":[{"id":1137,"href":"https:\/\/www.smedemokrati.sk\/hu\/wp-json\/wp\/v2\/posts\/1134\/revisions\/1137"}],"wp:featuredmedia":[{"embeddable":true,"href":"https:\/\/www.smedemokrati.sk\/hu\/wp-json\/wp\/v2\/media\/1138"}],"wp:attachment":[{"href":"https:\/\/www.smedemokrati.sk\/hu\/wp-json\/wp\/v2\/media?parent=1134"}],"wp:term":[{"taxonomy":"category","embeddable":true,"href":"https:\/\/www.smedemokrati.sk\/hu\/wp-json\/wp\/v2\/categories?post=1134"},{"taxonomy":"post_tag","embeddable":true,"href":"https:\/\/www.smedemokrati.sk\/hu\/wp-json\/wp\/v2\/tags?post=1134"}],"curies":[{"name":"wp","href":"https:\/\/api.w.org\/{rel}","templated":true}]}}