{"id":1121,"date":"2023-06-06T13:46:35","date_gmt":"2023-06-06T11:46:35","guid":{"rendered":"https:\/\/www.smedemokrati.sk\/?p=1121"},"modified":"2023-06-06T13:46:35","modified_gmt":"2023-06-06T11:46:35","slug":"dost-bolo-diskriminacie-pomahame-tym-najzranitelnejsim","status":"publish","type":"post","link":"https:\/\/www.smedemokrati.sk\/hu\/dost-bolo-diskriminacie-pomahame-tym-najzranitelnejsim\/","title":{"rendered":"Dos\u0165 bolo diskrimin\u00e1cie. Pom\u00e1hame t\u00fdm najzranite\u013enej\u0161\u00edm"},"content":{"rendered":"<div id=\"fb-root\"><\/div>\n\n<p>Od 1. j\u00fala vstupuje do platnosti z\u00e1kon, ktor\u00fd v\u00fdrazne zv\u00fd\u0161i pr\u00edjem os\u00f4b poberaj\u00facich d\u00f4chodkov\u00fa d\u00e1vku a staraj\u00facich sa o \u0165a\u017eko zdravotne znev\u00fdhodnen\u00fdch bl\u00edzkych. T\u00e1to novela z dielne poslankyne Jany \u017dit\u0148anskej (Demokrati) sa dotkne okolo 24 tis\u00edc \u013eud\u00ed, ktor\u00ed si prilep\u0161ia o viac ako 160 eur mesa\u010dne.<\/p>\n\n\n\n<p><strong>\u201ePo dlhoro\u010dn\u00fdch snah\u00e1ch sa podarilo zru\u0161i\u0165 diskrimin\u00e1ciu \u010dasti opatrovate\u013eov, ktor\u00ed len preto, \u017ee poberaj\u00fa d\u00f4chodkov\u00fa d\u00e1vku, dost\u00e1vali len polovicu z pr\u00edspevku na opatrovanie. Pritom vykon\u00e1vaj\u00fa rovnako n\u00e1ro\u010dn\u00fa pr\u00e1cu, ako in\u00ed neform\u00e1lni opatrovatelia,\u201c<\/strong>\u00a0vysvetluje J. \u017dit\u0148ansk\u00e1.<\/p>\n\n\n\n<p>Ru\u0161enie kr\u00e1tenia pr\u00edspevku na opatrovanie sa uskuto\u010dn\u00ed v dvoch etap\u00e1ch.&nbsp;Od 1.7.2023 v\u00fd\u0161ka pr\u00edspevku na opatrovanie pre poberate\u013ea d\u00f4chodku, ktor\u00fd je s\u00fa\u010dasne poberate\u013eom pe\u0148a\u017en\u00e9ho pr\u00edspevku na opatrovanie, bude zodpoveda\u0165 sume minim\u00e1lne 75% z v\u00fd\u0161ky pe\u0148a\u017en\u00e9ho pr\u00edspevku na opatrovanie, ktor\u00e1 bude nariaden\u00edm ustanoven\u00e1 pre osoby v produkt\u00edvnom veku. Od 1.7.2024 bude kr\u00e1tenie definit\u00edvne odstr\u00e1nen\u00e9.<\/p>\n\n\n\n<p>V s\u00fa\u010dasnosti prebieha vyhodnotenie medzirezortn\u00e9ho pripomienkov\u00e9ho konania k nariadeniu vl\u00e1dy Slovenskej republiky, ktor\u00fdm sa ustanovuje v\u00fd\u0161ka sadzby na jednu hodinu osobnej asistencie a v\u00fd\u0161ka pe\u0148a\u017en\u00e9ho pr\u00edspevku na opatrovanie. Pod\u013ea navrhovan\u00e9ho nariadenia by mal vzr\u00e1s\u0165 pr\u00edspevok na opatrovanie z 525 eur na 569 eur mesa\u010dne.<\/p>\n\n\n\n<p>V pr\u00edpade poberate\u013ea d\u00f4chodku, ktor\u00fd je s\u00fa\u010dasne poberate\u013eom pe\u0148a\u017en\u00e9ho pr\u00edspevku na opatrovanie bude tento vo v\u00fd\u0161ke 426,75 eur, oproti s\u00fa\u010dasn\u00fdm 262,85 eur a teda o 163,90 eur viac. V pr\u00edpade opatrovania dvoch alebo viacer\u00fdch os\u00f4b s \u0164ZP st\u00fapne poberate\u013eovi d\u00f4chodku pr\u00edspevok na opatrovanie zo s\u00fa\u010dasn\u00fdch 349,60 eur na 567,60 eur, \u010do predstavuje n\u00e1rast o 218 eur mesa\u010dne.<\/p>\n\n\n\n<p><strong>\u201eNariadenie vl\u00e1dy, ktor\u00e9 bolo pripraven\u00e9 po\u010das vl\u00e1dy Eduarda Hegera mus\u00ed e\u0161te schv\u00e1li\u0165 s\u00fa\u010dasn\u00e1 vl\u00e1da. Ver\u00edm, \u017ee tak urob\u00ed v najbli\u017e\u0161\u00edch d\u0148och, aby sa kone\u010dne nielen na\u0161tartoval koniec diskrimin\u00e1cie \u010dasti neform\u00e1lnych opatrovate\u013eov, ale aby sa v tejto dobe pomohlo jedn\u00fdm z t\u00fdch, ktor\u00ed s\u00fa najzranite\u013enej\u0161\u00ed,\u201c<\/strong>\u00a0hovor\u00ed poslanky\u0148a \u017dit\u0148ansk\u00e1.<\/p>\n\n\n\n<p>Ako \u010falej uviedla, novelou, ktor\u00fa v minulom roku presadila, sa zastav\u00ed aj \u010fal\u0161ia diskrimin\u00e1cia tejto skupiny neform\u00e1lnych opatrovate\u013eov. Od 1.7. 2023 sa u fyzick\u00fdch os\u00f4b vykon\u00e1vaj\u00facich opatrovanie, ktor\u00e9 poberaj\u00fa d\u00f4chodok, prestane kr\u00e1ti\u0165 pr\u00edspevok na opatrovanie z titulu, \u017ee opatrovanej fyzickej osobe s \u0165a\u017ek\u00fdm zdravotn\u00fdm postihnut\u00edm je poskytovan\u00e1 ambulantn\u00e1 forma soci\u00e1lnej slu\u017eby. Takto sa zjednotia podmienky poskytovania pe\u0148a\u017en\u00e9ho pr\u00edspevku na opatrovanie pre osoby poberaj\u00face d\u00f4chodkov\u00fa d\u00e1vku a pre osoby v produkt\u00edvnom veku.<\/p>\n\n\n\n<p>Pod\u013ea poslankyne Jany \u017dit\u0148anskej strana Demokrati bude aj na\u010falej presadzova\u0165 tak\u00e9 opatrenia, ktor\u00e9 bud\u00fa pom\u00e1ha\u0165 osob\u00e1m s \u0165a\u017ek\u00fdm zdravotn\u00fdm postihnut\u00edm a ich rodin\u00e1m. Medzi priority ozna\u010dila postupn\u00e9 radik\u00e1lne nav\u00fd\u0161enie financi\u00ed do oblasti soci\u00e1lnych slu\u017eieb, zastavenie posudzovania pr\u00edjmu opatrovan\u00e9ho na \u00fa\u010dely vypl\u00e1cania pr\u00edspevku na opatrovanie \u010di zavedenie pr\u00edspevku na rehabilit\u00e1cie.<\/p>\n\n\n\n<figure class=\"wp-block-image size-large\"><img decoding=\"async\" width=\"1024\" height=\"524\" src=\"https:\/\/www.smedemokrati.sk\/wp-content\/uploads\/2023\/06\/222-1024x524.jpg\" alt=\"\" class=\"wp-image-1122\" srcset=\"https:\/\/www.smedemokrati.sk\/wp-content\/uploads\/2023\/06\/222-1024x524.jpg 1024w, https:\/\/www.smedemokrati.sk\/wp-content\/uploads\/2023\/06\/222-300x154.jpg 300w, https:\/\/www.smedemokrati.sk\/wp-content\/uploads\/2023\/06\/222-768x393.jpg 768w, https:\/\/www.smedemokrati.sk\/wp-content\/uploads\/2023\/06\/222-1536x787.jpg 1536w, https:\/\/www.smedemokrati.sk\/wp-content\/uploads\/2023\/06\/222-2048x1049.jpg 2048w\" sizes=\"(max-width: 1024px) 100vw, 1024px\" \/><\/figure>\n","protected":false},"excerpt":{"rendered":"<p>Od 1. j\u00fala vstupuje do platnosti z\u00e1kon, ktor\u00fd v\u00fdrazne zv\u00fd\u0161i pr\u00edjem os\u00f4b poberaj\u00facich d\u00f4chodkov\u00fa d\u00e1vku a staraj\u00facich sa o \u0165a\u017eko zdravotne znev\u00fdhodnen\u00fdch bl\u00edzkych. T\u00e1to novela z dielne poslankyne Jany \u017dit\u0148anskej (Demokrati) sa dotkne okolo 24 tis\u00edc \u013eud\u00ed, ktor\u00ed si prilep\u0161ia o viac ako 160 eur mesa\u010dne. \u201ePo dlhoro\u010dn\u00fdch snah\u00e1ch sa podarilo zru\u0161i\u0165 diskrimin\u00e1ciu \u010dasti opatrovate\u013eov, [&hellip;]<\/p>\n","protected":false},"author":7,"featured_media":1123,"comment_status":"closed","ping_status":"closed","sticky":false,"template":"","format":"standard","meta":{"_acf_changed":false,"ngg_post_thumbnail":0,"footnotes":""},"categories":[4],"tags":[],"class_list":["post-1121","post","type-post","status-publish","format-standard","has-post-thumbnail","hentry","category-tlacove-spravy"],"acf":[],"yoast_head":"<!-- This site is optimized with the Yoast SEO plugin v27.2 - https:\/\/yoast.com\/product\/yoast-seo-wordpress\/ -->\n<title>Dos\u0165 bolo diskrimin\u00e1cie. Pom\u00e1hame t\u00fdm najzranite\u013enej\u0161\u00edm - Smedemokrati.sk<\/title>\n<meta name=\"robots\" content=\"index, follow, max-snippet:-1, max-image-preview:large, max-video-preview:-1\" \/>\n<link rel=\"canonical\" href=\"https:\/\/www.smedemokrati.sk\/hu\/dost-bolo-diskriminacie-pomahame-tym-najzranitelnejsim\/\" \/>\n<meta property=\"og:locale\" content=\"hu_HU\" \/>\n<meta property=\"og:locale:alternate\" content=\"en_US\" \/>\n<meta property=\"og:locale:alternate\" content=\"cs_CZ\" \/>\n<meta property=\"og:locale:alternate\" content=\"sk_SK\" \/>\n<meta property=\"og:locale:alternate\" content=\"sv_SE\" \/>\n<meta property=\"og:type\" content=\"article\" \/>\n<meta property=\"og:title\" content=\"Dos\u0165 bolo diskrimin\u00e1cie. Pom\u00e1hame t\u00fdm najzranite\u013enej\u0161\u00edm - Smedemokrati.sk\" \/>\n<meta property=\"og:description\" content=\"Od 1. j\u00fala vstupuje do platnosti z\u00e1kon, ktor\u00fd v\u00fdrazne zv\u00fd\u0161i pr\u00edjem os\u00f4b poberaj\u00facich d\u00f4chodkov\u00fa d\u00e1vku a staraj\u00facich sa o \u0165a\u017eko zdravotne znev\u00fdhodnen\u00fdch bl\u00edzkych. T\u00e1to novela z dielne poslankyne Jany \u017dit\u0148anskej (Demokrati) sa dotkne okolo 24 tis\u00edc \u013eud\u00ed, ktor\u00ed si prilep\u0161ia o viac ako 160 eur mesa\u010dne. \u201ePo dlhoro\u010dn\u00fdch snah\u00e1ch sa podarilo zru\u0161i\u0165 diskrimin\u00e1ciu \u010dasti opatrovate\u013eov, [&hellip;]\" \/>\n<meta property=\"og:url\" content=\"https:\/\/www.smedemokrati.sk\/hu\/dost-bolo-diskriminacie-pomahame-tym-najzranitelnejsim\/\" \/>\n<meta property=\"og:site_name\" content=\"Smedemokrati.sk\" \/>\n<meta property=\"article:publisher\" content=\"https:\/\/www.facebook.com\/smedemokrati2023\" \/>\n<meta property=\"article:published_time\" content=\"2023-06-06T11:46:35+00:00\" \/>\n<meta property=\"og:image\" content=\"https:\/\/www.smedemokrati.sk\/wp-content\/uploads\/2023\/06\/tlacovka.jpg\" \/>\n\t<meta property=\"og:image:width\" content=\"1600\" \/>\n\t<meta property=\"og:image:height\" content=\"885\" \/>\n\t<meta property=\"og:image:type\" content=\"image\/jpeg\" \/>\n<meta name=\"author\" content=\"Tom\u00e1\u0161 Koppl\" \/>\n<meta name=\"twitter:card\" content=\"summary_large_image\" \/>\n<meta name=\"twitter:label1\" content=\"Szerz\u0151:\" \/>\n\t<meta name=\"twitter:data1\" content=\"Tom\u00e1\u0161 Koppl\" \/>\n\t<meta name=\"twitter:label2\" content=\"Becs\u00fclt olvas\u00e1si id\u0151\" \/>\n\t<meta name=\"twitter:data2\" content=\"3 perc\" \/>\n<script type=\"application\/ld+json\" class=\"yoast-schema-graph\">{\"@context\":\"https:\/\/schema.org\",\"@graph\":[{\"@type\":\"Article\",\"@id\":\"https:\/\/www.smedemokrati.sk\/dost-bolo-diskriminacie-pomahame-tym-najzranitelnejsim\/#article\",\"isPartOf\":{\"@id\":\"https:\/\/www.smedemokrati.sk\/dost-bolo-diskriminacie-pomahame-tym-najzranitelnejsim\/\"},\"author\":{\"name\":\"Tom\u00e1\u0161 Koppl\",\"@id\":\"https:\/\/www.smedemokrati.sk\/#\/schema\/person\/c60720f4b9955b3c1ed222ebd1fbbc7c\"},\"headline\":\"Dos\u0165 bolo diskrimin\u00e1cie. Pom\u00e1hame t\u00fdm najzranite\u013enej\u0161\u00edm\",\"datePublished\":\"2023-06-06T11:46:35+00:00\",\"mainEntityOfPage\":{\"@id\":\"https:\/\/www.smedemokrati.sk\/dost-bolo-diskriminacie-pomahame-tym-najzranitelnejsim\/\"},\"wordCount\":564,\"publisher\":{\"@id\":\"https:\/\/www.smedemokrati.sk\/#organization\"},\"image\":{\"@id\":\"https:\/\/www.smedemokrati.sk\/dost-bolo-diskriminacie-pomahame-tym-najzranitelnejsim\/#primaryimage\"},\"thumbnailUrl\":\"https:\/\/www.smedemokrati.sk\/wp-content\/uploads\/2023\/06\/tlacovka.jpg\",\"articleSection\":[\"Tla\u010dov\u00e9 spr\u00e1vy\"],\"inLanguage\":\"hu-HU\"},{\"@type\":\"WebPage\",\"@id\":\"https:\/\/www.smedemokrati.sk\/dost-bolo-diskriminacie-pomahame-tym-najzranitelnejsim\/\",\"url\":\"https:\/\/www.smedemokrati.sk\/dost-bolo-diskriminacie-pomahame-tym-najzranitelnejsim\/\",\"name\":\"Dos\u0165 bolo diskrimin\u00e1cie. Pom\u00e1hame t\u00fdm najzranite\u013enej\u0161\u00edm - Smedemokrati.sk\",\"isPartOf\":{\"@id\":\"https:\/\/www.smedemokrati.sk\/#website\"},\"primaryImageOfPage\":{\"@id\":\"https:\/\/www.smedemokrati.sk\/dost-bolo-diskriminacie-pomahame-tym-najzranitelnejsim\/#primaryimage\"},\"image\":{\"@id\":\"https:\/\/www.smedemokrati.sk\/dost-bolo-diskriminacie-pomahame-tym-najzranitelnejsim\/#primaryimage\"},\"thumbnailUrl\":\"https:\/\/www.smedemokrati.sk\/wp-content\/uploads\/2023\/06\/tlacovka.jpg\",\"datePublished\":\"2023-06-06T11:46:35+00:00\",\"breadcrumb\":{\"@id\":\"https:\/\/www.smedemokrati.sk\/dost-bolo-diskriminacie-pomahame-tym-najzranitelnejsim\/#breadcrumb\"},\"inLanguage\":\"hu-HU\",\"potentialAction\":[{\"@type\":\"ReadAction\",\"target\":[\"https:\/\/www.smedemokrati.sk\/dost-bolo-diskriminacie-pomahame-tym-najzranitelnejsim\/\"]}]},{\"@type\":\"ImageObject\",\"inLanguage\":\"hu-HU\",\"@id\":\"https:\/\/www.smedemokrati.sk\/dost-bolo-diskriminacie-pomahame-tym-najzranitelnejsim\/#primaryimage\",\"url\":\"https:\/\/www.smedemokrati.sk\/wp-content\/uploads\/2023\/06\/tlacovka.jpg\",\"contentUrl\":\"https:\/\/www.smedemokrati.sk\/wp-content\/uploads\/2023\/06\/tlacovka.jpg\",\"width\":1600,\"height\":885},{\"@type\":\"BreadcrumbList\",\"@id\":\"https:\/\/www.smedemokrati.sk\/dost-bolo-diskriminacie-pomahame-tym-najzranitelnejsim\/#breadcrumb\",\"itemListElement\":[{\"@type\":\"ListItem\",\"position\":1,\"name\":\"Domovsk\u00e1 str\u00e1nka\",\"item\":\"https:\/\/www.smedemokrati.sk\/\"},{\"@type\":\"ListItem\",\"position\":2,\"name\":\"Dos\u0165 bolo diskrimin\u00e1cie. Pom\u00e1hame t\u00fdm najzranite\u013enej\u0161\u00edm\"}]},{\"@type\":\"WebSite\",\"@id\":\"https:\/\/www.smedemokrati.sk\/#website\",\"url\":\"https:\/\/www.smedemokrati.sk\/\",\"name\":\"Smedemokrati.sk\",\"description\":\"Demokracia a slu\u0161nos\u0165 zv\u00ed\u0165az\u00ed\",\"publisher\":{\"@id\":\"https:\/\/www.smedemokrati.sk\/#organization\"},\"potentialAction\":[{\"@type\":\"SearchAction\",\"target\":{\"@type\":\"EntryPoint\",\"urlTemplate\":\"https:\/\/www.smedemokrati.sk\/?s={search_term_string}\"},\"query-input\":{\"@type\":\"PropertyValueSpecification\",\"valueRequired\":true,\"valueName\":\"search_term_string\"}}],\"inLanguage\":\"hu-HU\"},{\"@type\":\"Organization\",\"@id\":\"https:\/\/www.smedemokrati.sk\/#organization\",\"name\":\"Smedemokrati.sk\",\"url\":\"https:\/\/www.smedemokrati.sk\/\",\"logo\":{\"@type\":\"ImageObject\",\"inLanguage\":\"hu-HU\",\"@id\":\"https:\/\/www.smedemokrati.sk\/#\/schema\/logo\/image\/\",\"url\":\"https:\/\/www.smedemokrati.sk\/wp-content\/uploads\/2023\/04\/ff.002.jpeg\",\"contentUrl\":\"https:\/\/www.smedemokrati.sk\/wp-content\/uploads\/2023\/04\/ff.002.jpeg\",\"width\":640,\"height\":480,\"caption\":\"Smedemokrati.sk\"},\"image\":{\"@id\":\"https:\/\/www.smedemokrati.sk\/#\/schema\/logo\/image\/\"},\"sameAs\":[\"https:\/\/www.facebook.com\/smedemokrati2023\"]},{\"@type\":\"Person\",\"@id\":\"https:\/\/www.smedemokrati.sk\/#\/schema\/person\/c60720f4b9955b3c1ed222ebd1fbbc7c\",\"name\":\"Tom\u00e1\u0161 Koppl\",\"image\":{\"@type\":\"ImageObject\",\"inLanguage\":\"hu-HU\",\"@id\":\"https:\/\/secure.gravatar.com\/avatar\/8dfa38373c5e39821baf74c8e867a6f12e12c6dab6559aa999d10703b0b1c4ce?s=96&d=mm&r=g\",\"url\":\"https:\/\/secure.gravatar.com\/avatar\/8dfa38373c5e39821baf74c8e867a6f12e12c6dab6559aa999d10703b0b1c4ce?s=96&d=mm&r=g\",\"contentUrl\":\"https:\/\/secure.gravatar.com\/avatar\/8dfa38373c5e39821baf74c8e867a6f12e12c6dab6559aa999d10703b0b1c4ce?s=96&d=mm&r=g\",\"caption\":\"Tom\u00e1\u0161 Koppl\"},\"url\":\"https:\/\/www.smedemokrati.sk\/hu\/author\/tomaskoppl\/\"}]}<\/script>\n<!-- \/ Yoast SEO plugin. -->","yoast_head_json":{"title":"Dos\u0165 bolo diskrimin\u00e1cie. Pom\u00e1hame t\u00fdm najzranite\u013enej\u0161\u00edm - Smedemokrati.sk","robots":{"index":"index","follow":"follow","max-snippet":"max-snippet:-1","max-image-preview":"max-image-preview:large","max-video-preview":"max-video-preview:-1"},"canonical":"https:\/\/www.smedemokrati.sk\/hu\/dost-bolo-diskriminacie-pomahame-tym-najzranitelnejsim\/","og_locale":"hu_HU","og_type":"article","og_title":"Dos\u0165 bolo diskrimin\u00e1cie. Pom\u00e1hame t\u00fdm najzranite\u013enej\u0161\u00edm - Smedemokrati.sk","og_description":"Od 1. j\u00fala vstupuje do platnosti z\u00e1kon, ktor\u00fd v\u00fdrazne zv\u00fd\u0161i pr\u00edjem os\u00f4b poberaj\u00facich d\u00f4chodkov\u00fa d\u00e1vku a staraj\u00facich sa o \u0165a\u017eko zdravotne znev\u00fdhodnen\u00fdch bl\u00edzkych. T\u00e1to novela z dielne poslankyne Jany \u017dit\u0148anskej (Demokrati) sa dotkne okolo 24 tis\u00edc \u013eud\u00ed, ktor\u00ed si prilep\u0161ia o viac ako 160 eur mesa\u010dne. \u201ePo dlhoro\u010dn\u00fdch snah\u00e1ch sa podarilo zru\u0161i\u0165 diskrimin\u00e1ciu \u010dasti opatrovate\u013eov, [&hellip;]","og_url":"https:\/\/www.smedemokrati.sk\/hu\/dost-bolo-diskriminacie-pomahame-tym-najzranitelnejsim\/","og_site_name":"Smedemokrati.sk","article_publisher":"https:\/\/www.facebook.com\/smedemokrati2023","article_published_time":"2023-06-06T11:46:35+00:00","og_image":[{"width":1600,"height":885,"url":"https:\/\/www.smedemokrati.sk\/wp-content\/uploads\/2023\/06\/tlacovka.jpg","type":"image\/jpeg"}],"author":"Tom\u00e1\u0161 Koppl","twitter_card":"summary_large_image","twitter_misc":{"Szerz\u0151:":"Tom\u00e1\u0161 Koppl","Becs\u00fclt olvas\u00e1si id\u0151":"3 perc"},"schema":{"@context":"https:\/\/schema.org","@graph":[{"@type":"Article","@id":"https:\/\/www.smedemokrati.sk\/dost-bolo-diskriminacie-pomahame-tym-najzranitelnejsim\/#article","isPartOf":{"@id":"https:\/\/www.smedemokrati.sk\/dost-bolo-diskriminacie-pomahame-tym-najzranitelnejsim\/"},"author":{"name":"Tom\u00e1\u0161 Koppl","@id":"https:\/\/www.smedemokrati.sk\/#\/schema\/person\/c60720f4b9955b3c1ed222ebd1fbbc7c"},"headline":"Dos\u0165 bolo diskrimin\u00e1cie. Pom\u00e1hame t\u00fdm najzranite\u013enej\u0161\u00edm","datePublished":"2023-06-06T11:46:35+00:00","mainEntityOfPage":{"@id":"https:\/\/www.smedemokrati.sk\/dost-bolo-diskriminacie-pomahame-tym-najzranitelnejsim\/"},"wordCount":564,"publisher":{"@id":"https:\/\/www.smedemokrati.sk\/#organization"},"image":{"@id":"https:\/\/www.smedemokrati.sk\/dost-bolo-diskriminacie-pomahame-tym-najzranitelnejsim\/#primaryimage"},"thumbnailUrl":"https:\/\/www.smedemokrati.sk\/wp-content\/uploads\/2023\/06\/tlacovka.jpg","articleSection":["Tla\u010dov\u00e9 spr\u00e1vy"],"inLanguage":"hu-HU"},{"@type":"WebPage","@id":"https:\/\/www.smedemokrati.sk\/dost-bolo-diskriminacie-pomahame-tym-najzranitelnejsim\/","url":"https:\/\/www.smedemokrati.sk\/dost-bolo-diskriminacie-pomahame-tym-najzranitelnejsim\/","name":"Dos\u0165 bolo diskrimin\u00e1cie. Pom\u00e1hame t\u00fdm najzranite\u013enej\u0161\u00edm - Smedemokrati.sk","isPartOf":{"@id":"https:\/\/www.smedemokrati.sk\/#website"},"primaryImageOfPage":{"@id":"https:\/\/www.smedemokrati.sk\/dost-bolo-diskriminacie-pomahame-tym-najzranitelnejsim\/#primaryimage"},"image":{"@id":"https:\/\/www.smedemokrati.sk\/dost-bolo-diskriminacie-pomahame-tym-najzranitelnejsim\/#primaryimage"},"thumbnailUrl":"https:\/\/www.smedemokrati.sk\/wp-content\/uploads\/2023\/06\/tlacovka.jpg","datePublished":"2023-06-06T11:46:35+00:00","breadcrumb":{"@id":"https:\/\/www.smedemokrati.sk\/dost-bolo-diskriminacie-pomahame-tym-najzranitelnejsim\/#breadcrumb"},"inLanguage":"hu-HU","potentialAction":[{"@type":"ReadAction","target":["https:\/\/www.smedemokrati.sk\/dost-bolo-diskriminacie-pomahame-tym-najzranitelnejsim\/"]}]},{"@type":"ImageObject","inLanguage":"hu-HU","@id":"https:\/\/www.smedemokrati.sk\/dost-bolo-diskriminacie-pomahame-tym-najzranitelnejsim\/#primaryimage","url":"https:\/\/www.smedemokrati.sk\/wp-content\/uploads\/2023\/06\/tlacovka.jpg","contentUrl":"https:\/\/www.smedemokrati.sk\/wp-content\/uploads\/2023\/06\/tlacovka.jpg","width":1600,"height":885},{"@type":"BreadcrumbList","@id":"https:\/\/www.smedemokrati.sk\/dost-bolo-diskriminacie-pomahame-tym-najzranitelnejsim\/#breadcrumb","itemListElement":[{"@type":"ListItem","position":1,"name":"Domovsk\u00e1 str\u00e1nka","item":"https:\/\/www.smedemokrati.sk\/"},{"@type":"ListItem","position":2,"name":"Dos\u0165 bolo diskrimin\u00e1cie. Pom\u00e1hame t\u00fdm najzranite\u013enej\u0161\u00edm"}]},{"@type":"WebSite","@id":"https:\/\/www.smedemokrati.sk\/#website","url":"https:\/\/www.smedemokrati.sk\/","name":"Smedemokrati.sk","description":"Demokracia a slu\u0161nos\u0165 zv\u00ed\u0165az\u00ed","publisher":{"@id":"https:\/\/www.smedemokrati.sk\/#organization"},"potentialAction":[{"@type":"SearchAction","target":{"@type":"EntryPoint","urlTemplate":"https:\/\/www.smedemokrati.sk\/?s={search_term_string}"},"query-input":{"@type":"PropertyValueSpecification","valueRequired":true,"valueName":"search_term_string"}}],"inLanguage":"hu-HU"},{"@type":"Organization","@id":"https:\/\/www.smedemokrati.sk\/#organization","name":"Smedemokrati.sk","url":"https:\/\/www.smedemokrati.sk\/","logo":{"@type":"ImageObject","inLanguage":"hu-HU","@id":"https:\/\/www.smedemokrati.sk\/#\/schema\/logo\/image\/","url":"https:\/\/www.smedemokrati.sk\/wp-content\/uploads\/2023\/04\/ff.002.jpeg","contentUrl":"https:\/\/www.smedemokrati.sk\/wp-content\/uploads\/2023\/04\/ff.002.jpeg","width":640,"height":480,"caption":"Smedemokrati.sk"},"image":{"@id":"https:\/\/www.smedemokrati.sk\/#\/schema\/logo\/image\/"},"sameAs":["https:\/\/www.facebook.com\/smedemokrati2023"]},{"@type":"Person","@id":"https:\/\/www.smedemokrati.sk\/#\/schema\/person\/c60720f4b9955b3c1ed222ebd1fbbc7c","name":"Tom\u00e1\u0161 Koppl","image":{"@type":"ImageObject","inLanguage":"hu-HU","@id":"https:\/\/secure.gravatar.com\/avatar\/8dfa38373c5e39821baf74c8e867a6f12e12c6dab6559aa999d10703b0b1c4ce?s=96&d=mm&r=g","url":"https:\/\/secure.gravatar.com\/avatar\/8dfa38373c5e39821baf74c8e867a6f12e12c6dab6559aa999d10703b0b1c4ce?s=96&d=mm&r=g","contentUrl":"https:\/\/secure.gravatar.com\/avatar\/8dfa38373c5e39821baf74c8e867a6f12e12c6dab6559aa999d10703b0b1c4ce?s=96&d=mm&r=g","caption":"Tom\u00e1\u0161 Koppl"},"url":"https:\/\/www.smedemokrati.sk\/hu\/author\/tomaskoppl\/"}]}},"_links":{"self":[{"href":"https:\/\/www.smedemokrati.sk\/hu\/wp-json\/wp\/v2\/posts\/1121","targetHints":{"allow":["GET"]}}],"collection":[{"href":"https:\/\/www.smedemokrati.sk\/hu\/wp-json\/wp\/v2\/posts"}],"about":[{"href":"https:\/\/www.smedemokrati.sk\/hu\/wp-json\/wp\/v2\/types\/post"}],"author":[{"embeddable":true,"href":"https:\/\/www.smedemokrati.sk\/hu\/wp-json\/wp\/v2\/users\/7"}],"replies":[{"embeddable":true,"href":"https:\/\/www.smedemokrati.sk\/hu\/wp-json\/wp\/v2\/comments?post=1121"}],"version-history":[{"count":1,"href":"https:\/\/www.smedemokrati.sk\/hu\/wp-json\/wp\/v2\/posts\/1121\/revisions"}],"predecessor-version":[{"id":1124,"href":"https:\/\/www.smedemokrati.sk\/hu\/wp-json\/wp\/v2\/posts\/1121\/revisions\/1124"}],"wp:featuredmedia":[{"embeddable":true,"href":"https:\/\/www.smedemokrati.sk\/hu\/wp-json\/wp\/v2\/media\/1123"}],"wp:attachment":[{"href":"https:\/\/www.smedemokrati.sk\/hu\/wp-json\/wp\/v2\/media?parent=1121"}],"wp:term":[{"taxonomy":"category","embeddable":true,"href":"https:\/\/www.smedemokrati.sk\/hu\/wp-json\/wp\/v2\/categories?post=1121"},{"taxonomy":"post_tag","embeddable":true,"href":"https:\/\/www.smedemokrati.sk\/hu\/wp-json\/wp\/v2\/tags?post=1121"}],"curies":[{"name":"wp","href":"https:\/\/api.w.org\/{rel}","templated":true}]}}