{"id":1100,"date":"2023-06-05T13:11:17","date_gmt":"2023-06-05T11:11:17","guid":{"rendered":"https:\/\/www.smedemokrati.sk\/?p=1100"},"modified":"2023-06-07T13:52:55","modified_gmt":"2023-06-07T11:52:55","slug":"strana-demokrati-sa-dohodla-na-predvolebnej-spolupraci-so-stranou-jablko","status":"publish","type":"post","link":"https:\/\/www.smedemokrati.sk\/hu\/strana-demokrati-sa-dohodla-na-predvolebnej-spolupraci-so-stranou-jablko\/","title":{"rendered":"Strana Demokrati sa dohodla na predvolebnej spolupr\u00e1ci so stranou Jablko"},"content":{"rendered":"<div id=\"fb-root\"><\/div>\n\n<p><strong>Obe strany bud\u00fa kandidova\u0165 na spolo\u010dnej kandid\u00e1tke.<\/strong><\/p>\n\n\n\n<p><strong>\u201eKde je v\u00f4\u013ea, tam je cesta,\u201c<\/strong>&nbsp;zhodnotil spojenie oboch str\u00e1n predseda Demokratov Eduard Heger.&nbsp;<strong>\u201eSpolupr\u00e1ca demokratick\u00fdch str\u00e1n je to, \u010do Slovensko potrebuje. Sp\u00e1janie s\u00edl pred pred\u010dasn\u00fdmi vo\u013ebami je cesta, ako zabr\u00e1ni\u0165 prepadnutiu hlasov demokratick\u00fdch voli\u010dov.\u201c<\/strong><\/p>\n\n\n\n<p>Obe strany pri rokovan\u00ed o spolo\u010dnom postupe do volieb dali na prv\u00e9 miesto programov\u00e9 prieniky a rie\u0161enia, ktor\u00e9 Slovensko potrebuje. Pod\u013ea uzatvorenej dohody kandid\u00e1ti Jablka obsadia posledn\u00e9 miesta na kandid\u00e1tke strany Demokrati.<\/p>\n\n\n\n<p><strong>\u201ePre n\u00e1s bolo od za\u010diatku d\u00f4le\u017eit\u00e9 rokova\u0165 o programov\u00fdch prienikoch a t\u00fdch sme s Demokratmi na\u0161li naozaj dos\u0165,\u201c<\/strong>&nbsp;povedala l\u00edderka strany Jablko Lucia \u010euri\u0161 Nicholsonov\u00e1. <strong>\u201eDemokratick\u00e9 strany v\u0161ak musia spolupracova\u0165 aj preto, aby sme Slovensko neodovzdali do r\u00fak \u010di u\u017e \u013eavicov\u00e9ho, alebo pravicov\u00e9ho extr\u00e9mu. Slovensko je na kri\u017eovatke a je d\u00f4le\u017eit\u00e9, aby si vybralo cestu demokracie a reforiem.\u201c<\/strong><\/p>\n\n\n\n<figure class=\"wp-block-image size-large\"><img decoding=\"async\" width=\"1024\" height=\"684\" src=\"https:\/\/www.smedemokrati.sk\/wp-content\/uploads\/2023\/06\/01-1-1024x684.jpg\" alt=\"\" class=\"wp-image-1101\" srcset=\"https:\/\/www.smedemokrati.sk\/wp-content\/uploads\/2023\/06\/01-1-1024x684.jpg 1024w, https:\/\/www.smedemokrati.sk\/wp-content\/uploads\/2023\/06\/01-1-300x200.jpg 300w, https:\/\/www.smedemokrati.sk\/wp-content\/uploads\/2023\/06\/01-1-768x513.jpg 768w, https:\/\/www.smedemokrati.sk\/wp-content\/uploads\/2023\/06\/01-1-1536x1025.jpg 1536w, https:\/\/www.smedemokrati.sk\/wp-content\/uploads\/2023\/06\/01-1.jpg 1600w\" sizes=\"(max-width: 1024px) 100vw, 1024px\" \/><\/figure>\n","protected":false},"excerpt":{"rendered":"<p>Obe strany bud\u00fa kandidova\u0165 na spolo\u010dnej kandid\u00e1tke. \u201eKde je v\u00f4\u013ea, tam je cesta,\u201c&nbsp;zhodnotil spojenie oboch str\u00e1n predseda Demokratov Eduard Heger.&nbsp;\u201eSpolupr\u00e1ca demokratick\u00fdch str\u00e1n je to, \u010do Slovensko potrebuje. Sp\u00e1janie s\u00edl pred pred\u010dasn\u00fdmi vo\u013ebami je cesta, ako zabr\u00e1ni\u0165 prepadnutiu hlasov demokratick\u00fdch voli\u010dov.\u201c Obe strany pri rokovan\u00ed o spolo\u010dnom postupe do volieb dali na prv\u00e9 miesto programov\u00e9 prieniky [&hellip;]<\/p>\n","protected":false},"author":7,"featured_media":1102,"comment_status":"closed","ping_status":"closed","sticky":false,"template":"","format":"standard","meta":{"_acf_changed":false,"ngg_post_thumbnail":0,"footnotes":""},"categories":[4],"tags":[],"class_list":["post-1100","post","type-post","status-publish","format-standard","has-post-thumbnail","hentry","category-tlacove-spravy"],"acf":[],"yoast_head":"<!-- This site is optimized with the Yoast SEO plugin v27.2 - https:\/\/yoast.com\/product\/yoast-seo-wordpress\/ -->\n<title>Strana Demokrati sa dohodla na predvolebnej spolupr\u00e1ci so stranou Jablko - Smedemokrati.sk<\/title>\n<meta name=\"robots\" content=\"index, follow, max-snippet:-1, max-image-preview:large, max-video-preview:-1\" \/>\n<link rel=\"canonical\" href=\"https:\/\/www.smedemokrati.sk\/hu\/strana-demokrati-sa-dohodla-na-predvolebnej-spolupraci-so-stranou-jablko\/\" \/>\n<meta property=\"og:locale\" content=\"hu_HU\" \/>\n<meta property=\"og:locale:alternate\" content=\"en_US\" \/>\n<meta property=\"og:locale:alternate\" content=\"cs_CZ\" \/>\n<meta property=\"og:locale:alternate\" content=\"sk_SK\" \/>\n<meta property=\"og:locale:alternate\" content=\"sv_SE\" \/>\n<meta property=\"og:type\" content=\"article\" \/>\n<meta property=\"og:title\" content=\"Strana Demokrati sa dohodla na predvolebnej spolupr\u00e1ci so stranou Jablko - Smedemokrati.sk\" \/>\n<meta property=\"og:description\" content=\"Obe strany bud\u00fa kandidova\u0165 na spolo\u010dnej kandid\u00e1tke. \u201eKde je v\u00f4\u013ea, tam je cesta,\u201c&nbsp;zhodnotil spojenie oboch str\u00e1n predseda Demokratov Eduard Heger.&nbsp;\u201eSpolupr\u00e1ca demokratick\u00fdch str\u00e1n je to, \u010do Slovensko potrebuje. Sp\u00e1janie s\u00edl pred pred\u010dasn\u00fdmi vo\u013ebami je cesta, ako zabr\u00e1ni\u0165 prepadnutiu hlasov demokratick\u00fdch voli\u010dov.\u201c Obe strany pri rokovan\u00ed o spolo\u010dnom postupe do volieb dali na prv\u00e9 miesto programov\u00e9 prieniky [&hellip;]\" \/>\n<meta property=\"og:url\" content=\"https:\/\/www.smedemokrati.sk\/hu\/strana-demokrati-sa-dohodla-na-predvolebnej-spolupraci-so-stranou-jablko\/\" \/>\n<meta property=\"og:site_name\" content=\"Smedemokrati.sk\" \/>\n<meta property=\"article:publisher\" content=\"https:\/\/www.facebook.com\/smedemokrati2023\" \/>\n<meta property=\"article:published_time\" content=\"2023-06-05T11:11:17+00:00\" \/>\n<meta property=\"article:modified_time\" content=\"2023-06-07T11:52:55+00:00\" \/>\n<meta property=\"og:image\" content=\"https:\/\/www.smedemokrati.sk\/wp-content\/uploads\/2023\/06\/02-1.jpg\" \/>\n\t<meta property=\"og:image:width\" content=\"1600\" \/>\n\t<meta property=\"og:image:height\" content=\"1068\" \/>\n\t<meta property=\"og:image:type\" content=\"image\/jpeg\" \/>\n<meta name=\"author\" content=\"Tom\u00e1\u0161 Koppl\" \/>\n<meta name=\"twitter:card\" content=\"summary_large_image\" \/>\n<meta name=\"twitter:label1\" content=\"Szerz\u0151:\" \/>\n\t<meta name=\"twitter:data1\" content=\"Tom\u00e1\u0161 Koppl\" \/>\n\t<meta name=\"twitter:label2\" content=\"Becs\u00fclt olvas\u00e1si id\u0151\" \/>\n\t<meta name=\"twitter:data2\" content=\"1 perc\" \/>\n<script type=\"application\/ld+json\" class=\"yoast-schema-graph\">{\"@context\":\"https:\/\/schema.org\",\"@graph\":[{\"@type\":\"Article\",\"@id\":\"https:\/\/www.smedemokrati.sk\/strana-demokrati-sa-dohodla-na-predvolebnej-spolupraci-so-stranou-jablko\/#article\",\"isPartOf\":{\"@id\":\"https:\/\/www.smedemokrati.sk\/strana-demokrati-sa-dohodla-na-predvolebnej-spolupraci-so-stranou-jablko\/\"},\"author\":{\"name\":\"Tom\u00e1\u0161 Koppl\",\"@id\":\"https:\/\/www.smedemokrati.sk\/#\/schema\/person\/c60720f4b9955b3c1ed222ebd1fbbc7c\"},\"headline\":\"Strana Demokrati sa dohodla na predvolebnej spolupr\u00e1ci so stranou Jablko\",\"datePublished\":\"2023-06-05T11:11:17+00:00\",\"dateModified\":\"2023-06-07T11:52:55+00:00\",\"mainEntityOfPage\":{\"@id\":\"https:\/\/www.smedemokrati.sk\/strana-demokrati-sa-dohodla-na-predvolebnej-spolupraci-so-stranou-jablko\/\"},\"wordCount\":182,\"publisher\":{\"@id\":\"https:\/\/www.smedemokrati.sk\/#organization\"},\"image\":{\"@id\":\"https:\/\/www.smedemokrati.sk\/strana-demokrati-sa-dohodla-na-predvolebnej-spolupraci-so-stranou-jablko\/#primaryimage\"},\"thumbnailUrl\":\"https:\/\/www.smedemokrati.sk\/wp-content\/uploads\/2023\/06\/02-1.jpg\",\"articleSection\":[\"Tla\u010dov\u00e9 spr\u00e1vy\"],\"inLanguage\":\"hu-HU\"},{\"@type\":\"WebPage\",\"@id\":\"https:\/\/www.smedemokrati.sk\/strana-demokrati-sa-dohodla-na-predvolebnej-spolupraci-so-stranou-jablko\/\",\"url\":\"https:\/\/www.smedemokrati.sk\/strana-demokrati-sa-dohodla-na-predvolebnej-spolupraci-so-stranou-jablko\/\",\"name\":\"Strana Demokrati sa dohodla na predvolebnej spolupr\u00e1ci so stranou Jablko - Smedemokrati.sk\",\"isPartOf\":{\"@id\":\"https:\/\/www.smedemokrati.sk\/#website\"},\"primaryImageOfPage\":{\"@id\":\"https:\/\/www.smedemokrati.sk\/strana-demokrati-sa-dohodla-na-predvolebnej-spolupraci-so-stranou-jablko\/#primaryimage\"},\"image\":{\"@id\":\"https:\/\/www.smedemokrati.sk\/strana-demokrati-sa-dohodla-na-predvolebnej-spolupraci-so-stranou-jablko\/#primaryimage\"},\"thumbnailUrl\":\"https:\/\/www.smedemokrati.sk\/wp-content\/uploads\/2023\/06\/02-1.jpg\",\"datePublished\":\"2023-06-05T11:11:17+00:00\",\"dateModified\":\"2023-06-07T11:52:55+00:00\",\"breadcrumb\":{\"@id\":\"https:\/\/www.smedemokrati.sk\/strana-demokrati-sa-dohodla-na-predvolebnej-spolupraci-so-stranou-jablko\/#breadcrumb\"},\"inLanguage\":\"hu-HU\",\"potentialAction\":[{\"@type\":\"ReadAction\",\"target\":[\"https:\/\/www.smedemokrati.sk\/strana-demokrati-sa-dohodla-na-predvolebnej-spolupraci-so-stranou-jablko\/\"]}]},{\"@type\":\"ImageObject\",\"inLanguage\":\"hu-HU\",\"@id\":\"https:\/\/www.smedemokrati.sk\/strana-demokrati-sa-dohodla-na-predvolebnej-spolupraci-so-stranou-jablko\/#primaryimage\",\"url\":\"https:\/\/www.smedemokrati.sk\/wp-content\/uploads\/2023\/06\/02-1.jpg\",\"contentUrl\":\"https:\/\/www.smedemokrati.sk\/wp-content\/uploads\/2023\/06\/02-1.jpg\",\"width\":1600,\"height\":1068},{\"@type\":\"BreadcrumbList\",\"@id\":\"https:\/\/www.smedemokrati.sk\/strana-demokrati-sa-dohodla-na-predvolebnej-spolupraci-so-stranou-jablko\/#breadcrumb\",\"itemListElement\":[{\"@type\":\"ListItem\",\"position\":1,\"name\":\"Domovsk\u00e1 str\u00e1nka\",\"item\":\"https:\/\/www.smedemokrati.sk\/\"},{\"@type\":\"ListItem\",\"position\":2,\"name\":\"Strana Demokrati sa dohodla na predvolebnej spolupr\u00e1ci so stranou Jablko\"}]},{\"@type\":\"WebSite\",\"@id\":\"https:\/\/www.smedemokrati.sk\/#website\",\"url\":\"https:\/\/www.smedemokrati.sk\/\",\"name\":\"Smedemokrati.sk\",\"description\":\"Demokracia a slu\u0161nos\u0165 zv\u00ed\u0165az\u00ed\",\"publisher\":{\"@id\":\"https:\/\/www.smedemokrati.sk\/#organization\"},\"potentialAction\":[{\"@type\":\"SearchAction\",\"target\":{\"@type\":\"EntryPoint\",\"urlTemplate\":\"https:\/\/www.smedemokrati.sk\/?s={search_term_string}\"},\"query-input\":{\"@type\":\"PropertyValueSpecification\",\"valueRequired\":true,\"valueName\":\"search_term_string\"}}],\"inLanguage\":\"hu-HU\"},{\"@type\":\"Organization\",\"@id\":\"https:\/\/www.smedemokrati.sk\/#organization\",\"name\":\"Smedemokrati.sk\",\"url\":\"https:\/\/www.smedemokrati.sk\/\",\"logo\":{\"@type\":\"ImageObject\",\"inLanguage\":\"hu-HU\",\"@id\":\"https:\/\/www.smedemokrati.sk\/#\/schema\/logo\/image\/\",\"url\":\"https:\/\/www.smedemokrati.sk\/wp-content\/uploads\/2023\/04\/ff.002.jpeg\",\"contentUrl\":\"https:\/\/www.smedemokrati.sk\/wp-content\/uploads\/2023\/04\/ff.002.jpeg\",\"width\":640,\"height\":480,\"caption\":\"Smedemokrati.sk\"},\"image\":{\"@id\":\"https:\/\/www.smedemokrati.sk\/#\/schema\/logo\/image\/\"},\"sameAs\":[\"https:\/\/www.facebook.com\/smedemokrati2023\"]},{\"@type\":\"Person\",\"@id\":\"https:\/\/www.smedemokrati.sk\/#\/schema\/person\/c60720f4b9955b3c1ed222ebd1fbbc7c\",\"name\":\"Tom\u00e1\u0161 Koppl\",\"image\":{\"@type\":\"ImageObject\",\"inLanguage\":\"hu-HU\",\"@id\":\"https:\/\/secure.gravatar.com\/avatar\/8dfa38373c5e39821baf74c8e867a6f12e12c6dab6559aa999d10703b0b1c4ce?s=96&d=mm&r=g\",\"url\":\"https:\/\/secure.gravatar.com\/avatar\/8dfa38373c5e39821baf74c8e867a6f12e12c6dab6559aa999d10703b0b1c4ce?s=96&d=mm&r=g\",\"contentUrl\":\"https:\/\/secure.gravatar.com\/avatar\/8dfa38373c5e39821baf74c8e867a6f12e12c6dab6559aa999d10703b0b1c4ce?s=96&d=mm&r=g\",\"caption\":\"Tom\u00e1\u0161 Koppl\"},\"url\":\"https:\/\/www.smedemokrati.sk\/hu\/author\/tomaskoppl\/\"}]}<\/script>\n<!-- \/ Yoast SEO plugin. -->","yoast_head_json":{"title":"Strana Demokrati sa dohodla na predvolebnej spolupr\u00e1ci so stranou Jablko - Smedemokrati.sk","robots":{"index":"index","follow":"follow","max-snippet":"max-snippet:-1","max-image-preview":"max-image-preview:large","max-video-preview":"max-video-preview:-1"},"canonical":"https:\/\/www.smedemokrati.sk\/hu\/strana-demokrati-sa-dohodla-na-predvolebnej-spolupraci-so-stranou-jablko\/","og_locale":"hu_HU","og_type":"article","og_title":"Strana Demokrati sa dohodla na predvolebnej spolupr\u00e1ci so stranou Jablko - Smedemokrati.sk","og_description":"Obe strany bud\u00fa kandidova\u0165 na spolo\u010dnej kandid\u00e1tke. \u201eKde je v\u00f4\u013ea, tam je cesta,\u201c&nbsp;zhodnotil spojenie oboch str\u00e1n predseda Demokratov Eduard Heger.&nbsp;\u201eSpolupr\u00e1ca demokratick\u00fdch str\u00e1n je to, \u010do Slovensko potrebuje. Sp\u00e1janie s\u00edl pred pred\u010dasn\u00fdmi vo\u013ebami je cesta, ako zabr\u00e1ni\u0165 prepadnutiu hlasov demokratick\u00fdch voli\u010dov.\u201c Obe strany pri rokovan\u00ed o spolo\u010dnom postupe do volieb dali na prv\u00e9 miesto programov\u00e9 prieniky [&hellip;]","og_url":"https:\/\/www.smedemokrati.sk\/hu\/strana-demokrati-sa-dohodla-na-predvolebnej-spolupraci-so-stranou-jablko\/","og_site_name":"Smedemokrati.sk","article_publisher":"https:\/\/www.facebook.com\/smedemokrati2023","article_published_time":"2023-06-05T11:11:17+00:00","article_modified_time":"2023-06-07T11:52:55+00:00","og_image":[{"width":1600,"height":1068,"url":"https:\/\/www.smedemokrati.sk\/wp-content\/uploads\/2023\/06\/02-1.jpg","type":"image\/jpeg"}],"author":"Tom\u00e1\u0161 Koppl","twitter_card":"summary_large_image","twitter_misc":{"Szerz\u0151:":"Tom\u00e1\u0161 Koppl","Becs\u00fclt olvas\u00e1si id\u0151":"1 perc"},"schema":{"@context":"https:\/\/schema.org","@graph":[{"@type":"Article","@id":"https:\/\/www.smedemokrati.sk\/strana-demokrati-sa-dohodla-na-predvolebnej-spolupraci-so-stranou-jablko\/#article","isPartOf":{"@id":"https:\/\/www.smedemokrati.sk\/strana-demokrati-sa-dohodla-na-predvolebnej-spolupraci-so-stranou-jablko\/"},"author":{"name":"Tom\u00e1\u0161 Koppl","@id":"https:\/\/www.smedemokrati.sk\/#\/schema\/person\/c60720f4b9955b3c1ed222ebd1fbbc7c"},"headline":"Strana Demokrati sa dohodla na predvolebnej spolupr\u00e1ci so stranou Jablko","datePublished":"2023-06-05T11:11:17+00:00","dateModified":"2023-06-07T11:52:55+00:00","mainEntityOfPage":{"@id":"https:\/\/www.smedemokrati.sk\/strana-demokrati-sa-dohodla-na-predvolebnej-spolupraci-so-stranou-jablko\/"},"wordCount":182,"publisher":{"@id":"https:\/\/www.smedemokrati.sk\/#organization"},"image":{"@id":"https:\/\/www.smedemokrati.sk\/strana-demokrati-sa-dohodla-na-predvolebnej-spolupraci-so-stranou-jablko\/#primaryimage"},"thumbnailUrl":"https:\/\/www.smedemokrati.sk\/wp-content\/uploads\/2023\/06\/02-1.jpg","articleSection":["Tla\u010dov\u00e9 spr\u00e1vy"],"inLanguage":"hu-HU"},{"@type":"WebPage","@id":"https:\/\/www.smedemokrati.sk\/strana-demokrati-sa-dohodla-na-predvolebnej-spolupraci-so-stranou-jablko\/","url":"https:\/\/www.smedemokrati.sk\/strana-demokrati-sa-dohodla-na-predvolebnej-spolupraci-so-stranou-jablko\/","name":"Strana Demokrati sa dohodla na predvolebnej spolupr\u00e1ci so stranou Jablko - Smedemokrati.sk","isPartOf":{"@id":"https:\/\/www.smedemokrati.sk\/#website"},"primaryImageOfPage":{"@id":"https:\/\/www.smedemokrati.sk\/strana-demokrati-sa-dohodla-na-predvolebnej-spolupraci-so-stranou-jablko\/#primaryimage"},"image":{"@id":"https:\/\/www.smedemokrati.sk\/strana-demokrati-sa-dohodla-na-predvolebnej-spolupraci-so-stranou-jablko\/#primaryimage"},"thumbnailUrl":"https:\/\/www.smedemokrati.sk\/wp-content\/uploads\/2023\/06\/02-1.jpg","datePublished":"2023-06-05T11:11:17+00:00","dateModified":"2023-06-07T11:52:55+00:00","breadcrumb":{"@id":"https:\/\/www.smedemokrati.sk\/strana-demokrati-sa-dohodla-na-predvolebnej-spolupraci-so-stranou-jablko\/#breadcrumb"},"inLanguage":"hu-HU","potentialAction":[{"@type":"ReadAction","target":["https:\/\/www.smedemokrati.sk\/strana-demokrati-sa-dohodla-na-predvolebnej-spolupraci-so-stranou-jablko\/"]}]},{"@type":"ImageObject","inLanguage":"hu-HU","@id":"https:\/\/www.smedemokrati.sk\/strana-demokrati-sa-dohodla-na-predvolebnej-spolupraci-so-stranou-jablko\/#primaryimage","url":"https:\/\/www.smedemokrati.sk\/wp-content\/uploads\/2023\/06\/02-1.jpg","contentUrl":"https:\/\/www.smedemokrati.sk\/wp-content\/uploads\/2023\/06\/02-1.jpg","width":1600,"height":1068},{"@type":"BreadcrumbList","@id":"https:\/\/www.smedemokrati.sk\/strana-demokrati-sa-dohodla-na-predvolebnej-spolupraci-so-stranou-jablko\/#breadcrumb","itemListElement":[{"@type":"ListItem","position":1,"name":"Domovsk\u00e1 str\u00e1nka","item":"https:\/\/www.smedemokrati.sk\/"},{"@type":"ListItem","position":2,"name":"Strana Demokrati sa dohodla na predvolebnej spolupr\u00e1ci so stranou Jablko"}]},{"@type":"WebSite","@id":"https:\/\/www.smedemokrati.sk\/#website","url":"https:\/\/www.smedemokrati.sk\/","name":"Smedemokrati.sk","description":"Demokracia a slu\u0161nos\u0165 zv\u00ed\u0165az\u00ed","publisher":{"@id":"https:\/\/www.smedemokrati.sk\/#organization"},"potentialAction":[{"@type":"SearchAction","target":{"@type":"EntryPoint","urlTemplate":"https:\/\/www.smedemokrati.sk\/?s={search_term_string}"},"query-input":{"@type":"PropertyValueSpecification","valueRequired":true,"valueName":"search_term_string"}}],"inLanguage":"hu-HU"},{"@type":"Organization","@id":"https:\/\/www.smedemokrati.sk\/#organization","name":"Smedemokrati.sk","url":"https:\/\/www.smedemokrati.sk\/","logo":{"@type":"ImageObject","inLanguage":"hu-HU","@id":"https:\/\/www.smedemokrati.sk\/#\/schema\/logo\/image\/","url":"https:\/\/www.smedemokrati.sk\/wp-content\/uploads\/2023\/04\/ff.002.jpeg","contentUrl":"https:\/\/www.smedemokrati.sk\/wp-content\/uploads\/2023\/04\/ff.002.jpeg","width":640,"height":480,"caption":"Smedemokrati.sk"},"image":{"@id":"https:\/\/www.smedemokrati.sk\/#\/schema\/logo\/image\/"},"sameAs":["https:\/\/www.facebook.com\/smedemokrati2023"]},{"@type":"Person","@id":"https:\/\/www.smedemokrati.sk\/#\/schema\/person\/c60720f4b9955b3c1ed222ebd1fbbc7c","name":"Tom\u00e1\u0161 Koppl","image":{"@type":"ImageObject","inLanguage":"hu-HU","@id":"https:\/\/secure.gravatar.com\/avatar\/8dfa38373c5e39821baf74c8e867a6f12e12c6dab6559aa999d10703b0b1c4ce?s=96&d=mm&r=g","url":"https:\/\/secure.gravatar.com\/avatar\/8dfa38373c5e39821baf74c8e867a6f12e12c6dab6559aa999d10703b0b1c4ce?s=96&d=mm&r=g","contentUrl":"https:\/\/secure.gravatar.com\/avatar\/8dfa38373c5e39821baf74c8e867a6f12e12c6dab6559aa999d10703b0b1c4ce?s=96&d=mm&r=g","caption":"Tom\u00e1\u0161 Koppl"},"url":"https:\/\/www.smedemokrati.sk\/hu\/author\/tomaskoppl\/"}]}},"_links":{"self":[{"href":"https:\/\/www.smedemokrati.sk\/hu\/wp-json\/wp\/v2\/posts\/1100","targetHints":{"allow":["GET"]}}],"collection":[{"href":"https:\/\/www.smedemokrati.sk\/hu\/wp-json\/wp\/v2\/posts"}],"about":[{"href":"https:\/\/www.smedemokrati.sk\/hu\/wp-json\/wp\/v2\/types\/post"}],"author":[{"embeddable":true,"href":"https:\/\/www.smedemokrati.sk\/hu\/wp-json\/wp\/v2\/users\/7"}],"replies":[{"embeddable":true,"href":"https:\/\/www.smedemokrati.sk\/hu\/wp-json\/wp\/v2\/comments?post=1100"}],"version-history":[{"count":2,"href":"https:\/\/www.smedemokrati.sk\/hu\/wp-json\/wp\/v2\/posts\/1100\/revisions"}],"predecessor-version":[{"id":1104,"href":"https:\/\/www.smedemokrati.sk\/hu\/wp-json\/wp\/v2\/posts\/1100\/revisions\/1104"}],"wp:featuredmedia":[{"embeddable":true,"href":"https:\/\/www.smedemokrati.sk\/hu\/wp-json\/wp\/v2\/media\/1102"}],"wp:attachment":[{"href":"https:\/\/www.smedemokrati.sk\/hu\/wp-json\/wp\/v2\/media?parent=1100"}],"wp:term":[{"taxonomy":"category","embeddable":true,"href":"https:\/\/www.smedemokrati.sk\/hu\/wp-json\/wp\/v2\/categories?post=1100"},{"taxonomy":"post_tag","embeddable":true,"href":"https:\/\/www.smedemokrati.sk\/hu\/wp-json\/wp\/v2\/tags?post=1100"}],"curies":[{"name":"wp","href":"https:\/\/api.w.org\/{rel}","templated":true}]}}