{"id":1026,"date":"2023-05-29T15:26:35","date_gmt":"2023-05-29T13:26:35","guid":{"rendered":"https:\/\/www.smedemokrati.sk\/?p=1026"},"modified":"2023-05-29T18:12:44","modified_gmt":"2023-05-29T16:12:44","slug":"namiesto-drahsich-aut-navrhujeme-zelene-srotovne","status":"publish","type":"post","link":"https:\/\/www.smedemokrati.sk\/hu\/namiesto-drahsich-aut-navrhujeme-zelene-srotovne\/","title":{"rendered":"Namiesto drah\u0161\u00edch \u00e1ut navrhujeme zelen\u00e9 \u0161rotovn\u00e9"},"content":{"rendered":"<div id=\"fb-root\"><\/div>\n\n<p>Emisn\u00e1 norma Euro 7 je v s\u00fa\u010dasnej podobe pre Slovensko, ale aj \u010fal\u0161ie krajiny neprijate\u013en\u00e1. Prinesie zdra\u017eenie be\u017en\u00fdch \u00e1ut o minim\u00e1lne 2000 eur a ohroz\u00ed desa\u0165tis\u00edce pracovn\u00fdch miest. Povedal to \u010dlen predsedn\u00edctva strany Demokrati a b\u00fdval\u00fd minister hospod\u00e1rstva Karel Hirman. Demokrati odmietaj\u00fa prijatie normy Euro 7 v aktu\u00e1lnom znen\u00ed. Navrhuj\u00fa zavies\u0165 zelen\u00e9 \u0161rotovn\u00e9 na n\u00e1kup nov\u00fdch ekologick\u00fdch \u00e1ut, ktor\u00e9 m\u00f4\u017ee by\u0165 financovan\u00e9 zo Soci\u00e1lno-klimatick\u00e9ho fondu,<\/p>\n\n\n\n<p><strong>\u201eV\u010faka zelen\u00e9mu \u0161rotovn\u00e9mu si dom\u00e1cnosti bud\u00fa m\u00f4c\u0165 dovoli\u0165 nov\u00e9 aut\u00e1, ktor\u00e9 bud\u00fa ekologickej\u0161ie a bezpe\u010dnej\u0161ie a z\u00e1rove\u0148 podpor\u00ed v\u00fdrobu \u00e1ut v slovensk\u00fdch automobilk\u00e1ch a t\u00fdm p\u00e1dom aj pracovn\u00e9 miesta. Pokra\u010dujeme v na\u0161om \u00fasil\u00ed zlep\u0161i\u0165 soci\u00e1lnu situ\u00e1ciu ob\u010danov Slovenska a zv\u00fd\u0161i\u0165 dostupnos\u0165 modern\u00fdch, bezpe\u010dn\u00fdch a ekologick\u00fdch \u00e1ut,<\/strong>\u201c&nbsp;uviedol Karel Hirman.&nbsp;<\/p>\n\n\n\n<p><strong>\u201eZelen\u00e9 \u0161rotovn\u00e9 vieme financova\u0165 z nov\u00e9ho Soci\u00e1lno-klimatick\u00e9ho fondu, ktor\u00fd je okrem in\u00e9ho ur\u010den\u00fd aj na podporu n\u00edzkoemisnej a bezemisnej mobility. U\u017e po\u010das vl\u00e1dy Eduarda Hegera sa n\u00e1m podarilo v E\u00da vyrokova\u0165 1,4 mld eur z tohto fondu,<\/strong>\u201c&nbsp;povedal Michal Ki\u010da.<strong>&nbsp;\u201eV\u010faka odbornej politike dok\u00e1\u017eeme zabezpe\u010di\u0165 rozpo\u010dtovo zodpovedn\u00e9 a efekt\u00edvne financovanie opatren\u00ed, ktor\u00e9 pom\u00f4\u017eu \u017eivotn\u00e9mu prostrediu, rozvoju ekologickej mobility. Z\u00e1rove\u0148 zabr\u00e1nime tomu, aby na Slovensku \u010do i len hrozilo roz\u0161\u00edrenie pojmu dopravn\u00e1 chudoba,\u201c<\/strong>&nbsp;dodal Ki\u010da.<\/p>\n\n\n\n<p><strong>\u201eZelen\u00e1 modern\u00fdm aut\u00e1m znamen\u00e1, \u017ee d\u00f4jde k z\u00e1sadnej obmene vozov\u00e9ho parku na Slovensku. Priemern\u00fd vek auta na Slovensko je v s\u00fa\u010dasnosti 15 rokov. Slovensko je l\u00eddrom v oblasti automobilovej v\u00fdroby a preto je na\u0161ou povinnos\u0165ou podporova\u0165 technologick\u00fd rozvoj a chr\u00e1ni\u0165 automobilov\u00fd priemysel pred neuv\u00e1\u017een\u00fdmi normami. V\u010faka zelen\u00e9mu \u0161rotovn\u00e9mu by sme dok\u00e1zali u\u0161etri\u0165 ro\u010dne desiatky tis\u00edc ton CO2. Naviac, existuje ve\u013emi siln\u00e1 z\u00e1vislos\u0165 medzi vekom auta a nehodovosti a preto chceme podpori\u0165 n\u00e1kup nov\u00fdch bezpe\u010dnej\u0161\u00edch \u00e1ut,<\/strong>\u201c povedal J\u00e1n \u0160ub\u00e1k.<\/p>\n\n\n\n<p><strong>\u201eTak, ako sme vo vl\u00e1de hovorili, \u017ee norma Euro 7 ohrozuje n\u00e1\u0161 automobilov\u00fd priemysel, hovor\u00edme to aj teraz. Preto aj pri rokovaniach o programovom vyhl\u00e1sen\u00ed vl\u00e1dy premi\u00e9ra \u00d3dora, budeme presadzova\u0165 rovnak\u00e9 stanovisko vo vz\u0165ahu k norme Euro 7,\u201c&nbsp;<\/strong>informoval Andrej Stan\u010d\u00edk a dodal, \u017ee&nbsp;<strong>\u201emy v strane Demokrati nie sme t\u00ed, ktor\u00ed by len stra\u0161ili a ma\u013eovali \u010derta na stenu. Navrhujeme aj konkr\u00e9tne rie\u0161enia a rob\u00edme kon\u0161trukt\u00edvnu politiku. A t\u00fdm je teraz zelen\u00e9 \u0161rotovn\u00e9. Ak ste rodina, ktor\u00e1 m\u00e1 15-ro\u010dn\u00e9 auto, v\u010faka zelen\u00e9mu \u0161rotovn\u00e9mu z\u00edskate mo\u017enos\u0165 k\u00fapy nov\u00e9ho, bezpe\u010dnej\u0161ieho auta a naviac u\u0161etr\u00edte na pohonn\u00fdch hmot\u00e1ch.<\/strong>\u201c<\/p>\n","protected":false},"excerpt":{"rendered":"<p>Emisn\u00e1 norma Euro 7 je v s\u00fa\u010dasnej podobe pre Slovensko, ale aj \u010fal\u0161ie krajiny neprijate\u013en\u00e1. Prinesie zdra\u017eenie be\u017en\u00fdch \u00e1ut o minim\u00e1lne 2000 eur a ohroz\u00ed desa\u0165tis\u00edce pracovn\u00fdch miest. Povedal to \u010dlen predsedn\u00edctva strany Demokrati a b\u00fdval\u00fd minister hospod\u00e1rstva Karel Hirman. Demokrati odmietaj\u00fa prijatie normy Euro 7 v aktu\u00e1lnom znen\u00ed. Navrhuj\u00fa zavies\u0165 zelen\u00e9 \u0161rotovn\u00e9 na n\u00e1kup [&hellip;]<\/p>\n","protected":false},"author":7,"featured_media":1027,"comment_status":"closed","ping_status":"closed","sticky":false,"template":"","format":"standard","meta":{"_acf_changed":false,"ngg_post_thumbnail":0,"footnotes":""},"categories":[4],"tags":[],"class_list":["post-1026","post","type-post","status-publish","format-standard","has-post-thumbnail","hentry","category-tlacove-spravy"],"acf":[],"yoast_head":"<!-- This site is optimized with the Yoast SEO plugin v27.2 - https:\/\/yoast.com\/product\/yoast-seo-wordpress\/ -->\n<title>Namiesto drah\u0161\u00edch \u00e1ut navrhujeme zelen\u00e9 \u0161rotovn\u00e9 - Smedemokrati.sk<\/title>\n<meta name=\"robots\" content=\"index, follow, max-snippet:-1, max-image-preview:large, max-video-preview:-1\" \/>\n<link rel=\"canonical\" href=\"https:\/\/www.smedemokrati.sk\/hu\/namiesto-drahsich-aut-navrhujeme-zelene-srotovne\/\" \/>\n<meta property=\"og:locale\" content=\"hu_HU\" \/>\n<meta property=\"og:locale:alternate\" content=\"en_US\" \/>\n<meta property=\"og:locale:alternate\" content=\"cs_CZ\" \/>\n<meta property=\"og:locale:alternate\" content=\"sk_SK\" \/>\n<meta property=\"og:locale:alternate\" content=\"sv_SE\" \/>\n<meta property=\"og:type\" content=\"article\" \/>\n<meta property=\"og:title\" content=\"Namiesto drah\u0161\u00edch \u00e1ut navrhujeme zelen\u00e9 \u0161rotovn\u00e9 - Smedemokrati.sk\" \/>\n<meta property=\"og:description\" content=\"Emisn\u00e1 norma Euro 7 je v s\u00fa\u010dasnej podobe pre Slovensko, ale aj \u010fal\u0161ie krajiny neprijate\u013en\u00e1. Prinesie zdra\u017eenie be\u017en\u00fdch \u00e1ut o minim\u00e1lne 2000 eur a ohroz\u00ed desa\u0165tis\u00edce pracovn\u00fdch miest. Povedal to \u010dlen predsedn\u00edctva strany Demokrati a b\u00fdval\u00fd minister hospod\u00e1rstva Karel Hirman. Demokrati odmietaj\u00fa prijatie normy Euro 7 v aktu\u00e1lnom znen\u00ed. Navrhuj\u00fa zavies\u0165 zelen\u00e9 \u0161rotovn\u00e9 na n\u00e1kup [&hellip;]\" \/>\n<meta property=\"og:url\" content=\"https:\/\/www.smedemokrati.sk\/hu\/namiesto-drahsich-aut-navrhujeme-zelene-srotovne\/\" \/>\n<meta property=\"og:site_name\" content=\"Smedemokrati.sk\" \/>\n<meta property=\"article:publisher\" content=\"https:\/\/www.facebook.com\/smedemokrati2023\" \/>\n<meta property=\"article:published_time\" content=\"2023-05-29T13:26:35+00:00\" \/>\n<meta property=\"article:modified_time\" content=\"2023-05-29T16:12:44+00:00\" \/>\n<meta property=\"og:image\" content=\"https:\/\/www.smedemokrati.sk\/wp-content\/uploads\/2023\/05\/ddd.jpg\" \/>\n\t<meta property=\"og:image:width\" content=\"1916\" \/>\n\t<meta property=\"og:image:height\" content=\"1069\" \/>\n\t<meta property=\"og:image:type\" content=\"image\/jpeg\" \/>\n<meta name=\"author\" content=\"Tom\u00e1\u0161 Koppl\" \/>\n<meta name=\"twitter:card\" content=\"summary_large_image\" \/>\n<meta name=\"twitter:label1\" content=\"Szerz\u0151:\" \/>\n\t<meta name=\"twitter:data1\" content=\"Tom\u00e1\u0161 Koppl\" \/>\n\t<meta name=\"twitter:label2\" content=\"Becs\u00fclt olvas\u00e1si id\u0151\" \/>\n\t<meta name=\"twitter:data2\" content=\"2 perc\" \/>\n<script type=\"application\/ld+json\" class=\"yoast-schema-graph\">{\"@context\":\"https:\/\/schema.org\",\"@graph\":[{\"@type\":\"Article\",\"@id\":\"https:\/\/www.smedemokrati.sk\/namiesto-drahsich-aut-navrhujeme-zelene-srotovne\/#article\",\"isPartOf\":{\"@id\":\"https:\/\/www.smedemokrati.sk\/namiesto-drahsich-aut-navrhujeme-zelene-srotovne\/\"},\"author\":{\"name\":\"Tom\u00e1\u0161 Koppl\",\"@id\":\"https:\/\/www.smedemokrati.sk\/#\/schema\/person\/c60720f4b9955b3c1ed222ebd1fbbc7c\"},\"headline\":\"Namiesto drah\u0161\u00edch \u00e1ut navrhujeme zelen\u00e9 \u0161rotovn\u00e9\",\"datePublished\":\"2023-05-29T13:26:35+00:00\",\"dateModified\":\"2023-05-29T16:12:44+00:00\",\"mainEntityOfPage\":{\"@id\":\"https:\/\/www.smedemokrati.sk\/namiesto-drahsich-aut-navrhujeme-zelene-srotovne\/\"},\"wordCount\":492,\"publisher\":{\"@id\":\"https:\/\/www.smedemokrati.sk\/#organization\"},\"image\":{\"@id\":\"https:\/\/www.smedemokrati.sk\/namiesto-drahsich-aut-navrhujeme-zelene-srotovne\/#primaryimage\"},\"thumbnailUrl\":\"https:\/\/www.smedemokrati.sk\/wp-content\/uploads\/2023\/05\/ddd.jpg\",\"articleSection\":[\"Tla\u010dov\u00e9 spr\u00e1vy\"],\"inLanguage\":\"hu-HU\"},{\"@type\":\"WebPage\",\"@id\":\"https:\/\/www.smedemokrati.sk\/namiesto-drahsich-aut-navrhujeme-zelene-srotovne\/\",\"url\":\"https:\/\/www.smedemokrati.sk\/namiesto-drahsich-aut-navrhujeme-zelene-srotovne\/\",\"name\":\"Namiesto drah\u0161\u00edch \u00e1ut navrhujeme zelen\u00e9 \u0161rotovn\u00e9 - Smedemokrati.sk\",\"isPartOf\":{\"@id\":\"https:\/\/www.smedemokrati.sk\/#website\"},\"primaryImageOfPage\":{\"@id\":\"https:\/\/www.smedemokrati.sk\/namiesto-drahsich-aut-navrhujeme-zelene-srotovne\/#primaryimage\"},\"image\":{\"@id\":\"https:\/\/www.smedemokrati.sk\/namiesto-drahsich-aut-navrhujeme-zelene-srotovne\/#primaryimage\"},\"thumbnailUrl\":\"https:\/\/www.smedemokrati.sk\/wp-content\/uploads\/2023\/05\/ddd.jpg\",\"datePublished\":\"2023-05-29T13:26:35+00:00\",\"dateModified\":\"2023-05-29T16:12:44+00:00\",\"breadcrumb\":{\"@id\":\"https:\/\/www.smedemokrati.sk\/namiesto-drahsich-aut-navrhujeme-zelene-srotovne\/#breadcrumb\"},\"inLanguage\":\"hu-HU\",\"potentialAction\":[{\"@type\":\"ReadAction\",\"target\":[\"https:\/\/www.smedemokrati.sk\/namiesto-drahsich-aut-navrhujeme-zelene-srotovne\/\"]}]},{\"@type\":\"ImageObject\",\"inLanguage\":\"hu-HU\",\"@id\":\"https:\/\/www.smedemokrati.sk\/namiesto-drahsich-aut-navrhujeme-zelene-srotovne\/#primaryimage\",\"url\":\"https:\/\/www.smedemokrati.sk\/wp-content\/uploads\/2023\/05\/ddd.jpg\",\"contentUrl\":\"https:\/\/www.smedemokrati.sk\/wp-content\/uploads\/2023\/05\/ddd.jpg\",\"width\":1916,\"height\":1069},{\"@type\":\"BreadcrumbList\",\"@id\":\"https:\/\/www.smedemokrati.sk\/namiesto-drahsich-aut-navrhujeme-zelene-srotovne\/#breadcrumb\",\"itemListElement\":[{\"@type\":\"ListItem\",\"position\":1,\"name\":\"Domovsk\u00e1 str\u00e1nka\",\"item\":\"https:\/\/www.smedemokrati.sk\/\"},{\"@type\":\"ListItem\",\"position\":2,\"name\":\"Namiesto drah\u0161\u00edch \u00e1ut navrhujeme zelen\u00e9 \u0161rotovn\u00e9\"}]},{\"@type\":\"WebSite\",\"@id\":\"https:\/\/www.smedemokrati.sk\/#website\",\"url\":\"https:\/\/www.smedemokrati.sk\/\",\"name\":\"Smedemokrati.sk\",\"description\":\"Demokracia a slu\u0161nos\u0165 zv\u00ed\u0165az\u00ed\",\"publisher\":{\"@id\":\"https:\/\/www.smedemokrati.sk\/#organization\"},\"potentialAction\":[{\"@type\":\"SearchAction\",\"target\":{\"@type\":\"EntryPoint\",\"urlTemplate\":\"https:\/\/www.smedemokrati.sk\/?s={search_term_string}\"},\"query-input\":{\"@type\":\"PropertyValueSpecification\",\"valueRequired\":true,\"valueName\":\"search_term_string\"}}],\"inLanguage\":\"hu-HU\"},{\"@type\":\"Organization\",\"@id\":\"https:\/\/www.smedemokrati.sk\/#organization\",\"name\":\"Smedemokrati.sk\",\"url\":\"https:\/\/www.smedemokrati.sk\/\",\"logo\":{\"@type\":\"ImageObject\",\"inLanguage\":\"hu-HU\",\"@id\":\"https:\/\/www.smedemokrati.sk\/#\/schema\/logo\/image\/\",\"url\":\"https:\/\/www.smedemokrati.sk\/wp-content\/uploads\/2023\/04\/ff.002.jpeg\",\"contentUrl\":\"https:\/\/www.smedemokrati.sk\/wp-content\/uploads\/2023\/04\/ff.002.jpeg\",\"width\":640,\"height\":480,\"caption\":\"Smedemokrati.sk\"},\"image\":{\"@id\":\"https:\/\/www.smedemokrati.sk\/#\/schema\/logo\/image\/\"},\"sameAs\":[\"https:\/\/www.facebook.com\/smedemokrati2023\"]},{\"@type\":\"Person\",\"@id\":\"https:\/\/www.smedemokrati.sk\/#\/schema\/person\/c60720f4b9955b3c1ed222ebd1fbbc7c\",\"name\":\"Tom\u00e1\u0161 Koppl\",\"image\":{\"@type\":\"ImageObject\",\"inLanguage\":\"hu-HU\",\"@id\":\"https:\/\/secure.gravatar.com\/avatar\/8dfa38373c5e39821baf74c8e867a6f12e12c6dab6559aa999d10703b0b1c4ce?s=96&d=mm&r=g\",\"url\":\"https:\/\/secure.gravatar.com\/avatar\/8dfa38373c5e39821baf74c8e867a6f12e12c6dab6559aa999d10703b0b1c4ce?s=96&d=mm&r=g\",\"contentUrl\":\"https:\/\/secure.gravatar.com\/avatar\/8dfa38373c5e39821baf74c8e867a6f12e12c6dab6559aa999d10703b0b1c4ce?s=96&d=mm&r=g\",\"caption\":\"Tom\u00e1\u0161 Koppl\"},\"url\":\"https:\/\/www.smedemokrati.sk\/hu\/author\/tomaskoppl\/\"}]}<\/script>\n<!-- \/ Yoast SEO plugin. -->","yoast_head_json":{"title":"Namiesto drah\u0161\u00edch \u00e1ut navrhujeme zelen\u00e9 \u0161rotovn\u00e9 - Smedemokrati.sk","robots":{"index":"index","follow":"follow","max-snippet":"max-snippet:-1","max-image-preview":"max-image-preview:large","max-video-preview":"max-video-preview:-1"},"canonical":"https:\/\/www.smedemokrati.sk\/hu\/namiesto-drahsich-aut-navrhujeme-zelene-srotovne\/","og_locale":"hu_HU","og_type":"article","og_title":"Namiesto drah\u0161\u00edch \u00e1ut navrhujeme zelen\u00e9 \u0161rotovn\u00e9 - Smedemokrati.sk","og_description":"Emisn\u00e1 norma Euro 7 je v s\u00fa\u010dasnej podobe pre Slovensko, ale aj \u010fal\u0161ie krajiny neprijate\u013en\u00e1. Prinesie zdra\u017eenie be\u017en\u00fdch \u00e1ut o minim\u00e1lne 2000 eur a ohroz\u00ed desa\u0165tis\u00edce pracovn\u00fdch miest. Povedal to \u010dlen predsedn\u00edctva strany Demokrati a b\u00fdval\u00fd minister hospod\u00e1rstva Karel Hirman. Demokrati odmietaj\u00fa prijatie normy Euro 7 v aktu\u00e1lnom znen\u00ed. Navrhuj\u00fa zavies\u0165 zelen\u00e9 \u0161rotovn\u00e9 na n\u00e1kup [&hellip;]","og_url":"https:\/\/www.smedemokrati.sk\/hu\/namiesto-drahsich-aut-navrhujeme-zelene-srotovne\/","og_site_name":"Smedemokrati.sk","article_publisher":"https:\/\/www.facebook.com\/smedemokrati2023","article_published_time":"2023-05-29T13:26:35+00:00","article_modified_time":"2023-05-29T16:12:44+00:00","og_image":[{"width":1916,"height":1069,"url":"https:\/\/www.smedemokrati.sk\/wp-content\/uploads\/2023\/05\/ddd.jpg","type":"image\/jpeg"}],"author":"Tom\u00e1\u0161 Koppl","twitter_card":"summary_large_image","twitter_misc":{"Szerz\u0151:":"Tom\u00e1\u0161 Koppl","Becs\u00fclt olvas\u00e1si id\u0151":"2 perc"},"schema":{"@context":"https:\/\/schema.org","@graph":[{"@type":"Article","@id":"https:\/\/www.smedemokrati.sk\/namiesto-drahsich-aut-navrhujeme-zelene-srotovne\/#article","isPartOf":{"@id":"https:\/\/www.smedemokrati.sk\/namiesto-drahsich-aut-navrhujeme-zelene-srotovne\/"},"author":{"name":"Tom\u00e1\u0161 Koppl","@id":"https:\/\/www.smedemokrati.sk\/#\/schema\/person\/c60720f4b9955b3c1ed222ebd1fbbc7c"},"headline":"Namiesto drah\u0161\u00edch \u00e1ut navrhujeme zelen\u00e9 \u0161rotovn\u00e9","datePublished":"2023-05-29T13:26:35+00:00","dateModified":"2023-05-29T16:12:44+00:00","mainEntityOfPage":{"@id":"https:\/\/www.smedemokrati.sk\/namiesto-drahsich-aut-navrhujeme-zelene-srotovne\/"},"wordCount":492,"publisher":{"@id":"https:\/\/www.smedemokrati.sk\/#organization"},"image":{"@id":"https:\/\/www.smedemokrati.sk\/namiesto-drahsich-aut-navrhujeme-zelene-srotovne\/#primaryimage"},"thumbnailUrl":"https:\/\/www.smedemokrati.sk\/wp-content\/uploads\/2023\/05\/ddd.jpg","articleSection":["Tla\u010dov\u00e9 spr\u00e1vy"],"inLanguage":"hu-HU"},{"@type":"WebPage","@id":"https:\/\/www.smedemokrati.sk\/namiesto-drahsich-aut-navrhujeme-zelene-srotovne\/","url":"https:\/\/www.smedemokrati.sk\/namiesto-drahsich-aut-navrhujeme-zelene-srotovne\/","name":"Namiesto drah\u0161\u00edch \u00e1ut navrhujeme zelen\u00e9 \u0161rotovn\u00e9 - Smedemokrati.sk","isPartOf":{"@id":"https:\/\/www.smedemokrati.sk\/#website"},"primaryImageOfPage":{"@id":"https:\/\/www.smedemokrati.sk\/namiesto-drahsich-aut-navrhujeme-zelene-srotovne\/#primaryimage"},"image":{"@id":"https:\/\/www.smedemokrati.sk\/namiesto-drahsich-aut-navrhujeme-zelene-srotovne\/#primaryimage"},"thumbnailUrl":"https:\/\/www.smedemokrati.sk\/wp-content\/uploads\/2023\/05\/ddd.jpg","datePublished":"2023-05-29T13:26:35+00:00","dateModified":"2023-05-29T16:12:44+00:00","breadcrumb":{"@id":"https:\/\/www.smedemokrati.sk\/namiesto-drahsich-aut-navrhujeme-zelene-srotovne\/#breadcrumb"},"inLanguage":"hu-HU","potentialAction":[{"@type":"ReadAction","target":["https:\/\/www.smedemokrati.sk\/namiesto-drahsich-aut-navrhujeme-zelene-srotovne\/"]}]},{"@type":"ImageObject","inLanguage":"hu-HU","@id":"https:\/\/www.smedemokrati.sk\/namiesto-drahsich-aut-navrhujeme-zelene-srotovne\/#primaryimage","url":"https:\/\/www.smedemokrati.sk\/wp-content\/uploads\/2023\/05\/ddd.jpg","contentUrl":"https:\/\/www.smedemokrati.sk\/wp-content\/uploads\/2023\/05\/ddd.jpg","width":1916,"height":1069},{"@type":"BreadcrumbList","@id":"https:\/\/www.smedemokrati.sk\/namiesto-drahsich-aut-navrhujeme-zelene-srotovne\/#breadcrumb","itemListElement":[{"@type":"ListItem","position":1,"name":"Domovsk\u00e1 str\u00e1nka","item":"https:\/\/www.smedemokrati.sk\/"},{"@type":"ListItem","position":2,"name":"Namiesto drah\u0161\u00edch \u00e1ut navrhujeme zelen\u00e9 \u0161rotovn\u00e9"}]},{"@type":"WebSite","@id":"https:\/\/www.smedemokrati.sk\/#website","url":"https:\/\/www.smedemokrati.sk\/","name":"Smedemokrati.sk","description":"Demokracia a slu\u0161nos\u0165 zv\u00ed\u0165az\u00ed","publisher":{"@id":"https:\/\/www.smedemokrati.sk\/#organization"},"potentialAction":[{"@type":"SearchAction","target":{"@type":"EntryPoint","urlTemplate":"https:\/\/www.smedemokrati.sk\/?s={search_term_string}"},"query-input":{"@type":"PropertyValueSpecification","valueRequired":true,"valueName":"search_term_string"}}],"inLanguage":"hu-HU"},{"@type":"Organization","@id":"https:\/\/www.smedemokrati.sk\/#organization","name":"Smedemokrati.sk","url":"https:\/\/www.smedemokrati.sk\/","logo":{"@type":"ImageObject","inLanguage":"hu-HU","@id":"https:\/\/www.smedemokrati.sk\/#\/schema\/logo\/image\/","url":"https:\/\/www.smedemokrati.sk\/wp-content\/uploads\/2023\/04\/ff.002.jpeg","contentUrl":"https:\/\/www.smedemokrati.sk\/wp-content\/uploads\/2023\/04\/ff.002.jpeg","width":640,"height":480,"caption":"Smedemokrati.sk"},"image":{"@id":"https:\/\/www.smedemokrati.sk\/#\/schema\/logo\/image\/"},"sameAs":["https:\/\/www.facebook.com\/smedemokrati2023"]},{"@type":"Person","@id":"https:\/\/www.smedemokrati.sk\/#\/schema\/person\/c60720f4b9955b3c1ed222ebd1fbbc7c","name":"Tom\u00e1\u0161 Koppl","image":{"@type":"ImageObject","inLanguage":"hu-HU","@id":"https:\/\/secure.gravatar.com\/avatar\/8dfa38373c5e39821baf74c8e867a6f12e12c6dab6559aa999d10703b0b1c4ce?s=96&d=mm&r=g","url":"https:\/\/secure.gravatar.com\/avatar\/8dfa38373c5e39821baf74c8e867a6f12e12c6dab6559aa999d10703b0b1c4ce?s=96&d=mm&r=g","contentUrl":"https:\/\/secure.gravatar.com\/avatar\/8dfa38373c5e39821baf74c8e867a6f12e12c6dab6559aa999d10703b0b1c4ce?s=96&d=mm&r=g","caption":"Tom\u00e1\u0161 Koppl"},"url":"https:\/\/www.smedemokrati.sk\/hu\/author\/tomaskoppl\/"}]}},"_links":{"self":[{"href":"https:\/\/www.smedemokrati.sk\/hu\/wp-json\/wp\/v2\/posts\/1026","targetHints":{"allow":["GET"]}}],"collection":[{"href":"https:\/\/www.smedemokrati.sk\/hu\/wp-json\/wp\/v2\/posts"}],"about":[{"href":"https:\/\/www.smedemokrati.sk\/hu\/wp-json\/wp\/v2\/types\/post"}],"author":[{"embeddable":true,"href":"https:\/\/www.smedemokrati.sk\/hu\/wp-json\/wp\/v2\/users\/7"}],"replies":[{"embeddable":true,"href":"https:\/\/www.smedemokrati.sk\/hu\/wp-json\/wp\/v2\/comments?post=1026"}],"version-history":[{"count":3,"href":"https:\/\/www.smedemokrati.sk\/hu\/wp-json\/wp\/v2\/posts\/1026\/revisions"}],"predecessor-version":[{"id":1032,"href":"https:\/\/www.smedemokrati.sk\/hu\/wp-json\/wp\/v2\/posts\/1026\/revisions\/1032"}],"wp:featuredmedia":[{"embeddable":true,"href":"https:\/\/www.smedemokrati.sk\/hu\/wp-json\/wp\/v2\/media\/1027"}],"wp:attachment":[{"href":"https:\/\/www.smedemokrati.sk\/hu\/wp-json\/wp\/v2\/media?parent=1026"}],"wp:term":[{"taxonomy":"category","embeddable":true,"href":"https:\/\/www.smedemokrati.sk\/hu\/wp-json\/wp\/v2\/categories?post=1026"},{"taxonomy":"post_tag","embeddable":true,"href":"https:\/\/www.smedemokrati.sk\/hu\/wp-json\/wp\/v2\/tags?post=1026"}],"curies":[{"name":"wp","href":"https:\/\/api.w.org\/{rel}","templated":true}]}}