{"id":10006,"date":"2026-08-31T16:26:10","date_gmt":"2026-08-31T15:26:10","guid":{"rendered":"https:\/\/www.smedemokrati.sk\/?p=10006"},"modified":"2026-08-31T16:26:11","modified_gmt":"2026-08-31T15:26:11","slug":"gabcikovske-turbiny-podla-fica-neskoro-a-drahsie-o-100-mil-eur","status":"publish","type":"post","link":"https:\/\/www.smedemokrati.sk\/hu\/gabcikovske-turbiny-podla-fica-neskoro-a-drahsie-o-100-mil-eur\/","title":{"rendered":"Gab\u010d\u00edkovsk\u00e9 turb\u00edny pod\u013ea Fica: neskoro a drah\u0161ie o 100 mil. eur"},"content":{"rendered":"<div id=\"fb-root\"><\/div>\n\n<p class=\"wp-block-paragraph\"><strong>V\u00fdmena Gab\u010d\u00edkovsk\u00fdch turb\u00edn mala by\u0165 vlajkovou lo\u010fou viacer\u00fdch Ficov\u00fdch vl\u00e1d. Ani po dne\u0161nej PR akcii Fica s Tarabom neboli zodpovedan\u00e9 k\u013e\u00fa\u010dov\u00e9 ot\u00e1zky t\u00fdkaj\u00face sa tendra na v\u00fdmenu turb\u00edn a moderniz\u00e1ciu vodnej elektr\u00e1rne Gab\u010d\u00edkovo. Oproti predpokladanej hodnote z\u00e1kazky 371 mil. eur st\u00fapla fin\u00e1lna cena na viac ako 465 mil. eur, teda o 95 mil. eur, pri\u010dom z\u00e1kazku vyhralo konzorcium rak\u00faskej spolo\u010dnosti a V\u00daJE, a.s.. Demokrati vyz\u00fdvaj\u00fa na bezodkladn\u00e9 vysvetlenie n\u00e1rastu ceny ako aj podrobnosti o samotnom verejnom obstar\u00e1van\u00ed, ktor\u00e9 sa konalo v tzv. rokovacom konan\u00ed bez zverejnenia. Vo veci podali Demokrati prostredn\u00edctvom poslanca NR SR \u013dubom\u00edra Galka aj interpel\u00e1ciu premi\u00e9rovi Ficovi a ministrovi Tarabovi.&nbsp;<\/strong><\/p>\n\n\n\n<p class=\"wp-block-paragraph\">Cena \u201evlajkovej lode\u201d Roberta Fica po\u010das jeho \u0161tvrtej vl\u00e1dy poriadne narast\u00e1. K\u00fdm koncom roku 2023 Taraba odhadoval n\u00e1klady na v\u00fdmenu turb\u00edn na 230 mil. eur, n\u00e1sledne st\u00fapla na 350 mil. eur, aby v materi\u00e1li ku strategickej invest\u00edcii z febru\u00e1ra 2025 nar\u00e1stla na 360 mil., pri\u010dom na po\u010diatku posledn\u00e9ho obstar\u00e1vania bola predpokladan\u00e1 cena 371 mil. Eur.<\/p>\n\n\n\n<p class=\"wp-block-paragraph\">Oproti odhadom na za\u010diatku Ficovej vl\u00e1dy ide o nav\u00fd\u0161enie o 235 mil. eur. \u00da\u010delom verejn\u00e9ho obstar\u00e1vania by malo by\u0165 n\u00e1jdenie najlacnej\u0161ieho rie\u0161enia, av\u0161ak tu vid\u00edme presn\u00fd opak, pri\u010dom s\u00fa\u0165a\u017e na turb\u00edny bola zru\u0161en\u00e1 po\u010das tejto vl\u00e1dy. Vodohospod\u00e1rska v\u00fdstavba tak\u00fdto astronomick\u00fd n\u00e1rast oproti predpokladom pri vyhl\u00e1sen\u00ed posledn\u00e9ho verejn\u00e9ho obstar\u00e1vania nijako d\u00f4veryhodne nevysvetlila.<\/p>\n\n\n\n<p class=\"wp-block-paragraph\">\u201e<em>\u017diadame o bezodkladn\u00e9 podrobn\u00e9 objasnenie skoro 100 mil. eur nav\u00fd\u0161enia ceny, ako aj vysvetlenie, v akom pomere bud\u00fa dod\u00e1vate\u013emi jednotliv\u00ed \u010dlenovia konzorcia. Taktie\u017e \u017eiadame o zverejnenie podrobnost\u00ed z procesu verejn\u00e9ho obstar\u00e1vania, ke\u010f\u017ee zatia\u013e sme sa dozvedeli, \u017ee mali by\u0165 podan\u00e9 tri ponuky, av\u0161ak nevieme v akej v\u00fd\u0161ke a rovnako nie je zn\u00e1me zd\u00f4vodnenie v\u00fdberu \u00faspe\u0161n\u00e9ho konzorcia,<\/em>\u201d uv\u00e1dza Michal Ki\u010da, podpredseda Demokratov.\u00a0<\/p>\n\n\n\n<p class=\"wp-block-paragraph\">Upozor\u0148ujeme, \u017ee v\u00ed\u0165azom je konzorcium, ktor\u00e9ho s\u00fa\u010das\u0165ou je aj spolo\u010dnos\u0165 V\u00daJE, a.s. Doned\u00e1vna vysokopostaven\u00fd zamestnanec tejto spolo\u010dnosti bol v decembri 2025 na n\u00e1vrh premi\u00e9ra vymenovan\u00fd za splnomocnenca vl\u00e1dy pre rozvoj jadrovej energetiky, pri\u010dom dovtedy mal p\u00f4sobi\u0165 ako jeho poradca. Fico s predstavite\u013emi spolo\u010dnosti opakovane verejne vystupoval, napr. pri sumite o jadrovej energetike vo Franc\u00fazsku alebo pri podpise memoranda k modul\u00e1rnym reaktorom. O to viac je na mieste podrobne vysvetli\u0165 n\u00e1rast kone\u010dnej ceny a podrobnosti verejn\u00e9ho obstar\u00e1vania.&nbsp;<\/p>\n\n\n\n<p class=\"wp-block-paragraph\">Ot\u00e1zniky vzbudzuje aj finan\u010dn\u00e1 udr\u017eate\u013enos\u0165 invest\u00edcie, ke\u010f\u017ee m\u00e1 by\u0165 financovan\u00e1 z vlastn\u00fdch prostriedkov podniku, ktor\u00fd ale uzavrel 10 ro\u010dn\u00fd kontrakt na predaj elektriny pre spolo\u010dnos\u0165 Slovalco, ktor\u00e9ho podstatn\u00e9 \u010dasti ostali utajen\u00e9. \u201e<em>Pova\u017eujeme za neakceptovate\u013en\u00e9, aby k\u013e\u00fa\u010dov\u00e9 ot\u00e1zky a najm\u00e4 zd\u00f4vodnenie enormn\u00e9ho n\u00e1rastu ceny ostali bez vysvetlenia. Preto sme sa prostredn\u00edctvom poslanca NR SR \u013dubom\u00edra Galka obr\u00e1tili na premi\u00e9ra Fica a ministra Tarabu aj s podrobnou poslaneckou interpel\u00e1ciou,<\/em>\u201d uzavrel Michal Ki\u010da.\u00a0<\/p>\n","protected":false},"excerpt":{"rendered":"<p>V\u00fdmena Gab\u010d\u00edkovsk\u00fdch turb\u00edn mala by\u0165 vlajkovou lo\u010fou viacer\u00fdch Ficov\u00fdch vl\u00e1d. Ani po dne\u0161nej PR akcii Fica s Tarabom neboli zodpovedan\u00e9 k\u013e\u00fa\u010dov\u00e9 ot\u00e1zky t\u00fdkaj\u00face sa tendra na v\u00fdmenu turb\u00edn a moderniz\u00e1ciu vodnej elektr\u00e1rne Gab\u010d\u00edkovo. Oproti predpokladanej hodnote z\u00e1kazky 371 mil. eur st\u00fapla fin\u00e1lna cena na viac ako 465 mil. eur, teda o 95 mil. eur, pri\u010dom [&hellip;]<\/p>\n","protected":false},"author":13,"featured_media":10007,"comment_status":"closed","ping_status":"closed","sticky":false,"template":"","format":"standard","meta":{"_acf_changed":false,"ngg_post_thumbnail":0,"footnotes":""},"categories":[4],"tags":[],"class_list":["post-10006","post","type-post","status-publish","format-standard","has-post-thumbnail","hentry","category-tlacove-spravy"],"acf":[],"yoast_head":"<!-- This site is optimized with the Yoast SEO plugin v28.4 - https:\/\/yoast.com\/product\/yoast-seo-wordpress\/ -->\n<title>Gab\u010d\u00edkovsk\u00e9 turb\u00edny pod\u013ea Fica: neskoro a drah\u0161ie o 100 mil. eur<\/title>\n<meta name=\"robots\" content=\"index, follow, max-snippet:-1, max-image-preview:large, max-video-preview:-1\" \/>\n<link rel=\"canonical\" href=\"https:\/\/www.smedemokrati.sk\/hu\/gabcikovske-turbiny-podla-fica-neskoro-a-drahsie-o-100-mil-eur\/\" \/>\n<meta property=\"og:locale\" content=\"hu_HU\" \/>\n<meta property=\"og:locale:alternate\" content=\"en_US\" \/>\n<meta property=\"og:locale:alternate\" content=\"cs_CZ\" \/>\n<meta property=\"og:locale:alternate\" content=\"sk_SK\" \/>\n<meta property=\"og:locale:alternate\" content=\"sv_SE\" \/>\n<meta property=\"og:type\" content=\"article\" \/>\n<meta property=\"og:title\" content=\"Gab\u010d\u00edkovsk\u00e9 turb\u00edny pod\u013ea Fica: neskoro a drah\u0161ie o 100 mil. eur\" \/>\n<meta property=\"og:description\" content=\"V\u00fdmena Gab\u010d\u00edkovsk\u00fdch turb\u00edn mala by\u0165 vlajkovou lo\u010fou viacer\u00fdch Ficov\u00fdch vl\u00e1d. Ani po dne\u0161nej PR akcii Fica s Tarabom neboli zodpovedan\u00e9 k\u013e\u00fa\u010dov\u00e9 ot\u00e1zky t\u00fdkaj\u00face sa tendra na v\u00fdmenu turb\u00edn a moderniz\u00e1ciu vodnej elektr\u00e1rne Gab\u010d\u00edkovo. Oproti predpokladanej hodnote z\u00e1kazky 371 mil. eur st\u00fapla fin\u00e1lna cena na viac ako 465 mil. eur, teda o 95 mil. eur, pri\u010dom [&hellip;]\" \/>\n<meta property=\"og:url\" content=\"https:\/\/www.smedemokrati.sk\/hu\/gabcikovske-turbiny-podla-fica-neskoro-a-drahsie-o-100-mil-eur\/\" \/>\n<meta property=\"og:site_name\" content=\"Smedemokrati.sk\" \/>\n<meta property=\"article:publisher\" content=\"https:\/\/www.facebook.com\/smedemokrati2023\" \/>\n<meta property=\"article:published_time\" content=\"2026-08-31T15:26:10+00:00\" \/>\n<meta property=\"article:modified_time\" content=\"2026-08-31T15:26:11+00:00\" \/>\n<meta property=\"og:image\" content=\"https:\/\/www.smedemokrati.sk\/wp-content\/uploads\/2026\/08\/Fico-a-Taraba.webp\" \/>\n\t<meta property=\"og:image:width\" content=\"1454\" \/>\n\t<meta property=\"og:image:height\" content=\"927\" \/>\n\t<meta property=\"og:image:type\" content=\"image\/webp\" \/>\n<meta name=\"author\" content=\"miro.sopko\" \/>\n<meta name=\"twitter:card\" content=\"summary_large_image\" \/>\n<meta name=\"twitter:label1\" content=\"Szerz\u0151:\" \/>\n\t<meta name=\"twitter:data1\" content=\"miro.sopko\" \/>\n\t<meta name=\"twitter:label2\" content=\"Becs\u00fclt olvas\u00e1si id\u0151\" \/>\n\t<meta name=\"twitter:data2\" content=\"3 perc\" \/>\n<script type=\"application\/ld+json\" class=\"yoast-schema-graph\">{\"@context\":\"https:\\\/\\\/schema.org\",\"@graph\":[{\"@type\":\"Article\",\"@id\":\"https:\\\/\\\/www.smedemokrati.sk\\\/gabcikovske-turbiny-podla-fica-neskoro-a-drahsie-o-100-mil-eur\\\/#article\",\"isPartOf\":{\"@id\":\"https:\\\/\\\/www.smedemokrati.sk\\\/gabcikovske-turbiny-podla-fica-neskoro-a-drahsie-o-100-mil-eur\\\/\"},\"author\":{\"name\":\"miro.sopko\",\"@id\":\"https:\\\/\\\/www.smedemokrati.sk\\\/#\\\/schema\\\/person\\\/21f147c88d605aa7ded900e1e7c344ba\"},\"headline\":\"Gab\u010d\u00edkovsk\u00e9 turb\u00edny pod\u013ea Fica: neskoro a drah\u0161ie o 100 mil. eur\",\"datePublished\":\"2026-08-31T15:26:10+00:00\",\"dateModified\":\"2026-08-31T15:26:11+00:00\",\"mainEntityOfPage\":{\"@id\":\"https:\\\/\\\/www.smedemokrati.sk\\\/gabcikovske-turbiny-podla-fica-neskoro-a-drahsie-o-100-mil-eur\\\/\"},\"wordCount\":557,\"publisher\":{\"@id\":\"https:\\\/\\\/www.smedemokrati.sk\\\/#organization\"},\"image\":{\"@id\":\"https:\\\/\\\/www.smedemokrati.sk\\\/gabcikovske-turbiny-podla-fica-neskoro-a-drahsie-o-100-mil-eur\\\/#primaryimage\"},\"thumbnailUrl\":\"https:\\\/\\\/www.smedemokrati.sk\\\/wp-content\\\/uploads\\\/2026\\\/08\\\/Fico-a-Taraba.webp\",\"articleSection\":[\"Tla\u010dov\u00e9 spr\u00e1vy\"],\"inLanguage\":\"hu-HU\"},{\"@type\":\"WebPage\",\"@id\":\"https:\\\/\\\/www.smedemokrati.sk\\\/gabcikovske-turbiny-podla-fica-neskoro-a-drahsie-o-100-mil-eur\\\/\",\"url\":\"https:\\\/\\\/www.smedemokrati.sk\\\/gabcikovske-turbiny-podla-fica-neskoro-a-drahsie-o-100-mil-eur\\\/\",\"name\":\"Gab\u010d\u00edkovsk\u00e9 turb\u00edny pod\u013ea Fica: neskoro a drah\u0161ie o 100 mil. eur\",\"isPartOf\":{\"@id\":\"https:\\\/\\\/www.smedemokrati.sk\\\/#website\"},\"primaryImageOfPage\":{\"@id\":\"https:\\\/\\\/www.smedemokrati.sk\\\/gabcikovske-turbiny-podla-fica-neskoro-a-drahsie-o-100-mil-eur\\\/#primaryimage\"},\"image\":{\"@id\":\"https:\\\/\\\/www.smedemokrati.sk\\\/gabcikovske-turbiny-podla-fica-neskoro-a-drahsie-o-100-mil-eur\\\/#primaryimage\"},\"thumbnailUrl\":\"https:\\\/\\\/www.smedemokrati.sk\\\/wp-content\\\/uploads\\\/2026\\\/08\\\/Fico-a-Taraba.webp\",\"datePublished\":\"2026-08-31T15:26:10+00:00\",\"dateModified\":\"2026-08-31T15:26:11+00:00\",\"breadcrumb\":{\"@id\":\"https:\\\/\\\/www.smedemokrati.sk\\\/gabcikovske-turbiny-podla-fica-neskoro-a-drahsie-o-100-mil-eur\\\/#breadcrumb\"},\"inLanguage\":\"hu-HU\",\"potentialAction\":[{\"@type\":\"ReadAction\",\"target\":[\"https:\\\/\\\/www.smedemokrati.sk\\\/gabcikovske-turbiny-podla-fica-neskoro-a-drahsie-o-100-mil-eur\\\/\"]}]},{\"@type\":\"ImageObject\",\"inLanguage\":\"hu-HU\",\"@id\":\"https:\\\/\\\/www.smedemokrati.sk\\\/gabcikovske-turbiny-podla-fica-neskoro-a-drahsie-o-100-mil-eur\\\/#primaryimage\",\"url\":\"https:\\\/\\\/www.smedemokrati.sk\\\/wp-content\\\/uploads\\\/2026\\\/08\\\/Fico-a-Taraba.webp\",\"contentUrl\":\"https:\\\/\\\/www.smedemokrati.sk\\\/wp-content\\\/uploads\\\/2026\\\/08\\\/Fico-a-Taraba.webp\",\"width\":1454,\"height\":927},{\"@type\":\"BreadcrumbList\",\"@id\":\"https:\\\/\\\/www.smedemokrati.sk\\\/gabcikovske-turbiny-podla-fica-neskoro-a-drahsie-o-100-mil-eur\\\/#breadcrumb\",\"itemListElement\":[{\"@type\":\"ListItem\",\"position\":1,\"name\":\"Domovsk\u00e1 str\u00e1nka\",\"item\":\"https:\\\/\\\/www.smedemokrati.sk\\\/\"},{\"@type\":\"ListItem\",\"position\":2,\"name\":\"Gab\u010d\u00edkovsk\u00e9 turb\u00edny pod\u013ea Fica: neskoro a drah\u0161ie o 100 mil. eur\"}]},{\"@type\":\"WebSite\",\"@id\":\"https:\\\/\\\/www.smedemokrati.sk\\\/#website\",\"url\":\"https:\\\/\\\/www.smedemokrati.sk\\\/\",\"name\":\"Smedemokrati.sk\",\"description\":\"Demokracia a slu\u0161nos\u0165 zv\u00ed\u0165az\u00ed\",\"publisher\":{\"@id\":\"https:\\\/\\\/www.smedemokrati.sk\\\/#organization\"},\"potentialAction\":[{\"@type\":\"SearchAction\",\"target\":{\"@type\":\"EntryPoint\",\"urlTemplate\":\"https:\\\/\\\/www.smedemokrati.sk\\\/?s={search_term_string}\"},\"query-input\":{\"@type\":\"PropertyValueSpecification\",\"valueRequired\":true,\"valueName\":\"search_term_string\"}}],\"inLanguage\":\"hu-HU\"},{\"@type\":\"Organization\",\"@id\":\"https:\\\/\\\/www.smedemokrati.sk\\\/#organization\",\"name\":\"Smedemokrati.sk\",\"url\":\"https:\\\/\\\/www.smedemokrati.sk\\\/\",\"logo\":{\"@type\":\"ImageObject\",\"inLanguage\":\"hu-HU\",\"@id\":\"https:\\\/\\\/www.smedemokrati.sk\\\/#\\\/schema\\\/logo\\\/image\\\/\",\"url\":\"https:\\\/\\\/www.smedemokrati.sk\\\/wp-content\\\/uploads\\\/2023\\\/04\\\/ff.002.jpeg\",\"contentUrl\":\"https:\\\/\\\/www.smedemokrati.sk\\\/wp-content\\\/uploads\\\/2023\\\/04\\\/ff.002.jpeg\",\"width\":640,\"height\":480,\"caption\":\"Smedemokrati.sk\"},\"image\":{\"@id\":\"https:\\\/\\\/www.smedemokrati.sk\\\/#\\\/schema\\\/logo\\\/image\\\/\"},\"sameAs\":[\"https:\\\/\\\/www.facebook.com\\\/smedemokrati2023\"]},{\"@type\":\"Person\",\"@id\":\"https:\\\/\\\/www.smedemokrati.sk\\\/#\\\/schema\\\/person\\\/21f147c88d605aa7ded900e1e7c344ba\",\"name\":\"miro.sopko\",\"image\":{\"@type\":\"ImageObject\",\"inLanguage\":\"hu-HU\",\"@id\":\"https:\\\/\\\/secure.gravatar.com\\\/avatar\\\/267e4a36f704376c109afe3a78740c1f5dd8675a2180a908699e7863c9247606?s=96&d=mm&r=g\",\"url\":\"https:\\\/\\\/secure.gravatar.com\\\/avatar\\\/267e4a36f704376c109afe3a78740c1f5dd8675a2180a908699e7863c9247606?s=96&d=mm&r=g\",\"contentUrl\":\"https:\\\/\\\/secure.gravatar.com\\\/avatar\\\/267e4a36f704376c109afe3a78740c1f5dd8675a2180a908699e7863c9247606?s=96&d=mm&r=g\",\"caption\":\"miro.sopko\"},\"url\":\"https:\\\/\\\/www.smedemokrati.sk\\\/hu\\\/author\\\/miro-sopko\\\/\"}]}<\/script>\n<!-- \/ Yoast SEO plugin. -->","yoast_head_json":{"title":"Gab\u010d\u00edkovsk\u00e9 turb\u00edny pod\u013ea Fica: neskoro a drah\u0161ie o 100 mil. eur","robots":{"index":"index","follow":"follow","max-snippet":"max-snippet:-1","max-image-preview":"max-image-preview:large","max-video-preview":"max-video-preview:-1"},"canonical":"https:\/\/www.smedemokrati.sk\/hu\/gabcikovske-turbiny-podla-fica-neskoro-a-drahsie-o-100-mil-eur\/","og_locale":"hu_HU","og_type":"article","og_title":"[:sk]Gab\u010d\u00edkovsk\u00e9 turb\u00edny pod\u013ea Fica: neskoro a drah\u0161ie o 100 mil. eur[:] - Smedemokrati.sk","og_description":"V\u00fdmena Gab\u010d\u00edkovsk\u00fdch turb\u00edn mala by\u0165 vlajkovou lo\u010fou viacer\u00fdch Ficov\u00fdch vl\u00e1d. Ani po dne\u0161nej PR akcii Fica s Tarabom neboli zodpovedan\u00e9 k\u013e\u00fa\u010dov\u00e9 ot\u00e1zky t\u00fdkaj\u00face sa tendra na v\u00fdmenu turb\u00edn a moderniz\u00e1ciu vodnej elektr\u00e1rne Gab\u010d\u00edkovo. Oproti predpokladanej hodnote z\u00e1kazky 371 mil. eur st\u00fapla fin\u00e1lna cena na viac ako 465 mil. eur, teda o 95 mil. eur, pri\u010dom [&hellip;]","og_url":"https:\/\/www.smedemokrati.sk\/hu\/gabcikovske-turbiny-podla-fica-neskoro-a-drahsie-o-100-mil-eur\/","og_site_name":"Smedemokrati.sk","article_publisher":"https:\/\/www.facebook.com\/smedemokrati2023","article_published_time":"2026-08-31T15:26:10+00:00","article_modified_time":"2026-08-31T15:26:11+00:00","og_image":[{"width":1454,"height":927,"url":"https:\/\/www.smedemokrati.sk\/wp-content\/uploads\/2026\/08\/Fico-a-Taraba.webp","type":"image\/webp"}],"author":"miro.sopko","twitter_card":"summary_large_image","twitter_misc":{"Szerz\u0151:":"miro.sopko","Becs\u00fclt olvas\u00e1si id\u0151":"3 perc"},"schema":{"@context":"https:\/\/schema.org","@graph":[{"@type":"Article","@id":"https:\/\/www.smedemokrati.sk\/gabcikovske-turbiny-podla-fica-neskoro-a-drahsie-o-100-mil-eur\/#article","isPartOf":{"@id":"https:\/\/www.smedemokrati.sk\/gabcikovske-turbiny-podla-fica-neskoro-a-drahsie-o-100-mil-eur\/"},"author":{"name":"miro.sopko","@id":"https:\/\/www.smedemokrati.sk\/#\/schema\/person\/21f147c88d605aa7ded900e1e7c344ba"},"headline":"Gab\u010d\u00edkovsk\u00e9 turb\u00edny pod\u013ea Fica: neskoro a drah\u0161ie o 100 mil. eur","datePublished":"2026-08-31T15:26:10+00:00","dateModified":"2026-08-31T15:26:11+00:00","mainEntityOfPage":{"@id":"https:\/\/www.smedemokrati.sk\/gabcikovske-turbiny-podla-fica-neskoro-a-drahsie-o-100-mil-eur\/"},"wordCount":557,"publisher":{"@id":"https:\/\/www.smedemokrati.sk\/#organization"},"image":{"@id":"https:\/\/www.smedemokrati.sk\/gabcikovske-turbiny-podla-fica-neskoro-a-drahsie-o-100-mil-eur\/#primaryimage"},"thumbnailUrl":"https:\/\/www.smedemokrati.sk\/wp-content\/uploads\/2026\/08\/Fico-a-Taraba.webp","articleSection":["Tla\u010dov\u00e9 spr\u00e1vy"],"inLanguage":"hu-HU"},{"@type":"WebPage","@id":"https:\/\/www.smedemokrati.sk\/gabcikovske-turbiny-podla-fica-neskoro-a-drahsie-o-100-mil-eur\/","url":"https:\/\/www.smedemokrati.sk\/gabcikovske-turbiny-podla-fica-neskoro-a-drahsie-o-100-mil-eur\/","name":"Gab\u010d\u00edkovsk\u00e9 turb\u00edny pod\u013ea Fica: neskoro a drah\u0161ie o 100 mil. eur","isPartOf":{"@id":"https:\/\/www.smedemokrati.sk\/#website"},"primaryImageOfPage":{"@id":"https:\/\/www.smedemokrati.sk\/gabcikovske-turbiny-podla-fica-neskoro-a-drahsie-o-100-mil-eur\/#primaryimage"},"image":{"@id":"https:\/\/www.smedemokrati.sk\/gabcikovske-turbiny-podla-fica-neskoro-a-drahsie-o-100-mil-eur\/#primaryimage"},"thumbnailUrl":"https:\/\/www.smedemokrati.sk\/wp-content\/uploads\/2026\/08\/Fico-a-Taraba.webp","datePublished":"2026-08-31T15:26:10+00:00","dateModified":"2026-08-31T15:26:11+00:00","breadcrumb":{"@id":"https:\/\/www.smedemokrati.sk\/gabcikovske-turbiny-podla-fica-neskoro-a-drahsie-o-100-mil-eur\/#breadcrumb"},"inLanguage":"hu-HU","potentialAction":[{"@type":"ReadAction","target":["https:\/\/www.smedemokrati.sk\/gabcikovske-turbiny-podla-fica-neskoro-a-drahsie-o-100-mil-eur\/"]}]},{"@type":"ImageObject","inLanguage":"hu-HU","@id":"https:\/\/www.smedemokrati.sk\/gabcikovske-turbiny-podla-fica-neskoro-a-drahsie-o-100-mil-eur\/#primaryimage","url":"https:\/\/www.smedemokrati.sk\/wp-content\/uploads\/2026\/08\/Fico-a-Taraba.webp","contentUrl":"https:\/\/www.smedemokrati.sk\/wp-content\/uploads\/2026\/08\/Fico-a-Taraba.webp","width":1454,"height":927},{"@type":"BreadcrumbList","@id":"https:\/\/www.smedemokrati.sk\/gabcikovske-turbiny-podla-fica-neskoro-a-drahsie-o-100-mil-eur\/#breadcrumb","itemListElement":[{"@type":"ListItem","position":1,"name":"Domovsk\u00e1 str\u00e1nka","item":"https:\/\/www.smedemokrati.sk\/"},{"@type":"ListItem","position":2,"name":"Gab\u010d\u00edkovsk\u00e9 turb\u00edny pod\u013ea Fica: neskoro a drah\u0161ie o 100 mil. eur"}]},{"@type":"WebSite","@id":"https:\/\/www.smedemokrati.sk\/#website","url":"https:\/\/www.smedemokrati.sk\/","name":"Smedemokrati.sk","description":"Demokracia a slu\u0161nos\u0165 zv\u00ed\u0165az\u00ed","publisher":{"@id":"https:\/\/www.smedemokrati.sk\/#organization"},"potentialAction":[{"@type":"SearchAction","target":{"@type":"EntryPoint","urlTemplate":"https:\/\/www.smedemokrati.sk\/?s={search_term_string}"},"query-input":{"@type":"PropertyValueSpecification","valueRequired":true,"valueName":"search_term_string"}}],"inLanguage":"hu-HU"},{"@type":"Organization","@id":"https:\/\/www.smedemokrati.sk\/#organization","name":"Smedemokrati.sk","url":"https:\/\/www.smedemokrati.sk\/","logo":{"@type":"ImageObject","inLanguage":"hu-HU","@id":"https:\/\/www.smedemokrati.sk\/#\/schema\/logo\/image\/","url":"https:\/\/www.smedemokrati.sk\/wp-content\/uploads\/2023\/04\/ff.002.jpeg","contentUrl":"https:\/\/www.smedemokrati.sk\/wp-content\/uploads\/2023\/04\/ff.002.jpeg","width":640,"height":480,"caption":"Smedemokrati.sk"},"image":{"@id":"https:\/\/www.smedemokrati.sk\/#\/schema\/logo\/image\/"},"sameAs":["https:\/\/www.facebook.com\/smedemokrati2023"]},{"@type":"Person","@id":"https:\/\/www.smedemokrati.sk\/#\/schema\/person\/21f147c88d605aa7ded900e1e7c344ba","name":"miro.sopko","image":{"@type":"ImageObject","inLanguage":"hu-HU","@id":"https:\/\/secure.gravatar.com\/avatar\/267e4a36f704376c109afe3a78740c1f5dd8675a2180a908699e7863c9247606?s=96&d=mm&r=g","url":"https:\/\/secure.gravatar.com\/avatar\/267e4a36f704376c109afe3a78740c1f5dd8675a2180a908699e7863c9247606?s=96&d=mm&r=g","contentUrl":"https:\/\/secure.gravatar.com\/avatar\/267e4a36f704376c109afe3a78740c1f5dd8675a2180a908699e7863c9247606?s=96&d=mm&r=g","caption":"miro.sopko"},"url":"https:\/\/www.smedemokrati.sk\/hu\/author\/miro-sopko\/"}]}},"_links":{"self":[{"href":"https:\/\/www.smedemokrati.sk\/hu\/wp-json\/wp\/v2\/posts\/10006","targetHints":{"allow":["GET"]}}],"collection":[{"href":"https:\/\/www.smedemokrati.sk\/hu\/wp-json\/wp\/v2\/posts"}],"about":[{"href":"https:\/\/www.smedemokrati.sk\/hu\/wp-json\/wp\/v2\/types\/post"}],"author":[{"embeddable":true,"href":"https:\/\/www.smedemokrati.sk\/hu\/wp-json\/wp\/v2\/users\/13"}],"replies":[{"embeddable":true,"href":"https:\/\/www.smedemokrati.sk\/hu\/wp-json\/wp\/v2\/comments?post=10006"}],"version-history":[{"count":1,"href":"https:\/\/www.smedemokrati.sk\/hu\/wp-json\/wp\/v2\/posts\/10006\/revisions"}],"predecessor-version":[{"id":10008,"href":"https:\/\/www.smedemokrati.sk\/hu\/wp-json\/wp\/v2\/posts\/10006\/revisions\/10008"}],"wp:featuredmedia":[{"embeddable":true,"href":"https:\/\/www.smedemokrati.sk\/hu\/wp-json\/wp\/v2\/media\/10007"}],"wp:attachment":[{"href":"https:\/\/www.smedemokrati.sk\/hu\/wp-json\/wp\/v2\/media?parent=10006"}],"wp:term":[{"taxonomy":"category","embeddable":true,"href":"https:\/\/www.smedemokrati.sk\/hu\/wp-json\/wp\/v2\/categories?post=10006"},{"taxonomy":"post_tag","embeddable":true,"href":"https:\/\/www.smedemokrati.sk\/hu\/wp-json\/wp\/v2\/tags?post=10006"}],"curies":[{"name":"wp","href":"https:\/\/api.w.org\/{rel}","templated":true}]}}