{"id":9998,"date":"2026-08-28T11:23:53","date_gmt":"2026-08-28T10:23:53","guid":{"rendered":"https:\/\/www.smedemokrati.sk\/?p=9998"},"modified":"2026-08-28T11:24:06","modified_gmt":"2026-08-28T10:24:06","slug":"fico-si-chce-zabetonovat-vplyv-v-sudnej-rade-najskor-vymenili-ludi-teraz-menia-ustavu","status":"publish","type":"post","link":"https:\/\/www.smedemokrati.sk\/en\/fico-si-chce-zabetonovat-vplyv-v-sudnej-rade-najskor-vymenili-ludi-teraz-menia-ustavu\/","title":{"rendered":"Fico si chce zabet\u00f3nova\u0165 vplyv v S\u00fadnej rade. Najsk\u00f4r vymenili \u013eud\u00ed, teraz menia \u00dastavu"},"content":{"rendered":"<div id=\"fb-root\"><\/div>\n\n<p class=\"wp-block-paragraph\"><strong>Vl\u00e1da Roberta Fica schv\u00e1lila n\u00e1vrh novely \u00dastavy SR, ktor\u00fd z\u00e1sadne zasahuje aj do postavenia S\u00fadnej rady SR. Demokrati upozor\u0148uj\u00fa, \u017ee nejde iba o technick\u00fa zmenu pravidiel. Vl\u00e1da navrhuje zmeni\u0165 samotn\u00e9 \u00fastavn\u00e9 vymedzenie S\u00fadnej rady a z\u00e1rove\u0148 obmedzi\u0165 mo\u017enos\u0165 odvol\u00e1vania jej \u010dlenov. Deje sa tak po tom, \u010do s\u00fa\u010dasn\u00e1 politick\u00e1 moc vyu\u017eila platn\u00e9 pravidl\u00e1 na person\u00e1lne zmeny a obsadenie svojich miest v S\u00fadnej rade. Demokrati preto vyz\u00fdvaj\u00fa opozi\u010dn\u00e9 strany, aby takto predlo\u017een\u00fa novelu v parlamente nepodporili.<\/strong><\/p>\n\n\n\n<p class=\"wp-block-paragraph\"><em>\u201eNajsk\u00f4r si povymie\u0148ali \u013eud\u00ed a teraz za sebou chc\u00fa zamkn\u00fa\u0165 dvere.&nbsp;Ficova vl\u00e1da po n\u00e1stupe vymenovala svojich troch \u010dlenov S\u00fadnej rady, parlamentn\u00e1 v\u00e4\u010d\u0161ina vyu\u017eila existuj\u00face pravidl\u00e1 pri person\u00e1lnych zmen\u00e1ch a po n\u00e1stupe do funkcie vyu\u017eil svoje pr\u00e1vomoci aj prezident Peter Pellegrini. Ke\u010f s\u00fa person\u00e1lne v\u00fdmeny uroben\u00e9, vl\u00e1da zrazu prich\u00e1dza s n\u00e1vrhom na zmenu \u00dastavy, ktor\u00e1 m\u00e1 v\u00fdrazne obmedzi\u0165 mo\u017enos\u0165 odvol\u00e1vania \u010dlenov S\u00fadnej rady. Tak\u00fdto postup vyvol\u00e1va legit\u00edmnu ot\u00e1zku, \u010di si s\u00fa\u010dasn\u00e1 moc nevytv\u00e1ra person\u00e1lnu poistku aj na obdobie po \u010fal\u0161\u00edch parlamentn\u00fdch vo\u013eb\u00e1ch,\u201c<\/em>&nbsp;uviedol podpredseda Demokratov Juraj \u0160eliga.<\/p>\n\n\n\n<p class=\"wp-block-paragraph\">Demokrati upozor\u0148uj\u00fa, \u017ee v\u00fdznam navrhovanej zmeny \u010faleko presahuje ot\u00e1zku konkr\u00e9tnych person\u00e1lnych nomin\u00e1ci\u00ed. Vl\u00e1da navrhuje zmenu \u010dl\u00e1nku 141a \u00dastavy SR, teda samotn\u00e9ho \u00fastavn\u00e9ho vymedzenia S\u00fadnej rady. Doteraj\u0161ia \u00fastavn\u00e1 koncepcia S\u00fadnej rady vych\u00e1dza z jej osobitn\u00e9ho postavenia ako \u00fastavn\u00e9ho org\u00e1nu sudcovskej legitimity. Navrhovan\u00e1 \u00faprava m\u00e1 jej postavenie roz\u0161\u00edri\u0165 o \u00falohu zabezpe\u010dova\u0165 nez\u00e1visl\u00e9 postavenie s\u00fadnej moci vo vz\u0165ahu k ostatn\u00fdm org\u00e1nom verejnej moci.<\/p>\n\n\n\n<p class=\"wp-block-paragraph\"><em>\u201eToto nie je slov\u00ed\u010dkarenie ani kozmetick\u00e1 \u00faprava \u00dastavy. Men\u00ed sa \u00fastavn\u00e9 poslanie S\u00fadnej rady.&nbsp;Ak jej \u00dastava v\u00fdslovne zver\u00ed \u00falohu zabezpe\u010dova\u0165 nez\u00e1visl\u00e9 postavenie s\u00fadnej moci vo vz\u0165ahu k ostatn\u00fdm org\u00e1nom verejnej moci, posil\u0148uje sa jej \u00fastavn\u00e1 poz\u00edcia. A z\u00e1rove\u0148 sa otv\u00e1ra ot\u00e1zka, ako \u0161iroko bude t\u00e1to nov\u00e1 \u00faloha v bud\u00facnosti interpretovan\u00e1 a ak\u00e9 d\u00f4sledky m\u00f4\u017ee ma\u0165. O to citlivej\u0161ie je, kto v S\u00fadnej rade sed\u00ed, kto ho tam nominoval a za ak\u00fdch podmienok m\u00f4\u017ee by\u0165 odvolan\u00fd,\u201c<\/em>&nbsp;upozornil \u0160eliga.<\/p>\n\n\n\n<p class=\"wp-block-paragraph\">Pod\u013ea Demokratov je preto potrebn\u00e9 pozera\u0165 sa na obe zmeny spolo\u010dne. Na jednej strane vl\u00e1da navrhuje posilni\u0165 \u00fastavn\u00e9 postavenie S\u00fadnej rady, na druhej strane chce meni\u0165 pravidl\u00e1 odvol\u00e1vania jej \u010dlenov.&nbsp;A rob\u00ed tak v \u010dase, ke\u010f s\u00fa politicky kreovan\u00e9 miesta v S\u00fadnej rade takmer kompletne person\u00e1lne obsaden\u00e9 na obdobie presahuj\u00face najbli\u017e\u0161ie parlamentn\u00e9 vo\u013eby.<\/p>\n\n\n\n<p class=\"wp-block-paragraph\">V S\u00fadnej rade je dev\u00e4\u0165 miest, ktor\u00e9 obsadzuj\u00fa politick\u00e9 org\u00e1ny \u2013 troch \u010dlenov vymen\u00fava vl\u00e1da, troch vol\u00ed N\u00e1rodn\u00e1 rada SR a troch vymen\u00fava prezident. V s\u00fa\u010dasnosti je obsaden\u00fdch osem z t\u00fdchto deviatich miest. V\u0161etk\u00fdch osem dnes obsaden\u00fdch politicky kreovan\u00fdch miest m\u00e1 pri riadnom plynut\u00ed p\u00e4\u0165ro\u010dn\u00e9ho funk\u010dn\u00e9ho obdobia mand\u00e1t presahuj\u00faci parlamentn\u00e9 vo\u013eby v roku 2027. V niektor\u00fdch pr\u00edpadoch by bolo trvanie mand\u00e1tu a\u017e do roku 2030- 2031<\/p>\n\n\n\n<p class=\"wp-block-paragraph\"><em>\u201eAk minister Susko tvrd\u00ed, \u017ee odvol\u00e1vanie \u010dlenov S\u00fadnej rady bez jasne stanoven\u00fdch d\u00f4vodov je nespr\u00e1vne, potom sa p\u00fdtame: pre\u010do to s\u00fa\u010dasnej moci neprek\u00e1\u017ealo vtedy, ke\u010f existuj\u00face pravidl\u00e1 sama vyu\u017e\u00edvala?&nbsp;Pre\u010do najsk\u00f4r vyu\u017eili syst\u00e9m na person\u00e1lne v\u00fdmeny a a\u017e ke\u010f s\u00fa ich nominanti vo funkci\u00e1ch, prich\u00e1dzaj\u00fa s jeho zmenou? Pravidl\u00e1 nem\u00f4\u017eu fungova\u0165 sp\u00f4sobom: k\u00fdm n\u00e1m vyhovuj\u00fa, pou\u017eijeme ich, a ke\u010f u\u017e m\u00e1me svojich \u013eud\u00ed na miestach, zmen\u00edme ich,\u201c<\/em>&nbsp;uviedol \u0160eliga.<\/p>\n\n\n\n<p class=\"wp-block-paragraph\"><em>Pod\u013ea Demokratov mus\u00ed vl\u00e1da z\u00e1rove\u0148 jednozna\u010dne vysvetli\u0165, ako sa nov\u00e9 pravidl\u00e1 dotkn\u00fa \u010dlenov S\u00fadnej rady, ktor\u00ed s\u00fa vo funkcii u\u017e dnes, a ak\u00e9 \u00fa\u010dinky bude ma\u0165 novela na ich existuj\u00face funk\u010dn\u00e9 obdobia. \u201eNejde n\u00e1m o to, aby ka\u017ed\u00e1 nov\u00e1 vl\u00e1da automaticky vyhadzovala \u010dlenov S\u00fadnej rady. Ide o f\u00e9rovos\u0165 pravidiel a d\u00f4veru v syst\u00e9m. \u00dastava nem\u00f4\u017ee by\u0165 n\u00e1strojom na to, aby jedna politick\u00e1 moc vyu\u017eila existuj\u00face pravidl\u00e1 na person\u00e1lne zmeny a n\u00e1sledne ich upravila tak, aby v\u00fdsledok t\u00fdchto zmien chr\u00e1nila aj pred svojimi n\u00e1stupcami,\u201c&nbsp;<\/em>doplnil \u0160eliga.<\/p>\n\n\n\n<p class=\"wp-block-paragraph\">Pod\u013ea Demokratov nejde o abstraktn\u00fa pr\u00e1vnick\u00fa debatu, ktor\u00e1 sa t\u00fdka iba sudcov, politikov \u010di \u00fastavn\u00fdch pr\u00e1vnikov. Fungovanie nez\u00e1visl\u00e9ho s\u00fadnictva a vymo\u017eite\u013enos\u0165 pr\u00e1va maj\u00fa konkr\u00e9tny vplyv na ekonomiku a \u017eivotn\u00fa \u00farove\u0148 \u013eud\u00ed.&nbsp;<em>\u201eToto nie je iba pr\u00e1vnick\u00e9 teoretizovanie. Nez\u00e1visl\u00e1 a d\u00f4veryhodn\u00e1 s\u00fadna moc m\u00e1 priamy vplyv na kvalitu \u017eivota na Slovensku. M\u00e1 vplyv na podnikate\u013esk\u00e9 prostredie, vymo\u017eite\u013enos\u0165 pr\u00e1va, rozhodovanie dom\u00e1cich podnikate\u013eov aj na to, \u010di zahrani\u010dn\u00ed investori pova\u017euj\u00fa Slovensko za bezpe\u010dn\u00fa a predv\u00eddate\u013en\u00fa krajinu pre svoje invest\u00edcie. Investor potrebuje vedie\u0165, \u017ee ak vznikne spor, rozhodne nez\u00e1visl\u00fd s\u00fad pod\u013ea z\u00e1kona, a nie politick\u00fd z\u00e1ujem. Ak oslabujeme d\u00f4veru v pr\u00e1vny \u0161t\u00e1t a nez\u00e1vislos\u0165 just\u00edcie, v kone\u010dnom d\u00f4sledku na to dopl\u00e1came v\u0161etci \u2013 men\u0161\u00edm z\u00e1ujmom investorov, hor\u0161\u00edmi pracovn\u00fdmi pr\u00edle\u017eitos\u0165ami a ni\u017e\u0161ou kvalitou \u017eivota,\u201c<\/em>&nbsp;uviedol Michal Ki\u010da.<\/p>\n\n\n\n<p class=\"wp-block-paragraph\">Demokrati z\u00e1rove\u0148 vyz\u00fdvaj\u00fa v\u0161etky opozi\u010dn\u00e9 strany a opozi\u010dn\u00fdch poslancov N\u00e1rodnej rady SR, aby novelu \u00dastavy v tejto podobe nepodporili&nbsp;a neposkytli Robertovi Ficovi hlasy potrebn\u00e9 na jej prijatie.&nbsp;<em>\u201eNa zmenu \u00dastavy potrebuje Robert Fico 90 hlasov. Vyz\u00fdvame preto cel\u00fa demokratick\u00fa opoz\u00edciu: nedajte mu ich.&nbsp;Ak chce vl\u00e1da vies\u0165 poctiv\u00fa odborn\u00fa diskusiu o posilnen\u00ed nez\u00e1vislosti S\u00fadnej rady a s\u00fadnej moci, sme na tak\u00fato diskusiu pripraven\u00ed. Ale nesmie sa to robi\u0165 sp\u00f4sobom, pri ktorom vznik\u00e1 v\u00e1\u017ene podozrenie, \u017ee s\u00fa\u010dasn\u00e1 moc najsk\u00f4r vyu\u017eila existuj\u00face pravidl\u00e1 na person\u00e1lne v\u00fdmeny a teraz ich chce zmeni\u0165 tak, aby si v\u00fdsledok t\u00fdchto v\u00fdmen poistila aj na obdobie po vo\u013eb\u00e1ch,\u201c&nbsp;<\/em>vyhl\u00e1sil \u0160eliga.<\/p>\n\n\n\n<figure class=\"wp-block-embed is-type-video is-provider-youtube wp-block-embed-youtube wp-embed-aspect-16-9 wp-has-aspect-ratio\"><div class=\"wp-block-embed__wrapper\">\n<iframe title=\"Live: Ficov \u00fatok na s\u00fadnu moc pokra\u010duje. Zabet\u00f3novanie s\u00fadnej rady.\" width=\"500\" height=\"281\" src=\"https:\/\/www.youtube.com\/embed\/UAHrQEQBOqU?feature=oembed\" frameborder=\"0\" allow=\"accelerometer; autoplay; clipboard-write; encrypted-media; gyroscope; picture-in-picture; web-share\" referrerpolicy=\"strict-origin-when-cross-origin\" allowfullscreen><\/iframe>\n<\/div><\/figure>\n","protected":false},"excerpt":{"rendered":"<p>Vl\u00e1da Roberta Fica schv\u00e1lila n\u00e1vrh novely \u00dastavy SR, ktor\u00fd z\u00e1sadne zasahuje aj do postavenia S\u00fadnej rady SR. Demokrati upozor\u0148uj\u00fa, \u017ee nejde iba o technick\u00fa zmenu pravidiel. Vl\u00e1da navrhuje zmeni\u0165 samotn\u00e9 \u00fastavn\u00e9 vymedzenie S\u00fadnej rady a z\u00e1rove\u0148 obmedzi\u0165 mo\u017enos\u0165 odvol\u00e1vania jej \u010dlenov. Deje sa tak po tom, \u010do s\u00fa\u010dasn\u00e1 politick\u00e1 moc vyu\u017eila platn\u00e9 pravidl\u00e1 na person\u00e1lne [&hellip;]<\/p>\n","protected":false},"author":13,"featured_media":9999,"comment_status":"closed","ping_status":"closed","sticky":false,"template":"","format":"standard","meta":{"_acf_changed":false,"ngg_post_thumbnail":0,"footnotes":""},"categories":[4],"tags":[],"class_list":["post-9998","post","type-post","status-publish","format-standard","has-post-thumbnail","hentry","category-tlacove-spravy"],"acf":[],"yoast_head":"<!-- This site is optimized with the Yoast SEO plugin v28.3 - https:\/\/yoast.com\/product\/yoast-seo-wordpress\/ -->\n<title>Fico si chce zabet\u00f3nova\u0165 vplyv v S\u00fadnej rade<\/title>\n<meta name=\"description\" content=\"Vl\u00e1da Roberta Fica schv\u00e1lila n\u00e1vrh novely \u00dastavy SR, ktor\u00fd z\u00e1sadne zasahuje aj do postavenia S\u00fadnej rady SR.\" \/>\n<meta name=\"robots\" content=\"index, follow, max-snippet:-1, max-image-preview:large, max-video-preview:-1\" \/>\n<link rel=\"canonical\" href=\"https:\/\/www.smedemokrati.sk\/en\/fico-si-chce-zabetonovat-vplyv-v-sudnej-rade-najskor-vymenili-ludi-teraz-menia-ustavu\/\" \/>\n<meta property=\"og:locale\" content=\"en_US\" \/>\n<meta property=\"og:locale:alternate\" content=\"cs_CZ\" \/>\n<meta property=\"og:locale:alternate\" content=\"hu_HU\" \/>\n<meta property=\"og:locale:alternate\" content=\"sk_SK\" \/>\n<meta property=\"og:locale:alternate\" content=\"sv_SE\" \/>\n<meta property=\"og:type\" content=\"article\" \/>\n<meta property=\"og:title\" content=\"Fico si chce zabet\u00f3nova\u0165 vplyv v S\u00fadnej rade\" \/>\n<meta property=\"og:description\" content=\"Vl\u00e1da Roberta Fica schv\u00e1lila n\u00e1vrh novely \u00dastavy SR, ktor\u00fd z\u00e1sadne zasahuje aj do postavenia S\u00fadnej rady SR.\" \/>\n<meta property=\"og:url\" content=\"https:\/\/www.smedemokrati.sk\/en\/fico-si-chce-zabetonovat-vplyv-v-sudnej-rade-najskor-vymenili-ludi-teraz-menia-ustavu\/\" \/>\n<meta property=\"og:site_name\" content=\"Smedemokrati.sk\" \/>\n<meta property=\"article:publisher\" content=\"https:\/\/www.facebook.com\/smedemokrati2023\" \/>\n<meta property=\"article:published_time\" content=\"2026-08-28T10:23:53+00:00\" \/>\n<meta property=\"article:modified_time\" content=\"2026-08-28T10:24:06+00:00\" \/>\n<meta property=\"og:image\" content=\"https:\/\/www.smedemokrati.sk\/wp-content\/uploads\/2026\/08\/fico-sudna-rada.jpg\" \/>\n\t<meta property=\"og:image:width\" content=\"1280\" \/>\n\t<meta property=\"og:image:height\" content=\"720\" \/>\n\t<meta property=\"og:image:type\" content=\"image\/jpeg\" \/>\n<meta name=\"author\" content=\"miro.sopko\" \/>\n<meta name=\"twitter:card\" content=\"summary_large_image\" \/>\n<meta name=\"twitter:label1\" content=\"Written by\" \/>\n\t<meta name=\"twitter:data1\" content=\"miro.sopko\" \/>\n\t<meta name=\"twitter:label2\" content=\"Est. reading time\" \/>\n\t<meta name=\"twitter:data2\" content=\"5 minutes\" \/>\n<script type=\"application\/ld+json\" class=\"yoast-schema-graph\">{\"@context\":\"https:\\\/\\\/schema.org\",\"@graph\":[{\"@type\":\"Article\",\"@id\":\"https:\\\/\\\/www.smedemokrati.sk\\\/fico-si-chce-zabetonovat-vplyv-v-sudnej-rade-najskor-vymenili-ludi-teraz-menia-ustavu\\\/#article\",\"isPartOf\":{\"@id\":\"https:\\\/\\\/www.smedemokrati.sk\\\/fico-si-chce-zabetonovat-vplyv-v-sudnej-rade-najskor-vymenili-ludi-teraz-menia-ustavu\\\/\"},\"author\":{\"name\":\"miro.sopko\",\"@id\":\"https:\\\/\\\/www.smedemokrati.sk\\\/#\\\/schema\\\/person\\\/21f147c88d605aa7ded900e1e7c344ba\"},\"headline\":\"Fico si chce zabet\u00f3nova\u0165 vplyv v S\u00fadnej rade. Najsk\u00f4r vymenili \u013eud\u00ed, teraz menia \u00dastavu\",\"datePublished\":\"2026-08-28T10:23:53+00:00\",\"dateModified\":\"2026-08-28T10:24:06+00:00\",\"mainEntityOfPage\":{\"@id\":\"https:\\\/\\\/www.smedemokrati.sk\\\/fico-si-chce-zabetonovat-vplyv-v-sudnej-rade-najskor-vymenili-ludi-teraz-menia-ustavu\\\/\"},\"wordCount\":1096,\"publisher\":{\"@id\":\"https:\\\/\\\/www.smedemokrati.sk\\\/#organization\"},\"image\":{\"@id\":\"https:\\\/\\\/www.smedemokrati.sk\\\/fico-si-chce-zabetonovat-vplyv-v-sudnej-rade-najskor-vymenili-ludi-teraz-menia-ustavu\\\/#primaryimage\"},\"thumbnailUrl\":\"https:\\\/\\\/www.smedemokrati.sk\\\/wp-content\\\/uploads\\\/2026\\\/08\\\/fico-sudna-rada.jpg\",\"articleSection\":[\"Tla\u010dov\u00e9 spr\u00e1vy\"],\"inLanguage\":\"en-US\"},{\"@type\":\"WebPage\",\"@id\":\"https:\\\/\\\/www.smedemokrati.sk\\\/fico-si-chce-zabetonovat-vplyv-v-sudnej-rade-najskor-vymenili-ludi-teraz-menia-ustavu\\\/\",\"url\":\"https:\\\/\\\/www.smedemokrati.sk\\\/fico-si-chce-zabetonovat-vplyv-v-sudnej-rade-najskor-vymenili-ludi-teraz-menia-ustavu\\\/\",\"name\":\"Fico si chce zabet\u00f3nova\u0165 vplyv v S\u00fadnej rade\",\"isPartOf\":{\"@id\":\"https:\\\/\\\/www.smedemokrati.sk\\\/#website\"},\"primaryImageOfPage\":{\"@id\":\"https:\\\/\\\/www.smedemokrati.sk\\\/fico-si-chce-zabetonovat-vplyv-v-sudnej-rade-najskor-vymenili-ludi-teraz-menia-ustavu\\\/#primaryimage\"},\"image\":{\"@id\":\"https:\\\/\\\/www.smedemokrati.sk\\\/fico-si-chce-zabetonovat-vplyv-v-sudnej-rade-najskor-vymenili-ludi-teraz-menia-ustavu\\\/#primaryimage\"},\"thumbnailUrl\":\"https:\\\/\\\/www.smedemokrati.sk\\\/wp-content\\\/uploads\\\/2026\\\/08\\\/fico-sudna-rada.jpg\",\"datePublished\":\"2026-08-28T10:23:53+00:00\",\"dateModified\":\"2026-08-28T10:24:06+00:00\",\"description\":\"Vl\u00e1da Roberta Fica schv\u00e1lila n\u00e1vrh novely \u00dastavy SR, ktor\u00fd z\u00e1sadne zasahuje aj do postavenia S\u00fadnej rady SR.\",\"breadcrumb\":{\"@id\":\"https:\\\/\\\/www.smedemokrati.sk\\\/fico-si-chce-zabetonovat-vplyv-v-sudnej-rade-najskor-vymenili-ludi-teraz-menia-ustavu\\\/#breadcrumb\"},\"inLanguage\":\"en-US\",\"potentialAction\":[{\"@type\":\"ReadAction\",\"target\":[\"https:\\\/\\\/www.smedemokrati.sk\\\/fico-si-chce-zabetonovat-vplyv-v-sudnej-rade-najskor-vymenili-ludi-teraz-menia-ustavu\\\/\"]}]},{\"@type\":\"ImageObject\",\"inLanguage\":\"en-US\",\"@id\":\"https:\\\/\\\/www.smedemokrati.sk\\\/fico-si-chce-zabetonovat-vplyv-v-sudnej-rade-najskor-vymenili-ludi-teraz-menia-ustavu\\\/#primaryimage\",\"url\":\"https:\\\/\\\/www.smedemokrati.sk\\\/wp-content\\\/uploads\\\/2026\\\/08\\\/fico-sudna-rada.jpg\",\"contentUrl\":\"https:\\\/\\\/www.smedemokrati.sk\\\/wp-content\\\/uploads\\\/2026\\\/08\\\/fico-sudna-rada.jpg\",\"width\":1280,\"height\":720},{\"@type\":\"BreadcrumbList\",\"@id\":\"https:\\\/\\\/www.smedemokrati.sk\\\/fico-si-chce-zabetonovat-vplyv-v-sudnej-rade-najskor-vymenili-ludi-teraz-menia-ustavu\\\/#breadcrumb\",\"itemListElement\":[{\"@type\":\"ListItem\",\"position\":1,\"name\":\"Domovsk\u00e1 str\u00e1nka\",\"item\":\"https:\\\/\\\/www.smedemokrati.sk\\\/\"},{\"@type\":\"ListItem\",\"position\":2,\"name\":\"Fico si chce zabet\u00f3nova\u0165 vplyv v S\u00fadnej rade. Najsk\u00f4r vymenili \u013eud\u00ed, teraz menia \u00dastavu\"}]},{\"@type\":\"WebSite\",\"@id\":\"https:\\\/\\\/www.smedemokrati.sk\\\/#website\",\"url\":\"https:\\\/\\\/www.smedemokrati.sk\\\/\",\"name\":\"Smedemokrati.sk\",\"description\":\"Demokracia a slu\u0161nos\u0165 zv\u00ed\u0165az\u00ed\",\"publisher\":{\"@id\":\"https:\\\/\\\/www.smedemokrati.sk\\\/#organization\"},\"potentialAction\":[{\"@type\":\"SearchAction\",\"target\":{\"@type\":\"EntryPoint\",\"urlTemplate\":\"https:\\\/\\\/www.smedemokrati.sk\\\/?s={search_term_string}\"},\"query-input\":{\"@type\":\"PropertyValueSpecification\",\"valueRequired\":true,\"valueName\":\"search_term_string\"}}],\"inLanguage\":\"en-US\"},{\"@type\":\"Organization\",\"@id\":\"https:\\\/\\\/www.smedemokrati.sk\\\/#organization\",\"name\":\"Smedemokrati.sk\",\"url\":\"https:\\\/\\\/www.smedemokrati.sk\\\/\",\"logo\":{\"@type\":\"ImageObject\",\"inLanguage\":\"en-US\",\"@id\":\"https:\\\/\\\/www.smedemokrati.sk\\\/#\\\/schema\\\/logo\\\/image\\\/\",\"url\":\"https:\\\/\\\/www.smedemokrati.sk\\\/wp-content\\\/uploads\\\/2023\\\/04\\\/ff.002.jpeg\",\"contentUrl\":\"https:\\\/\\\/www.smedemokrati.sk\\\/wp-content\\\/uploads\\\/2023\\\/04\\\/ff.002.jpeg\",\"width\":640,\"height\":480,\"caption\":\"Smedemokrati.sk\"},\"image\":{\"@id\":\"https:\\\/\\\/www.smedemokrati.sk\\\/#\\\/schema\\\/logo\\\/image\\\/\"},\"sameAs\":[\"https:\\\/\\\/www.facebook.com\\\/smedemokrati2023\"]},{\"@type\":\"Person\",\"@id\":\"https:\\\/\\\/www.smedemokrati.sk\\\/#\\\/schema\\\/person\\\/21f147c88d605aa7ded900e1e7c344ba\",\"name\":\"miro.sopko\",\"image\":{\"@type\":\"ImageObject\",\"inLanguage\":\"en-US\",\"@id\":\"https:\\\/\\\/secure.gravatar.com\\\/avatar\\\/267e4a36f704376c109afe3a78740c1f5dd8675a2180a908699e7863c9247606?s=96&d=mm&r=g\",\"url\":\"https:\\\/\\\/secure.gravatar.com\\\/avatar\\\/267e4a36f704376c109afe3a78740c1f5dd8675a2180a908699e7863c9247606?s=96&d=mm&r=g\",\"contentUrl\":\"https:\\\/\\\/secure.gravatar.com\\\/avatar\\\/267e4a36f704376c109afe3a78740c1f5dd8675a2180a908699e7863c9247606?s=96&d=mm&r=g\",\"caption\":\"miro.sopko\"},\"url\":\"https:\\\/\\\/www.smedemokrati.sk\\\/en\\\/author\\\/miro-sopko\\\/\"}]}<\/script>\n<!-- \/ Yoast SEO plugin. -->","yoast_head_json":{"title":"Fico si chce zabet\u00f3nova\u0165 vplyv v S\u00fadnej rade","description":"Vl\u00e1da Roberta Fica schv\u00e1lila n\u00e1vrh novely \u00dastavy SR, ktor\u00fd z\u00e1sadne zasahuje aj do postavenia S\u00fadnej rady SR.","robots":{"index":"index","follow":"follow","max-snippet":"max-snippet:-1","max-image-preview":"max-image-preview:large","max-video-preview":"max-video-preview:-1"},"canonical":"https:\/\/www.smedemokrati.sk\/en\/fico-si-chce-zabetonovat-vplyv-v-sudnej-rade-najskor-vymenili-ludi-teraz-menia-ustavu\/","og_locale":"en_US","og_type":"article","og_title":"[:sk]Fico si chce zabet\u00f3nova\u0165 vplyv v S\u00fadnej rade[:]","og_description":"[:sk]Vl\u00e1da Roberta Fica schv\u00e1lila n\u00e1vrh novely \u00dastavy SR, ktor\u00fd z\u00e1sadne zasahuje aj do postavenia S\u00fadnej rady SR.[:]","og_url":"https:\/\/www.smedemokrati.sk\/en\/fico-si-chce-zabetonovat-vplyv-v-sudnej-rade-najskor-vymenili-ludi-teraz-menia-ustavu\/","og_site_name":"Smedemokrati.sk","article_publisher":"https:\/\/www.facebook.com\/smedemokrati2023","article_published_time":"2026-08-28T10:23:53+00:00","article_modified_time":"2026-08-28T10:24:06+00:00","og_image":[{"width":1280,"height":720,"url":"https:\/\/www.smedemokrati.sk\/wp-content\/uploads\/2026\/08\/fico-sudna-rada.jpg","type":"image\/jpeg"}],"author":"miro.sopko","twitter_card":"summary_large_image","twitter_misc":{"Written by":"miro.sopko","Est. reading time":"5 minutes"},"schema":{"@context":"https:\/\/schema.org","@graph":[{"@type":"Article","@id":"https:\/\/www.smedemokrati.sk\/fico-si-chce-zabetonovat-vplyv-v-sudnej-rade-najskor-vymenili-ludi-teraz-menia-ustavu\/#article","isPartOf":{"@id":"https:\/\/www.smedemokrati.sk\/fico-si-chce-zabetonovat-vplyv-v-sudnej-rade-najskor-vymenili-ludi-teraz-menia-ustavu\/"},"author":{"name":"miro.sopko","@id":"https:\/\/www.smedemokrati.sk\/#\/schema\/person\/21f147c88d605aa7ded900e1e7c344ba"},"headline":"Fico si chce zabet\u00f3nova\u0165 vplyv v S\u00fadnej rade. Najsk\u00f4r vymenili \u013eud\u00ed, teraz menia \u00dastavu","datePublished":"2026-08-28T10:23:53+00:00","dateModified":"2026-08-28T10:24:06+00:00","mainEntityOfPage":{"@id":"https:\/\/www.smedemokrati.sk\/fico-si-chce-zabetonovat-vplyv-v-sudnej-rade-najskor-vymenili-ludi-teraz-menia-ustavu\/"},"wordCount":1096,"publisher":{"@id":"https:\/\/www.smedemokrati.sk\/#organization"},"image":{"@id":"https:\/\/www.smedemokrati.sk\/fico-si-chce-zabetonovat-vplyv-v-sudnej-rade-najskor-vymenili-ludi-teraz-menia-ustavu\/#primaryimage"},"thumbnailUrl":"https:\/\/www.smedemokrati.sk\/wp-content\/uploads\/2026\/08\/fico-sudna-rada.jpg","articleSection":["Tla\u010dov\u00e9 spr\u00e1vy"],"inLanguage":"en-US"},{"@type":"WebPage","@id":"https:\/\/www.smedemokrati.sk\/fico-si-chce-zabetonovat-vplyv-v-sudnej-rade-najskor-vymenili-ludi-teraz-menia-ustavu\/","url":"https:\/\/www.smedemokrati.sk\/fico-si-chce-zabetonovat-vplyv-v-sudnej-rade-najskor-vymenili-ludi-teraz-menia-ustavu\/","name":"Fico si chce zabet\u00f3nova\u0165 vplyv v S\u00fadnej rade","isPartOf":{"@id":"https:\/\/www.smedemokrati.sk\/#website"},"primaryImageOfPage":{"@id":"https:\/\/www.smedemokrati.sk\/fico-si-chce-zabetonovat-vplyv-v-sudnej-rade-najskor-vymenili-ludi-teraz-menia-ustavu\/#primaryimage"},"image":{"@id":"https:\/\/www.smedemokrati.sk\/fico-si-chce-zabetonovat-vplyv-v-sudnej-rade-najskor-vymenili-ludi-teraz-menia-ustavu\/#primaryimage"},"thumbnailUrl":"https:\/\/www.smedemokrati.sk\/wp-content\/uploads\/2026\/08\/fico-sudna-rada.jpg","datePublished":"2026-08-28T10:23:53+00:00","dateModified":"2026-08-28T10:24:06+00:00","description":"Vl\u00e1da Roberta Fica schv\u00e1lila n\u00e1vrh novely \u00dastavy SR, ktor\u00fd z\u00e1sadne zasahuje aj do postavenia S\u00fadnej rady SR.","breadcrumb":{"@id":"https:\/\/www.smedemokrati.sk\/fico-si-chce-zabetonovat-vplyv-v-sudnej-rade-najskor-vymenili-ludi-teraz-menia-ustavu\/#breadcrumb"},"inLanguage":"en-US","potentialAction":[{"@type":"ReadAction","target":["https:\/\/www.smedemokrati.sk\/fico-si-chce-zabetonovat-vplyv-v-sudnej-rade-najskor-vymenili-ludi-teraz-menia-ustavu\/"]}]},{"@type":"ImageObject","inLanguage":"en-US","@id":"https:\/\/www.smedemokrati.sk\/fico-si-chce-zabetonovat-vplyv-v-sudnej-rade-najskor-vymenili-ludi-teraz-menia-ustavu\/#primaryimage","url":"https:\/\/www.smedemokrati.sk\/wp-content\/uploads\/2026\/08\/fico-sudna-rada.jpg","contentUrl":"https:\/\/www.smedemokrati.sk\/wp-content\/uploads\/2026\/08\/fico-sudna-rada.jpg","width":1280,"height":720},{"@type":"BreadcrumbList","@id":"https:\/\/www.smedemokrati.sk\/fico-si-chce-zabetonovat-vplyv-v-sudnej-rade-najskor-vymenili-ludi-teraz-menia-ustavu\/#breadcrumb","itemListElement":[{"@type":"ListItem","position":1,"name":"Domovsk\u00e1 str\u00e1nka","item":"https:\/\/www.smedemokrati.sk\/"},{"@type":"ListItem","position":2,"name":"Fico si chce zabet\u00f3nova\u0165 vplyv v S\u00fadnej rade. Najsk\u00f4r vymenili \u013eud\u00ed, teraz menia \u00dastavu"}]},{"@type":"WebSite","@id":"https:\/\/www.smedemokrati.sk\/#website","url":"https:\/\/www.smedemokrati.sk\/","name":"Smedemokrati.sk","description":"Demokracia a slu\u0161nos\u0165 zv\u00ed\u0165az\u00ed","publisher":{"@id":"https:\/\/www.smedemokrati.sk\/#organization"},"potentialAction":[{"@type":"SearchAction","target":{"@type":"EntryPoint","urlTemplate":"https:\/\/www.smedemokrati.sk\/?s={search_term_string}"},"query-input":{"@type":"PropertyValueSpecification","valueRequired":true,"valueName":"search_term_string"}}],"inLanguage":"en-US"},{"@type":"Organization","@id":"https:\/\/www.smedemokrati.sk\/#organization","name":"Smedemokrati.sk","url":"https:\/\/www.smedemokrati.sk\/","logo":{"@type":"ImageObject","inLanguage":"en-US","@id":"https:\/\/www.smedemokrati.sk\/#\/schema\/logo\/image\/","url":"https:\/\/www.smedemokrati.sk\/wp-content\/uploads\/2023\/04\/ff.002.jpeg","contentUrl":"https:\/\/www.smedemokrati.sk\/wp-content\/uploads\/2023\/04\/ff.002.jpeg","width":640,"height":480,"caption":"Smedemokrati.sk"},"image":{"@id":"https:\/\/www.smedemokrati.sk\/#\/schema\/logo\/image\/"},"sameAs":["https:\/\/www.facebook.com\/smedemokrati2023"]},{"@type":"Person","@id":"https:\/\/www.smedemokrati.sk\/#\/schema\/person\/21f147c88d605aa7ded900e1e7c344ba","name":"miro.sopko","image":{"@type":"ImageObject","inLanguage":"en-US","@id":"https:\/\/secure.gravatar.com\/avatar\/267e4a36f704376c109afe3a78740c1f5dd8675a2180a908699e7863c9247606?s=96&d=mm&r=g","url":"https:\/\/secure.gravatar.com\/avatar\/267e4a36f704376c109afe3a78740c1f5dd8675a2180a908699e7863c9247606?s=96&d=mm&r=g","contentUrl":"https:\/\/secure.gravatar.com\/avatar\/267e4a36f704376c109afe3a78740c1f5dd8675a2180a908699e7863c9247606?s=96&d=mm&r=g","caption":"miro.sopko"},"url":"https:\/\/www.smedemokrati.sk\/en\/author\/miro-sopko\/"}]}},"_links":{"self":[{"href":"https:\/\/www.smedemokrati.sk\/en\/wp-json\/wp\/v2\/posts\/9998","targetHints":{"allow":["GET"]}}],"collection":[{"href":"https:\/\/www.smedemokrati.sk\/en\/wp-json\/wp\/v2\/posts"}],"about":[{"href":"https:\/\/www.smedemokrati.sk\/en\/wp-json\/wp\/v2\/types\/post"}],"author":[{"embeddable":true,"href":"https:\/\/www.smedemokrati.sk\/en\/wp-json\/wp\/v2\/users\/13"}],"replies":[{"embeddable":true,"href":"https:\/\/www.smedemokrati.sk\/en\/wp-json\/wp\/v2\/comments?post=9998"}],"version-history":[{"count":2,"href":"https:\/\/www.smedemokrati.sk\/en\/wp-json\/wp\/v2\/posts\/9998\/revisions"}],"predecessor-version":[{"id":10001,"href":"https:\/\/www.smedemokrati.sk\/en\/wp-json\/wp\/v2\/posts\/9998\/revisions\/10001"}],"wp:featuredmedia":[{"embeddable":true,"href":"https:\/\/www.smedemokrati.sk\/en\/wp-json\/wp\/v2\/media\/9999"}],"wp:attachment":[{"href":"https:\/\/www.smedemokrati.sk\/en\/wp-json\/wp\/v2\/media?parent=9998"}],"wp:term":[{"taxonomy":"category","embeddable":true,"href":"https:\/\/www.smedemokrati.sk\/en\/wp-json\/wp\/v2\/categories?post=9998"},{"taxonomy":"post_tag","embeddable":true,"href":"https:\/\/www.smedemokrati.sk\/en\/wp-json\/wp\/v2\/tags?post=9998"}],"curies":[{"name":"wp","href":"https:\/\/api.w.org\/{rel}","templated":true}]}}