{"id":9278,"date":"2026-04-29T18:21:04","date_gmt":"2026-04-29T17:21:04","guid":{"rendered":"https:\/\/www.smedemokrati.sk\/?p=9278"},"modified":"2026-04-29T18:21:05","modified_gmt":"2026-04-29T17:21:05","slug":"vlada-rezignovala-na-ozdravenie-verejnych-financii-slovensko-plati-ucet-za-ich-alibizmus","status":"publish","type":"post","link":"https:\/\/www.smedemokrati.sk\/en\/vlada-rezignovala-na-ozdravenie-verejnych-financii-slovensko-plati-ucet-za-ich-alibizmus\/","title":{"rendered":"Vl\u00e1da rezignovala na ozdravenie verejn\u00fdch financi\u00ed. Slovensko plat\u00ed \u00fa\u010det za ich alibizmus"},"content":{"rendered":"<div id=\"fb-root\"><\/div>\n\n<p><strong>Demokrati ostro kritizuj\u00fa dne\u0161n\u00e9 rokovanie Vl\u00e1da Slovenskej republiky, ktor\u00e9 op\u00e4\u0165 neprinieslo \u017eiadne re\u00e1lne rie\u0161enia na zni\u017eovanie rozpo\u010dtov\u00e9ho deficitu ani jasn\u00fd pl\u00e1n konsolid\u00e1cie verejn\u00fdch financi\u00ed. Namiesto zodpovedn\u00fdch krokov sledujeme pokra\u010dovanie politiky rozd\u00e1vania, chaosu a ods\u00favania probl\u00e9mov na bud\u00face gener\u00e1cie. Dne\u0161n\u00e9 v\u00fdjazdov\u00e9 rokovanie vl\u00e1dy sa konalo v Liskovej pri Ru\u017eomberku.&nbsp;<\/strong><\/p>\n\n\n\n<p>Podpredseda strany Eduard Heger upozor\u0148uje, \u017ee kabinet R\u00f3berta Fica \u00faplne rezignoval na z\u00e1kladn\u00fa povinnos\u0165 \u0161t\u00e1tu \u2013 hospod\u00e1ri\u0165 zodpovedne.<\/p>\n\n\n\n<p><em>\u201eT\u00e1to vl\u00e1da absol\u00fatne rezignovala na ak\u00fako\u013evek snahu zni\u017eova\u0165 rozpo\u010dtov\u00fd cie\u013e a ozdravova\u0165 verejn\u00e9 financie. Namiesto reforiem sledujeme marketingov\u00e9 v\u00fdjazdy, rozd\u00e1vanie pe\u0148az\u00ed a odkladanie probl\u00e9mov, ktor\u00e9 nakoniec zaplatia ob\u010dania vy\u0161\u0161\u00edmi da\u0148ami a ni\u017e\u0161ou \u017eivotnou \u00farov\u0148ou,\u201c<\/em>&nbsp;vyhl\u00e1sil Eduard Heger.<\/p>\n\n\n\n<p>Pod\u013ea strany Demokrati vl\u00e1da premrhala obdobie, ke\u010f mala kona\u0165. Slovensko pritom \u010del\u00ed rast\u00facemu dlhu, drah\u00e9mu financovaniu \u0161t\u00e1tu a oslabenej d\u00f4vere investorov.<\/p>\n\n\n\n<p><em>\u201eKe\u010f \u0161t\u00e1t nem\u00e1 discipl\u00ednu, platia to rodiny, podnikatelia aj samospr\u00e1vy. Ka\u017ed\u00fd de\u0148 ne\u010dinnosti tejto vl\u00e1dy znamen\u00e1 drah\u0161iu bud\u00facnos\u0165 pre Slovensko,\u201c<\/em>&nbsp;doplnil Eduard Heger.<\/p>\n\n\n\n<p>Demokrati op\u00e4tovne vyz\u00fdvaj\u00fa vl\u00e1du, aby prestala hra\u0165 divadlo a predlo\u017eila d\u00f4veryhodn\u00fd pl\u00e1n ozdravenia verejn\u00fdch financi\u00ed, ktor\u00fd nebude postaven\u00fd na zdieran\u00ed \u013eud\u00ed, ale na efekt\u00edvnom \u0161t\u00e1te, raste ekonomiky a boji proti plytvaniu.<\/p>\n","protected":false},"excerpt":{"rendered":"<p>Demokrati ostro kritizuj\u00fa dne\u0161n\u00e9 rokovanie Vl\u00e1da Slovenskej republiky, ktor\u00e9 op\u00e4\u0165 neprinieslo \u017eiadne re\u00e1lne rie\u0161enia na zni\u017eovanie rozpo\u010dtov\u00e9ho deficitu ani jasn\u00fd pl\u00e1n konsolid\u00e1cie verejn\u00fdch financi\u00ed. Namiesto zodpovedn\u00fdch krokov sledujeme pokra\u010dovanie politiky rozd\u00e1vania, chaosu a ods\u00favania probl\u00e9mov na bud\u00face gener\u00e1cie. Dne\u0161n\u00e9 v\u00fdjazdov\u00e9 rokovanie vl\u00e1dy sa konalo v Liskovej pri Ru\u017eomberku.&nbsp; Podpredseda strany Eduard Heger upozor\u0148uje, \u017ee kabinet [&hellip;]<\/p>\n","protected":false},"author":13,"featured_media":249,"comment_status":"closed","ping_status":"closed","sticky":false,"template":"","format":"standard","meta":{"_acf_changed":false,"ngg_post_thumbnail":0,"footnotes":""},"categories":[4],"tags":[],"class_list":["post-9278","post","type-post","status-publish","format-standard","has-post-thumbnail","hentry","category-tlacove-spravy"],"acf":[],"yoast_head":"<!-- This site is optimized with the Yoast SEO plugin v27.2 - https:\/\/yoast.com\/product\/yoast-seo-wordpress\/ -->\n<title>Vl\u00e1da rezignovala na ozdravenie verejn\u00fdch financi\u00ed. Slovensko plat\u00ed \u00fa\u010det za ich alibizmus<\/title>\n<meta name=\"robots\" content=\"index, follow, max-snippet:-1, max-image-preview:large, max-video-preview:-1\" \/>\n<link rel=\"canonical\" href=\"https:\/\/www.smedemokrati.sk\/en\/vlada-rezignovala-na-ozdravenie-verejnych-financii-slovensko-plati-ucet-za-ich-alibizmus\/\" \/>\n<meta property=\"og:locale\" content=\"en_US\" \/>\n<meta property=\"og:locale:alternate\" content=\"cs_CZ\" \/>\n<meta property=\"og:locale:alternate\" content=\"hu_HU\" \/>\n<meta property=\"og:locale:alternate\" content=\"sk_SK\" \/>\n<meta property=\"og:locale:alternate\" content=\"sv_SE\" \/>\n<meta property=\"og:type\" content=\"article\" \/>\n<meta property=\"og:title\" content=\"Vl\u00e1da rezignovala na ozdravenie verejn\u00fdch financi\u00ed. Slovensko plat\u00ed \u00fa\u010det za ich alibizmus\" \/>\n<meta property=\"og:description\" content=\"Demokrati ostro kritizuj\u00fa dne\u0161n\u00e9 rokovanie Vl\u00e1da Slovenskej republiky, ktor\u00e9 op\u00e4\u0165 neprinieslo \u017eiadne re\u00e1lne rie\u0161enia na zni\u017eovanie rozpo\u010dtov\u00e9ho deficitu ani jasn\u00fd pl\u00e1n konsolid\u00e1cie verejn\u00fdch financi\u00ed. Namiesto zodpovedn\u00fdch krokov sledujeme pokra\u010dovanie politiky rozd\u00e1vania, chaosu a ods\u00favania probl\u00e9mov na bud\u00face gener\u00e1cie. Dne\u0161n\u00e9 v\u00fdjazdov\u00e9 rokovanie vl\u00e1dy sa konalo v Liskovej pri Ru\u017eomberku.&nbsp; Podpredseda strany Eduard Heger upozor\u0148uje, \u017ee kabinet [&hellip;]\" \/>\n<meta property=\"og:url\" content=\"https:\/\/www.smedemokrati.sk\/en\/vlada-rezignovala-na-ozdravenie-verejnych-financii-slovensko-plati-ucet-za-ich-alibizmus\/\" \/>\n<meta property=\"og:site_name\" content=\"Smedemokrati.sk\" \/>\n<meta property=\"article:publisher\" content=\"https:\/\/www.facebook.com\/smedemokrati2023\" \/>\n<meta property=\"article:published_time\" content=\"2026-04-29T17:21:04+00:00\" \/>\n<meta property=\"article:modified_time\" content=\"2026-04-29T17:21:05+00:00\" \/>\n<meta property=\"og:image\" content=\"https:\/\/www.smedemokrati.sk\/wp-content\/uploads\/2023\/04\/EH.jpg\" \/>\n\t<meta property=\"og:image:width\" content=\"1520\" \/>\n\t<meta property=\"og:image:height\" content=\"1080\" \/>\n\t<meta property=\"og:image:type\" content=\"image\/jpeg\" \/>\n<meta name=\"author\" content=\"miro.sopko\" \/>\n<meta name=\"twitter:card\" content=\"summary_large_image\" \/>\n<meta name=\"twitter:label1\" content=\"Written by\" \/>\n\t<meta name=\"twitter:data1\" content=\"miro.sopko\" \/>\n\t<meta name=\"twitter:label2\" content=\"Est. reading time\" \/>\n\t<meta name=\"twitter:data2\" content=\"2 minutes\" \/>\n<script type=\"application\/ld+json\" class=\"yoast-schema-graph\">{\"@context\":\"https:\/\/schema.org\",\"@graph\":[{\"@type\":\"Article\",\"@id\":\"https:\/\/www.smedemokrati.sk\/vlada-rezignovala-na-ozdravenie-verejnych-financii-slovensko-plati-ucet-za-ich-alibizmus\/#article\",\"isPartOf\":{\"@id\":\"https:\/\/www.smedemokrati.sk\/vlada-rezignovala-na-ozdravenie-verejnych-financii-slovensko-plati-ucet-za-ich-alibizmus\/\"},\"author\":{\"name\":\"miro.sopko\",\"@id\":\"https:\/\/www.smedemokrati.sk\/#\/schema\/person\/21f147c88d605aa7ded900e1e7c344ba\"},\"headline\":\"Vl\u00e1da rezignovala na ozdravenie verejn\u00fdch financi\u00ed. Slovensko plat\u00ed \u00fa\u010det za ich alibizmus\",\"datePublished\":\"2026-04-29T17:21:04+00:00\",\"dateModified\":\"2026-04-29T17:21:05+00:00\",\"mainEntityOfPage\":{\"@id\":\"https:\/\/www.smedemokrati.sk\/vlada-rezignovala-na-ozdravenie-verejnych-financii-slovensko-plati-ucet-za-ich-alibizmus\/\"},\"wordCount\":262,\"publisher\":{\"@id\":\"https:\/\/www.smedemokrati.sk\/#organization\"},\"image\":{\"@id\":\"https:\/\/www.smedemokrati.sk\/vlada-rezignovala-na-ozdravenie-verejnych-financii-slovensko-plati-ucet-za-ich-alibizmus\/#primaryimage\"},\"thumbnailUrl\":\"https:\/\/www.smedemokrati.sk\/wp-content\/uploads\/2023\/04\/EH.jpg\",\"articleSection\":[\"Tla\u010dov\u00e9 spr\u00e1vy\"],\"inLanguage\":\"en-US\"},{\"@type\":\"WebPage\",\"@id\":\"https:\/\/www.smedemokrati.sk\/vlada-rezignovala-na-ozdravenie-verejnych-financii-slovensko-plati-ucet-za-ich-alibizmus\/\",\"url\":\"https:\/\/www.smedemokrati.sk\/vlada-rezignovala-na-ozdravenie-verejnych-financii-slovensko-plati-ucet-za-ich-alibizmus\/\",\"name\":\"Vl\u00e1da rezignovala na ozdravenie verejn\u00fdch financi\u00ed. Slovensko plat\u00ed \u00fa\u010det za ich alibizmus\",\"isPartOf\":{\"@id\":\"https:\/\/www.smedemokrati.sk\/#website\"},\"primaryImageOfPage\":{\"@id\":\"https:\/\/www.smedemokrati.sk\/vlada-rezignovala-na-ozdravenie-verejnych-financii-slovensko-plati-ucet-za-ich-alibizmus\/#primaryimage\"},\"image\":{\"@id\":\"https:\/\/www.smedemokrati.sk\/vlada-rezignovala-na-ozdravenie-verejnych-financii-slovensko-plati-ucet-za-ich-alibizmus\/#primaryimage\"},\"thumbnailUrl\":\"https:\/\/www.smedemokrati.sk\/wp-content\/uploads\/2023\/04\/EH.jpg\",\"datePublished\":\"2026-04-29T17:21:04+00:00\",\"dateModified\":\"2026-04-29T17:21:05+00:00\",\"breadcrumb\":{\"@id\":\"https:\/\/www.smedemokrati.sk\/vlada-rezignovala-na-ozdravenie-verejnych-financii-slovensko-plati-ucet-za-ich-alibizmus\/#breadcrumb\"},\"inLanguage\":\"en-US\",\"potentialAction\":[{\"@type\":\"ReadAction\",\"target\":[\"https:\/\/www.smedemokrati.sk\/vlada-rezignovala-na-ozdravenie-verejnych-financii-slovensko-plati-ucet-za-ich-alibizmus\/\"]}]},{\"@type\":\"ImageObject\",\"inLanguage\":\"en-US\",\"@id\":\"https:\/\/www.smedemokrati.sk\/vlada-rezignovala-na-ozdravenie-verejnych-financii-slovensko-plati-ucet-za-ich-alibizmus\/#primaryimage\",\"url\":\"https:\/\/www.smedemokrati.sk\/wp-content\/uploads\/2023\/04\/EH.jpg\",\"contentUrl\":\"https:\/\/www.smedemokrati.sk\/wp-content\/uploads\/2023\/04\/EH.jpg\",\"width\":1520,\"height\":1080},{\"@type\":\"BreadcrumbList\",\"@id\":\"https:\/\/www.smedemokrati.sk\/vlada-rezignovala-na-ozdravenie-verejnych-financii-slovensko-plati-ucet-za-ich-alibizmus\/#breadcrumb\",\"itemListElement\":[{\"@type\":\"ListItem\",\"position\":1,\"name\":\"Domovsk\u00e1 str\u00e1nka\",\"item\":\"https:\/\/www.smedemokrati.sk\/\"},{\"@type\":\"ListItem\",\"position\":2,\"name\":\"Vl\u00e1da rezignovala na ozdravenie verejn\u00fdch financi\u00ed. Slovensko plat\u00ed \u00fa\u010det za ich alibizmus\"}]},{\"@type\":\"WebSite\",\"@id\":\"https:\/\/www.smedemokrati.sk\/#website\",\"url\":\"https:\/\/www.smedemokrati.sk\/\",\"name\":\"Smedemokrati.sk\",\"description\":\"Demokracia a slu\u0161nos\u0165 zv\u00ed\u0165az\u00ed\",\"publisher\":{\"@id\":\"https:\/\/www.smedemokrati.sk\/#organization\"},\"potentialAction\":[{\"@type\":\"SearchAction\",\"target\":{\"@type\":\"EntryPoint\",\"urlTemplate\":\"https:\/\/www.smedemokrati.sk\/?s={search_term_string}\"},\"query-input\":{\"@type\":\"PropertyValueSpecification\",\"valueRequired\":true,\"valueName\":\"search_term_string\"}}],\"inLanguage\":\"en-US\"},{\"@type\":\"Organization\",\"@id\":\"https:\/\/www.smedemokrati.sk\/#organization\",\"name\":\"Smedemokrati.sk\",\"url\":\"https:\/\/www.smedemokrati.sk\/\",\"logo\":{\"@type\":\"ImageObject\",\"inLanguage\":\"en-US\",\"@id\":\"https:\/\/www.smedemokrati.sk\/#\/schema\/logo\/image\/\",\"url\":\"https:\/\/www.smedemokrati.sk\/wp-content\/uploads\/2023\/04\/ff.002.jpeg\",\"contentUrl\":\"https:\/\/www.smedemokrati.sk\/wp-content\/uploads\/2023\/04\/ff.002.jpeg\",\"width\":640,\"height\":480,\"caption\":\"Smedemokrati.sk\"},\"image\":{\"@id\":\"https:\/\/www.smedemokrati.sk\/#\/schema\/logo\/image\/\"},\"sameAs\":[\"https:\/\/www.facebook.com\/smedemokrati2023\"]},{\"@type\":\"Person\",\"@id\":\"https:\/\/www.smedemokrati.sk\/#\/schema\/person\/21f147c88d605aa7ded900e1e7c344ba\",\"name\":\"miro.sopko\",\"image\":{\"@type\":\"ImageObject\",\"inLanguage\":\"en-US\",\"@id\":\"https:\/\/secure.gravatar.com\/avatar\/267e4a36f704376c109afe3a78740c1f5dd8675a2180a908699e7863c9247606?s=96&d=mm&r=g\",\"url\":\"https:\/\/secure.gravatar.com\/avatar\/267e4a36f704376c109afe3a78740c1f5dd8675a2180a908699e7863c9247606?s=96&d=mm&r=g\",\"contentUrl\":\"https:\/\/secure.gravatar.com\/avatar\/267e4a36f704376c109afe3a78740c1f5dd8675a2180a908699e7863c9247606?s=96&d=mm&r=g\",\"caption\":\"miro.sopko\"},\"url\":\"https:\/\/www.smedemokrati.sk\/en\/author\/miro-sopko\/\"}]}<\/script>\n<!-- \/ Yoast SEO plugin. -->","yoast_head_json":{"title":"Vl\u00e1da rezignovala na ozdravenie verejn\u00fdch financi\u00ed. Slovensko plat\u00ed \u00fa\u010det za ich alibizmus","robots":{"index":"index","follow":"follow","max-snippet":"max-snippet:-1","max-image-preview":"max-image-preview:large","max-video-preview":"max-video-preview:-1"},"canonical":"https:\/\/www.smedemokrati.sk\/en\/vlada-rezignovala-na-ozdravenie-verejnych-financii-slovensko-plati-ucet-za-ich-alibizmus\/","og_locale":"en_US","og_type":"article","og_title":"[:sk]Vl\u00e1da rezignovala na ozdravenie verejn\u00fdch financi\u00ed. Slovensko plat\u00ed \u00fa\u010det za ich alibizmus[:] - Smedemokrati.sk","og_description":"Demokrati ostro kritizuj\u00fa dne\u0161n\u00e9 rokovanie Vl\u00e1da Slovenskej republiky, ktor\u00e9 op\u00e4\u0165 neprinieslo \u017eiadne re\u00e1lne rie\u0161enia na zni\u017eovanie rozpo\u010dtov\u00e9ho deficitu ani jasn\u00fd pl\u00e1n konsolid\u00e1cie verejn\u00fdch financi\u00ed. Namiesto zodpovedn\u00fdch krokov sledujeme pokra\u010dovanie politiky rozd\u00e1vania, chaosu a ods\u00favania probl\u00e9mov na bud\u00face gener\u00e1cie. Dne\u0161n\u00e9 v\u00fdjazdov\u00e9 rokovanie vl\u00e1dy sa konalo v Liskovej pri Ru\u017eomberku.&nbsp; Podpredseda strany Eduard Heger upozor\u0148uje, \u017ee kabinet [&hellip;]","og_url":"https:\/\/www.smedemokrati.sk\/en\/vlada-rezignovala-na-ozdravenie-verejnych-financii-slovensko-plati-ucet-za-ich-alibizmus\/","og_site_name":"Smedemokrati.sk","article_publisher":"https:\/\/www.facebook.com\/smedemokrati2023","article_published_time":"2026-04-29T17:21:04+00:00","article_modified_time":"2026-04-29T17:21:05+00:00","og_image":[{"width":1520,"height":1080,"url":"https:\/\/www.smedemokrati.sk\/wp-content\/uploads\/2023\/04\/EH.jpg","type":"image\/jpeg"}],"author":"miro.sopko","twitter_card":"summary_large_image","twitter_misc":{"Written by":"miro.sopko","Est. reading time":"2 minutes"},"schema":{"@context":"https:\/\/schema.org","@graph":[{"@type":"Article","@id":"https:\/\/www.smedemokrati.sk\/vlada-rezignovala-na-ozdravenie-verejnych-financii-slovensko-plati-ucet-za-ich-alibizmus\/#article","isPartOf":{"@id":"https:\/\/www.smedemokrati.sk\/vlada-rezignovala-na-ozdravenie-verejnych-financii-slovensko-plati-ucet-za-ich-alibizmus\/"},"author":{"name":"miro.sopko","@id":"https:\/\/www.smedemokrati.sk\/#\/schema\/person\/21f147c88d605aa7ded900e1e7c344ba"},"headline":"Vl\u00e1da rezignovala na ozdravenie verejn\u00fdch financi\u00ed. Slovensko plat\u00ed \u00fa\u010det za ich alibizmus","datePublished":"2026-04-29T17:21:04+00:00","dateModified":"2026-04-29T17:21:05+00:00","mainEntityOfPage":{"@id":"https:\/\/www.smedemokrati.sk\/vlada-rezignovala-na-ozdravenie-verejnych-financii-slovensko-plati-ucet-za-ich-alibizmus\/"},"wordCount":262,"publisher":{"@id":"https:\/\/www.smedemokrati.sk\/#organization"},"image":{"@id":"https:\/\/www.smedemokrati.sk\/vlada-rezignovala-na-ozdravenie-verejnych-financii-slovensko-plati-ucet-za-ich-alibizmus\/#primaryimage"},"thumbnailUrl":"https:\/\/www.smedemokrati.sk\/wp-content\/uploads\/2023\/04\/EH.jpg","articleSection":["Tla\u010dov\u00e9 spr\u00e1vy"],"inLanguage":"en-US"},{"@type":"WebPage","@id":"https:\/\/www.smedemokrati.sk\/vlada-rezignovala-na-ozdravenie-verejnych-financii-slovensko-plati-ucet-za-ich-alibizmus\/","url":"https:\/\/www.smedemokrati.sk\/vlada-rezignovala-na-ozdravenie-verejnych-financii-slovensko-plati-ucet-za-ich-alibizmus\/","name":"Vl\u00e1da rezignovala na ozdravenie verejn\u00fdch financi\u00ed. Slovensko plat\u00ed \u00fa\u010det za ich alibizmus","isPartOf":{"@id":"https:\/\/www.smedemokrati.sk\/#website"},"primaryImageOfPage":{"@id":"https:\/\/www.smedemokrati.sk\/vlada-rezignovala-na-ozdravenie-verejnych-financii-slovensko-plati-ucet-za-ich-alibizmus\/#primaryimage"},"image":{"@id":"https:\/\/www.smedemokrati.sk\/vlada-rezignovala-na-ozdravenie-verejnych-financii-slovensko-plati-ucet-za-ich-alibizmus\/#primaryimage"},"thumbnailUrl":"https:\/\/www.smedemokrati.sk\/wp-content\/uploads\/2023\/04\/EH.jpg","datePublished":"2026-04-29T17:21:04+00:00","dateModified":"2026-04-29T17:21:05+00:00","breadcrumb":{"@id":"https:\/\/www.smedemokrati.sk\/vlada-rezignovala-na-ozdravenie-verejnych-financii-slovensko-plati-ucet-za-ich-alibizmus\/#breadcrumb"},"inLanguage":"en-US","potentialAction":[{"@type":"ReadAction","target":["https:\/\/www.smedemokrati.sk\/vlada-rezignovala-na-ozdravenie-verejnych-financii-slovensko-plati-ucet-za-ich-alibizmus\/"]}]},{"@type":"ImageObject","inLanguage":"en-US","@id":"https:\/\/www.smedemokrati.sk\/vlada-rezignovala-na-ozdravenie-verejnych-financii-slovensko-plati-ucet-za-ich-alibizmus\/#primaryimage","url":"https:\/\/www.smedemokrati.sk\/wp-content\/uploads\/2023\/04\/EH.jpg","contentUrl":"https:\/\/www.smedemokrati.sk\/wp-content\/uploads\/2023\/04\/EH.jpg","width":1520,"height":1080},{"@type":"BreadcrumbList","@id":"https:\/\/www.smedemokrati.sk\/vlada-rezignovala-na-ozdravenie-verejnych-financii-slovensko-plati-ucet-za-ich-alibizmus\/#breadcrumb","itemListElement":[{"@type":"ListItem","position":1,"name":"Domovsk\u00e1 str\u00e1nka","item":"https:\/\/www.smedemokrati.sk\/"},{"@type":"ListItem","position":2,"name":"Vl\u00e1da rezignovala na ozdravenie verejn\u00fdch financi\u00ed. Slovensko plat\u00ed \u00fa\u010det za ich alibizmus"}]},{"@type":"WebSite","@id":"https:\/\/www.smedemokrati.sk\/#website","url":"https:\/\/www.smedemokrati.sk\/","name":"Smedemokrati.sk","description":"Demokracia a slu\u0161nos\u0165 zv\u00ed\u0165az\u00ed","publisher":{"@id":"https:\/\/www.smedemokrati.sk\/#organization"},"potentialAction":[{"@type":"SearchAction","target":{"@type":"EntryPoint","urlTemplate":"https:\/\/www.smedemokrati.sk\/?s={search_term_string}"},"query-input":{"@type":"PropertyValueSpecification","valueRequired":true,"valueName":"search_term_string"}}],"inLanguage":"en-US"},{"@type":"Organization","@id":"https:\/\/www.smedemokrati.sk\/#organization","name":"Smedemokrati.sk","url":"https:\/\/www.smedemokrati.sk\/","logo":{"@type":"ImageObject","inLanguage":"en-US","@id":"https:\/\/www.smedemokrati.sk\/#\/schema\/logo\/image\/","url":"https:\/\/www.smedemokrati.sk\/wp-content\/uploads\/2023\/04\/ff.002.jpeg","contentUrl":"https:\/\/www.smedemokrati.sk\/wp-content\/uploads\/2023\/04\/ff.002.jpeg","width":640,"height":480,"caption":"Smedemokrati.sk"},"image":{"@id":"https:\/\/www.smedemokrati.sk\/#\/schema\/logo\/image\/"},"sameAs":["https:\/\/www.facebook.com\/smedemokrati2023"]},{"@type":"Person","@id":"https:\/\/www.smedemokrati.sk\/#\/schema\/person\/21f147c88d605aa7ded900e1e7c344ba","name":"miro.sopko","image":{"@type":"ImageObject","inLanguage":"en-US","@id":"https:\/\/secure.gravatar.com\/avatar\/267e4a36f704376c109afe3a78740c1f5dd8675a2180a908699e7863c9247606?s=96&d=mm&r=g","url":"https:\/\/secure.gravatar.com\/avatar\/267e4a36f704376c109afe3a78740c1f5dd8675a2180a908699e7863c9247606?s=96&d=mm&r=g","contentUrl":"https:\/\/secure.gravatar.com\/avatar\/267e4a36f704376c109afe3a78740c1f5dd8675a2180a908699e7863c9247606?s=96&d=mm&r=g","caption":"miro.sopko"},"url":"https:\/\/www.smedemokrati.sk\/en\/author\/miro-sopko\/"}]}},"_links":{"self":[{"href":"https:\/\/www.smedemokrati.sk\/en\/wp-json\/wp\/v2\/posts\/9278","targetHints":{"allow":["GET"]}}],"collection":[{"href":"https:\/\/www.smedemokrati.sk\/en\/wp-json\/wp\/v2\/posts"}],"about":[{"href":"https:\/\/www.smedemokrati.sk\/en\/wp-json\/wp\/v2\/types\/post"}],"author":[{"embeddable":true,"href":"https:\/\/www.smedemokrati.sk\/en\/wp-json\/wp\/v2\/users\/13"}],"replies":[{"embeddable":true,"href":"https:\/\/www.smedemokrati.sk\/en\/wp-json\/wp\/v2\/comments?post=9278"}],"version-history":[{"count":1,"href":"https:\/\/www.smedemokrati.sk\/en\/wp-json\/wp\/v2\/posts\/9278\/revisions"}],"predecessor-version":[{"id":9279,"href":"https:\/\/www.smedemokrati.sk\/en\/wp-json\/wp\/v2\/posts\/9278\/revisions\/9279"}],"wp:featuredmedia":[{"embeddable":true,"href":"https:\/\/www.smedemokrati.sk\/en\/wp-json\/wp\/v2\/media\/249"}],"wp:attachment":[{"href":"https:\/\/www.smedemokrati.sk\/en\/wp-json\/wp\/v2\/media?parent=9278"}],"wp:term":[{"taxonomy":"category","embeddable":true,"href":"https:\/\/www.smedemokrati.sk\/en\/wp-json\/wp\/v2\/categories?post=9278"},{"taxonomy":"post_tag","embeddable":true,"href":"https:\/\/www.smedemokrati.sk\/en\/wp-json\/wp\/v2\/tags?post=9278"}],"curies":[{"name":"wp","href":"https:\/\/api.w.org\/{rel}","templated":true}]}}