{"id":9269,"date":"2026-04-29T09:19:56","date_gmt":"2026-04-29T08:19:56","guid":{"rendered":"https:\/\/www.smedemokrati.sk\/?p=9269"},"modified":"2026-04-29T09:19:57","modified_gmt":"2026-04-29T08:19:57","slug":"ppa-opat-v-centre-podozreni-poslanec-galko-podporil-mimoriadnu-schodzu-parlamentu","status":"publish","type":"post","link":"https:\/\/www.smedemokrati.sk\/en\/ppa-opat-v-centre-podozreni-poslanec-galko-podporil-mimoriadnu-schodzu-parlamentu\/","title":{"rendered":"PPA op\u00e4\u0165 v centre podozren\u00ed. Poslanec Galko podporil mimoriadnu sch\u00f4dzu parlamentu"},"content":{"rendered":"<div id=\"fb-root\"><\/div>\n\n<p><strong>Strana Demokrati v\u00edta iniciat\u00edvu na zvolanie mimoriadnej sch\u00f4dze N\u00e1rodnej rady SR k situ\u00e1cii v P\u00f4dohospod\u00e1rskej platobnej agent\u00fare (PPA). Poslanec \u013dubom\u00edr Galko, s ktor\u00fdm strana Demokrati dlhodobo spolupracuje, sa podp\u00edsal pod n\u00e1vrh Progres\u00edvneho Slovenska na zvolanie tejto mimoriadnej sch\u00f4dze.<\/strong><\/p>\n\n\n\n<p><em>\u201eAk sa z eurofondov a po\u013enohospod\u00e1rskych dot\u00e1ci\u00ed op\u00e4\u0165 st\u00e1va priestor pre k\u0161efty vyvolen\u00fdch, parlament nem\u00f4\u017ee ml\u010da\u0165. Verejnos\u0165 m\u00e1 pr\u00e1vo vedie\u0165, kto a ako rozhodoval o mili\u00f3noch eur,\u201c<\/em>&nbsp;uviedol poslanec \u013dubom\u00edr Galko.&nbsp;<\/p>\n\n\n\n<p>Galko sa podp\u00edsal pod n\u00e1vrh Progres\u00edvneho Slovenska na zvolanie mimoriadnej sch\u00f4dze N\u00e1rodnej rady SR k situ\u00e1cii v P\u00f4dohospod\u00e1rskej platobnej agent\u00fare (PPA).<\/p>\n\n\n\n<p>Strana Demokrati pova\u017euje za nevyhnutn\u00e9, aby sa podozrenia zo zneu\u017e\u00edvania dot\u00e1ci\u00ed, netransparentn\u00e9ho rozhodovania a mo\u017en\u00e9ho klientelizmu v PPA riadne preverili. PPA nesmie by\u0165 op\u00e4\u0165 symbolom beztrestnosti a politick\u00fdch kryt\u00ed.<\/p>\n","protected":false},"excerpt":{"rendered":"<p>Strana Demokrati v\u00edta iniciat\u00edvu na zvolanie mimoriadnej sch\u00f4dze N\u00e1rodnej rady SR k situ\u00e1cii v P\u00f4dohospod\u00e1rskej platobnej agent\u00fare (PPA). Poslanec \u013dubom\u00edr Galko, s ktor\u00fdm strana Demokrati dlhodobo spolupracuje, sa podp\u00edsal pod n\u00e1vrh Progres\u00edvneho Slovenska na zvolanie tejto mimoriadnej sch\u00f4dze. \u201eAk sa z eurofondov a po\u013enohospod\u00e1rskych dot\u00e1ci\u00ed op\u00e4\u0165 st\u00e1va priestor pre k\u0161efty vyvolen\u00fdch, parlament nem\u00f4\u017ee ml\u010da\u0165. Verejnos\u0165 [&hellip;]<\/p>\n","protected":false},"author":13,"featured_media":6100,"comment_status":"closed","ping_status":"closed","sticky":false,"template":"","format":"standard","meta":{"_acf_changed":false,"ngg_post_thumbnail":0,"footnotes":""},"categories":[4],"tags":[],"class_list":["post-9269","post","type-post","status-publish","format-standard","has-post-thumbnail","hentry","category-tlacove-spravy"],"acf":[],"yoast_head":"<!-- This site is optimized with the Yoast SEO plugin v27.2 - https:\/\/yoast.com\/product\/yoast-seo-wordpress\/ -->\n<title>PPA op\u00e4\u0165 v centre podozren\u00ed. Poslanec Galko podporil mimoriadnu sch\u00f4dzu parlamentu<\/title>\n<meta name=\"robots\" content=\"index, follow, max-snippet:-1, max-image-preview:large, max-video-preview:-1\" \/>\n<link rel=\"canonical\" href=\"https:\/\/www.smedemokrati.sk\/en\/ppa-opat-v-centre-podozreni-poslanec-galko-podporil-mimoriadnu-schodzu-parlamentu\/\" \/>\n<meta property=\"og:locale\" content=\"en_US\" \/>\n<meta property=\"og:locale:alternate\" content=\"cs_CZ\" \/>\n<meta property=\"og:locale:alternate\" content=\"hu_HU\" \/>\n<meta property=\"og:locale:alternate\" content=\"sk_SK\" \/>\n<meta property=\"og:locale:alternate\" content=\"sv_SE\" \/>\n<meta property=\"og:type\" content=\"article\" \/>\n<meta property=\"og:title\" content=\"PPA op\u00e4\u0165 v centre podozren\u00ed. Poslanec Galko podporil mimoriadnu sch\u00f4dzu parlamentu\" \/>\n<meta property=\"og:description\" content=\"Strana Demokrati v\u00edta iniciat\u00edvu na zvolanie mimoriadnej sch\u00f4dze N\u00e1rodnej rady SR k situ\u00e1cii v P\u00f4dohospod\u00e1rskej platobnej agent\u00fare (PPA). Poslanec \u013dubom\u00edr Galko, s ktor\u00fdm strana Demokrati dlhodobo spolupracuje, sa podp\u00edsal pod n\u00e1vrh Progres\u00edvneho Slovenska na zvolanie tejto mimoriadnej sch\u00f4dze. \u201eAk sa z eurofondov a po\u013enohospod\u00e1rskych dot\u00e1ci\u00ed op\u00e4\u0165 st\u00e1va priestor pre k\u0161efty vyvolen\u00fdch, parlament nem\u00f4\u017ee ml\u010da\u0165. Verejnos\u0165 [&hellip;]\" \/>\n<meta property=\"og:url\" content=\"https:\/\/www.smedemokrati.sk\/en\/ppa-opat-v-centre-podozreni-poslanec-galko-podporil-mimoriadnu-schodzu-parlamentu\/\" \/>\n<meta property=\"og:site_name\" content=\"Smedemokrati.sk\" \/>\n<meta property=\"article:publisher\" content=\"https:\/\/www.facebook.com\/smedemokrati2023\" \/>\n<meta property=\"article:published_time\" content=\"2026-04-29T08:19:56+00:00\" \/>\n<meta property=\"article:modified_time\" content=\"2026-04-29T08:19:57+00:00\" \/>\n<meta property=\"og:image\" content=\"https:\/\/www.smedemokrati.sk\/wp-content\/uploads\/2025\/01\/LG.jpg\" \/>\n\t<meta property=\"og:image:width\" content=\"600\" \/>\n\t<meta property=\"og:image:height\" content=\"425\" \/>\n\t<meta property=\"og:image:type\" content=\"image\/jpeg\" \/>\n<meta name=\"author\" content=\"miro.sopko\" \/>\n<meta name=\"twitter:card\" content=\"summary_large_image\" \/>\n<meta name=\"twitter:label1\" content=\"Written by\" \/>\n\t<meta name=\"twitter:data1\" content=\"miro.sopko\" \/>\n\t<meta name=\"twitter:label2\" content=\"Est. reading time\" \/>\n\t<meta name=\"twitter:data2\" content=\"1 minute\" \/>\n<script type=\"application\/ld+json\" class=\"yoast-schema-graph\">{\"@context\":\"https:\/\/schema.org\",\"@graph\":[{\"@type\":\"Article\",\"@id\":\"https:\/\/www.smedemokrati.sk\/ppa-opat-v-centre-podozreni-poslanec-galko-podporil-mimoriadnu-schodzu-parlamentu\/#article\",\"isPartOf\":{\"@id\":\"https:\/\/www.smedemokrati.sk\/ppa-opat-v-centre-podozreni-poslanec-galko-podporil-mimoriadnu-schodzu-parlamentu\/\"},\"author\":{\"name\":\"miro.sopko\",\"@id\":\"https:\/\/www.smedemokrati.sk\/#\/schema\/person\/21f147c88d605aa7ded900e1e7c344ba\"},\"headline\":\"PPA op\u00e4\u0165 v centre podozren\u00ed. Poslanec Galko podporil mimoriadnu sch\u00f4dzu parlamentu\",\"datePublished\":\"2026-04-29T08:19:56+00:00\",\"dateModified\":\"2026-04-29T08:19:57+00:00\",\"mainEntityOfPage\":{\"@id\":\"https:\/\/www.smedemokrati.sk\/ppa-opat-v-centre-podozreni-poslanec-galko-podporil-mimoriadnu-schodzu-parlamentu\/\"},\"wordCount\":176,\"publisher\":{\"@id\":\"https:\/\/www.smedemokrati.sk\/#organization\"},\"image\":{\"@id\":\"https:\/\/www.smedemokrati.sk\/ppa-opat-v-centre-podozreni-poslanec-galko-podporil-mimoriadnu-schodzu-parlamentu\/#primaryimage\"},\"thumbnailUrl\":\"https:\/\/www.smedemokrati.sk\/wp-content\/uploads\/2025\/01\/LG.jpg\",\"articleSection\":[\"Tla\u010dov\u00e9 spr\u00e1vy\"],\"inLanguage\":\"en-US\"},{\"@type\":\"WebPage\",\"@id\":\"https:\/\/www.smedemokrati.sk\/ppa-opat-v-centre-podozreni-poslanec-galko-podporil-mimoriadnu-schodzu-parlamentu\/\",\"url\":\"https:\/\/www.smedemokrati.sk\/ppa-opat-v-centre-podozreni-poslanec-galko-podporil-mimoriadnu-schodzu-parlamentu\/\",\"name\":\"PPA op\u00e4\u0165 v centre podozren\u00ed. Poslanec Galko podporil mimoriadnu sch\u00f4dzu parlamentu\",\"isPartOf\":{\"@id\":\"https:\/\/www.smedemokrati.sk\/#website\"},\"primaryImageOfPage\":{\"@id\":\"https:\/\/www.smedemokrati.sk\/ppa-opat-v-centre-podozreni-poslanec-galko-podporil-mimoriadnu-schodzu-parlamentu\/#primaryimage\"},\"image\":{\"@id\":\"https:\/\/www.smedemokrati.sk\/ppa-opat-v-centre-podozreni-poslanec-galko-podporil-mimoriadnu-schodzu-parlamentu\/#primaryimage\"},\"thumbnailUrl\":\"https:\/\/www.smedemokrati.sk\/wp-content\/uploads\/2025\/01\/LG.jpg\",\"datePublished\":\"2026-04-29T08:19:56+00:00\",\"dateModified\":\"2026-04-29T08:19:57+00:00\",\"breadcrumb\":{\"@id\":\"https:\/\/www.smedemokrati.sk\/ppa-opat-v-centre-podozreni-poslanec-galko-podporil-mimoriadnu-schodzu-parlamentu\/#breadcrumb\"},\"inLanguage\":\"en-US\",\"potentialAction\":[{\"@type\":\"ReadAction\",\"target\":[\"https:\/\/www.smedemokrati.sk\/ppa-opat-v-centre-podozreni-poslanec-galko-podporil-mimoriadnu-schodzu-parlamentu\/\"]}]},{\"@type\":\"ImageObject\",\"inLanguage\":\"en-US\",\"@id\":\"https:\/\/www.smedemokrati.sk\/ppa-opat-v-centre-podozreni-poslanec-galko-podporil-mimoriadnu-schodzu-parlamentu\/#primaryimage\",\"url\":\"https:\/\/www.smedemokrati.sk\/wp-content\/uploads\/2025\/01\/LG.jpg\",\"contentUrl\":\"https:\/\/www.smedemokrati.sk\/wp-content\/uploads\/2025\/01\/LG.jpg\",\"width\":600,\"height\":425},{\"@type\":\"BreadcrumbList\",\"@id\":\"https:\/\/www.smedemokrati.sk\/ppa-opat-v-centre-podozreni-poslanec-galko-podporil-mimoriadnu-schodzu-parlamentu\/#breadcrumb\",\"itemListElement\":[{\"@type\":\"ListItem\",\"position\":1,\"name\":\"Domovsk\u00e1 str\u00e1nka\",\"item\":\"https:\/\/www.smedemokrati.sk\/\"},{\"@type\":\"ListItem\",\"position\":2,\"name\":\"PPA op\u00e4\u0165 v centre podozren\u00ed. Poslanec Galko podporil mimoriadnu sch\u00f4dzu parlamentu\"}]},{\"@type\":\"WebSite\",\"@id\":\"https:\/\/www.smedemokrati.sk\/#website\",\"url\":\"https:\/\/www.smedemokrati.sk\/\",\"name\":\"Smedemokrati.sk\",\"description\":\"Demokracia a slu\u0161nos\u0165 zv\u00ed\u0165az\u00ed\",\"publisher\":{\"@id\":\"https:\/\/www.smedemokrati.sk\/#organization\"},\"potentialAction\":[{\"@type\":\"SearchAction\",\"target\":{\"@type\":\"EntryPoint\",\"urlTemplate\":\"https:\/\/www.smedemokrati.sk\/?s={search_term_string}\"},\"query-input\":{\"@type\":\"PropertyValueSpecification\",\"valueRequired\":true,\"valueName\":\"search_term_string\"}}],\"inLanguage\":\"en-US\"},{\"@type\":\"Organization\",\"@id\":\"https:\/\/www.smedemokrati.sk\/#organization\",\"name\":\"Smedemokrati.sk\",\"url\":\"https:\/\/www.smedemokrati.sk\/\",\"logo\":{\"@type\":\"ImageObject\",\"inLanguage\":\"en-US\",\"@id\":\"https:\/\/www.smedemokrati.sk\/#\/schema\/logo\/image\/\",\"url\":\"https:\/\/www.smedemokrati.sk\/wp-content\/uploads\/2023\/04\/ff.002.jpeg\",\"contentUrl\":\"https:\/\/www.smedemokrati.sk\/wp-content\/uploads\/2023\/04\/ff.002.jpeg\",\"width\":640,\"height\":480,\"caption\":\"Smedemokrati.sk\"},\"image\":{\"@id\":\"https:\/\/www.smedemokrati.sk\/#\/schema\/logo\/image\/\"},\"sameAs\":[\"https:\/\/www.facebook.com\/smedemokrati2023\"]},{\"@type\":\"Person\",\"@id\":\"https:\/\/www.smedemokrati.sk\/#\/schema\/person\/21f147c88d605aa7ded900e1e7c344ba\",\"name\":\"miro.sopko\",\"image\":{\"@type\":\"ImageObject\",\"inLanguage\":\"en-US\",\"@id\":\"https:\/\/secure.gravatar.com\/avatar\/267e4a36f704376c109afe3a78740c1f5dd8675a2180a908699e7863c9247606?s=96&d=mm&r=g\",\"url\":\"https:\/\/secure.gravatar.com\/avatar\/267e4a36f704376c109afe3a78740c1f5dd8675a2180a908699e7863c9247606?s=96&d=mm&r=g\",\"contentUrl\":\"https:\/\/secure.gravatar.com\/avatar\/267e4a36f704376c109afe3a78740c1f5dd8675a2180a908699e7863c9247606?s=96&d=mm&r=g\",\"caption\":\"miro.sopko\"},\"url\":\"https:\/\/www.smedemokrati.sk\/en\/author\/miro-sopko\/\"}]}<\/script>\n<!-- \/ Yoast SEO plugin. -->","yoast_head_json":{"title":"PPA op\u00e4\u0165 v centre podozren\u00ed. Poslanec Galko podporil mimoriadnu sch\u00f4dzu parlamentu","robots":{"index":"index","follow":"follow","max-snippet":"max-snippet:-1","max-image-preview":"max-image-preview:large","max-video-preview":"max-video-preview:-1"},"canonical":"https:\/\/www.smedemokrati.sk\/en\/ppa-opat-v-centre-podozreni-poslanec-galko-podporil-mimoriadnu-schodzu-parlamentu\/","og_locale":"en_US","og_type":"article","og_title":"[:sk]PPA op\u00e4\u0165 v centre podozren\u00ed. Poslanec Galko podporil mimoriadnu sch\u00f4dzu parlamentu[:] - Smedemokrati.sk","og_description":"Strana Demokrati v\u00edta iniciat\u00edvu na zvolanie mimoriadnej sch\u00f4dze N\u00e1rodnej rady SR k situ\u00e1cii v P\u00f4dohospod\u00e1rskej platobnej agent\u00fare (PPA). Poslanec \u013dubom\u00edr Galko, s ktor\u00fdm strana Demokrati dlhodobo spolupracuje, sa podp\u00edsal pod n\u00e1vrh Progres\u00edvneho Slovenska na zvolanie tejto mimoriadnej sch\u00f4dze. \u201eAk sa z eurofondov a po\u013enohospod\u00e1rskych dot\u00e1ci\u00ed op\u00e4\u0165 st\u00e1va priestor pre k\u0161efty vyvolen\u00fdch, parlament nem\u00f4\u017ee ml\u010da\u0165. Verejnos\u0165 [&hellip;]","og_url":"https:\/\/www.smedemokrati.sk\/en\/ppa-opat-v-centre-podozreni-poslanec-galko-podporil-mimoriadnu-schodzu-parlamentu\/","og_site_name":"Smedemokrati.sk","article_publisher":"https:\/\/www.facebook.com\/smedemokrati2023","article_published_time":"2026-04-29T08:19:56+00:00","article_modified_time":"2026-04-29T08:19:57+00:00","og_image":[{"width":600,"height":425,"url":"https:\/\/www.smedemokrati.sk\/wp-content\/uploads\/2025\/01\/LG.jpg","type":"image\/jpeg"}],"author":"miro.sopko","twitter_card":"summary_large_image","twitter_misc":{"Written by":"miro.sopko","Est. reading time":"1 minute"},"schema":{"@context":"https:\/\/schema.org","@graph":[{"@type":"Article","@id":"https:\/\/www.smedemokrati.sk\/ppa-opat-v-centre-podozreni-poslanec-galko-podporil-mimoriadnu-schodzu-parlamentu\/#article","isPartOf":{"@id":"https:\/\/www.smedemokrati.sk\/ppa-opat-v-centre-podozreni-poslanec-galko-podporil-mimoriadnu-schodzu-parlamentu\/"},"author":{"name":"miro.sopko","@id":"https:\/\/www.smedemokrati.sk\/#\/schema\/person\/21f147c88d605aa7ded900e1e7c344ba"},"headline":"PPA op\u00e4\u0165 v centre podozren\u00ed. Poslanec Galko podporil mimoriadnu sch\u00f4dzu parlamentu","datePublished":"2026-04-29T08:19:56+00:00","dateModified":"2026-04-29T08:19:57+00:00","mainEntityOfPage":{"@id":"https:\/\/www.smedemokrati.sk\/ppa-opat-v-centre-podozreni-poslanec-galko-podporil-mimoriadnu-schodzu-parlamentu\/"},"wordCount":176,"publisher":{"@id":"https:\/\/www.smedemokrati.sk\/#organization"},"image":{"@id":"https:\/\/www.smedemokrati.sk\/ppa-opat-v-centre-podozreni-poslanec-galko-podporil-mimoriadnu-schodzu-parlamentu\/#primaryimage"},"thumbnailUrl":"https:\/\/www.smedemokrati.sk\/wp-content\/uploads\/2025\/01\/LG.jpg","articleSection":["Tla\u010dov\u00e9 spr\u00e1vy"],"inLanguage":"en-US"},{"@type":"WebPage","@id":"https:\/\/www.smedemokrati.sk\/ppa-opat-v-centre-podozreni-poslanec-galko-podporil-mimoriadnu-schodzu-parlamentu\/","url":"https:\/\/www.smedemokrati.sk\/ppa-opat-v-centre-podozreni-poslanec-galko-podporil-mimoriadnu-schodzu-parlamentu\/","name":"PPA op\u00e4\u0165 v centre podozren\u00ed. Poslanec Galko podporil mimoriadnu sch\u00f4dzu parlamentu","isPartOf":{"@id":"https:\/\/www.smedemokrati.sk\/#website"},"primaryImageOfPage":{"@id":"https:\/\/www.smedemokrati.sk\/ppa-opat-v-centre-podozreni-poslanec-galko-podporil-mimoriadnu-schodzu-parlamentu\/#primaryimage"},"image":{"@id":"https:\/\/www.smedemokrati.sk\/ppa-opat-v-centre-podozreni-poslanec-galko-podporil-mimoriadnu-schodzu-parlamentu\/#primaryimage"},"thumbnailUrl":"https:\/\/www.smedemokrati.sk\/wp-content\/uploads\/2025\/01\/LG.jpg","datePublished":"2026-04-29T08:19:56+00:00","dateModified":"2026-04-29T08:19:57+00:00","breadcrumb":{"@id":"https:\/\/www.smedemokrati.sk\/ppa-opat-v-centre-podozreni-poslanec-galko-podporil-mimoriadnu-schodzu-parlamentu\/#breadcrumb"},"inLanguage":"en-US","potentialAction":[{"@type":"ReadAction","target":["https:\/\/www.smedemokrati.sk\/ppa-opat-v-centre-podozreni-poslanec-galko-podporil-mimoriadnu-schodzu-parlamentu\/"]}]},{"@type":"ImageObject","inLanguage":"en-US","@id":"https:\/\/www.smedemokrati.sk\/ppa-opat-v-centre-podozreni-poslanec-galko-podporil-mimoriadnu-schodzu-parlamentu\/#primaryimage","url":"https:\/\/www.smedemokrati.sk\/wp-content\/uploads\/2025\/01\/LG.jpg","contentUrl":"https:\/\/www.smedemokrati.sk\/wp-content\/uploads\/2025\/01\/LG.jpg","width":600,"height":425},{"@type":"BreadcrumbList","@id":"https:\/\/www.smedemokrati.sk\/ppa-opat-v-centre-podozreni-poslanec-galko-podporil-mimoriadnu-schodzu-parlamentu\/#breadcrumb","itemListElement":[{"@type":"ListItem","position":1,"name":"Domovsk\u00e1 str\u00e1nka","item":"https:\/\/www.smedemokrati.sk\/"},{"@type":"ListItem","position":2,"name":"PPA op\u00e4\u0165 v centre podozren\u00ed. Poslanec Galko podporil mimoriadnu sch\u00f4dzu parlamentu"}]},{"@type":"WebSite","@id":"https:\/\/www.smedemokrati.sk\/#website","url":"https:\/\/www.smedemokrati.sk\/","name":"Smedemokrati.sk","description":"Demokracia a slu\u0161nos\u0165 zv\u00ed\u0165az\u00ed","publisher":{"@id":"https:\/\/www.smedemokrati.sk\/#organization"},"potentialAction":[{"@type":"SearchAction","target":{"@type":"EntryPoint","urlTemplate":"https:\/\/www.smedemokrati.sk\/?s={search_term_string}"},"query-input":{"@type":"PropertyValueSpecification","valueRequired":true,"valueName":"search_term_string"}}],"inLanguage":"en-US"},{"@type":"Organization","@id":"https:\/\/www.smedemokrati.sk\/#organization","name":"Smedemokrati.sk","url":"https:\/\/www.smedemokrati.sk\/","logo":{"@type":"ImageObject","inLanguage":"en-US","@id":"https:\/\/www.smedemokrati.sk\/#\/schema\/logo\/image\/","url":"https:\/\/www.smedemokrati.sk\/wp-content\/uploads\/2023\/04\/ff.002.jpeg","contentUrl":"https:\/\/www.smedemokrati.sk\/wp-content\/uploads\/2023\/04\/ff.002.jpeg","width":640,"height":480,"caption":"Smedemokrati.sk"},"image":{"@id":"https:\/\/www.smedemokrati.sk\/#\/schema\/logo\/image\/"},"sameAs":["https:\/\/www.facebook.com\/smedemokrati2023"]},{"@type":"Person","@id":"https:\/\/www.smedemokrati.sk\/#\/schema\/person\/21f147c88d605aa7ded900e1e7c344ba","name":"miro.sopko","image":{"@type":"ImageObject","inLanguage":"en-US","@id":"https:\/\/secure.gravatar.com\/avatar\/267e4a36f704376c109afe3a78740c1f5dd8675a2180a908699e7863c9247606?s=96&d=mm&r=g","url":"https:\/\/secure.gravatar.com\/avatar\/267e4a36f704376c109afe3a78740c1f5dd8675a2180a908699e7863c9247606?s=96&d=mm&r=g","contentUrl":"https:\/\/secure.gravatar.com\/avatar\/267e4a36f704376c109afe3a78740c1f5dd8675a2180a908699e7863c9247606?s=96&d=mm&r=g","caption":"miro.sopko"},"url":"https:\/\/www.smedemokrati.sk\/en\/author\/miro-sopko\/"}]}},"_links":{"self":[{"href":"https:\/\/www.smedemokrati.sk\/en\/wp-json\/wp\/v2\/posts\/9269","targetHints":{"allow":["GET"]}}],"collection":[{"href":"https:\/\/www.smedemokrati.sk\/en\/wp-json\/wp\/v2\/posts"}],"about":[{"href":"https:\/\/www.smedemokrati.sk\/en\/wp-json\/wp\/v2\/types\/post"}],"author":[{"embeddable":true,"href":"https:\/\/www.smedemokrati.sk\/en\/wp-json\/wp\/v2\/users\/13"}],"replies":[{"embeddable":true,"href":"https:\/\/www.smedemokrati.sk\/en\/wp-json\/wp\/v2\/comments?post=9269"}],"version-history":[{"count":1,"href":"https:\/\/www.smedemokrati.sk\/en\/wp-json\/wp\/v2\/posts\/9269\/revisions"}],"predecessor-version":[{"id":9270,"href":"https:\/\/www.smedemokrati.sk\/en\/wp-json\/wp\/v2\/posts\/9269\/revisions\/9270"}],"wp:featuredmedia":[{"embeddable":true,"href":"https:\/\/www.smedemokrati.sk\/en\/wp-json\/wp\/v2\/media\/6100"}],"wp:attachment":[{"href":"https:\/\/www.smedemokrati.sk\/en\/wp-json\/wp\/v2\/media?parent=9269"}],"wp:term":[{"taxonomy":"category","embeddable":true,"href":"https:\/\/www.smedemokrati.sk\/en\/wp-json\/wp\/v2\/categories?post=9269"},{"taxonomy":"post_tag","embeddable":true,"href":"https:\/\/www.smedemokrati.sk\/en\/wp-json\/wp\/v2\/tags?post=9269"}],"curies":[{"name":"wp","href":"https:\/\/api.w.org\/{rel}","templated":true}]}}