{"id":9267,"date":"2026-04-28T17:30:40","date_gmt":"2026-04-28T16:30:40","guid":{"rendered":"https:\/\/www.smedemokrati.sk\/?p=9267"},"modified":"2026-04-28T17:30:40","modified_gmt":"2026-04-28T16:30:40","slug":"zonacie-narodnych-parkov-ignoruju-napriek-upozorneniam-europsku-legislativu","status":"publish","type":"post","link":"https:\/\/www.smedemokrati.sk\/en\/zonacie-narodnych-parkov-ignoruju-napriek-upozorneniam-europsku-legislativu\/","title":{"rendered":"Zon\u00e1cie n\u00e1rodn\u00fdch parkov ignoruj\u00fa napriek upozorneniam eur\u00f3psku legislat\u00edvu"},"content":{"rendered":"<div id=\"fb-root\"><\/div>\n\n<p><strong>Napriek zverejn\u00e9mu stanovisku Eur\u00f3pskej komisie (EK) vl\u00e1da nechce prist\u00fapi\u0165 k zabezpe\u010deniu s\u00faladu zon\u00e1ci\u00ed n\u00e1rodn\u00fdch parkov s eur\u00f3pskou legislat\u00edvou. V bud\u00facnosti to m\u00f4\u017ee vyvola\u0165 viacer\u00e9 konania o poru\u0161enie pr\u00e1va E\u00da, tzv. infringementy. Taraba namiesto vecn\u00e9ho dial\u00f3gu \u00fato\u010d\u00ed na vedcov a str\u00e1p\u0148uje sa v priamom prenose. Za presadenie z\u00e1umov oligarchov je pripraven\u00fd obetova\u0165 nielen z\u00e1ujmy slovenskej pr\u00edrody, ale aj ne\u0161t\u00e1tnych vlastn\u00edkov. Vyz\u00fdvame vl\u00e1du, osobitne ministra Druckera, aby Tarabovi ulo\u017eili uznesen\u00edm predlo\u017ei\u0165 n\u00e1vrhy zon\u00e1ci\u00ed v podobe predlo\u017eenej Slovenskou akad\u00e9miou vied (SAV) a ods\u00fahlasen\u00e9 EK.\u00a0<\/strong><\/p>\n\n\n\n<p>Proti \u00fatokom Tarabu na vedcov zo SAV sa verejne ohradila aj EK, ktor\u00e1 \u201cvyzvala ministerstvo \u017eivotn\u00e9ho prostredia, aby sa riadilo odpor\u00fa\u010daniami zalo\u017een\u00fdmi na relevantn\u00fdch \u00fadajoch vr\u00e1tane odpor\u00fa\u010dan\u00ed Slovenskej akad\u00e9mie vied.\u201d&nbsp;<\/p>\n\n\n\n<p>\u201e<em>Taraba sa doslova str\u00e1pnil svojimi insitn\u00fdmi fotografiami, ktor\u00fdmi sa sna\u017eil po\u010das rokovania s EK spochybni\u0165 SAV, av\u0161ak ani len netrafil lokalitu. Napriek opakovan\u00fdm upozorneniam, vr\u00e1tane parlamentnej hodiny ot\u00e1zok, minister Druckej odmieta prevzia\u0165 zodpovednos\u0165 za s\u00falad zon\u00e1ci\u00ed s eur\u00f3pskou legislat\u00edvou, najm\u00e4 v pr\u00edpade zni\u017eovania stup\u0148ov ochrany na minim\u00e1lny a umo\u017enen\u00ed v\u00fdstavby \u010fal\u0161ej infra\u0161trukt\u00fary priemyseln\u00e9ho turizmu,<\/em>\u201d kritizuje Michal Ki\u010da, podpredseda Demokratov. \u00a0<\/p>\n\n\n\n<p>Taraba s Druckerom tak konaj\u00fa napriek verejn\u00e9mu stanovisku EK, ktor\u00e1 v\u00fdslovne uviedla, \u017ee \u201cak sa stupne ochrany oslabuj\u00fa s&nbsp;cie\u013eom u\u013eah\u010di\u0165 rozvoj ly\u017eiarskej infra\u0161trukt\u00fary, pod\u013ea pr\u00e1vnych predpisov E\u00da sa vy\u017eaduje vykonanie strategick\u00e9ho pos\u00fadenia vplyvov na \u017eivotn\u00e9 prostredie, tzv. SEA.\u201d Demokrati na to upozor\u0148uj\u00fa u\u017e skoro rok. Obdobn\u00e1 situ\u00e1cia je aj v pr\u00edpade smernice o biotopoch. \u017diadne z t\u00fdchto pos\u00faden\u00ed vl\u00e1da nevykonala a ani nepl\u00e1nuje vykona\u0165, \u010do m\u00f4\u017ee vies\u0165 k \u010fal\u0161\u00edm konaniam vo\u010di SR o poru\u0161enie pr\u00e1va E\u00da.&nbsp;<\/p>\n\n\n\n<p>\u201e<em>Ke\u010f\u017ee Taraba nie je schopn\u00fd a ani ochotn\u00fd zabezpe\u010di\u0165 ani element\u00e1rny s\u00falad zon\u00e1ci\u00ed s pr\u00e1vnymi predpismi, vyz\u00fdvame Druckera, aby ako zodpovedn\u00fd \u010dlen vl\u00e1dy predlo\u017eil n\u00e1vrh uznesenia, ktor\u00fdm sa ulo\u017e\u00ed ministrovi \u017eivotn\u00e9ho prostredia predlo\u017ei\u0165 na rokovanie vl\u00e1dy vedeck\u00e9 revidovan\u00e9 n\u00e1vrhy zon\u00e1ci\u00ed vypracovan\u00e9 SAV v spolupr\u00e1ci s Pr\u00edrodovedeckou fakultou UK a v s\u00falade s po\u017eiadavkami EK. Taraba m\u00e1 aj druh\u00fa alternat\u00edvu, m\u00f4\u017ee vyhodi\u0165 tzv. nov\u00e9 rozvojov\u00e9 plochy, teda ly\u017eiarsku infra\u0161trukt\u00faru a ponecha\u0165 v nej s\u00fa\u010dasn\u00fd stupe\u0148 ochrany. Teda, ak mu to p\u00e1n Rattaj dovol\u00ed,<\/em>\u201d vyhl\u00e1sil Ki\u010da.<\/p>\n\n\n\n<p>Preto\u017ee presne o toto tu ide. Taraba je pripraven\u00fd obetova\u0165 aj ne\u0161t\u00e1tnych vlastn\u00edkov, ktor\u00fdch len ohlupuje, ako za nich bojuje, aj riskova\u0165 \u010fal\u0161ie \u017ealoby z E\u00da, ktor\u00e9 padn\u00fa na bud\u00facu vlad\u00fa, len preto, aby vyhovel z\u00e1ujmom developerov. A spolu s n\u00edm rovnako kon\u00e1 aj Filip Kuffa, ktor\u00fd st\u00e1le nepredlo\u017eil novelu z\u00e1kona o ochrane pr\u00edrody a krajiny, ktor\u00e1 by \u00fa\u010dinne zabr\u00e1nila hrozbe privatiz\u00e1cie \u0161t\u00e1tnych pozemkov v n\u00e1rodn\u00fdch parkoch, hoci sme jej n\u00e1vrh d\u00e1vno predlo\u017eili do parlamentu za nich.&nbsp;<\/p>\n","protected":false},"excerpt":{"rendered":"<p>Napriek zverejn\u00e9mu stanovisku Eur\u00f3pskej komisie (EK) vl\u00e1da nechce prist\u00fapi\u0165 k zabezpe\u010deniu s\u00faladu zon\u00e1ci\u00ed n\u00e1rodn\u00fdch parkov s eur\u00f3pskou legislat\u00edvou. V bud\u00facnosti to m\u00f4\u017ee vyvola\u0165 viacer\u00e9 konania o poru\u0161enie pr\u00e1va E\u00da, tzv. infringementy. Taraba namiesto vecn\u00e9ho dial\u00f3gu \u00fato\u010d\u00ed na vedcov a str\u00e1p\u0148uje sa v priamom prenose. Za presadenie z\u00e1umov oligarchov je pripraven\u00fd obetova\u0165 nielen z\u00e1ujmy slovenskej pr\u00edrody, [&hellip;]<\/p>\n","protected":false},"author":13,"featured_media":6018,"comment_status":"closed","ping_status":"closed","sticky":false,"template":"","format":"standard","meta":{"_acf_changed":false,"ngg_post_thumbnail":0,"footnotes":""},"categories":[4],"tags":[],"class_list":["post-9267","post","type-post","status-publish","format-standard","has-post-thumbnail","hentry","category-tlacove-spravy"],"acf":[],"yoast_head":"<!-- This site is optimized with the Yoast SEO plugin v27.2 - https:\/\/yoast.com\/product\/yoast-seo-wordpress\/ -->\n<title>Zon\u00e1cie n\u00e1rodn\u00fdch parkov ignoruj\u00fa napriek upozorneniam eur\u00f3psku legislat\u00edvu<\/title>\n<meta name=\"robots\" content=\"index, follow, max-snippet:-1, max-image-preview:large, max-video-preview:-1\" \/>\n<link rel=\"canonical\" href=\"https:\/\/www.smedemokrati.sk\/en\/zonacie-narodnych-parkov-ignoruju-napriek-upozorneniam-europsku-legislativu\/\" \/>\n<meta property=\"og:locale\" content=\"en_US\" \/>\n<meta property=\"og:locale:alternate\" content=\"cs_CZ\" \/>\n<meta property=\"og:locale:alternate\" content=\"hu_HU\" \/>\n<meta property=\"og:locale:alternate\" content=\"sk_SK\" \/>\n<meta property=\"og:locale:alternate\" content=\"sv_SE\" \/>\n<meta property=\"og:type\" content=\"article\" \/>\n<meta property=\"og:title\" content=\"Zon\u00e1cie n\u00e1rodn\u00fdch parkov ignoruj\u00fa napriek upozorneniam eur\u00f3psku legislat\u00edvu\" \/>\n<meta property=\"og:description\" content=\"Napriek zverejn\u00e9mu stanovisku Eur\u00f3pskej komisie (EK) vl\u00e1da nechce prist\u00fapi\u0165 k zabezpe\u010deniu s\u00faladu zon\u00e1ci\u00ed n\u00e1rodn\u00fdch parkov s eur\u00f3pskou legislat\u00edvou. V bud\u00facnosti to m\u00f4\u017ee vyvola\u0165 viacer\u00e9 konania o poru\u0161enie pr\u00e1va E\u00da, tzv. infringementy. Taraba namiesto vecn\u00e9ho dial\u00f3gu \u00fato\u010d\u00ed na vedcov a str\u00e1p\u0148uje sa v priamom prenose. Za presadenie z\u00e1umov oligarchov je pripraven\u00fd obetova\u0165 nielen z\u00e1ujmy slovenskej pr\u00edrody, [&hellip;]\" \/>\n<meta property=\"og:url\" content=\"https:\/\/www.smedemokrati.sk\/en\/zonacie-narodnych-parkov-ignoruju-napriek-upozorneniam-europsku-legislativu\/\" \/>\n<meta property=\"og:site_name\" content=\"Smedemokrati.sk\" \/>\n<meta property=\"article:publisher\" content=\"https:\/\/www.facebook.com\/smedemokrati2023\" \/>\n<meta property=\"article:published_time\" content=\"2026-04-28T16:30:40+00:00\" \/>\n<meta property=\"og:image\" content=\"https:\/\/www.smedemokrati.sk\/wp-content\/uploads\/2024\/12\/nad-kica-mzp-e1734597190521.jpg\" \/>\n\t<meta property=\"og:image:width\" content=\"1185\" \/>\n\t<meta property=\"og:image:height\" content=\"660\" \/>\n\t<meta property=\"og:image:type\" content=\"image\/jpeg\" \/>\n<meta name=\"author\" content=\"miro.sopko\" \/>\n<meta name=\"twitter:card\" content=\"summary_large_image\" \/>\n<meta name=\"twitter:label1\" content=\"Written by\" \/>\n\t<meta name=\"twitter:data1\" content=\"miro.sopko\" \/>\n\t<meta name=\"twitter:label2\" content=\"Est. reading time\" \/>\n\t<meta name=\"twitter:data2\" content=\"3 minutes\" \/>\n<script type=\"application\/ld+json\" class=\"yoast-schema-graph\">{\"@context\":\"https:\/\/schema.org\",\"@graph\":[{\"@type\":\"Article\",\"@id\":\"https:\/\/www.smedemokrati.sk\/zonacie-narodnych-parkov-ignoruju-napriek-upozorneniam-europsku-legislativu\/#article\",\"isPartOf\":{\"@id\":\"https:\/\/www.smedemokrati.sk\/zonacie-narodnych-parkov-ignoruju-napriek-upozorneniam-europsku-legislativu\/\"},\"author\":{\"name\":\"miro.sopko\",\"@id\":\"https:\/\/www.smedemokrati.sk\/#\/schema\/person\/21f147c88d605aa7ded900e1e7c344ba\"},\"headline\":\"Zon\u00e1cie n\u00e1rodn\u00fdch parkov ignoruj\u00fa napriek upozorneniam eur\u00f3psku legislat\u00edvu\",\"datePublished\":\"2026-04-28T16:30:40+00:00\",\"mainEntityOfPage\":{\"@id\":\"https:\/\/www.smedemokrati.sk\/zonacie-narodnych-parkov-ignoruju-napriek-upozorneniam-europsku-legislativu\/\"},\"wordCount\":569,\"publisher\":{\"@id\":\"https:\/\/www.smedemokrati.sk\/#organization\"},\"image\":{\"@id\":\"https:\/\/www.smedemokrati.sk\/zonacie-narodnych-parkov-ignoruju-napriek-upozorneniam-europsku-legislativu\/#primaryimage\"},\"thumbnailUrl\":\"https:\/\/www.smedemokrati.sk\/wp-content\/uploads\/2024\/12\/nad-kica-mzp-e1734597190521.jpg\",\"articleSection\":[\"Tla\u010dov\u00e9 spr\u00e1vy\"],\"inLanguage\":\"en-US\"},{\"@type\":\"WebPage\",\"@id\":\"https:\/\/www.smedemokrati.sk\/zonacie-narodnych-parkov-ignoruju-napriek-upozorneniam-europsku-legislativu\/\",\"url\":\"https:\/\/www.smedemokrati.sk\/zonacie-narodnych-parkov-ignoruju-napriek-upozorneniam-europsku-legislativu\/\",\"name\":\"Zon\u00e1cie n\u00e1rodn\u00fdch parkov ignoruj\u00fa napriek upozorneniam eur\u00f3psku legislat\u00edvu\",\"isPartOf\":{\"@id\":\"https:\/\/www.smedemokrati.sk\/#website\"},\"primaryImageOfPage\":{\"@id\":\"https:\/\/www.smedemokrati.sk\/zonacie-narodnych-parkov-ignoruju-napriek-upozorneniam-europsku-legislativu\/#primaryimage\"},\"image\":{\"@id\":\"https:\/\/www.smedemokrati.sk\/zonacie-narodnych-parkov-ignoruju-napriek-upozorneniam-europsku-legislativu\/#primaryimage\"},\"thumbnailUrl\":\"https:\/\/www.smedemokrati.sk\/wp-content\/uploads\/2024\/12\/nad-kica-mzp-e1734597190521.jpg\",\"datePublished\":\"2026-04-28T16:30:40+00:00\",\"breadcrumb\":{\"@id\":\"https:\/\/www.smedemokrati.sk\/zonacie-narodnych-parkov-ignoruju-napriek-upozorneniam-europsku-legislativu\/#breadcrumb\"},\"inLanguage\":\"en-US\",\"potentialAction\":[{\"@type\":\"ReadAction\",\"target\":[\"https:\/\/www.smedemokrati.sk\/zonacie-narodnych-parkov-ignoruju-napriek-upozorneniam-europsku-legislativu\/\"]}]},{\"@type\":\"ImageObject\",\"inLanguage\":\"en-US\",\"@id\":\"https:\/\/www.smedemokrati.sk\/zonacie-narodnych-parkov-ignoruju-napriek-upozorneniam-europsku-legislativu\/#primaryimage\",\"url\":\"https:\/\/www.smedemokrati.sk\/wp-content\/uploads\/2024\/12\/nad-kica-mzp-e1734597190521.jpg\",\"contentUrl\":\"https:\/\/www.smedemokrati.sk\/wp-content\/uploads\/2024\/12\/nad-kica-mzp-e1734597190521.jpg\",\"width\":1185,\"height\":660},{\"@type\":\"BreadcrumbList\",\"@id\":\"https:\/\/www.smedemokrati.sk\/zonacie-narodnych-parkov-ignoruju-napriek-upozorneniam-europsku-legislativu\/#breadcrumb\",\"itemListElement\":[{\"@type\":\"ListItem\",\"position\":1,\"name\":\"Domovsk\u00e1 str\u00e1nka\",\"item\":\"https:\/\/www.smedemokrati.sk\/\"},{\"@type\":\"ListItem\",\"position\":2,\"name\":\"Zon\u00e1cie n\u00e1rodn\u00fdch parkov ignoruj\u00fa napriek upozorneniam eur\u00f3psku legislat\u00edvu\"}]},{\"@type\":\"WebSite\",\"@id\":\"https:\/\/www.smedemokrati.sk\/#website\",\"url\":\"https:\/\/www.smedemokrati.sk\/\",\"name\":\"Smedemokrati.sk\",\"description\":\"Demokracia a slu\u0161nos\u0165 zv\u00ed\u0165az\u00ed\",\"publisher\":{\"@id\":\"https:\/\/www.smedemokrati.sk\/#organization\"},\"potentialAction\":[{\"@type\":\"SearchAction\",\"target\":{\"@type\":\"EntryPoint\",\"urlTemplate\":\"https:\/\/www.smedemokrati.sk\/?s={search_term_string}\"},\"query-input\":{\"@type\":\"PropertyValueSpecification\",\"valueRequired\":true,\"valueName\":\"search_term_string\"}}],\"inLanguage\":\"en-US\"},{\"@type\":\"Organization\",\"@id\":\"https:\/\/www.smedemokrati.sk\/#organization\",\"name\":\"Smedemokrati.sk\",\"url\":\"https:\/\/www.smedemokrati.sk\/\",\"logo\":{\"@type\":\"ImageObject\",\"inLanguage\":\"en-US\",\"@id\":\"https:\/\/www.smedemokrati.sk\/#\/schema\/logo\/image\/\",\"url\":\"https:\/\/www.smedemokrati.sk\/wp-content\/uploads\/2023\/04\/ff.002.jpeg\",\"contentUrl\":\"https:\/\/www.smedemokrati.sk\/wp-content\/uploads\/2023\/04\/ff.002.jpeg\",\"width\":640,\"height\":480,\"caption\":\"Smedemokrati.sk\"},\"image\":{\"@id\":\"https:\/\/www.smedemokrati.sk\/#\/schema\/logo\/image\/\"},\"sameAs\":[\"https:\/\/www.facebook.com\/smedemokrati2023\"]},{\"@type\":\"Person\",\"@id\":\"https:\/\/www.smedemokrati.sk\/#\/schema\/person\/21f147c88d605aa7ded900e1e7c344ba\",\"name\":\"miro.sopko\",\"image\":{\"@type\":\"ImageObject\",\"inLanguage\":\"en-US\",\"@id\":\"https:\/\/secure.gravatar.com\/avatar\/267e4a36f704376c109afe3a78740c1f5dd8675a2180a908699e7863c9247606?s=96&d=mm&r=g\",\"url\":\"https:\/\/secure.gravatar.com\/avatar\/267e4a36f704376c109afe3a78740c1f5dd8675a2180a908699e7863c9247606?s=96&d=mm&r=g\",\"contentUrl\":\"https:\/\/secure.gravatar.com\/avatar\/267e4a36f704376c109afe3a78740c1f5dd8675a2180a908699e7863c9247606?s=96&d=mm&r=g\",\"caption\":\"miro.sopko\"},\"url\":\"https:\/\/www.smedemokrati.sk\/en\/author\/miro-sopko\/\"}]}<\/script>\n<!-- \/ Yoast SEO plugin. -->","yoast_head_json":{"title":"Zon\u00e1cie n\u00e1rodn\u00fdch parkov ignoruj\u00fa napriek upozorneniam eur\u00f3psku legislat\u00edvu","robots":{"index":"index","follow":"follow","max-snippet":"max-snippet:-1","max-image-preview":"max-image-preview:large","max-video-preview":"max-video-preview:-1"},"canonical":"https:\/\/www.smedemokrati.sk\/en\/zonacie-narodnych-parkov-ignoruju-napriek-upozorneniam-europsku-legislativu\/","og_locale":"en_US","og_type":"article","og_title":"[:sk]Zon\u00e1cie n\u00e1rodn\u00fdch parkov ignoruj\u00fa napriek upozorneniam eur\u00f3psku legislat\u00edvu[:] - Smedemokrati.sk","og_description":"Napriek zverejn\u00e9mu stanovisku Eur\u00f3pskej komisie (EK) vl\u00e1da nechce prist\u00fapi\u0165 k zabezpe\u010deniu s\u00faladu zon\u00e1ci\u00ed n\u00e1rodn\u00fdch parkov s eur\u00f3pskou legislat\u00edvou. V bud\u00facnosti to m\u00f4\u017ee vyvola\u0165 viacer\u00e9 konania o poru\u0161enie pr\u00e1va E\u00da, tzv. infringementy. Taraba namiesto vecn\u00e9ho dial\u00f3gu \u00fato\u010d\u00ed na vedcov a str\u00e1p\u0148uje sa v priamom prenose. Za presadenie z\u00e1umov oligarchov je pripraven\u00fd obetova\u0165 nielen z\u00e1ujmy slovenskej pr\u00edrody, [&hellip;]","og_url":"https:\/\/www.smedemokrati.sk\/en\/zonacie-narodnych-parkov-ignoruju-napriek-upozorneniam-europsku-legislativu\/","og_site_name":"Smedemokrati.sk","article_publisher":"https:\/\/www.facebook.com\/smedemokrati2023","article_published_time":"2026-04-28T16:30:40+00:00","og_image":[{"width":1185,"height":660,"url":"https:\/\/www.smedemokrati.sk\/wp-content\/uploads\/2024\/12\/nad-kica-mzp-e1734597190521.jpg","type":"image\/jpeg"}],"author":"miro.sopko","twitter_card":"summary_large_image","twitter_misc":{"Written by":"miro.sopko","Est. reading time":"3 minutes"},"schema":{"@context":"https:\/\/schema.org","@graph":[{"@type":"Article","@id":"https:\/\/www.smedemokrati.sk\/zonacie-narodnych-parkov-ignoruju-napriek-upozorneniam-europsku-legislativu\/#article","isPartOf":{"@id":"https:\/\/www.smedemokrati.sk\/zonacie-narodnych-parkov-ignoruju-napriek-upozorneniam-europsku-legislativu\/"},"author":{"name":"miro.sopko","@id":"https:\/\/www.smedemokrati.sk\/#\/schema\/person\/21f147c88d605aa7ded900e1e7c344ba"},"headline":"Zon\u00e1cie n\u00e1rodn\u00fdch parkov ignoruj\u00fa napriek upozorneniam eur\u00f3psku legislat\u00edvu","datePublished":"2026-04-28T16:30:40+00:00","mainEntityOfPage":{"@id":"https:\/\/www.smedemokrati.sk\/zonacie-narodnych-parkov-ignoruju-napriek-upozorneniam-europsku-legislativu\/"},"wordCount":569,"publisher":{"@id":"https:\/\/www.smedemokrati.sk\/#organization"},"image":{"@id":"https:\/\/www.smedemokrati.sk\/zonacie-narodnych-parkov-ignoruju-napriek-upozorneniam-europsku-legislativu\/#primaryimage"},"thumbnailUrl":"https:\/\/www.smedemokrati.sk\/wp-content\/uploads\/2024\/12\/nad-kica-mzp-e1734597190521.jpg","articleSection":["Tla\u010dov\u00e9 spr\u00e1vy"],"inLanguage":"en-US"},{"@type":"WebPage","@id":"https:\/\/www.smedemokrati.sk\/zonacie-narodnych-parkov-ignoruju-napriek-upozorneniam-europsku-legislativu\/","url":"https:\/\/www.smedemokrati.sk\/zonacie-narodnych-parkov-ignoruju-napriek-upozorneniam-europsku-legislativu\/","name":"Zon\u00e1cie n\u00e1rodn\u00fdch parkov ignoruj\u00fa napriek upozorneniam eur\u00f3psku legislat\u00edvu","isPartOf":{"@id":"https:\/\/www.smedemokrati.sk\/#website"},"primaryImageOfPage":{"@id":"https:\/\/www.smedemokrati.sk\/zonacie-narodnych-parkov-ignoruju-napriek-upozorneniam-europsku-legislativu\/#primaryimage"},"image":{"@id":"https:\/\/www.smedemokrati.sk\/zonacie-narodnych-parkov-ignoruju-napriek-upozorneniam-europsku-legislativu\/#primaryimage"},"thumbnailUrl":"https:\/\/www.smedemokrati.sk\/wp-content\/uploads\/2024\/12\/nad-kica-mzp-e1734597190521.jpg","datePublished":"2026-04-28T16:30:40+00:00","breadcrumb":{"@id":"https:\/\/www.smedemokrati.sk\/zonacie-narodnych-parkov-ignoruju-napriek-upozorneniam-europsku-legislativu\/#breadcrumb"},"inLanguage":"en-US","potentialAction":[{"@type":"ReadAction","target":["https:\/\/www.smedemokrati.sk\/zonacie-narodnych-parkov-ignoruju-napriek-upozorneniam-europsku-legislativu\/"]}]},{"@type":"ImageObject","inLanguage":"en-US","@id":"https:\/\/www.smedemokrati.sk\/zonacie-narodnych-parkov-ignoruju-napriek-upozorneniam-europsku-legislativu\/#primaryimage","url":"https:\/\/www.smedemokrati.sk\/wp-content\/uploads\/2024\/12\/nad-kica-mzp-e1734597190521.jpg","contentUrl":"https:\/\/www.smedemokrati.sk\/wp-content\/uploads\/2024\/12\/nad-kica-mzp-e1734597190521.jpg","width":1185,"height":660},{"@type":"BreadcrumbList","@id":"https:\/\/www.smedemokrati.sk\/zonacie-narodnych-parkov-ignoruju-napriek-upozorneniam-europsku-legislativu\/#breadcrumb","itemListElement":[{"@type":"ListItem","position":1,"name":"Domovsk\u00e1 str\u00e1nka","item":"https:\/\/www.smedemokrati.sk\/"},{"@type":"ListItem","position":2,"name":"Zon\u00e1cie n\u00e1rodn\u00fdch parkov ignoruj\u00fa napriek upozorneniam eur\u00f3psku legislat\u00edvu"}]},{"@type":"WebSite","@id":"https:\/\/www.smedemokrati.sk\/#website","url":"https:\/\/www.smedemokrati.sk\/","name":"Smedemokrati.sk","description":"Demokracia a slu\u0161nos\u0165 zv\u00ed\u0165az\u00ed","publisher":{"@id":"https:\/\/www.smedemokrati.sk\/#organization"},"potentialAction":[{"@type":"SearchAction","target":{"@type":"EntryPoint","urlTemplate":"https:\/\/www.smedemokrati.sk\/?s={search_term_string}"},"query-input":{"@type":"PropertyValueSpecification","valueRequired":true,"valueName":"search_term_string"}}],"inLanguage":"en-US"},{"@type":"Organization","@id":"https:\/\/www.smedemokrati.sk\/#organization","name":"Smedemokrati.sk","url":"https:\/\/www.smedemokrati.sk\/","logo":{"@type":"ImageObject","inLanguage":"en-US","@id":"https:\/\/www.smedemokrati.sk\/#\/schema\/logo\/image\/","url":"https:\/\/www.smedemokrati.sk\/wp-content\/uploads\/2023\/04\/ff.002.jpeg","contentUrl":"https:\/\/www.smedemokrati.sk\/wp-content\/uploads\/2023\/04\/ff.002.jpeg","width":640,"height":480,"caption":"Smedemokrati.sk"},"image":{"@id":"https:\/\/www.smedemokrati.sk\/#\/schema\/logo\/image\/"},"sameAs":["https:\/\/www.facebook.com\/smedemokrati2023"]},{"@type":"Person","@id":"https:\/\/www.smedemokrati.sk\/#\/schema\/person\/21f147c88d605aa7ded900e1e7c344ba","name":"miro.sopko","image":{"@type":"ImageObject","inLanguage":"en-US","@id":"https:\/\/secure.gravatar.com\/avatar\/267e4a36f704376c109afe3a78740c1f5dd8675a2180a908699e7863c9247606?s=96&d=mm&r=g","url":"https:\/\/secure.gravatar.com\/avatar\/267e4a36f704376c109afe3a78740c1f5dd8675a2180a908699e7863c9247606?s=96&d=mm&r=g","contentUrl":"https:\/\/secure.gravatar.com\/avatar\/267e4a36f704376c109afe3a78740c1f5dd8675a2180a908699e7863c9247606?s=96&d=mm&r=g","caption":"miro.sopko"},"url":"https:\/\/www.smedemokrati.sk\/en\/author\/miro-sopko\/"}]}},"_links":{"self":[{"href":"https:\/\/www.smedemokrati.sk\/en\/wp-json\/wp\/v2\/posts\/9267","targetHints":{"allow":["GET"]}}],"collection":[{"href":"https:\/\/www.smedemokrati.sk\/en\/wp-json\/wp\/v2\/posts"}],"about":[{"href":"https:\/\/www.smedemokrati.sk\/en\/wp-json\/wp\/v2\/types\/post"}],"author":[{"embeddable":true,"href":"https:\/\/www.smedemokrati.sk\/en\/wp-json\/wp\/v2\/users\/13"}],"replies":[{"embeddable":true,"href":"https:\/\/www.smedemokrati.sk\/en\/wp-json\/wp\/v2\/comments?post=9267"}],"version-history":[{"count":1,"href":"https:\/\/www.smedemokrati.sk\/en\/wp-json\/wp\/v2\/posts\/9267\/revisions"}],"predecessor-version":[{"id":9268,"href":"https:\/\/www.smedemokrati.sk\/en\/wp-json\/wp\/v2\/posts\/9267\/revisions\/9268"}],"wp:featuredmedia":[{"embeddable":true,"href":"https:\/\/www.smedemokrati.sk\/en\/wp-json\/wp\/v2\/media\/6018"}],"wp:attachment":[{"href":"https:\/\/www.smedemokrati.sk\/en\/wp-json\/wp\/v2\/media?parent=9267"}],"wp:term":[{"taxonomy":"category","embeddable":true,"href":"https:\/\/www.smedemokrati.sk\/en\/wp-json\/wp\/v2\/categories?post=9267"},{"taxonomy":"post_tag","embeddable":true,"href":"https:\/\/www.smedemokrati.sk\/en\/wp-json\/wp\/v2\/tags?post=9267"}],"curies":[{"name":"wp","href":"https:\/\/api.w.org\/{rel}","templated":true}]}}