{"id":9134,"date":"2026-03-28T19:06:27","date_gmt":"2026-03-28T18:06:27","guid":{"rendered":"https:\/\/www.smedemokrati.sk\/?p=9134"},"modified":"2026-03-28T19:06:28","modified_gmt":"2026-03-28T18:06:28","slug":"strana-demokrati-blahozela-michalovi-simeckovi-k-opatovnemu-a-demokratickemu-zvoleniu-za-predsedu-progresivneho-slovenska-a-tiez-ku-zvoleniu-podpredsedov-hnutia","status":"publish","type":"post","link":"https:\/\/www.smedemokrati.sk\/en\/strana-demokrati-blahozela-michalovi-simeckovi-k-opatovnemu-a-demokratickemu-zvoleniu-za-predsedu-progresivneho-slovenska-a-tiez-ku-zvoleniu-podpredsedov-hnutia\/","title":{"rendered":"Strana Demokrati blaho\u017eel\u00e1 Michalovi \u0160ime\u010dkovi k op\u00e4tovn\u00e9mu a demokratick\u00e9mu zvoleniu za predsedu Progres\u00edvneho Slovenska a tie\u017e ku zvoleniu podpredsedov hnutia"},"content":{"rendered":"<div id=\"fb-root\"><\/div>\n\n<p><strong>Strana Demokrati blaho\u017eel\u00e1 Michalovi \u0160ime\u010dkovi k op\u00e4tovn\u00e9mu a demokratick\u00e9mu zvoleniu za predsedu Progres\u00edvneho Slovenska a tie\u017e ku zvoleniu podpredsedov hnutia. Prajeme zvolen\u00e9mu vedeniu PS ve\u013ea energie, odvahy a \u00faspechov pri presadzovan\u00ed hodn\u00f4t, ktor\u00e9 sp\u00e1jaj\u00fa n\u00e1s v\u0161etk\u00fdch \u2013 hodn\u00f4t slobody, pr\u00e1vneho \u0161t\u00e1tu a jasnej proz\u00e1padnej orient\u00e1cie krajiny.<\/strong><\/p>\n\n\n\n<p><em>\u201eKon\u0161trukt\u00edvna spolupr\u00e1ca demokratick\u00fdch s\u00edl je z\u00e1kladn\u00fdm predpokladom por\u00e1\u017eky R\u00f3berta Fica a jeho vl\u00e1dy. Ver\u00edm, \u017ee t\u00e1to spolupr\u00e1ca bude silnie\u0165 a \u017ee spolo\u010dne dok\u00e1\u017eeme Fica porazi\u0165 a vr\u00e1ti\u0165 Slovensko na spr\u00e1vnu cestu,&#8221;&nbsp;<\/em>hovoria Demokrati.<\/p>\n\n\n\n<p>Z\u00e1rove\u0148 oce\u0148ujeme deleg\u00e1tmi snemu PS schv\u00e1len\u00e9 jednozna\u010dn\u00e9 odmietnutie povolebnej spolupr\u00e1ce so stranami Smer, Hlas, SNS a Republika. Tento postoj pova\u017eujeme za k\u013e\u00fa\u010dov\u00fd sign\u00e1l pre voli\u010dov, \u017ee existuje zodpovedn\u00e1 a hodnotovo ukotven\u00e1 alternat\u00edva k s\u00fa\u010dasnej vl\u00e1de, ktor\u00e1 zlyh\u00e1va vo v\u0161etk\u00fdch oblastiach riadenia \u0161t\u00e1tu a starostlivosti o ob\u010danov.<\/p>\n\n\n\n<p>Sme presved\u010den\u00ed, \u017ee pr\u00e1ve spolupr\u00e1ca demokratick\u00fdch a proeur\u00f3pskych str\u00e1n je jedinou cestou, ako po najbli\u017e\u0161\u00edch vo\u013eb\u00e1ch vytvori\u0165 siln\u00fa, stabiln\u00fa a d\u00f4veryhodn\u00fa vl\u00e1du. Vl\u00e1du, ktor\u00e1 vr\u00e1ti Slovensko na demokratick\u00fa a proz\u00e1padn\u00fa cestu, obnov\u00ed d\u00f4veru v in\u0161tit\u00facie, zabezpe\u010d\u00ed spravodlivos\u0165 pre v\u0161etk\u00fdch a op\u00e4\u0165 prinesie ob\u010danom pocit slobody, bezpe\u010dia a perspekt\u00edvy.<\/p>\n\n\n\n<p>Strana Demokrati je pripraven\u00e1 by\u0165 kon\u0161trukt\u00edvnym, sk\u00fasen\u00fdm a zodpovedn\u00fdm partnerom pri budovan\u00ed takejto bud\u00facnosti a vyz\u00fdva v\u0161etk\u00fdch opozi\u010dn\u00fdch partnerov, aby namiesto nezmyseln\u00fdch \u00fatokov medzi sebou, s\u00fastredili svoje aktivity a silu na boj s vl\u00e1dou Roberta Fica, ktor\u00e1 sp\u00f4sobuje Slovensku a jeho ob\u010danom obrovsk\u00e9 a dlhodob\u00e9 \u0161kody.<\/p>\n","protected":false},"excerpt":{"rendered":"<p>Strana Demokrati blaho\u017eel\u00e1 Michalovi \u0160ime\u010dkovi k op\u00e4tovn\u00e9mu a demokratick\u00e9mu zvoleniu za predsedu Progres\u00edvneho Slovenska a tie\u017e ku zvoleniu podpredsedov hnutia. Prajeme zvolen\u00e9mu vedeniu PS ve\u013ea energie, odvahy a \u00faspechov pri presadzovan\u00ed hodn\u00f4t, ktor\u00e9 sp\u00e1jaj\u00fa n\u00e1s v\u0161etk\u00fdch \u2013 hodn\u00f4t slobody, pr\u00e1vneho \u0161t\u00e1tu a jasnej proz\u00e1padnej orient\u00e1cie krajiny. \u201eKon\u0161trukt\u00edvna spolupr\u00e1ca demokratick\u00fdch s\u00edl je z\u00e1kladn\u00fdm predpokladom por\u00e1\u017eky R\u00f3berta [&hellip;]<\/p>\n","protected":false},"author":13,"featured_media":9135,"comment_status":"closed","ping_status":"closed","sticky":false,"template":"","format":"standard","meta":{"_acf_changed":false,"ngg_post_thumbnail":0,"footnotes":""},"categories":[4],"tags":[],"class_list":["post-9134","post","type-post","status-publish","format-standard","has-post-thumbnail","hentry","category-tlacove-spravy"],"acf":[],"yoast_head":"<!-- This site is optimized with the Yoast SEO plugin v27.2 - https:\/\/yoast.com\/product\/yoast-seo-wordpress\/ -->\n<title>Strana Demokrati blaho\u017eel\u00e1 Michalovi \u0160ime\u010dkovi k op\u00e4tovn\u00e9mu a demokratick\u00e9mu zvoleniu za predsedu Progres\u00edvneho Slovenska a tie\u017e ku zvoleniu podpredsedov hnutia<\/title>\n<meta name=\"robots\" content=\"index, follow, max-snippet:-1, max-image-preview:large, max-video-preview:-1\" \/>\n<link rel=\"canonical\" href=\"https:\/\/www.smedemokrati.sk\/en\/strana-demokrati-blahozela-michalovi-simeckovi-k-opatovnemu-a-demokratickemu-zvoleniu-za-predsedu-progresivneho-slovenska-a-tiez-ku-zvoleniu-podpredsedov-hnutia\/\" \/>\n<meta property=\"og:locale\" content=\"en_US\" \/>\n<meta property=\"og:locale:alternate\" content=\"cs_CZ\" \/>\n<meta property=\"og:locale:alternate\" content=\"hu_HU\" \/>\n<meta property=\"og:locale:alternate\" content=\"sk_SK\" \/>\n<meta property=\"og:locale:alternate\" content=\"sv_SE\" \/>\n<meta property=\"og:type\" content=\"article\" \/>\n<meta property=\"og:title\" content=\"Strana Demokrati blaho\u017eel\u00e1 Michalovi \u0160ime\u010dkovi k op\u00e4tovn\u00e9mu a demokratick\u00e9mu zvoleniu za predsedu Progres\u00edvneho Slovenska a tie\u017e ku zvoleniu podpredsedov hnutia\" \/>\n<meta property=\"og:description\" content=\"Strana Demokrati blaho\u017eel\u00e1 Michalovi \u0160ime\u010dkovi k op\u00e4tovn\u00e9mu a demokratick\u00e9mu zvoleniu za predsedu Progres\u00edvneho Slovenska a tie\u017e ku zvoleniu podpredsedov hnutia. Prajeme zvolen\u00e9mu vedeniu PS ve\u013ea energie, odvahy a \u00faspechov pri presadzovan\u00ed hodn\u00f4t, ktor\u00e9 sp\u00e1jaj\u00fa n\u00e1s v\u0161etk\u00fdch \u2013 hodn\u00f4t slobody, pr\u00e1vneho \u0161t\u00e1tu a jasnej proz\u00e1padnej orient\u00e1cie krajiny. \u201eKon\u0161trukt\u00edvna spolupr\u00e1ca demokratick\u00fdch s\u00edl je z\u00e1kladn\u00fdm predpokladom por\u00e1\u017eky R\u00f3berta [&hellip;]\" \/>\n<meta property=\"og:url\" content=\"https:\/\/www.smedemokrati.sk\/en\/strana-demokrati-blahozela-michalovi-simeckovi-k-opatovnemu-a-demokratickemu-zvoleniu-za-predsedu-progresivneho-slovenska-a-tiez-ku-zvoleniu-podpredsedov-hnutia\/\" \/>\n<meta property=\"og:site_name\" content=\"Smedemokrati.sk\" \/>\n<meta property=\"article:publisher\" content=\"https:\/\/www.facebook.com\/smedemokrati2023\" \/>\n<meta property=\"article:published_time\" content=\"2026-03-28T18:06:27+00:00\" \/>\n<meta property=\"article:modified_time\" content=\"2026-03-28T18:06:28+00:00\" \/>\n<meta property=\"og:image\" content=\"https:\/\/www.smedemokrati.sk\/wp-content\/uploads\/2026\/03\/660424482_1462546898661715_7014027061911744902_n-e1774721177755.jpg\" \/>\n\t<meta property=\"og:image:width\" content=\"1536\" \/>\n\t<meta property=\"og:image:height\" content=\"1376\" \/>\n\t<meta property=\"og:image:type\" content=\"image\/jpeg\" \/>\n<meta name=\"author\" content=\"miro.sopko\" \/>\n<meta name=\"twitter:card\" content=\"summary_large_image\" \/>\n<meta name=\"twitter:label1\" content=\"Written by\" \/>\n\t<meta name=\"twitter:data1\" content=\"miro.sopko\" \/>\n\t<meta name=\"twitter:label2\" content=\"Est. reading time\" \/>\n\t<meta name=\"twitter:data2\" content=\"2 minutes\" \/>\n<script type=\"application\/ld+json\" class=\"yoast-schema-graph\">{\"@context\":\"https:\/\/schema.org\",\"@graph\":[{\"@type\":\"Article\",\"@id\":\"https:\/\/www.smedemokrati.sk\/strana-demokrati-blahozela-michalovi-simeckovi-k-opatovnemu-a-demokratickemu-zvoleniu-za-predsedu-progresivneho-slovenska-a-tiez-ku-zvoleniu-podpredsedov-hnutia\/#article\",\"isPartOf\":{\"@id\":\"https:\/\/www.smedemokrati.sk\/strana-demokrati-blahozela-michalovi-simeckovi-k-opatovnemu-a-demokratickemu-zvoleniu-za-predsedu-progresivneho-slovenska-a-tiez-ku-zvoleniu-podpredsedov-hnutia\/\"},\"author\":{\"name\":\"miro.sopko\",\"@id\":\"https:\/\/www.smedemokrati.sk\/#\/schema\/person\/21f147c88d605aa7ded900e1e7c344ba\"},\"headline\":\"Strana Demokrati blaho\u017eel\u00e1 Michalovi \u0160ime\u010dkovi k op\u00e4tovn\u00e9mu a demokratick\u00e9mu zvoleniu za predsedu Progres\u00edvneho Slovenska a tie\u017e ku zvoleniu podpredsedov hnutia\",\"datePublished\":\"2026-03-28T18:06:27+00:00\",\"dateModified\":\"2026-03-28T18:06:28+00:00\",\"mainEntityOfPage\":{\"@id\":\"https:\/\/www.smedemokrati.sk\/strana-demokrati-blahozela-michalovi-simeckovi-k-opatovnemu-a-demokratickemu-zvoleniu-za-predsedu-progresivneho-slovenska-a-tiez-ku-zvoleniu-podpredsedov-hnutia\/\"},\"wordCount\":338,\"publisher\":{\"@id\":\"https:\/\/www.smedemokrati.sk\/#organization\"},\"image\":{\"@id\":\"https:\/\/www.smedemokrati.sk\/strana-demokrati-blahozela-michalovi-simeckovi-k-opatovnemu-a-demokratickemu-zvoleniu-za-predsedu-progresivneho-slovenska-a-tiez-ku-zvoleniu-podpredsedov-hnutia\/#primaryimage\"},\"thumbnailUrl\":\"https:\/\/www.smedemokrati.sk\/wp-content\/uploads\/2026\/03\/660424482_1462546898661715_7014027061911744902_n-e1774721177755.jpg\",\"articleSection\":[\"Tla\u010dov\u00e9 spr\u00e1vy\"],\"inLanguage\":\"en-US\"},{\"@type\":\"WebPage\",\"@id\":\"https:\/\/www.smedemokrati.sk\/strana-demokrati-blahozela-michalovi-simeckovi-k-opatovnemu-a-demokratickemu-zvoleniu-za-predsedu-progresivneho-slovenska-a-tiez-ku-zvoleniu-podpredsedov-hnutia\/\",\"url\":\"https:\/\/www.smedemokrati.sk\/strana-demokrati-blahozela-michalovi-simeckovi-k-opatovnemu-a-demokratickemu-zvoleniu-za-predsedu-progresivneho-slovenska-a-tiez-ku-zvoleniu-podpredsedov-hnutia\/\",\"name\":\"Strana Demokrati blaho\u017eel\u00e1 Michalovi \u0160ime\u010dkovi k op\u00e4tovn\u00e9mu a demokratick\u00e9mu zvoleniu za predsedu Progres\u00edvneho Slovenska a tie\u017e ku zvoleniu podpredsedov hnutia\",\"isPartOf\":{\"@id\":\"https:\/\/www.smedemokrati.sk\/#website\"},\"primaryImageOfPage\":{\"@id\":\"https:\/\/www.smedemokrati.sk\/strana-demokrati-blahozela-michalovi-simeckovi-k-opatovnemu-a-demokratickemu-zvoleniu-za-predsedu-progresivneho-slovenska-a-tiez-ku-zvoleniu-podpredsedov-hnutia\/#primaryimage\"},\"image\":{\"@id\":\"https:\/\/www.smedemokrati.sk\/strana-demokrati-blahozela-michalovi-simeckovi-k-opatovnemu-a-demokratickemu-zvoleniu-za-predsedu-progresivneho-slovenska-a-tiez-ku-zvoleniu-podpredsedov-hnutia\/#primaryimage\"},\"thumbnailUrl\":\"https:\/\/www.smedemokrati.sk\/wp-content\/uploads\/2026\/03\/660424482_1462546898661715_7014027061911744902_n-e1774721177755.jpg\",\"datePublished\":\"2026-03-28T18:06:27+00:00\",\"dateModified\":\"2026-03-28T18:06:28+00:00\",\"breadcrumb\":{\"@id\":\"https:\/\/www.smedemokrati.sk\/strana-demokrati-blahozela-michalovi-simeckovi-k-opatovnemu-a-demokratickemu-zvoleniu-za-predsedu-progresivneho-slovenska-a-tiez-ku-zvoleniu-podpredsedov-hnutia\/#breadcrumb\"},\"inLanguage\":\"en-US\",\"potentialAction\":[{\"@type\":\"ReadAction\",\"target\":[\"https:\/\/www.smedemokrati.sk\/strana-demokrati-blahozela-michalovi-simeckovi-k-opatovnemu-a-demokratickemu-zvoleniu-za-predsedu-progresivneho-slovenska-a-tiez-ku-zvoleniu-podpredsedov-hnutia\/\"]}]},{\"@type\":\"ImageObject\",\"inLanguage\":\"en-US\",\"@id\":\"https:\/\/www.smedemokrati.sk\/strana-demokrati-blahozela-michalovi-simeckovi-k-opatovnemu-a-demokratickemu-zvoleniu-za-predsedu-progresivneho-slovenska-a-tiez-ku-zvoleniu-podpredsedov-hnutia\/#primaryimage\",\"url\":\"https:\/\/www.smedemokrati.sk\/wp-content\/uploads\/2026\/03\/660424482_1462546898661715_7014027061911744902_n-e1774721177755.jpg\",\"contentUrl\":\"https:\/\/www.smedemokrati.sk\/wp-content\/uploads\/2026\/03\/660424482_1462546898661715_7014027061911744902_n-e1774721177755.jpg\",\"width\":1536,\"height\":1376},{\"@type\":\"BreadcrumbList\",\"@id\":\"https:\/\/www.smedemokrati.sk\/strana-demokrati-blahozela-michalovi-simeckovi-k-opatovnemu-a-demokratickemu-zvoleniu-za-predsedu-progresivneho-slovenska-a-tiez-ku-zvoleniu-podpredsedov-hnutia\/#breadcrumb\",\"itemListElement\":[{\"@type\":\"ListItem\",\"position\":1,\"name\":\"Domovsk\u00e1 str\u00e1nka\",\"item\":\"https:\/\/www.smedemokrati.sk\/\"},{\"@type\":\"ListItem\",\"position\":2,\"name\":\"Strana Demokrati blaho\u017eel\u00e1 Michalovi \u0160ime\u010dkovi k op\u00e4tovn\u00e9mu a demokratick\u00e9mu zvoleniu za predsedu Progres\u00edvneho Slovenska a tie\u017e ku zvoleniu podpredsedov hnutia\"}]},{\"@type\":\"WebSite\",\"@id\":\"https:\/\/www.smedemokrati.sk\/#website\",\"url\":\"https:\/\/www.smedemokrati.sk\/\",\"name\":\"Smedemokrati.sk\",\"description\":\"Demokracia a slu\u0161nos\u0165 zv\u00ed\u0165az\u00ed\",\"publisher\":{\"@id\":\"https:\/\/www.smedemokrati.sk\/#organization\"},\"potentialAction\":[{\"@type\":\"SearchAction\",\"target\":{\"@type\":\"EntryPoint\",\"urlTemplate\":\"https:\/\/www.smedemokrati.sk\/?s={search_term_string}\"},\"query-input\":{\"@type\":\"PropertyValueSpecification\",\"valueRequired\":true,\"valueName\":\"search_term_string\"}}],\"inLanguage\":\"en-US\"},{\"@type\":\"Organization\",\"@id\":\"https:\/\/www.smedemokrati.sk\/#organization\",\"name\":\"Smedemokrati.sk\",\"url\":\"https:\/\/www.smedemokrati.sk\/\",\"logo\":{\"@type\":\"ImageObject\",\"inLanguage\":\"en-US\",\"@id\":\"https:\/\/www.smedemokrati.sk\/#\/schema\/logo\/image\/\",\"url\":\"https:\/\/www.smedemokrati.sk\/wp-content\/uploads\/2023\/04\/ff.002.jpeg\",\"contentUrl\":\"https:\/\/www.smedemokrati.sk\/wp-content\/uploads\/2023\/04\/ff.002.jpeg\",\"width\":640,\"height\":480,\"caption\":\"Smedemokrati.sk\"},\"image\":{\"@id\":\"https:\/\/www.smedemokrati.sk\/#\/schema\/logo\/image\/\"},\"sameAs\":[\"https:\/\/www.facebook.com\/smedemokrati2023\"]},{\"@type\":\"Person\",\"@id\":\"https:\/\/www.smedemokrati.sk\/#\/schema\/person\/21f147c88d605aa7ded900e1e7c344ba\",\"name\":\"miro.sopko\",\"image\":{\"@type\":\"ImageObject\",\"inLanguage\":\"en-US\",\"@id\":\"https:\/\/secure.gravatar.com\/avatar\/267e4a36f704376c109afe3a78740c1f5dd8675a2180a908699e7863c9247606?s=96&d=mm&r=g\",\"url\":\"https:\/\/secure.gravatar.com\/avatar\/267e4a36f704376c109afe3a78740c1f5dd8675a2180a908699e7863c9247606?s=96&d=mm&r=g\",\"contentUrl\":\"https:\/\/secure.gravatar.com\/avatar\/267e4a36f704376c109afe3a78740c1f5dd8675a2180a908699e7863c9247606?s=96&d=mm&r=g\",\"caption\":\"miro.sopko\"},\"url\":\"https:\/\/www.smedemokrati.sk\/en\/author\/miro-sopko\/\"}]}<\/script>\n<!-- \/ Yoast SEO plugin. -->","yoast_head_json":{"title":"Strana Demokrati blaho\u017eel\u00e1 Michalovi \u0160ime\u010dkovi k op\u00e4tovn\u00e9mu a demokratick\u00e9mu zvoleniu za predsedu Progres\u00edvneho Slovenska a tie\u017e ku zvoleniu podpredsedov hnutia","robots":{"index":"index","follow":"follow","max-snippet":"max-snippet:-1","max-image-preview":"max-image-preview:large","max-video-preview":"max-video-preview:-1"},"canonical":"https:\/\/www.smedemokrati.sk\/en\/strana-demokrati-blahozela-michalovi-simeckovi-k-opatovnemu-a-demokratickemu-zvoleniu-za-predsedu-progresivneho-slovenska-a-tiez-ku-zvoleniu-podpredsedov-hnutia\/","og_locale":"en_US","og_type":"article","og_title":"[:sk]Strana Demokrati blaho\u017eel\u00e1 Michalovi \u0160ime\u010dkovi k op\u00e4tovn\u00e9mu a demokratick\u00e9mu zvoleniu za predsedu Progres\u00edvneho Slovenska a tie\u017e ku zvoleniu podpredsedov hnutia[:] - Smedemokrati.sk","og_description":"Strana Demokrati blaho\u017eel\u00e1 Michalovi \u0160ime\u010dkovi k op\u00e4tovn\u00e9mu a demokratick\u00e9mu zvoleniu za predsedu Progres\u00edvneho Slovenska a tie\u017e ku zvoleniu podpredsedov hnutia. Prajeme zvolen\u00e9mu vedeniu PS ve\u013ea energie, odvahy a \u00faspechov pri presadzovan\u00ed hodn\u00f4t, ktor\u00e9 sp\u00e1jaj\u00fa n\u00e1s v\u0161etk\u00fdch \u2013 hodn\u00f4t slobody, pr\u00e1vneho \u0161t\u00e1tu a jasnej proz\u00e1padnej orient\u00e1cie krajiny. \u201eKon\u0161trukt\u00edvna spolupr\u00e1ca demokratick\u00fdch s\u00edl je z\u00e1kladn\u00fdm predpokladom por\u00e1\u017eky R\u00f3berta [&hellip;]","og_url":"https:\/\/www.smedemokrati.sk\/en\/strana-demokrati-blahozela-michalovi-simeckovi-k-opatovnemu-a-demokratickemu-zvoleniu-za-predsedu-progresivneho-slovenska-a-tiez-ku-zvoleniu-podpredsedov-hnutia\/","og_site_name":"Smedemokrati.sk","article_publisher":"https:\/\/www.facebook.com\/smedemokrati2023","article_published_time":"2026-03-28T18:06:27+00:00","article_modified_time":"2026-03-28T18:06:28+00:00","og_image":[{"width":1536,"height":1376,"url":"https:\/\/www.smedemokrati.sk\/wp-content\/uploads\/2026\/03\/660424482_1462546898661715_7014027061911744902_n-e1774721177755.jpg","type":"image\/jpeg"}],"author":"miro.sopko","twitter_card":"summary_large_image","twitter_misc":{"Written by":"miro.sopko","Est. reading time":"2 minutes"},"schema":{"@context":"https:\/\/schema.org","@graph":[{"@type":"Article","@id":"https:\/\/www.smedemokrati.sk\/strana-demokrati-blahozela-michalovi-simeckovi-k-opatovnemu-a-demokratickemu-zvoleniu-za-predsedu-progresivneho-slovenska-a-tiez-ku-zvoleniu-podpredsedov-hnutia\/#article","isPartOf":{"@id":"https:\/\/www.smedemokrati.sk\/strana-demokrati-blahozela-michalovi-simeckovi-k-opatovnemu-a-demokratickemu-zvoleniu-za-predsedu-progresivneho-slovenska-a-tiez-ku-zvoleniu-podpredsedov-hnutia\/"},"author":{"name":"miro.sopko","@id":"https:\/\/www.smedemokrati.sk\/#\/schema\/person\/21f147c88d605aa7ded900e1e7c344ba"},"headline":"Strana Demokrati blaho\u017eel\u00e1 Michalovi \u0160ime\u010dkovi k op\u00e4tovn\u00e9mu a demokratick\u00e9mu zvoleniu za predsedu Progres\u00edvneho Slovenska a tie\u017e ku zvoleniu podpredsedov hnutia","datePublished":"2026-03-28T18:06:27+00:00","dateModified":"2026-03-28T18:06:28+00:00","mainEntityOfPage":{"@id":"https:\/\/www.smedemokrati.sk\/strana-demokrati-blahozela-michalovi-simeckovi-k-opatovnemu-a-demokratickemu-zvoleniu-za-predsedu-progresivneho-slovenska-a-tiez-ku-zvoleniu-podpredsedov-hnutia\/"},"wordCount":338,"publisher":{"@id":"https:\/\/www.smedemokrati.sk\/#organization"},"image":{"@id":"https:\/\/www.smedemokrati.sk\/strana-demokrati-blahozela-michalovi-simeckovi-k-opatovnemu-a-demokratickemu-zvoleniu-za-predsedu-progresivneho-slovenska-a-tiez-ku-zvoleniu-podpredsedov-hnutia\/#primaryimage"},"thumbnailUrl":"https:\/\/www.smedemokrati.sk\/wp-content\/uploads\/2026\/03\/660424482_1462546898661715_7014027061911744902_n-e1774721177755.jpg","articleSection":["Tla\u010dov\u00e9 spr\u00e1vy"],"inLanguage":"en-US"},{"@type":"WebPage","@id":"https:\/\/www.smedemokrati.sk\/strana-demokrati-blahozela-michalovi-simeckovi-k-opatovnemu-a-demokratickemu-zvoleniu-za-predsedu-progresivneho-slovenska-a-tiez-ku-zvoleniu-podpredsedov-hnutia\/","url":"https:\/\/www.smedemokrati.sk\/strana-demokrati-blahozela-michalovi-simeckovi-k-opatovnemu-a-demokratickemu-zvoleniu-za-predsedu-progresivneho-slovenska-a-tiez-ku-zvoleniu-podpredsedov-hnutia\/","name":"Strana Demokrati blaho\u017eel\u00e1 Michalovi \u0160ime\u010dkovi k op\u00e4tovn\u00e9mu a demokratick\u00e9mu zvoleniu za predsedu Progres\u00edvneho Slovenska a tie\u017e ku zvoleniu podpredsedov hnutia","isPartOf":{"@id":"https:\/\/www.smedemokrati.sk\/#website"},"primaryImageOfPage":{"@id":"https:\/\/www.smedemokrati.sk\/strana-demokrati-blahozela-michalovi-simeckovi-k-opatovnemu-a-demokratickemu-zvoleniu-za-predsedu-progresivneho-slovenska-a-tiez-ku-zvoleniu-podpredsedov-hnutia\/#primaryimage"},"image":{"@id":"https:\/\/www.smedemokrati.sk\/strana-demokrati-blahozela-michalovi-simeckovi-k-opatovnemu-a-demokratickemu-zvoleniu-za-predsedu-progresivneho-slovenska-a-tiez-ku-zvoleniu-podpredsedov-hnutia\/#primaryimage"},"thumbnailUrl":"https:\/\/www.smedemokrati.sk\/wp-content\/uploads\/2026\/03\/660424482_1462546898661715_7014027061911744902_n-e1774721177755.jpg","datePublished":"2026-03-28T18:06:27+00:00","dateModified":"2026-03-28T18:06:28+00:00","breadcrumb":{"@id":"https:\/\/www.smedemokrati.sk\/strana-demokrati-blahozela-michalovi-simeckovi-k-opatovnemu-a-demokratickemu-zvoleniu-za-predsedu-progresivneho-slovenska-a-tiez-ku-zvoleniu-podpredsedov-hnutia\/#breadcrumb"},"inLanguage":"en-US","potentialAction":[{"@type":"ReadAction","target":["https:\/\/www.smedemokrati.sk\/strana-demokrati-blahozela-michalovi-simeckovi-k-opatovnemu-a-demokratickemu-zvoleniu-za-predsedu-progresivneho-slovenska-a-tiez-ku-zvoleniu-podpredsedov-hnutia\/"]}]},{"@type":"ImageObject","inLanguage":"en-US","@id":"https:\/\/www.smedemokrati.sk\/strana-demokrati-blahozela-michalovi-simeckovi-k-opatovnemu-a-demokratickemu-zvoleniu-za-predsedu-progresivneho-slovenska-a-tiez-ku-zvoleniu-podpredsedov-hnutia\/#primaryimage","url":"https:\/\/www.smedemokrati.sk\/wp-content\/uploads\/2026\/03\/660424482_1462546898661715_7014027061911744902_n-e1774721177755.jpg","contentUrl":"https:\/\/www.smedemokrati.sk\/wp-content\/uploads\/2026\/03\/660424482_1462546898661715_7014027061911744902_n-e1774721177755.jpg","width":1536,"height":1376},{"@type":"BreadcrumbList","@id":"https:\/\/www.smedemokrati.sk\/strana-demokrati-blahozela-michalovi-simeckovi-k-opatovnemu-a-demokratickemu-zvoleniu-za-predsedu-progresivneho-slovenska-a-tiez-ku-zvoleniu-podpredsedov-hnutia\/#breadcrumb","itemListElement":[{"@type":"ListItem","position":1,"name":"Domovsk\u00e1 str\u00e1nka","item":"https:\/\/www.smedemokrati.sk\/"},{"@type":"ListItem","position":2,"name":"Strana Demokrati blaho\u017eel\u00e1 Michalovi \u0160ime\u010dkovi k op\u00e4tovn\u00e9mu a demokratick\u00e9mu zvoleniu za predsedu Progres\u00edvneho Slovenska a tie\u017e ku zvoleniu podpredsedov hnutia"}]},{"@type":"WebSite","@id":"https:\/\/www.smedemokrati.sk\/#website","url":"https:\/\/www.smedemokrati.sk\/","name":"Smedemokrati.sk","description":"Demokracia a slu\u0161nos\u0165 zv\u00ed\u0165az\u00ed","publisher":{"@id":"https:\/\/www.smedemokrati.sk\/#organization"},"potentialAction":[{"@type":"SearchAction","target":{"@type":"EntryPoint","urlTemplate":"https:\/\/www.smedemokrati.sk\/?s={search_term_string}"},"query-input":{"@type":"PropertyValueSpecification","valueRequired":true,"valueName":"search_term_string"}}],"inLanguage":"en-US"},{"@type":"Organization","@id":"https:\/\/www.smedemokrati.sk\/#organization","name":"Smedemokrati.sk","url":"https:\/\/www.smedemokrati.sk\/","logo":{"@type":"ImageObject","inLanguage":"en-US","@id":"https:\/\/www.smedemokrati.sk\/#\/schema\/logo\/image\/","url":"https:\/\/www.smedemokrati.sk\/wp-content\/uploads\/2023\/04\/ff.002.jpeg","contentUrl":"https:\/\/www.smedemokrati.sk\/wp-content\/uploads\/2023\/04\/ff.002.jpeg","width":640,"height":480,"caption":"Smedemokrati.sk"},"image":{"@id":"https:\/\/www.smedemokrati.sk\/#\/schema\/logo\/image\/"},"sameAs":["https:\/\/www.facebook.com\/smedemokrati2023"]},{"@type":"Person","@id":"https:\/\/www.smedemokrati.sk\/#\/schema\/person\/21f147c88d605aa7ded900e1e7c344ba","name":"miro.sopko","image":{"@type":"ImageObject","inLanguage":"en-US","@id":"https:\/\/secure.gravatar.com\/avatar\/267e4a36f704376c109afe3a78740c1f5dd8675a2180a908699e7863c9247606?s=96&d=mm&r=g","url":"https:\/\/secure.gravatar.com\/avatar\/267e4a36f704376c109afe3a78740c1f5dd8675a2180a908699e7863c9247606?s=96&d=mm&r=g","contentUrl":"https:\/\/secure.gravatar.com\/avatar\/267e4a36f704376c109afe3a78740c1f5dd8675a2180a908699e7863c9247606?s=96&d=mm&r=g","caption":"miro.sopko"},"url":"https:\/\/www.smedemokrati.sk\/en\/author\/miro-sopko\/"}]}},"_links":{"self":[{"href":"https:\/\/www.smedemokrati.sk\/en\/wp-json\/wp\/v2\/posts\/9134","targetHints":{"allow":["GET"]}}],"collection":[{"href":"https:\/\/www.smedemokrati.sk\/en\/wp-json\/wp\/v2\/posts"}],"about":[{"href":"https:\/\/www.smedemokrati.sk\/en\/wp-json\/wp\/v2\/types\/post"}],"author":[{"embeddable":true,"href":"https:\/\/www.smedemokrati.sk\/en\/wp-json\/wp\/v2\/users\/13"}],"replies":[{"embeddable":true,"href":"https:\/\/www.smedemokrati.sk\/en\/wp-json\/wp\/v2\/comments?post=9134"}],"version-history":[{"count":1,"href":"https:\/\/www.smedemokrati.sk\/en\/wp-json\/wp\/v2\/posts\/9134\/revisions"}],"predecessor-version":[{"id":9136,"href":"https:\/\/www.smedemokrati.sk\/en\/wp-json\/wp\/v2\/posts\/9134\/revisions\/9136"}],"wp:featuredmedia":[{"embeddable":true,"href":"https:\/\/www.smedemokrati.sk\/en\/wp-json\/wp\/v2\/media\/9135"}],"wp:attachment":[{"href":"https:\/\/www.smedemokrati.sk\/en\/wp-json\/wp\/v2\/media?parent=9134"}],"wp:term":[{"taxonomy":"category","embeddable":true,"href":"https:\/\/www.smedemokrati.sk\/en\/wp-json\/wp\/v2\/categories?post=9134"},{"taxonomy":"post_tag","embeddable":true,"href":"https:\/\/www.smedemokrati.sk\/en\/wp-json\/wp\/v2\/tags?post=9134"}],"curies":[{"name":"wp","href":"https:\/\/api.w.org\/{rel}","templated":true}]}}