{"id":9107,"date":"2026-03-25T13:39:30","date_gmt":"2026-03-25T12:39:30","guid":{"rendered":"https:\/\/www.smedemokrati.sk\/?p=9107"},"modified":"2026-03-25T13:39:31","modified_gmt":"2026-03-25T12:39:31","slug":"garaz-plna-hotovosti-a-milionove-vily-ferencak-sa-musi-okamzite-vzdat-poslaneckeho-mandatu","status":"publish","type":"post","link":"https:\/\/www.smedemokrati.sk\/en\/garaz-plna-hotovosti-a-milionove-vily-ferencak-sa-musi-okamzite-vzdat-poslaneckeho-mandatu\/","title":{"rendered":"Gar\u00e1\u017e pln\u00e1 hotovosti a mili\u00f3nov\u00e9 vily: Feren\u010d\u00e1k sa mus\u00ed okam\u017eite vzda\u0165 poslaneck\u00e9ho mand\u00e1tu"},"content":{"rendered":"<div id=\"fb-root\"><\/div>\n\n<p><strong>Video zverejnen\u00e9 t\u00fd\u017edenn\u00edkom Plus 7 dn\u00ed, na ktorom prim\u00e1tor Ke\u017emarku J\u00e1n Feren\u010d\u00e1k v gar\u00e1\u017ei odovzd\u00e1va desa\u0165tis\u00edce eur v hotovosti, spolu s nov\u00fdmi zisteniami o jeho majetku potvrdzuj\u00fa inform\u00e1cie Demokratov a tie\u017e to, \u017ee Feren\u010d\u00e1k nevie vysvetli\u0165 svoje mili\u00f3nov\u00e9. Luxusn\u00e1 vila, ktor\u00fa zrekon\u0161truoval za st\u00e1tis\u00edce a v\u00fdstavba \u010fal\u0161ej mili\u00f3novej nehnute\u013enosti bez priebe\u017en\u00fdch platieb vyvol\u00e1vaj\u00fa v\u00e1\u017ene ot\u00e1zky. Demokrati, ktor\u00ed na Feren\u010d\u00e1kove probl\u00e9my upozornili ako prv\u00ed, ho vyz\u00fdvaj\u00fa na okam\u017eit\u00e9 odst\u00fapenie z poz\u00edcie poslanca NR SR.<\/strong><\/p>\n\n\n\n<p><em>\u201eKe\u010f sme o Feren\u010d\u00e1kovi za\u010dali hovori\u0165, vysmieval sa n\u00e1m a naz\u00fdval n\u00e1s \u0161a\u0161ami. Dnes tu m\u00e1me video z Plus 7 dn\u00ed, kde v gar\u00e1\u017ei odovzd\u00e1va 45-tis\u00edc eur v hotovosti a s\u013eubuje \u010fal\u0161\u00edch 75-tis\u00edc. Toto m\u00e1 by\u0165 \u0161tandard politika Hlasu? U\u017e sme videli predsedu Hlasu \u0160utaja E\u0161toka plati\u0165 12 tis\u00edc eur za letenky v hotovosti, takto funguje dne\u0161n\u00e1 koal\u00edcia?\u201c<\/em>&nbsp;vyhl\u00e1sil podpredseda Demokratov Juraj \u0160eliga.&nbsp;<em>\u201eP\u00e1n Feren\u010d\u00e1k, \u010do je toto? S akou rozpr\u00e1vkou teraz pr\u00eddete tentokr\u00e1t?\u201c<\/em><\/p>\n\n\n\n<p>Z\u00e1va\u017en\u00e9 ot\u00e1zky vyvol\u00e1va aj jeho majetok, na ktor\u00fd Demokrati u\u017e viackr\u00e1t upozornili. Zo star\u00e9ho zdeden\u00e9ho domu vznikla luxusn\u00e1 vila, ktor\u00fa prim\u00e1tor a poslanec NR SR prer\u00e1bal za pribli\u017ene 800-tis\u00edc eur. Dnes je tak v hodnote okolo mili\u00f3na eur. Z\u00e1rove\u0148 stavia \u010fal\u0161\u00ed dom za mili\u00f3n eur, pri\u010dom tvrd\u00ed, \u017ee ho zaplat\u00ed a\u017e po dokon\u010den\u00ed.<\/p>\n\n\n\n<p><em>\u201eKto dnes stavia mili\u00f3nov\u00fd dom bez toho, aby zaplatil \u010do i len euro po\u010das v\u00fdstavby? Toto nie je norm\u00e1lne. Toto s\u00fa z\u00e1zra\u010dn\u00e9 pr\u00edbehy, ktor\u00e9 nemaj\u00fa ni\u010d spolo\u010dn\u00e9 s realitou be\u017en\u00fdch \u013eud\u00ed,\u201c<\/em>&nbsp;uviedol podpredseda Demokratov Michal Ki\u010da.<\/p>\n\n\n\n<p><em>\u201ePrim\u00e1tor, ktor\u00fd si v gar\u00e1\u017ei prepo\u010d\u00edtava desa\u0165tis\u00edce v hotovosti a nevie vysvetli\u0165 mili\u00f3nov\u00e9 majetky, nem\u00e1 \u010do robi\u0165 vo verejnej funkcii. Pod\u013ea na\u0161ich inform\u00e1ci\u00ed mala video len pol\u00edcia alebo prokurat\u00fara, ako je mo\u017en\u00e9, \u017ee sa to dostalo do m\u00e9di\u00ed? Pustil to priamo minister \u0160utaj E\u0161tok a naozaj sa mst\u00ed za Feren\u010d\u00e1kovu neposlu\u0161nos\u0165? Tak \u010di onak J\u00e1n Feren\u010d\u00e1k mus\u00ed okam\u017eite z poslaneckej stoli\u010dky odst\u00fapi\u0165,\u201c<\/em>&nbsp;uzavrel \u0160eliga.<\/p>\n\n\n\n<figure class=\"wp-block-embed is-type-video is-provider-youtube wp-block-embed-youtube wp-embed-aspect-16-9 wp-has-aspect-ratio\"><div class=\"wp-block-embed__wrapper\">\n<iframe title=\"Live: Nove b\u00fdvanie s J\u00e1nom Feren\u010d\u00e1kom (\u010das\u0165 3.)\" width=\"500\" height=\"281\" src=\"https:\/\/www.youtube.com\/embed\/Fbb1nVaJrcM?feature=oembed\" frameborder=\"0\" allow=\"accelerometer; autoplay; clipboard-write; encrypted-media; gyroscope; picture-in-picture; web-share\" referrerpolicy=\"strict-origin-when-cross-origin\" allowfullscreen><\/iframe>\n<\/div><\/figure>\n","protected":false},"excerpt":{"rendered":"<p>Video zverejnen\u00e9 t\u00fd\u017edenn\u00edkom Plus 7 dn\u00ed, na ktorom prim\u00e1tor Ke\u017emarku J\u00e1n Feren\u010d\u00e1k v gar\u00e1\u017ei odovzd\u00e1va desa\u0165tis\u00edce eur v hotovosti, spolu s nov\u00fdmi zisteniami o jeho majetku potvrdzuj\u00fa inform\u00e1cie Demokratov a tie\u017e to, \u017ee Feren\u010d\u00e1k nevie vysvetli\u0165 svoje mili\u00f3nov\u00e9. Luxusn\u00e1 vila, ktor\u00fa zrekon\u0161truoval za st\u00e1tis\u00edce a v\u00fdstavba \u010fal\u0161ej mili\u00f3novej nehnute\u013enosti bez priebe\u017en\u00fdch platieb vyvol\u00e1vaj\u00fa v\u00e1\u017ene ot\u00e1zky. [&hellip;]<\/p>\n","protected":false},"author":13,"featured_media":9108,"comment_status":"closed","ping_status":"closed","sticky":false,"template":"","format":"standard","meta":{"_acf_changed":false,"ngg_post_thumbnail":0,"footnotes":""},"categories":[4],"tags":[],"class_list":["post-9107","post","type-post","status-publish","format-standard","has-post-thumbnail","hentry","category-tlacove-spravy"],"acf":[],"yoast_head":"<!-- This site is optimized with the Yoast SEO plugin v27.2 - https:\/\/yoast.com\/product\/yoast-seo-wordpress\/ -->\n<title>Gar\u00e1\u017e pln\u00e1 hotovosti a mili\u00f3nov\u00e9 vily: Feren\u010d\u00e1k sa mus\u00ed okam\u017eite vzda\u0165 poslaneck\u00e9ho mand\u00e1tu<\/title>\n<meta name=\"robots\" content=\"index, follow, max-snippet:-1, max-image-preview:large, max-video-preview:-1\" \/>\n<link rel=\"canonical\" href=\"https:\/\/www.smedemokrati.sk\/en\/garaz-plna-hotovosti-a-milionove-vily-ferencak-sa-musi-okamzite-vzdat-poslaneckeho-mandatu\/\" \/>\n<meta property=\"og:locale\" content=\"en_US\" \/>\n<meta property=\"og:locale:alternate\" content=\"cs_CZ\" \/>\n<meta property=\"og:locale:alternate\" content=\"hu_HU\" \/>\n<meta property=\"og:locale:alternate\" content=\"sk_SK\" \/>\n<meta property=\"og:locale:alternate\" content=\"sv_SE\" \/>\n<meta property=\"og:type\" content=\"article\" \/>\n<meta property=\"og:title\" content=\"Gar\u00e1\u017e pln\u00e1 hotovosti a mili\u00f3nov\u00e9 vily: Feren\u010d\u00e1k sa mus\u00ed okam\u017eite vzda\u0165 poslaneck\u00e9ho mand\u00e1tu\" \/>\n<meta property=\"og:description\" content=\"Video zverejnen\u00e9 t\u00fd\u017edenn\u00edkom Plus 7 dn\u00ed, na ktorom prim\u00e1tor Ke\u017emarku J\u00e1n Feren\u010d\u00e1k v gar\u00e1\u017ei odovzd\u00e1va desa\u0165tis\u00edce eur v hotovosti, spolu s nov\u00fdmi zisteniami o jeho majetku potvrdzuj\u00fa inform\u00e1cie Demokratov a tie\u017e to, \u017ee Feren\u010d\u00e1k nevie vysvetli\u0165 svoje mili\u00f3nov\u00e9. Luxusn\u00e1 vila, ktor\u00fa zrekon\u0161truoval za st\u00e1tis\u00edce a v\u00fdstavba \u010fal\u0161ej mili\u00f3novej nehnute\u013enosti bez priebe\u017en\u00fdch platieb vyvol\u00e1vaj\u00fa v\u00e1\u017ene ot\u00e1zky. [&hellip;]\" \/>\n<meta property=\"og:url\" content=\"https:\/\/www.smedemokrati.sk\/en\/garaz-plna-hotovosti-a-milionove-vily-ferencak-sa-musi-okamzite-vzdat-poslaneckeho-mandatu\/\" \/>\n<meta property=\"og:site_name\" content=\"Smedemokrati.sk\" \/>\n<meta property=\"article:publisher\" content=\"https:\/\/www.facebook.com\/smedemokrati2023\" \/>\n<meta property=\"article:published_time\" content=\"2026-03-25T12:39:30+00:00\" \/>\n<meta property=\"article:modified_time\" content=\"2026-03-25T12:39:31+00:00\" \/>\n<meta property=\"og:image\" content=\"https:\/\/www.smedemokrati.sk\/wp-content\/uploads\/2026\/03\/nove-byvanie.jpg\" \/>\n\t<meta property=\"og:image:width\" content=\"1280\" \/>\n\t<meta property=\"og:image:height\" content=\"720\" \/>\n\t<meta property=\"og:image:type\" content=\"image\/jpeg\" \/>\n<meta name=\"author\" content=\"miro.sopko\" \/>\n<meta name=\"twitter:card\" content=\"summary_large_image\" \/>\n<meta name=\"twitter:label1\" content=\"Written by\" \/>\n\t<meta name=\"twitter:data1\" content=\"miro.sopko\" \/>\n\t<meta name=\"twitter:label2\" content=\"Est. reading time\" \/>\n\t<meta name=\"twitter:data2\" content=\"2 minutes\" \/>\n<script type=\"application\/ld+json\" class=\"yoast-schema-graph\">{\"@context\":\"https:\/\/schema.org\",\"@graph\":[{\"@type\":\"Article\",\"@id\":\"https:\/\/www.smedemokrati.sk\/garaz-plna-hotovosti-a-milionove-vily-ferencak-sa-musi-okamzite-vzdat-poslaneckeho-mandatu\/#article\",\"isPartOf\":{\"@id\":\"https:\/\/www.smedemokrati.sk\/garaz-plna-hotovosti-a-milionove-vily-ferencak-sa-musi-okamzite-vzdat-poslaneckeho-mandatu\/\"},\"author\":{\"name\":\"miro.sopko\",\"@id\":\"https:\/\/www.smedemokrati.sk\/#\/schema\/person\/21f147c88d605aa7ded900e1e7c344ba\"},\"headline\":\"Gar\u00e1\u017e pln\u00e1 hotovosti a mili\u00f3nov\u00e9 vily: Feren\u010d\u00e1k sa mus\u00ed okam\u017eite vzda\u0165 poslaneck\u00e9ho mand\u00e1tu\",\"datePublished\":\"2026-03-25T12:39:30+00:00\",\"dateModified\":\"2026-03-25T12:39:31+00:00\",\"mainEntityOfPage\":{\"@id\":\"https:\/\/www.smedemokrati.sk\/garaz-plna-hotovosti-a-milionove-vily-ferencak-sa-musi-okamzite-vzdat-poslaneckeho-mandatu\/\"},\"wordCount\":432,\"publisher\":{\"@id\":\"https:\/\/www.smedemokrati.sk\/#organization\"},\"image\":{\"@id\":\"https:\/\/www.smedemokrati.sk\/garaz-plna-hotovosti-a-milionove-vily-ferencak-sa-musi-okamzite-vzdat-poslaneckeho-mandatu\/#primaryimage\"},\"thumbnailUrl\":\"https:\/\/www.smedemokrati.sk\/wp-content\/uploads\/2026\/03\/nove-byvanie.jpg\",\"articleSection\":[\"Tla\u010dov\u00e9 spr\u00e1vy\"],\"inLanguage\":\"en-US\"},{\"@type\":\"WebPage\",\"@id\":\"https:\/\/www.smedemokrati.sk\/garaz-plna-hotovosti-a-milionove-vily-ferencak-sa-musi-okamzite-vzdat-poslaneckeho-mandatu\/\",\"url\":\"https:\/\/www.smedemokrati.sk\/garaz-plna-hotovosti-a-milionove-vily-ferencak-sa-musi-okamzite-vzdat-poslaneckeho-mandatu\/\",\"name\":\"Gar\u00e1\u017e pln\u00e1 hotovosti a mili\u00f3nov\u00e9 vily: Feren\u010d\u00e1k sa mus\u00ed okam\u017eite vzda\u0165 poslaneck\u00e9ho mand\u00e1tu\",\"isPartOf\":{\"@id\":\"https:\/\/www.smedemokrati.sk\/#website\"},\"primaryImageOfPage\":{\"@id\":\"https:\/\/www.smedemokrati.sk\/garaz-plna-hotovosti-a-milionove-vily-ferencak-sa-musi-okamzite-vzdat-poslaneckeho-mandatu\/#primaryimage\"},\"image\":{\"@id\":\"https:\/\/www.smedemokrati.sk\/garaz-plna-hotovosti-a-milionove-vily-ferencak-sa-musi-okamzite-vzdat-poslaneckeho-mandatu\/#primaryimage\"},\"thumbnailUrl\":\"https:\/\/www.smedemokrati.sk\/wp-content\/uploads\/2026\/03\/nove-byvanie.jpg\",\"datePublished\":\"2026-03-25T12:39:30+00:00\",\"dateModified\":\"2026-03-25T12:39:31+00:00\",\"breadcrumb\":{\"@id\":\"https:\/\/www.smedemokrati.sk\/garaz-plna-hotovosti-a-milionove-vily-ferencak-sa-musi-okamzite-vzdat-poslaneckeho-mandatu\/#breadcrumb\"},\"inLanguage\":\"en-US\",\"potentialAction\":[{\"@type\":\"ReadAction\",\"target\":[\"https:\/\/www.smedemokrati.sk\/garaz-plna-hotovosti-a-milionove-vily-ferencak-sa-musi-okamzite-vzdat-poslaneckeho-mandatu\/\"]}]},{\"@type\":\"ImageObject\",\"inLanguage\":\"en-US\",\"@id\":\"https:\/\/www.smedemokrati.sk\/garaz-plna-hotovosti-a-milionove-vily-ferencak-sa-musi-okamzite-vzdat-poslaneckeho-mandatu\/#primaryimage\",\"url\":\"https:\/\/www.smedemokrati.sk\/wp-content\/uploads\/2026\/03\/nove-byvanie.jpg\",\"contentUrl\":\"https:\/\/www.smedemokrati.sk\/wp-content\/uploads\/2026\/03\/nove-byvanie.jpg\",\"width\":1280,\"height\":720},{\"@type\":\"BreadcrumbList\",\"@id\":\"https:\/\/www.smedemokrati.sk\/garaz-plna-hotovosti-a-milionove-vily-ferencak-sa-musi-okamzite-vzdat-poslaneckeho-mandatu\/#breadcrumb\",\"itemListElement\":[{\"@type\":\"ListItem\",\"position\":1,\"name\":\"Domovsk\u00e1 str\u00e1nka\",\"item\":\"https:\/\/www.smedemokrati.sk\/\"},{\"@type\":\"ListItem\",\"position\":2,\"name\":\"Gar\u00e1\u017e pln\u00e1 hotovosti a mili\u00f3nov\u00e9 vily: Feren\u010d\u00e1k sa mus\u00ed okam\u017eite vzda\u0165 poslaneck\u00e9ho mand\u00e1tu\"}]},{\"@type\":\"WebSite\",\"@id\":\"https:\/\/www.smedemokrati.sk\/#website\",\"url\":\"https:\/\/www.smedemokrati.sk\/\",\"name\":\"Smedemokrati.sk\",\"description\":\"Demokracia a slu\u0161nos\u0165 zv\u00ed\u0165az\u00ed\",\"publisher\":{\"@id\":\"https:\/\/www.smedemokrati.sk\/#organization\"},\"potentialAction\":[{\"@type\":\"SearchAction\",\"target\":{\"@type\":\"EntryPoint\",\"urlTemplate\":\"https:\/\/www.smedemokrati.sk\/?s={search_term_string}\"},\"query-input\":{\"@type\":\"PropertyValueSpecification\",\"valueRequired\":true,\"valueName\":\"search_term_string\"}}],\"inLanguage\":\"en-US\"},{\"@type\":\"Organization\",\"@id\":\"https:\/\/www.smedemokrati.sk\/#organization\",\"name\":\"Smedemokrati.sk\",\"url\":\"https:\/\/www.smedemokrati.sk\/\",\"logo\":{\"@type\":\"ImageObject\",\"inLanguage\":\"en-US\",\"@id\":\"https:\/\/www.smedemokrati.sk\/#\/schema\/logo\/image\/\",\"url\":\"https:\/\/www.smedemokrati.sk\/wp-content\/uploads\/2023\/04\/ff.002.jpeg\",\"contentUrl\":\"https:\/\/www.smedemokrati.sk\/wp-content\/uploads\/2023\/04\/ff.002.jpeg\",\"width\":640,\"height\":480,\"caption\":\"Smedemokrati.sk\"},\"image\":{\"@id\":\"https:\/\/www.smedemokrati.sk\/#\/schema\/logo\/image\/\"},\"sameAs\":[\"https:\/\/www.facebook.com\/smedemokrati2023\"]},{\"@type\":\"Person\",\"@id\":\"https:\/\/www.smedemokrati.sk\/#\/schema\/person\/21f147c88d605aa7ded900e1e7c344ba\",\"name\":\"miro.sopko\",\"image\":{\"@type\":\"ImageObject\",\"inLanguage\":\"en-US\",\"@id\":\"https:\/\/secure.gravatar.com\/avatar\/267e4a36f704376c109afe3a78740c1f5dd8675a2180a908699e7863c9247606?s=96&d=mm&r=g\",\"url\":\"https:\/\/secure.gravatar.com\/avatar\/267e4a36f704376c109afe3a78740c1f5dd8675a2180a908699e7863c9247606?s=96&d=mm&r=g\",\"contentUrl\":\"https:\/\/secure.gravatar.com\/avatar\/267e4a36f704376c109afe3a78740c1f5dd8675a2180a908699e7863c9247606?s=96&d=mm&r=g\",\"caption\":\"miro.sopko\"},\"url\":\"https:\/\/www.smedemokrati.sk\/en\/author\/miro-sopko\/\"}]}<\/script>\n<!-- \/ Yoast SEO plugin. -->","yoast_head_json":{"title":"Gar\u00e1\u017e pln\u00e1 hotovosti a mili\u00f3nov\u00e9 vily: Feren\u010d\u00e1k sa mus\u00ed okam\u017eite vzda\u0165 poslaneck\u00e9ho mand\u00e1tu","robots":{"index":"index","follow":"follow","max-snippet":"max-snippet:-1","max-image-preview":"max-image-preview:large","max-video-preview":"max-video-preview:-1"},"canonical":"https:\/\/www.smedemokrati.sk\/en\/garaz-plna-hotovosti-a-milionove-vily-ferencak-sa-musi-okamzite-vzdat-poslaneckeho-mandatu\/","og_locale":"en_US","og_type":"article","og_title":"[:sk]Gar\u00e1\u017e pln\u00e1 hotovosti a mili\u00f3nov\u00e9 vily: Feren\u010d\u00e1k sa mus\u00ed okam\u017eite vzda\u0165 poslaneck\u00e9ho mand\u00e1tu[:] - Smedemokrati.sk","og_description":"Video zverejnen\u00e9 t\u00fd\u017edenn\u00edkom Plus 7 dn\u00ed, na ktorom prim\u00e1tor Ke\u017emarku J\u00e1n Feren\u010d\u00e1k v gar\u00e1\u017ei odovzd\u00e1va desa\u0165tis\u00edce eur v hotovosti, spolu s nov\u00fdmi zisteniami o jeho majetku potvrdzuj\u00fa inform\u00e1cie Demokratov a tie\u017e to, \u017ee Feren\u010d\u00e1k nevie vysvetli\u0165 svoje mili\u00f3nov\u00e9. Luxusn\u00e1 vila, ktor\u00fa zrekon\u0161truoval za st\u00e1tis\u00edce a v\u00fdstavba \u010fal\u0161ej mili\u00f3novej nehnute\u013enosti bez priebe\u017en\u00fdch platieb vyvol\u00e1vaj\u00fa v\u00e1\u017ene ot\u00e1zky. [&hellip;]","og_url":"https:\/\/www.smedemokrati.sk\/en\/garaz-plna-hotovosti-a-milionove-vily-ferencak-sa-musi-okamzite-vzdat-poslaneckeho-mandatu\/","og_site_name":"Smedemokrati.sk","article_publisher":"https:\/\/www.facebook.com\/smedemokrati2023","article_published_time":"2026-03-25T12:39:30+00:00","article_modified_time":"2026-03-25T12:39:31+00:00","og_image":[{"width":1280,"height":720,"url":"https:\/\/www.smedemokrati.sk\/wp-content\/uploads\/2026\/03\/nove-byvanie.jpg","type":"image\/jpeg"}],"author":"miro.sopko","twitter_card":"summary_large_image","twitter_misc":{"Written by":"miro.sopko","Est. reading time":"2 minutes"},"schema":{"@context":"https:\/\/schema.org","@graph":[{"@type":"Article","@id":"https:\/\/www.smedemokrati.sk\/garaz-plna-hotovosti-a-milionove-vily-ferencak-sa-musi-okamzite-vzdat-poslaneckeho-mandatu\/#article","isPartOf":{"@id":"https:\/\/www.smedemokrati.sk\/garaz-plna-hotovosti-a-milionove-vily-ferencak-sa-musi-okamzite-vzdat-poslaneckeho-mandatu\/"},"author":{"name":"miro.sopko","@id":"https:\/\/www.smedemokrati.sk\/#\/schema\/person\/21f147c88d605aa7ded900e1e7c344ba"},"headline":"Gar\u00e1\u017e pln\u00e1 hotovosti a mili\u00f3nov\u00e9 vily: Feren\u010d\u00e1k sa mus\u00ed okam\u017eite vzda\u0165 poslaneck\u00e9ho mand\u00e1tu","datePublished":"2026-03-25T12:39:30+00:00","dateModified":"2026-03-25T12:39:31+00:00","mainEntityOfPage":{"@id":"https:\/\/www.smedemokrati.sk\/garaz-plna-hotovosti-a-milionove-vily-ferencak-sa-musi-okamzite-vzdat-poslaneckeho-mandatu\/"},"wordCount":432,"publisher":{"@id":"https:\/\/www.smedemokrati.sk\/#organization"},"image":{"@id":"https:\/\/www.smedemokrati.sk\/garaz-plna-hotovosti-a-milionove-vily-ferencak-sa-musi-okamzite-vzdat-poslaneckeho-mandatu\/#primaryimage"},"thumbnailUrl":"https:\/\/www.smedemokrati.sk\/wp-content\/uploads\/2026\/03\/nove-byvanie.jpg","articleSection":["Tla\u010dov\u00e9 spr\u00e1vy"],"inLanguage":"en-US"},{"@type":"WebPage","@id":"https:\/\/www.smedemokrati.sk\/garaz-plna-hotovosti-a-milionove-vily-ferencak-sa-musi-okamzite-vzdat-poslaneckeho-mandatu\/","url":"https:\/\/www.smedemokrati.sk\/garaz-plna-hotovosti-a-milionove-vily-ferencak-sa-musi-okamzite-vzdat-poslaneckeho-mandatu\/","name":"Gar\u00e1\u017e pln\u00e1 hotovosti a mili\u00f3nov\u00e9 vily: Feren\u010d\u00e1k sa mus\u00ed okam\u017eite vzda\u0165 poslaneck\u00e9ho mand\u00e1tu","isPartOf":{"@id":"https:\/\/www.smedemokrati.sk\/#website"},"primaryImageOfPage":{"@id":"https:\/\/www.smedemokrati.sk\/garaz-plna-hotovosti-a-milionove-vily-ferencak-sa-musi-okamzite-vzdat-poslaneckeho-mandatu\/#primaryimage"},"image":{"@id":"https:\/\/www.smedemokrati.sk\/garaz-plna-hotovosti-a-milionove-vily-ferencak-sa-musi-okamzite-vzdat-poslaneckeho-mandatu\/#primaryimage"},"thumbnailUrl":"https:\/\/www.smedemokrati.sk\/wp-content\/uploads\/2026\/03\/nove-byvanie.jpg","datePublished":"2026-03-25T12:39:30+00:00","dateModified":"2026-03-25T12:39:31+00:00","breadcrumb":{"@id":"https:\/\/www.smedemokrati.sk\/garaz-plna-hotovosti-a-milionove-vily-ferencak-sa-musi-okamzite-vzdat-poslaneckeho-mandatu\/#breadcrumb"},"inLanguage":"en-US","potentialAction":[{"@type":"ReadAction","target":["https:\/\/www.smedemokrati.sk\/garaz-plna-hotovosti-a-milionove-vily-ferencak-sa-musi-okamzite-vzdat-poslaneckeho-mandatu\/"]}]},{"@type":"ImageObject","inLanguage":"en-US","@id":"https:\/\/www.smedemokrati.sk\/garaz-plna-hotovosti-a-milionove-vily-ferencak-sa-musi-okamzite-vzdat-poslaneckeho-mandatu\/#primaryimage","url":"https:\/\/www.smedemokrati.sk\/wp-content\/uploads\/2026\/03\/nove-byvanie.jpg","contentUrl":"https:\/\/www.smedemokrati.sk\/wp-content\/uploads\/2026\/03\/nove-byvanie.jpg","width":1280,"height":720},{"@type":"BreadcrumbList","@id":"https:\/\/www.smedemokrati.sk\/garaz-plna-hotovosti-a-milionove-vily-ferencak-sa-musi-okamzite-vzdat-poslaneckeho-mandatu\/#breadcrumb","itemListElement":[{"@type":"ListItem","position":1,"name":"Domovsk\u00e1 str\u00e1nka","item":"https:\/\/www.smedemokrati.sk\/"},{"@type":"ListItem","position":2,"name":"Gar\u00e1\u017e pln\u00e1 hotovosti a mili\u00f3nov\u00e9 vily: Feren\u010d\u00e1k sa mus\u00ed okam\u017eite vzda\u0165 poslaneck\u00e9ho mand\u00e1tu"}]},{"@type":"WebSite","@id":"https:\/\/www.smedemokrati.sk\/#website","url":"https:\/\/www.smedemokrati.sk\/","name":"Smedemokrati.sk","description":"Demokracia a slu\u0161nos\u0165 zv\u00ed\u0165az\u00ed","publisher":{"@id":"https:\/\/www.smedemokrati.sk\/#organization"},"potentialAction":[{"@type":"SearchAction","target":{"@type":"EntryPoint","urlTemplate":"https:\/\/www.smedemokrati.sk\/?s={search_term_string}"},"query-input":{"@type":"PropertyValueSpecification","valueRequired":true,"valueName":"search_term_string"}}],"inLanguage":"en-US"},{"@type":"Organization","@id":"https:\/\/www.smedemokrati.sk\/#organization","name":"Smedemokrati.sk","url":"https:\/\/www.smedemokrati.sk\/","logo":{"@type":"ImageObject","inLanguage":"en-US","@id":"https:\/\/www.smedemokrati.sk\/#\/schema\/logo\/image\/","url":"https:\/\/www.smedemokrati.sk\/wp-content\/uploads\/2023\/04\/ff.002.jpeg","contentUrl":"https:\/\/www.smedemokrati.sk\/wp-content\/uploads\/2023\/04\/ff.002.jpeg","width":640,"height":480,"caption":"Smedemokrati.sk"},"image":{"@id":"https:\/\/www.smedemokrati.sk\/#\/schema\/logo\/image\/"},"sameAs":["https:\/\/www.facebook.com\/smedemokrati2023"]},{"@type":"Person","@id":"https:\/\/www.smedemokrati.sk\/#\/schema\/person\/21f147c88d605aa7ded900e1e7c344ba","name":"miro.sopko","image":{"@type":"ImageObject","inLanguage":"en-US","@id":"https:\/\/secure.gravatar.com\/avatar\/267e4a36f704376c109afe3a78740c1f5dd8675a2180a908699e7863c9247606?s=96&d=mm&r=g","url":"https:\/\/secure.gravatar.com\/avatar\/267e4a36f704376c109afe3a78740c1f5dd8675a2180a908699e7863c9247606?s=96&d=mm&r=g","contentUrl":"https:\/\/secure.gravatar.com\/avatar\/267e4a36f704376c109afe3a78740c1f5dd8675a2180a908699e7863c9247606?s=96&d=mm&r=g","caption":"miro.sopko"},"url":"https:\/\/www.smedemokrati.sk\/en\/author\/miro-sopko\/"}]}},"_links":{"self":[{"href":"https:\/\/www.smedemokrati.sk\/en\/wp-json\/wp\/v2\/posts\/9107","targetHints":{"allow":["GET"]}}],"collection":[{"href":"https:\/\/www.smedemokrati.sk\/en\/wp-json\/wp\/v2\/posts"}],"about":[{"href":"https:\/\/www.smedemokrati.sk\/en\/wp-json\/wp\/v2\/types\/post"}],"author":[{"embeddable":true,"href":"https:\/\/www.smedemokrati.sk\/en\/wp-json\/wp\/v2\/users\/13"}],"replies":[{"embeddable":true,"href":"https:\/\/www.smedemokrati.sk\/en\/wp-json\/wp\/v2\/comments?post=9107"}],"version-history":[{"count":1,"href":"https:\/\/www.smedemokrati.sk\/en\/wp-json\/wp\/v2\/posts\/9107\/revisions"}],"predecessor-version":[{"id":9109,"href":"https:\/\/www.smedemokrati.sk\/en\/wp-json\/wp\/v2\/posts\/9107\/revisions\/9109"}],"wp:featuredmedia":[{"embeddable":true,"href":"https:\/\/www.smedemokrati.sk\/en\/wp-json\/wp\/v2\/media\/9108"}],"wp:attachment":[{"href":"https:\/\/www.smedemokrati.sk\/en\/wp-json\/wp\/v2\/media?parent=9107"}],"wp:term":[{"taxonomy":"category","embeddable":true,"href":"https:\/\/www.smedemokrati.sk\/en\/wp-json\/wp\/v2\/categories?post=9107"},{"taxonomy":"post_tag","embeddable":true,"href":"https:\/\/www.smedemokrati.sk\/en\/wp-json\/wp\/v2\/tags?post=9107"}],"curies":[{"name":"wp","href":"https:\/\/api.w.org\/{rel}","templated":true}]}}