{"id":9037,"date":"2026-03-17T13:04:17","date_gmt":"2026-03-17T12:04:17","guid":{"rendered":"https:\/\/www.smedemokrati.sk\/?p=9037"},"modified":"2026-03-17T13:37:34","modified_gmt":"2026-03-17T12:37:34","slug":"hanba-parlamentu-od-4-septembra-ignoruju-pomoc-pre-deti-na-20-eur-pre-prvakov-nemaju-cas-ani-volu","status":"publish","type":"post","link":"https:\/\/www.smedemokrati.sk\/en\/hanba-parlamentu-od-4-septembra-ignoruju-pomoc-pre-deti-na-20-eur-pre-prvakov-nemaju-cas-ani-volu\/","title":{"rendered":"Hanba parlamentu: Od 4. septembra ignoruj\u00fa pomoc pre deti. Na 20 eur pre prv\u00e1kov nemaj\u00fa \u010das ani v\u00f4\u013eu"},"content":{"rendered":"<div id=\"fb-root\"><\/div>\n\n<p><strong>Strana Demokrati ostro kritizuje ne\u010dinnos\u0165 N\u00e1rodnej rady SR, ktor\u00e1 od 4. septembra nebola schopn\u00e1 ani len prerokova\u0165 n\u00e1vrh z\u00e1kona na zv\u00fd\u0161enie pr\u00edspevku pre prv\u00e1kov. N\u00e1vrh, predlo\u017een\u00fd v spolupr\u00e1ci s poslancom NR SR \u013dubom\u00edrom Galkom, po\u010d\u00edta so zv\u00fd\u0161en\u00edm jednorazov\u00e9ho pr\u00edspevku zo 110 eur na 130 eur. Ide o element\u00e1rne dorovnanie infl\u00e1cie \u2013 ni\u010d viac, ni\u010d menej.<\/strong><\/p>\n\n\n\n<p><em>\u201eToto je \u010dist\u00fd v\u00fdsmech rodi\u010dom. Od 4. septembra sa parlament tv\u00e1ri, \u017ee probl\u00e9m neexistuje. Pritom ceny \u0161kolsk\u00fdch pom\u00f4cok v niektor\u00fdch pr\u00edpadoch vyleteli medziro\u010dne a\u017e o 60 %. U\u017e bude \u010fal\u0161\u00ed september, \u010fal\u0161\u00ed prv\u00e1ci a namiesto re\u00e1lnej pomoci si poslanci robia iba &nbsp;pr\u00e1zdne PR na soci\u00e1lnych sie\u0165ach. T\u00fdch 20 eur nie je luxus, to je absol\u00fatne minimum, ktor\u00e9 mal \u0161t\u00e1t zabezpe\u010di\u0165 automaticky,\u201c<\/em>&nbsp;uviedla \u010dlenka predsedn\u00edctva strany Demokrati Monika Podhor\u00e1ny Masarikov\u00e1.<\/p>\n\n\n\n<p>Demokrati zd\u00f4raz\u0148uj\u00fa, \u017ee celkov\u00e9 n\u00e1klady na opatrenie s\u00fa pribli\u017ene 1,2 mili\u00f3na eur \u2013 suma, ktor\u00e1 je v kontexte \u0161t\u00e1tneho rozpo\u010dtu zanedbate\u013en\u00e1.<\/p>\n\n\n\n<p><em>\u201eParlament m\u00e1 \u010das na h\u00e1dky, trafiky a papal\u00e1\u0161ske v\u00fddavky, ale nem\u00e1 \u010das na deti. To je realita. N\u00e1\u0161 n\u00e1vrh je drobnos\u0165 pre \u0161t\u00e1t, ale konkr\u00e9tna pomoc pre rodiny. O to v\u00e4\u010d\u0161ia hanba je, \u017ee ho koal\u00edcia od za\u010diatku \u0161kolsk\u00e9ho roka blokuje a ignoruje. Vyz\u00fdvam kolegov, aby sa kone\u010dne prestali hra\u0165 na hluch\u00fdch a slep\u00fdch a za\u010dali rie\u0161i\u0165 re\u00e1lne probl\u00e9my \u013eud\u00ed,\u201c<\/em>&nbsp;povedal poslanec NR SR \u013dubom\u00edr Galko.<\/p>\n\n\n\n<p>Predseda strany Demokrati Jaroslav Na\u010f hovor\u00ed o jasnom d\u00f4kaze, \u017ee vl\u00e1da stratila kontakt s realitou.<\/p>\n\n\n\n<p><em>\u201eAk parlament nedok\u00e1\u017ee od 4. septembra prerokova\u0165 ani 20 eur pre prv\u00e1kov, tak je to vizitka tot\u00e1lneho zlyhania. Vl\u00e1da a parlament ukazuj\u00fa, \u017ee im nez\u00e1le\u017e\u00ed na rodin\u00e1ch, ale na vlastnom pohodl\u00ed a zjavn\u00fdch k\u0161eftoch. Toto nie je o peniazoch \u2013 toto je o priorit\u00e1ch. A tie m\u00e1 t\u00e1to koal\u00edcia nastaven\u00e9 \u00faplne mimo reality be\u017en\u00fdch \u013eud\u00ed,\u201c&nbsp;<\/em>uzavrel predseda Demokratov Jaroslav Na\u010f.<\/p>\n\n\n\n<figure class=\"wp-block-embed is-type-video is-provider-youtube wp-block-embed-youtube wp-embed-aspect-16-9 wp-has-aspect-ratio\"><div class=\"wp-block-embed__wrapper\">\n<iframe title=\"NRSR: Stanovisko k programu preru\u0161enej sch\u00f4dze parlamentu\" width=\"500\" height=\"281\" src=\"https:\/\/www.youtube.com\/embed\/jz1CrpuB3Dw?feature=oembed\" frameborder=\"0\" allow=\"accelerometer; autoplay; clipboard-write; encrypted-media; gyroscope; picture-in-picture; web-share\" referrerpolicy=\"strict-origin-when-cross-origin\" allowfullscreen><\/iframe>\n<\/div><\/figure>\n","protected":false},"excerpt":{"rendered":"<p>Strana Demokrati ostro kritizuje ne\u010dinnos\u0165 N\u00e1rodnej rady SR, ktor\u00e1 od 4. septembra nebola schopn\u00e1 ani len prerokova\u0165 n\u00e1vrh z\u00e1kona na zv\u00fd\u0161enie pr\u00edspevku pre prv\u00e1kov. N\u00e1vrh, predlo\u017een\u00fd v spolupr\u00e1ci s poslancom NR SR \u013dubom\u00edrom Galkom, po\u010d\u00edta so zv\u00fd\u0161en\u00edm jednorazov\u00e9ho pr\u00edspevku zo 110 eur na 130 eur. Ide o element\u00e1rne dorovnanie infl\u00e1cie \u2013 ni\u010d viac, ni\u010d menej. [&hellip;]<\/p>\n","protected":false},"author":13,"featured_media":9038,"comment_status":"closed","ping_status":"closed","sticky":false,"template":"","format":"standard","meta":{"_acf_changed":false,"ngg_post_thumbnail":0,"footnotes":""},"categories":[4],"tags":[],"class_list":["post-9037","post","type-post","status-publish","format-standard","has-post-thumbnail","hentry","category-tlacove-spravy"],"acf":[],"yoast_head":"<!-- This site is optimized with the Yoast SEO plugin v27.2 - https:\/\/yoast.com\/product\/yoast-seo-wordpress\/ -->\n<title>Hanba parlamentu: Od 4. septembra ignoruj\u00fa pomoc pre deti. Na 20 eur pre prv\u00e1kov nemaj\u00fa \u010das ani v\u00f4\u013eu<\/title>\n<meta name=\"robots\" content=\"index, follow, max-snippet:-1, max-image-preview:large, max-video-preview:-1\" \/>\n<link rel=\"canonical\" href=\"https:\/\/www.smedemokrati.sk\/en\/hanba-parlamentu-od-4-septembra-ignoruju-pomoc-pre-deti-na-20-eur-pre-prvakov-nemaju-cas-ani-volu\/\" \/>\n<meta property=\"og:locale\" content=\"en_US\" \/>\n<meta property=\"og:locale:alternate\" content=\"cs_CZ\" \/>\n<meta property=\"og:locale:alternate\" content=\"hu_HU\" \/>\n<meta property=\"og:locale:alternate\" content=\"sk_SK\" \/>\n<meta property=\"og:locale:alternate\" content=\"sv_SE\" \/>\n<meta property=\"og:type\" content=\"article\" \/>\n<meta property=\"og:title\" content=\"Hanba parlamentu: Od 4. septembra ignoruj\u00fa pomoc pre deti. Na 20 eur pre prv\u00e1kov nemaj\u00fa \u010das ani v\u00f4\u013eu\" \/>\n<meta property=\"og:description\" content=\"Strana Demokrati ostro kritizuje ne\u010dinnos\u0165 N\u00e1rodnej rady SR, ktor\u00e1 od 4. septembra nebola schopn\u00e1 ani len prerokova\u0165 n\u00e1vrh z\u00e1kona na zv\u00fd\u0161enie pr\u00edspevku pre prv\u00e1kov. N\u00e1vrh, predlo\u017een\u00fd v spolupr\u00e1ci s poslancom NR SR \u013dubom\u00edrom Galkom, po\u010d\u00edta so zv\u00fd\u0161en\u00edm jednorazov\u00e9ho pr\u00edspevku zo 110 eur na 130 eur. Ide o element\u00e1rne dorovnanie infl\u00e1cie \u2013 ni\u010d viac, ni\u010d menej. [&hellip;]\" \/>\n<meta property=\"og:url\" content=\"https:\/\/www.smedemokrati.sk\/en\/hanba-parlamentu-od-4-septembra-ignoruju-pomoc-pre-deti-na-20-eur-pre-prvakov-nemaju-cas-ani-volu\/\" \/>\n<meta property=\"og:site_name\" content=\"Smedemokrati.sk\" \/>\n<meta property=\"article:publisher\" content=\"https:\/\/www.facebook.com\/smedemokrati2023\" \/>\n<meta property=\"article:published_time\" content=\"2026-03-17T12:04:17+00:00\" \/>\n<meta property=\"article:modified_time\" content=\"2026-03-17T12:37:34+00:00\" \/>\n<meta property=\"og:image\" content=\"https:\/\/www.smedemokrati.sk\/wp-content\/uploads\/2026\/03\/vlada-kasle-na-deti.jpg\" \/>\n\t<meta property=\"og:image:width\" content=\"1280\" \/>\n\t<meta property=\"og:image:height\" content=\"720\" \/>\n\t<meta property=\"og:image:type\" content=\"image\/jpeg\" \/>\n<meta name=\"author\" content=\"miro.sopko\" \/>\n<meta name=\"twitter:card\" content=\"summary_large_image\" \/>\n<meta name=\"twitter:label1\" content=\"Written by\" \/>\n\t<meta name=\"twitter:data1\" content=\"miro.sopko\" \/>\n\t<meta name=\"twitter:label2\" content=\"Est. reading time\" \/>\n\t<meta name=\"twitter:data2\" content=\"2 minutes\" \/>\n<script type=\"application\/ld+json\" class=\"yoast-schema-graph\">{\"@context\":\"https:\/\/schema.org\",\"@graph\":[{\"@type\":\"Article\",\"@id\":\"https:\/\/www.smedemokrati.sk\/hanba-parlamentu-od-4-septembra-ignoruju-pomoc-pre-deti-na-20-eur-pre-prvakov-nemaju-cas-ani-volu\/#article\",\"isPartOf\":{\"@id\":\"https:\/\/www.smedemokrati.sk\/hanba-parlamentu-od-4-septembra-ignoruju-pomoc-pre-deti-na-20-eur-pre-prvakov-nemaju-cas-ani-volu\/\"},\"author\":{\"name\":\"miro.sopko\",\"@id\":\"https:\/\/www.smedemokrati.sk\/#\/schema\/person\/21f147c88d605aa7ded900e1e7c344ba\"},\"headline\":\"Hanba parlamentu: Od 4. septembra ignoruj\u00fa pomoc pre deti. Na 20 eur pre prv\u00e1kov nemaj\u00fa \u010das ani v\u00f4\u013eu\",\"datePublished\":\"2026-03-17T12:04:17+00:00\",\"dateModified\":\"2026-03-17T12:37:34+00:00\",\"mainEntityOfPage\":{\"@id\":\"https:\/\/www.smedemokrati.sk\/hanba-parlamentu-od-4-septembra-ignoruju-pomoc-pre-deti-na-20-eur-pre-prvakov-nemaju-cas-ani-volu\/\"},\"wordCount\":387,\"publisher\":{\"@id\":\"https:\/\/www.smedemokrati.sk\/#organization\"},\"image\":{\"@id\":\"https:\/\/www.smedemokrati.sk\/hanba-parlamentu-od-4-septembra-ignoruju-pomoc-pre-deti-na-20-eur-pre-prvakov-nemaju-cas-ani-volu\/#primaryimage\"},\"thumbnailUrl\":\"https:\/\/www.smedemokrati.sk\/wp-content\/uploads\/2026\/03\/vlada-kasle-na-deti.jpg\",\"articleSection\":[\"Tla\u010dov\u00e9 spr\u00e1vy\"],\"inLanguage\":\"en-US\"},{\"@type\":\"WebPage\",\"@id\":\"https:\/\/www.smedemokrati.sk\/hanba-parlamentu-od-4-septembra-ignoruju-pomoc-pre-deti-na-20-eur-pre-prvakov-nemaju-cas-ani-volu\/\",\"url\":\"https:\/\/www.smedemokrati.sk\/hanba-parlamentu-od-4-septembra-ignoruju-pomoc-pre-deti-na-20-eur-pre-prvakov-nemaju-cas-ani-volu\/\",\"name\":\"Hanba parlamentu: Od 4. septembra ignoruj\u00fa pomoc pre deti. Na 20 eur pre prv\u00e1kov nemaj\u00fa \u010das ani v\u00f4\u013eu\",\"isPartOf\":{\"@id\":\"https:\/\/www.smedemokrati.sk\/#website\"},\"primaryImageOfPage\":{\"@id\":\"https:\/\/www.smedemokrati.sk\/hanba-parlamentu-od-4-septembra-ignoruju-pomoc-pre-deti-na-20-eur-pre-prvakov-nemaju-cas-ani-volu\/#primaryimage\"},\"image\":{\"@id\":\"https:\/\/www.smedemokrati.sk\/hanba-parlamentu-od-4-septembra-ignoruju-pomoc-pre-deti-na-20-eur-pre-prvakov-nemaju-cas-ani-volu\/#primaryimage\"},\"thumbnailUrl\":\"https:\/\/www.smedemokrati.sk\/wp-content\/uploads\/2026\/03\/vlada-kasle-na-deti.jpg\",\"datePublished\":\"2026-03-17T12:04:17+00:00\",\"dateModified\":\"2026-03-17T12:37:34+00:00\",\"breadcrumb\":{\"@id\":\"https:\/\/www.smedemokrati.sk\/hanba-parlamentu-od-4-septembra-ignoruju-pomoc-pre-deti-na-20-eur-pre-prvakov-nemaju-cas-ani-volu\/#breadcrumb\"},\"inLanguage\":\"en-US\",\"potentialAction\":[{\"@type\":\"ReadAction\",\"target\":[\"https:\/\/www.smedemokrati.sk\/hanba-parlamentu-od-4-septembra-ignoruju-pomoc-pre-deti-na-20-eur-pre-prvakov-nemaju-cas-ani-volu\/\"]}]},{\"@type\":\"ImageObject\",\"inLanguage\":\"en-US\",\"@id\":\"https:\/\/www.smedemokrati.sk\/hanba-parlamentu-od-4-septembra-ignoruju-pomoc-pre-deti-na-20-eur-pre-prvakov-nemaju-cas-ani-volu\/#primaryimage\",\"url\":\"https:\/\/www.smedemokrati.sk\/wp-content\/uploads\/2026\/03\/vlada-kasle-na-deti.jpg\",\"contentUrl\":\"https:\/\/www.smedemokrati.sk\/wp-content\/uploads\/2026\/03\/vlada-kasle-na-deti.jpg\",\"width\":1280,\"height\":720},{\"@type\":\"BreadcrumbList\",\"@id\":\"https:\/\/www.smedemokrati.sk\/hanba-parlamentu-od-4-septembra-ignoruju-pomoc-pre-deti-na-20-eur-pre-prvakov-nemaju-cas-ani-volu\/#breadcrumb\",\"itemListElement\":[{\"@type\":\"ListItem\",\"position\":1,\"name\":\"Domovsk\u00e1 str\u00e1nka\",\"item\":\"https:\/\/www.smedemokrati.sk\/\"},{\"@type\":\"ListItem\",\"position\":2,\"name\":\"Hanba parlamentu: Od 4. septembra ignoruj\u00fa pomoc pre deti. Na 20 eur pre prv\u00e1kov nemaj\u00fa \u010das ani v\u00f4\u013eu\"}]},{\"@type\":\"WebSite\",\"@id\":\"https:\/\/www.smedemokrati.sk\/#website\",\"url\":\"https:\/\/www.smedemokrati.sk\/\",\"name\":\"Smedemokrati.sk\",\"description\":\"Demokracia a slu\u0161nos\u0165 zv\u00ed\u0165az\u00ed\",\"publisher\":{\"@id\":\"https:\/\/www.smedemokrati.sk\/#organization\"},\"potentialAction\":[{\"@type\":\"SearchAction\",\"target\":{\"@type\":\"EntryPoint\",\"urlTemplate\":\"https:\/\/www.smedemokrati.sk\/?s={search_term_string}\"},\"query-input\":{\"@type\":\"PropertyValueSpecification\",\"valueRequired\":true,\"valueName\":\"search_term_string\"}}],\"inLanguage\":\"en-US\"},{\"@type\":\"Organization\",\"@id\":\"https:\/\/www.smedemokrati.sk\/#organization\",\"name\":\"Smedemokrati.sk\",\"url\":\"https:\/\/www.smedemokrati.sk\/\",\"logo\":{\"@type\":\"ImageObject\",\"inLanguage\":\"en-US\",\"@id\":\"https:\/\/www.smedemokrati.sk\/#\/schema\/logo\/image\/\",\"url\":\"https:\/\/www.smedemokrati.sk\/wp-content\/uploads\/2023\/04\/ff.002.jpeg\",\"contentUrl\":\"https:\/\/www.smedemokrati.sk\/wp-content\/uploads\/2023\/04\/ff.002.jpeg\",\"width\":640,\"height\":480,\"caption\":\"Smedemokrati.sk\"},\"image\":{\"@id\":\"https:\/\/www.smedemokrati.sk\/#\/schema\/logo\/image\/\"},\"sameAs\":[\"https:\/\/www.facebook.com\/smedemokrati2023\"]},{\"@type\":\"Person\",\"@id\":\"https:\/\/www.smedemokrati.sk\/#\/schema\/person\/21f147c88d605aa7ded900e1e7c344ba\",\"name\":\"miro.sopko\",\"image\":{\"@type\":\"ImageObject\",\"inLanguage\":\"en-US\",\"@id\":\"https:\/\/secure.gravatar.com\/avatar\/267e4a36f704376c109afe3a78740c1f5dd8675a2180a908699e7863c9247606?s=96&d=mm&r=g\",\"url\":\"https:\/\/secure.gravatar.com\/avatar\/267e4a36f704376c109afe3a78740c1f5dd8675a2180a908699e7863c9247606?s=96&d=mm&r=g\",\"contentUrl\":\"https:\/\/secure.gravatar.com\/avatar\/267e4a36f704376c109afe3a78740c1f5dd8675a2180a908699e7863c9247606?s=96&d=mm&r=g\",\"caption\":\"miro.sopko\"},\"url\":\"https:\/\/www.smedemokrati.sk\/en\/author\/miro-sopko\/\"}]}<\/script>\n<!-- \/ Yoast SEO plugin. -->","yoast_head_json":{"title":"Hanba parlamentu: Od 4. septembra ignoruj\u00fa pomoc pre deti. Na 20 eur pre prv\u00e1kov nemaj\u00fa \u010das ani v\u00f4\u013eu","robots":{"index":"index","follow":"follow","max-snippet":"max-snippet:-1","max-image-preview":"max-image-preview:large","max-video-preview":"max-video-preview:-1"},"canonical":"https:\/\/www.smedemokrati.sk\/en\/hanba-parlamentu-od-4-septembra-ignoruju-pomoc-pre-deti-na-20-eur-pre-prvakov-nemaju-cas-ani-volu\/","og_locale":"en_US","og_type":"article","og_title":"[:sk]Hanba parlamentu: Od 4. septembra ignoruj\u00fa pomoc pre deti. Na 20 eur pre prv\u00e1kov nemaj\u00fa \u010das ani v\u00f4\u013eu[:] - Smedemokrati.sk","og_description":"Strana Demokrati ostro kritizuje ne\u010dinnos\u0165 N\u00e1rodnej rady SR, ktor\u00e1 od 4. septembra nebola schopn\u00e1 ani len prerokova\u0165 n\u00e1vrh z\u00e1kona na zv\u00fd\u0161enie pr\u00edspevku pre prv\u00e1kov. N\u00e1vrh, predlo\u017een\u00fd v spolupr\u00e1ci s poslancom NR SR \u013dubom\u00edrom Galkom, po\u010d\u00edta so zv\u00fd\u0161en\u00edm jednorazov\u00e9ho pr\u00edspevku zo 110 eur na 130 eur. Ide o element\u00e1rne dorovnanie infl\u00e1cie \u2013 ni\u010d viac, ni\u010d menej. [&hellip;]","og_url":"https:\/\/www.smedemokrati.sk\/en\/hanba-parlamentu-od-4-septembra-ignoruju-pomoc-pre-deti-na-20-eur-pre-prvakov-nemaju-cas-ani-volu\/","og_site_name":"Smedemokrati.sk","article_publisher":"https:\/\/www.facebook.com\/smedemokrati2023","article_published_time":"2026-03-17T12:04:17+00:00","article_modified_time":"2026-03-17T12:37:34+00:00","og_image":[{"width":1280,"height":720,"url":"https:\/\/www.smedemokrati.sk\/wp-content\/uploads\/2026\/03\/vlada-kasle-na-deti.jpg","type":"image\/jpeg"}],"author":"miro.sopko","twitter_card":"summary_large_image","twitter_misc":{"Written by":"miro.sopko","Est. reading time":"2 minutes"},"schema":{"@context":"https:\/\/schema.org","@graph":[{"@type":"Article","@id":"https:\/\/www.smedemokrati.sk\/hanba-parlamentu-od-4-septembra-ignoruju-pomoc-pre-deti-na-20-eur-pre-prvakov-nemaju-cas-ani-volu\/#article","isPartOf":{"@id":"https:\/\/www.smedemokrati.sk\/hanba-parlamentu-od-4-septembra-ignoruju-pomoc-pre-deti-na-20-eur-pre-prvakov-nemaju-cas-ani-volu\/"},"author":{"name":"miro.sopko","@id":"https:\/\/www.smedemokrati.sk\/#\/schema\/person\/21f147c88d605aa7ded900e1e7c344ba"},"headline":"Hanba parlamentu: Od 4. septembra ignoruj\u00fa pomoc pre deti. Na 20 eur pre prv\u00e1kov nemaj\u00fa \u010das ani v\u00f4\u013eu","datePublished":"2026-03-17T12:04:17+00:00","dateModified":"2026-03-17T12:37:34+00:00","mainEntityOfPage":{"@id":"https:\/\/www.smedemokrati.sk\/hanba-parlamentu-od-4-septembra-ignoruju-pomoc-pre-deti-na-20-eur-pre-prvakov-nemaju-cas-ani-volu\/"},"wordCount":387,"publisher":{"@id":"https:\/\/www.smedemokrati.sk\/#organization"},"image":{"@id":"https:\/\/www.smedemokrati.sk\/hanba-parlamentu-od-4-septembra-ignoruju-pomoc-pre-deti-na-20-eur-pre-prvakov-nemaju-cas-ani-volu\/#primaryimage"},"thumbnailUrl":"https:\/\/www.smedemokrati.sk\/wp-content\/uploads\/2026\/03\/vlada-kasle-na-deti.jpg","articleSection":["Tla\u010dov\u00e9 spr\u00e1vy"],"inLanguage":"en-US"},{"@type":"WebPage","@id":"https:\/\/www.smedemokrati.sk\/hanba-parlamentu-od-4-septembra-ignoruju-pomoc-pre-deti-na-20-eur-pre-prvakov-nemaju-cas-ani-volu\/","url":"https:\/\/www.smedemokrati.sk\/hanba-parlamentu-od-4-septembra-ignoruju-pomoc-pre-deti-na-20-eur-pre-prvakov-nemaju-cas-ani-volu\/","name":"Hanba parlamentu: Od 4. septembra ignoruj\u00fa pomoc pre deti. Na 20 eur pre prv\u00e1kov nemaj\u00fa \u010das ani v\u00f4\u013eu","isPartOf":{"@id":"https:\/\/www.smedemokrati.sk\/#website"},"primaryImageOfPage":{"@id":"https:\/\/www.smedemokrati.sk\/hanba-parlamentu-od-4-septembra-ignoruju-pomoc-pre-deti-na-20-eur-pre-prvakov-nemaju-cas-ani-volu\/#primaryimage"},"image":{"@id":"https:\/\/www.smedemokrati.sk\/hanba-parlamentu-od-4-septembra-ignoruju-pomoc-pre-deti-na-20-eur-pre-prvakov-nemaju-cas-ani-volu\/#primaryimage"},"thumbnailUrl":"https:\/\/www.smedemokrati.sk\/wp-content\/uploads\/2026\/03\/vlada-kasle-na-deti.jpg","datePublished":"2026-03-17T12:04:17+00:00","dateModified":"2026-03-17T12:37:34+00:00","breadcrumb":{"@id":"https:\/\/www.smedemokrati.sk\/hanba-parlamentu-od-4-septembra-ignoruju-pomoc-pre-deti-na-20-eur-pre-prvakov-nemaju-cas-ani-volu\/#breadcrumb"},"inLanguage":"en-US","potentialAction":[{"@type":"ReadAction","target":["https:\/\/www.smedemokrati.sk\/hanba-parlamentu-od-4-septembra-ignoruju-pomoc-pre-deti-na-20-eur-pre-prvakov-nemaju-cas-ani-volu\/"]}]},{"@type":"ImageObject","inLanguage":"en-US","@id":"https:\/\/www.smedemokrati.sk\/hanba-parlamentu-od-4-septembra-ignoruju-pomoc-pre-deti-na-20-eur-pre-prvakov-nemaju-cas-ani-volu\/#primaryimage","url":"https:\/\/www.smedemokrati.sk\/wp-content\/uploads\/2026\/03\/vlada-kasle-na-deti.jpg","contentUrl":"https:\/\/www.smedemokrati.sk\/wp-content\/uploads\/2026\/03\/vlada-kasle-na-deti.jpg","width":1280,"height":720},{"@type":"BreadcrumbList","@id":"https:\/\/www.smedemokrati.sk\/hanba-parlamentu-od-4-septembra-ignoruju-pomoc-pre-deti-na-20-eur-pre-prvakov-nemaju-cas-ani-volu\/#breadcrumb","itemListElement":[{"@type":"ListItem","position":1,"name":"Domovsk\u00e1 str\u00e1nka","item":"https:\/\/www.smedemokrati.sk\/"},{"@type":"ListItem","position":2,"name":"Hanba parlamentu: Od 4. septembra ignoruj\u00fa pomoc pre deti. Na 20 eur pre prv\u00e1kov nemaj\u00fa \u010das ani v\u00f4\u013eu"}]},{"@type":"WebSite","@id":"https:\/\/www.smedemokrati.sk\/#website","url":"https:\/\/www.smedemokrati.sk\/","name":"Smedemokrati.sk","description":"Demokracia a slu\u0161nos\u0165 zv\u00ed\u0165az\u00ed","publisher":{"@id":"https:\/\/www.smedemokrati.sk\/#organization"},"potentialAction":[{"@type":"SearchAction","target":{"@type":"EntryPoint","urlTemplate":"https:\/\/www.smedemokrati.sk\/?s={search_term_string}"},"query-input":{"@type":"PropertyValueSpecification","valueRequired":true,"valueName":"search_term_string"}}],"inLanguage":"en-US"},{"@type":"Organization","@id":"https:\/\/www.smedemokrati.sk\/#organization","name":"Smedemokrati.sk","url":"https:\/\/www.smedemokrati.sk\/","logo":{"@type":"ImageObject","inLanguage":"en-US","@id":"https:\/\/www.smedemokrati.sk\/#\/schema\/logo\/image\/","url":"https:\/\/www.smedemokrati.sk\/wp-content\/uploads\/2023\/04\/ff.002.jpeg","contentUrl":"https:\/\/www.smedemokrati.sk\/wp-content\/uploads\/2023\/04\/ff.002.jpeg","width":640,"height":480,"caption":"Smedemokrati.sk"},"image":{"@id":"https:\/\/www.smedemokrati.sk\/#\/schema\/logo\/image\/"},"sameAs":["https:\/\/www.facebook.com\/smedemokrati2023"]},{"@type":"Person","@id":"https:\/\/www.smedemokrati.sk\/#\/schema\/person\/21f147c88d605aa7ded900e1e7c344ba","name":"miro.sopko","image":{"@type":"ImageObject","inLanguage":"en-US","@id":"https:\/\/secure.gravatar.com\/avatar\/267e4a36f704376c109afe3a78740c1f5dd8675a2180a908699e7863c9247606?s=96&d=mm&r=g","url":"https:\/\/secure.gravatar.com\/avatar\/267e4a36f704376c109afe3a78740c1f5dd8675a2180a908699e7863c9247606?s=96&d=mm&r=g","contentUrl":"https:\/\/secure.gravatar.com\/avatar\/267e4a36f704376c109afe3a78740c1f5dd8675a2180a908699e7863c9247606?s=96&d=mm&r=g","caption":"miro.sopko"},"url":"https:\/\/www.smedemokrati.sk\/en\/author\/miro-sopko\/"}]}},"_links":{"self":[{"href":"https:\/\/www.smedemokrati.sk\/en\/wp-json\/wp\/v2\/posts\/9037","targetHints":{"allow":["GET"]}}],"collection":[{"href":"https:\/\/www.smedemokrati.sk\/en\/wp-json\/wp\/v2\/posts"}],"about":[{"href":"https:\/\/www.smedemokrati.sk\/en\/wp-json\/wp\/v2\/types\/post"}],"author":[{"embeddable":true,"href":"https:\/\/www.smedemokrati.sk\/en\/wp-json\/wp\/v2\/users\/13"}],"replies":[{"embeddable":true,"href":"https:\/\/www.smedemokrati.sk\/en\/wp-json\/wp\/v2\/comments?post=9037"}],"version-history":[{"count":2,"href":"https:\/\/www.smedemokrati.sk\/en\/wp-json\/wp\/v2\/posts\/9037\/revisions"}],"predecessor-version":[{"id":9040,"href":"https:\/\/www.smedemokrati.sk\/en\/wp-json\/wp\/v2\/posts\/9037\/revisions\/9040"}],"wp:featuredmedia":[{"embeddable":true,"href":"https:\/\/www.smedemokrati.sk\/en\/wp-json\/wp\/v2\/media\/9038"}],"wp:attachment":[{"href":"https:\/\/www.smedemokrati.sk\/en\/wp-json\/wp\/v2\/media?parent=9037"}],"wp:term":[{"taxonomy":"category","embeddable":true,"href":"https:\/\/www.smedemokrati.sk\/en\/wp-json\/wp\/v2\/categories?post=9037"},{"taxonomy":"post_tag","embeddable":true,"href":"https:\/\/www.smedemokrati.sk\/en\/wp-json\/wp\/v2\/tags?post=9037"}],"curies":[{"name":"wp","href":"https:\/\/api.w.org\/{rel}","templated":true}]}}