{"id":9019,"date":"2026-03-13T20:52:03","date_gmt":"2026-03-13T19:52:03","guid":{"rendered":"https:\/\/www.smedemokrati.sk\/?p=9019"},"modified":"2026-03-13T20:52:04","modified_gmt":"2026-03-13T19:52:04","slug":"primator-presova-vyzyva-vladu-na-ochranu-pitnej-vody-pri-zonacii-narodneho-parku-poloniny","status":"publish","type":"post","link":"https:\/\/www.smedemokrati.sk\/en\/primator-presova-vyzyva-vladu-na-ochranu-pitnej-vody-pri-zonacii-narodneho-parku-poloniny\/","title":{"rendered":"Prim\u00e1tor Pre\u0161ova vyz\u00fdva vl\u00e1du na ochranu pitnej vody pri zon\u00e1cii N\u00e1rodn\u00e9ho parku Poloniny"},"content":{"rendered":"<div id=\"fb-root\"><\/div>\n\n<p><strong><u>Nemal\u00e1 \u010das\u0165 obyvate\u013eov mesta Pre\u0161ov je existen\u010dne z\u00e1visl\u00e1 od z\u00e1sobovania pitnou vodou z Vod\u00e1renskej n\u00e1dr\u017ee Starina. Prim\u00e1tor Franti\u0161ek O\u013eha (Demokrati) s obavami sleduje kritiku popredn\u00fdch vedeck\u00fdch in\u0161tit\u00faci\u00ed vo vz\u0165ahu k n\u00e1vrhu zon\u00e1cie N\u00e1rodn\u00e9ho parku Poloniny, kde sa Starina nach\u00e1dza a vyz\u00fdva vl\u00e1du Slovenskej republiky, aby nedopustila oslabenie jej ochrany.&nbsp;<\/u><\/strong><\/p>\n\n\n\n<p>Pitn\u00e1 voda zo Stariny je strategickou surovinou pre viac ako 645 000 obyvate\u013eov v 14 okresoch v\u00fdchodn\u00e9ho Slovenska. Tento k\u013e\u00fa\u010dov\u00fd zdroj z\u00e1sobuje celkovo 226 samospr\u00e1v vr\u00e1tane krajsk\u00fdch miest Pre\u0161ov a Ko\u0161ice, ale aj miest ako Snina, Humenn\u00e9, Vranov nad Top\u013eou \u010di Trebi\u0161ov. Hoci Pre\u0161ov vyu\u017e\u00edva aj zdroj Brezovica, samotn\u00e1 Starina dod\u00e1va 35 a\u017e 40 % celkov\u00e9ho objemu pitnej vody pre Pre\u0161ov aj Ko\u0161ice.<\/p>\n\n\n\n<p><em>\u201cSo znepokojen\u00edm vn\u00edmam aktu\u00e1lny n\u00e1vrh zon\u00e1cie N\u00e1rodn\u00e9ho parku Poloniny, ktor\u00fd presadzuje Ministerstvo \u017eivotn\u00e9ho prostredia SR, ke\u010f\u017ee pod\u013ea n\u00e1zoru odborn\u00edkov predstavuje hrozbu pre stabilitu tohto k\u013e\u00fa\u010dov\u00e9ho zdroja pitnej vody, ktor\u00fd je s\u00fa\u010das\u0165ou n\u00e1rodn\u00e9ho parku. Starina z\u00edskava vodu povrchovo z pri\u013eahl\u00fdch tokov. Preto je absol\u00fatne nevyhnutn\u00e9, aby \u0161t\u00e1t zabezpe\u010dil maxim\u00e1lnu, nie oslaben\u00fa ochranu jej povodia,\u201d&nbsp;<\/em>uv\u00e1dza Franti\u0161ek O\u013eha, prim\u00e1tor Pre\u0161ova.&nbsp;<\/p>\n\n\n\n<p>Podobne ako Pre\u0161ovsk\u00fd samospr\u00e1vny kraj a \u00dania miest Slovenska sa ob\u00e1vame zn\u00ed\u017eenia stup\u0148a ochrany pr\u00edrody na viac ako 1 700 hekt\u00e1roch v povod\u00ed Stariny, \u010do by umo\u017enilo okrem in\u00e9ho aplikova\u0165 chemick\u00e9 l\u00e1tky a hnojiv\u00e1, \u010di umiest\u0148ova\u0165 stavby v bl\u00edzkosti hlavn\u00fdch pr\u00edtokov do Stariny, kde by prioritou mala by\u0165 ochrana pitnej vody. Ak\u00e9ko\u013evek oslabovanie ochrany v tomto \u00fazem\u00ed zvy\u0161uje riziko pre kvalitu pitnej vody a bezpe\u010dnos\u0165 jej zdroja, \u010do je v rozpore s verejn\u00fdm z\u00e1ujmom.<\/p>\n\n\n\n<p><em>\u201cVarujeme pred naru\u0161en\u00edm prirodzen\u00e9ho vodn\u00e9ho re\u017eimu. D\u00e1ta s\u00fa alarmuj\u00face: pr\u00edtok vody do Stariny u\u017e dnes klesol o 19 %. Otv\u00e1ranie dver\u00ed zvy\u0161ovaniu intenzity hospod\u00e1rskych \u010dinnost\u00ed by mohlo sp\u00f4sobi\u0165 zhor\u0161enie infiltra\u010dn\u00fdch pomerov, er\u00f3ziu \u010di naru\u0161enie prirodzen\u00e9ho re\u017eimu prame\u0148ov. Ak m\u00e1 \u0161t\u00e1t garantova\u0165 bezpe\u010dnos\u0165 a kvalitu dod\u00e1vok vody, mus\u00ed chr\u00e1ni\u0165 Starinu ako celok \u2013 nielen samotn\u00fa hladinu n\u00e1dr\u017ee, ale cel\u00e9 jej povodie,\u201d<\/em>&nbsp;vysvet\u013euje enviroexpert Demokratov Michal Ki\u010da.&nbsp;<\/p>\n\n\n\n<p><em>\u201c\u017diadam vl\u00e1du Slovenskej republiky, ktor\u00e1 m\u00f4\u017ee o zon\u00e1cii \u010doskoro rozhodova\u0165, aby nedopustila oslabenie ochrany povodia tohto k\u013e\u00fa\u010dov\u00e9ho zdroja pitnej vody pre Slovensko a aby n\u00e1vrh prepracovala v s\u00falade s odpor\u00fa\u010daniami na\u0161ich popredn\u00fdch vedeck\u00fdch in\u0161tit\u00faci\u00ed, a to Slovenskej akad\u00e9mie vied a Pr\u00edrodoveckej fakulty Univerzity Komensk\u00e9ho,\u201d&nbsp;<\/em>uzavrel Frati\u0161ek O\u013eha.<\/p>\n","protected":false},"excerpt":{"rendered":"<p>Nemal\u00e1 \u010das\u0165 obyvate\u013eov mesta Pre\u0161ov je existen\u010dne z\u00e1visl\u00e1 od z\u00e1sobovania pitnou vodou z Vod\u00e1renskej n\u00e1dr\u017ee Starina. Prim\u00e1tor Franti\u0161ek O\u013eha (Demokrati) s obavami sleduje kritiku popredn\u00fdch vedeck\u00fdch in\u0161tit\u00faci\u00ed vo vz\u0165ahu k n\u00e1vrhu zon\u00e1cie N\u00e1rodn\u00e9ho parku Poloniny, kde sa Starina nach\u00e1dza a vyz\u00fdva vl\u00e1du Slovenskej republiky, aby nedopustila oslabenie jej ochrany.&nbsp; Pitn\u00e1 voda zo Stariny je strategickou [&hellip;]<\/p>\n","protected":false},"author":13,"featured_media":381,"comment_status":"closed","ping_status":"closed","sticky":false,"template":"","format":"standard","meta":{"_acf_changed":false,"ngg_post_thumbnail":0,"footnotes":""},"categories":[4],"tags":[],"class_list":["post-9019","post","type-post","status-publish","format-standard","has-post-thumbnail","hentry","category-tlacove-spravy"],"acf":[],"yoast_head":"<!-- This site is optimized with the Yoast SEO plugin v27.2 - https:\/\/yoast.com\/product\/yoast-seo-wordpress\/ -->\n<title>Prim\u00e1tor Pre\u0161ova vyz\u00fdva vl\u00e1du na ochranu pitnej vody pri zon\u00e1cii N\u00e1rodn\u00e9ho parku Poloniny<\/title>\n<meta name=\"robots\" content=\"index, follow, max-snippet:-1, max-image-preview:large, max-video-preview:-1\" \/>\n<link rel=\"canonical\" href=\"https:\/\/www.smedemokrati.sk\/en\/primator-presova-vyzyva-vladu-na-ochranu-pitnej-vody-pri-zonacii-narodneho-parku-poloniny\/\" \/>\n<meta property=\"og:locale\" content=\"en_US\" \/>\n<meta property=\"og:locale:alternate\" content=\"cs_CZ\" \/>\n<meta property=\"og:locale:alternate\" content=\"hu_HU\" \/>\n<meta property=\"og:locale:alternate\" content=\"sk_SK\" \/>\n<meta property=\"og:locale:alternate\" content=\"sv_SE\" \/>\n<meta property=\"og:type\" content=\"article\" \/>\n<meta property=\"og:title\" content=\"Prim\u00e1tor Pre\u0161ova vyz\u00fdva vl\u00e1du na ochranu pitnej vody pri zon\u00e1cii N\u00e1rodn\u00e9ho parku Poloniny\" \/>\n<meta property=\"og:description\" content=\"Nemal\u00e1 \u010das\u0165 obyvate\u013eov mesta Pre\u0161ov je existen\u010dne z\u00e1visl\u00e1 od z\u00e1sobovania pitnou vodou z Vod\u00e1renskej n\u00e1dr\u017ee Starina. Prim\u00e1tor Franti\u0161ek O\u013eha (Demokrati) s obavami sleduje kritiku popredn\u00fdch vedeck\u00fdch in\u0161tit\u00faci\u00ed vo vz\u0165ahu k n\u00e1vrhu zon\u00e1cie N\u00e1rodn\u00e9ho parku Poloniny, kde sa Starina nach\u00e1dza a vyz\u00fdva vl\u00e1du Slovenskej republiky, aby nedopustila oslabenie jej ochrany.&nbsp; Pitn\u00e1 voda zo Stariny je strategickou [&hellip;]\" \/>\n<meta property=\"og:url\" content=\"https:\/\/www.smedemokrati.sk\/en\/primator-presova-vyzyva-vladu-na-ochranu-pitnej-vody-pri-zonacii-narodneho-parku-poloniny\/\" \/>\n<meta property=\"og:site_name\" content=\"Smedemokrati.sk\" \/>\n<meta property=\"article:publisher\" content=\"https:\/\/www.facebook.com\/smedemokrati2023\" \/>\n<meta property=\"article:published_time\" content=\"2026-03-13T19:52:03+00:00\" \/>\n<meta property=\"article:modified_time\" content=\"2026-03-13T19:52:04+00:00\" \/>\n<meta property=\"og:image\" content=\"https:\/\/www.smedemokrati.sk\/wp-content\/uploads\/2023\/04\/FO.jpg\" \/>\n\t<meta property=\"og:image:width\" content=\"1520\" \/>\n\t<meta property=\"og:image:height\" content=\"1080\" \/>\n\t<meta property=\"og:image:type\" content=\"image\/jpeg\" \/>\n<meta name=\"author\" content=\"miro.sopko\" \/>\n<meta name=\"twitter:card\" content=\"summary_large_image\" \/>\n<meta name=\"twitter:label1\" content=\"Written by\" \/>\n\t<meta name=\"twitter:data1\" content=\"miro.sopko\" \/>\n\t<meta name=\"twitter:label2\" content=\"Est. reading time\" \/>\n\t<meta name=\"twitter:data2\" content=\"3 minutes\" \/>\n<script type=\"application\/ld+json\" class=\"yoast-schema-graph\">{\"@context\":\"https:\/\/schema.org\",\"@graph\":[{\"@type\":\"Article\",\"@id\":\"https:\/\/www.smedemokrati.sk\/primator-presova-vyzyva-vladu-na-ochranu-pitnej-vody-pri-zonacii-narodneho-parku-poloniny\/#article\",\"isPartOf\":{\"@id\":\"https:\/\/www.smedemokrati.sk\/primator-presova-vyzyva-vladu-na-ochranu-pitnej-vody-pri-zonacii-narodneho-parku-poloniny\/\"},\"author\":{\"name\":\"miro.sopko\",\"@id\":\"https:\/\/www.smedemokrati.sk\/#\/schema\/person\/21f147c88d605aa7ded900e1e7c344ba\"},\"headline\":\"Prim\u00e1tor Pre\u0161ova vyz\u00fdva vl\u00e1du na ochranu pitnej vody pri zon\u00e1cii N\u00e1rodn\u00e9ho parku Poloniny\",\"datePublished\":\"2026-03-13T19:52:03+00:00\",\"dateModified\":\"2026-03-13T19:52:04+00:00\",\"mainEntityOfPage\":{\"@id\":\"https:\/\/www.smedemokrati.sk\/primator-presova-vyzyva-vladu-na-ochranu-pitnej-vody-pri-zonacii-narodneho-parku-poloniny\/\"},\"wordCount\":509,\"publisher\":{\"@id\":\"https:\/\/www.smedemokrati.sk\/#organization\"},\"image\":{\"@id\":\"https:\/\/www.smedemokrati.sk\/primator-presova-vyzyva-vladu-na-ochranu-pitnej-vody-pri-zonacii-narodneho-parku-poloniny\/#primaryimage\"},\"thumbnailUrl\":\"https:\/\/www.smedemokrati.sk\/wp-content\/uploads\/2023\/04\/FO.jpg\",\"articleSection\":[\"Tla\u010dov\u00e9 spr\u00e1vy\"],\"inLanguage\":\"en-US\"},{\"@type\":\"WebPage\",\"@id\":\"https:\/\/www.smedemokrati.sk\/primator-presova-vyzyva-vladu-na-ochranu-pitnej-vody-pri-zonacii-narodneho-parku-poloniny\/\",\"url\":\"https:\/\/www.smedemokrati.sk\/primator-presova-vyzyva-vladu-na-ochranu-pitnej-vody-pri-zonacii-narodneho-parku-poloniny\/\",\"name\":\"Prim\u00e1tor Pre\u0161ova vyz\u00fdva vl\u00e1du na ochranu pitnej vody pri zon\u00e1cii N\u00e1rodn\u00e9ho parku Poloniny\",\"isPartOf\":{\"@id\":\"https:\/\/www.smedemokrati.sk\/#website\"},\"primaryImageOfPage\":{\"@id\":\"https:\/\/www.smedemokrati.sk\/primator-presova-vyzyva-vladu-na-ochranu-pitnej-vody-pri-zonacii-narodneho-parku-poloniny\/#primaryimage\"},\"image\":{\"@id\":\"https:\/\/www.smedemokrati.sk\/primator-presova-vyzyva-vladu-na-ochranu-pitnej-vody-pri-zonacii-narodneho-parku-poloniny\/#primaryimage\"},\"thumbnailUrl\":\"https:\/\/www.smedemokrati.sk\/wp-content\/uploads\/2023\/04\/FO.jpg\",\"datePublished\":\"2026-03-13T19:52:03+00:00\",\"dateModified\":\"2026-03-13T19:52:04+00:00\",\"breadcrumb\":{\"@id\":\"https:\/\/www.smedemokrati.sk\/primator-presova-vyzyva-vladu-na-ochranu-pitnej-vody-pri-zonacii-narodneho-parku-poloniny\/#breadcrumb\"},\"inLanguage\":\"en-US\",\"potentialAction\":[{\"@type\":\"ReadAction\",\"target\":[\"https:\/\/www.smedemokrati.sk\/primator-presova-vyzyva-vladu-na-ochranu-pitnej-vody-pri-zonacii-narodneho-parku-poloniny\/\"]}]},{\"@type\":\"ImageObject\",\"inLanguage\":\"en-US\",\"@id\":\"https:\/\/www.smedemokrati.sk\/primator-presova-vyzyva-vladu-na-ochranu-pitnej-vody-pri-zonacii-narodneho-parku-poloniny\/#primaryimage\",\"url\":\"https:\/\/www.smedemokrati.sk\/wp-content\/uploads\/2023\/04\/FO.jpg\",\"contentUrl\":\"https:\/\/www.smedemokrati.sk\/wp-content\/uploads\/2023\/04\/FO.jpg\",\"width\":1520,\"height\":1080},{\"@type\":\"BreadcrumbList\",\"@id\":\"https:\/\/www.smedemokrati.sk\/primator-presova-vyzyva-vladu-na-ochranu-pitnej-vody-pri-zonacii-narodneho-parku-poloniny\/#breadcrumb\",\"itemListElement\":[{\"@type\":\"ListItem\",\"position\":1,\"name\":\"Domovsk\u00e1 str\u00e1nka\",\"item\":\"https:\/\/www.smedemokrati.sk\/\"},{\"@type\":\"ListItem\",\"position\":2,\"name\":\"Prim\u00e1tor Pre\u0161ova vyz\u00fdva vl\u00e1du na ochranu pitnej vody pri zon\u00e1cii N\u00e1rodn\u00e9ho parku Poloniny\"}]},{\"@type\":\"WebSite\",\"@id\":\"https:\/\/www.smedemokrati.sk\/#website\",\"url\":\"https:\/\/www.smedemokrati.sk\/\",\"name\":\"Smedemokrati.sk\",\"description\":\"Demokracia a slu\u0161nos\u0165 zv\u00ed\u0165az\u00ed\",\"publisher\":{\"@id\":\"https:\/\/www.smedemokrati.sk\/#organization\"},\"potentialAction\":[{\"@type\":\"SearchAction\",\"target\":{\"@type\":\"EntryPoint\",\"urlTemplate\":\"https:\/\/www.smedemokrati.sk\/?s={search_term_string}\"},\"query-input\":{\"@type\":\"PropertyValueSpecification\",\"valueRequired\":true,\"valueName\":\"search_term_string\"}}],\"inLanguage\":\"en-US\"},{\"@type\":\"Organization\",\"@id\":\"https:\/\/www.smedemokrati.sk\/#organization\",\"name\":\"Smedemokrati.sk\",\"url\":\"https:\/\/www.smedemokrati.sk\/\",\"logo\":{\"@type\":\"ImageObject\",\"inLanguage\":\"en-US\",\"@id\":\"https:\/\/www.smedemokrati.sk\/#\/schema\/logo\/image\/\",\"url\":\"https:\/\/www.smedemokrati.sk\/wp-content\/uploads\/2023\/04\/ff.002.jpeg\",\"contentUrl\":\"https:\/\/www.smedemokrati.sk\/wp-content\/uploads\/2023\/04\/ff.002.jpeg\",\"width\":640,\"height\":480,\"caption\":\"Smedemokrati.sk\"},\"image\":{\"@id\":\"https:\/\/www.smedemokrati.sk\/#\/schema\/logo\/image\/\"},\"sameAs\":[\"https:\/\/www.facebook.com\/smedemokrati2023\"]},{\"@type\":\"Person\",\"@id\":\"https:\/\/www.smedemokrati.sk\/#\/schema\/person\/21f147c88d605aa7ded900e1e7c344ba\",\"name\":\"miro.sopko\",\"image\":{\"@type\":\"ImageObject\",\"inLanguage\":\"en-US\",\"@id\":\"https:\/\/secure.gravatar.com\/avatar\/267e4a36f704376c109afe3a78740c1f5dd8675a2180a908699e7863c9247606?s=96&d=mm&r=g\",\"url\":\"https:\/\/secure.gravatar.com\/avatar\/267e4a36f704376c109afe3a78740c1f5dd8675a2180a908699e7863c9247606?s=96&d=mm&r=g\",\"contentUrl\":\"https:\/\/secure.gravatar.com\/avatar\/267e4a36f704376c109afe3a78740c1f5dd8675a2180a908699e7863c9247606?s=96&d=mm&r=g\",\"caption\":\"miro.sopko\"},\"url\":\"https:\/\/www.smedemokrati.sk\/en\/author\/miro-sopko\/\"}]}<\/script>\n<!-- \/ Yoast SEO plugin. -->","yoast_head_json":{"title":"Prim\u00e1tor Pre\u0161ova vyz\u00fdva vl\u00e1du na ochranu pitnej vody pri zon\u00e1cii N\u00e1rodn\u00e9ho parku Poloniny","robots":{"index":"index","follow":"follow","max-snippet":"max-snippet:-1","max-image-preview":"max-image-preview:large","max-video-preview":"max-video-preview:-1"},"canonical":"https:\/\/www.smedemokrati.sk\/en\/primator-presova-vyzyva-vladu-na-ochranu-pitnej-vody-pri-zonacii-narodneho-parku-poloniny\/","og_locale":"en_US","og_type":"article","og_title":"[:sk]Prim\u00e1tor Pre\u0161ova vyz\u00fdva vl\u00e1du na ochranu pitnej vody pri zon\u00e1cii N\u00e1rodn\u00e9ho parku Poloniny[:] - Smedemokrati.sk","og_description":"Nemal\u00e1 \u010das\u0165 obyvate\u013eov mesta Pre\u0161ov je existen\u010dne z\u00e1visl\u00e1 od z\u00e1sobovania pitnou vodou z Vod\u00e1renskej n\u00e1dr\u017ee Starina. Prim\u00e1tor Franti\u0161ek O\u013eha (Demokrati) s obavami sleduje kritiku popredn\u00fdch vedeck\u00fdch in\u0161tit\u00faci\u00ed vo vz\u0165ahu k n\u00e1vrhu zon\u00e1cie N\u00e1rodn\u00e9ho parku Poloniny, kde sa Starina nach\u00e1dza a vyz\u00fdva vl\u00e1du Slovenskej republiky, aby nedopustila oslabenie jej ochrany.&nbsp; Pitn\u00e1 voda zo Stariny je strategickou [&hellip;]","og_url":"https:\/\/www.smedemokrati.sk\/en\/primator-presova-vyzyva-vladu-na-ochranu-pitnej-vody-pri-zonacii-narodneho-parku-poloniny\/","og_site_name":"Smedemokrati.sk","article_publisher":"https:\/\/www.facebook.com\/smedemokrati2023","article_published_time":"2026-03-13T19:52:03+00:00","article_modified_time":"2026-03-13T19:52:04+00:00","og_image":[{"width":1520,"height":1080,"url":"https:\/\/www.smedemokrati.sk\/wp-content\/uploads\/2023\/04\/FO.jpg","type":"image\/jpeg"}],"author":"miro.sopko","twitter_card":"summary_large_image","twitter_misc":{"Written by":"miro.sopko","Est. reading time":"3 minutes"},"schema":{"@context":"https:\/\/schema.org","@graph":[{"@type":"Article","@id":"https:\/\/www.smedemokrati.sk\/primator-presova-vyzyva-vladu-na-ochranu-pitnej-vody-pri-zonacii-narodneho-parku-poloniny\/#article","isPartOf":{"@id":"https:\/\/www.smedemokrati.sk\/primator-presova-vyzyva-vladu-na-ochranu-pitnej-vody-pri-zonacii-narodneho-parku-poloniny\/"},"author":{"name":"miro.sopko","@id":"https:\/\/www.smedemokrati.sk\/#\/schema\/person\/21f147c88d605aa7ded900e1e7c344ba"},"headline":"Prim\u00e1tor Pre\u0161ova vyz\u00fdva vl\u00e1du na ochranu pitnej vody pri zon\u00e1cii N\u00e1rodn\u00e9ho parku Poloniny","datePublished":"2026-03-13T19:52:03+00:00","dateModified":"2026-03-13T19:52:04+00:00","mainEntityOfPage":{"@id":"https:\/\/www.smedemokrati.sk\/primator-presova-vyzyva-vladu-na-ochranu-pitnej-vody-pri-zonacii-narodneho-parku-poloniny\/"},"wordCount":509,"publisher":{"@id":"https:\/\/www.smedemokrati.sk\/#organization"},"image":{"@id":"https:\/\/www.smedemokrati.sk\/primator-presova-vyzyva-vladu-na-ochranu-pitnej-vody-pri-zonacii-narodneho-parku-poloniny\/#primaryimage"},"thumbnailUrl":"https:\/\/www.smedemokrati.sk\/wp-content\/uploads\/2023\/04\/FO.jpg","articleSection":["Tla\u010dov\u00e9 spr\u00e1vy"],"inLanguage":"en-US"},{"@type":"WebPage","@id":"https:\/\/www.smedemokrati.sk\/primator-presova-vyzyva-vladu-na-ochranu-pitnej-vody-pri-zonacii-narodneho-parku-poloniny\/","url":"https:\/\/www.smedemokrati.sk\/primator-presova-vyzyva-vladu-na-ochranu-pitnej-vody-pri-zonacii-narodneho-parku-poloniny\/","name":"Prim\u00e1tor Pre\u0161ova vyz\u00fdva vl\u00e1du na ochranu pitnej vody pri zon\u00e1cii N\u00e1rodn\u00e9ho parku Poloniny","isPartOf":{"@id":"https:\/\/www.smedemokrati.sk\/#website"},"primaryImageOfPage":{"@id":"https:\/\/www.smedemokrati.sk\/primator-presova-vyzyva-vladu-na-ochranu-pitnej-vody-pri-zonacii-narodneho-parku-poloniny\/#primaryimage"},"image":{"@id":"https:\/\/www.smedemokrati.sk\/primator-presova-vyzyva-vladu-na-ochranu-pitnej-vody-pri-zonacii-narodneho-parku-poloniny\/#primaryimage"},"thumbnailUrl":"https:\/\/www.smedemokrati.sk\/wp-content\/uploads\/2023\/04\/FO.jpg","datePublished":"2026-03-13T19:52:03+00:00","dateModified":"2026-03-13T19:52:04+00:00","breadcrumb":{"@id":"https:\/\/www.smedemokrati.sk\/primator-presova-vyzyva-vladu-na-ochranu-pitnej-vody-pri-zonacii-narodneho-parku-poloniny\/#breadcrumb"},"inLanguage":"en-US","potentialAction":[{"@type":"ReadAction","target":["https:\/\/www.smedemokrati.sk\/primator-presova-vyzyva-vladu-na-ochranu-pitnej-vody-pri-zonacii-narodneho-parku-poloniny\/"]}]},{"@type":"ImageObject","inLanguage":"en-US","@id":"https:\/\/www.smedemokrati.sk\/primator-presova-vyzyva-vladu-na-ochranu-pitnej-vody-pri-zonacii-narodneho-parku-poloniny\/#primaryimage","url":"https:\/\/www.smedemokrati.sk\/wp-content\/uploads\/2023\/04\/FO.jpg","contentUrl":"https:\/\/www.smedemokrati.sk\/wp-content\/uploads\/2023\/04\/FO.jpg","width":1520,"height":1080},{"@type":"BreadcrumbList","@id":"https:\/\/www.smedemokrati.sk\/primator-presova-vyzyva-vladu-na-ochranu-pitnej-vody-pri-zonacii-narodneho-parku-poloniny\/#breadcrumb","itemListElement":[{"@type":"ListItem","position":1,"name":"Domovsk\u00e1 str\u00e1nka","item":"https:\/\/www.smedemokrati.sk\/"},{"@type":"ListItem","position":2,"name":"Prim\u00e1tor Pre\u0161ova vyz\u00fdva vl\u00e1du na ochranu pitnej vody pri zon\u00e1cii N\u00e1rodn\u00e9ho parku Poloniny"}]},{"@type":"WebSite","@id":"https:\/\/www.smedemokrati.sk\/#website","url":"https:\/\/www.smedemokrati.sk\/","name":"Smedemokrati.sk","description":"Demokracia a slu\u0161nos\u0165 zv\u00ed\u0165az\u00ed","publisher":{"@id":"https:\/\/www.smedemokrati.sk\/#organization"},"potentialAction":[{"@type":"SearchAction","target":{"@type":"EntryPoint","urlTemplate":"https:\/\/www.smedemokrati.sk\/?s={search_term_string}"},"query-input":{"@type":"PropertyValueSpecification","valueRequired":true,"valueName":"search_term_string"}}],"inLanguage":"en-US"},{"@type":"Organization","@id":"https:\/\/www.smedemokrati.sk\/#organization","name":"Smedemokrati.sk","url":"https:\/\/www.smedemokrati.sk\/","logo":{"@type":"ImageObject","inLanguage":"en-US","@id":"https:\/\/www.smedemokrati.sk\/#\/schema\/logo\/image\/","url":"https:\/\/www.smedemokrati.sk\/wp-content\/uploads\/2023\/04\/ff.002.jpeg","contentUrl":"https:\/\/www.smedemokrati.sk\/wp-content\/uploads\/2023\/04\/ff.002.jpeg","width":640,"height":480,"caption":"Smedemokrati.sk"},"image":{"@id":"https:\/\/www.smedemokrati.sk\/#\/schema\/logo\/image\/"},"sameAs":["https:\/\/www.facebook.com\/smedemokrati2023"]},{"@type":"Person","@id":"https:\/\/www.smedemokrati.sk\/#\/schema\/person\/21f147c88d605aa7ded900e1e7c344ba","name":"miro.sopko","image":{"@type":"ImageObject","inLanguage":"en-US","@id":"https:\/\/secure.gravatar.com\/avatar\/267e4a36f704376c109afe3a78740c1f5dd8675a2180a908699e7863c9247606?s=96&d=mm&r=g","url":"https:\/\/secure.gravatar.com\/avatar\/267e4a36f704376c109afe3a78740c1f5dd8675a2180a908699e7863c9247606?s=96&d=mm&r=g","contentUrl":"https:\/\/secure.gravatar.com\/avatar\/267e4a36f704376c109afe3a78740c1f5dd8675a2180a908699e7863c9247606?s=96&d=mm&r=g","caption":"miro.sopko"},"url":"https:\/\/www.smedemokrati.sk\/en\/author\/miro-sopko\/"}]}},"_links":{"self":[{"href":"https:\/\/www.smedemokrati.sk\/en\/wp-json\/wp\/v2\/posts\/9019","targetHints":{"allow":["GET"]}}],"collection":[{"href":"https:\/\/www.smedemokrati.sk\/en\/wp-json\/wp\/v2\/posts"}],"about":[{"href":"https:\/\/www.smedemokrati.sk\/en\/wp-json\/wp\/v2\/types\/post"}],"author":[{"embeddable":true,"href":"https:\/\/www.smedemokrati.sk\/en\/wp-json\/wp\/v2\/users\/13"}],"replies":[{"embeddable":true,"href":"https:\/\/www.smedemokrati.sk\/en\/wp-json\/wp\/v2\/comments?post=9019"}],"version-history":[{"count":1,"href":"https:\/\/www.smedemokrati.sk\/en\/wp-json\/wp\/v2\/posts\/9019\/revisions"}],"predecessor-version":[{"id":9020,"href":"https:\/\/www.smedemokrati.sk\/en\/wp-json\/wp\/v2\/posts\/9019\/revisions\/9020"}],"wp:featuredmedia":[{"embeddable":true,"href":"https:\/\/www.smedemokrati.sk\/en\/wp-json\/wp\/v2\/media\/381"}],"wp:attachment":[{"href":"https:\/\/www.smedemokrati.sk\/en\/wp-json\/wp\/v2\/media?parent=9019"}],"wp:term":[{"taxonomy":"category","embeddable":true,"href":"https:\/\/www.smedemokrati.sk\/en\/wp-json\/wp\/v2\/categories?post=9019"},{"taxonomy":"post_tag","embeddable":true,"href":"https:\/\/www.smedemokrati.sk\/en\/wp-json\/wp\/v2\/tags?post=9019"}],"curies":[{"name":"wp","href":"https:\/\/api.w.org\/{rel}","templated":true}]}}