{"id":8979,"date":"2026-03-09T13:08:28","date_gmt":"2026-03-09T12:08:28","guid":{"rendered":"https:\/\/www.smedemokrati.sk\/?p=8979"},"modified":"2026-03-09T13:09:30","modified_gmt":"2026-03-09T12:09:30","slug":"huliakovci-chcu-ludom-zobrat-aj-tych-par-drobnych-zo-zalohovania-vyzyvame-ich-nerobte-to","status":"publish","type":"post","link":"https:\/\/www.smedemokrati.sk\/en\/huliakovci-chcu-ludom-zobrat-aj-tych-par-drobnych-zo-zalohovania-vyzyvame-ich-nerobte-to\/","title":{"rendered":"Huliakovci chc\u00fa \u013eu\u010fom zobra\u0165 aj t\u00fdch p\u00e1r drobn\u00fdch zo z\u00e1lohovania, vyz\u00fdvame ich: nerobte to!"},"content":{"rendered":"<div id=\"fb-root\"><\/div>\n\n<p><strong>Koali\u010dn\u00fd poslanec z okruhu Rudolfa Huliaka Pavel \u013dupt\u00e1k predlo\u017eil novelu z\u00e1kona o z\u00e1lohovan\u00ed n\u00e1pojov\u00fdch obalov. Navrhuje, aby s\u00fa\u010dasn\u00fd spr\u00e1vca syst\u00e9mu ukon\u010dil \u010dinnos\u0165 a aby \u0161t\u00e1t od 1. janu\u00e1ra 2027 vybral nov\u00e9ho. Pod\u013ea strany Demokrati ide o neod\u00f4vodnen\u00fd z\u00e1sah, ktor\u00fd m\u00f4\u017ee destabilizova\u0165 jeden z naj\u00faspe\u0161nej\u0161\u00edch environment\u00e1lnych projektov na Slovensku.<\/strong><\/p>\n\n\n\n<p>\u201e<em>Z\u00e1lohovanie je jeden z m\u00e1la projektov, kde Slovensko patr\u00ed medzi eur\u00f3psku \u0161pi\u010dku. Syst\u00e9m funguje, n\u00e1vratnos\u0165 presahuje 90 percent a \u013eudia si n\u00edm \u010dasto prilep\u0161uj\u00fa o p\u00e1r eur. Je absurdn\u00e9, \u017ee pr\u00e1ve tento projekt sa Huliakovci rozhodli rozbi\u0165,<\/em>\u201c uviedol podpredseda Demokratov Michal Ki\u010da, ktor\u00fd stoj\u00ed za cel\u00fdm \u00faspe\u0161n\u00fdm projektom z\u00e1lohovania.&nbsp;<\/p>\n\n\n\n<p>\u013dupt\u00e1k n\u00e1vrh zd\u00f4vod\u0148uje \u00fadajne \u201epokrivenou hospod\u00e1rskou s\u00fa\u0165a\u017eou\u201c a \u201enestabilitou v\u00fdsledkov hospod\u00e1rskej \u010dinnosti\u201c. Pod\u013ea Demokratov v\u0161ak ide o ni\u010d\u00edm nepodlo\u017een\u00e9 tvrdenia.<\/p>\n\n\n\n<p>\u201e<em>Ak sa tento z\u00e1kon otvor\u00ed, hroz\u00ed lav\u00edna \u010fal\u0161\u00edch pozme\u0148uj\u00facich n\u00e1vrhov, ktor\u00e9 m\u00f4\u017eu syst\u00e9m \u00faplne rozvr\u00e1ti\u0165. Namiesto toho, aby vl\u00e1da chr\u00e1nila to, \u010do funguje, riskuje jeho zni\u010denie,<\/em>\u201c uviedol podpredseda Demokratov Juraj \u0160eliga. N\u00e1vrh je nebezpe\u010dn\u00fd aj v tom, \u017ee s\u00fa\u010dasn\u00fd syst\u00e9m z\u00e1lohovania, odbern\u00e9 miesta, v\u00fd\u0161ka z\u00e1loh, sp\u00f4sob jeho logistiky, nakladania s recykl\u00e1tom a financovania syst\u00e9mu by sa nastavoval nanovo u\u017e v gescii tejto vl\u00e1dy. M\u00f4\u017ee \u00eds\u0165 preto prakticky o zru\u0161enie z\u00e1lohovania v s\u00fa\u010dasnej podobe.<\/p>\n\n\n\n<p>Poslanec NR SR \u013dubom\u00edr Galko upozornil, \u017ee z\u00e1sah do funguj\u00faceho syst\u00e9mu m\u00f4\u017ee p\u00f4sobi\u0165 ako pokus o jeho mocensk\u00e9 ovl\u00e1dnutie.&nbsp;<em>\u201eAk chce niekto bez jasn\u00e9ho d\u00f4vodu meni\u0165 spr\u00e1vcu syst\u00e9mu, ktor\u00fd funguje a financuj\u00fa ho \u00fa\u010dastn\u00edci trhu, vyvol\u00e1va to v\u00e1\u017ene ot\u00e1zky o skuto\u010dn\u00fdch mot\u00edvoch,\u201c<\/em>&nbsp;povedal.<\/p>\n\n\n\n<p>Demokrati vyz\u00fdvaj\u00fa koal\u00edciu, aby s hazardovan\u00edm so z\u00e1lohov\u00fdm syst\u00e9mom okam\u017eite prestala a poslanca \u013dupt\u00e1ka, aby n\u00e1vrh z\u00e1kona stiahol. \u201e<em>Ak nie\u010do funguje, netreba to rozb\u00edja\u0165. Napokon, spomenie si Rudolf Huliak, ako mi do o\u010d\u00ed povedal, \u017ee ak sa n\u00e1m nie\u010do podarilo, tak to bolo pr\u00e1ve z\u00e1lohovanie? P\u00e1n Huliak, \u010do sa tak zrazu zmenilo?<\/em>\u201d uzavrel Michal Ki\u010da.<\/p>\n\n\n\n<figure class=\"wp-block-embed is-type-video is-provider-youtube wp-block-embed-youtube wp-embed-aspect-16-9 wp-has-aspect-ratio\"><div class=\"wp-block-embed__wrapper\">\n<iframe title=\"Huliakovci chc\u00fa \u013eu\u010fom zobra\u0165 aj t\u00fdch p\u00e1r drobn\u00fdch za f\u013ea\u0161e, vyz\u00fdvame ich: ruky pre\u010d od z\u00e1lohovania\" width=\"500\" height=\"281\" src=\"https:\/\/www.youtube.com\/embed\/anK6q7L6kag?feature=oembed\" frameborder=\"0\" allow=\"accelerometer; autoplay; clipboard-write; encrypted-media; gyroscope; picture-in-picture; web-share\" referrerpolicy=\"strict-origin-when-cross-origin\" allowfullscreen><\/iframe>\n<\/div><\/figure>\n","protected":false},"excerpt":{"rendered":"<p>Koali\u010dn\u00fd poslanec z okruhu Rudolfa Huliaka Pavel \u013dupt\u00e1k predlo\u017eil novelu z\u00e1kona o z\u00e1lohovan\u00ed n\u00e1pojov\u00fdch obalov. Navrhuje, aby s\u00fa\u010dasn\u00fd spr\u00e1vca syst\u00e9mu ukon\u010dil \u010dinnos\u0165 a aby \u0161t\u00e1t od 1. janu\u00e1ra 2027 vybral nov\u00e9ho. Pod\u013ea strany Demokrati ide o neod\u00f4vodnen\u00fd z\u00e1sah, ktor\u00fd m\u00f4\u017ee destabilizova\u0165 jeden z naj\u00faspe\u0161nej\u0161\u00edch environment\u00e1lnych projektov na Slovensku. \u201eZ\u00e1lohovanie je jeden z m\u00e1la projektov, kde [&hellip;]<\/p>\n","protected":false},"author":13,"featured_media":8980,"comment_status":"closed","ping_status":"closed","sticky":false,"template":"","format":"standard","meta":{"_acf_changed":false,"ngg_post_thumbnail":0,"footnotes":""},"categories":[4],"tags":[],"class_list":["post-8979","post","type-post","status-publish","format-standard","has-post-thumbnail","hentry","category-tlacove-spravy"],"acf":[],"yoast_head":"<!-- This site is optimized with the Yoast SEO plugin v27.2 - https:\/\/yoast.com\/product\/yoast-seo-wordpress\/ -->\n<title>Huliakovci chc\u00fa \u013eu\u010fom zobra\u0165 aj t\u00fdch p\u00e1r drobn\u00fdch zo z\u00e1lohovania, vyz\u00fdvame ich: nerobte to!<\/title>\n<meta name=\"robots\" content=\"index, follow, max-snippet:-1, max-image-preview:large, max-video-preview:-1\" \/>\n<link rel=\"canonical\" href=\"https:\/\/www.smedemokrati.sk\/en\/huliakovci-chcu-ludom-zobrat-aj-tych-par-drobnych-zo-zalohovania-vyzyvame-ich-nerobte-to\/\" \/>\n<meta property=\"og:locale\" content=\"en_US\" \/>\n<meta property=\"og:locale:alternate\" content=\"cs_CZ\" \/>\n<meta property=\"og:locale:alternate\" content=\"hu_HU\" \/>\n<meta property=\"og:locale:alternate\" content=\"sk_SK\" \/>\n<meta property=\"og:locale:alternate\" content=\"sv_SE\" \/>\n<meta property=\"og:type\" content=\"article\" \/>\n<meta property=\"og:title\" content=\"Huliakovci chc\u00fa \u013eu\u010fom zobra\u0165 aj t\u00fdch p\u00e1r drobn\u00fdch zo z\u00e1lohovania, vyz\u00fdvame ich: nerobte to!\" \/>\n<meta property=\"og:description\" content=\"Koali\u010dn\u00fd poslanec z okruhu Rudolfa Huliaka Pavel \u013dupt\u00e1k predlo\u017eil novelu z\u00e1kona o z\u00e1lohovan\u00ed n\u00e1pojov\u00fdch obalov. Navrhuje, aby s\u00fa\u010dasn\u00fd spr\u00e1vca syst\u00e9mu ukon\u010dil \u010dinnos\u0165 a aby \u0161t\u00e1t od 1. janu\u00e1ra 2027 vybral nov\u00e9ho. Pod\u013ea strany Demokrati ide o neod\u00f4vodnen\u00fd z\u00e1sah, ktor\u00fd m\u00f4\u017ee destabilizova\u0165 jeden z naj\u00faspe\u0161nej\u0161\u00edch environment\u00e1lnych projektov na Slovensku. \u201eZ\u00e1lohovanie je jeden z m\u00e1la projektov, kde [&hellip;]\" \/>\n<meta property=\"og:url\" content=\"https:\/\/www.smedemokrati.sk\/en\/huliakovci-chcu-ludom-zobrat-aj-tych-par-drobnych-zo-zalohovania-vyzyvame-ich-nerobte-to\/\" \/>\n<meta property=\"og:site_name\" content=\"Smedemokrati.sk\" \/>\n<meta property=\"article:publisher\" content=\"https:\/\/www.facebook.com\/smedemokrati2023\" \/>\n<meta property=\"article:published_time\" content=\"2026-03-09T12:08:28+00:00\" \/>\n<meta property=\"article:modified_time\" content=\"2026-03-09T12:09:30+00:00\" \/>\n<meta property=\"og:image\" content=\"https:\/\/www.smedemokrati.sk\/wp-content\/uploads\/2026\/03\/huliak-berie.jpg\" \/>\n\t<meta property=\"og:image:width\" content=\"1280\" \/>\n\t<meta property=\"og:image:height\" content=\"720\" \/>\n\t<meta property=\"og:image:type\" content=\"image\/jpeg\" \/>\n<meta name=\"author\" content=\"miro.sopko\" \/>\n<meta name=\"twitter:card\" content=\"summary_large_image\" \/>\n<meta name=\"twitter:label1\" content=\"Written by\" \/>\n\t<meta name=\"twitter:data1\" content=\"miro.sopko\" \/>\n\t<meta name=\"twitter:label2\" content=\"Est. reading time\" \/>\n\t<meta name=\"twitter:data2\" content=\"2 minutes\" \/>\n<script type=\"application\/ld+json\" class=\"yoast-schema-graph\">{\"@context\":\"https:\/\/schema.org\",\"@graph\":[{\"@type\":\"Article\",\"@id\":\"https:\/\/www.smedemokrati.sk\/huliakovci-chcu-ludom-zobrat-aj-tych-par-drobnych-zo-zalohovania-vyzyvame-ich-nerobte-to\/#article\",\"isPartOf\":{\"@id\":\"https:\/\/www.smedemokrati.sk\/huliakovci-chcu-ludom-zobrat-aj-tych-par-drobnych-zo-zalohovania-vyzyvame-ich-nerobte-to\/\"},\"author\":{\"name\":\"miro.sopko\",\"@id\":\"https:\/\/www.smedemokrati.sk\/#\/schema\/person\/21f147c88d605aa7ded900e1e7c344ba\"},\"headline\":\"Huliakovci chc\u00fa \u013eu\u010fom zobra\u0165 aj t\u00fdch p\u00e1r drobn\u00fdch zo z\u00e1lohovania, vyz\u00fdvame ich: nerobte to!\",\"datePublished\":\"2026-03-09T12:08:28+00:00\",\"dateModified\":\"2026-03-09T12:09:30+00:00\",\"mainEntityOfPage\":{\"@id\":\"https:\/\/www.smedemokrati.sk\/huliakovci-chcu-ludom-zobrat-aj-tych-par-drobnych-zo-zalohovania-vyzyvame-ich-nerobte-to\/\"},\"wordCount\":433,\"publisher\":{\"@id\":\"https:\/\/www.smedemokrati.sk\/#organization\"},\"image\":{\"@id\":\"https:\/\/www.smedemokrati.sk\/huliakovci-chcu-ludom-zobrat-aj-tych-par-drobnych-zo-zalohovania-vyzyvame-ich-nerobte-to\/#primaryimage\"},\"thumbnailUrl\":\"https:\/\/www.smedemokrati.sk\/wp-content\/uploads\/2026\/03\/huliak-berie.jpg\",\"articleSection\":[\"Tla\u010dov\u00e9 spr\u00e1vy\"],\"inLanguage\":\"en-US\"},{\"@type\":\"WebPage\",\"@id\":\"https:\/\/www.smedemokrati.sk\/huliakovci-chcu-ludom-zobrat-aj-tych-par-drobnych-zo-zalohovania-vyzyvame-ich-nerobte-to\/\",\"url\":\"https:\/\/www.smedemokrati.sk\/huliakovci-chcu-ludom-zobrat-aj-tych-par-drobnych-zo-zalohovania-vyzyvame-ich-nerobte-to\/\",\"name\":\"Huliakovci chc\u00fa \u013eu\u010fom zobra\u0165 aj t\u00fdch p\u00e1r drobn\u00fdch zo z\u00e1lohovania, vyz\u00fdvame ich: nerobte to!\",\"isPartOf\":{\"@id\":\"https:\/\/www.smedemokrati.sk\/#website\"},\"primaryImageOfPage\":{\"@id\":\"https:\/\/www.smedemokrati.sk\/huliakovci-chcu-ludom-zobrat-aj-tych-par-drobnych-zo-zalohovania-vyzyvame-ich-nerobte-to\/#primaryimage\"},\"image\":{\"@id\":\"https:\/\/www.smedemokrati.sk\/huliakovci-chcu-ludom-zobrat-aj-tych-par-drobnych-zo-zalohovania-vyzyvame-ich-nerobte-to\/#primaryimage\"},\"thumbnailUrl\":\"https:\/\/www.smedemokrati.sk\/wp-content\/uploads\/2026\/03\/huliak-berie.jpg\",\"datePublished\":\"2026-03-09T12:08:28+00:00\",\"dateModified\":\"2026-03-09T12:09:30+00:00\",\"breadcrumb\":{\"@id\":\"https:\/\/www.smedemokrati.sk\/huliakovci-chcu-ludom-zobrat-aj-tych-par-drobnych-zo-zalohovania-vyzyvame-ich-nerobte-to\/#breadcrumb\"},\"inLanguage\":\"en-US\",\"potentialAction\":[{\"@type\":\"ReadAction\",\"target\":[\"https:\/\/www.smedemokrati.sk\/huliakovci-chcu-ludom-zobrat-aj-tych-par-drobnych-zo-zalohovania-vyzyvame-ich-nerobte-to\/\"]}]},{\"@type\":\"ImageObject\",\"inLanguage\":\"en-US\",\"@id\":\"https:\/\/www.smedemokrati.sk\/huliakovci-chcu-ludom-zobrat-aj-tych-par-drobnych-zo-zalohovania-vyzyvame-ich-nerobte-to\/#primaryimage\",\"url\":\"https:\/\/www.smedemokrati.sk\/wp-content\/uploads\/2026\/03\/huliak-berie.jpg\",\"contentUrl\":\"https:\/\/www.smedemokrati.sk\/wp-content\/uploads\/2026\/03\/huliak-berie.jpg\",\"width\":1280,\"height\":720},{\"@type\":\"BreadcrumbList\",\"@id\":\"https:\/\/www.smedemokrati.sk\/huliakovci-chcu-ludom-zobrat-aj-tych-par-drobnych-zo-zalohovania-vyzyvame-ich-nerobte-to\/#breadcrumb\",\"itemListElement\":[{\"@type\":\"ListItem\",\"position\":1,\"name\":\"Domovsk\u00e1 str\u00e1nka\",\"item\":\"https:\/\/www.smedemokrati.sk\/\"},{\"@type\":\"ListItem\",\"position\":2,\"name\":\"Huliakovci chc\u00fa \u013eu\u010fom zobra\u0165 aj t\u00fdch p\u00e1r drobn\u00fdch zo z\u00e1lohovania, vyz\u00fdvame ich: nerobte to!\"}]},{\"@type\":\"WebSite\",\"@id\":\"https:\/\/www.smedemokrati.sk\/#website\",\"url\":\"https:\/\/www.smedemokrati.sk\/\",\"name\":\"Smedemokrati.sk\",\"description\":\"Demokracia a slu\u0161nos\u0165 zv\u00ed\u0165az\u00ed\",\"publisher\":{\"@id\":\"https:\/\/www.smedemokrati.sk\/#organization\"},\"potentialAction\":[{\"@type\":\"SearchAction\",\"target\":{\"@type\":\"EntryPoint\",\"urlTemplate\":\"https:\/\/www.smedemokrati.sk\/?s={search_term_string}\"},\"query-input\":{\"@type\":\"PropertyValueSpecification\",\"valueRequired\":true,\"valueName\":\"search_term_string\"}}],\"inLanguage\":\"en-US\"},{\"@type\":\"Organization\",\"@id\":\"https:\/\/www.smedemokrati.sk\/#organization\",\"name\":\"Smedemokrati.sk\",\"url\":\"https:\/\/www.smedemokrati.sk\/\",\"logo\":{\"@type\":\"ImageObject\",\"inLanguage\":\"en-US\",\"@id\":\"https:\/\/www.smedemokrati.sk\/#\/schema\/logo\/image\/\",\"url\":\"https:\/\/www.smedemokrati.sk\/wp-content\/uploads\/2023\/04\/ff.002.jpeg\",\"contentUrl\":\"https:\/\/www.smedemokrati.sk\/wp-content\/uploads\/2023\/04\/ff.002.jpeg\",\"width\":640,\"height\":480,\"caption\":\"Smedemokrati.sk\"},\"image\":{\"@id\":\"https:\/\/www.smedemokrati.sk\/#\/schema\/logo\/image\/\"},\"sameAs\":[\"https:\/\/www.facebook.com\/smedemokrati2023\"]},{\"@type\":\"Person\",\"@id\":\"https:\/\/www.smedemokrati.sk\/#\/schema\/person\/21f147c88d605aa7ded900e1e7c344ba\",\"name\":\"miro.sopko\",\"image\":{\"@type\":\"ImageObject\",\"inLanguage\":\"en-US\",\"@id\":\"https:\/\/secure.gravatar.com\/avatar\/267e4a36f704376c109afe3a78740c1f5dd8675a2180a908699e7863c9247606?s=96&d=mm&r=g\",\"url\":\"https:\/\/secure.gravatar.com\/avatar\/267e4a36f704376c109afe3a78740c1f5dd8675a2180a908699e7863c9247606?s=96&d=mm&r=g\",\"contentUrl\":\"https:\/\/secure.gravatar.com\/avatar\/267e4a36f704376c109afe3a78740c1f5dd8675a2180a908699e7863c9247606?s=96&d=mm&r=g\",\"caption\":\"miro.sopko\"},\"url\":\"https:\/\/www.smedemokrati.sk\/en\/author\/miro-sopko\/\"}]}<\/script>\n<!-- \/ Yoast SEO plugin. -->","yoast_head_json":{"title":"Huliakovci chc\u00fa \u013eu\u010fom zobra\u0165 aj t\u00fdch p\u00e1r drobn\u00fdch zo z\u00e1lohovania, vyz\u00fdvame ich: nerobte to!","robots":{"index":"index","follow":"follow","max-snippet":"max-snippet:-1","max-image-preview":"max-image-preview:large","max-video-preview":"max-video-preview:-1"},"canonical":"https:\/\/www.smedemokrati.sk\/en\/huliakovci-chcu-ludom-zobrat-aj-tych-par-drobnych-zo-zalohovania-vyzyvame-ich-nerobte-to\/","og_locale":"en_US","og_type":"article","og_title":"[:sk]Huliakovci chc\u00fa \u013eu\u010fom zobra\u0165 aj t\u00fdch p\u00e1r drobn\u00fdch zo z\u00e1lohovania, vyz\u00fdvame ich: nerobte to![:] - Smedemokrati.sk","og_description":"Koali\u010dn\u00fd poslanec z okruhu Rudolfa Huliaka Pavel \u013dupt\u00e1k predlo\u017eil novelu z\u00e1kona o z\u00e1lohovan\u00ed n\u00e1pojov\u00fdch obalov. Navrhuje, aby s\u00fa\u010dasn\u00fd spr\u00e1vca syst\u00e9mu ukon\u010dil \u010dinnos\u0165 a aby \u0161t\u00e1t od 1. janu\u00e1ra 2027 vybral nov\u00e9ho. Pod\u013ea strany Demokrati ide o neod\u00f4vodnen\u00fd z\u00e1sah, ktor\u00fd m\u00f4\u017ee destabilizova\u0165 jeden z naj\u00faspe\u0161nej\u0161\u00edch environment\u00e1lnych projektov na Slovensku. \u201eZ\u00e1lohovanie je jeden z m\u00e1la projektov, kde [&hellip;]","og_url":"https:\/\/www.smedemokrati.sk\/en\/huliakovci-chcu-ludom-zobrat-aj-tych-par-drobnych-zo-zalohovania-vyzyvame-ich-nerobte-to\/","og_site_name":"Smedemokrati.sk","article_publisher":"https:\/\/www.facebook.com\/smedemokrati2023","article_published_time":"2026-03-09T12:08:28+00:00","article_modified_time":"2026-03-09T12:09:30+00:00","og_image":[{"width":1280,"height":720,"url":"https:\/\/www.smedemokrati.sk\/wp-content\/uploads\/2026\/03\/huliak-berie.jpg","type":"image\/jpeg"}],"author":"miro.sopko","twitter_card":"summary_large_image","twitter_misc":{"Written by":"miro.sopko","Est. reading time":"2 minutes"},"schema":{"@context":"https:\/\/schema.org","@graph":[{"@type":"Article","@id":"https:\/\/www.smedemokrati.sk\/huliakovci-chcu-ludom-zobrat-aj-tych-par-drobnych-zo-zalohovania-vyzyvame-ich-nerobte-to\/#article","isPartOf":{"@id":"https:\/\/www.smedemokrati.sk\/huliakovci-chcu-ludom-zobrat-aj-tych-par-drobnych-zo-zalohovania-vyzyvame-ich-nerobte-to\/"},"author":{"name":"miro.sopko","@id":"https:\/\/www.smedemokrati.sk\/#\/schema\/person\/21f147c88d605aa7ded900e1e7c344ba"},"headline":"Huliakovci chc\u00fa \u013eu\u010fom zobra\u0165 aj t\u00fdch p\u00e1r drobn\u00fdch zo z\u00e1lohovania, vyz\u00fdvame ich: nerobte to!","datePublished":"2026-03-09T12:08:28+00:00","dateModified":"2026-03-09T12:09:30+00:00","mainEntityOfPage":{"@id":"https:\/\/www.smedemokrati.sk\/huliakovci-chcu-ludom-zobrat-aj-tych-par-drobnych-zo-zalohovania-vyzyvame-ich-nerobte-to\/"},"wordCount":433,"publisher":{"@id":"https:\/\/www.smedemokrati.sk\/#organization"},"image":{"@id":"https:\/\/www.smedemokrati.sk\/huliakovci-chcu-ludom-zobrat-aj-tych-par-drobnych-zo-zalohovania-vyzyvame-ich-nerobte-to\/#primaryimage"},"thumbnailUrl":"https:\/\/www.smedemokrati.sk\/wp-content\/uploads\/2026\/03\/huliak-berie.jpg","articleSection":["Tla\u010dov\u00e9 spr\u00e1vy"],"inLanguage":"en-US"},{"@type":"WebPage","@id":"https:\/\/www.smedemokrati.sk\/huliakovci-chcu-ludom-zobrat-aj-tych-par-drobnych-zo-zalohovania-vyzyvame-ich-nerobte-to\/","url":"https:\/\/www.smedemokrati.sk\/huliakovci-chcu-ludom-zobrat-aj-tych-par-drobnych-zo-zalohovania-vyzyvame-ich-nerobte-to\/","name":"Huliakovci chc\u00fa \u013eu\u010fom zobra\u0165 aj t\u00fdch p\u00e1r drobn\u00fdch zo z\u00e1lohovania, vyz\u00fdvame ich: nerobte to!","isPartOf":{"@id":"https:\/\/www.smedemokrati.sk\/#website"},"primaryImageOfPage":{"@id":"https:\/\/www.smedemokrati.sk\/huliakovci-chcu-ludom-zobrat-aj-tych-par-drobnych-zo-zalohovania-vyzyvame-ich-nerobte-to\/#primaryimage"},"image":{"@id":"https:\/\/www.smedemokrati.sk\/huliakovci-chcu-ludom-zobrat-aj-tych-par-drobnych-zo-zalohovania-vyzyvame-ich-nerobte-to\/#primaryimage"},"thumbnailUrl":"https:\/\/www.smedemokrati.sk\/wp-content\/uploads\/2026\/03\/huliak-berie.jpg","datePublished":"2026-03-09T12:08:28+00:00","dateModified":"2026-03-09T12:09:30+00:00","breadcrumb":{"@id":"https:\/\/www.smedemokrati.sk\/huliakovci-chcu-ludom-zobrat-aj-tych-par-drobnych-zo-zalohovania-vyzyvame-ich-nerobte-to\/#breadcrumb"},"inLanguage":"en-US","potentialAction":[{"@type":"ReadAction","target":["https:\/\/www.smedemokrati.sk\/huliakovci-chcu-ludom-zobrat-aj-tych-par-drobnych-zo-zalohovania-vyzyvame-ich-nerobte-to\/"]}]},{"@type":"ImageObject","inLanguage":"en-US","@id":"https:\/\/www.smedemokrati.sk\/huliakovci-chcu-ludom-zobrat-aj-tych-par-drobnych-zo-zalohovania-vyzyvame-ich-nerobte-to\/#primaryimage","url":"https:\/\/www.smedemokrati.sk\/wp-content\/uploads\/2026\/03\/huliak-berie.jpg","contentUrl":"https:\/\/www.smedemokrati.sk\/wp-content\/uploads\/2026\/03\/huliak-berie.jpg","width":1280,"height":720},{"@type":"BreadcrumbList","@id":"https:\/\/www.smedemokrati.sk\/huliakovci-chcu-ludom-zobrat-aj-tych-par-drobnych-zo-zalohovania-vyzyvame-ich-nerobte-to\/#breadcrumb","itemListElement":[{"@type":"ListItem","position":1,"name":"Domovsk\u00e1 str\u00e1nka","item":"https:\/\/www.smedemokrati.sk\/"},{"@type":"ListItem","position":2,"name":"Huliakovci chc\u00fa \u013eu\u010fom zobra\u0165 aj t\u00fdch p\u00e1r drobn\u00fdch zo z\u00e1lohovania, vyz\u00fdvame ich: nerobte to!"}]},{"@type":"WebSite","@id":"https:\/\/www.smedemokrati.sk\/#website","url":"https:\/\/www.smedemokrati.sk\/","name":"Smedemokrati.sk","description":"Demokracia a slu\u0161nos\u0165 zv\u00ed\u0165az\u00ed","publisher":{"@id":"https:\/\/www.smedemokrati.sk\/#organization"},"potentialAction":[{"@type":"SearchAction","target":{"@type":"EntryPoint","urlTemplate":"https:\/\/www.smedemokrati.sk\/?s={search_term_string}"},"query-input":{"@type":"PropertyValueSpecification","valueRequired":true,"valueName":"search_term_string"}}],"inLanguage":"en-US"},{"@type":"Organization","@id":"https:\/\/www.smedemokrati.sk\/#organization","name":"Smedemokrati.sk","url":"https:\/\/www.smedemokrati.sk\/","logo":{"@type":"ImageObject","inLanguage":"en-US","@id":"https:\/\/www.smedemokrati.sk\/#\/schema\/logo\/image\/","url":"https:\/\/www.smedemokrati.sk\/wp-content\/uploads\/2023\/04\/ff.002.jpeg","contentUrl":"https:\/\/www.smedemokrati.sk\/wp-content\/uploads\/2023\/04\/ff.002.jpeg","width":640,"height":480,"caption":"Smedemokrati.sk"},"image":{"@id":"https:\/\/www.smedemokrati.sk\/#\/schema\/logo\/image\/"},"sameAs":["https:\/\/www.facebook.com\/smedemokrati2023"]},{"@type":"Person","@id":"https:\/\/www.smedemokrati.sk\/#\/schema\/person\/21f147c88d605aa7ded900e1e7c344ba","name":"miro.sopko","image":{"@type":"ImageObject","inLanguage":"en-US","@id":"https:\/\/secure.gravatar.com\/avatar\/267e4a36f704376c109afe3a78740c1f5dd8675a2180a908699e7863c9247606?s=96&d=mm&r=g","url":"https:\/\/secure.gravatar.com\/avatar\/267e4a36f704376c109afe3a78740c1f5dd8675a2180a908699e7863c9247606?s=96&d=mm&r=g","contentUrl":"https:\/\/secure.gravatar.com\/avatar\/267e4a36f704376c109afe3a78740c1f5dd8675a2180a908699e7863c9247606?s=96&d=mm&r=g","caption":"miro.sopko"},"url":"https:\/\/www.smedemokrati.sk\/en\/author\/miro-sopko\/"}]}},"_links":{"self":[{"href":"https:\/\/www.smedemokrati.sk\/en\/wp-json\/wp\/v2\/posts\/8979","targetHints":{"allow":["GET"]}}],"collection":[{"href":"https:\/\/www.smedemokrati.sk\/en\/wp-json\/wp\/v2\/posts"}],"about":[{"href":"https:\/\/www.smedemokrati.sk\/en\/wp-json\/wp\/v2\/types\/post"}],"author":[{"embeddable":true,"href":"https:\/\/www.smedemokrati.sk\/en\/wp-json\/wp\/v2\/users\/13"}],"replies":[{"embeddable":true,"href":"https:\/\/www.smedemokrati.sk\/en\/wp-json\/wp\/v2\/comments?post=8979"}],"version-history":[{"count":1,"href":"https:\/\/www.smedemokrati.sk\/en\/wp-json\/wp\/v2\/posts\/8979\/revisions"}],"predecessor-version":[{"id":8981,"href":"https:\/\/www.smedemokrati.sk\/en\/wp-json\/wp\/v2\/posts\/8979\/revisions\/8981"}],"wp:featuredmedia":[{"embeddable":true,"href":"https:\/\/www.smedemokrati.sk\/en\/wp-json\/wp\/v2\/media\/8980"}],"wp:attachment":[{"href":"https:\/\/www.smedemokrati.sk\/en\/wp-json\/wp\/v2\/media?parent=8979"}],"wp:term":[{"taxonomy":"category","embeddable":true,"href":"https:\/\/www.smedemokrati.sk\/en\/wp-json\/wp\/v2\/categories?post=8979"},{"taxonomy":"post_tag","embeddable":true,"href":"https:\/\/www.smedemokrati.sk\/en\/wp-json\/wp\/v2\/tags?post=8979"}],"curies":[{"name":"wp","href":"https:\/\/api.w.org\/{rel}","templated":true}]}}